{"id":9992,"date":"2026-04-28T19:55:32","date_gmt":"2026-04-28T19:55:32","guid":{"rendered":"https:\/\/sintramem-sv.org.br\/sintramem\/?p=9992"},"modified":"2026-04-28T21:28:20","modified_gmt":"2026-04-28T21:28:20","slug":"adicional-de-pos-graduacoes-sintramem-cobra-cumprimento-de-decisao-judicial-e-aciona-justica-contra-prefeitura-de-sao-vicente","status":"publish","type":"post","link":"https:\/\/sintramem-sv.org.br\/sintramem\/adicional-de-pos-graduacoes-sintramem-cobra-cumprimento-de-decisao-judicial-e-aciona-justica-contra-prefeitura-de-sao-vicente\/","title":{"rendered":"Adicional de P\u00f3s-Gradua\u00e7\u00f5es | SINTRAMEM cobra cumprimento de decis\u00e3o judicial e aciona Justi\u00e7a contra Prefeitura de S\u00e3o Vicente"},"content":{"rendered":"<p><span style=\"font-size: 14pt;\">A Prefeitura de S\u00e3o Vicente descumpriu a decis\u00e3o judicial que determinava o pagamento de progress\u00e3o por p\u00f3s-gradua\u00e7\u00e3o a Servidores da Educa\u00e7\u00e3o municipal. Imediatamente, o <span style=\"color: #ff0000;\"><strong>SINTRAMEM<\/strong> <\/span>entrou em contato com a Administra\u00e7\u00e3o, que sinalizou o cumprimento da ordem. No dia 1\u00ba de abril, ainda como medida preventiva, o Sindicato protocolou um pedido extrajudicial de cumprimento da senten\u00e7a. A partir da\u00ed, come\u00e7aram reuni\u00f5es sucessivas com a Secretaria de Educa\u00e7\u00e3o e com as sedes administrativas, num total de ao menos tr\u00eas encontros com cada uma. A Administra\u00e7\u00e3o, ent\u00e3o, passou a requisitar informa\u00e7\u00f5es das unidades escolares, mas os avan\u00e7os foram insuficientes.<\/span><\/p>\n<p><span style=\"font-size: 14pt;\"><span style=\"color: #ffffff; background-color: #ff0000;\"><strong><span style=\"font-size: 18pt; background-color: #ff0000;\">O IMPASSE: QUEM TEM DIREITO AO PAGAMENTO?<\/span><\/strong><\/span><\/span><\/p>\n<p><span style=\"font-size: 14pt;\">A principal diverg\u00eancia entre as partes envolvia a abrang\u00eancia do benef\u00edcio. Enquanto a Prefeitura defendia que apenas Servidores que haviam protocolado pessoalmente o pedido teriam direito, o <span style=\"color: #ff0000;\"><strong>SINTRAMEM<\/strong> <\/span>sustentava &#8211; com base no artigo 806 da legisla\u00e7\u00e3o municipal &#8211; que todos os trabalhadores que apresentaram a documenta\u00e7\u00e3o nas Escolas j\u00e1 cumpriram a exig\u00eancia. O Sindicato levou o entendimento \u00e0 Secretaria de Educa\u00e7\u00e3o e a Secretaria de Gest\u00e3o, conseguindo desfazer \u201cn\u00f3s\u201d internos &#8211; alguns deles envolvendo Servidores de carreira que, por desconhecimento ou resist\u00eancia, dificultavam a interpreta\u00e7\u00e3o correta da lei.<\/span><\/p>\n<p><span style=\"font-size: 18pt; color: #ffffff; background-color: #333333;\"><strong>REA\u00c7\u00c3O DO SINDICATO: MULTA DE R$ 10 MIL POR DIA<\/strong><\/span><\/p>\n<p><span style=\"font-size: 14pt;\">Diante da morosidade da Administra\u00e7\u00e3o, que chegou a pedir tr\u00eas meses para regularizar os pagamentos e solicitou nova audi\u00eancia com o juiz, o <span style=\"color: #ff0000;\"><strong>SINTRAMEM<\/strong> <\/span>levou o caso de volta ao Judici\u00e1rio. O Sindicato organizou uma lista com nomes de todos os Servidores que comprovadamente t\u00eam direito ao benef\u00edcio, utilizando dados dos \u00faltimos tr\u00eas anos de atribui\u00e7\u00e3o, e ofereceu ao juiz como prova documental. Ao mesmo tempo, requereu uma multa di\u00e1ria de R$ 10 mil pelo descumprimento da decis\u00e3o original e pediu o pagamento imediato. <\/span><\/p>\n<p><span style=\"font-size: 14pt;\"><span style=\"background-color: #ffff00;\"><strong>Aten\u00e7\u00e3o: quem ainda n\u00e3o entrou com a\u00e7\u00e3o individual deve procurar o Sindicato pelo WhatsApp <a href=\"https:\/\/wa.me\/5513997678241\" target=\"_blank\" rel=\"noopener\">(13) 99767.8241\u00a0<\/a>e agendar com o advogado<\/strong><\/span>. Isso \u00e9 fundamental para garantir o retroativo, j\u00e1 que a a\u00e7\u00e3o coletiva n\u00e3o assegura esse direito. <span style=\"text-decoration: underline;\"><strong>Para Servidores associados, n\u00e3o h\u00e1 custo<\/strong><\/span>.<\/span><\/p>\n<p><strong><span style=\"font-size: 18pt;\"><span class=\"emoji x1rg5ohu x16dsc37 x19la9d6 x1fc57z9 x6ikm8r x10wlt62 x19co3pv x11tp94h xw4jnvo x1qx5ct2 xfibh0p xiy17q3 x1xsqp64 x1lkfr7t xexx8yu xyri2b x18d9i69 x1c1uobl\"><span class=\"xrtxmta x1bhl96m\">&#x23ef;&#xfe0f; <\/span><\/span>ASSISTA AO V\u00cdDEO<\/span><\/strong><\/p>\n<p><iframe loading=\"lazy\" title=\"Adicional de P\u00f3s-Gradua\u00e7\u00f5es | SINTRAMEM cobra cumprimento de decis\u00e3o judicial. Confira os detalhes!\" width=\"1170\" height=\"658\" src=\"https:\/\/www.youtube.com\/embed\/6UTnhVfJVvU?feature=oembed\" frameborder=\"0\" allow=\"accelerometer; autoplay; clipboard-write; encrypted-media; gyroscope; picture-in-picture; web-share\" referrerpolicy=\"strict-origin-when-cross-origin\" allowfullscreen><\/iframe><\/p>\n","protected":false},"excerpt":{"rendered":"<p>A Prefeitura de S\u00e3o Vicente descumpriu a decis\u00e3o judicial que determinava o pagamento de progress\u00e3o por p\u00f3s-gradua\u00e7\u00e3o a Servidores da Educa\u00e7\u00e3o municipal. Imediatamente, o SINTRAMEM entrou em contato com a Administra\u00e7\u00e3o, que sinalizou o cumprimento da ordem. No dia 1\u00ba de abril, ainda como medida preventiva, o Sindicato protocolou um pedido extrajudicial de cumprimento da&hellip;<\/p>\n","protected":false},"author":1,"featured_media":9996,"comment_status":"open","ping_status":"closed","sticky":false,"template":"","format":"standard","meta":{"_monsterinsights_skip_tracking":false,"_monsterinsights_sitenote_active":false,"_monsterinsights_sitenote_note":"","_monsterinsights_sitenote_category":0,"footnotes":""},"categories":[1],"tags":[],"class_list":["post-9992","post","type-post","status-publish","format-standard","has-post-thumbnail","hentry","category-sintramem-sintramem"],"yoast_head":"<!-- This site is optimized with the Yoast SEO plugin v27.0 - https:\/\/yoast.com\/product\/yoast-seo-wordpress\/ -->\n<title>Adicional de P\u00f3s-Gradua\u00e7\u00f5es | SINTRAMEM cobra cumprimento de decis\u00e3o judicial e aciona Justi\u00e7a contra Prefeitura de S\u00e3o Vicente - SINTRAMEM<\/title>\n<meta name=\"robots\" content=\"index, follow, max-snippet:-1, max-image-preview:large, max-video-preview:-1\" \/>\n<link rel=\"canonical\" href=\"https:\/\/sintramem-sv.org.br\/sintramem\/adicional-de-pos-graduacoes-sintramem-cobra-cumprimento-de-decisao-judicial-e-aciona-justica-contra-prefeitura-de-sao-vicente\/\" \/>\n<meta property=\"og:locale\" content=\"pt_BR\" \/>\n<meta property=\"og:type\" content=\"article\" \/>\n<meta property=\"og:title\" content=\"Adicional de P\u00f3s-Gradua\u00e7\u00f5es | SINTRAMEM cobra cumprimento de decis\u00e3o judicial e aciona Justi\u00e7a contra Prefeitura de S\u00e3o Vicente - SINTRAMEM\" \/>\n<meta property=\"og:description\" content=\"A Prefeitura de S\u00e3o Vicente descumpriu a decis\u00e3o judicial que determinava o pagamento de progress\u00e3o por p\u00f3s-gradua\u00e7\u00e3o a Servidores da Educa\u00e7\u00e3o municipal. Imediatamente, o SINTRAMEM entrou em contato com a Administra\u00e7\u00e3o, que sinalizou o cumprimento da ordem. No dia 1\u00ba de abril, ainda como medida preventiva, o Sindicato protocolou um pedido extrajudicial de cumprimento da&hellip;\" \/>\n<meta property=\"og:url\" content=\"https:\/\/sintramem-sv.org.br\/sintramem\/adicional-de-pos-graduacoes-sintramem-cobra-cumprimento-de-decisao-judicial-e-aciona-justica-contra-prefeitura-de-sao-vicente\/\" \/>\n<meta property=\"og:site_name\" content=\"SINTRAMEM\" \/>\n<meta property=\"article:published_time\" content=\"2026-04-28T19:55:32+00:00\" \/>\n<meta property=\"article:modified_time\" content=\"2026-04-28T21:28:20+00:00\" \/>\n<meta property=\"og:image\" content=\"https:\/\/sintramem-sv.org.br\/sintramem\/wp-content\/uploads\/2000\/04\/menor-3.webp\" \/>\n\t<meta property=\"og:image:width\" content=\"1294\" \/>\n\t<meta property=\"og:image:height\" content=\"720\" \/>\n\t<meta property=\"og:image:type\" content=\"image\/webp\" \/>\n<meta name=\"author\" content=\"sintramem\" \/>\n<meta name=\"twitter:card\" content=\"summary_large_image\" \/>\n<meta name=\"twitter:label1\" content=\"Escrito por\" \/>\n\t<meta name=\"twitter:data1\" content=\"sintramem\" \/>\n\t<meta name=\"twitter:label2\" content=\"Est. tempo de leitura\" \/>\n\t<meta name=\"twitter:data2\" content=\"3 minutos\" \/>\n<script type=\"application\/ld+json\" class=\"yoast-schema-graph\">{\"@context\":\"https:\/\/schema.org\",\"@graph\":[{\"@type\":\"Article\",\"@id\":\"https:\/\/sintramem-sv.org.br\/sintramem\/adicional-de-pos-graduacoes-sintramem-cobra-cumprimento-de-decisao-judicial-e-aciona-justica-contra-prefeitura-de-sao-vicente\/#article\",\"isPartOf\":{\"@id\":\"https:\/\/sintramem-sv.org.br\/sintramem\/adicional-de-pos-graduacoes-sintramem-cobra-cumprimento-de-decisao-judicial-e-aciona-justica-contra-prefeitura-de-sao-vicente\/\"},\"author\":{\"name\":\"sintramem\",\"@id\":\"https:\/\/sintramem-sv.org.br\/sintramem\/#\/schema\/person\/a8decb8ea63607d1e01e046c95ddcf2b\"},\"headline\":\"Adicional de P\u00f3s-Gradua\u00e7\u00f5es | SINTRAMEM cobra cumprimento de decis\u00e3o judicial e aciona Justi\u00e7a contra Prefeitura de S\u00e3o Vicente\",\"datePublished\":\"2026-04-28T19:55:32+00:00\",\"dateModified\":\"2026-04-28T21:28:20+00:00\",\"mainEntityOfPage\":{\"@id\":\"https:\/\/sintramem-sv.org.br\/sintramem\/adicional-de-pos-graduacoes-sintramem-cobra-cumprimento-de-decisao-judicial-e-aciona-justica-contra-prefeitura-de-sao-vicente\/\"},\"wordCount\":405,\"commentCount\":0,\"publisher\":{\"@id\":\"https:\/\/sintramem-sv.org.br\/sintramem\/#organization\"},\"image\":{\"@id\":\"https:\/\/sintramem-sv.org.br\/sintramem\/adicional-de-pos-graduacoes-sintramem-cobra-cumprimento-de-decisao-judicial-e-aciona-justica-contra-prefeitura-de-sao-vicente\/#primaryimage\"},\"thumbnailUrl\":\"https:\/\/sintramem-sv.org.br\/sintramem\/wp-content\/uploads\/2000\/04\/Destacada-Pos-graduacao.png\",\"articleSection\":[\"sintramem\"],\"inLanguage\":\"pt-BR\",\"potentialAction\":[{\"@type\":\"CommentAction\",\"name\":\"Comment\",\"target\":[\"https:\/\/sintramem-sv.org.br\/sintramem\/adicional-de-pos-graduacoes-sintramem-cobra-cumprimento-de-decisao-judicial-e-aciona-justica-contra-prefeitura-de-sao-vicente\/#respond\"]}]},{\"@type\":\"WebPage\",\"@id\":\"https:\/\/sintramem-sv.org.br\/sintramem\/adicional-de-pos-graduacoes-sintramem-cobra-cumprimento-de-decisao-judicial-e-aciona-justica-contra-prefeitura-de-sao-vicente\/\",\"url\":\"https:\/\/sintramem-sv.org.br\/sintramem\/adicional-de-pos-graduacoes-sintramem-cobra-cumprimento-de-decisao-judicial-e-aciona-justica-contra-prefeitura-de-sao-vicente\/\",\"name\":\"Adicional de P\u00f3s-Gradua\u00e7\u00f5es | SINTRAMEM cobra cumprimento de decis\u00e3o judicial e aciona Justi\u00e7a contra Prefeitura de S\u00e3o Vicente - SINTRAMEM\",\"isPartOf\":{\"@id\":\"https:\/\/sintramem-sv.org.br\/sintramem\/#website\"},\"primaryImageOfPage\":{\"@id\":\"https:\/\/sintramem-sv.org.br\/sintramem\/adicional-de-pos-graduacoes-sintramem-cobra-cumprimento-de-decisao-judicial-e-aciona-justica-contra-prefeitura-de-sao-vicente\/#primaryimage\"},\"image\":{\"@id\":\"https:\/\/sintramem-sv.org.br\/sintramem\/adicional-de-pos-graduacoes-sintramem-cobra-cumprimento-de-decisao-judicial-e-aciona-justica-contra-prefeitura-de-sao-vicente\/#primaryimage\"},\"thumbnailUrl\":\"https:\/\/sintramem-sv.org.br\/sintramem\/wp-content\/uploads\/2000\/04\/Destacada-Pos-graduacao.png\",\"datePublished\":\"2026-04-28T19:55:32+00:00\",\"dateModified\":\"2026-04-28T21:28:20+00:00\",\"breadcrumb\":{\"@id\":\"https:\/\/sintramem-sv.org.br\/sintramem\/adicional-de-pos-graduacoes-sintramem-cobra-cumprimento-de-decisao-judicial-e-aciona-justica-contra-prefeitura-de-sao-vicente\/#breadcrumb\"},\"inLanguage\":\"pt-BR\",\"potentialAction\":[{\"@type\":\"ReadAction\",\"target\":[\"https:\/\/sintramem-sv.org.br\/sintramem\/adicional-de-pos-graduacoes-sintramem-cobra-cumprimento-de-decisao-judicial-e-aciona-justica-contra-prefeitura-de-sao-vicente\/\"]}]},{\"@type\":\"ImageObject\",\"inLanguage\":\"pt-BR\",\"@id\":\"https:\/\/sintramem-sv.org.br\/sintramem\/adicional-de-pos-graduacoes-sintramem-cobra-cumprimento-de-decisao-judicial-e-aciona-justica-contra-prefeitura-de-sao-vicente\/#primaryimage\",\"url\":\"https:\/\/sintramem-sv.org.br\/sintramem\/wp-content\/uploads\/2000\/04\/Destacada-Pos-graduacao.png\",\"contentUrl\":\"https:\/\/sintramem-sv.org.br\/sintramem\/wp-content\/uploads\/2000\/04\/Destacada-Pos-graduacao.png\",\"width\":1294,\"height\":720},{\"@type\":\"BreadcrumbList\",\"@id\":\"https:\/\/sintramem-sv.org.br\/sintramem\/adicional-de-pos-graduacoes-sintramem-cobra-cumprimento-de-decisao-judicial-e-aciona-justica-contra-prefeitura-de-sao-vicente\/#breadcrumb\",\"itemListElement\":[{\"@type\":\"ListItem\",\"position\":1,\"name\":\"In\u00edcio\",\"item\":\"https:\/\/sintramem-sv.org.br\/sintramem\/\"},{\"@type\":\"ListItem\",\"position\":2,\"name\":\"Adicional de P\u00f3s-Gradua\u00e7\u00f5es | SINTRAMEM cobra cumprimento de decis\u00e3o judicial e aciona Justi\u00e7a contra Prefeitura de S\u00e3o Vicente\"}]},{\"@type\":\"WebSite\",\"@id\":\"https:\/\/sintramem-sv.org.br\/sintramem\/#website\",\"url\":\"https:\/\/sintramem-sv.org.br\/sintramem\/\",\"name\":\"SINTRAMEM\",\"description\":\"Sindicato dos Trabalhadores no Magist\u00e9rio e na Educa\u00e7\u00e3o de S\u00e3o Vicente\",\"publisher\":{\"@id\":\"https:\/\/sintramem-sv.org.br\/sintramem\/#organization\"},\"potentialAction\":[{\"@type\":\"SearchAction\",\"target\":{\"@type\":\"EntryPoint\",\"urlTemplate\":\"https:\/\/sintramem-sv.org.br\/sintramem\/?s={search_term_string}\"},\"query-input\":{\"@type\":\"PropertyValueSpecification\",\"valueRequired\":true,\"valueName\":\"search_term_string\"}}],\"inLanguage\":\"pt-BR\"},{\"@type\":\"Organization\",\"@id\":\"https:\/\/sintramem-sv.org.br\/sintramem\/#organization\",\"name\":\"SINTRAMEM\",\"url\":\"https:\/\/sintramem-sv.org.br\/sintramem\/\",\"logo\":{\"@type\":\"ImageObject\",\"inLanguage\":\"pt-BR\",\"@id\":\"https:\/\/sintramem-sv.org.br\/sintramem\/#\/schema\/logo\/image\/\",\"url\":\"https:\/\/sintramem-sv.org.br\/sintramem\/wp-content\/uploads\/2017\/02\/SINTRAMEM-LOGO-OFICIAL-300x100-jpg.jpg\",\"contentUrl\":\"https:\/\/sintramem-sv.org.br\/sintramem\/wp-content\/uploads\/2017\/02\/SINTRAMEM-LOGO-OFICIAL-300x100-jpg.jpg\",\"width\":150,\"height\":150,\"caption\":\"SINTRAMEM\"},\"image\":{\"@id\":\"https:\/\/sintramem-sv.org.br\/sintramem\/#\/schema\/logo\/image\/\"}},{\"@type\":\"Person\",\"@id\":\"https:\/\/sintramem-sv.org.br\/sintramem\/#\/schema\/person\/a8decb8ea63607d1e01e046c95ddcf2b\",\"name\":\"sintramem\",\"image\":{\"@type\":\"ImageObject\",\"inLanguage\":\"pt-BR\",\"@id\":\"https:\/\/sintramem-sv.org.br\/sintramem\/#\/schema\/person\/image\/\",\"url\":\"https:\/\/secure.gravatar.com\/avatar\/8e06da3b0d4f051010117c848b52b9280a4228043717057ccccccc8b20ff8f48?s=96&d=mm&r=g\",\"contentUrl\":\"https:\/\/secure.gravatar.com\/avatar\/8e06da3b0d4f051010117c848b52b9280a4228043717057ccccccc8b20ff8f48?s=96&d=mm&r=g\",\"caption\":\"sintramem\"},\"description\":\"Sindicato dos Trabalhadores no Magist\u00e9rio e na Educa\u00e7\u00e3o Municipal de S\u00e3o Vicente\",\"url\":\"https:\/\/sintramem-sv.org.br\/sintramem\/author\/sindsv\/\"}]}<\/script>\n<!-- \/ Yoast SEO plugin. -->","yoast_head_json":{"title":"Adicional de P\u00f3s-Gradua\u00e7\u00f5es | SINTRAMEM cobra cumprimento de decis\u00e3o judicial e aciona Justi\u00e7a contra Prefeitura de S\u00e3o Vicente - SINTRAMEM","robots":{"index":"index","follow":"follow","max-snippet":"max-snippet:-1","max-image-preview":"max-image-preview:large","max-video-preview":"max-video-preview:-1"},"canonical":"https:\/\/sintramem-sv.org.br\/sintramem\/adicional-de-pos-graduacoes-sintramem-cobra-cumprimento-de-decisao-judicial-e-aciona-justica-contra-prefeitura-de-sao-vicente\/","og_locale":"pt_BR","og_type":"article","og_title":"Adicional de P\u00f3s-Gradua\u00e7\u00f5es | SINTRAMEM cobra cumprimento de decis\u00e3o judicial e aciona Justi\u00e7a contra Prefeitura de S\u00e3o Vicente - SINTRAMEM","og_description":"A Prefeitura de S\u00e3o Vicente descumpriu a decis\u00e3o judicial que determinava o pagamento de progress\u00e3o por p\u00f3s-gradua\u00e7\u00e3o a Servidores da Educa\u00e7\u00e3o municipal. Imediatamente, o SINTRAMEM entrou em contato com a Administra\u00e7\u00e3o, que sinalizou o cumprimento da ordem. No dia 1\u00ba de abril, ainda como medida preventiva, o Sindicato protocolou um pedido extrajudicial de cumprimento da&hellip;","og_url":"https:\/\/sintramem-sv.org.br\/sintramem\/adicional-de-pos-graduacoes-sintramem-cobra-cumprimento-de-decisao-judicial-e-aciona-justica-contra-prefeitura-de-sao-vicente\/","og_site_name":"SINTRAMEM","article_published_time":"2026-04-28T19:55:32+00:00","article_modified_time":"2026-04-28T21:28:20+00:00","og_image":[{"width":1294,"height":720,"url":"https:\/\/sintramem-sv.org.br\/sintramem\/wp-content\/uploads\/2000\/04\/menor-3.webp","type":"image\/webp"}],"author":"sintramem","twitter_card":"summary_large_image","twitter_misc":{"Escrito por":"sintramem","Est. tempo de leitura":"3 minutos"},"schema":{"@context":"https:\/\/schema.org","@graph":[{"@type":"Article","@id":"https:\/\/sintramem-sv.org.br\/sintramem\/adicional-de-pos-graduacoes-sintramem-cobra-cumprimento-de-decisao-judicial-e-aciona-justica-contra-prefeitura-de-sao-vicente\/#article","isPartOf":{"@id":"https:\/\/sintramem-sv.org.br\/sintramem\/adicional-de-pos-graduacoes-sintramem-cobra-cumprimento-de-decisao-judicial-e-aciona-justica-contra-prefeitura-de-sao-vicente\/"},"author":{"name":"sintramem","@id":"https:\/\/sintramem-sv.org.br\/sintramem\/#\/schema\/person\/a8decb8ea63607d1e01e046c95ddcf2b"},"headline":"Adicional de P\u00f3s-Gradua\u00e7\u00f5es | SINTRAMEM cobra cumprimento de decis\u00e3o judicial e aciona Justi\u00e7a contra Prefeitura de S\u00e3o Vicente","datePublished":"2026-04-28T19:55:32+00:00","dateModified":"2026-04-28T21:28:20+00:00","mainEntityOfPage":{"@id":"https:\/\/sintramem-sv.org.br\/sintramem\/adicional-de-pos-graduacoes-sintramem-cobra-cumprimento-de-decisao-judicial-e-aciona-justica-contra-prefeitura-de-sao-vicente\/"},"wordCount":405,"commentCount":0,"publisher":{"@id":"https:\/\/sintramem-sv.org.br\/sintramem\/#organization"},"image":{"@id":"https:\/\/sintramem-sv.org.br\/sintramem\/adicional-de-pos-graduacoes-sintramem-cobra-cumprimento-de-decisao-judicial-e-aciona-justica-contra-prefeitura-de-sao-vicente\/#primaryimage"},"thumbnailUrl":"https:\/\/sintramem-sv.org.br\/sintramem\/wp-content\/uploads\/2000\/04\/Destacada-Pos-graduacao.png","articleSection":["sintramem"],"inLanguage":"pt-BR","potentialAction":[{"@type":"CommentAction","name":"Comment","target":["https:\/\/sintramem-sv.org.br\/sintramem\/adicional-de-pos-graduacoes-sintramem-cobra-cumprimento-de-decisao-judicial-e-aciona-justica-contra-prefeitura-de-sao-vicente\/#respond"]}]},{"@type":"WebPage","@id":"https:\/\/sintramem-sv.org.br\/sintramem\/adicional-de-pos-graduacoes-sintramem-cobra-cumprimento-de-decisao-judicial-e-aciona-justica-contra-prefeitura-de-sao-vicente\/","url":"https:\/\/sintramem-sv.org.br\/sintramem\/adicional-de-pos-graduacoes-sintramem-cobra-cumprimento-de-decisao-judicial-e-aciona-justica-contra-prefeitura-de-sao-vicente\/","name":"Adicional de P\u00f3s-Gradua\u00e7\u00f5es | SINTRAMEM cobra cumprimento de decis\u00e3o judicial e aciona Justi\u00e7a contra Prefeitura de S\u00e3o Vicente - SINTRAMEM","isPartOf":{"@id":"https:\/\/sintramem-sv.org.br\/sintramem\/#website"},"primaryImageOfPage":{"@id":"https:\/\/sintramem-sv.org.br\/sintramem\/adicional-de-pos-graduacoes-sintramem-cobra-cumprimento-de-decisao-judicial-e-aciona-justica-contra-prefeitura-de-sao-vicente\/#primaryimage"},"image":{"@id":"https:\/\/sintramem-sv.org.br\/sintramem\/adicional-de-pos-graduacoes-sintramem-cobra-cumprimento-de-decisao-judicial-e-aciona-justica-contra-prefeitura-de-sao-vicente\/#primaryimage"},"thumbnailUrl":"https:\/\/sintramem-sv.org.br\/sintramem\/wp-content\/uploads\/2000\/04\/Destacada-Pos-graduacao.png","datePublished":"2026-04-28T19:55:32+00:00","dateModified":"2026-04-28T21:28:20+00:00","breadcrumb":{"@id":"https:\/\/sintramem-sv.org.br\/sintramem\/adicional-de-pos-graduacoes-sintramem-cobra-cumprimento-de-decisao-judicial-e-aciona-justica-contra-prefeitura-de-sao-vicente\/#breadcrumb"},"inLanguage":"pt-BR","potentialAction":[{"@type":"ReadAction","target":["https:\/\/sintramem-sv.org.br\/sintramem\/adicional-de-pos-graduacoes-sintramem-cobra-cumprimento-de-decisao-judicial-e-aciona-justica-contra-prefeitura-de-sao-vicente\/"]}]},{"@type":"ImageObject","inLanguage":"pt-BR","@id":"https:\/\/sintramem-sv.org.br\/sintramem\/adicional-de-pos-graduacoes-sintramem-cobra-cumprimento-de-decisao-judicial-e-aciona-justica-contra-prefeitura-de-sao-vicente\/#primaryimage","url":"https:\/\/sintramem-sv.org.br\/sintramem\/wp-content\/uploads\/2000\/04\/Destacada-Pos-graduacao.png","contentUrl":"https:\/\/sintramem-sv.org.br\/sintramem\/wp-content\/uploads\/2000\/04\/Destacada-Pos-graduacao.png","width":1294,"height":720},{"@type":"BreadcrumbList","@id":"https:\/\/sintramem-sv.org.br\/sintramem\/adicional-de-pos-graduacoes-sintramem-cobra-cumprimento-de-decisao-judicial-e-aciona-justica-contra-prefeitura-de-sao-vicente\/#breadcrumb","itemListElement":[{"@type":"ListItem","position":1,"name":"In\u00edcio","item":"https:\/\/sintramem-sv.org.br\/sintramem\/"},{"@type":"ListItem","position":2,"name":"Adicional de P\u00f3s-Gradua\u00e7\u00f5es | SINTRAMEM cobra cumprimento de decis\u00e3o judicial e aciona Justi\u00e7a contra Prefeitura de S\u00e3o Vicente"}]},{"@type":"WebSite","@id":"https:\/\/sintramem-sv.org.br\/sintramem\/#website","url":"https:\/\/sintramem-sv.org.br\/sintramem\/","name":"SINTRAMEM","description":"Sindicato dos Trabalhadores no Magist\u00e9rio e na Educa\u00e7\u00e3o de S\u00e3o Vicente","publisher":{"@id":"https:\/\/sintramem-sv.org.br\/sintramem\/#organization"},"potentialAction":[{"@type":"SearchAction","target":{"@type":"EntryPoint","urlTemplate":"https:\/\/sintramem-sv.org.br\/sintramem\/?s={search_term_string}"},"query-input":{"@type":"PropertyValueSpecification","valueRequired":true,"valueName":"search_term_string"}}],"inLanguage":"pt-BR"},{"@type":"Organization","@id":"https:\/\/sintramem-sv.org.br\/sintramem\/#organization","name":"SINTRAMEM","url":"https:\/\/sintramem-sv.org.br\/sintramem\/","logo":{"@type":"ImageObject","inLanguage":"pt-BR","@id":"https:\/\/sintramem-sv.org.br\/sintramem\/#\/schema\/logo\/image\/","url":"https:\/\/sintramem-sv.org.br\/sintramem\/wp-content\/uploads\/2017\/02\/SINTRAMEM-LOGO-OFICIAL-300x100-jpg.jpg","contentUrl":"https:\/\/sintramem-sv.org.br\/sintramem\/wp-content\/uploads\/2017\/02\/SINTRAMEM-LOGO-OFICIAL-300x100-jpg.jpg","width":150,"height":150,"caption":"SINTRAMEM"},"image":{"@id":"https:\/\/sintramem-sv.org.br\/sintramem\/#\/schema\/logo\/image\/"}},{"@type":"Person","@id":"https:\/\/sintramem-sv.org.br\/sintramem\/#\/schema\/person\/a8decb8ea63607d1e01e046c95ddcf2b","name":"sintramem","image":{"@type":"ImageObject","inLanguage":"pt-BR","@id":"https:\/\/sintramem-sv.org.br\/sintramem\/#\/schema\/person\/image\/","url":"https:\/\/secure.gravatar.com\/avatar\/8e06da3b0d4f051010117c848b52b9280a4228043717057ccccccc8b20ff8f48?s=96&d=mm&r=g","contentUrl":"https:\/\/secure.gravatar.com\/avatar\/8e06da3b0d4f051010117c848b52b9280a4228043717057ccccccc8b20ff8f48?s=96&d=mm&r=g","caption":"sintramem"},"description":"Sindicato dos Trabalhadores no Magist\u00e9rio e na Educa\u00e7\u00e3o Municipal de S\u00e3o Vicente","url":"https:\/\/sintramem-sv.org.br\/sintramem\/author\/sindsv\/"}]}},"_links":{"self":[{"href":"https:\/\/sintramem-sv.org.br\/sintramem\/wp-json\/wp\/v2\/posts\/9992","targetHints":{"allow":["GET"]}}],"collection":[{"href":"https:\/\/sintramem-sv.org.br\/sintramem\/wp-json\/wp\/v2\/posts"}],"about":[{"href":"https:\/\/sintramem-sv.org.br\/sintramem\/wp-json\/wp\/v2\/types\/post"}],"author":[{"embeddable":true,"href":"https:\/\/sintramem-sv.org.br\/sintramem\/wp-json\/wp\/v2\/users\/1"}],"replies":[{"embeddable":true,"href":"https:\/\/sintramem-sv.org.br\/sintramem\/wp-json\/wp\/v2\/comments?post=9992"}],"version-history":[{"count":4,"href":"https:\/\/sintramem-sv.org.br\/sintramem\/wp-json\/wp\/v2\/posts\/9992\/revisions"}],"predecessor-version":[{"id":10000,"href":"https:\/\/sintramem-sv.org.br\/sintramem\/wp-json\/wp\/v2\/posts\/9992\/revisions\/10000"}],"wp:featuredmedia":[{"embeddable":true,"href":"https:\/\/sintramem-sv.org.br\/sintramem\/wp-json\/wp\/v2\/media\/9996"}],"wp:attachment":[{"href":"https:\/\/sintramem-sv.org.br\/sintramem\/wp-json\/wp\/v2\/media?parent=9992"}],"wp:term":[{"taxonomy":"category","embeddable":true,"href":"https:\/\/sintramem-sv.org.br\/sintramem\/wp-json\/wp\/v2\/categories?post=9992"},{"taxonomy":"post_tag","embeddable":true,"href":"https:\/\/sintramem-sv.org.br\/sintramem\/wp-json\/wp\/v2\/tags?post=9992"}],"curies":[{"name":"wp","href":"https:\/\/api.w.org\/{rel}","templated":true}]}}