{"id":9710,"date":"2026-03-11T19:20:47","date_gmt":"2026-03-11T19:20:47","guid":{"rendered":"https:\/\/sintramem-sv.org.br\/sintramem\/?p=9710"},"modified":"2026-03-11T22:25:53","modified_gmt":"2026-03-11T22:25:53","slug":"contraproposta-da-prefeitura-2026","status":"publish","type":"post","link":"https:\/\/sintramem-sv.org.br\/sintramem\/contraproposta-da-prefeitura-2026\/","title":{"rendered":"Contraproposta da Prefeitura | Confira o documento na \u00edntegra com os itens da Pauta de Reivindica\u00e7\u00f5es 2026"},"content":{"rendered":"<p><span style=\"font-size: 14pt;\">Ap\u00f3s intensas negocia\u00e7\u00f5es com o <span style=\"color: #ff0000;\"><strong>SINTRAMEM<\/strong><span style=\"color: #000000;\">,<\/span><\/span> a Prefeitura entregou oficialmente uma contraproposta para a Campanha Salarial 2026. O documento, assinado pelo secret\u00e1rio municipal de Gest\u00e3o, <strong>Yuri Camara Batista<\/strong>, chegou ao Sindicato com medidas que impactam diretamente os sal\u00e1rios, benef\u00edcios e condi\u00e7\u00f5es de trabalho dos Servidores da Educa\u00e7\u00e3o. Agora, a palavra final ser\u00e1 da categoria, em assembleia geral convocada para esta sexta-feira, dia 13 de mar\u00e7o, na sede do <a href=\"https:\/\/www.google.com\/maps\/place\/Sindicato+Servidores+P%C3%BAblicos+Municipais+S%C3%A3o+Vicente\/data=!4m2!3m1!1s0x0:0x2be29a9d9a3c8ffc?sa=X&amp;ved=1t:2428&amp;ictx=111\" target=\"_blank\" rel=\"noopener\"><strong>SindiservSV<\/strong><\/a>, localizada na <a href=\"https:\/\/www.google.com\/maps\/place\/Sindicato+Servidores+P%C3%BAblicos+Municipais+S%C3%A3o+Vicente\/data=!4m2!3m1!1s0x0:0x2be29a9d9a3c8ffc?sa=X&amp;ved=1t:2428&amp;ictx=111\" target=\"_blank\" rel=\"noopener\"><strong>Rua Visconde de Tamandar\u00e9, 234, Centro<\/strong><\/a>.<\/span><\/p>\n<p><span style=\"font-size: 18pt; color: #ffffff; background-color: #ff0000;\"><strong>PRINCIPAIS PONTOS ECON\u00d4MICOS DA PROPOSTA<\/strong><\/span><\/p>\n<p><span style=\"font-size: 14pt;\">Entre os itens de maior destaque est\u00e1 o reajuste inflacion\u00e1rio de <strong>4,26%<\/strong> para todos, al\u00e9m do descongelamento dos dias parados durante a pandemia &#8211; 300 ser\u00e3o liberados a partir de 1\u00ba de julho de 2026 e os 283 restantes em janeiro de 2027. <\/span><\/p>\n<p><span style=\"font-size: 14pt;\">A contraproposta tamb\u00e9m prev\u00ea o envio de um projeto de lei para <span style=\"text-decoration: underline;\"><strong>prorrogar o saque antecipado do pec\u00falio por mais seis meses<\/strong><\/span>, a partir de agosto, com possibilidade de extens\u00e3o por igual per\u00edodo. <\/span><\/p>\n<p><span style=\"font-size: 14pt;\">Para os aposentados, a Prefeitura prop\u00f5e a institui\u00e7\u00e3o de um piso salarial de R$ 2.000,00. J\u00e1 o Aux\u00edlio Educa\u00e7\u00e3o das AOEs, Inspetores e Monitores ser\u00e1 extinto, mas com a eleva\u00e7\u00e3o do sal\u00e1rio base em R$ 250,00 no G1, acrescido do reajuste. Outra novidade \u00e9 a <span style=\"background-color: #ffff00;\"><strong>cria\u00e7\u00e3o de um Aux\u00edlio Refei\u00e7\u00e3o de R$ 34,00 por dia para todo o Magist\u00e9rio<\/strong><\/span>, com pagamento a partir de junho, proporcional \u00e0 carga hor\u00e1ria.<\/span><\/p>\n<p><strong><span style=\"font-size: 18pt; color: #ffffff; background-color: #ff0000;\">PARTICIPE DA ASSEMBLEIA E EXERCITE SUA CIDADANIA<\/span><\/strong><\/p>\n<p><span style=\"font-size: 14pt;\">A diretoria do <span style=\"color: #ff0000;\"><strong>SINTRAMEM <\/strong><\/span>refor\u00e7a que a assembleia \u00e9 o momento m\u00e1ximo de decis\u00e3o coletiva. \u201cEssa proposta precisa ser analisada com aten\u00e7\u00e3o, e s\u00f3 a categoria, reunida, pode aprov\u00e1-la ou rejeit\u00e1-la. Cada voto faz diferen\u00e7a\u201d, destaca o presidente <strong>Thobias Paraguai<\/strong>.\u00a0<\/span><\/p>\n<p><span style=\"font-size: 14pt;\">A \u00edntegra da contraproposta est\u00e1 dispon\u00edvel aqui no site do Sindicato. Participe e fa\u00e7a valer a sua voz!<\/span><\/p>\n<p><a href=\"https:\/\/sintramem-sv.org.br\/sintramem\/wp-content\/uploads\/2026\/03\/165.SEGES_.2026.pdf\" target=\"_blank\" rel=\"noopener\"><span style=\"font-size: 18pt; color: #ffffff; background-color: #ff0000;\"><strong>CLIQUE AQUI E LEIA NA \u00cdNTEGRA<\/strong><\/span><\/a><\/p>\n<p><a href=\"https:\/\/sintramem-sv.org.br\/sintramem\/wp-content\/uploads\/2026\/03\/165.SEGES_.2026.pdf\" target=\"_blank\" rel=\"noopener\"><img loading=\"lazy\" decoding=\"async\" class=\"aligncenter wp-image-9712 size-full\" src=\"https:\/\/sintramem-sv.org.br\/sintramem\/wp-content\/uploads\/2026\/03\/oficio-padrao.png\" alt=\"\" width=\"1080\" height=\"1350\" srcset=\"https:\/\/sintramem-sv.org.br\/sintramem\/wp-content\/uploads\/2026\/03\/oficio-padrao.png 1080w, https:\/\/sintramem-sv.org.br\/sintramem\/wp-content\/uploads\/2026\/03\/oficio-padrao-240x300.png 240w, https:\/\/sintramem-sv.org.br\/sintramem\/wp-content\/uploads\/2026\/03\/oficio-padrao-819x1024.png 819w, https:\/\/sintramem-sv.org.br\/sintramem\/wp-content\/uploads\/2026\/03\/oficio-padrao-768x960.png 768w\" sizes=\"auto, (max-width: 1080px) 100vw, 1080px\" \/><\/a><\/p>\n","protected":false},"excerpt":{"rendered":"<p>Ap\u00f3s intensas negocia\u00e7\u00f5es com o SINTRAMEM, a Prefeitura entregou oficialmente uma contraproposta para a Campanha Salarial 2026. O documento, assinado pelo secret\u00e1rio municipal de Gest\u00e3o, Yuri Camara Batista, chegou ao Sindicato com medidas que impactam diretamente os sal\u00e1rios, benef\u00edcios e condi\u00e7\u00f5es de trabalho dos Servidores da Educa\u00e7\u00e3o. Agora, a palavra final ser\u00e1 da categoria, em&hellip;<\/p>\n","protected":false},"author":1,"featured_media":9716,"comment_status":"open","ping_status":"closed","sticky":false,"template":"","format":"standard","meta":{"_monsterinsights_skip_tracking":false,"_monsterinsights_sitenote_active":false,"_monsterinsights_sitenote_note":"","_monsterinsights_sitenote_category":0,"footnotes":""},"categories":[1],"tags":[],"class_list":["post-9710","post","type-post","status-publish","format-standard","has-post-thumbnail","hentry","category-sintramem-sintramem"],"yoast_head":"<!-- This site is optimized with the Yoast SEO plugin v27.0 - https:\/\/yoast.com\/product\/yoast-seo-wordpress\/ -->\n<title>Contraproposta da Prefeitura | Confira o documento na \u00edntegra com os itens da Pauta de Reivindica\u00e7\u00f5es 2026 - SINTRAMEM<\/title>\n<meta name=\"robots\" content=\"index, follow, max-snippet:-1, max-image-preview:large, max-video-preview:-1\" \/>\n<link rel=\"canonical\" href=\"https:\/\/sintramem-sv.org.br\/sintramem\/contraproposta-da-prefeitura-2026\/\" \/>\n<meta property=\"og:locale\" content=\"pt_BR\" \/>\n<meta property=\"og:type\" content=\"article\" \/>\n<meta property=\"og:title\" content=\"Contraproposta da Prefeitura | Confira o documento na \u00edntegra com os itens da Pauta de Reivindica\u00e7\u00f5es 2026 - SINTRAMEM\" \/>\n<meta property=\"og:description\" content=\"Ap\u00f3s intensas negocia\u00e7\u00f5es com o SINTRAMEM, a Prefeitura entregou oficialmente uma contraproposta para a Campanha Salarial 2026. O documento, assinado pelo secret\u00e1rio municipal de Gest\u00e3o, Yuri Camara Batista, chegou ao Sindicato com medidas que impactam diretamente os sal\u00e1rios, benef\u00edcios e condi\u00e7\u00f5es de trabalho dos Servidores da Educa\u00e7\u00e3o. Agora, a palavra final ser\u00e1 da categoria, em&hellip;\" \/>\n<meta property=\"og:url\" content=\"https:\/\/sintramem-sv.org.br\/sintramem\/contraproposta-da-prefeitura-2026\/\" \/>\n<meta property=\"og:site_name\" content=\"SINTRAMEM\" \/>\n<meta property=\"article:published_time\" content=\"2026-03-11T19:20:47+00:00\" \/>\n<meta property=\"article:modified_time\" content=\"2026-03-11T22:25:53+00:00\" \/>\n<meta property=\"og:image\" content=\"https:\/\/sintramem-sv.org.br\/sintramem\/wp-content\/uploads\/2000\/03\/menor-1.png\" \/>\n\t<meta property=\"og:image:width\" content=\"500\" \/>\n\t<meta property=\"og:image:height\" content=\"278\" \/>\n\t<meta property=\"og:image:type\" content=\"image\/png\" \/>\n<meta name=\"author\" content=\"sintramem\" \/>\n<meta name=\"twitter:card\" content=\"summary_large_image\" \/>\n<meta name=\"twitter:label1\" content=\"Escrito por\" \/>\n\t<meta name=\"twitter:data1\" content=\"sintramem\" \/>\n\t<meta name=\"twitter:label2\" content=\"Est. tempo de leitura\" \/>\n\t<meta name=\"twitter:data2\" content=\"3 minutos\" \/>\n<script type=\"application\/ld+json\" class=\"yoast-schema-graph\">{\"@context\":\"https:\/\/schema.org\",\"@graph\":[{\"@type\":\"Article\",\"@id\":\"https:\/\/sintramem-sv.org.br\/sintramem\/contraproposta-da-prefeitura-2026\/#article\",\"isPartOf\":{\"@id\":\"https:\/\/sintramem-sv.org.br\/sintramem\/contraproposta-da-prefeitura-2026\/\"},\"author\":{\"name\":\"sintramem\",\"@id\":\"https:\/\/sintramem-sv.org.br\/sintramem\/#\/schema\/person\/a8decb8ea63607d1e01e046c95ddcf2b\"},\"headline\":\"Contraproposta da Prefeitura | Confira o documento na \u00edntegra com os itens da Pauta de Reivindica\u00e7\u00f5es 2026\",\"datePublished\":\"2026-03-11T19:20:47+00:00\",\"dateModified\":\"2026-03-11T22:25:53+00:00\",\"mainEntityOfPage\":{\"@id\":\"https:\/\/sintramem-sv.org.br\/sintramem\/contraproposta-da-prefeitura-2026\/\"},\"wordCount\":336,\"commentCount\":0,\"publisher\":{\"@id\":\"https:\/\/sintramem-sv.org.br\/sintramem\/#organization\"},\"image\":{\"@id\":\"https:\/\/sintramem-sv.org.br\/sintramem\/contraproposta-da-prefeitura-2026\/#primaryimage\"},\"thumbnailUrl\":\"https:\/\/sintramem-sv.org.br\/sintramem\/wp-content\/uploads\/2000\/03\/Destacada-Contraproposta-SINTRAMEM.png\",\"articleSection\":[\"sintramem\"],\"inLanguage\":\"pt-BR\",\"potentialAction\":[{\"@type\":\"CommentAction\",\"name\":\"Comment\",\"target\":[\"https:\/\/sintramem-sv.org.br\/sintramem\/contraproposta-da-prefeitura-2026\/#respond\"]}]},{\"@type\":\"WebPage\",\"@id\":\"https:\/\/sintramem-sv.org.br\/sintramem\/contraproposta-da-prefeitura-2026\/\",\"url\":\"https:\/\/sintramem-sv.org.br\/sintramem\/contraproposta-da-prefeitura-2026\/\",\"name\":\"Contraproposta da Prefeitura | Confira o documento na \u00edntegra com os itens da Pauta de Reivindica\u00e7\u00f5es 2026 - SINTRAMEM\",\"isPartOf\":{\"@id\":\"https:\/\/sintramem-sv.org.br\/sintramem\/#website\"},\"primaryImageOfPage\":{\"@id\":\"https:\/\/sintramem-sv.org.br\/sintramem\/contraproposta-da-prefeitura-2026\/#primaryimage\"},\"image\":{\"@id\":\"https:\/\/sintramem-sv.org.br\/sintramem\/contraproposta-da-prefeitura-2026\/#primaryimage\"},\"thumbnailUrl\":\"https:\/\/sintramem-sv.org.br\/sintramem\/wp-content\/uploads\/2000\/03\/Destacada-Contraproposta-SINTRAMEM.png\",\"datePublished\":\"2026-03-11T19:20:47+00:00\",\"dateModified\":\"2026-03-11T22:25:53+00:00\",\"breadcrumb\":{\"@id\":\"https:\/\/sintramem-sv.org.br\/sintramem\/contraproposta-da-prefeitura-2026\/#breadcrumb\"},\"inLanguage\":\"pt-BR\",\"potentialAction\":[{\"@type\":\"ReadAction\",\"target\":[\"https:\/\/sintramem-sv.org.br\/sintramem\/contraproposta-da-prefeitura-2026\/\"]}]},{\"@type\":\"ImageObject\",\"inLanguage\":\"pt-BR\",\"@id\":\"https:\/\/sintramem-sv.org.br\/sintramem\/contraproposta-da-prefeitura-2026\/#primaryimage\",\"url\":\"https:\/\/sintramem-sv.org.br\/sintramem\/wp-content\/uploads\/2000\/03\/Destacada-Contraproposta-SINTRAMEM.png\",\"contentUrl\":\"https:\/\/sintramem-sv.org.br\/sintramem\/wp-content\/uploads\/2000\/03\/Destacada-Contraproposta-SINTRAMEM.png\",\"width\":1294,\"height\":720},{\"@type\":\"BreadcrumbList\",\"@id\":\"https:\/\/sintramem-sv.org.br\/sintramem\/contraproposta-da-prefeitura-2026\/#breadcrumb\",\"itemListElement\":[{\"@type\":\"ListItem\",\"position\":1,\"name\":\"In\u00edcio\",\"item\":\"https:\/\/sintramem-sv.org.br\/sintramem\/\"},{\"@type\":\"ListItem\",\"position\":2,\"name\":\"Contraproposta da Prefeitura | Confira o documento na \u00edntegra com os itens da Pauta de Reivindica\u00e7\u00f5es 2026\"}]},{\"@type\":\"WebSite\",\"@id\":\"https:\/\/sintramem-sv.org.br\/sintramem\/#website\",\"url\":\"https:\/\/sintramem-sv.org.br\/sintramem\/\",\"name\":\"SINTRAMEM\",\"description\":\"Sindicato dos Trabalhadores no Magist\u00e9rio e na Educa\u00e7\u00e3o de S\u00e3o Vicente\",\"publisher\":{\"@id\":\"https:\/\/sintramem-sv.org.br\/sintramem\/#organization\"},\"potentialAction\":[{\"@type\":\"SearchAction\",\"target\":{\"@type\":\"EntryPoint\",\"urlTemplate\":\"https:\/\/sintramem-sv.org.br\/sintramem\/?s={search_term_string}\"},\"query-input\":{\"@type\":\"PropertyValueSpecification\",\"valueRequired\":true,\"valueName\":\"search_term_string\"}}],\"inLanguage\":\"pt-BR\"},{\"@type\":\"Organization\",\"@id\":\"https:\/\/sintramem-sv.org.br\/sintramem\/#organization\",\"name\":\"SINTRAMEM\",\"url\":\"https:\/\/sintramem-sv.org.br\/sintramem\/\",\"logo\":{\"@type\":\"ImageObject\",\"inLanguage\":\"pt-BR\",\"@id\":\"https:\/\/sintramem-sv.org.br\/sintramem\/#\/schema\/logo\/image\/\",\"url\":\"https:\/\/sintramem-sv.org.br\/sintramem\/wp-content\/uploads\/2017\/02\/SINTRAMEM-LOGO-OFICIAL-300x100-jpg.jpg\",\"contentUrl\":\"https:\/\/sintramem-sv.org.br\/sintramem\/wp-content\/uploads\/2017\/02\/SINTRAMEM-LOGO-OFICIAL-300x100-jpg.jpg\",\"width\":150,\"height\":150,\"caption\":\"SINTRAMEM\"},\"image\":{\"@id\":\"https:\/\/sintramem-sv.org.br\/sintramem\/#\/schema\/logo\/image\/\"}},{\"@type\":\"Person\",\"@id\":\"https:\/\/sintramem-sv.org.br\/sintramem\/#\/schema\/person\/a8decb8ea63607d1e01e046c95ddcf2b\",\"name\":\"sintramem\",\"image\":{\"@type\":\"ImageObject\",\"inLanguage\":\"pt-BR\",\"@id\":\"https:\/\/sintramem-sv.org.br\/sintramem\/#\/schema\/person\/image\/\",\"url\":\"https:\/\/secure.gravatar.com\/avatar\/8e06da3b0d4f051010117c848b52b9280a4228043717057ccccccc8b20ff8f48?s=96&d=mm&r=g\",\"contentUrl\":\"https:\/\/secure.gravatar.com\/avatar\/8e06da3b0d4f051010117c848b52b9280a4228043717057ccccccc8b20ff8f48?s=96&d=mm&r=g\",\"caption\":\"sintramem\"},\"description\":\"Sindicato dos Trabalhadores no Magist\u00e9rio e na Educa\u00e7\u00e3o Municipal de S\u00e3o Vicente\",\"url\":\"https:\/\/sintramem-sv.org.br\/sintramem\/author\/sindsv\/\"}]}<\/script>\n<!-- \/ Yoast SEO plugin. -->","yoast_head_json":{"title":"Contraproposta da Prefeitura | Confira o documento na \u00edntegra com os itens da Pauta de Reivindica\u00e7\u00f5es 2026 - SINTRAMEM","robots":{"index":"index","follow":"follow","max-snippet":"max-snippet:-1","max-image-preview":"max-image-preview:large","max-video-preview":"max-video-preview:-1"},"canonical":"https:\/\/sintramem-sv.org.br\/sintramem\/contraproposta-da-prefeitura-2026\/","og_locale":"pt_BR","og_type":"article","og_title":"Contraproposta da Prefeitura | Confira o documento na \u00edntegra com os itens da Pauta de Reivindica\u00e7\u00f5es 2026 - SINTRAMEM","og_description":"Ap\u00f3s intensas negocia\u00e7\u00f5es com o SINTRAMEM, a Prefeitura entregou oficialmente uma contraproposta para a Campanha Salarial 2026. O documento, assinado pelo secret\u00e1rio municipal de Gest\u00e3o, Yuri Camara Batista, chegou ao Sindicato com medidas que impactam diretamente os sal\u00e1rios, benef\u00edcios e condi\u00e7\u00f5es de trabalho dos Servidores da Educa\u00e7\u00e3o. Agora, a palavra final ser\u00e1 da categoria, em&hellip;","og_url":"https:\/\/sintramem-sv.org.br\/sintramem\/contraproposta-da-prefeitura-2026\/","og_site_name":"SINTRAMEM","article_published_time":"2026-03-11T19:20:47+00:00","article_modified_time":"2026-03-11T22:25:53+00:00","og_image":[{"width":500,"height":278,"url":"https:\/\/sintramem-sv.org.br\/sintramem\/wp-content\/uploads\/2000\/03\/menor-1.png","type":"image\/png"}],"author":"sintramem","twitter_card":"summary_large_image","twitter_misc":{"Escrito por":"sintramem","Est. tempo de leitura":"3 minutos"},"schema":{"@context":"https:\/\/schema.org","@graph":[{"@type":"Article","@id":"https:\/\/sintramem-sv.org.br\/sintramem\/contraproposta-da-prefeitura-2026\/#article","isPartOf":{"@id":"https:\/\/sintramem-sv.org.br\/sintramem\/contraproposta-da-prefeitura-2026\/"},"author":{"name":"sintramem","@id":"https:\/\/sintramem-sv.org.br\/sintramem\/#\/schema\/person\/a8decb8ea63607d1e01e046c95ddcf2b"},"headline":"Contraproposta da Prefeitura | Confira o documento na \u00edntegra com os itens da Pauta de Reivindica\u00e7\u00f5es 2026","datePublished":"2026-03-11T19:20:47+00:00","dateModified":"2026-03-11T22:25:53+00:00","mainEntityOfPage":{"@id":"https:\/\/sintramem-sv.org.br\/sintramem\/contraproposta-da-prefeitura-2026\/"},"wordCount":336,"commentCount":0,"publisher":{"@id":"https:\/\/sintramem-sv.org.br\/sintramem\/#organization"},"image":{"@id":"https:\/\/sintramem-sv.org.br\/sintramem\/contraproposta-da-prefeitura-2026\/#primaryimage"},"thumbnailUrl":"https:\/\/sintramem-sv.org.br\/sintramem\/wp-content\/uploads\/2000\/03\/Destacada-Contraproposta-SINTRAMEM.png","articleSection":["sintramem"],"inLanguage":"pt-BR","potentialAction":[{"@type":"CommentAction","name":"Comment","target":["https:\/\/sintramem-sv.org.br\/sintramem\/contraproposta-da-prefeitura-2026\/#respond"]}]},{"@type":"WebPage","@id":"https:\/\/sintramem-sv.org.br\/sintramem\/contraproposta-da-prefeitura-2026\/","url":"https:\/\/sintramem-sv.org.br\/sintramem\/contraproposta-da-prefeitura-2026\/","name":"Contraproposta da Prefeitura | Confira o documento na \u00edntegra com os itens da Pauta de Reivindica\u00e7\u00f5es 2026 - SINTRAMEM","isPartOf":{"@id":"https:\/\/sintramem-sv.org.br\/sintramem\/#website"},"primaryImageOfPage":{"@id":"https:\/\/sintramem-sv.org.br\/sintramem\/contraproposta-da-prefeitura-2026\/#primaryimage"},"image":{"@id":"https:\/\/sintramem-sv.org.br\/sintramem\/contraproposta-da-prefeitura-2026\/#primaryimage"},"thumbnailUrl":"https:\/\/sintramem-sv.org.br\/sintramem\/wp-content\/uploads\/2000\/03\/Destacada-Contraproposta-SINTRAMEM.png","datePublished":"2026-03-11T19:20:47+00:00","dateModified":"2026-03-11T22:25:53+00:00","breadcrumb":{"@id":"https:\/\/sintramem-sv.org.br\/sintramem\/contraproposta-da-prefeitura-2026\/#breadcrumb"},"inLanguage":"pt-BR","potentialAction":[{"@type":"ReadAction","target":["https:\/\/sintramem-sv.org.br\/sintramem\/contraproposta-da-prefeitura-2026\/"]}]},{"@type":"ImageObject","inLanguage":"pt-BR","@id":"https:\/\/sintramem-sv.org.br\/sintramem\/contraproposta-da-prefeitura-2026\/#primaryimage","url":"https:\/\/sintramem-sv.org.br\/sintramem\/wp-content\/uploads\/2000\/03\/Destacada-Contraproposta-SINTRAMEM.png","contentUrl":"https:\/\/sintramem-sv.org.br\/sintramem\/wp-content\/uploads\/2000\/03\/Destacada-Contraproposta-SINTRAMEM.png","width":1294,"height":720},{"@type":"BreadcrumbList","@id":"https:\/\/sintramem-sv.org.br\/sintramem\/contraproposta-da-prefeitura-2026\/#breadcrumb","itemListElement":[{"@type":"ListItem","position":1,"name":"In\u00edcio","item":"https:\/\/sintramem-sv.org.br\/sintramem\/"},{"@type":"ListItem","position":2,"name":"Contraproposta da Prefeitura | Confira o documento na \u00edntegra com os itens da Pauta de Reivindica\u00e7\u00f5es 2026"}]},{"@type":"WebSite","@id":"https:\/\/sintramem-sv.org.br\/sintramem\/#website","url":"https:\/\/sintramem-sv.org.br\/sintramem\/","name":"SINTRAMEM","description":"Sindicato dos Trabalhadores no Magist\u00e9rio e na Educa\u00e7\u00e3o de S\u00e3o Vicente","publisher":{"@id":"https:\/\/sintramem-sv.org.br\/sintramem\/#organization"},"potentialAction":[{"@type":"SearchAction","target":{"@type":"EntryPoint","urlTemplate":"https:\/\/sintramem-sv.org.br\/sintramem\/?s={search_term_string}"},"query-input":{"@type":"PropertyValueSpecification","valueRequired":true,"valueName":"search_term_string"}}],"inLanguage":"pt-BR"},{"@type":"Organization","@id":"https:\/\/sintramem-sv.org.br\/sintramem\/#organization","name":"SINTRAMEM","url":"https:\/\/sintramem-sv.org.br\/sintramem\/","logo":{"@type":"ImageObject","inLanguage":"pt-BR","@id":"https:\/\/sintramem-sv.org.br\/sintramem\/#\/schema\/logo\/image\/","url":"https:\/\/sintramem-sv.org.br\/sintramem\/wp-content\/uploads\/2017\/02\/SINTRAMEM-LOGO-OFICIAL-300x100-jpg.jpg","contentUrl":"https:\/\/sintramem-sv.org.br\/sintramem\/wp-content\/uploads\/2017\/02\/SINTRAMEM-LOGO-OFICIAL-300x100-jpg.jpg","width":150,"height":150,"caption":"SINTRAMEM"},"image":{"@id":"https:\/\/sintramem-sv.org.br\/sintramem\/#\/schema\/logo\/image\/"}},{"@type":"Person","@id":"https:\/\/sintramem-sv.org.br\/sintramem\/#\/schema\/person\/a8decb8ea63607d1e01e046c95ddcf2b","name":"sintramem","image":{"@type":"ImageObject","inLanguage":"pt-BR","@id":"https:\/\/sintramem-sv.org.br\/sintramem\/#\/schema\/person\/image\/","url":"https:\/\/secure.gravatar.com\/avatar\/8e06da3b0d4f051010117c848b52b9280a4228043717057ccccccc8b20ff8f48?s=96&d=mm&r=g","contentUrl":"https:\/\/secure.gravatar.com\/avatar\/8e06da3b0d4f051010117c848b52b9280a4228043717057ccccccc8b20ff8f48?s=96&d=mm&r=g","caption":"sintramem"},"description":"Sindicato dos Trabalhadores no Magist\u00e9rio e na Educa\u00e7\u00e3o Municipal de S\u00e3o Vicente","url":"https:\/\/sintramem-sv.org.br\/sintramem\/author\/sindsv\/"}]}},"_links":{"self":[{"href":"https:\/\/sintramem-sv.org.br\/sintramem\/wp-json\/wp\/v2\/posts\/9710","targetHints":{"allow":["GET"]}}],"collection":[{"href":"https:\/\/sintramem-sv.org.br\/sintramem\/wp-json\/wp\/v2\/posts"}],"about":[{"href":"https:\/\/sintramem-sv.org.br\/sintramem\/wp-json\/wp\/v2\/types\/post"}],"author":[{"embeddable":true,"href":"https:\/\/sintramem-sv.org.br\/sintramem\/wp-json\/wp\/v2\/users\/1"}],"replies":[{"embeddable":true,"href":"https:\/\/sintramem-sv.org.br\/sintramem\/wp-json\/wp\/v2\/comments?post=9710"}],"version-history":[{"count":4,"href":"https:\/\/sintramem-sv.org.br\/sintramem\/wp-json\/wp\/v2\/posts\/9710\/revisions"}],"predecessor-version":[{"id":9718,"href":"https:\/\/sintramem-sv.org.br\/sintramem\/wp-json\/wp\/v2\/posts\/9710\/revisions\/9718"}],"wp:featuredmedia":[{"embeddable":true,"href":"https:\/\/sintramem-sv.org.br\/sintramem\/wp-json\/wp\/v2\/media\/9716"}],"wp:attachment":[{"href":"https:\/\/sintramem-sv.org.br\/sintramem\/wp-json\/wp\/v2\/media?parent=9710"}],"wp:term":[{"taxonomy":"category","embeddable":true,"href":"https:\/\/sintramem-sv.org.br\/sintramem\/wp-json\/wp\/v2\/categories?post=9710"},{"taxonomy":"post_tag","embeddable":true,"href":"https:\/\/sintramem-sv.org.br\/sintramem\/wp-json\/wp\/v2\/tags?post=9710"}],"curies":[{"name":"wp","href":"https:\/\/api.w.org\/{rel}","templated":true}]}}