{"id":9639,"date":"2026-03-10T15:08:18","date_gmt":"2026-03-10T15:08:18","guid":{"rendered":"https:\/\/sintramem-sv.org.br\/sintramem\/?p=9639"},"modified":"2026-03-11T16:54:53","modified_gmt":"2026-03-11T16:54:53","slug":"diretoras-do-sintramem-participam-do-7o-congresso-de-mulheres-sindicalistas-da-fesspmesp","status":"publish","type":"post","link":"https:\/\/sintramem-sv.org.br\/sintramem\/diretoras-do-sintramem-participam-do-7o-congresso-de-mulheres-sindicalistas-da-fesspmesp\/","title":{"rendered":"Diretoras do SINTRAMEM participam do 7\u00ba Congresso de Mulheres Sindicalistas\u00a0da Fesspmesp em Ribeir\u00e3o Preto\/SP"},"content":{"rendered":"<p><span style=\"font-size: 14pt;\">Nossa <span style=\"color: #993366;\"><strong>vice-presidente Joana D&#8217; Arc Santos Lopes <\/strong><\/span>e as <span style=\"color: #993366;\"><strong>diretoras Cleunice Maria Gomes de Campos e Ocimeire Garcia Moyano<\/strong><\/span> marcaram presen\u00e7a na \u00faltima sexta, dia 6 de mar\u00e7o, na cidade de Ribeir\u00e3o Preto. <\/span><span style=\"font-size: 14pt;\">Elas representaram o SINTRAMEM no <a href=\"https:\/\/fesspsp.com.br\/7o-congresso-de-mulheres-sindicalistas-da-fesspmesp-transforma-discurso-em-acao-na-vespera-do-dia-internacional-da-mulher\/\" target=\"_blank\" rel=\"noopener\"><strong>7\u00ba Congresso de Mulheres Sindicalistas\u00a0da Fesspmesp<\/strong><\/a> (Federa\u00e7\u00e3o dos Sindicatos dos Servidores P\u00fablicos Municipais do Estado de S\u00e3o Paulo). Uma oportunidade para celebrar o Dia das Mulheres com uma reflex\u00e3o da luta pelo empoderamento feminino contra a viol\u00eancia e todos os tipos de ass\u00e9dio.<\/span><\/p>\n<p><img loading=\"lazy\" decoding=\"async\" class=\"aligncenter size-full wp-image-9645\" src=\"https:\/\/sintramem-sv.org.br\/sintramem\/wp-content\/uploads\/2026\/03\/IMG_0336-scaled.jpg\" alt=\"\" width=\"2560\" height=\"1707\" srcset=\"https:\/\/sintramem-sv.org.br\/sintramem\/wp-content\/uploads\/2026\/03\/IMG_0336-scaled.jpg 2560w, https:\/\/sintramem-sv.org.br\/sintramem\/wp-content\/uploads\/2026\/03\/IMG_0336-300x200.jpg 300w, https:\/\/sintramem-sv.org.br\/sintramem\/wp-content\/uploads\/2026\/03\/IMG_0336-1024x683.jpg 1024w, https:\/\/sintramem-sv.org.br\/sintramem\/wp-content\/uploads\/2026\/03\/IMG_0336-768x512.jpg 768w, https:\/\/sintramem-sv.org.br\/sintramem\/wp-content\/uploads\/2026\/03\/IMG_0336-1536x1024.jpg 1536w, https:\/\/sintramem-sv.org.br\/sintramem\/wp-content\/uploads\/2026\/03\/IMG_0336-2048x1365.jpg 2048w\" sizes=\"auto, (max-width: 2560px) 100vw, 2560px\" \/><\/p>\n<p><span style=\"font-size: 14pt;\">O evento aconteceu no Audit\u00f3rio do Sindicato dos Servidores Municipais de Ribeir\u00e3o Preto, Guatapar\u00e1 e Prad\u00f3polis, coordenado pela Secretaria da Mulher da Federa\u00e7\u00e3o, sob a lideran\u00e7a da dirigente\u00a0<span style=\"color: #e6166f;\"><strong>Cl\u00edcia Mara Silva Damaceno <\/strong><\/span>(tamb\u00e9m presidente do <a href=\"https:\/\/sinseri.com.br\/\" target=\"_blank\" rel=\"noopener\"><strong>Sinseri<\/strong><\/a> &#8211; Sindicato dos Servidores P\u00fablicos Municipal de Itaquaquecetuba).<\/span><\/p>\n<p><img loading=\"lazy\" decoding=\"async\" class=\"size-full wp-image-25790 aligncenter\" src=\"https:\/\/sinprosasco.org.br\/wp-content\/uploads\/2026\/03\/IMG_0839-scaled.jpg\" alt=\"\" width=\"2560\" height=\"1707\" \/><\/p>\n<p><span style=\"font-size: 14pt;\"> O Congresso deste ano teve como tema central <strong>\u201c<span style=\"background-color: #e6166f; color: #ffffff;\">Do Discurso \u00e0 A\u00e7\u00e3o: uma luta de todas as mulheres contra qualquer tipo de viol\u00eancia e discrimina\u00e7\u00e3o<\/span>\u201d<\/strong>. A programa\u00e7\u00e3o foi desenhada para capacitar as sindicalistas com ferramentas pr\u00e1ticas e conhecimento t\u00e9cnico, visando multiplicar a informa\u00e7\u00e3o em suas respectivas bases municipais.<\/span><\/p>\n<p><img loading=\"lazy\" decoding=\"async\" class=\"size-full wp-image-25802 aligncenter\" src=\"https:\/\/sinprosasco.org.br\/wp-content\/uploads\/2026\/03\/IMG_0244-scaled.jpg\" alt=\"\" width=\"2560\" height=\"1707\" \/><\/p>\n<p><span style=\"font-size: 14pt;\">A abertura do evento contou com a presen\u00e7a do presidente da Fesspmesp, <strong>Aires Ribeiro,<\/strong> que destacou o papel institucional da Federa\u00e7\u00e3o no apoio \u00e0s pautas femininas.<\/span><\/p>\n<blockquote><p><em><span style=\"font-size: 14pt;\"> \u201cN\u00e3o basta aplaudirmos a for\u00e7a da mulher trabalhadora uma vez por ano. \u00c9 nosso dever, enquanto movimento sindical, garantir que as estruturas das nossas entidades estejam preparadas para acolher, orientar e defender as companheiras. Este congresso \u00e9 a prova de que a Fesspmesp leva essa miss\u00e3o a s\u00e9rio\u201d, afirmou o presidente, acompanhado pelas principais lideran\u00e7as do Sindicato anfitri\u00e3o.<\/span><\/em><\/p><\/blockquote>\n<p><img loading=\"lazy\" decoding=\"async\" class=\"aligncenter size-full wp-image-9648\" src=\"https:\/\/sintramem-sv.org.br\/sintramem\/wp-content\/uploads\/2026\/03\/IMG_0380-scaled.jpg\" alt=\"\" width=\"2560\" height=\"1707\" srcset=\"https:\/\/sintramem-sv.org.br\/sintramem\/wp-content\/uploads\/2026\/03\/IMG_0380-scaled.jpg 2560w, https:\/\/sintramem-sv.org.br\/sintramem\/wp-content\/uploads\/2026\/03\/IMG_0380-300x200.jpg 300w, https:\/\/sintramem-sv.org.br\/sintramem\/wp-content\/uploads\/2026\/03\/IMG_0380-1024x683.jpg 1024w, https:\/\/sintramem-sv.org.br\/sintramem\/wp-content\/uploads\/2026\/03\/IMG_0380-768x512.jpg 768w, https:\/\/sintramem-sv.org.br\/sintramem\/wp-content\/uploads\/2026\/03\/IMG_0380-1536x1024.jpg 1536w, https:\/\/sintramem-sv.org.br\/sintramem\/wp-content\/uploads\/2026\/03\/IMG_0380-2048x1365.jpg 2048w\" sizes=\"auto, (max-width: 2560px) 100vw, 2560px\" \/><\/p>\n<p><img loading=\"lazy\" decoding=\"async\" class=\"aligncenter size-full wp-image-9647\" src=\"https:\/\/sintramem-sv.org.br\/sintramem\/wp-content\/uploads\/2026\/03\/IMG_0506-scaled.jpg\" alt=\"\" width=\"2560\" height=\"1707\" srcset=\"https:\/\/sintramem-sv.org.br\/sintramem\/wp-content\/uploads\/2026\/03\/IMG_0506-scaled.jpg 2560w, https:\/\/sintramem-sv.org.br\/sintramem\/wp-content\/uploads\/2026\/03\/IMG_0506-300x200.jpg 300w, https:\/\/sintramem-sv.org.br\/sintramem\/wp-content\/uploads\/2026\/03\/IMG_0506-1024x683.jpg 1024w, https:\/\/sintramem-sv.org.br\/sintramem\/wp-content\/uploads\/2026\/03\/IMG_0506-768x512.jpg 768w, https:\/\/sintramem-sv.org.br\/sintramem\/wp-content\/uploads\/2026\/03\/IMG_0506-1536x1024.jpg 1536w, https:\/\/sintramem-sv.org.br\/sintramem\/wp-content\/uploads\/2026\/03\/IMG_0506-2048x1365.jpg 2048w\" sizes=\"auto, (max-width: 2560px) 100vw, 2560px\" \/><\/p>\n<p><span style=\"font-size: 14pt;\">A primeira palestra do dia abordou uma das chagas mais persistentes da sociedade. A Guarda Civil Municipal <span style=\"color: #993366;\"><strong>No\u00eamia Martins<\/strong><\/span> conduziu uma explana\u00e7\u00e3o t\u00e9cnica e humana sobre a viol\u00eancia dom\u00e9stica, detalhando os mecanismos da Lei Maria da Penha e orientando as sindicalistas sobre como proceder diante de relatos de abuso.<\/span><\/p>\n<p><img loading=\"lazy\" decoding=\"async\" class=\"size-full wp-image-25803 aligncenter\" src=\"https:\/\/sinprosasco.org.br\/wp-content\/uploads\/2026\/03\/IMG_0358-scaled.jpg\" alt=\"\" width=\"2560\" height=\"1707\" \/><\/p>\n<blockquote><p><span style=\"font-size: 14pt;\"><em>\u201cMuitas mulheres ainda sofrem em sil\u00eancio por medo ou desconhecimento. Precisamos quebrar esse ciclo. Seja a viol\u00eancia moral, sexual, f\u00edsica ou patrimonial, a den\u00fancia \u00e9 o primeiro passo para a liberta\u00e7\u00e3o. Os Sindicatos precisam ser portas de entrada para essa acolhida\u201d<\/em>,<strong><span style=\"color: #993366;\"> enfatizou a palestrante<\/span><\/strong>.<\/span><\/p><\/blockquote>\n<p><img loading=\"lazy\" decoding=\"async\" class=\"alignnone size-full wp-image-25804\" src=\"https:\/\/sinprosasco.org.br\/wp-content\/uploads\/2026\/03\/IMG_0362-scaled.jpg\" alt=\"\" width=\"2560\" height=\"1440\" \/><\/p>\n<p><span style=\"font-size: 14pt;\">Na sequ\u00eancia, a sindicalista <strong><span style=\"color: #993366;\">Sheila Tim\u00f3teo<\/span>,<\/strong> lideran\u00e7a do <span style=\"color: #e6166f;\"><a style=\"color: #e6166f;\" href=\"https:\/\/sintrasp.com.br\/\" target=\"_blank\" rel=\"noopener\"><strong>Sindicato dos Trabalhadores do Servi\u00e7o P\u00fablico Municipal de Osasco<\/strong><\/a><\/span> (Sintrasp), trouxe uma perspectiva pol\u00edtica e participativa. Em sua apresenta\u00e7\u00e3o, <span style=\"color: #993366;\"><strong>Sheila<\/strong><\/span> compartilhou a experi\u00eancia pr\u00e1tica da atua\u00e7\u00e3o nos conselhos municipais e incentivou as presentes a ocuparem esses espa\u00e7os de poder e decis\u00e3o.<\/span><\/p>\n<p><img loading=\"lazy\" decoding=\"async\" class=\"alignnone size-full wp-image-25808\" src=\"https:\/\/sinprosasco.org.br\/wp-content\/uploads\/2026\/03\/IMG_0587-scaled.jpg\" alt=\"\" width=\"2560\" height=\"1707\" \/><\/p>\n<blockquote><p><span style=\"font-size: 14pt;\"><em>\u201cN\u00e3o adianta esperarmos que as pol\u00edticas p\u00fablicas para mulheres caiam do c\u00e9u. Elas s\u00e3o constru\u00eddas nos Conselhos Municipais, e se n\u00f3s n\u00e3o estivermos l\u00e1, outras pessoas decidir\u00e3o por n\u00f3s. Precisamos levar a voz da Servidora p\u00fablica para esses f\u00f3runs e garantir que nossas pautas sejam prioridade\u201d<\/em>, <span style=\"color: #993366;\"><strong>declarou Sheila<\/strong><\/span>, detalhando as particularidades e os desafios enfrentados em sua atua\u00e7\u00e3o.<\/span><\/p><\/blockquote>\n<p><img loading=\"lazy\" decoding=\"async\" class=\"alignnone size-full wp-image-25796\" src=\"https:\/\/sinprosasco.org.br\/wp-content\/uploads\/2026\/03\/IMG_0598-scaled.jpg\" alt=\"\" width=\"2560\" height=\"1707\" \/><\/p>\n<p><span style=\"font-size: 14pt;\">A vereadora <span style=\"color: #993366;\"><strong>Luciana Bernardo<\/strong><\/span>, da cidade de Itatiba, tamb\u00e9m teve espa\u00e7o para uma breve apresenta\u00e7\u00e3o, onde destacou a import\u00e2ncia do papel das mulheres na pol\u00edtica.<\/span><\/p>\n<p><img loading=\"lazy\" decoding=\"async\" class=\"alignnone size-full wp-image-25805\" src=\"https:\/\/sinprosasco.org.br\/wp-content\/uploads\/2026\/03\/IMG_0464-scaled.jpg\" alt=\"\" width=\"2560\" height=\"1707\" \/><\/p>\n<div class=\"ds-message _63c77b1\">\n<div class=\"ds-markdown\">\n<blockquote>\n<p class=\"ds-markdown-paragraph\"><em><span style=\"font-size: 14pt;\">&#8220;Quero destacar a import\u00e2ncia do papel das mulheres na pol\u00edtica, especialmente na ocupa\u00e7\u00e3o dos espa\u00e7os nas C\u00e2maras municipais, mas precisamos ir al\u00e9m: precisamos nos organizar e nos fortalecer para eleger mulheres para cargos de lideran\u00e7a na C\u00e2mara dos Deputados, no Senado e, quem sabe at\u00e9, em outras oportunidades, para a presid\u00eancia da Rep\u00fablica. As mulheres ainda entram de forma t\u00edmida nesse meio, mas precisamos confiar em nosso potencial e eleger companheiras para esses espa\u00e7os t\u00e3o importantes, porque quando uma mulher ocupa um lugar de poder, ela abre caminho para todas n\u00f3s.&#8221;<\/span><\/em><\/p>\n<\/blockquote>\n<p><img loading=\"lazy\" decoding=\"async\" class=\"alignnone size-full wp-image-25786\" src=\"https:\/\/sinprosasco.org.br\/wp-content\/uploads\/2026\/03\/IMG_0797-scaled.jpg\" alt=\"\" width=\"2560\" height=\"1707\" \/><\/p>\n<\/div>\n<\/div>\n<div class=\"ds-flex _0a3d93b\">\n<div class=\"ds-flex _965abe9 _54866f7\">\n<div class=\"db183363 ds-icon-button ds-icon-button--m ds-icon-button--sizing-container\" tabindex=\"0\" role=\"button\" aria-disabled=\"false\"><span style=\"font-size: 14pt;\">A diretora da Secretaria da Mulher, <\/span><span style=\"color: #993366;\"><strong style=\"font-size: 14pt;\">Cl\u00edcia Mara Silva Damaceno<\/strong><\/span><span style=\"font-size: 14pt;\">, fez um balan\u00e7o positivo do encontro e refor\u00e7ou o simbolismo da data.<\/span><\/div>\n<\/div>\n<\/div>\n<blockquote><p><span style=\"font-size: 14pt;\"> \u201cRealizar este congresso na v\u00e9spera do 8 de Mar\u00e7o n\u00e3o \u00e9 uma coincid\u00eancia, <span style=\"background-color: #e30b97; color: #ffffff;\"><strong>\u00e9 uma afirma\u00e7\u00e3o pol\u00edtica<\/strong><\/span>. Estamos aqui para mostrar que a mulher n\u00e3o quer apenas flores, quer respeito, quer igualdade e quer instrumentos para combater a viol\u00eancia. Esta Secretaria existe para ser o bra\u00e7o forte dessas trabalhadoras, e sa\u00edmos daqui ainda mais unidas e preparadas\u201d, celebrou a dirigente.<\/span><\/p><\/blockquote>\n<p><img loading=\"lazy\" decoding=\"async\" class=\"alignnone size-full wp-image-25792\" src=\"https:\/\/sinprosasco.org.br\/wp-content\/uploads\/2026\/03\/IMG_0848-scaled.jpg\" alt=\"\" width=\"2560\" height=\"1707\" \/><\/p>\n<p><span style=\"font-size: 14pt;\">Al\u00e9m do rico conte\u00fado program\u00e1tico, a organiza\u00e7\u00e3o do evento primou pela acolhida e integra\u00e7\u00e3o das participantes. As sindicalistas foram recepcionadas com um caf\u00e9 da manh\u00e3 refor\u00e7ado e, no intervalo das atividades, puderam desfrutar de um almo\u00e7o bem servido, proporcionando momentos de confraterniza\u00e7\u00e3o e troca de experi\u00eancias entre as representantes de diversas regi\u00f5es do Estado.<\/span><\/p>\n<p><img loading=\"lazy\" decoding=\"async\" class=\"alignnone size-full wp-image-25789\" src=\"https:\/\/sinprosasco.org.br\/wp-content\/uploads\/2026\/03\/IMG_0828-scaled.jpg\" alt=\"\" width=\"2560\" height=\"1707\" \/><\/p>\n<p><img loading=\"lazy\" decoding=\"async\" class=\"alignnone size-full wp-image-25788\" src=\"https:\/\/sinprosasco.org.br\/wp-content\/uploads\/2026\/03\/IMG_0805-scaled.jpg\" alt=\"\" width=\"2560\" height=\"1707\" \/><\/p>\n<p><span style=\"font-size: 14pt;\">O aspecto l\u00fadico e de integra\u00e7\u00e3o tamb\u00e9m teve seu espa\u00e7o garantido na programa\u00e7\u00e3o. Ap\u00f3s os debates s\u00e9rios e necess\u00e1rias, <span style=\"color: #993366;\"><strong>as participantes se divertiram com din\u00e2micas de grupo, sorteios e um animado bingo, que distribuiu pr\u00eamios e brindes conquistados junto aos parceiros da Federa\u00e7\u00e3o<\/strong><\/span>. A iniciativa refor\u00e7ou o esp\u00edrito de coletividade e a import\u00e2ncia do autocuidado e da descontra\u00e7\u00e3o como partes fundamentais da luta sindical feminina.<\/span><\/p>\n<p><img loading=\"lazy\" decoding=\"async\" class=\"alignnone size-full wp-image-25787\" src=\"https:\/\/sinprosasco.org.br\/wp-content\/uploads\/2026\/03\/IMG_0801-scaled.jpg\" alt=\"\" width=\"2560\" height=\"1707\" \/><\/p>\n<p><img loading=\"lazy\" decoding=\"async\" class=\"alignnone size-full wp-image-25785\" src=\"https:\/\/sinprosasco.org.br\/wp-content\/uploads\/2026\/03\/IMG_0793-scaled.jpg\" alt=\"\" width=\"2560\" height=\"1707\" \/><\/p>\n<p><span style=\"font-size: 14pt;\">Ao final dos trabalhos, o sentimento era de dever cumprido e de motiva\u00e7\u00e3o renovada. O <span style=\"color: #e6166f;\"><strong>7\u00ba Congresso de Mulheres Sindicalistas da Fesspmesp<\/strong><\/span> j\u00e1 \u00e9 um marco, n\u00e3o apenas pelas palestras de alto n\u00edvel, mas por conseguir traduzir o tema proposto em a\u00e7\u00e3o concreta: capacitando lideran\u00e7as, estreitando la\u00e7os e reafirmando o compromisso inegoci\u00e1vel com a defesa dos direitos e da dignidade de todas as mulheres.<\/span><\/p>\n<p><span style=\"font-size: 18pt; color: #e6166f;\"><strong><span class=\"x19la9d6 x1fc57z9 x6ikm8r x10wlt62 x19co3pv x11tp94h xfibh0p xiy17q3 x1xsqp64 x1lkfr7t xexx8yu xyri2b x18d9i69 x1c1uobl\"><span class=\"xrtxmta x1bhl96m\">&#x25b6;&#xfe0f; <\/span><\/span>ASSISTA \u00c0 COBERTURA DO CONGRESSO<\/strong><\/span><\/p>\n<p><iframe loading=\"lazy\" title=\"7\u00ba Congresso de Mulheres Sindicalistas da Fesspmesp transforma discurso em a\u00e7\u00e3o\" width=\"1170\" height=\"658\" src=\"https:\/\/www.youtube.com\/embed\/N4eF3iDKXmU?start=11&#038;feature=oembed\" frameborder=\"0\" allow=\"accelerometer; autoplay; clipboard-write; encrypted-media; gyroscope; picture-in-picture; web-share\" referrerpolicy=\"strict-origin-when-cross-origin\" allowfullscreen><\/iframe><\/p>\n","protected":false},"excerpt":{"rendered":"<p>Nossa vice-presidente Joana D&#8217; Arc Santos Lopes e as diretoras Cleunice Maria Gomes de Campos e Ocimeire Garcia Moyano marcaram presen\u00e7a na \u00faltima sexta, dia 6 de mar\u00e7o, na cidade de Ribeir\u00e3o Preto. Elas representaram o SINTRAMEM no 7\u00ba Congresso de Mulheres Sindicalistas\u00a0da Fesspmesp (Federa\u00e7\u00e3o dos Sindicatos dos Servidores P\u00fablicos Municipais do Estado de S\u00e3o&hellip;<\/p>\n","protected":false},"author":1,"featured_media":9649,"comment_status":"open","ping_status":"closed","sticky":false,"template":"","format":"standard","meta":{"_monsterinsights_skip_tracking":false,"_monsterinsights_sitenote_active":false,"_monsterinsights_sitenote_note":"","_monsterinsights_sitenote_category":0,"footnotes":""},"categories":[1],"tags":[],"class_list":["post-9639","post","type-post","status-publish","format-standard","has-post-thumbnail","hentry","category-sintramem-sintramem"],"yoast_head":"<!-- This site is optimized with the Yoast SEO plugin v27.0 - https:\/\/yoast.com\/product\/yoast-seo-wordpress\/ -->\n<title>Diretoras do SINTRAMEM participam do 7\u00ba Congresso de Mulheres Sindicalistas\u00a0da Fesspmesp em Ribeir\u00e3o Preto\/SP - SINTRAMEM<\/title>\n<meta name=\"robots\" content=\"index, follow, max-snippet:-1, max-image-preview:large, max-video-preview:-1\" \/>\n<link rel=\"canonical\" href=\"https:\/\/sintramem-sv.org.br\/sintramem\/diretoras-do-sintramem-participam-do-7o-congresso-de-mulheres-sindicalistas-da-fesspmesp\/\" \/>\n<meta property=\"og:locale\" content=\"pt_BR\" \/>\n<meta property=\"og:type\" content=\"article\" \/>\n<meta property=\"og:title\" content=\"Diretoras do SINTRAMEM participam do 7\u00ba Congresso de Mulheres Sindicalistas\u00a0da Fesspmesp em Ribeir\u00e3o Preto\/SP - SINTRAMEM\" \/>\n<meta property=\"og:description\" content=\"Nossa vice-presidente Joana D&#8217; Arc Santos Lopes e as diretoras Cleunice Maria Gomes de Campos e Ocimeire Garcia Moyano marcaram presen\u00e7a na \u00faltima sexta, dia 6 de mar\u00e7o, na cidade de Ribeir\u00e3o Preto. Elas representaram o SINTRAMEM no 7\u00ba Congresso de Mulheres Sindicalistas\u00a0da Fesspmesp (Federa\u00e7\u00e3o dos Sindicatos dos Servidores P\u00fablicos Municipais do Estado de S\u00e3o&hellip;\" \/>\n<meta property=\"og:url\" content=\"https:\/\/sintramem-sv.org.br\/sintramem\/diretoras-do-sintramem-participam-do-7o-congresso-de-mulheres-sindicalistas-da-fesspmesp\/\" \/>\n<meta property=\"og:site_name\" content=\"SINTRAMEM\" \/>\n<meta property=\"article:published_time\" content=\"2026-03-10T15:08:18+00:00\" \/>\n<meta property=\"article:modified_time\" content=\"2026-03-11T16:54:53+00:00\" \/>\n<meta property=\"og:image\" content=\"https:\/\/sintramem-sv.org.br\/sintramem\/wp-content\/uploads\/2026\/03\/600.jpg\" \/>\n\t<meta property=\"og:image:width\" content=\"600\" \/>\n\t<meta property=\"og:image:height\" content=\"334\" \/>\n\t<meta property=\"og:image:type\" content=\"image\/jpeg\" \/>\n<meta name=\"author\" content=\"sintramem\" \/>\n<meta name=\"twitter:card\" content=\"summary_large_image\" \/>\n<meta name=\"twitter:label1\" content=\"Escrito por\" \/>\n\t<meta name=\"twitter:data1\" content=\"sintramem\" \/>\n\t<meta name=\"twitter:label2\" content=\"Est. tempo de leitura\" \/>\n\t<meta name=\"twitter:data2\" content=\"7 minutos\" \/>\n<script type=\"application\/ld+json\" class=\"yoast-schema-graph\">{\"@context\":\"https:\/\/schema.org\",\"@graph\":[{\"@type\":\"Article\",\"@id\":\"https:\/\/sintramem-sv.org.br\/sintramem\/diretoras-do-sintramem-participam-do-7o-congresso-de-mulheres-sindicalistas-da-fesspmesp\/#article\",\"isPartOf\":{\"@id\":\"https:\/\/sintramem-sv.org.br\/sintramem\/diretoras-do-sintramem-participam-do-7o-congresso-de-mulheres-sindicalistas-da-fesspmesp\/\"},\"author\":{\"name\":\"sintramem\",\"@id\":\"https:\/\/sintramem-sv.org.br\/sintramem\/#\/schema\/person\/a8decb8ea63607d1e01e046c95ddcf2b\"},\"headline\":\"Diretoras do SINTRAMEM participam do 7\u00ba Congresso de Mulheres Sindicalistas\u00a0da Fesspmesp em Ribeir\u00e3o Preto\/SP\",\"datePublished\":\"2026-03-10T15:08:18+00:00\",\"dateModified\":\"2026-03-11T16:54:53+00:00\",\"mainEntityOfPage\":{\"@id\":\"https:\/\/sintramem-sv.org.br\/sintramem\/diretoras-do-sintramem-participam-do-7o-congresso-de-mulheres-sindicalistas-da-fesspmesp\/\"},\"wordCount\":997,\"commentCount\":0,\"publisher\":{\"@id\":\"https:\/\/sintramem-sv.org.br\/sintramem\/#organization\"},\"image\":{\"@id\":\"https:\/\/sintramem-sv.org.br\/sintramem\/diretoras-do-sintramem-participam-do-7o-congresso-de-mulheres-sindicalistas-da-fesspmesp\/#primaryimage\"},\"thumbnailUrl\":\"https:\/\/sintramem-sv.org.br\/sintramem\/wp-content\/uploads\/2026\/03\/DESTACADA-7-CONGRESSO-DE-MULHERES.png\",\"articleSection\":[\"sintramem\"],\"inLanguage\":\"pt-BR\",\"potentialAction\":[{\"@type\":\"CommentAction\",\"name\":\"Comment\",\"target\":[\"https:\/\/sintramem-sv.org.br\/sintramem\/diretoras-do-sintramem-participam-do-7o-congresso-de-mulheres-sindicalistas-da-fesspmesp\/#respond\"]}]},{\"@type\":\"WebPage\",\"@id\":\"https:\/\/sintramem-sv.org.br\/sintramem\/diretoras-do-sintramem-participam-do-7o-congresso-de-mulheres-sindicalistas-da-fesspmesp\/\",\"url\":\"https:\/\/sintramem-sv.org.br\/sintramem\/diretoras-do-sintramem-participam-do-7o-congresso-de-mulheres-sindicalistas-da-fesspmesp\/\",\"name\":\"Diretoras do SINTRAMEM participam do 7\u00ba Congresso de Mulheres Sindicalistas\u00a0da Fesspmesp em Ribeir\u00e3o Preto\/SP - SINTRAMEM\",\"isPartOf\":{\"@id\":\"https:\/\/sintramem-sv.org.br\/sintramem\/#website\"},\"primaryImageOfPage\":{\"@id\":\"https:\/\/sintramem-sv.org.br\/sintramem\/diretoras-do-sintramem-participam-do-7o-congresso-de-mulheres-sindicalistas-da-fesspmesp\/#primaryimage\"},\"image\":{\"@id\":\"https:\/\/sintramem-sv.org.br\/sintramem\/diretoras-do-sintramem-participam-do-7o-congresso-de-mulheres-sindicalistas-da-fesspmesp\/#primaryimage\"},\"thumbnailUrl\":\"https:\/\/sintramem-sv.org.br\/sintramem\/wp-content\/uploads\/2026\/03\/DESTACADA-7-CONGRESSO-DE-MULHERES.png\",\"datePublished\":\"2026-03-10T15:08:18+00:00\",\"dateModified\":\"2026-03-11T16:54:53+00:00\",\"breadcrumb\":{\"@id\":\"https:\/\/sintramem-sv.org.br\/sintramem\/diretoras-do-sintramem-participam-do-7o-congresso-de-mulheres-sindicalistas-da-fesspmesp\/#breadcrumb\"},\"inLanguage\":\"pt-BR\",\"potentialAction\":[{\"@type\":\"ReadAction\",\"target\":[\"https:\/\/sintramem-sv.org.br\/sintramem\/diretoras-do-sintramem-participam-do-7o-congresso-de-mulheres-sindicalistas-da-fesspmesp\/\"]}]},{\"@type\":\"ImageObject\",\"inLanguage\":\"pt-BR\",\"@id\":\"https:\/\/sintramem-sv.org.br\/sintramem\/diretoras-do-sintramem-participam-do-7o-congresso-de-mulheres-sindicalistas-da-fesspmesp\/#primaryimage\",\"url\":\"https:\/\/sintramem-sv.org.br\/sintramem\/wp-content\/uploads\/2026\/03\/DESTACADA-7-CONGRESSO-DE-MULHERES.png\",\"contentUrl\":\"https:\/\/sintramem-sv.org.br\/sintramem\/wp-content\/uploads\/2026\/03\/DESTACADA-7-CONGRESSO-DE-MULHERES.png\",\"width\":2048,\"height\":1140},{\"@type\":\"BreadcrumbList\",\"@id\":\"https:\/\/sintramem-sv.org.br\/sintramem\/diretoras-do-sintramem-participam-do-7o-congresso-de-mulheres-sindicalistas-da-fesspmesp\/#breadcrumb\",\"itemListElement\":[{\"@type\":\"ListItem\",\"position\":1,\"name\":\"In\u00edcio\",\"item\":\"https:\/\/sintramem-sv.org.br\/sintramem\/\"},{\"@type\":\"ListItem\",\"position\":2,\"name\":\"Diretoras do SINTRAMEM participam do 7\u00ba Congresso de Mulheres Sindicalistas\u00a0da Fesspmesp em Ribeir\u00e3o Preto\/SP\"}]},{\"@type\":\"WebSite\",\"@id\":\"https:\/\/sintramem-sv.org.br\/sintramem\/#website\",\"url\":\"https:\/\/sintramem-sv.org.br\/sintramem\/\",\"name\":\"SINTRAMEM\",\"description\":\"Sindicato dos Trabalhadores no Magist\u00e9rio e na Educa\u00e7\u00e3o de S\u00e3o Vicente\",\"publisher\":{\"@id\":\"https:\/\/sintramem-sv.org.br\/sintramem\/#organization\"},\"potentialAction\":[{\"@type\":\"SearchAction\",\"target\":{\"@type\":\"EntryPoint\",\"urlTemplate\":\"https:\/\/sintramem-sv.org.br\/sintramem\/?s={search_term_string}\"},\"query-input\":{\"@type\":\"PropertyValueSpecification\",\"valueRequired\":true,\"valueName\":\"search_term_string\"}}],\"inLanguage\":\"pt-BR\"},{\"@type\":\"Organization\",\"@id\":\"https:\/\/sintramem-sv.org.br\/sintramem\/#organization\",\"name\":\"SINTRAMEM\",\"url\":\"https:\/\/sintramem-sv.org.br\/sintramem\/\",\"logo\":{\"@type\":\"ImageObject\",\"inLanguage\":\"pt-BR\",\"@id\":\"https:\/\/sintramem-sv.org.br\/sintramem\/#\/schema\/logo\/image\/\",\"url\":\"https:\/\/sintramem-sv.org.br\/sintramem\/wp-content\/uploads\/2017\/02\/SINTRAMEM-LOGO-OFICIAL-300x100-jpg.jpg\",\"contentUrl\":\"https:\/\/sintramem-sv.org.br\/sintramem\/wp-content\/uploads\/2017\/02\/SINTRAMEM-LOGO-OFICIAL-300x100-jpg.jpg\",\"width\":150,\"height\":150,\"caption\":\"SINTRAMEM\"},\"image\":{\"@id\":\"https:\/\/sintramem-sv.org.br\/sintramem\/#\/schema\/logo\/image\/\"}},{\"@type\":\"Person\",\"@id\":\"https:\/\/sintramem-sv.org.br\/sintramem\/#\/schema\/person\/a8decb8ea63607d1e01e046c95ddcf2b\",\"name\":\"sintramem\",\"image\":{\"@type\":\"ImageObject\",\"inLanguage\":\"pt-BR\",\"@id\":\"https:\/\/sintramem-sv.org.br\/sintramem\/#\/schema\/person\/image\/\",\"url\":\"https:\/\/secure.gravatar.com\/avatar\/8e06da3b0d4f051010117c848b52b9280a4228043717057ccccccc8b20ff8f48?s=96&d=mm&r=g\",\"contentUrl\":\"https:\/\/secure.gravatar.com\/avatar\/8e06da3b0d4f051010117c848b52b9280a4228043717057ccccccc8b20ff8f48?s=96&d=mm&r=g\",\"caption\":\"sintramem\"},\"description\":\"Sindicato dos Trabalhadores no Magist\u00e9rio e na Educa\u00e7\u00e3o Municipal de S\u00e3o Vicente\",\"url\":\"https:\/\/sintramem-sv.org.br\/sintramem\/author\/sindsv\/\"}]}<\/script>\n<!-- \/ Yoast SEO plugin. -->","yoast_head_json":{"title":"Diretoras do SINTRAMEM participam do 7\u00ba Congresso de Mulheres Sindicalistas\u00a0da Fesspmesp em Ribeir\u00e3o Preto\/SP - SINTRAMEM","robots":{"index":"index","follow":"follow","max-snippet":"max-snippet:-1","max-image-preview":"max-image-preview:large","max-video-preview":"max-video-preview:-1"},"canonical":"https:\/\/sintramem-sv.org.br\/sintramem\/diretoras-do-sintramem-participam-do-7o-congresso-de-mulheres-sindicalistas-da-fesspmesp\/","og_locale":"pt_BR","og_type":"article","og_title":"Diretoras do SINTRAMEM participam do 7\u00ba Congresso de Mulheres Sindicalistas\u00a0da Fesspmesp em Ribeir\u00e3o Preto\/SP - SINTRAMEM","og_description":"Nossa vice-presidente Joana D&#8217; Arc Santos Lopes e as diretoras Cleunice Maria Gomes de Campos e Ocimeire Garcia Moyano marcaram presen\u00e7a na \u00faltima sexta, dia 6 de mar\u00e7o, na cidade de Ribeir\u00e3o Preto. Elas representaram o SINTRAMEM no 7\u00ba Congresso de Mulheres Sindicalistas\u00a0da Fesspmesp (Federa\u00e7\u00e3o dos Sindicatos dos Servidores P\u00fablicos Municipais do Estado de S\u00e3o&hellip;","og_url":"https:\/\/sintramem-sv.org.br\/sintramem\/diretoras-do-sintramem-participam-do-7o-congresso-de-mulheres-sindicalistas-da-fesspmesp\/","og_site_name":"SINTRAMEM","article_published_time":"2026-03-10T15:08:18+00:00","article_modified_time":"2026-03-11T16:54:53+00:00","og_image":[{"width":600,"height":334,"url":"https:\/\/sintramem-sv.org.br\/sintramem\/wp-content\/uploads\/2026\/03\/600.jpg","type":"image\/jpeg"}],"author":"sintramem","twitter_card":"summary_large_image","twitter_misc":{"Escrito por":"sintramem","Est. tempo de leitura":"7 minutos"},"schema":{"@context":"https:\/\/schema.org","@graph":[{"@type":"Article","@id":"https:\/\/sintramem-sv.org.br\/sintramem\/diretoras-do-sintramem-participam-do-7o-congresso-de-mulheres-sindicalistas-da-fesspmesp\/#article","isPartOf":{"@id":"https:\/\/sintramem-sv.org.br\/sintramem\/diretoras-do-sintramem-participam-do-7o-congresso-de-mulheres-sindicalistas-da-fesspmesp\/"},"author":{"name":"sintramem","@id":"https:\/\/sintramem-sv.org.br\/sintramem\/#\/schema\/person\/a8decb8ea63607d1e01e046c95ddcf2b"},"headline":"Diretoras do SINTRAMEM participam do 7\u00ba Congresso de Mulheres Sindicalistas\u00a0da Fesspmesp em Ribeir\u00e3o Preto\/SP","datePublished":"2026-03-10T15:08:18+00:00","dateModified":"2026-03-11T16:54:53+00:00","mainEntityOfPage":{"@id":"https:\/\/sintramem-sv.org.br\/sintramem\/diretoras-do-sintramem-participam-do-7o-congresso-de-mulheres-sindicalistas-da-fesspmesp\/"},"wordCount":997,"commentCount":0,"publisher":{"@id":"https:\/\/sintramem-sv.org.br\/sintramem\/#organization"},"image":{"@id":"https:\/\/sintramem-sv.org.br\/sintramem\/diretoras-do-sintramem-participam-do-7o-congresso-de-mulheres-sindicalistas-da-fesspmesp\/#primaryimage"},"thumbnailUrl":"https:\/\/sintramem-sv.org.br\/sintramem\/wp-content\/uploads\/2026\/03\/DESTACADA-7-CONGRESSO-DE-MULHERES.png","articleSection":["sintramem"],"inLanguage":"pt-BR","potentialAction":[{"@type":"CommentAction","name":"Comment","target":["https:\/\/sintramem-sv.org.br\/sintramem\/diretoras-do-sintramem-participam-do-7o-congresso-de-mulheres-sindicalistas-da-fesspmesp\/#respond"]}]},{"@type":"WebPage","@id":"https:\/\/sintramem-sv.org.br\/sintramem\/diretoras-do-sintramem-participam-do-7o-congresso-de-mulheres-sindicalistas-da-fesspmesp\/","url":"https:\/\/sintramem-sv.org.br\/sintramem\/diretoras-do-sintramem-participam-do-7o-congresso-de-mulheres-sindicalistas-da-fesspmesp\/","name":"Diretoras do SINTRAMEM participam do 7\u00ba Congresso de Mulheres Sindicalistas\u00a0da Fesspmesp em Ribeir\u00e3o Preto\/SP - SINTRAMEM","isPartOf":{"@id":"https:\/\/sintramem-sv.org.br\/sintramem\/#website"},"primaryImageOfPage":{"@id":"https:\/\/sintramem-sv.org.br\/sintramem\/diretoras-do-sintramem-participam-do-7o-congresso-de-mulheres-sindicalistas-da-fesspmesp\/#primaryimage"},"image":{"@id":"https:\/\/sintramem-sv.org.br\/sintramem\/diretoras-do-sintramem-participam-do-7o-congresso-de-mulheres-sindicalistas-da-fesspmesp\/#primaryimage"},"thumbnailUrl":"https:\/\/sintramem-sv.org.br\/sintramem\/wp-content\/uploads\/2026\/03\/DESTACADA-7-CONGRESSO-DE-MULHERES.png","datePublished":"2026-03-10T15:08:18+00:00","dateModified":"2026-03-11T16:54:53+00:00","breadcrumb":{"@id":"https:\/\/sintramem-sv.org.br\/sintramem\/diretoras-do-sintramem-participam-do-7o-congresso-de-mulheres-sindicalistas-da-fesspmesp\/#breadcrumb"},"inLanguage":"pt-BR","potentialAction":[{"@type":"ReadAction","target":["https:\/\/sintramem-sv.org.br\/sintramem\/diretoras-do-sintramem-participam-do-7o-congresso-de-mulheres-sindicalistas-da-fesspmesp\/"]}]},{"@type":"ImageObject","inLanguage":"pt-BR","@id":"https:\/\/sintramem-sv.org.br\/sintramem\/diretoras-do-sintramem-participam-do-7o-congresso-de-mulheres-sindicalistas-da-fesspmesp\/#primaryimage","url":"https:\/\/sintramem-sv.org.br\/sintramem\/wp-content\/uploads\/2026\/03\/DESTACADA-7-CONGRESSO-DE-MULHERES.png","contentUrl":"https:\/\/sintramem-sv.org.br\/sintramem\/wp-content\/uploads\/2026\/03\/DESTACADA-7-CONGRESSO-DE-MULHERES.png","width":2048,"height":1140},{"@type":"BreadcrumbList","@id":"https:\/\/sintramem-sv.org.br\/sintramem\/diretoras-do-sintramem-participam-do-7o-congresso-de-mulheres-sindicalistas-da-fesspmesp\/#breadcrumb","itemListElement":[{"@type":"ListItem","position":1,"name":"In\u00edcio","item":"https:\/\/sintramem-sv.org.br\/sintramem\/"},{"@type":"ListItem","position":2,"name":"Diretoras do SINTRAMEM participam do 7\u00ba Congresso de Mulheres Sindicalistas\u00a0da Fesspmesp em Ribeir\u00e3o Preto\/SP"}]},{"@type":"WebSite","@id":"https:\/\/sintramem-sv.org.br\/sintramem\/#website","url":"https:\/\/sintramem-sv.org.br\/sintramem\/","name":"SINTRAMEM","description":"Sindicato dos Trabalhadores no Magist\u00e9rio e na Educa\u00e7\u00e3o de S\u00e3o Vicente","publisher":{"@id":"https:\/\/sintramem-sv.org.br\/sintramem\/#organization"},"potentialAction":[{"@type":"SearchAction","target":{"@type":"EntryPoint","urlTemplate":"https:\/\/sintramem-sv.org.br\/sintramem\/?s={search_term_string}"},"query-input":{"@type":"PropertyValueSpecification","valueRequired":true,"valueName":"search_term_string"}}],"inLanguage":"pt-BR"},{"@type":"Organization","@id":"https:\/\/sintramem-sv.org.br\/sintramem\/#organization","name":"SINTRAMEM","url":"https:\/\/sintramem-sv.org.br\/sintramem\/","logo":{"@type":"ImageObject","inLanguage":"pt-BR","@id":"https:\/\/sintramem-sv.org.br\/sintramem\/#\/schema\/logo\/image\/","url":"https:\/\/sintramem-sv.org.br\/sintramem\/wp-content\/uploads\/2017\/02\/SINTRAMEM-LOGO-OFICIAL-300x100-jpg.jpg","contentUrl":"https:\/\/sintramem-sv.org.br\/sintramem\/wp-content\/uploads\/2017\/02\/SINTRAMEM-LOGO-OFICIAL-300x100-jpg.jpg","width":150,"height":150,"caption":"SINTRAMEM"},"image":{"@id":"https:\/\/sintramem-sv.org.br\/sintramem\/#\/schema\/logo\/image\/"}},{"@type":"Person","@id":"https:\/\/sintramem-sv.org.br\/sintramem\/#\/schema\/person\/a8decb8ea63607d1e01e046c95ddcf2b","name":"sintramem","image":{"@type":"ImageObject","inLanguage":"pt-BR","@id":"https:\/\/sintramem-sv.org.br\/sintramem\/#\/schema\/person\/image\/","url":"https:\/\/secure.gravatar.com\/avatar\/8e06da3b0d4f051010117c848b52b9280a4228043717057ccccccc8b20ff8f48?s=96&d=mm&r=g","contentUrl":"https:\/\/secure.gravatar.com\/avatar\/8e06da3b0d4f051010117c848b52b9280a4228043717057ccccccc8b20ff8f48?s=96&d=mm&r=g","caption":"sintramem"},"description":"Sindicato dos Trabalhadores no Magist\u00e9rio e na Educa\u00e7\u00e3o Municipal de S\u00e3o Vicente","url":"https:\/\/sintramem-sv.org.br\/sintramem\/author\/sindsv\/"}]}},"_links":{"self":[{"href":"https:\/\/sintramem-sv.org.br\/sintramem\/wp-json\/wp\/v2\/posts\/9639","targetHints":{"allow":["GET"]}}],"collection":[{"href":"https:\/\/sintramem-sv.org.br\/sintramem\/wp-json\/wp\/v2\/posts"}],"about":[{"href":"https:\/\/sintramem-sv.org.br\/sintramem\/wp-json\/wp\/v2\/types\/post"}],"author":[{"embeddable":true,"href":"https:\/\/sintramem-sv.org.br\/sintramem\/wp-json\/wp\/v2\/users\/1"}],"replies":[{"embeddable":true,"href":"https:\/\/sintramem-sv.org.br\/sintramem\/wp-json\/wp\/v2\/comments?post=9639"}],"version-history":[{"count":8,"href":"https:\/\/sintramem-sv.org.br\/sintramem\/wp-json\/wp\/v2\/posts\/9639\/revisions"}],"predecessor-version":[{"id":9709,"href":"https:\/\/sintramem-sv.org.br\/sintramem\/wp-json\/wp\/v2\/posts\/9639\/revisions\/9709"}],"wp:featuredmedia":[{"embeddable":true,"href":"https:\/\/sintramem-sv.org.br\/sintramem\/wp-json\/wp\/v2\/media\/9649"}],"wp:attachment":[{"href":"https:\/\/sintramem-sv.org.br\/sintramem\/wp-json\/wp\/v2\/media?parent=9639"}],"wp:term":[{"taxonomy":"category","embeddable":true,"href":"https:\/\/sintramem-sv.org.br\/sintramem\/wp-json\/wp\/v2\/categories?post=9639"},{"taxonomy":"post_tag","embeddable":true,"href":"https:\/\/sintramem-sv.org.br\/sintramem\/wp-json\/wp\/v2\/tags?post=9639"}],"curies":[{"name":"wp","href":"https:\/\/api.w.org\/{rel}","templated":true}]}}