{"id":9607,"date":"2026-03-03T20:01:48","date_gmt":"2026-03-03T20:01:48","guid":{"rendered":"https:\/\/sintramem-sv.org.br\/sintramem\/?p=9607"},"modified":"2026-03-03T20:08:01","modified_gmt":"2026-03-03T20:08:01","slug":"live-das-mulheres","status":"publish","type":"post","link":"https:\/\/sintramem-sv.org.br\/sintramem\/live-das-mulheres\/","title":{"rendered":"SINTRAMEM realiza Live Especial do Dia da Mulher com palestra, participa\u00e7\u00f5es e sorteio de pr\u00eamios, dia 10\/3, \u00e0s 19 horas. SE INSCREVA!"},"content":{"rendered":"<p><span style=\"font-size: 14pt;\">O <strong>SINTRAMEM<\/strong> prepara uma programa\u00e7\u00e3o especial para celebrar o Dia Internacional da Mulher com uma live exclusiva para as associadas da entidade. O encontro virtual ser\u00e1 realizado no dia 10 de mar\u00e7o, \u00e0s 19 horas, com transmiss\u00e3o simult\u00e2nea pelo YouTube e Instagram oficial do Sindicato.<\/span><\/p>\n<p><span style=\"font-size: 14pt;\">A iniciativa integra o calend\u00e1rio anual de valoriza\u00e7\u00e3o das mulheres do segmento da Educa\u00e7\u00e3o Municipal e tem como objetivo promover reflex\u00e3o, fortalecimento e di\u00e1logo sobre temas que atravessam a realidade feminina no ambiente de trabalho e na sociedade.<\/span><\/p>\n<p><span style=\"font-size: 18pt; color: #ffffff; background-color: #e8096a;\"><strong>INSCRI\u00c7\u00d5ES ABERTAS E SORTEIO PARA ASSOCIADAS<\/strong><\/span><\/p>\n<p><span style=\"font-size: 14pt;\">As trabalhadoras interessadas devem realizar a inscri\u00e7\u00e3o pelo site do <strong>SINTRAMEM.<\/strong> Ap\u00f3s o cadastro, cada participante receber\u00e1 em seu WhatsApp um n\u00famero da sorte, que garantir\u00e1 sua participa\u00e7\u00e3o no sorteio de diversos pr\u00eamios ao longo da transmiss\u00e3o. A a\u00e7\u00e3o \u00e9 exclusiva para associadas, refor\u00e7ando o compromisso da entidade com quem est\u00e1 unida na luta sindical.<\/span><\/p>\n<p><span style=\"font-size: 18pt; color: #ffffff; background-color: #e8096a;\"><strong>Palestra \u201cEmpoderamento Feminino\u201d com a vereadora Luciana, de Itatiba<\/strong><\/span><\/p>\n<p><span style=\"font-size: 14pt;\">A programa\u00e7\u00e3o contar\u00e1 com a participa\u00e7\u00e3o especial da vereadora <strong>Luciana,<\/strong> de Itatiba, que ministrar\u00e1 a palestra \u201cEmpoderamento Feminino\u201d. A convidada abordar\u00e1 temas fundamentais como autonomia, equidade, autoestima, lideran\u00e7a e os desafios das mulheres na pol\u00edtica, no servi\u00e7o p\u00fablico e na vida cotidiana.<\/span><\/p>\n<p><span style=\"font-size: 18pt; color: #ffffff; background-color: #e8096a;\"><strong>Diretoras do SINTRAMEM compartilham experi\u00eancias<\/strong><\/span><\/p>\n<p><span style=\"font-size: 14pt;\">A live tamb\u00e9m dar\u00e1 espa\u00e7o para que as diretoras do Sindicato compartilhem suas viv\u00eancias enquanto mulheres, profissionais da Educa\u00e7\u00e3o e representantes sindicais. Ser\u00e3o relatos que traduzem a luta di\u00e1ria contra desigualdades, preconceitos e desafios enfrentados dentro e fora do ambiente de trabalho.<\/span><\/p>\n<p><span style=\"font-size: 18pt; color: #ffffff; background-color: #e8096a;\"><strong>Momento de integra\u00e7\u00e3o e reconhecimento<\/strong><\/span><\/p>\n<p><span style=\"font-size: 14pt;\">Al\u00e9m dos conte\u00fados formativos e inspiradores, a programa\u00e7\u00e3o traz uma s\u00e9rie de sorteios especiais, destinados \u00e0s associadas previamente inscritas. A proposta \u00e9 oferecer um momento de integra\u00e7\u00e3o, acolhimento e reconhecimento \u00e0s mulheres que comp\u00f5em a base do <strong>SINTRAMEM<\/strong> e fortalecem a entidade.<\/span><\/p>\n<p><span style=\"font-size: 18pt; color: #ffffff; background-color: #e8096a;\"><strong>Compromisso com igualdade, respeito e dignidade<\/strong><\/span><\/p>\n<blockquote><p><span style=\"font-size: 14pt;\">\u201cCom esta iniciativa, o <strong>SINTRAMEM<\/strong> reafirma seu compromisso com a igualdade de direitos, o respeito \u00e0s mulheres e a promo\u00e7\u00e3o de ambientes mais seguros, justos e acolhedores. A live refor\u00e7a o papel fundamental da mulher na constru\u00e7\u00e3o de uma sociedade e de um servi\u00e7o p\u00fablico mais humanos, democr\u00e1ticos e conscientes\u201d, afirma a diretora Aline dos Anjos.<\/span><\/p><\/blockquote>\n<p><span style=\"font-size: 18pt; color: #ffffff; background-color: #e8096a;\"><strong>INSCREVAM-SE!<\/strong><\/span><\/p>\n<p><iframe loading=\"lazy\" src=\"https:\/\/docs.google.com\/forms\/d\/e\/1FAIpQLScVWO-l761Tvyf0KV7fHquZSlCzvytR5HqElVxaKqiMpASElg\/viewform?embedded=true\" width=\"640\" height=\"1050\" frameborder=\"0\" marginwidth=\"0\" marginheight=\"0\">Carregando\u2026<\/iframe><\/p>\n<p><img loading=\"lazy\" decoding=\"async\" class=\"aligncenter size-full wp-image-9608\" src=\"https:\/\/sintramem-sv.org.br\/sintramem\/wp-content\/uploads\/2026\/03\/Card-Dia-da-Mulher-SINTRAMEM.png\" alt=\"\" width=\"1080\" height=\"1350\" srcset=\"https:\/\/sintramem-sv.org.br\/sintramem\/wp-content\/uploads\/2026\/03\/Card-Dia-da-Mulher-SINTRAMEM.png 1080w, https:\/\/sintramem-sv.org.br\/sintramem\/wp-content\/uploads\/2026\/03\/Card-Dia-da-Mulher-SINTRAMEM-240x300.png 240w, https:\/\/sintramem-sv.org.br\/sintramem\/wp-content\/uploads\/2026\/03\/Card-Dia-da-Mulher-SINTRAMEM-819x1024.png 819w, https:\/\/sintramem-sv.org.br\/sintramem\/wp-content\/uploads\/2026\/03\/Card-Dia-da-Mulher-SINTRAMEM-768x960.png 768w\" sizes=\"auto, (max-width: 1080px) 100vw, 1080px\" \/><\/p>\n","protected":false},"excerpt":{"rendered":"<p>O SINTRAMEM prepara uma programa\u00e7\u00e3o especial para celebrar o Dia Internacional da Mulher com uma live exclusiva para as associadas da entidade. O encontro virtual ser\u00e1 realizado no dia 10 de mar\u00e7o, \u00e0s 19 horas, com transmiss\u00e3o simult\u00e2nea pelo YouTube e Instagram oficial do Sindicato. A iniciativa integra o calend\u00e1rio anual de valoriza\u00e7\u00e3o das mulheres&hellip;<\/p>\n","protected":false},"author":1,"featured_media":9609,"comment_status":"open","ping_status":"closed","sticky":false,"template":"","format":"standard","meta":{"_monsterinsights_skip_tracking":false,"_monsterinsights_sitenote_active":false,"_monsterinsights_sitenote_note":"","_monsterinsights_sitenote_category":0,"footnotes":""},"categories":[1],"tags":[],"class_list":["post-9607","post","type-post","status-publish","format-standard","has-post-thumbnail","hentry","category-sintramem-sintramem"],"yoast_head":"<!-- This site is optimized with the Yoast SEO plugin v27.0 - https:\/\/yoast.com\/product\/yoast-seo-wordpress\/ -->\n<title>SINTRAMEM realiza Live Especial do Dia da Mulher com palestra, participa\u00e7\u00f5es e sorteio de pr\u00eamios, dia 10\/3, \u00e0s 19 horas. SE INSCREVA! - SINTRAMEM<\/title>\n<meta name=\"robots\" content=\"index, follow, max-snippet:-1, max-image-preview:large, max-video-preview:-1\" \/>\n<link rel=\"canonical\" href=\"https:\/\/sintramem-sv.org.br\/sintramem\/live-das-mulheres\/\" \/>\n<meta property=\"og:locale\" content=\"pt_BR\" \/>\n<meta property=\"og:type\" content=\"article\" \/>\n<meta property=\"og:title\" content=\"SINTRAMEM realiza Live Especial do Dia da Mulher com palestra, participa\u00e7\u00f5es e sorteio de pr\u00eamios, dia 10\/3, \u00e0s 19 horas. SE INSCREVA! - SINTRAMEM\" \/>\n<meta property=\"og:description\" content=\"O SINTRAMEM prepara uma programa\u00e7\u00e3o especial para celebrar o Dia Internacional da Mulher com uma live exclusiva para as associadas da entidade. O encontro virtual ser\u00e1 realizado no dia 10 de mar\u00e7o, \u00e0s 19 horas, com transmiss\u00e3o simult\u00e2nea pelo YouTube e Instagram oficial do Sindicato. A iniciativa integra o calend\u00e1rio anual de valoriza\u00e7\u00e3o das mulheres&hellip;\" \/>\n<meta property=\"og:url\" content=\"https:\/\/sintramem-sv.org.br\/sintramem\/live-das-mulheres\/\" \/>\n<meta property=\"og:site_name\" content=\"SINTRAMEM\" \/>\n<meta property=\"article:published_time\" content=\"2026-03-03T20:01:48+00:00\" \/>\n<meta property=\"article:modified_time\" content=\"2026-03-03T20:08:01+00:00\" \/>\n<meta property=\"og:image\" content=\"https:\/\/sintramem-sv.org.br\/sintramem\/wp-content\/uploads\/2026\/03\/menor.png\" \/>\n\t<meta property=\"og:image:width\" content=\"500\" \/>\n\t<meta property=\"og:image:height\" content=\"278\" \/>\n\t<meta property=\"og:image:type\" content=\"image\/png\" \/>\n<meta name=\"author\" content=\"sintramem\" \/>\n<meta name=\"twitter:card\" content=\"summary_large_image\" \/>\n<meta name=\"twitter:label1\" content=\"Escrito por\" \/>\n\t<meta name=\"twitter:data1\" content=\"sintramem\" \/>\n\t<meta name=\"twitter:label2\" content=\"Est. tempo de leitura\" \/>\n\t<meta name=\"twitter:data2\" content=\"3 minutos\" \/>\n<script type=\"application\/ld+json\" class=\"yoast-schema-graph\">{\"@context\":\"https:\/\/schema.org\",\"@graph\":[{\"@type\":\"Article\",\"@id\":\"https:\/\/sintramem-sv.org.br\/sintramem\/live-das-mulheres\/#article\",\"isPartOf\":{\"@id\":\"https:\/\/sintramem-sv.org.br\/sintramem\/live-das-mulheres\/\"},\"author\":{\"name\":\"sintramem\",\"@id\":\"https:\/\/sintramem-sv.org.br\/sintramem\/#\/schema\/person\/a8decb8ea63607d1e01e046c95ddcf2b\"},\"headline\":\"SINTRAMEM realiza Live Especial do Dia da Mulher com palestra, participa\u00e7\u00f5es e sorteio de pr\u00eamios, dia 10\/3, \u00e0s 19 horas. SE INSCREVA!\",\"datePublished\":\"2026-03-03T20:01:48+00:00\",\"dateModified\":\"2026-03-03T20:08:01+00:00\",\"mainEntityOfPage\":{\"@id\":\"https:\/\/sintramem-sv.org.br\/sintramem\/live-das-mulheres\/\"},\"wordCount\":415,\"commentCount\":0,\"publisher\":{\"@id\":\"https:\/\/sintramem-sv.org.br\/sintramem\/#organization\"},\"image\":{\"@id\":\"https:\/\/sintramem-sv.org.br\/sintramem\/live-das-mulheres\/#primaryimage\"},\"thumbnailUrl\":\"https:\/\/sintramem-sv.org.br\/sintramem\/wp-content\/uploads\/2026\/03\/Destacada-Dia-da-Mulher-SINTRAMEM.png\",\"articleSection\":[\"sintramem\"],\"inLanguage\":\"pt-BR\",\"potentialAction\":[{\"@type\":\"CommentAction\",\"name\":\"Comment\",\"target\":[\"https:\/\/sintramem-sv.org.br\/sintramem\/live-das-mulheres\/#respond\"]}]},{\"@type\":\"WebPage\",\"@id\":\"https:\/\/sintramem-sv.org.br\/sintramem\/live-das-mulheres\/\",\"url\":\"https:\/\/sintramem-sv.org.br\/sintramem\/live-das-mulheres\/\",\"name\":\"SINTRAMEM realiza Live Especial do Dia da Mulher com palestra, participa\u00e7\u00f5es e sorteio de pr\u00eamios, dia 10\/3, \u00e0s 19 horas. SE INSCREVA! - SINTRAMEM\",\"isPartOf\":{\"@id\":\"https:\/\/sintramem-sv.org.br\/sintramem\/#website\"},\"primaryImageOfPage\":{\"@id\":\"https:\/\/sintramem-sv.org.br\/sintramem\/live-das-mulheres\/#primaryimage\"},\"image\":{\"@id\":\"https:\/\/sintramem-sv.org.br\/sintramem\/live-das-mulheres\/#primaryimage\"},\"thumbnailUrl\":\"https:\/\/sintramem-sv.org.br\/sintramem\/wp-content\/uploads\/2026\/03\/Destacada-Dia-da-Mulher-SINTRAMEM.png\",\"datePublished\":\"2026-03-03T20:01:48+00:00\",\"dateModified\":\"2026-03-03T20:08:01+00:00\",\"breadcrumb\":{\"@id\":\"https:\/\/sintramem-sv.org.br\/sintramem\/live-das-mulheres\/#breadcrumb\"},\"inLanguage\":\"pt-BR\",\"potentialAction\":[{\"@type\":\"ReadAction\",\"target\":[\"https:\/\/sintramem-sv.org.br\/sintramem\/live-das-mulheres\/\"]}]},{\"@type\":\"ImageObject\",\"inLanguage\":\"pt-BR\",\"@id\":\"https:\/\/sintramem-sv.org.br\/sintramem\/live-das-mulheres\/#primaryimage\",\"url\":\"https:\/\/sintramem-sv.org.br\/sintramem\/wp-content\/uploads\/2026\/03\/Destacada-Dia-da-Mulher-SINTRAMEM.png\",\"contentUrl\":\"https:\/\/sintramem-sv.org.br\/sintramem\/wp-content\/uploads\/2026\/03\/Destacada-Dia-da-Mulher-SINTRAMEM.png\",\"width\":1294,\"height\":720},{\"@type\":\"BreadcrumbList\",\"@id\":\"https:\/\/sintramem-sv.org.br\/sintramem\/live-das-mulheres\/#breadcrumb\",\"itemListElement\":[{\"@type\":\"ListItem\",\"position\":1,\"name\":\"In\u00edcio\",\"item\":\"https:\/\/sintramem-sv.org.br\/sintramem\/\"},{\"@type\":\"ListItem\",\"position\":2,\"name\":\"SINTRAMEM realiza Live Especial do Dia da Mulher com palestra, participa\u00e7\u00f5es e sorteio de pr\u00eamios, dia 10\/3, \u00e0s 19 horas. SE INSCREVA!\"}]},{\"@type\":\"WebSite\",\"@id\":\"https:\/\/sintramem-sv.org.br\/sintramem\/#website\",\"url\":\"https:\/\/sintramem-sv.org.br\/sintramem\/\",\"name\":\"SINTRAMEM\",\"description\":\"Sindicato dos Trabalhadores no Magist\u00e9rio e na Educa\u00e7\u00e3o de S\u00e3o Vicente\",\"publisher\":{\"@id\":\"https:\/\/sintramem-sv.org.br\/sintramem\/#organization\"},\"potentialAction\":[{\"@type\":\"SearchAction\",\"target\":{\"@type\":\"EntryPoint\",\"urlTemplate\":\"https:\/\/sintramem-sv.org.br\/sintramem\/?s={search_term_string}\"},\"query-input\":{\"@type\":\"PropertyValueSpecification\",\"valueRequired\":true,\"valueName\":\"search_term_string\"}}],\"inLanguage\":\"pt-BR\"},{\"@type\":\"Organization\",\"@id\":\"https:\/\/sintramem-sv.org.br\/sintramem\/#organization\",\"name\":\"SINTRAMEM\",\"url\":\"https:\/\/sintramem-sv.org.br\/sintramem\/\",\"logo\":{\"@type\":\"ImageObject\",\"inLanguage\":\"pt-BR\",\"@id\":\"https:\/\/sintramem-sv.org.br\/sintramem\/#\/schema\/logo\/image\/\",\"url\":\"https:\/\/sintramem-sv.org.br\/sintramem\/wp-content\/uploads\/2017\/02\/SINTRAMEM-LOGO-OFICIAL-300x100-jpg.jpg\",\"contentUrl\":\"https:\/\/sintramem-sv.org.br\/sintramem\/wp-content\/uploads\/2017\/02\/SINTRAMEM-LOGO-OFICIAL-300x100-jpg.jpg\",\"width\":150,\"height\":150,\"caption\":\"SINTRAMEM\"},\"image\":{\"@id\":\"https:\/\/sintramem-sv.org.br\/sintramem\/#\/schema\/logo\/image\/\"}},{\"@type\":\"Person\",\"@id\":\"https:\/\/sintramem-sv.org.br\/sintramem\/#\/schema\/person\/a8decb8ea63607d1e01e046c95ddcf2b\",\"name\":\"sintramem\",\"image\":{\"@type\":\"ImageObject\",\"inLanguage\":\"pt-BR\",\"@id\":\"https:\/\/sintramem-sv.org.br\/sintramem\/#\/schema\/person\/image\/\",\"url\":\"https:\/\/secure.gravatar.com\/avatar\/8e06da3b0d4f051010117c848b52b9280a4228043717057ccccccc8b20ff8f48?s=96&d=mm&r=g\",\"contentUrl\":\"https:\/\/secure.gravatar.com\/avatar\/8e06da3b0d4f051010117c848b52b9280a4228043717057ccccccc8b20ff8f48?s=96&d=mm&r=g\",\"caption\":\"sintramem\"},\"description\":\"Sindicato dos Trabalhadores no Magist\u00e9rio e na Educa\u00e7\u00e3o Municipal de S\u00e3o Vicente\",\"url\":\"https:\/\/sintramem-sv.org.br\/sintramem\/author\/sindsv\/\"}]}<\/script>\n<!-- \/ Yoast SEO plugin. -->","yoast_head_json":{"title":"SINTRAMEM realiza Live Especial do Dia da Mulher com palestra, participa\u00e7\u00f5es e sorteio de pr\u00eamios, dia 10\/3, \u00e0s 19 horas. SE INSCREVA! - SINTRAMEM","robots":{"index":"index","follow":"follow","max-snippet":"max-snippet:-1","max-image-preview":"max-image-preview:large","max-video-preview":"max-video-preview:-1"},"canonical":"https:\/\/sintramem-sv.org.br\/sintramem\/live-das-mulheres\/","og_locale":"pt_BR","og_type":"article","og_title":"SINTRAMEM realiza Live Especial do Dia da Mulher com palestra, participa\u00e7\u00f5es e sorteio de pr\u00eamios, dia 10\/3, \u00e0s 19 horas. SE INSCREVA! - SINTRAMEM","og_description":"O SINTRAMEM prepara uma programa\u00e7\u00e3o especial para celebrar o Dia Internacional da Mulher com uma live exclusiva para as associadas da entidade. O encontro virtual ser\u00e1 realizado no dia 10 de mar\u00e7o, \u00e0s 19 horas, com transmiss\u00e3o simult\u00e2nea pelo YouTube e Instagram oficial do Sindicato. A iniciativa integra o calend\u00e1rio anual de valoriza\u00e7\u00e3o das mulheres&hellip;","og_url":"https:\/\/sintramem-sv.org.br\/sintramem\/live-das-mulheres\/","og_site_name":"SINTRAMEM","article_published_time":"2026-03-03T20:01:48+00:00","article_modified_time":"2026-03-03T20:08:01+00:00","og_image":[{"width":500,"height":278,"url":"https:\/\/sintramem-sv.org.br\/sintramem\/wp-content\/uploads\/2026\/03\/menor.png","type":"image\/png"}],"author":"sintramem","twitter_card":"summary_large_image","twitter_misc":{"Escrito por":"sintramem","Est. tempo de leitura":"3 minutos"},"schema":{"@context":"https:\/\/schema.org","@graph":[{"@type":"Article","@id":"https:\/\/sintramem-sv.org.br\/sintramem\/live-das-mulheres\/#article","isPartOf":{"@id":"https:\/\/sintramem-sv.org.br\/sintramem\/live-das-mulheres\/"},"author":{"name":"sintramem","@id":"https:\/\/sintramem-sv.org.br\/sintramem\/#\/schema\/person\/a8decb8ea63607d1e01e046c95ddcf2b"},"headline":"SINTRAMEM realiza Live Especial do Dia da Mulher com palestra, participa\u00e7\u00f5es e sorteio de pr\u00eamios, dia 10\/3, \u00e0s 19 horas. SE INSCREVA!","datePublished":"2026-03-03T20:01:48+00:00","dateModified":"2026-03-03T20:08:01+00:00","mainEntityOfPage":{"@id":"https:\/\/sintramem-sv.org.br\/sintramem\/live-das-mulheres\/"},"wordCount":415,"commentCount":0,"publisher":{"@id":"https:\/\/sintramem-sv.org.br\/sintramem\/#organization"},"image":{"@id":"https:\/\/sintramem-sv.org.br\/sintramem\/live-das-mulheres\/#primaryimage"},"thumbnailUrl":"https:\/\/sintramem-sv.org.br\/sintramem\/wp-content\/uploads\/2026\/03\/Destacada-Dia-da-Mulher-SINTRAMEM.png","articleSection":["sintramem"],"inLanguage":"pt-BR","potentialAction":[{"@type":"CommentAction","name":"Comment","target":["https:\/\/sintramem-sv.org.br\/sintramem\/live-das-mulheres\/#respond"]}]},{"@type":"WebPage","@id":"https:\/\/sintramem-sv.org.br\/sintramem\/live-das-mulheres\/","url":"https:\/\/sintramem-sv.org.br\/sintramem\/live-das-mulheres\/","name":"SINTRAMEM realiza Live Especial do Dia da Mulher com palestra, participa\u00e7\u00f5es e sorteio de pr\u00eamios, dia 10\/3, \u00e0s 19 horas. SE INSCREVA! - SINTRAMEM","isPartOf":{"@id":"https:\/\/sintramem-sv.org.br\/sintramem\/#website"},"primaryImageOfPage":{"@id":"https:\/\/sintramem-sv.org.br\/sintramem\/live-das-mulheres\/#primaryimage"},"image":{"@id":"https:\/\/sintramem-sv.org.br\/sintramem\/live-das-mulheres\/#primaryimage"},"thumbnailUrl":"https:\/\/sintramem-sv.org.br\/sintramem\/wp-content\/uploads\/2026\/03\/Destacada-Dia-da-Mulher-SINTRAMEM.png","datePublished":"2026-03-03T20:01:48+00:00","dateModified":"2026-03-03T20:08:01+00:00","breadcrumb":{"@id":"https:\/\/sintramem-sv.org.br\/sintramem\/live-das-mulheres\/#breadcrumb"},"inLanguage":"pt-BR","potentialAction":[{"@type":"ReadAction","target":["https:\/\/sintramem-sv.org.br\/sintramem\/live-das-mulheres\/"]}]},{"@type":"ImageObject","inLanguage":"pt-BR","@id":"https:\/\/sintramem-sv.org.br\/sintramem\/live-das-mulheres\/#primaryimage","url":"https:\/\/sintramem-sv.org.br\/sintramem\/wp-content\/uploads\/2026\/03\/Destacada-Dia-da-Mulher-SINTRAMEM.png","contentUrl":"https:\/\/sintramem-sv.org.br\/sintramem\/wp-content\/uploads\/2026\/03\/Destacada-Dia-da-Mulher-SINTRAMEM.png","width":1294,"height":720},{"@type":"BreadcrumbList","@id":"https:\/\/sintramem-sv.org.br\/sintramem\/live-das-mulheres\/#breadcrumb","itemListElement":[{"@type":"ListItem","position":1,"name":"In\u00edcio","item":"https:\/\/sintramem-sv.org.br\/sintramem\/"},{"@type":"ListItem","position":2,"name":"SINTRAMEM realiza Live Especial do Dia da Mulher com palestra, participa\u00e7\u00f5es e sorteio de pr\u00eamios, dia 10\/3, \u00e0s 19 horas. SE INSCREVA!"}]},{"@type":"WebSite","@id":"https:\/\/sintramem-sv.org.br\/sintramem\/#website","url":"https:\/\/sintramem-sv.org.br\/sintramem\/","name":"SINTRAMEM","description":"Sindicato dos Trabalhadores no Magist\u00e9rio e na Educa\u00e7\u00e3o de S\u00e3o Vicente","publisher":{"@id":"https:\/\/sintramem-sv.org.br\/sintramem\/#organization"},"potentialAction":[{"@type":"SearchAction","target":{"@type":"EntryPoint","urlTemplate":"https:\/\/sintramem-sv.org.br\/sintramem\/?s={search_term_string}"},"query-input":{"@type":"PropertyValueSpecification","valueRequired":true,"valueName":"search_term_string"}}],"inLanguage":"pt-BR"},{"@type":"Organization","@id":"https:\/\/sintramem-sv.org.br\/sintramem\/#organization","name":"SINTRAMEM","url":"https:\/\/sintramem-sv.org.br\/sintramem\/","logo":{"@type":"ImageObject","inLanguage":"pt-BR","@id":"https:\/\/sintramem-sv.org.br\/sintramem\/#\/schema\/logo\/image\/","url":"https:\/\/sintramem-sv.org.br\/sintramem\/wp-content\/uploads\/2017\/02\/SINTRAMEM-LOGO-OFICIAL-300x100-jpg.jpg","contentUrl":"https:\/\/sintramem-sv.org.br\/sintramem\/wp-content\/uploads\/2017\/02\/SINTRAMEM-LOGO-OFICIAL-300x100-jpg.jpg","width":150,"height":150,"caption":"SINTRAMEM"},"image":{"@id":"https:\/\/sintramem-sv.org.br\/sintramem\/#\/schema\/logo\/image\/"}},{"@type":"Person","@id":"https:\/\/sintramem-sv.org.br\/sintramem\/#\/schema\/person\/a8decb8ea63607d1e01e046c95ddcf2b","name":"sintramem","image":{"@type":"ImageObject","inLanguage":"pt-BR","@id":"https:\/\/sintramem-sv.org.br\/sintramem\/#\/schema\/person\/image\/","url":"https:\/\/secure.gravatar.com\/avatar\/8e06da3b0d4f051010117c848b52b9280a4228043717057ccccccc8b20ff8f48?s=96&d=mm&r=g","contentUrl":"https:\/\/secure.gravatar.com\/avatar\/8e06da3b0d4f051010117c848b52b9280a4228043717057ccccccc8b20ff8f48?s=96&d=mm&r=g","caption":"sintramem"},"description":"Sindicato dos Trabalhadores no Magist\u00e9rio e na Educa\u00e7\u00e3o Municipal de S\u00e3o Vicente","url":"https:\/\/sintramem-sv.org.br\/sintramem\/author\/sindsv\/"}]}},"_links":{"self":[{"href":"https:\/\/sintramem-sv.org.br\/sintramem\/wp-json\/wp\/v2\/posts\/9607","targetHints":{"allow":["GET"]}}],"collection":[{"href":"https:\/\/sintramem-sv.org.br\/sintramem\/wp-json\/wp\/v2\/posts"}],"about":[{"href":"https:\/\/sintramem-sv.org.br\/sintramem\/wp-json\/wp\/v2\/types\/post"}],"author":[{"embeddable":true,"href":"https:\/\/sintramem-sv.org.br\/sintramem\/wp-json\/wp\/v2\/users\/1"}],"replies":[{"embeddable":true,"href":"https:\/\/sintramem-sv.org.br\/sintramem\/wp-json\/wp\/v2\/comments?post=9607"}],"version-history":[{"count":3,"href":"https:\/\/sintramem-sv.org.br\/sintramem\/wp-json\/wp\/v2\/posts\/9607\/revisions"}],"predecessor-version":[{"id":9614,"href":"https:\/\/sintramem-sv.org.br\/sintramem\/wp-json\/wp\/v2\/posts\/9607\/revisions\/9614"}],"wp:featuredmedia":[{"embeddable":true,"href":"https:\/\/sintramem-sv.org.br\/sintramem\/wp-json\/wp\/v2\/media\/9609"}],"wp:attachment":[{"href":"https:\/\/sintramem-sv.org.br\/sintramem\/wp-json\/wp\/v2\/media?parent=9607"}],"wp:term":[{"taxonomy":"category","embeddable":true,"href":"https:\/\/sintramem-sv.org.br\/sintramem\/wp-json\/wp\/v2\/categories?post=9607"},{"taxonomy":"post_tag","embeddable":true,"href":"https:\/\/sintramem-sv.org.br\/sintramem\/wp-json\/wp\/v2\/tags?post=9607"}],"curies":[{"name":"wp","href":"https:\/\/api.w.org\/{rel}","templated":true}]}}