{"id":9576,"date":"2026-03-02T15:21:51","date_gmt":"2026-03-02T15:21:51","guid":{"rendered":"https:\/\/sintramem-sv.org.br\/sintramem\/?p=9576"},"modified":"2026-03-02T19:11:38","modified_gmt":"2026-03-02T19:11:38","slug":"campanha-salarial-2026-presidente-thobias-paraguai-destaca-avancos","status":"publish","type":"post","link":"https:\/\/sintramem-sv.org.br\/sintramem\/campanha-salarial-2026-presidente-thobias-paraguai-destaca-avancos\/","title":{"rendered":"Campanha Salarial 2026 | Presidente Thobias Paraguai destaca avan\u00e7os da segunda rodada da mesa de negocia\u00e7\u00f5es"},"content":{"rendered":"<p><span style=\"font-size: 14pt;\">O presidente do SINTRAMEM, Thobias Paraguai, gravou um v\u00eddeo <span style=\"background-color: #ffff00;\"><strong>detalhando as resolu\u00e7\u00f5es da segunda reuni\u00e3o da Mesa de Negocia\u00e7\u00e3o da Campanha Salarial 2026<\/strong><\/span>. O encontro ocorreu no dia 27 de fevereiro e abordou diversos itens da Pauta de Reivindica\u00e7\u00f5es da categoria.<\/span><\/p>\n<p><span style=\"font-size: 18pt; color: #ff0000;\"><strong><span class=\"x19la9d6 x1fc57z9 x6ikm8r x10wlt62 x19co3pv x11tp94h xfibh0p xiy17q3 x1xsqp64 x1lkfr7t xexx8yu xyri2b x18d9i69 x1c1uobl\"><span class=\"xrtxmta x1bhl96m\">&#x1f4cc; <\/span><\/span>PAUTA ECON\u00d4MICA<\/strong><\/span><\/p>\n<p><span style=\"font-size: 14pt;\">Entre os pontos discutidos est\u00e3o o \u00edndice de reajuste, considerado baixo pelo Sindicato, que solicitou novos c\u00e1lculos; a oferta de um novo benef\u00edcio pela Prefeitura, mas avaliada como insuficiente e pass\u00edvel de melhoria; o Descongela J\u00e1 e as possibilidades de sua efetiva\u00e7\u00e3o no munic\u00edpio; e a renova\u00e7\u00e3o do pagamento de R$ 400,00 aos aposentados, referente ao adiantamento do pec\u00falio.<\/span><\/p>\n<p><span style=\"color: #ff0000;\"><strong><span style=\"font-size: 18pt;\"><span class=\"x19la9d6 x1fc57z9 x6ikm8r x10wlt62 x19co3pv x11tp94h xfibh0p xiy17q3 x1xsqp64 x1lkfr7t xexx8yu xyri2b x18d9i69 x1c1uobl\"><span class=\"xrtxmta x1bhl96m\">&#x1f4cc; <\/span><\/span>PAUTA N\u00c3O ECON\u00d4MICA<\/span><\/strong><\/span><\/p>\n<p><span style=\"font-size: 14pt;\">Em rela\u00e7\u00e3o \u00e0 pauta n\u00e3o econ\u00f4mica, foram tratados: o Processo de Promo\u00e7\u00e3o, a nova forma de gest\u00e3o das AMEIs, a promo\u00e7\u00e3o das AOEs, o tempo de intervalo para almo\u00e7o das Equipes Gestoras e o banco de horas. Todos os itens j\u00e1 est\u00e3o bem avan\u00e7ados nas tratativas!<\/span><\/p>\n<p><span style=\"font-size: 18pt;\"><strong><span class=\"x19la9d6 x1fc57z9 x6ikm8r x10wlt62 x19co3pv x11tp94h xfibh0p xiy17q3 x1xsqp64 x1lkfr7t xexx8yu xyri2b x18d9i69 x1c1uobl\"><span class=\"xrtxmta x1bhl96m\">&#x27a1;&#xfe0f; <\/span><\/span>PR\u00d3XIMOS PASSOS<\/strong><\/span><\/p>\n<p><span style=\"font-size: 14pt;\">Na pr\u00f3xima quinta, <span style=\"color: #ff0000;\"><strong>dia 5 de mar\u00e7o, teremos uma nova reuni\u00e3o<\/strong><\/span>, na ocasi\u00e3o, o foco estar\u00e1 no avan\u00e7o das quest\u00f5es econ\u00f4micas, que concentram os principais pontos de diverg\u00eancia e exigem maior negocia\u00e7\u00e3o entre o Sindicato e a Administra\u00e7\u00e3o. Fiquem atentos: em breve, traremos novas informa\u00e7\u00f5es sobre o andamento da Camapanha.<\/span><\/p>\n<p><span style=\"font-size: 18pt;\"><strong>AVALIA\u00c7\u00c3O DO SINTRAMEM &#x1f4e2;<\/strong><\/span><\/p>\n<blockquote><p><span style=\"font-size: 14pt;\"><em>\u201cO Sindicato est\u00e1 ao lado dos Servidores e atento a toda movimenta\u00e7\u00e3o da Prefeitura. Seguimos lutando pela valoriza\u00e7\u00e3o da categoria e preserva\u00e7\u00e3o de direitos. Avan\u00e7amos significativamente nos itens n\u00e3o econ\u00f4micos e, agora, concentraremos esfor\u00e7os para alcan\u00e7ar acordos mais vantajosos na pauta econ\u00f4mica\u201d<\/em>, <strong>destaca o presidente Thobias<\/strong>.<\/span><\/p><\/blockquote>\n<p><span style=\"font-size: 18pt; color: #ff0000;\"><strong>ASSISTA AO V\u00cdDEO<\/strong><\/span><\/p>\n<p><iframe loading=\"lazy\" title=\"Campanha Salarial | Presidente Thobias Paraguai destaca avan\u00e7os nas negocia\u00e7\u00f5es com a Administra\u00e7\u00e3o\" width=\"1170\" height=\"658\" src=\"https:\/\/www.youtube.com\/embed\/OfcwnTeu4zk?feature=oembed\" frameborder=\"0\" allow=\"accelerometer; autoplay; clipboard-write; encrypted-media; gyroscope; picture-in-picture; web-share\" referrerpolicy=\"strict-origin-when-cross-origin\" allowfullscreen><\/iframe><\/p>\n","protected":false},"excerpt":{"rendered":"<p>O presidente do SINTRAMEM, Thobias Paraguai, gravou um v\u00eddeo detalhando as resolu\u00e7\u00f5es da segunda reuni\u00e3o da Mesa de Negocia\u00e7\u00e3o da Campanha Salarial 2026. O encontro ocorreu no dia 27 de fevereiro e abordou diversos itens da Pauta de Reivindica\u00e7\u00f5es da categoria. &#x1f4cc; PAUTA ECON\u00d4MICA Entre os pontos discutidos est\u00e3o o \u00edndice de reajuste, considerado baixo&hellip;<\/p>\n","protected":false},"author":1,"featured_media":9595,"comment_status":"open","ping_status":"closed","sticky":false,"template":"","format":"standard","meta":{"_monsterinsights_skip_tracking":false,"_monsterinsights_sitenote_active":false,"_monsterinsights_sitenote_note":"","_monsterinsights_sitenote_category":0,"footnotes":""},"categories":[19],"tags":[],"class_list":["post-9576","post","type-post","status-publish","format-standard","has-post-thumbnail","hentry","category-sintramem"],"yoast_head":"<!-- This site is optimized with the Yoast SEO plugin v27.0 - https:\/\/yoast.com\/product\/yoast-seo-wordpress\/ -->\n<title>Campanha Salarial 2026 | Presidente Thobias Paraguai destaca avan\u00e7os da segunda rodada da mesa de negocia\u00e7\u00f5es - SINTRAMEM<\/title>\n<meta name=\"robots\" content=\"index, follow, max-snippet:-1, max-image-preview:large, max-video-preview:-1\" \/>\n<link rel=\"canonical\" href=\"https:\/\/sintramem-sv.org.br\/sintramem\/campanha-salarial-2026-presidente-thobias-paraguai-destaca-avancos\/\" \/>\n<meta property=\"og:locale\" content=\"pt_BR\" \/>\n<meta property=\"og:type\" content=\"article\" \/>\n<meta property=\"og:title\" content=\"Campanha Salarial 2026 | Presidente Thobias Paraguai destaca avan\u00e7os da segunda rodada da mesa de negocia\u00e7\u00f5es - SINTRAMEM\" \/>\n<meta property=\"og:description\" content=\"O presidente do SINTRAMEM, Thobias Paraguai, gravou um v\u00eddeo detalhando as resolu\u00e7\u00f5es da segunda reuni\u00e3o da Mesa de Negocia\u00e7\u00e3o da Campanha Salarial 2026. O encontro ocorreu no dia 27 de fevereiro e abordou diversos itens da Pauta de Reivindica\u00e7\u00f5es da categoria. &#x1f4cc; PAUTA ECON\u00d4MICA Entre os pontos discutidos est\u00e3o o \u00edndice de reajuste, considerado baixo&hellip;\" \/>\n<meta property=\"og:url\" content=\"https:\/\/sintramem-sv.org.br\/sintramem\/campanha-salarial-2026-presidente-thobias-paraguai-destaca-avancos\/\" \/>\n<meta property=\"og:site_name\" content=\"SINTRAMEM\" \/>\n<meta property=\"article:published_time\" content=\"2026-03-02T15:21:51+00:00\" \/>\n<meta property=\"article:modified_time\" content=\"2026-03-02T19:11:38+00:00\" \/>\n<meta property=\"og:image\" content=\"https:\/\/sintramem-sv.org.br\/sintramem\/wp-content\/uploads\/2000\/03\/menor.png\" \/>\n\t<meta property=\"og:image:width\" content=\"600\" \/>\n\t<meta property=\"og:image:height\" content=\"334\" \/>\n\t<meta property=\"og:image:type\" content=\"image\/png\" \/>\n<meta name=\"author\" content=\"sintramem\" \/>\n<meta name=\"twitter:card\" content=\"summary_large_image\" \/>\n<meta name=\"twitter:label1\" content=\"Escrito por\" \/>\n\t<meta name=\"twitter:data1\" content=\"sintramem\" \/>\n\t<meta name=\"twitter:label2\" content=\"Est. tempo de leitura\" \/>\n\t<meta name=\"twitter:data2\" content=\"2 minutos\" \/>\n<script type=\"application\/ld+json\" class=\"yoast-schema-graph\">{\"@context\":\"https:\/\/schema.org\",\"@graph\":[{\"@type\":\"Article\",\"@id\":\"https:\/\/sintramem-sv.org.br\/sintramem\/campanha-salarial-2026-presidente-thobias-paraguai-destaca-avancos\/#article\",\"isPartOf\":{\"@id\":\"https:\/\/sintramem-sv.org.br\/sintramem\/campanha-salarial-2026-presidente-thobias-paraguai-destaca-avancos\/\"},\"author\":{\"name\":\"sintramem\",\"@id\":\"https:\/\/sintramem-sv.org.br\/sintramem\/#\/schema\/person\/a8decb8ea63607d1e01e046c95ddcf2b\"},\"headline\":\"Campanha Salarial 2026 | Presidente Thobias Paraguai destaca avan\u00e7os da segunda rodada da mesa de negocia\u00e7\u00f5es\",\"datePublished\":\"2026-03-02T15:21:51+00:00\",\"dateModified\":\"2026-03-02T19:11:38+00:00\",\"mainEntityOfPage\":{\"@id\":\"https:\/\/sintramem-sv.org.br\/sintramem\/campanha-salarial-2026-presidente-thobias-paraguai-destaca-avancos\/\"},\"wordCount\":334,\"commentCount\":0,\"publisher\":{\"@id\":\"https:\/\/sintramem-sv.org.br\/sintramem\/#organization\"},\"image\":{\"@id\":\"https:\/\/sintramem-sv.org.br\/sintramem\/campanha-salarial-2026-presidente-thobias-paraguai-destaca-avancos\/#primaryimage\"},\"thumbnailUrl\":\"https:\/\/sintramem-sv.org.br\/sintramem\/wp-content\/uploads\/2000\/03\/Destacada-Campanha-Salarial-SINTRAMEM.jpg\",\"articleSection\":[\"Sintramem\"],\"inLanguage\":\"pt-BR\",\"potentialAction\":[{\"@type\":\"CommentAction\",\"name\":\"Comment\",\"target\":[\"https:\/\/sintramem-sv.org.br\/sintramem\/campanha-salarial-2026-presidente-thobias-paraguai-destaca-avancos\/#respond\"]}]},{\"@type\":\"WebPage\",\"@id\":\"https:\/\/sintramem-sv.org.br\/sintramem\/campanha-salarial-2026-presidente-thobias-paraguai-destaca-avancos\/\",\"url\":\"https:\/\/sintramem-sv.org.br\/sintramem\/campanha-salarial-2026-presidente-thobias-paraguai-destaca-avancos\/\",\"name\":\"Campanha Salarial 2026 | Presidente Thobias Paraguai destaca avan\u00e7os da segunda rodada da mesa de negocia\u00e7\u00f5es - SINTRAMEM\",\"isPartOf\":{\"@id\":\"https:\/\/sintramem-sv.org.br\/sintramem\/#website\"},\"primaryImageOfPage\":{\"@id\":\"https:\/\/sintramem-sv.org.br\/sintramem\/campanha-salarial-2026-presidente-thobias-paraguai-destaca-avancos\/#primaryimage\"},\"image\":{\"@id\":\"https:\/\/sintramem-sv.org.br\/sintramem\/campanha-salarial-2026-presidente-thobias-paraguai-destaca-avancos\/#primaryimage\"},\"thumbnailUrl\":\"https:\/\/sintramem-sv.org.br\/sintramem\/wp-content\/uploads\/2000\/03\/Destacada-Campanha-Salarial-SINTRAMEM.jpg\",\"datePublished\":\"2026-03-02T15:21:51+00:00\",\"dateModified\":\"2026-03-02T19:11:38+00:00\",\"breadcrumb\":{\"@id\":\"https:\/\/sintramem-sv.org.br\/sintramem\/campanha-salarial-2026-presidente-thobias-paraguai-destaca-avancos\/#breadcrumb\"},\"inLanguage\":\"pt-BR\",\"potentialAction\":[{\"@type\":\"ReadAction\",\"target\":[\"https:\/\/sintramem-sv.org.br\/sintramem\/campanha-salarial-2026-presidente-thobias-paraguai-destaca-avancos\/\"]}]},{\"@type\":\"ImageObject\",\"inLanguage\":\"pt-BR\",\"@id\":\"https:\/\/sintramem-sv.org.br\/sintramem\/campanha-salarial-2026-presidente-thobias-paraguai-destaca-avancos\/#primaryimage\",\"url\":\"https:\/\/sintramem-sv.org.br\/sintramem\/wp-content\/uploads\/2000\/03\/Destacada-Campanha-Salarial-SINTRAMEM.jpg\",\"contentUrl\":\"https:\/\/sintramem-sv.org.br\/sintramem\/wp-content\/uploads\/2000\/03\/Destacada-Campanha-Salarial-SINTRAMEM.jpg\",\"width\":1294,\"height\":720},{\"@type\":\"BreadcrumbList\",\"@id\":\"https:\/\/sintramem-sv.org.br\/sintramem\/campanha-salarial-2026-presidente-thobias-paraguai-destaca-avancos\/#breadcrumb\",\"itemListElement\":[{\"@type\":\"ListItem\",\"position\":1,\"name\":\"In\u00edcio\",\"item\":\"https:\/\/sintramem-sv.org.br\/sintramem\/\"},{\"@type\":\"ListItem\",\"position\":2,\"name\":\"Campanha Salarial 2026 | Presidente Thobias Paraguai destaca avan\u00e7os da segunda rodada da mesa de negocia\u00e7\u00f5es\"}]},{\"@type\":\"WebSite\",\"@id\":\"https:\/\/sintramem-sv.org.br\/sintramem\/#website\",\"url\":\"https:\/\/sintramem-sv.org.br\/sintramem\/\",\"name\":\"SINTRAMEM\",\"description\":\"Sindicato dos Trabalhadores no Magist\u00e9rio e na Educa\u00e7\u00e3o de S\u00e3o Vicente\",\"publisher\":{\"@id\":\"https:\/\/sintramem-sv.org.br\/sintramem\/#organization\"},\"potentialAction\":[{\"@type\":\"SearchAction\",\"target\":{\"@type\":\"EntryPoint\",\"urlTemplate\":\"https:\/\/sintramem-sv.org.br\/sintramem\/?s={search_term_string}\"},\"query-input\":{\"@type\":\"PropertyValueSpecification\",\"valueRequired\":true,\"valueName\":\"search_term_string\"}}],\"inLanguage\":\"pt-BR\"},{\"@type\":\"Organization\",\"@id\":\"https:\/\/sintramem-sv.org.br\/sintramem\/#organization\",\"name\":\"SINTRAMEM\",\"url\":\"https:\/\/sintramem-sv.org.br\/sintramem\/\",\"logo\":{\"@type\":\"ImageObject\",\"inLanguage\":\"pt-BR\",\"@id\":\"https:\/\/sintramem-sv.org.br\/sintramem\/#\/schema\/logo\/image\/\",\"url\":\"https:\/\/sintramem-sv.org.br\/sintramem\/wp-content\/uploads\/2017\/02\/SINTRAMEM-LOGO-OFICIAL-300x100-jpg.jpg\",\"contentUrl\":\"https:\/\/sintramem-sv.org.br\/sintramem\/wp-content\/uploads\/2017\/02\/SINTRAMEM-LOGO-OFICIAL-300x100-jpg.jpg\",\"width\":150,\"height\":150,\"caption\":\"SINTRAMEM\"},\"image\":{\"@id\":\"https:\/\/sintramem-sv.org.br\/sintramem\/#\/schema\/logo\/image\/\"}},{\"@type\":\"Person\",\"@id\":\"https:\/\/sintramem-sv.org.br\/sintramem\/#\/schema\/person\/a8decb8ea63607d1e01e046c95ddcf2b\",\"name\":\"sintramem\",\"image\":{\"@type\":\"ImageObject\",\"inLanguage\":\"pt-BR\",\"@id\":\"https:\/\/sintramem-sv.org.br\/sintramem\/#\/schema\/person\/image\/\",\"url\":\"https:\/\/secure.gravatar.com\/avatar\/8e06da3b0d4f051010117c848b52b9280a4228043717057ccccccc8b20ff8f48?s=96&d=mm&r=g\",\"contentUrl\":\"https:\/\/secure.gravatar.com\/avatar\/8e06da3b0d4f051010117c848b52b9280a4228043717057ccccccc8b20ff8f48?s=96&d=mm&r=g\",\"caption\":\"sintramem\"},\"description\":\"Sindicato dos Trabalhadores no Magist\u00e9rio e na Educa\u00e7\u00e3o Municipal de S\u00e3o Vicente\",\"url\":\"https:\/\/sintramem-sv.org.br\/sintramem\/author\/sindsv\/\"}]}<\/script>\n<!-- \/ Yoast SEO plugin. -->","yoast_head_json":{"title":"Campanha Salarial 2026 | Presidente Thobias Paraguai destaca avan\u00e7os da segunda rodada da mesa de negocia\u00e7\u00f5es - SINTRAMEM","robots":{"index":"index","follow":"follow","max-snippet":"max-snippet:-1","max-image-preview":"max-image-preview:large","max-video-preview":"max-video-preview:-1"},"canonical":"https:\/\/sintramem-sv.org.br\/sintramem\/campanha-salarial-2026-presidente-thobias-paraguai-destaca-avancos\/","og_locale":"pt_BR","og_type":"article","og_title":"Campanha Salarial 2026 | Presidente Thobias Paraguai destaca avan\u00e7os da segunda rodada da mesa de negocia\u00e7\u00f5es - SINTRAMEM","og_description":"O presidente do SINTRAMEM, Thobias Paraguai, gravou um v\u00eddeo detalhando as resolu\u00e7\u00f5es da segunda reuni\u00e3o da Mesa de Negocia\u00e7\u00e3o da Campanha Salarial 2026. O encontro ocorreu no dia 27 de fevereiro e abordou diversos itens da Pauta de Reivindica\u00e7\u00f5es da categoria. &#x1f4cc; PAUTA ECON\u00d4MICA Entre os pontos discutidos est\u00e3o o \u00edndice de reajuste, considerado baixo&hellip;","og_url":"https:\/\/sintramem-sv.org.br\/sintramem\/campanha-salarial-2026-presidente-thobias-paraguai-destaca-avancos\/","og_site_name":"SINTRAMEM","article_published_time":"2026-03-02T15:21:51+00:00","article_modified_time":"2026-03-02T19:11:38+00:00","og_image":[{"width":600,"height":334,"url":"https:\/\/sintramem-sv.org.br\/sintramem\/wp-content\/uploads\/2000\/03\/menor.png","type":"image\/png"}],"author":"sintramem","twitter_card":"summary_large_image","twitter_misc":{"Escrito por":"sintramem","Est. tempo de leitura":"2 minutos"},"schema":{"@context":"https:\/\/schema.org","@graph":[{"@type":"Article","@id":"https:\/\/sintramem-sv.org.br\/sintramem\/campanha-salarial-2026-presidente-thobias-paraguai-destaca-avancos\/#article","isPartOf":{"@id":"https:\/\/sintramem-sv.org.br\/sintramem\/campanha-salarial-2026-presidente-thobias-paraguai-destaca-avancos\/"},"author":{"name":"sintramem","@id":"https:\/\/sintramem-sv.org.br\/sintramem\/#\/schema\/person\/a8decb8ea63607d1e01e046c95ddcf2b"},"headline":"Campanha Salarial 2026 | Presidente Thobias Paraguai destaca avan\u00e7os da segunda rodada da mesa de negocia\u00e7\u00f5es","datePublished":"2026-03-02T15:21:51+00:00","dateModified":"2026-03-02T19:11:38+00:00","mainEntityOfPage":{"@id":"https:\/\/sintramem-sv.org.br\/sintramem\/campanha-salarial-2026-presidente-thobias-paraguai-destaca-avancos\/"},"wordCount":334,"commentCount":0,"publisher":{"@id":"https:\/\/sintramem-sv.org.br\/sintramem\/#organization"},"image":{"@id":"https:\/\/sintramem-sv.org.br\/sintramem\/campanha-salarial-2026-presidente-thobias-paraguai-destaca-avancos\/#primaryimage"},"thumbnailUrl":"https:\/\/sintramem-sv.org.br\/sintramem\/wp-content\/uploads\/2000\/03\/Destacada-Campanha-Salarial-SINTRAMEM.jpg","articleSection":["Sintramem"],"inLanguage":"pt-BR","potentialAction":[{"@type":"CommentAction","name":"Comment","target":["https:\/\/sintramem-sv.org.br\/sintramem\/campanha-salarial-2026-presidente-thobias-paraguai-destaca-avancos\/#respond"]}]},{"@type":"WebPage","@id":"https:\/\/sintramem-sv.org.br\/sintramem\/campanha-salarial-2026-presidente-thobias-paraguai-destaca-avancos\/","url":"https:\/\/sintramem-sv.org.br\/sintramem\/campanha-salarial-2026-presidente-thobias-paraguai-destaca-avancos\/","name":"Campanha Salarial 2026 | Presidente Thobias Paraguai destaca avan\u00e7os da segunda rodada da mesa de negocia\u00e7\u00f5es - SINTRAMEM","isPartOf":{"@id":"https:\/\/sintramem-sv.org.br\/sintramem\/#website"},"primaryImageOfPage":{"@id":"https:\/\/sintramem-sv.org.br\/sintramem\/campanha-salarial-2026-presidente-thobias-paraguai-destaca-avancos\/#primaryimage"},"image":{"@id":"https:\/\/sintramem-sv.org.br\/sintramem\/campanha-salarial-2026-presidente-thobias-paraguai-destaca-avancos\/#primaryimage"},"thumbnailUrl":"https:\/\/sintramem-sv.org.br\/sintramem\/wp-content\/uploads\/2000\/03\/Destacada-Campanha-Salarial-SINTRAMEM.jpg","datePublished":"2026-03-02T15:21:51+00:00","dateModified":"2026-03-02T19:11:38+00:00","breadcrumb":{"@id":"https:\/\/sintramem-sv.org.br\/sintramem\/campanha-salarial-2026-presidente-thobias-paraguai-destaca-avancos\/#breadcrumb"},"inLanguage":"pt-BR","potentialAction":[{"@type":"ReadAction","target":["https:\/\/sintramem-sv.org.br\/sintramem\/campanha-salarial-2026-presidente-thobias-paraguai-destaca-avancos\/"]}]},{"@type":"ImageObject","inLanguage":"pt-BR","@id":"https:\/\/sintramem-sv.org.br\/sintramem\/campanha-salarial-2026-presidente-thobias-paraguai-destaca-avancos\/#primaryimage","url":"https:\/\/sintramem-sv.org.br\/sintramem\/wp-content\/uploads\/2000\/03\/Destacada-Campanha-Salarial-SINTRAMEM.jpg","contentUrl":"https:\/\/sintramem-sv.org.br\/sintramem\/wp-content\/uploads\/2000\/03\/Destacada-Campanha-Salarial-SINTRAMEM.jpg","width":1294,"height":720},{"@type":"BreadcrumbList","@id":"https:\/\/sintramem-sv.org.br\/sintramem\/campanha-salarial-2026-presidente-thobias-paraguai-destaca-avancos\/#breadcrumb","itemListElement":[{"@type":"ListItem","position":1,"name":"In\u00edcio","item":"https:\/\/sintramem-sv.org.br\/sintramem\/"},{"@type":"ListItem","position":2,"name":"Campanha Salarial 2026 | Presidente Thobias Paraguai destaca avan\u00e7os da segunda rodada da mesa de negocia\u00e7\u00f5es"}]},{"@type":"WebSite","@id":"https:\/\/sintramem-sv.org.br\/sintramem\/#website","url":"https:\/\/sintramem-sv.org.br\/sintramem\/","name":"SINTRAMEM","description":"Sindicato dos Trabalhadores no Magist\u00e9rio e na Educa\u00e7\u00e3o de S\u00e3o Vicente","publisher":{"@id":"https:\/\/sintramem-sv.org.br\/sintramem\/#organization"},"potentialAction":[{"@type":"SearchAction","target":{"@type":"EntryPoint","urlTemplate":"https:\/\/sintramem-sv.org.br\/sintramem\/?s={search_term_string}"},"query-input":{"@type":"PropertyValueSpecification","valueRequired":true,"valueName":"search_term_string"}}],"inLanguage":"pt-BR"},{"@type":"Organization","@id":"https:\/\/sintramem-sv.org.br\/sintramem\/#organization","name":"SINTRAMEM","url":"https:\/\/sintramem-sv.org.br\/sintramem\/","logo":{"@type":"ImageObject","inLanguage":"pt-BR","@id":"https:\/\/sintramem-sv.org.br\/sintramem\/#\/schema\/logo\/image\/","url":"https:\/\/sintramem-sv.org.br\/sintramem\/wp-content\/uploads\/2017\/02\/SINTRAMEM-LOGO-OFICIAL-300x100-jpg.jpg","contentUrl":"https:\/\/sintramem-sv.org.br\/sintramem\/wp-content\/uploads\/2017\/02\/SINTRAMEM-LOGO-OFICIAL-300x100-jpg.jpg","width":150,"height":150,"caption":"SINTRAMEM"},"image":{"@id":"https:\/\/sintramem-sv.org.br\/sintramem\/#\/schema\/logo\/image\/"}},{"@type":"Person","@id":"https:\/\/sintramem-sv.org.br\/sintramem\/#\/schema\/person\/a8decb8ea63607d1e01e046c95ddcf2b","name":"sintramem","image":{"@type":"ImageObject","inLanguage":"pt-BR","@id":"https:\/\/sintramem-sv.org.br\/sintramem\/#\/schema\/person\/image\/","url":"https:\/\/secure.gravatar.com\/avatar\/8e06da3b0d4f051010117c848b52b9280a4228043717057ccccccc8b20ff8f48?s=96&d=mm&r=g","contentUrl":"https:\/\/secure.gravatar.com\/avatar\/8e06da3b0d4f051010117c848b52b9280a4228043717057ccccccc8b20ff8f48?s=96&d=mm&r=g","caption":"sintramem"},"description":"Sindicato dos Trabalhadores no Magist\u00e9rio e na Educa\u00e7\u00e3o Municipal de S\u00e3o Vicente","url":"https:\/\/sintramem-sv.org.br\/sintramem\/author\/sindsv\/"}]}},"_links":{"self":[{"href":"https:\/\/sintramem-sv.org.br\/sintramem\/wp-json\/wp\/v2\/posts\/9576","targetHints":{"allow":["GET"]}}],"collection":[{"href":"https:\/\/sintramem-sv.org.br\/sintramem\/wp-json\/wp\/v2\/posts"}],"about":[{"href":"https:\/\/sintramem-sv.org.br\/sintramem\/wp-json\/wp\/v2\/types\/post"}],"author":[{"embeddable":true,"href":"https:\/\/sintramem-sv.org.br\/sintramem\/wp-json\/wp\/v2\/users\/1"}],"replies":[{"embeddable":true,"href":"https:\/\/sintramem-sv.org.br\/sintramem\/wp-json\/wp\/v2\/comments?post=9576"}],"version-history":[{"count":8,"href":"https:\/\/sintramem-sv.org.br\/sintramem\/wp-json\/wp\/v2\/posts\/9576\/revisions"}],"predecessor-version":[{"id":9601,"href":"https:\/\/sintramem-sv.org.br\/sintramem\/wp-json\/wp\/v2\/posts\/9576\/revisions\/9601"}],"wp:featuredmedia":[{"embeddable":true,"href":"https:\/\/sintramem-sv.org.br\/sintramem\/wp-json\/wp\/v2\/media\/9595"}],"wp:attachment":[{"href":"https:\/\/sintramem-sv.org.br\/sintramem\/wp-json\/wp\/v2\/media?parent=9576"}],"wp:term":[{"taxonomy":"category","embeddable":true,"href":"https:\/\/sintramem-sv.org.br\/sintramem\/wp-json\/wp\/v2\/categories?post=9576"},{"taxonomy":"post_tag","embeddable":true,"href":"https:\/\/sintramem-sv.org.br\/sintramem\/wp-json\/wp\/v2\/tags?post=9576"}],"curies":[{"name":"wp","href":"https:\/\/api.w.org\/{rel}","templated":true}]}}