{"id":9539,"date":"2026-02-26T18:27:09","date_gmt":"2026-02-26T18:27:09","guid":{"rendered":"https:\/\/sintramem-sv.org.br\/sintramem\/?p=9539"},"modified":"2026-02-26T20:05:04","modified_gmt":"2026-02-26T20:05:04","slug":"servidor-solicite-a-sua-chefia-imediata-para-abonar-falta-ou-atraso-devido-as-fortes-chuvas-de-26-de-fevereiro","status":"publish","type":"post","link":"https:\/\/sintramem-sv.org.br\/sintramem\/servidor-solicite-a-sua-chefia-imediata-para-abonar-falta-ou-atraso-devido-as-fortes-chuvas-de-26-de-fevereiro\/","title":{"rendered":"Servidor: solicite \u00e0 sua chefia imediata para abonar, justificar ou a sua compensa\u00e7\u00e3o por falta ou atraso devido \u00e0s fortes chuvas de 26 de fevereiro"},"content":{"rendered":"<p><span style=\"font-size: 14pt;\"><span class=\"selectable-text copyable-text xkrh14z\">Fortes chuvas atingiram S\u00e3o Vicente nesta quinta, 26 de fevereiro, e dificultaram o deslocamento de diversos Servidores at\u00e9 seus locais de trabalho<\/span>. Deste modo, provid\u00eancias quanto ao registro de ponto dos trabalhadores afetados devem ser tomadas. <span style=\"background-color: #ffff00;\"><strong>A<\/strong><\/span><\/span><span style=\"font-size: 14pt;\"><span style=\"background-color: #ffff00;\"><strong>s faltas ou atrasos ocasionadas pelas chuvas podem ser justificadas\/e ou abonadas, conforme <a href=\"https:\/\/sintramem-sv.org.br\/sintramem\/wp-content\/uploads\/2026\/02\/COMUNICADO-No-15_2026.pdf\" target=\"_blank\" rel=\"noopener\">Comunicado n\u00ba15\/2026<\/a><\/strong><\/span>.<\/span><\/p>\n<p><span style=\"font-size: 14pt;\">Com isso, o Sindicato orienta que s<\/span><span style=\"font-size: 14pt;\">e voc\u00ea n\u00e3o conseguiu chegar ao local de trabalho ou se chegou atrasado no dia 26 de fevereiro:<\/span><\/p>\n<ul>\n<li><span style=\"font-size: 14pt;\">procure imediatamente sua chefia imediata;<\/span><\/li>\n<li><span style=\"font-size: 14pt;\">solicite o abono da falta ou das horas de atraso &#8211; devendo formalizar pelo sistema de ponto eletr\u00f4nico na op\u00e7\u00e3o correspondente;<\/span><\/li>\n<li><span style=\"font-size: 14pt;\">n\u00e3o deixe para depois &#8211; <strong>fa\u00e7a a solicita\u00e7\u00e3o o quanto antes para evitar descontos indevidos<\/strong>.<\/span><\/li>\n<\/ul>\n<p><span style=\"font-size: 18.6667px;\"><span style=\"color: #ff0000;\"><strong>IMPORTANTE RECORDAR:<\/strong> <\/span>a possibilidade de poder abonar o dia do trabalho ou o atraso por conta dos temporais \u00e9 uma conquista do Sindicato ap\u00f3s muita luta, pois sempre foi uma verdadeira batalha conseguir a cada caso colocar a situa\u00e7\u00e3o em mesa para negociar esses dias com a Administra\u00e7\u00e3o. Agora o Servidor consegue fazer um curso de forma\u00e7\u00e3o, por exemplo, neste dia excepcionalmente para poder fazer uma compensa\u00e7\u00e3o desse per\u00edodo.<\/span><\/p>\n","protected":false},"excerpt":{"rendered":"<p>Fortes chuvas atingiram S\u00e3o Vicente nesta quinta, 26 de fevereiro, e dificultaram o deslocamento de diversos Servidores at\u00e9 seus locais de trabalho. Deste modo, provid\u00eancias quanto ao registro de ponto dos trabalhadores afetados devem ser tomadas. As faltas ou atrasos ocasionadas pelas chuvas podem ser justificadas\/e ou abonadas, conforme Comunicado n\u00ba15\/2026. Com isso, o Sindicato&hellip;<\/p>\n","protected":false},"author":1,"featured_media":9559,"comment_status":"open","ping_status":"closed","sticky":false,"template":"","format":"standard","meta":{"_monsterinsights_skip_tracking":false,"_monsterinsights_sitenote_active":false,"_monsterinsights_sitenote_note":"","_monsterinsights_sitenote_category":0,"footnotes":""},"categories":[1],"tags":[],"class_list":["post-9539","post","type-post","status-publish","format-standard","has-post-thumbnail","hentry","category-sintramem-sintramem"],"yoast_head":"<!-- This site is optimized with the Yoast SEO plugin v27.0 - https:\/\/yoast.com\/product\/yoast-seo-wordpress\/ -->\n<title>Servidor: solicite \u00e0 sua chefia imediata para abonar, justificar ou a sua compensa\u00e7\u00e3o por falta ou atraso devido \u00e0s fortes chuvas de 26 de fevereiro - SINTRAMEM<\/title>\n<meta name=\"robots\" content=\"index, follow, max-snippet:-1, max-image-preview:large, max-video-preview:-1\" \/>\n<link rel=\"canonical\" href=\"https:\/\/sintramem-sv.org.br\/sintramem\/servidor-solicite-a-sua-chefia-imediata-para-abonar-falta-ou-atraso-devido-as-fortes-chuvas-de-26-de-fevereiro\/\" \/>\n<meta property=\"og:locale\" content=\"pt_BR\" \/>\n<meta property=\"og:type\" content=\"article\" \/>\n<meta property=\"og:title\" content=\"Servidor: solicite \u00e0 sua chefia imediata para abonar, justificar ou a sua compensa\u00e7\u00e3o por falta ou atraso devido \u00e0s fortes chuvas de 26 de fevereiro - SINTRAMEM\" \/>\n<meta property=\"og:description\" content=\"Fortes chuvas atingiram S\u00e3o Vicente nesta quinta, 26 de fevereiro, e dificultaram o deslocamento de diversos Servidores at\u00e9 seus locais de trabalho. Deste modo, provid\u00eancias quanto ao registro de ponto dos trabalhadores afetados devem ser tomadas. As faltas ou atrasos ocasionadas pelas chuvas podem ser justificadas\/e ou abonadas, conforme Comunicado n\u00ba15\/2026. Com isso, o Sindicato&hellip;\" \/>\n<meta property=\"og:url\" content=\"https:\/\/sintramem-sv.org.br\/sintramem\/servidor-solicite-a-sua-chefia-imediata-para-abonar-falta-ou-atraso-devido-as-fortes-chuvas-de-26-de-fevereiro\/\" \/>\n<meta property=\"og:site_name\" content=\"SINTRAMEM\" \/>\n<meta property=\"article:published_time\" content=\"2026-02-26T18:27:09+00:00\" \/>\n<meta property=\"article:modified_time\" content=\"2026-02-26T20:05:04+00:00\" \/>\n<meta property=\"og:image\" content=\"https:\/\/sintramem-sv.org.br\/sintramem\/wp-content\/uploads\/2026\/02\/menor-8.png\" \/>\n\t<meta property=\"og:image:width\" content=\"500\" \/>\n\t<meta property=\"og:image:height\" content=\"278\" \/>\n\t<meta property=\"og:image:type\" content=\"image\/png\" \/>\n<meta name=\"author\" content=\"sintramem\" \/>\n<meta name=\"twitter:card\" content=\"summary_large_image\" \/>\n<meta name=\"twitter:label1\" content=\"Escrito por\" \/>\n\t<meta name=\"twitter:data1\" content=\"sintramem\" \/>\n\t<meta name=\"twitter:label2\" content=\"Est. tempo de leitura\" \/>\n\t<meta name=\"twitter:data2\" content=\"2 minutos\" \/>\n<script type=\"application\/ld+json\" class=\"yoast-schema-graph\">{\"@context\":\"https:\/\/schema.org\",\"@graph\":[{\"@type\":\"Article\",\"@id\":\"https:\/\/sintramem-sv.org.br\/sintramem\/servidor-solicite-a-sua-chefia-imediata-para-abonar-falta-ou-atraso-devido-as-fortes-chuvas-de-26-de-fevereiro\/#article\",\"isPartOf\":{\"@id\":\"https:\/\/sintramem-sv.org.br\/sintramem\/servidor-solicite-a-sua-chefia-imediata-para-abonar-falta-ou-atraso-devido-as-fortes-chuvas-de-26-de-fevereiro\/\"},\"author\":{\"name\":\"sintramem\",\"@id\":\"https:\/\/sintramem-sv.org.br\/sintramem\/#\/schema\/person\/a8decb8ea63607d1e01e046c95ddcf2b\"},\"headline\":\"Servidor: solicite \u00e0 sua chefia imediata para abonar, justificar ou a sua compensa\u00e7\u00e3o por falta ou atraso devido \u00e0s fortes chuvas de 26 de fevereiro\",\"datePublished\":\"2026-02-26T18:27:09+00:00\",\"dateModified\":\"2026-02-26T20:05:04+00:00\",\"mainEntityOfPage\":{\"@id\":\"https:\/\/sintramem-sv.org.br\/sintramem\/servidor-solicite-a-sua-chefia-imediata-para-abonar-falta-ou-atraso-devido-as-fortes-chuvas-de-26-de-fevereiro\/\"},\"wordCount\":223,\"commentCount\":0,\"publisher\":{\"@id\":\"https:\/\/sintramem-sv.org.br\/sintramem\/#organization\"},\"image\":{\"@id\":\"https:\/\/sintramem-sv.org.br\/sintramem\/servidor-solicite-a-sua-chefia-imediata-para-abonar-falta-ou-atraso-devido-as-fortes-chuvas-de-26-de-fevereiro\/#primaryimage\"},\"thumbnailUrl\":\"https:\/\/sintramem-sv.org.br\/sintramem\/wp-content\/uploads\/2026\/02\/Destacada-Abono-SINTRAMEM-1.png\",\"articleSection\":[\"sintramem\"],\"inLanguage\":\"pt-BR\",\"potentialAction\":[{\"@type\":\"CommentAction\",\"name\":\"Comment\",\"target\":[\"https:\/\/sintramem-sv.org.br\/sintramem\/servidor-solicite-a-sua-chefia-imediata-para-abonar-falta-ou-atraso-devido-as-fortes-chuvas-de-26-de-fevereiro\/#respond\"]}]},{\"@type\":\"WebPage\",\"@id\":\"https:\/\/sintramem-sv.org.br\/sintramem\/servidor-solicite-a-sua-chefia-imediata-para-abonar-falta-ou-atraso-devido-as-fortes-chuvas-de-26-de-fevereiro\/\",\"url\":\"https:\/\/sintramem-sv.org.br\/sintramem\/servidor-solicite-a-sua-chefia-imediata-para-abonar-falta-ou-atraso-devido-as-fortes-chuvas-de-26-de-fevereiro\/\",\"name\":\"Servidor: solicite \u00e0 sua chefia imediata para abonar, justificar ou a sua compensa\u00e7\u00e3o por falta ou atraso devido \u00e0s fortes chuvas de 26 de fevereiro - SINTRAMEM\",\"isPartOf\":{\"@id\":\"https:\/\/sintramem-sv.org.br\/sintramem\/#website\"},\"primaryImageOfPage\":{\"@id\":\"https:\/\/sintramem-sv.org.br\/sintramem\/servidor-solicite-a-sua-chefia-imediata-para-abonar-falta-ou-atraso-devido-as-fortes-chuvas-de-26-de-fevereiro\/#primaryimage\"},\"image\":{\"@id\":\"https:\/\/sintramem-sv.org.br\/sintramem\/servidor-solicite-a-sua-chefia-imediata-para-abonar-falta-ou-atraso-devido-as-fortes-chuvas-de-26-de-fevereiro\/#primaryimage\"},\"thumbnailUrl\":\"https:\/\/sintramem-sv.org.br\/sintramem\/wp-content\/uploads\/2026\/02\/Destacada-Abono-SINTRAMEM-1.png\",\"datePublished\":\"2026-02-26T18:27:09+00:00\",\"dateModified\":\"2026-02-26T20:05:04+00:00\",\"breadcrumb\":{\"@id\":\"https:\/\/sintramem-sv.org.br\/sintramem\/servidor-solicite-a-sua-chefia-imediata-para-abonar-falta-ou-atraso-devido-as-fortes-chuvas-de-26-de-fevereiro\/#breadcrumb\"},\"inLanguage\":\"pt-BR\",\"potentialAction\":[{\"@type\":\"ReadAction\",\"target\":[\"https:\/\/sintramem-sv.org.br\/sintramem\/servidor-solicite-a-sua-chefia-imediata-para-abonar-falta-ou-atraso-devido-as-fortes-chuvas-de-26-de-fevereiro\/\"]}]},{\"@type\":\"ImageObject\",\"inLanguage\":\"pt-BR\",\"@id\":\"https:\/\/sintramem-sv.org.br\/sintramem\/servidor-solicite-a-sua-chefia-imediata-para-abonar-falta-ou-atraso-devido-as-fortes-chuvas-de-26-de-fevereiro\/#primaryimage\",\"url\":\"https:\/\/sintramem-sv.org.br\/sintramem\/wp-content\/uploads\/2026\/02\/Destacada-Abono-SINTRAMEM-1.png\",\"contentUrl\":\"https:\/\/sintramem-sv.org.br\/sintramem\/wp-content\/uploads\/2026\/02\/Destacada-Abono-SINTRAMEM-1.png\",\"width\":1294,\"height\":720},{\"@type\":\"BreadcrumbList\",\"@id\":\"https:\/\/sintramem-sv.org.br\/sintramem\/servidor-solicite-a-sua-chefia-imediata-para-abonar-falta-ou-atraso-devido-as-fortes-chuvas-de-26-de-fevereiro\/#breadcrumb\",\"itemListElement\":[{\"@type\":\"ListItem\",\"position\":1,\"name\":\"In\u00edcio\",\"item\":\"https:\/\/sintramem-sv.org.br\/sintramem\/\"},{\"@type\":\"ListItem\",\"position\":2,\"name\":\"Servidor: solicite \u00e0 sua chefia imediata para abonar, justificar ou a sua compensa\u00e7\u00e3o por falta ou atraso devido \u00e0s fortes chuvas de 26 de fevereiro\"}]},{\"@type\":\"WebSite\",\"@id\":\"https:\/\/sintramem-sv.org.br\/sintramem\/#website\",\"url\":\"https:\/\/sintramem-sv.org.br\/sintramem\/\",\"name\":\"SINTRAMEM\",\"description\":\"Sindicato dos Trabalhadores no Magist\u00e9rio e na Educa\u00e7\u00e3o de S\u00e3o Vicente\",\"publisher\":{\"@id\":\"https:\/\/sintramem-sv.org.br\/sintramem\/#organization\"},\"potentialAction\":[{\"@type\":\"SearchAction\",\"target\":{\"@type\":\"EntryPoint\",\"urlTemplate\":\"https:\/\/sintramem-sv.org.br\/sintramem\/?s={search_term_string}\"},\"query-input\":{\"@type\":\"PropertyValueSpecification\",\"valueRequired\":true,\"valueName\":\"search_term_string\"}}],\"inLanguage\":\"pt-BR\"},{\"@type\":\"Organization\",\"@id\":\"https:\/\/sintramem-sv.org.br\/sintramem\/#organization\",\"name\":\"SINTRAMEM\",\"url\":\"https:\/\/sintramem-sv.org.br\/sintramem\/\",\"logo\":{\"@type\":\"ImageObject\",\"inLanguage\":\"pt-BR\",\"@id\":\"https:\/\/sintramem-sv.org.br\/sintramem\/#\/schema\/logo\/image\/\",\"url\":\"https:\/\/sintramem-sv.org.br\/sintramem\/wp-content\/uploads\/2017\/02\/SINTRAMEM-LOGO-OFICIAL-300x100-jpg.jpg\",\"contentUrl\":\"https:\/\/sintramem-sv.org.br\/sintramem\/wp-content\/uploads\/2017\/02\/SINTRAMEM-LOGO-OFICIAL-300x100-jpg.jpg\",\"width\":150,\"height\":150,\"caption\":\"SINTRAMEM\"},\"image\":{\"@id\":\"https:\/\/sintramem-sv.org.br\/sintramem\/#\/schema\/logo\/image\/\"}},{\"@type\":\"Person\",\"@id\":\"https:\/\/sintramem-sv.org.br\/sintramem\/#\/schema\/person\/a8decb8ea63607d1e01e046c95ddcf2b\",\"name\":\"sintramem\",\"image\":{\"@type\":\"ImageObject\",\"inLanguage\":\"pt-BR\",\"@id\":\"https:\/\/sintramem-sv.org.br\/sintramem\/#\/schema\/person\/image\/\",\"url\":\"https:\/\/secure.gravatar.com\/avatar\/8e06da3b0d4f051010117c848b52b9280a4228043717057ccccccc8b20ff8f48?s=96&d=mm&r=g\",\"contentUrl\":\"https:\/\/secure.gravatar.com\/avatar\/8e06da3b0d4f051010117c848b52b9280a4228043717057ccccccc8b20ff8f48?s=96&d=mm&r=g\",\"caption\":\"sintramem\"},\"description\":\"Sindicato dos Trabalhadores no Magist\u00e9rio e na Educa\u00e7\u00e3o Municipal de S\u00e3o Vicente\",\"url\":\"https:\/\/sintramem-sv.org.br\/sintramem\/author\/sindsv\/\"}]}<\/script>\n<!-- \/ Yoast SEO plugin. -->","yoast_head_json":{"title":"Servidor: solicite \u00e0 sua chefia imediata para abonar, justificar ou a sua compensa\u00e7\u00e3o por falta ou atraso devido \u00e0s fortes chuvas de 26 de fevereiro - SINTRAMEM","robots":{"index":"index","follow":"follow","max-snippet":"max-snippet:-1","max-image-preview":"max-image-preview:large","max-video-preview":"max-video-preview:-1"},"canonical":"https:\/\/sintramem-sv.org.br\/sintramem\/servidor-solicite-a-sua-chefia-imediata-para-abonar-falta-ou-atraso-devido-as-fortes-chuvas-de-26-de-fevereiro\/","og_locale":"pt_BR","og_type":"article","og_title":"Servidor: solicite \u00e0 sua chefia imediata para abonar, justificar ou a sua compensa\u00e7\u00e3o por falta ou atraso devido \u00e0s fortes chuvas de 26 de fevereiro - SINTRAMEM","og_description":"Fortes chuvas atingiram S\u00e3o Vicente nesta quinta, 26 de fevereiro, e dificultaram o deslocamento de diversos Servidores at\u00e9 seus locais de trabalho. Deste modo, provid\u00eancias quanto ao registro de ponto dos trabalhadores afetados devem ser tomadas. As faltas ou atrasos ocasionadas pelas chuvas podem ser justificadas\/e ou abonadas, conforme Comunicado n\u00ba15\/2026. Com isso, o Sindicato&hellip;","og_url":"https:\/\/sintramem-sv.org.br\/sintramem\/servidor-solicite-a-sua-chefia-imediata-para-abonar-falta-ou-atraso-devido-as-fortes-chuvas-de-26-de-fevereiro\/","og_site_name":"SINTRAMEM","article_published_time":"2026-02-26T18:27:09+00:00","article_modified_time":"2026-02-26T20:05:04+00:00","og_image":[{"width":500,"height":278,"url":"https:\/\/sintramem-sv.org.br\/sintramem\/wp-content\/uploads\/2026\/02\/menor-8.png","type":"image\/png"}],"author":"sintramem","twitter_card":"summary_large_image","twitter_misc":{"Escrito por":"sintramem","Est. tempo de leitura":"2 minutos"},"schema":{"@context":"https:\/\/schema.org","@graph":[{"@type":"Article","@id":"https:\/\/sintramem-sv.org.br\/sintramem\/servidor-solicite-a-sua-chefia-imediata-para-abonar-falta-ou-atraso-devido-as-fortes-chuvas-de-26-de-fevereiro\/#article","isPartOf":{"@id":"https:\/\/sintramem-sv.org.br\/sintramem\/servidor-solicite-a-sua-chefia-imediata-para-abonar-falta-ou-atraso-devido-as-fortes-chuvas-de-26-de-fevereiro\/"},"author":{"name":"sintramem","@id":"https:\/\/sintramem-sv.org.br\/sintramem\/#\/schema\/person\/a8decb8ea63607d1e01e046c95ddcf2b"},"headline":"Servidor: solicite \u00e0 sua chefia imediata para abonar, justificar ou a sua compensa\u00e7\u00e3o por falta ou atraso devido \u00e0s fortes chuvas de 26 de fevereiro","datePublished":"2026-02-26T18:27:09+00:00","dateModified":"2026-02-26T20:05:04+00:00","mainEntityOfPage":{"@id":"https:\/\/sintramem-sv.org.br\/sintramem\/servidor-solicite-a-sua-chefia-imediata-para-abonar-falta-ou-atraso-devido-as-fortes-chuvas-de-26-de-fevereiro\/"},"wordCount":223,"commentCount":0,"publisher":{"@id":"https:\/\/sintramem-sv.org.br\/sintramem\/#organization"},"image":{"@id":"https:\/\/sintramem-sv.org.br\/sintramem\/servidor-solicite-a-sua-chefia-imediata-para-abonar-falta-ou-atraso-devido-as-fortes-chuvas-de-26-de-fevereiro\/#primaryimage"},"thumbnailUrl":"https:\/\/sintramem-sv.org.br\/sintramem\/wp-content\/uploads\/2026\/02\/Destacada-Abono-SINTRAMEM-1.png","articleSection":["sintramem"],"inLanguage":"pt-BR","potentialAction":[{"@type":"CommentAction","name":"Comment","target":["https:\/\/sintramem-sv.org.br\/sintramem\/servidor-solicite-a-sua-chefia-imediata-para-abonar-falta-ou-atraso-devido-as-fortes-chuvas-de-26-de-fevereiro\/#respond"]}]},{"@type":"WebPage","@id":"https:\/\/sintramem-sv.org.br\/sintramem\/servidor-solicite-a-sua-chefia-imediata-para-abonar-falta-ou-atraso-devido-as-fortes-chuvas-de-26-de-fevereiro\/","url":"https:\/\/sintramem-sv.org.br\/sintramem\/servidor-solicite-a-sua-chefia-imediata-para-abonar-falta-ou-atraso-devido-as-fortes-chuvas-de-26-de-fevereiro\/","name":"Servidor: solicite \u00e0 sua chefia imediata para abonar, justificar ou a sua compensa\u00e7\u00e3o por falta ou atraso devido \u00e0s fortes chuvas de 26 de fevereiro - SINTRAMEM","isPartOf":{"@id":"https:\/\/sintramem-sv.org.br\/sintramem\/#website"},"primaryImageOfPage":{"@id":"https:\/\/sintramem-sv.org.br\/sintramem\/servidor-solicite-a-sua-chefia-imediata-para-abonar-falta-ou-atraso-devido-as-fortes-chuvas-de-26-de-fevereiro\/#primaryimage"},"image":{"@id":"https:\/\/sintramem-sv.org.br\/sintramem\/servidor-solicite-a-sua-chefia-imediata-para-abonar-falta-ou-atraso-devido-as-fortes-chuvas-de-26-de-fevereiro\/#primaryimage"},"thumbnailUrl":"https:\/\/sintramem-sv.org.br\/sintramem\/wp-content\/uploads\/2026\/02\/Destacada-Abono-SINTRAMEM-1.png","datePublished":"2026-02-26T18:27:09+00:00","dateModified":"2026-02-26T20:05:04+00:00","breadcrumb":{"@id":"https:\/\/sintramem-sv.org.br\/sintramem\/servidor-solicite-a-sua-chefia-imediata-para-abonar-falta-ou-atraso-devido-as-fortes-chuvas-de-26-de-fevereiro\/#breadcrumb"},"inLanguage":"pt-BR","potentialAction":[{"@type":"ReadAction","target":["https:\/\/sintramem-sv.org.br\/sintramem\/servidor-solicite-a-sua-chefia-imediata-para-abonar-falta-ou-atraso-devido-as-fortes-chuvas-de-26-de-fevereiro\/"]}]},{"@type":"ImageObject","inLanguage":"pt-BR","@id":"https:\/\/sintramem-sv.org.br\/sintramem\/servidor-solicite-a-sua-chefia-imediata-para-abonar-falta-ou-atraso-devido-as-fortes-chuvas-de-26-de-fevereiro\/#primaryimage","url":"https:\/\/sintramem-sv.org.br\/sintramem\/wp-content\/uploads\/2026\/02\/Destacada-Abono-SINTRAMEM-1.png","contentUrl":"https:\/\/sintramem-sv.org.br\/sintramem\/wp-content\/uploads\/2026\/02\/Destacada-Abono-SINTRAMEM-1.png","width":1294,"height":720},{"@type":"BreadcrumbList","@id":"https:\/\/sintramem-sv.org.br\/sintramem\/servidor-solicite-a-sua-chefia-imediata-para-abonar-falta-ou-atraso-devido-as-fortes-chuvas-de-26-de-fevereiro\/#breadcrumb","itemListElement":[{"@type":"ListItem","position":1,"name":"In\u00edcio","item":"https:\/\/sintramem-sv.org.br\/sintramem\/"},{"@type":"ListItem","position":2,"name":"Servidor: solicite \u00e0 sua chefia imediata para abonar, justificar ou a sua compensa\u00e7\u00e3o por falta ou atraso devido \u00e0s fortes chuvas de 26 de fevereiro"}]},{"@type":"WebSite","@id":"https:\/\/sintramem-sv.org.br\/sintramem\/#website","url":"https:\/\/sintramem-sv.org.br\/sintramem\/","name":"SINTRAMEM","description":"Sindicato dos Trabalhadores no Magist\u00e9rio e na Educa\u00e7\u00e3o de S\u00e3o Vicente","publisher":{"@id":"https:\/\/sintramem-sv.org.br\/sintramem\/#organization"},"potentialAction":[{"@type":"SearchAction","target":{"@type":"EntryPoint","urlTemplate":"https:\/\/sintramem-sv.org.br\/sintramem\/?s={search_term_string}"},"query-input":{"@type":"PropertyValueSpecification","valueRequired":true,"valueName":"search_term_string"}}],"inLanguage":"pt-BR"},{"@type":"Organization","@id":"https:\/\/sintramem-sv.org.br\/sintramem\/#organization","name":"SINTRAMEM","url":"https:\/\/sintramem-sv.org.br\/sintramem\/","logo":{"@type":"ImageObject","inLanguage":"pt-BR","@id":"https:\/\/sintramem-sv.org.br\/sintramem\/#\/schema\/logo\/image\/","url":"https:\/\/sintramem-sv.org.br\/sintramem\/wp-content\/uploads\/2017\/02\/SINTRAMEM-LOGO-OFICIAL-300x100-jpg.jpg","contentUrl":"https:\/\/sintramem-sv.org.br\/sintramem\/wp-content\/uploads\/2017\/02\/SINTRAMEM-LOGO-OFICIAL-300x100-jpg.jpg","width":150,"height":150,"caption":"SINTRAMEM"},"image":{"@id":"https:\/\/sintramem-sv.org.br\/sintramem\/#\/schema\/logo\/image\/"}},{"@type":"Person","@id":"https:\/\/sintramem-sv.org.br\/sintramem\/#\/schema\/person\/a8decb8ea63607d1e01e046c95ddcf2b","name":"sintramem","image":{"@type":"ImageObject","inLanguage":"pt-BR","@id":"https:\/\/sintramem-sv.org.br\/sintramem\/#\/schema\/person\/image\/","url":"https:\/\/secure.gravatar.com\/avatar\/8e06da3b0d4f051010117c848b52b9280a4228043717057ccccccc8b20ff8f48?s=96&d=mm&r=g","contentUrl":"https:\/\/secure.gravatar.com\/avatar\/8e06da3b0d4f051010117c848b52b9280a4228043717057ccccccc8b20ff8f48?s=96&d=mm&r=g","caption":"sintramem"},"description":"Sindicato dos Trabalhadores no Magist\u00e9rio e na Educa\u00e7\u00e3o Municipal de S\u00e3o Vicente","url":"https:\/\/sintramem-sv.org.br\/sintramem\/author\/sindsv\/"}]}},"_links":{"self":[{"href":"https:\/\/sintramem-sv.org.br\/sintramem\/wp-json\/wp\/v2\/posts\/9539","targetHints":{"allow":["GET"]}}],"collection":[{"href":"https:\/\/sintramem-sv.org.br\/sintramem\/wp-json\/wp\/v2\/posts"}],"about":[{"href":"https:\/\/sintramem-sv.org.br\/sintramem\/wp-json\/wp\/v2\/types\/post"}],"author":[{"embeddable":true,"href":"https:\/\/sintramem-sv.org.br\/sintramem\/wp-json\/wp\/v2\/users\/1"}],"replies":[{"embeddable":true,"href":"https:\/\/sintramem-sv.org.br\/sintramem\/wp-json\/wp\/v2\/comments?post=9539"}],"version-history":[{"count":6,"href":"https:\/\/sintramem-sv.org.br\/sintramem\/wp-json\/wp\/v2\/posts\/9539\/revisions"}],"predecessor-version":[{"id":9558,"href":"https:\/\/sintramem-sv.org.br\/sintramem\/wp-json\/wp\/v2\/posts\/9539\/revisions\/9558"}],"wp:featuredmedia":[{"embeddable":true,"href":"https:\/\/sintramem-sv.org.br\/sintramem\/wp-json\/wp\/v2\/media\/9559"}],"wp:attachment":[{"href":"https:\/\/sintramem-sv.org.br\/sintramem\/wp-json\/wp\/v2\/media?parent=9539"}],"wp:term":[{"taxonomy":"category","embeddable":true,"href":"https:\/\/sintramem-sv.org.br\/sintramem\/wp-json\/wp\/v2\/categories?post=9539"},{"taxonomy":"post_tag","embeddable":true,"href":"https:\/\/sintramem-sv.org.br\/sintramem\/wp-json\/wp\/v2\/tags?post=9539"}],"curies":[{"name":"wp","href":"https:\/\/api.w.org\/{rel}","templated":true}]}}