{"id":9514,"date":"2026-02-24T19:06:03","date_gmt":"2026-02-24T19:06:03","guid":{"rendered":"https:\/\/sintramem-sv.org.br\/sintramem\/?p=9514"},"modified":"2026-02-24T22:19:52","modified_gmt":"2026-02-24T22:19:52","slug":"plantao-juridico-confira-os-dias-de-atendimento-do-dr-welington-ladislau","status":"publish","type":"post","link":"https:\/\/sintramem-sv.org.br\/sintramem\/plantao-juridico-confira-os-dias-de-atendimento-do-dr-welington-ladislau\/","title":{"rendered":"PLANT\u00c3O JUR\u00cdDICO | Confira os dias de atendimento do Dr. Welington Ladislau no m\u00eas de mar\u00e7o. Agende seu hor\u00e1rio com anteced\u00eancia!"},"content":{"rendered":"<p><span style=\"font-size: 14pt;\">O SINTRAMEM informa aos associados a agenda de atendimentos do <strong>Dr. Welington Ladislau Junior<\/strong> (OAB\/SP 376.313) para o m\u00eas de mar\u00e7o. A assessoria jur\u00eddica \u00e9 realizada \u00e0s ter\u00e7as e quintas, das 15 \u00e0s 19 horas, na sede do Sindicato, mediante agendamento pr\u00e9vio. Reserve seu hor\u00e1rio de forma pr\u00e1tica, entre em contato pelo <a href=\"https:\/\/wa.me\/5513997678241\" target=\"_blank\" rel=\"noopener\"><strong>WhatsApp (13) 99767.8241<\/strong><\/a>.<\/span><\/p>\n<p><span style=\"font-size: 14pt;\">O <strong>Dr. Welington<\/strong> estar\u00e1 \u00e0 disposi\u00e7\u00e3o para consultas, an\u00e1lise de situa\u00e7\u00f5es individuais e esclarecimentos completos sobre a tramita\u00e7\u00e3o de demandas judiciais. Aproveite este servi\u00e7o exclusivo aos associados. Se voc\u00ea ainda n\u00e3o \u00e9 s\u00f3cio do Sindicato, <a href=\"https:\/\/sintramem-sv.org.br\/sintramem\/sindicalize-se\/\" target=\"_blank\" rel=\"noopener\"><strong>filie-se e garanta este e muitos outros benef\u00edcios<\/strong><\/a>.<\/span><\/p>\n<p><span style=\"color: #ff0000;\"><strong><span style=\"font-size: 14pt;\"><span class=\"x19la9d6 x1fc57z9 x6ikm8r x10wlt62 x19co3pv x11tp94h xfibh0p xiy17q3 x1xsqp64 x1lkfr7t xexx8yu xyri2b x18d9i69 x1c1uobl\"><span class=\"xrtxmta x1bhl96m\">&#x1f4cc; <\/span><\/span>PLANT\u00c3O \u00c0S TER\u00c7AS<\/span><\/strong><\/span><br \/>\n<span style=\"font-size: 14pt;\">Dias 3, 10, 17, 24 e 31 de mar\u00e7o<\/span><\/p>\n<p><span style=\"color: #ff0000;\"><strong><span style=\"font-size: 14pt;\"><span class=\"x19la9d6 x1fc57z9 x6ikm8r x10wlt62 x19co3pv x11tp94h xfibh0p xiy17q3 x1xsqp64 x1lkfr7t xexx8yu xyri2b x18d9i69 x1c1uobl\"><span class=\"xrtxmta x1bhl96m\">&#x1f4cc; <\/span><\/span>PLANT\u00c3O \u00c0S QUINTAS<\/span><\/strong><\/span><br \/>\n<span style=\"font-size: 14pt;\">Dias 5, 12, 19 e 26 de mar\u00e7o<\/span><\/p>\n<p><img loading=\"lazy\" decoding=\"async\" class=\"aligncenter size-full wp-image-9527\" src=\"https:\/\/sintramem-sv.org.br\/sintramem\/wp-content\/uploads\/2026\/02\/Card-Agenda-Dr-Wellington-SINTRAMEM-1.png\" alt=\"\" width=\"1080\" height=\"1350\" srcset=\"https:\/\/sintramem-sv.org.br\/sintramem\/wp-content\/uploads\/2026\/02\/Card-Agenda-Dr-Wellington-SINTRAMEM-1.png 1080w, https:\/\/sintramem-sv.org.br\/sintramem\/wp-content\/uploads\/2026\/02\/Card-Agenda-Dr-Wellington-SINTRAMEM-1-240x300.png 240w, https:\/\/sintramem-sv.org.br\/sintramem\/wp-content\/uploads\/2026\/02\/Card-Agenda-Dr-Wellington-SINTRAMEM-1-819x1024.png 819w, https:\/\/sintramem-sv.org.br\/sintramem\/wp-content\/uploads\/2026\/02\/Card-Agenda-Dr-Wellington-SINTRAMEM-1-768x960.png 768w\" sizes=\"auto, (max-width: 1080px) 100vw, 1080px\" \/><\/p>\n","protected":false},"excerpt":{"rendered":"<p>O SINTRAMEM informa aos associados a agenda de atendimentos do Dr. Welington Ladislau Junior (OAB\/SP 376.313) para o m\u00eas de mar\u00e7o. A assessoria jur\u00eddica \u00e9 realizada \u00e0s ter\u00e7as e quintas, das 15 \u00e0s 19 horas, na sede do Sindicato, mediante agendamento pr\u00e9vio. Reserve seu hor\u00e1rio de forma pr\u00e1tica, entre em contato pelo WhatsApp (13) 99767.8241.&hellip;<\/p>\n","protected":false},"author":1,"featured_media":9519,"comment_status":"open","ping_status":"closed","sticky":false,"template":"","format":"standard","meta":{"_monsterinsights_skip_tracking":false,"_monsterinsights_sitenote_active":false,"_monsterinsights_sitenote_note":"","_monsterinsights_sitenote_category":0,"footnotes":""},"categories":[19],"tags":[],"class_list":["post-9514","post","type-post","status-publish","format-standard","has-post-thumbnail","hentry","category-sintramem"],"yoast_head":"<!-- This site is optimized with the Yoast SEO plugin v27.0 - https:\/\/yoast.com\/product\/yoast-seo-wordpress\/ -->\n<title>PLANT\u00c3O JUR\u00cdDICO | Confira os dias de atendimento do Dr. Welington Ladislau no m\u00eas de mar\u00e7o. Agende seu hor\u00e1rio com anteced\u00eancia! - SINTRAMEM<\/title>\n<meta name=\"robots\" content=\"index, follow, max-snippet:-1, max-image-preview:large, max-video-preview:-1\" \/>\n<link rel=\"canonical\" href=\"https:\/\/sintramem-sv.org.br\/sintramem\/plantao-juridico-confira-os-dias-de-atendimento-do-dr-welington-ladislau\/\" \/>\n<meta property=\"og:locale\" content=\"pt_BR\" \/>\n<meta property=\"og:type\" content=\"article\" \/>\n<meta property=\"og:title\" content=\"PLANT\u00c3O JUR\u00cdDICO | Confira os dias de atendimento do Dr. Welington Ladislau no m\u00eas de mar\u00e7o. Agende seu hor\u00e1rio com anteced\u00eancia! - SINTRAMEM\" \/>\n<meta property=\"og:description\" content=\"O SINTRAMEM informa aos associados a agenda de atendimentos do Dr. Welington Ladislau Junior (OAB\/SP 376.313) para o m\u00eas de mar\u00e7o. A assessoria jur\u00eddica \u00e9 realizada \u00e0s ter\u00e7as e quintas, das 15 \u00e0s 19 horas, na sede do Sindicato, mediante agendamento pr\u00e9vio. Reserve seu hor\u00e1rio de forma pr\u00e1tica, entre em contato pelo WhatsApp (13) 99767.8241.&hellip;\" \/>\n<meta property=\"og:url\" content=\"https:\/\/sintramem-sv.org.br\/sintramem\/plantao-juridico-confira-os-dias-de-atendimento-do-dr-welington-ladislau\/\" \/>\n<meta property=\"og:site_name\" content=\"SINTRAMEM\" \/>\n<meta property=\"article:published_time\" content=\"2026-02-24T19:06:03+00:00\" \/>\n<meta property=\"article:modified_time\" content=\"2026-02-24T22:19:52+00:00\" \/>\n<meta property=\"og:image\" content=\"https:\/\/sintramem-sv.org.br\/sintramem\/wp-content\/uploads\/2026\/02\/menor-4.png\" \/>\n\t<meta property=\"og:image:width\" content=\"500\" \/>\n\t<meta property=\"og:image:height\" content=\"278\" \/>\n\t<meta property=\"og:image:type\" content=\"image\/png\" \/>\n<meta name=\"author\" content=\"sintramem\" \/>\n<meta name=\"twitter:card\" content=\"summary_large_image\" \/>\n<meta name=\"twitter:label1\" content=\"Escrito por\" \/>\n\t<meta name=\"twitter:data1\" content=\"sintramem\" \/>\n\t<meta name=\"twitter:label2\" content=\"Est. tempo de leitura\" \/>\n\t<meta name=\"twitter:data2\" content=\"2 minutos\" \/>\n<script type=\"application\/ld+json\" class=\"yoast-schema-graph\">{\"@context\":\"https:\/\/schema.org\",\"@graph\":[{\"@type\":\"Article\",\"@id\":\"https:\/\/sintramem-sv.org.br\/sintramem\/plantao-juridico-confira-os-dias-de-atendimento-do-dr-welington-ladislau\/#article\",\"isPartOf\":{\"@id\":\"https:\/\/sintramem-sv.org.br\/sintramem\/plantao-juridico-confira-os-dias-de-atendimento-do-dr-welington-ladislau\/\"},\"author\":{\"name\":\"sintramem\",\"@id\":\"https:\/\/sintramem-sv.org.br\/sintramem\/#\/schema\/person\/a8decb8ea63607d1e01e046c95ddcf2b\"},\"headline\":\"PLANT\u00c3O JUR\u00cdDICO | Confira os dias de atendimento do Dr. Welington Ladislau no m\u00eas de mar\u00e7o. Agende seu hor\u00e1rio com anteced\u00eancia!\",\"datePublished\":\"2026-02-24T19:06:03+00:00\",\"dateModified\":\"2026-02-24T22:19:52+00:00\",\"mainEntityOfPage\":{\"@id\":\"https:\/\/sintramem-sv.org.br\/sintramem\/plantao-juridico-confira-os-dias-de-atendimento-do-dr-welington-ladislau\/\"},\"wordCount\":157,\"commentCount\":0,\"publisher\":{\"@id\":\"https:\/\/sintramem-sv.org.br\/sintramem\/#organization\"},\"image\":{\"@id\":\"https:\/\/sintramem-sv.org.br\/sintramem\/plantao-juridico-confira-os-dias-de-atendimento-do-dr-welington-ladislau\/#primaryimage\"},\"thumbnailUrl\":\"https:\/\/sintramem-sv.org.br\/sintramem\/wp-content\/uploads\/2026\/02\/Destacada-Agenda-Dr-Wellington-SINTRAMEM.png\",\"articleSection\":[\"Sintramem\"],\"inLanguage\":\"pt-BR\",\"potentialAction\":[{\"@type\":\"CommentAction\",\"name\":\"Comment\",\"target\":[\"https:\/\/sintramem-sv.org.br\/sintramem\/plantao-juridico-confira-os-dias-de-atendimento-do-dr-welington-ladislau\/#respond\"]}]},{\"@type\":\"WebPage\",\"@id\":\"https:\/\/sintramem-sv.org.br\/sintramem\/plantao-juridico-confira-os-dias-de-atendimento-do-dr-welington-ladislau\/\",\"url\":\"https:\/\/sintramem-sv.org.br\/sintramem\/plantao-juridico-confira-os-dias-de-atendimento-do-dr-welington-ladislau\/\",\"name\":\"PLANT\u00c3O JUR\u00cdDICO | Confira os dias de atendimento do Dr. Welington Ladislau no m\u00eas de mar\u00e7o. Agende seu hor\u00e1rio com anteced\u00eancia! - SINTRAMEM\",\"isPartOf\":{\"@id\":\"https:\/\/sintramem-sv.org.br\/sintramem\/#website\"},\"primaryImageOfPage\":{\"@id\":\"https:\/\/sintramem-sv.org.br\/sintramem\/plantao-juridico-confira-os-dias-de-atendimento-do-dr-welington-ladislau\/#primaryimage\"},\"image\":{\"@id\":\"https:\/\/sintramem-sv.org.br\/sintramem\/plantao-juridico-confira-os-dias-de-atendimento-do-dr-welington-ladislau\/#primaryimage\"},\"thumbnailUrl\":\"https:\/\/sintramem-sv.org.br\/sintramem\/wp-content\/uploads\/2026\/02\/Destacada-Agenda-Dr-Wellington-SINTRAMEM.png\",\"datePublished\":\"2026-02-24T19:06:03+00:00\",\"dateModified\":\"2026-02-24T22:19:52+00:00\",\"breadcrumb\":{\"@id\":\"https:\/\/sintramem-sv.org.br\/sintramem\/plantao-juridico-confira-os-dias-de-atendimento-do-dr-welington-ladislau\/#breadcrumb\"},\"inLanguage\":\"pt-BR\",\"potentialAction\":[{\"@type\":\"ReadAction\",\"target\":[\"https:\/\/sintramem-sv.org.br\/sintramem\/plantao-juridico-confira-os-dias-de-atendimento-do-dr-welington-ladislau\/\"]}]},{\"@type\":\"ImageObject\",\"inLanguage\":\"pt-BR\",\"@id\":\"https:\/\/sintramem-sv.org.br\/sintramem\/plantao-juridico-confira-os-dias-de-atendimento-do-dr-welington-ladislau\/#primaryimage\",\"url\":\"https:\/\/sintramem-sv.org.br\/sintramem\/wp-content\/uploads\/2026\/02\/Destacada-Agenda-Dr-Wellington-SINTRAMEM.png\",\"contentUrl\":\"https:\/\/sintramem-sv.org.br\/sintramem\/wp-content\/uploads\/2026\/02\/Destacada-Agenda-Dr-Wellington-SINTRAMEM.png\",\"width\":1294,\"height\":720},{\"@type\":\"BreadcrumbList\",\"@id\":\"https:\/\/sintramem-sv.org.br\/sintramem\/plantao-juridico-confira-os-dias-de-atendimento-do-dr-welington-ladislau\/#breadcrumb\",\"itemListElement\":[{\"@type\":\"ListItem\",\"position\":1,\"name\":\"In\u00edcio\",\"item\":\"https:\/\/sintramem-sv.org.br\/sintramem\/\"},{\"@type\":\"ListItem\",\"position\":2,\"name\":\"PLANT\u00c3O JUR\u00cdDICO | Confira os dias de atendimento do Dr. Welington Ladislau no m\u00eas de mar\u00e7o. Agende seu hor\u00e1rio com anteced\u00eancia!\"}]},{\"@type\":\"WebSite\",\"@id\":\"https:\/\/sintramem-sv.org.br\/sintramem\/#website\",\"url\":\"https:\/\/sintramem-sv.org.br\/sintramem\/\",\"name\":\"SINTRAMEM\",\"description\":\"Sindicato dos Trabalhadores no Magist\u00e9rio e na Educa\u00e7\u00e3o de S\u00e3o Vicente\",\"publisher\":{\"@id\":\"https:\/\/sintramem-sv.org.br\/sintramem\/#organization\"},\"potentialAction\":[{\"@type\":\"SearchAction\",\"target\":{\"@type\":\"EntryPoint\",\"urlTemplate\":\"https:\/\/sintramem-sv.org.br\/sintramem\/?s={search_term_string}\"},\"query-input\":{\"@type\":\"PropertyValueSpecification\",\"valueRequired\":true,\"valueName\":\"search_term_string\"}}],\"inLanguage\":\"pt-BR\"},{\"@type\":\"Organization\",\"@id\":\"https:\/\/sintramem-sv.org.br\/sintramem\/#organization\",\"name\":\"SINTRAMEM\",\"url\":\"https:\/\/sintramem-sv.org.br\/sintramem\/\",\"logo\":{\"@type\":\"ImageObject\",\"inLanguage\":\"pt-BR\",\"@id\":\"https:\/\/sintramem-sv.org.br\/sintramem\/#\/schema\/logo\/image\/\",\"url\":\"https:\/\/sintramem-sv.org.br\/sintramem\/wp-content\/uploads\/2017\/02\/SINTRAMEM-LOGO-OFICIAL-300x100-jpg.jpg\",\"contentUrl\":\"https:\/\/sintramem-sv.org.br\/sintramem\/wp-content\/uploads\/2017\/02\/SINTRAMEM-LOGO-OFICIAL-300x100-jpg.jpg\",\"width\":150,\"height\":150,\"caption\":\"SINTRAMEM\"},\"image\":{\"@id\":\"https:\/\/sintramem-sv.org.br\/sintramem\/#\/schema\/logo\/image\/\"}},{\"@type\":\"Person\",\"@id\":\"https:\/\/sintramem-sv.org.br\/sintramem\/#\/schema\/person\/a8decb8ea63607d1e01e046c95ddcf2b\",\"name\":\"sintramem\",\"image\":{\"@type\":\"ImageObject\",\"inLanguage\":\"pt-BR\",\"@id\":\"https:\/\/sintramem-sv.org.br\/sintramem\/#\/schema\/person\/image\/\",\"url\":\"https:\/\/secure.gravatar.com\/avatar\/8e06da3b0d4f051010117c848b52b9280a4228043717057ccccccc8b20ff8f48?s=96&d=mm&r=g\",\"contentUrl\":\"https:\/\/secure.gravatar.com\/avatar\/8e06da3b0d4f051010117c848b52b9280a4228043717057ccccccc8b20ff8f48?s=96&d=mm&r=g\",\"caption\":\"sintramem\"},\"description\":\"Sindicato dos Trabalhadores no Magist\u00e9rio e na Educa\u00e7\u00e3o Municipal de S\u00e3o Vicente\",\"url\":\"https:\/\/sintramem-sv.org.br\/sintramem\/author\/sindsv\/\"}]}<\/script>\n<!-- \/ Yoast SEO plugin. -->","yoast_head_json":{"title":"PLANT\u00c3O JUR\u00cdDICO | Confira os dias de atendimento do Dr. Welington Ladislau no m\u00eas de mar\u00e7o. Agende seu hor\u00e1rio com anteced\u00eancia! - SINTRAMEM","robots":{"index":"index","follow":"follow","max-snippet":"max-snippet:-1","max-image-preview":"max-image-preview:large","max-video-preview":"max-video-preview:-1"},"canonical":"https:\/\/sintramem-sv.org.br\/sintramem\/plantao-juridico-confira-os-dias-de-atendimento-do-dr-welington-ladislau\/","og_locale":"pt_BR","og_type":"article","og_title":"PLANT\u00c3O JUR\u00cdDICO | Confira os dias de atendimento do Dr. Welington Ladislau no m\u00eas de mar\u00e7o. Agende seu hor\u00e1rio com anteced\u00eancia! - SINTRAMEM","og_description":"O SINTRAMEM informa aos associados a agenda de atendimentos do Dr. Welington Ladislau Junior (OAB\/SP 376.313) para o m\u00eas de mar\u00e7o. A assessoria jur\u00eddica \u00e9 realizada \u00e0s ter\u00e7as e quintas, das 15 \u00e0s 19 horas, na sede do Sindicato, mediante agendamento pr\u00e9vio. Reserve seu hor\u00e1rio de forma pr\u00e1tica, entre em contato pelo WhatsApp (13) 99767.8241.&hellip;","og_url":"https:\/\/sintramem-sv.org.br\/sintramem\/plantao-juridico-confira-os-dias-de-atendimento-do-dr-welington-ladislau\/","og_site_name":"SINTRAMEM","article_published_time":"2026-02-24T19:06:03+00:00","article_modified_time":"2026-02-24T22:19:52+00:00","og_image":[{"width":500,"height":278,"url":"https:\/\/sintramem-sv.org.br\/sintramem\/wp-content\/uploads\/2026\/02\/menor-4.png","type":"image\/png"}],"author":"sintramem","twitter_card":"summary_large_image","twitter_misc":{"Escrito por":"sintramem","Est. tempo de leitura":"2 minutos"},"schema":{"@context":"https:\/\/schema.org","@graph":[{"@type":"Article","@id":"https:\/\/sintramem-sv.org.br\/sintramem\/plantao-juridico-confira-os-dias-de-atendimento-do-dr-welington-ladislau\/#article","isPartOf":{"@id":"https:\/\/sintramem-sv.org.br\/sintramem\/plantao-juridico-confira-os-dias-de-atendimento-do-dr-welington-ladislau\/"},"author":{"name":"sintramem","@id":"https:\/\/sintramem-sv.org.br\/sintramem\/#\/schema\/person\/a8decb8ea63607d1e01e046c95ddcf2b"},"headline":"PLANT\u00c3O JUR\u00cdDICO | Confira os dias de atendimento do Dr. Welington Ladislau no m\u00eas de mar\u00e7o. Agende seu hor\u00e1rio com anteced\u00eancia!","datePublished":"2026-02-24T19:06:03+00:00","dateModified":"2026-02-24T22:19:52+00:00","mainEntityOfPage":{"@id":"https:\/\/sintramem-sv.org.br\/sintramem\/plantao-juridico-confira-os-dias-de-atendimento-do-dr-welington-ladislau\/"},"wordCount":157,"commentCount":0,"publisher":{"@id":"https:\/\/sintramem-sv.org.br\/sintramem\/#organization"},"image":{"@id":"https:\/\/sintramem-sv.org.br\/sintramem\/plantao-juridico-confira-os-dias-de-atendimento-do-dr-welington-ladislau\/#primaryimage"},"thumbnailUrl":"https:\/\/sintramem-sv.org.br\/sintramem\/wp-content\/uploads\/2026\/02\/Destacada-Agenda-Dr-Wellington-SINTRAMEM.png","articleSection":["Sintramem"],"inLanguage":"pt-BR","potentialAction":[{"@type":"CommentAction","name":"Comment","target":["https:\/\/sintramem-sv.org.br\/sintramem\/plantao-juridico-confira-os-dias-de-atendimento-do-dr-welington-ladislau\/#respond"]}]},{"@type":"WebPage","@id":"https:\/\/sintramem-sv.org.br\/sintramem\/plantao-juridico-confira-os-dias-de-atendimento-do-dr-welington-ladislau\/","url":"https:\/\/sintramem-sv.org.br\/sintramem\/plantao-juridico-confira-os-dias-de-atendimento-do-dr-welington-ladislau\/","name":"PLANT\u00c3O JUR\u00cdDICO | Confira os dias de atendimento do Dr. Welington Ladislau no m\u00eas de mar\u00e7o. Agende seu hor\u00e1rio com anteced\u00eancia! - SINTRAMEM","isPartOf":{"@id":"https:\/\/sintramem-sv.org.br\/sintramem\/#website"},"primaryImageOfPage":{"@id":"https:\/\/sintramem-sv.org.br\/sintramem\/plantao-juridico-confira-os-dias-de-atendimento-do-dr-welington-ladislau\/#primaryimage"},"image":{"@id":"https:\/\/sintramem-sv.org.br\/sintramem\/plantao-juridico-confira-os-dias-de-atendimento-do-dr-welington-ladislau\/#primaryimage"},"thumbnailUrl":"https:\/\/sintramem-sv.org.br\/sintramem\/wp-content\/uploads\/2026\/02\/Destacada-Agenda-Dr-Wellington-SINTRAMEM.png","datePublished":"2026-02-24T19:06:03+00:00","dateModified":"2026-02-24T22:19:52+00:00","breadcrumb":{"@id":"https:\/\/sintramem-sv.org.br\/sintramem\/plantao-juridico-confira-os-dias-de-atendimento-do-dr-welington-ladislau\/#breadcrumb"},"inLanguage":"pt-BR","potentialAction":[{"@type":"ReadAction","target":["https:\/\/sintramem-sv.org.br\/sintramem\/plantao-juridico-confira-os-dias-de-atendimento-do-dr-welington-ladislau\/"]}]},{"@type":"ImageObject","inLanguage":"pt-BR","@id":"https:\/\/sintramem-sv.org.br\/sintramem\/plantao-juridico-confira-os-dias-de-atendimento-do-dr-welington-ladislau\/#primaryimage","url":"https:\/\/sintramem-sv.org.br\/sintramem\/wp-content\/uploads\/2026\/02\/Destacada-Agenda-Dr-Wellington-SINTRAMEM.png","contentUrl":"https:\/\/sintramem-sv.org.br\/sintramem\/wp-content\/uploads\/2026\/02\/Destacada-Agenda-Dr-Wellington-SINTRAMEM.png","width":1294,"height":720},{"@type":"BreadcrumbList","@id":"https:\/\/sintramem-sv.org.br\/sintramem\/plantao-juridico-confira-os-dias-de-atendimento-do-dr-welington-ladislau\/#breadcrumb","itemListElement":[{"@type":"ListItem","position":1,"name":"In\u00edcio","item":"https:\/\/sintramem-sv.org.br\/sintramem\/"},{"@type":"ListItem","position":2,"name":"PLANT\u00c3O JUR\u00cdDICO | Confira os dias de atendimento do Dr. Welington Ladislau no m\u00eas de mar\u00e7o. Agende seu hor\u00e1rio com anteced\u00eancia!"}]},{"@type":"WebSite","@id":"https:\/\/sintramem-sv.org.br\/sintramem\/#website","url":"https:\/\/sintramem-sv.org.br\/sintramem\/","name":"SINTRAMEM","description":"Sindicato dos Trabalhadores no Magist\u00e9rio e na Educa\u00e7\u00e3o de S\u00e3o Vicente","publisher":{"@id":"https:\/\/sintramem-sv.org.br\/sintramem\/#organization"},"potentialAction":[{"@type":"SearchAction","target":{"@type":"EntryPoint","urlTemplate":"https:\/\/sintramem-sv.org.br\/sintramem\/?s={search_term_string}"},"query-input":{"@type":"PropertyValueSpecification","valueRequired":true,"valueName":"search_term_string"}}],"inLanguage":"pt-BR"},{"@type":"Organization","@id":"https:\/\/sintramem-sv.org.br\/sintramem\/#organization","name":"SINTRAMEM","url":"https:\/\/sintramem-sv.org.br\/sintramem\/","logo":{"@type":"ImageObject","inLanguage":"pt-BR","@id":"https:\/\/sintramem-sv.org.br\/sintramem\/#\/schema\/logo\/image\/","url":"https:\/\/sintramem-sv.org.br\/sintramem\/wp-content\/uploads\/2017\/02\/SINTRAMEM-LOGO-OFICIAL-300x100-jpg.jpg","contentUrl":"https:\/\/sintramem-sv.org.br\/sintramem\/wp-content\/uploads\/2017\/02\/SINTRAMEM-LOGO-OFICIAL-300x100-jpg.jpg","width":150,"height":150,"caption":"SINTRAMEM"},"image":{"@id":"https:\/\/sintramem-sv.org.br\/sintramem\/#\/schema\/logo\/image\/"}},{"@type":"Person","@id":"https:\/\/sintramem-sv.org.br\/sintramem\/#\/schema\/person\/a8decb8ea63607d1e01e046c95ddcf2b","name":"sintramem","image":{"@type":"ImageObject","inLanguage":"pt-BR","@id":"https:\/\/sintramem-sv.org.br\/sintramem\/#\/schema\/person\/image\/","url":"https:\/\/secure.gravatar.com\/avatar\/8e06da3b0d4f051010117c848b52b9280a4228043717057ccccccc8b20ff8f48?s=96&d=mm&r=g","contentUrl":"https:\/\/secure.gravatar.com\/avatar\/8e06da3b0d4f051010117c848b52b9280a4228043717057ccccccc8b20ff8f48?s=96&d=mm&r=g","caption":"sintramem"},"description":"Sindicato dos Trabalhadores no Magist\u00e9rio e na Educa\u00e7\u00e3o Municipal de S\u00e3o Vicente","url":"https:\/\/sintramem-sv.org.br\/sintramem\/author\/sindsv\/"}]}},"_links":{"self":[{"href":"https:\/\/sintramem-sv.org.br\/sintramem\/wp-json\/wp\/v2\/posts\/9514","targetHints":{"allow":["GET"]}}],"collection":[{"href":"https:\/\/sintramem-sv.org.br\/sintramem\/wp-json\/wp\/v2\/posts"}],"about":[{"href":"https:\/\/sintramem-sv.org.br\/sintramem\/wp-json\/wp\/v2\/types\/post"}],"author":[{"embeddable":true,"href":"https:\/\/sintramem-sv.org.br\/sintramem\/wp-json\/wp\/v2\/users\/1"}],"replies":[{"embeddable":true,"href":"https:\/\/sintramem-sv.org.br\/sintramem\/wp-json\/wp\/v2\/comments?post=9514"}],"version-history":[{"count":9,"href":"https:\/\/sintramem-sv.org.br\/sintramem\/wp-json\/wp\/v2\/posts\/9514\/revisions"}],"predecessor-version":[{"id":9528,"href":"https:\/\/sintramem-sv.org.br\/sintramem\/wp-json\/wp\/v2\/posts\/9514\/revisions\/9528"}],"wp:featuredmedia":[{"embeddable":true,"href":"https:\/\/sintramem-sv.org.br\/sintramem\/wp-json\/wp\/v2\/media\/9519"}],"wp:attachment":[{"href":"https:\/\/sintramem-sv.org.br\/sintramem\/wp-json\/wp\/v2\/media?parent=9514"}],"wp:term":[{"taxonomy":"category","embeddable":true,"href":"https:\/\/sintramem-sv.org.br\/sintramem\/wp-json\/wp\/v2\/categories?post=9514"},{"taxonomy":"post_tag","embeddable":true,"href":"https:\/\/sintramem-sv.org.br\/sintramem\/wp-json\/wp\/v2\/tags?post=9514"}],"curies":[{"name":"wp","href":"https:\/\/api.w.org\/{rel}","templated":true}]}}