{"id":9494,"date":"2026-02-12T16:00:32","date_gmt":"2026-02-12T16:00:32","guid":{"rendered":"https:\/\/sintramem-sv.org.br\/sintramem\/?p=9494"},"modified":"2026-02-12T20:01:32","modified_gmt":"2026-02-12T20:01:32","slug":"campanha-salarial-2026-diretores-do-sintramem-entregam-pauta-de-reivindicacoes-no-legislativo","status":"publish","type":"post","link":"https:\/\/sintramem-sv.org.br\/sintramem\/campanha-salarial-2026-diretores-do-sintramem-entregam-pauta-de-reivindicacoes-no-legislativo\/","title":{"rendered":"Campanha Salarial 2026 | Diretores do SINTRAMEM entregam Pauta de Reivindica\u00e7\u00f5es aos vereadores e refor\u00e7am import\u00e2ncia do Legislativo"},"content":{"rendered":"<p><span style=\"font-size: 14pt;\">A fim de fortalecer a Campanha Salarial dos Servidores da Educa\u00e7\u00e3o de S\u00e3o Vicente, diretores do SINTRAMEM estiveram nesta quinta, dia 12 de fevereiro, na C\u00e2mara Municipal para entregar a <strong>Pauta de Reivindica\u00e7\u00f5es<\/strong> aos vereadores. <\/span><span style=\"font-size: 14pt;\">A iniciativa tem como objetivo <span style=\"background-color: #ffff00;\"><strong>dar transpar\u00eancia, clareza e visibilidade \u00e0s demandas as categoria<\/strong><\/span>. Na oportunidade, tamb\u00e9m dialogamos com os parlamentares sobre a import\u00e2ncia do Legislativo no processo de valoriza\u00e7\u00e3o dos Servidores e no fortalecimento da Campanha Salarial 2026.<\/span><\/p>\n<p><img loading=\"lazy\" decoding=\"async\" class=\"aligncenter size-full wp-image-9499\" src=\"https:\/\/sintramem-sv.org.br\/sintramem\/wp-content\/uploads\/2026\/02\/4.jpeg\" alt=\"\" width=\"960\" height=\"720\" srcset=\"https:\/\/sintramem-sv.org.br\/sintramem\/wp-content\/uploads\/2026\/02\/4.jpeg 960w, https:\/\/sintramem-sv.org.br\/sintramem\/wp-content\/uploads\/2026\/02\/4-300x225.jpeg 300w, https:\/\/sintramem-sv.org.br\/sintramem\/wp-content\/uploads\/2026\/02\/4-768x576.jpeg 768w, https:\/\/sintramem-sv.org.br\/sintramem\/wp-content\/uploads\/2026\/02\/4-120x90.jpeg 120w\" sizes=\"auto, (max-width: 960px) 100vw, 960px\" \/><\/p>\n<p><span style=\"color: #ff0000;\"><strong><span style=\"font-size: 18pt;\">DIRETORES PRESENTES <span class=\"x19la9d6 x1fc57z9 x6ikm8r x10wlt62 x19co3pv x11tp94h xfibh0p xiy17q3 x1xsqp64 x1lkfr7t xexx8yu xyri2b x18d9i69 x1c1uobl\"><span class=\"xrtxmta x1bhl96m\">&#x1f465;<\/span><\/span><\/span><\/strong><\/span><\/p>\n<ul>\n<li><span style=\"font-size: 14pt;\"><strong>Thobias Paraguai de Oliveira<\/strong> \u2192 Presidente<\/span><\/li>\n<li><span style=\"font-size: 14pt;\"><strong>Joana D\u2019Arc Santos Lopes<\/strong> \u2192 Vice-presidente<\/span><\/li>\n<li><span style=\"font-size: 14pt;\"><strong>M\u00e1rcio Roberto Rodrigue Batalha<\/strong> \u2192 Tesoureiro<br \/>\n<\/span><\/li>\n<li><span style=\"font-size: 14pt;\"><strong>Elessandro Campos Eug\u00eanio<\/strong> \u2192 Diretor de imprensa<\/span><\/li>\n<li><span style=\"font-size: 14pt;\"><strong>Ocimeire Garcia Moyano \u2192<\/strong> Diretora de assuntos sindicais<\/span><\/li>\n<li><strong>Jorge Roberto Rodrigues dos Santos <span style=\"font-size: 14pt;\">\u2192 <\/span><\/strong><span style=\"font-size: 14pt;\">Diretor aposentado<\/span><\/li>\n<\/ul>\n<p><span style=\"color: #ff0000;\"><strong><span style=\"font-size: 18pt;\"><span class=\"x19la9d6 x1fc57z9 x6ikm8r x10wlt62 x19co3pv x11tp94h xfibh0p xiy17q3 x1xsqp64 x1lkfr7t xexx8yu xyri2b x18d9i69 x1c1uobl\"><span class=\"xrtxmta x1bhl96m\">&#x1f4cc; <\/span><\/span>RELEMBRE AS ETAPAS DA CAMPANHA SALARIAL<\/span><\/strong><\/span><\/p>\n<p><span style=\"font-size: 14pt;\">Para garantir que todas a categoria fosse ouvida, o Sindicato disponibilizou, em 11 de dezembro, um <a href=\"https:\/\/sintramem-sv.org.br\/sintramem\/cacao-vao-definir-a-pauta-de-reivindicacoes-da-categoria-para-2026-participe-com-o-sintramem-desta-construcao\/\" target=\"_blank\" rel=\"noopener\"><strong>formul\u00e1rio on-line para coletar propostas preliminares de reivindica\u00e7\u00f5es<\/strong><\/a>. O documento serviu como ponto de partida para um amplo e democr\u00e1tico debate junto aos trabalhadores. Depois, realizamos uma assembleia com o objetivo de estabelecer as metas e prioridades, consolidando uma pauta constru\u00edda de forma coletiva e participativa.<\/span><\/p>\n<p><span style=\"font-size: 14pt;\">No dia 19 de janeiro, o Sindicato deu mais um<a href=\"https:\/\/sintramem-sv.org.br\/sintramem\/campanha-salarial-2026-diretoria-do-sintramem-entrega-pauta-de-reivindicacoes-ao-prefeito-kayo-amado\/\" target=\"_blank\" rel=\"noopener\"><strong> passo importante nas negocia\u00e7\u00f5es salariais e de benef\u00edcios<\/strong><\/a>. Participamos de reuni\u00e3o no gabinete do chefe do Executivo e, na ocasi\u00e3o, formalizamos a entrega da Pauta ao prefeito Kayo Amado e ao secret\u00e1rio de Gest\u00e3o Yuri C\u00e2mara, reafirmando nosso compromisso com o di\u00e1logo institucional e com a defesa dos direitos da categoria.<\/span><\/p>\n<p><img loading=\"lazy\" decoding=\"async\" class=\"aligncenter size-full wp-image-9324\" src=\"https:\/\/sintramem-sv.org.br\/sintramem\/wp-content\/uploads\/2000\/01\/dee88ad3-f657-4aef-be30-b711e2533cf7.jpg\" alt=\"\" width=\"1226\" height=\"682\" srcset=\"https:\/\/sintramem-sv.org.br\/sintramem\/wp-content\/uploads\/2000\/01\/dee88ad3-f657-4aef-be30-b711e2533cf7.jpg 1226w, https:\/\/sintramem-sv.org.br\/sintramem\/wp-content\/uploads\/2000\/01\/dee88ad3-f657-4aef-be30-b711e2533cf7-300x167.jpg 300w, https:\/\/sintramem-sv.org.br\/sintramem\/wp-content\/uploads\/2000\/01\/dee88ad3-f657-4aef-be30-b711e2533cf7-1024x570.jpg 1024w, https:\/\/sintramem-sv.org.br\/sintramem\/wp-content\/uploads\/2000\/01\/dee88ad3-f657-4aef-be30-b711e2533cf7-768x427.jpg 768w\" sizes=\"auto, (max-width: 1226px) 100vw, 1226px\" \/><\/p>\n<p><span style=\"font-size: 18pt; color: #ff0000;\"><strong><span class=\"x19la9d6 x1fc57z9 x6ikm8r x10wlt62 x19co3pv x11tp94h xfibh0p xiy17q3 x1xsqp64 x1lkfr7t xexx8yu xyri2b x18d9i69 x1c1uobl\"><span class=\"xrtxmta x1bhl96m\">&#x27a1;&#xfe0f; <\/span><\/span>AVALIA\u00c7\u00c3O<\/strong><\/span><\/p>\n<blockquote><p><em><span style=\"font-size: 14pt;\">&#8220;O SINTRAMEM segue cumprindo todos os tr\u00e2mites necess\u00e1rios para fortalecer a Campanha Salarial. Convocamos os companheiros e companheiras a permanecerem atentos e acompanharem, por meio do nosso site e das redes sociais, cada avan\u00e7o nas negocia\u00e7\u00f5es. Seguimos firmes e mobilizados na luta pelos direitos garantidos do Magist\u00e9rio e dos Profissionais da Educa\u00e7\u00e3o, com responsabilidade, unidade e determina\u00e7\u00e3o!&#8221;<\/span><\/em><\/p><\/blockquote>\n<p><img loading=\"lazy\" decoding=\"async\" class=\"aligncenter size-full wp-image-9497\" src=\"https:\/\/sintramem-sv.org.br\/sintramem\/wp-content\/uploads\/2026\/02\/9-1.jpeg\" alt=\"\" width=\"925\" height=\"694\" srcset=\"https:\/\/sintramem-sv.org.br\/sintramem\/wp-content\/uploads\/2026\/02\/9-1.jpeg 925w, https:\/\/sintramem-sv.org.br\/sintramem\/wp-content\/uploads\/2026\/02\/9-1-300x225.jpeg 300w, https:\/\/sintramem-sv.org.br\/sintramem\/wp-content\/uploads\/2026\/02\/9-1-768x576.jpeg 768w, https:\/\/sintramem-sv.org.br\/sintramem\/wp-content\/uploads\/2026\/02\/9-1-120x90.jpeg 120w\" sizes=\"auto, (max-width: 925px) 100vw, 925px\" \/><\/p>\n<blockquote><p><img loading=\"lazy\" decoding=\"async\" class=\"aligncenter size-full wp-image-9500\" src=\"https:\/\/sintramem-sv.org.br\/sintramem\/wp-content\/uploads\/2026\/02\/1.jpeg\" alt=\"\" width=\"855\" height=\"642\" srcset=\"https:\/\/sintramem-sv.org.br\/sintramem\/wp-content\/uploads\/2026\/02\/1.jpeg 855w, https:\/\/sintramem-sv.org.br\/sintramem\/wp-content\/uploads\/2026\/02\/1-300x225.jpeg 300w, https:\/\/sintramem-sv.org.br\/sintramem\/wp-content\/uploads\/2026\/02\/1-768x577.jpeg 768w, https:\/\/sintramem-sv.org.br\/sintramem\/wp-content\/uploads\/2026\/02\/1-120x90.jpeg 120w\" sizes=\"auto, (max-width: 855px) 100vw, 855px\" \/><\/p><\/blockquote>\n","protected":false},"excerpt":{"rendered":"<p>A fim de fortalecer a Campanha Salarial dos Servidores da Educa\u00e7\u00e3o de S\u00e3o Vicente, diretores do SINTRAMEM estiveram nesta quinta, dia 12 de fevereiro, na C\u00e2mara Municipal para entregar a Pauta de Reivindica\u00e7\u00f5es aos vereadores. A iniciativa tem como objetivo dar transpar\u00eancia, clareza e visibilidade \u00e0s demandas as categoria. Na oportunidade, tamb\u00e9m dialogamos com os&hellip;<\/p>\n","protected":false},"author":1,"featured_media":9495,"comment_status":"open","ping_status":"closed","sticky":false,"template":"","format":"standard","meta":{"_monsterinsights_skip_tracking":false,"_monsterinsights_sitenote_active":false,"_monsterinsights_sitenote_note":"","_monsterinsights_sitenote_category":0,"footnotes":""},"categories":[1],"tags":[],"class_list":["post-9494","post","type-post","status-publish","format-standard","has-post-thumbnail","hentry","category-sintramem-sintramem"],"yoast_head":"<!-- This site is optimized with the Yoast SEO plugin v27.0 - https:\/\/yoast.com\/product\/yoast-seo-wordpress\/ -->\n<title>Campanha Salarial 2026 | Diretores do SINTRAMEM entregam Pauta de Reivindica\u00e7\u00f5es aos vereadores e refor\u00e7am import\u00e2ncia do Legislativo - SINTRAMEM<\/title>\n<meta name=\"robots\" content=\"index, follow, max-snippet:-1, max-image-preview:large, max-video-preview:-1\" \/>\n<link rel=\"canonical\" href=\"https:\/\/sintramem-sv.org.br\/sintramem\/campanha-salarial-2026-diretores-do-sintramem-entregam-pauta-de-reivindicacoes-no-legislativo\/\" \/>\n<meta property=\"og:locale\" content=\"pt_BR\" \/>\n<meta property=\"og:type\" content=\"article\" \/>\n<meta property=\"og:title\" content=\"Campanha Salarial 2026 | Diretores do SINTRAMEM entregam Pauta de Reivindica\u00e7\u00f5es aos vereadores e refor\u00e7am import\u00e2ncia do Legislativo - SINTRAMEM\" \/>\n<meta property=\"og:description\" content=\"A fim de fortalecer a Campanha Salarial dos Servidores da Educa\u00e7\u00e3o de S\u00e3o Vicente, diretores do SINTRAMEM estiveram nesta quinta, dia 12 de fevereiro, na C\u00e2mara Municipal para entregar a Pauta de Reivindica\u00e7\u00f5es aos vereadores. A iniciativa tem como objetivo dar transpar\u00eancia, clareza e visibilidade \u00e0s demandas as categoria. Na oportunidade, tamb\u00e9m dialogamos com os&hellip;\" \/>\n<meta property=\"og:url\" content=\"https:\/\/sintramem-sv.org.br\/sintramem\/campanha-salarial-2026-diretores-do-sintramem-entregam-pauta-de-reivindicacoes-no-legislativo\/\" \/>\n<meta property=\"og:site_name\" content=\"SINTRAMEM\" \/>\n<meta property=\"article:published_time\" content=\"2026-02-12T16:00:32+00:00\" \/>\n<meta property=\"article:modified_time\" content=\"2026-02-12T20:01:32+00:00\" \/>\n<meta property=\"og:image\" content=\"https:\/\/sintramem-sv.org.br\/sintramem\/wp-content\/uploads\/2026\/02\/menor-camara.jpg\" \/>\n\t<meta property=\"og:image:width\" content=\"600\" \/>\n\t<meta property=\"og:image:height\" content=\"334\" \/>\n\t<meta property=\"og:image:type\" content=\"image\/jpeg\" \/>\n<meta name=\"author\" content=\"sintramem\" \/>\n<meta name=\"twitter:card\" content=\"summary_large_image\" \/>\n<meta name=\"twitter:label1\" content=\"Escrito por\" \/>\n\t<meta name=\"twitter:data1\" content=\"sintramem\" \/>\n\t<meta name=\"twitter:label2\" content=\"Est. tempo de leitura\" \/>\n\t<meta name=\"twitter:data2\" content=\"3 minutos\" \/>\n<script type=\"application\/ld+json\" class=\"yoast-schema-graph\">{\"@context\":\"https:\/\/schema.org\",\"@graph\":[{\"@type\":\"Article\",\"@id\":\"https:\/\/sintramem-sv.org.br\/sintramem\/campanha-salarial-2026-diretores-do-sintramem-entregam-pauta-de-reivindicacoes-no-legislativo\/#article\",\"isPartOf\":{\"@id\":\"https:\/\/sintramem-sv.org.br\/sintramem\/campanha-salarial-2026-diretores-do-sintramem-entregam-pauta-de-reivindicacoes-no-legislativo\/\"},\"author\":{\"name\":\"sintramem\",\"@id\":\"https:\/\/sintramem-sv.org.br\/sintramem\/#\/schema\/person\/a8decb8ea63607d1e01e046c95ddcf2b\"},\"headline\":\"Campanha Salarial 2026 | Diretores do SINTRAMEM entregam Pauta de Reivindica\u00e7\u00f5es aos vereadores e refor\u00e7am import\u00e2ncia do Legislativo\",\"datePublished\":\"2026-02-12T16:00:32+00:00\",\"dateModified\":\"2026-02-12T20:01:32+00:00\",\"mainEntityOfPage\":{\"@id\":\"https:\/\/sintramem-sv.org.br\/sintramem\/campanha-salarial-2026-diretores-do-sintramem-entregam-pauta-de-reivindicacoes-no-legislativo\/\"},\"wordCount\":353,\"commentCount\":0,\"publisher\":{\"@id\":\"https:\/\/sintramem-sv.org.br\/sintramem\/#organization\"},\"image\":{\"@id\":\"https:\/\/sintramem-sv.org.br\/sintramem\/campanha-salarial-2026-diretores-do-sintramem-entregam-pauta-de-reivindicacoes-no-legislativo\/#primaryimage\"},\"thumbnailUrl\":\"https:\/\/sintramem-sv.org.br\/sintramem\/wp-content\/uploads\/2026\/02\/destacada-camara.jpg\",\"articleSection\":[\"sintramem\"],\"inLanguage\":\"pt-BR\",\"potentialAction\":[{\"@type\":\"CommentAction\",\"name\":\"Comment\",\"target\":[\"https:\/\/sintramem-sv.org.br\/sintramem\/campanha-salarial-2026-diretores-do-sintramem-entregam-pauta-de-reivindicacoes-no-legislativo\/#respond\"]}]},{\"@type\":\"WebPage\",\"@id\":\"https:\/\/sintramem-sv.org.br\/sintramem\/campanha-salarial-2026-diretores-do-sintramem-entregam-pauta-de-reivindicacoes-no-legislativo\/\",\"url\":\"https:\/\/sintramem-sv.org.br\/sintramem\/campanha-salarial-2026-diretores-do-sintramem-entregam-pauta-de-reivindicacoes-no-legislativo\/\",\"name\":\"Campanha Salarial 2026 | Diretores do SINTRAMEM entregam Pauta de Reivindica\u00e7\u00f5es aos vereadores e refor\u00e7am import\u00e2ncia do Legislativo - SINTRAMEM\",\"isPartOf\":{\"@id\":\"https:\/\/sintramem-sv.org.br\/sintramem\/#website\"},\"primaryImageOfPage\":{\"@id\":\"https:\/\/sintramem-sv.org.br\/sintramem\/campanha-salarial-2026-diretores-do-sintramem-entregam-pauta-de-reivindicacoes-no-legislativo\/#primaryimage\"},\"image\":{\"@id\":\"https:\/\/sintramem-sv.org.br\/sintramem\/campanha-salarial-2026-diretores-do-sintramem-entregam-pauta-de-reivindicacoes-no-legislativo\/#primaryimage\"},\"thumbnailUrl\":\"https:\/\/sintramem-sv.org.br\/sintramem\/wp-content\/uploads\/2026\/02\/destacada-camara.jpg\",\"datePublished\":\"2026-02-12T16:00:32+00:00\",\"dateModified\":\"2026-02-12T20:01:32+00:00\",\"breadcrumb\":{\"@id\":\"https:\/\/sintramem-sv.org.br\/sintramem\/campanha-salarial-2026-diretores-do-sintramem-entregam-pauta-de-reivindicacoes-no-legislativo\/#breadcrumb\"},\"inLanguage\":\"pt-BR\",\"potentialAction\":[{\"@type\":\"ReadAction\",\"target\":[\"https:\/\/sintramem-sv.org.br\/sintramem\/campanha-salarial-2026-diretores-do-sintramem-entregam-pauta-de-reivindicacoes-no-legislativo\/\"]}]},{\"@type\":\"ImageObject\",\"inLanguage\":\"pt-BR\",\"@id\":\"https:\/\/sintramem-sv.org.br\/sintramem\/campanha-salarial-2026-diretores-do-sintramem-entregam-pauta-de-reivindicacoes-no-legislativo\/#primaryimage\",\"url\":\"https:\/\/sintramem-sv.org.br\/sintramem\/wp-content\/uploads\/2026\/02\/destacada-camara.jpg\",\"contentUrl\":\"https:\/\/sintramem-sv.org.br\/sintramem\/wp-content\/uploads\/2026\/02\/destacada-camara.jpg\",\"width\":1096,\"height\":611},{\"@type\":\"BreadcrumbList\",\"@id\":\"https:\/\/sintramem-sv.org.br\/sintramem\/campanha-salarial-2026-diretores-do-sintramem-entregam-pauta-de-reivindicacoes-no-legislativo\/#breadcrumb\",\"itemListElement\":[{\"@type\":\"ListItem\",\"position\":1,\"name\":\"In\u00edcio\",\"item\":\"https:\/\/sintramem-sv.org.br\/sintramem\/\"},{\"@type\":\"ListItem\",\"position\":2,\"name\":\"Campanha Salarial 2026 | Diretores do SINTRAMEM entregam Pauta de Reivindica\u00e7\u00f5es aos vereadores e refor\u00e7am import\u00e2ncia do Legislativo\"}]},{\"@type\":\"WebSite\",\"@id\":\"https:\/\/sintramem-sv.org.br\/sintramem\/#website\",\"url\":\"https:\/\/sintramem-sv.org.br\/sintramem\/\",\"name\":\"SINTRAMEM\",\"description\":\"Sindicato dos Trabalhadores no Magist\u00e9rio e na Educa\u00e7\u00e3o de S\u00e3o Vicente\",\"publisher\":{\"@id\":\"https:\/\/sintramem-sv.org.br\/sintramem\/#organization\"},\"potentialAction\":[{\"@type\":\"SearchAction\",\"target\":{\"@type\":\"EntryPoint\",\"urlTemplate\":\"https:\/\/sintramem-sv.org.br\/sintramem\/?s={search_term_string}\"},\"query-input\":{\"@type\":\"PropertyValueSpecification\",\"valueRequired\":true,\"valueName\":\"search_term_string\"}}],\"inLanguage\":\"pt-BR\"},{\"@type\":\"Organization\",\"@id\":\"https:\/\/sintramem-sv.org.br\/sintramem\/#organization\",\"name\":\"SINTRAMEM\",\"url\":\"https:\/\/sintramem-sv.org.br\/sintramem\/\",\"logo\":{\"@type\":\"ImageObject\",\"inLanguage\":\"pt-BR\",\"@id\":\"https:\/\/sintramem-sv.org.br\/sintramem\/#\/schema\/logo\/image\/\",\"url\":\"https:\/\/sintramem-sv.org.br\/sintramem\/wp-content\/uploads\/2017\/02\/SINTRAMEM-LOGO-OFICIAL-300x100-jpg.jpg\",\"contentUrl\":\"https:\/\/sintramem-sv.org.br\/sintramem\/wp-content\/uploads\/2017\/02\/SINTRAMEM-LOGO-OFICIAL-300x100-jpg.jpg\",\"width\":150,\"height\":150,\"caption\":\"SINTRAMEM\"},\"image\":{\"@id\":\"https:\/\/sintramem-sv.org.br\/sintramem\/#\/schema\/logo\/image\/\"}},{\"@type\":\"Person\",\"@id\":\"https:\/\/sintramem-sv.org.br\/sintramem\/#\/schema\/person\/a8decb8ea63607d1e01e046c95ddcf2b\",\"name\":\"sintramem\",\"image\":{\"@type\":\"ImageObject\",\"inLanguage\":\"pt-BR\",\"@id\":\"https:\/\/sintramem-sv.org.br\/sintramem\/#\/schema\/person\/image\/\",\"url\":\"https:\/\/secure.gravatar.com\/avatar\/8e06da3b0d4f051010117c848b52b9280a4228043717057ccccccc8b20ff8f48?s=96&d=mm&r=g\",\"contentUrl\":\"https:\/\/secure.gravatar.com\/avatar\/8e06da3b0d4f051010117c848b52b9280a4228043717057ccccccc8b20ff8f48?s=96&d=mm&r=g\",\"caption\":\"sintramem\"},\"description\":\"Sindicato dos Trabalhadores no Magist\u00e9rio e na Educa\u00e7\u00e3o Municipal de S\u00e3o Vicente\",\"url\":\"https:\/\/sintramem-sv.org.br\/sintramem\/author\/sindsv\/\"}]}<\/script>\n<!-- \/ Yoast SEO plugin. -->","yoast_head_json":{"title":"Campanha Salarial 2026 | Diretores do SINTRAMEM entregam Pauta de Reivindica\u00e7\u00f5es aos vereadores e refor\u00e7am import\u00e2ncia do Legislativo - SINTRAMEM","robots":{"index":"index","follow":"follow","max-snippet":"max-snippet:-1","max-image-preview":"max-image-preview:large","max-video-preview":"max-video-preview:-1"},"canonical":"https:\/\/sintramem-sv.org.br\/sintramem\/campanha-salarial-2026-diretores-do-sintramem-entregam-pauta-de-reivindicacoes-no-legislativo\/","og_locale":"pt_BR","og_type":"article","og_title":"Campanha Salarial 2026 | Diretores do SINTRAMEM entregam Pauta de Reivindica\u00e7\u00f5es aos vereadores e refor\u00e7am import\u00e2ncia do Legislativo - SINTRAMEM","og_description":"A fim de fortalecer a Campanha Salarial dos Servidores da Educa\u00e7\u00e3o de S\u00e3o Vicente, diretores do SINTRAMEM estiveram nesta quinta, dia 12 de fevereiro, na C\u00e2mara Municipal para entregar a Pauta de Reivindica\u00e7\u00f5es aos vereadores. A iniciativa tem como objetivo dar transpar\u00eancia, clareza e visibilidade \u00e0s demandas as categoria. Na oportunidade, tamb\u00e9m dialogamos com os&hellip;","og_url":"https:\/\/sintramem-sv.org.br\/sintramem\/campanha-salarial-2026-diretores-do-sintramem-entregam-pauta-de-reivindicacoes-no-legislativo\/","og_site_name":"SINTRAMEM","article_published_time":"2026-02-12T16:00:32+00:00","article_modified_time":"2026-02-12T20:01:32+00:00","og_image":[{"width":600,"height":334,"url":"https:\/\/sintramem-sv.org.br\/sintramem\/wp-content\/uploads\/2026\/02\/menor-camara.jpg","type":"image\/jpeg"}],"author":"sintramem","twitter_card":"summary_large_image","twitter_misc":{"Escrito por":"sintramem","Est. tempo de leitura":"3 minutos"},"schema":{"@context":"https:\/\/schema.org","@graph":[{"@type":"Article","@id":"https:\/\/sintramem-sv.org.br\/sintramem\/campanha-salarial-2026-diretores-do-sintramem-entregam-pauta-de-reivindicacoes-no-legislativo\/#article","isPartOf":{"@id":"https:\/\/sintramem-sv.org.br\/sintramem\/campanha-salarial-2026-diretores-do-sintramem-entregam-pauta-de-reivindicacoes-no-legislativo\/"},"author":{"name":"sintramem","@id":"https:\/\/sintramem-sv.org.br\/sintramem\/#\/schema\/person\/a8decb8ea63607d1e01e046c95ddcf2b"},"headline":"Campanha Salarial 2026 | Diretores do SINTRAMEM entregam Pauta de Reivindica\u00e7\u00f5es aos vereadores e refor\u00e7am import\u00e2ncia do Legislativo","datePublished":"2026-02-12T16:00:32+00:00","dateModified":"2026-02-12T20:01:32+00:00","mainEntityOfPage":{"@id":"https:\/\/sintramem-sv.org.br\/sintramem\/campanha-salarial-2026-diretores-do-sintramem-entregam-pauta-de-reivindicacoes-no-legislativo\/"},"wordCount":353,"commentCount":0,"publisher":{"@id":"https:\/\/sintramem-sv.org.br\/sintramem\/#organization"},"image":{"@id":"https:\/\/sintramem-sv.org.br\/sintramem\/campanha-salarial-2026-diretores-do-sintramem-entregam-pauta-de-reivindicacoes-no-legislativo\/#primaryimage"},"thumbnailUrl":"https:\/\/sintramem-sv.org.br\/sintramem\/wp-content\/uploads\/2026\/02\/destacada-camara.jpg","articleSection":["sintramem"],"inLanguage":"pt-BR","potentialAction":[{"@type":"CommentAction","name":"Comment","target":["https:\/\/sintramem-sv.org.br\/sintramem\/campanha-salarial-2026-diretores-do-sintramem-entregam-pauta-de-reivindicacoes-no-legislativo\/#respond"]}]},{"@type":"WebPage","@id":"https:\/\/sintramem-sv.org.br\/sintramem\/campanha-salarial-2026-diretores-do-sintramem-entregam-pauta-de-reivindicacoes-no-legislativo\/","url":"https:\/\/sintramem-sv.org.br\/sintramem\/campanha-salarial-2026-diretores-do-sintramem-entregam-pauta-de-reivindicacoes-no-legislativo\/","name":"Campanha Salarial 2026 | Diretores do SINTRAMEM entregam Pauta de Reivindica\u00e7\u00f5es aos vereadores e refor\u00e7am import\u00e2ncia do Legislativo - SINTRAMEM","isPartOf":{"@id":"https:\/\/sintramem-sv.org.br\/sintramem\/#website"},"primaryImageOfPage":{"@id":"https:\/\/sintramem-sv.org.br\/sintramem\/campanha-salarial-2026-diretores-do-sintramem-entregam-pauta-de-reivindicacoes-no-legislativo\/#primaryimage"},"image":{"@id":"https:\/\/sintramem-sv.org.br\/sintramem\/campanha-salarial-2026-diretores-do-sintramem-entregam-pauta-de-reivindicacoes-no-legislativo\/#primaryimage"},"thumbnailUrl":"https:\/\/sintramem-sv.org.br\/sintramem\/wp-content\/uploads\/2026\/02\/destacada-camara.jpg","datePublished":"2026-02-12T16:00:32+00:00","dateModified":"2026-02-12T20:01:32+00:00","breadcrumb":{"@id":"https:\/\/sintramem-sv.org.br\/sintramem\/campanha-salarial-2026-diretores-do-sintramem-entregam-pauta-de-reivindicacoes-no-legislativo\/#breadcrumb"},"inLanguage":"pt-BR","potentialAction":[{"@type":"ReadAction","target":["https:\/\/sintramem-sv.org.br\/sintramem\/campanha-salarial-2026-diretores-do-sintramem-entregam-pauta-de-reivindicacoes-no-legislativo\/"]}]},{"@type":"ImageObject","inLanguage":"pt-BR","@id":"https:\/\/sintramem-sv.org.br\/sintramem\/campanha-salarial-2026-diretores-do-sintramem-entregam-pauta-de-reivindicacoes-no-legislativo\/#primaryimage","url":"https:\/\/sintramem-sv.org.br\/sintramem\/wp-content\/uploads\/2026\/02\/destacada-camara.jpg","contentUrl":"https:\/\/sintramem-sv.org.br\/sintramem\/wp-content\/uploads\/2026\/02\/destacada-camara.jpg","width":1096,"height":611},{"@type":"BreadcrumbList","@id":"https:\/\/sintramem-sv.org.br\/sintramem\/campanha-salarial-2026-diretores-do-sintramem-entregam-pauta-de-reivindicacoes-no-legislativo\/#breadcrumb","itemListElement":[{"@type":"ListItem","position":1,"name":"In\u00edcio","item":"https:\/\/sintramem-sv.org.br\/sintramem\/"},{"@type":"ListItem","position":2,"name":"Campanha Salarial 2026 | Diretores do SINTRAMEM entregam Pauta de Reivindica\u00e7\u00f5es aos vereadores e refor\u00e7am import\u00e2ncia do Legislativo"}]},{"@type":"WebSite","@id":"https:\/\/sintramem-sv.org.br\/sintramem\/#website","url":"https:\/\/sintramem-sv.org.br\/sintramem\/","name":"SINTRAMEM","description":"Sindicato dos Trabalhadores no Magist\u00e9rio e na Educa\u00e7\u00e3o de S\u00e3o Vicente","publisher":{"@id":"https:\/\/sintramem-sv.org.br\/sintramem\/#organization"},"potentialAction":[{"@type":"SearchAction","target":{"@type":"EntryPoint","urlTemplate":"https:\/\/sintramem-sv.org.br\/sintramem\/?s={search_term_string}"},"query-input":{"@type":"PropertyValueSpecification","valueRequired":true,"valueName":"search_term_string"}}],"inLanguage":"pt-BR"},{"@type":"Organization","@id":"https:\/\/sintramem-sv.org.br\/sintramem\/#organization","name":"SINTRAMEM","url":"https:\/\/sintramem-sv.org.br\/sintramem\/","logo":{"@type":"ImageObject","inLanguage":"pt-BR","@id":"https:\/\/sintramem-sv.org.br\/sintramem\/#\/schema\/logo\/image\/","url":"https:\/\/sintramem-sv.org.br\/sintramem\/wp-content\/uploads\/2017\/02\/SINTRAMEM-LOGO-OFICIAL-300x100-jpg.jpg","contentUrl":"https:\/\/sintramem-sv.org.br\/sintramem\/wp-content\/uploads\/2017\/02\/SINTRAMEM-LOGO-OFICIAL-300x100-jpg.jpg","width":150,"height":150,"caption":"SINTRAMEM"},"image":{"@id":"https:\/\/sintramem-sv.org.br\/sintramem\/#\/schema\/logo\/image\/"}},{"@type":"Person","@id":"https:\/\/sintramem-sv.org.br\/sintramem\/#\/schema\/person\/a8decb8ea63607d1e01e046c95ddcf2b","name":"sintramem","image":{"@type":"ImageObject","inLanguage":"pt-BR","@id":"https:\/\/sintramem-sv.org.br\/sintramem\/#\/schema\/person\/image\/","url":"https:\/\/secure.gravatar.com\/avatar\/8e06da3b0d4f051010117c848b52b9280a4228043717057ccccccc8b20ff8f48?s=96&d=mm&r=g","contentUrl":"https:\/\/secure.gravatar.com\/avatar\/8e06da3b0d4f051010117c848b52b9280a4228043717057ccccccc8b20ff8f48?s=96&d=mm&r=g","caption":"sintramem"},"description":"Sindicato dos Trabalhadores no Magist\u00e9rio e na Educa\u00e7\u00e3o Municipal de S\u00e3o Vicente","url":"https:\/\/sintramem-sv.org.br\/sintramem\/author\/sindsv\/"}]}},"_links":{"self":[{"href":"https:\/\/sintramem-sv.org.br\/sintramem\/wp-json\/wp\/v2\/posts\/9494","targetHints":{"allow":["GET"]}}],"collection":[{"href":"https:\/\/sintramem-sv.org.br\/sintramem\/wp-json\/wp\/v2\/posts"}],"about":[{"href":"https:\/\/sintramem-sv.org.br\/sintramem\/wp-json\/wp\/v2\/types\/post"}],"author":[{"embeddable":true,"href":"https:\/\/sintramem-sv.org.br\/sintramem\/wp-json\/wp\/v2\/users\/1"}],"replies":[{"embeddable":true,"href":"https:\/\/sintramem-sv.org.br\/sintramem\/wp-json\/wp\/v2\/comments?post=9494"}],"version-history":[{"count":12,"href":"https:\/\/sintramem-sv.org.br\/sintramem\/wp-json\/wp\/v2\/posts\/9494\/revisions"}],"predecessor-version":[{"id":9512,"href":"https:\/\/sintramem-sv.org.br\/sintramem\/wp-json\/wp\/v2\/posts\/9494\/revisions\/9512"}],"wp:featuredmedia":[{"embeddable":true,"href":"https:\/\/sintramem-sv.org.br\/sintramem\/wp-json\/wp\/v2\/media\/9495"}],"wp:attachment":[{"href":"https:\/\/sintramem-sv.org.br\/sintramem\/wp-json\/wp\/v2\/media?parent=9494"}],"wp:term":[{"taxonomy":"category","embeddable":true,"href":"https:\/\/sintramem-sv.org.br\/sintramem\/wp-json\/wp\/v2\/categories?post=9494"},{"taxonomy":"post_tag","embeddable":true,"href":"https:\/\/sintramem-sv.org.br\/sintramem\/wp-json\/wp\/v2\/tags?post=9494"}],"curies":[{"name":"wp","href":"https:\/\/api.w.org\/{rel}","templated":true}]}}