{"id":9435,"date":"2026-02-05T20:37:38","date_gmt":"2026-02-05T20:37:38","guid":{"rendered":"https:\/\/sintramem-sv.org.br\/sintramem\/?p=9435"},"modified":"2026-02-06T13:14:44","modified_gmt":"2026-02-06T13:14:44","slug":"reuniao-com-os-auxiliares-operacionais-sera-segunda-dia-9-as-18-horas-na-sede-do-sintramem-participem","status":"publish","type":"post","link":"https:\/\/sintramem-sv.org.br\/sintramem\/reuniao-com-os-auxiliares-operacionais-sera-segunda-dia-9-as-18-horas-na-sede-do-sintramem-participem\/","title":{"rendered":"Reuni\u00e3o com os Auxiliares Operacionais ser\u00e1 segunda, dia 9, \u00e0s 18 horas, na sede do SINTRAMEM. Participem!"},"content":{"rendered":"<p><span style=\"font-size: 14pt;\">O <span style=\"color: #ff0000;\"><strong>SINTRAMEM<\/strong><\/span> realiza na pr\u00f3xima segunda, dia 9 de fevereiro, \u00e0s 18 horas, na sede do Sindicato, uma reuni\u00e3o voltada aos <strong>Auxiliares Operacionais da Educa\u00e7\u00e3o<\/strong>. O encontro tem como objetivo central debater e deliberar sobre os desdobramentos e a aplica\u00e7\u00e3o da <a href=\"https:\/\/www2.camara.leg.br\/legin\/fed\/lei\/2026\/lei-15326-6-janeiro-2026-798629-publicacaooriginal-177701-pl.html\" target=\"_blank\" rel=\"noopener\"><strong>Lei n\u00ba 15.326\/2026<\/strong><\/a>, cuja regulamenta\u00e7\u00e3o impacta diretamente as condi\u00e7\u00f5es laborais destes profissionais essenciais ao funcionamento das unidades escolares.<\/span><\/p>\n<p><span style=\"font-size: 14pt;\">Na ocasi\u00e3o, a diretoria da entidade vai apresentar o posicionamento oficial da Prefeitura, em resposta ao of\u00edcio enviado pelo Sindicato. Este momento ser\u00e1 fundamental para avaliar o retorno do Executivo municipal e, coletivamente, <span style=\"background-color: #ffff00;\"><strong>definir os pr\u00f3ximos passos da mobiliza\u00e7\u00e3o<\/strong><\/span> em defesa dos direitos profissionais. A participa\u00e7\u00e3o massiva \u00e9 fundamental para fortalecer a representatividade das delibera\u00e7\u00f5es.<\/span><\/p>\n<p><span style=\"font-size: 18pt; color: #ffffff; background-color: #ff0000;\"><strong>CONTAMOS COM A SUA PRESEN\u00c7A!<\/strong><\/span><\/p>\n<p><strong><span style=\"font-size: 14pt;\">Auxiliares Operacionais da Educa\u00e7\u00e3o<\/span><\/strong><br \/>\n<span style=\"font-size: 14pt;\">&#x1f4c5; Segunda, 9 de fevereiro de 2026 <\/span><br \/>\n<span style=\"font-size: 14pt;\">&#x23f0; 18 horas <\/span><br \/>\n<span style=\"font-size: 14pt;\">&#x1f4cd; Sede do SINTRAMEM (<a href=\"https:\/\/www.google.com\/maps\/place\/Pra%C3%A7a+Bernardino+de+Campos,+180+-+Centro,+S%C3%A3o+Vicente+-+SP,+11310-300\/@-23.9673638,-46.3896991,17z\/data=!3m1!4b1!4m6!3m5!1s0x94ce1c907147a719:0x62f9ac5ee61cb465!8m2!3d-23.9673638!4d-46.3896991!16s%2Fg%2F11tc1gn_rg?entry=ttu&amp;g_ep=EgoyMDI2MDIwMS4wIKXMDSoASAFQAw%3D%3D\" target=\"_blank\" rel=\"noopener\"><strong>Pra\u00e7a Bernadino de Campos, 180, Centro, S\u00e3o Vicente<\/strong><\/a>)<\/span><\/p>\n<p><img loading=\"lazy\" decoding=\"async\" class=\"aligncenter size-full wp-image-9441\" src=\"https:\/\/sintramem-sv.org.br\/sintramem\/wp-content\/uploads\/2026\/02\/Card-Reuniao-Auxiliares-SINTRAMEM.png\" alt=\"\" width=\"1080\" height=\"1350\" srcset=\"https:\/\/sintramem-sv.org.br\/sintramem\/wp-content\/uploads\/2026\/02\/Card-Reuniao-Auxiliares-SINTRAMEM.png 1080w, https:\/\/sintramem-sv.org.br\/sintramem\/wp-content\/uploads\/2026\/02\/Card-Reuniao-Auxiliares-SINTRAMEM-240x300.png 240w, https:\/\/sintramem-sv.org.br\/sintramem\/wp-content\/uploads\/2026\/02\/Card-Reuniao-Auxiliares-SINTRAMEM-819x1024.png 819w, https:\/\/sintramem-sv.org.br\/sintramem\/wp-content\/uploads\/2026\/02\/Card-Reuniao-Auxiliares-SINTRAMEM-768x960.png 768w\" sizes=\"auto, (max-width: 1080px) 100vw, 1080px\" \/><\/p>\n","protected":false},"excerpt":{"rendered":"<p>O SINTRAMEM realiza na pr\u00f3xima segunda, dia 9 de fevereiro, \u00e0s 18 horas, na sede do Sindicato, uma reuni\u00e3o voltada aos Auxiliares Operacionais da Educa\u00e7\u00e3o. O encontro tem como objetivo central debater e deliberar sobre os desdobramentos e a aplica\u00e7\u00e3o da Lei n\u00ba 15.326\/2026, cuja regulamenta\u00e7\u00e3o impacta diretamente as condi\u00e7\u00f5es laborais destes profissionais essenciais ao&hellip;<\/p>\n","protected":false},"author":1,"featured_media":9436,"comment_status":"open","ping_status":"closed","sticky":false,"template":"","format":"standard","meta":{"_monsterinsights_skip_tracking":false,"_monsterinsights_sitenote_active":false,"_monsterinsights_sitenote_note":"","_monsterinsights_sitenote_category":0,"footnotes":""},"categories":[1],"tags":[],"class_list":["post-9435","post","type-post","status-publish","format-standard","has-post-thumbnail","hentry","category-sintramem-sintramem"],"yoast_head":"<!-- This site is optimized with the Yoast SEO plugin v27.0 - https:\/\/yoast.com\/product\/yoast-seo-wordpress\/ -->\n<title>Reuni\u00e3o com os Auxiliares Operacionais ser\u00e1 segunda, dia 9, \u00e0s 18 horas, na sede do SINTRAMEM. Participem! - SINTRAMEM<\/title>\n<meta name=\"robots\" content=\"index, follow, max-snippet:-1, max-image-preview:large, max-video-preview:-1\" \/>\n<link rel=\"canonical\" href=\"https:\/\/sintramem-sv.org.br\/sintramem\/reuniao-com-os-auxiliares-operacionais-sera-segunda-dia-9-as-18-horas-na-sede-do-sintramem-participem\/\" \/>\n<meta property=\"og:locale\" content=\"pt_BR\" \/>\n<meta property=\"og:type\" content=\"article\" \/>\n<meta property=\"og:title\" content=\"Reuni\u00e3o com os Auxiliares Operacionais ser\u00e1 segunda, dia 9, \u00e0s 18 horas, na sede do SINTRAMEM. Participem! - SINTRAMEM\" \/>\n<meta property=\"og:description\" content=\"O SINTRAMEM realiza na pr\u00f3xima segunda, dia 9 de fevereiro, \u00e0s 18 horas, na sede do Sindicato, uma reuni\u00e3o voltada aos Auxiliares Operacionais da Educa\u00e7\u00e3o. O encontro tem como objetivo central debater e deliberar sobre os desdobramentos e a aplica\u00e7\u00e3o da Lei n\u00ba 15.326\/2026, cuja regulamenta\u00e7\u00e3o impacta diretamente as condi\u00e7\u00f5es laborais destes profissionais essenciais ao&hellip;\" \/>\n<meta property=\"og:url\" content=\"https:\/\/sintramem-sv.org.br\/sintramem\/reuniao-com-os-auxiliares-operacionais-sera-segunda-dia-9-as-18-horas-na-sede-do-sintramem-participem\/\" \/>\n<meta property=\"og:site_name\" content=\"SINTRAMEM\" \/>\n<meta property=\"article:published_time\" content=\"2026-02-05T20:37:38+00:00\" \/>\n<meta property=\"article:modified_time\" content=\"2026-02-06T13:14:44+00:00\" \/>\n<meta property=\"og:image\" content=\"https:\/\/sintramem-sv.org.br\/sintramem\/wp-content\/uploads\/2026\/02\/menor-1.png\" \/>\n\t<meta property=\"og:image:width\" content=\"500\" \/>\n\t<meta property=\"og:image:height\" content=\"278\" \/>\n\t<meta property=\"og:image:type\" content=\"image\/png\" \/>\n<meta name=\"author\" content=\"sintramem\" \/>\n<meta name=\"twitter:card\" content=\"summary_large_image\" \/>\n<meta name=\"twitter:label1\" content=\"Escrito por\" \/>\n\t<meta name=\"twitter:data1\" content=\"sintramem\" \/>\n\t<meta name=\"twitter:label2\" content=\"Est. tempo de leitura\" \/>\n\t<meta name=\"twitter:data2\" content=\"2 minutos\" \/>\n<script type=\"application\/ld+json\" class=\"yoast-schema-graph\">{\"@context\":\"https:\/\/schema.org\",\"@graph\":[{\"@type\":\"Article\",\"@id\":\"https:\/\/sintramem-sv.org.br\/sintramem\/reuniao-com-os-auxiliares-operacionais-sera-segunda-dia-9-as-18-horas-na-sede-do-sintramem-participem\/#article\",\"isPartOf\":{\"@id\":\"https:\/\/sintramem-sv.org.br\/sintramem\/reuniao-com-os-auxiliares-operacionais-sera-segunda-dia-9-as-18-horas-na-sede-do-sintramem-participem\/\"},\"author\":{\"name\":\"sintramem\",\"@id\":\"https:\/\/sintramem-sv.org.br\/sintramem\/#\/schema\/person\/a8decb8ea63607d1e01e046c95ddcf2b\"},\"headline\":\"Reuni\u00e3o com os Auxiliares Operacionais ser\u00e1 segunda, dia 9, \u00e0s 18 horas, na sede do SINTRAMEM. Participem!\",\"datePublished\":\"2026-02-05T20:37:38+00:00\",\"dateModified\":\"2026-02-06T13:14:44+00:00\",\"mainEntityOfPage\":{\"@id\":\"https:\/\/sintramem-sv.org.br\/sintramem\/reuniao-com-os-auxiliares-operacionais-sera-segunda-dia-9-as-18-horas-na-sede-do-sintramem-participem\/\"},\"wordCount\":174,\"commentCount\":0,\"publisher\":{\"@id\":\"https:\/\/sintramem-sv.org.br\/sintramem\/#organization\"},\"image\":{\"@id\":\"https:\/\/sintramem-sv.org.br\/sintramem\/reuniao-com-os-auxiliares-operacionais-sera-segunda-dia-9-as-18-horas-na-sede-do-sintramem-participem\/#primaryimage\"},\"thumbnailUrl\":\"https:\/\/sintramem-sv.org.br\/sintramem\/wp-content\/uploads\/2026\/02\/Destacada-Reuniao-Auxiliares-SINTRAMEM.png\",\"articleSection\":[\"sintramem\"],\"inLanguage\":\"pt-BR\",\"potentialAction\":[{\"@type\":\"CommentAction\",\"name\":\"Comment\",\"target\":[\"https:\/\/sintramem-sv.org.br\/sintramem\/reuniao-com-os-auxiliares-operacionais-sera-segunda-dia-9-as-18-horas-na-sede-do-sintramem-participem\/#respond\"]}]},{\"@type\":\"WebPage\",\"@id\":\"https:\/\/sintramem-sv.org.br\/sintramem\/reuniao-com-os-auxiliares-operacionais-sera-segunda-dia-9-as-18-horas-na-sede-do-sintramem-participem\/\",\"url\":\"https:\/\/sintramem-sv.org.br\/sintramem\/reuniao-com-os-auxiliares-operacionais-sera-segunda-dia-9-as-18-horas-na-sede-do-sintramem-participem\/\",\"name\":\"Reuni\u00e3o com os Auxiliares Operacionais ser\u00e1 segunda, dia 9, \u00e0s 18 horas, na sede do SINTRAMEM. Participem! - SINTRAMEM\",\"isPartOf\":{\"@id\":\"https:\/\/sintramem-sv.org.br\/sintramem\/#website\"},\"primaryImageOfPage\":{\"@id\":\"https:\/\/sintramem-sv.org.br\/sintramem\/reuniao-com-os-auxiliares-operacionais-sera-segunda-dia-9-as-18-horas-na-sede-do-sintramem-participem\/#primaryimage\"},\"image\":{\"@id\":\"https:\/\/sintramem-sv.org.br\/sintramem\/reuniao-com-os-auxiliares-operacionais-sera-segunda-dia-9-as-18-horas-na-sede-do-sintramem-participem\/#primaryimage\"},\"thumbnailUrl\":\"https:\/\/sintramem-sv.org.br\/sintramem\/wp-content\/uploads\/2026\/02\/Destacada-Reuniao-Auxiliares-SINTRAMEM.png\",\"datePublished\":\"2026-02-05T20:37:38+00:00\",\"dateModified\":\"2026-02-06T13:14:44+00:00\",\"breadcrumb\":{\"@id\":\"https:\/\/sintramem-sv.org.br\/sintramem\/reuniao-com-os-auxiliares-operacionais-sera-segunda-dia-9-as-18-horas-na-sede-do-sintramem-participem\/#breadcrumb\"},\"inLanguage\":\"pt-BR\",\"potentialAction\":[{\"@type\":\"ReadAction\",\"target\":[\"https:\/\/sintramem-sv.org.br\/sintramem\/reuniao-com-os-auxiliares-operacionais-sera-segunda-dia-9-as-18-horas-na-sede-do-sintramem-participem\/\"]}]},{\"@type\":\"ImageObject\",\"inLanguage\":\"pt-BR\",\"@id\":\"https:\/\/sintramem-sv.org.br\/sintramem\/reuniao-com-os-auxiliares-operacionais-sera-segunda-dia-9-as-18-horas-na-sede-do-sintramem-participem\/#primaryimage\",\"url\":\"https:\/\/sintramem-sv.org.br\/sintramem\/wp-content\/uploads\/2026\/02\/Destacada-Reuniao-Auxiliares-SINTRAMEM.png\",\"contentUrl\":\"https:\/\/sintramem-sv.org.br\/sintramem\/wp-content\/uploads\/2026\/02\/Destacada-Reuniao-Auxiliares-SINTRAMEM.png\",\"width\":1294,\"height\":720},{\"@type\":\"BreadcrumbList\",\"@id\":\"https:\/\/sintramem-sv.org.br\/sintramem\/reuniao-com-os-auxiliares-operacionais-sera-segunda-dia-9-as-18-horas-na-sede-do-sintramem-participem\/#breadcrumb\",\"itemListElement\":[{\"@type\":\"ListItem\",\"position\":1,\"name\":\"In\u00edcio\",\"item\":\"https:\/\/sintramem-sv.org.br\/sintramem\/\"},{\"@type\":\"ListItem\",\"position\":2,\"name\":\"Reuni\u00e3o com os Auxiliares Operacionais ser\u00e1 segunda, dia 9, \u00e0s 18 horas, na sede do SINTRAMEM. Participem!\"}]},{\"@type\":\"WebSite\",\"@id\":\"https:\/\/sintramem-sv.org.br\/sintramem\/#website\",\"url\":\"https:\/\/sintramem-sv.org.br\/sintramem\/\",\"name\":\"SINTRAMEM\",\"description\":\"Sindicato dos Trabalhadores no Magist\u00e9rio e na Educa\u00e7\u00e3o de S\u00e3o Vicente\",\"publisher\":{\"@id\":\"https:\/\/sintramem-sv.org.br\/sintramem\/#organization\"},\"potentialAction\":[{\"@type\":\"SearchAction\",\"target\":{\"@type\":\"EntryPoint\",\"urlTemplate\":\"https:\/\/sintramem-sv.org.br\/sintramem\/?s={search_term_string}\"},\"query-input\":{\"@type\":\"PropertyValueSpecification\",\"valueRequired\":true,\"valueName\":\"search_term_string\"}}],\"inLanguage\":\"pt-BR\"},{\"@type\":\"Organization\",\"@id\":\"https:\/\/sintramem-sv.org.br\/sintramem\/#organization\",\"name\":\"SINTRAMEM\",\"url\":\"https:\/\/sintramem-sv.org.br\/sintramem\/\",\"logo\":{\"@type\":\"ImageObject\",\"inLanguage\":\"pt-BR\",\"@id\":\"https:\/\/sintramem-sv.org.br\/sintramem\/#\/schema\/logo\/image\/\",\"url\":\"https:\/\/sintramem-sv.org.br\/sintramem\/wp-content\/uploads\/2017\/02\/SINTRAMEM-LOGO-OFICIAL-300x100-jpg.jpg\",\"contentUrl\":\"https:\/\/sintramem-sv.org.br\/sintramem\/wp-content\/uploads\/2017\/02\/SINTRAMEM-LOGO-OFICIAL-300x100-jpg.jpg\",\"width\":150,\"height\":150,\"caption\":\"SINTRAMEM\"},\"image\":{\"@id\":\"https:\/\/sintramem-sv.org.br\/sintramem\/#\/schema\/logo\/image\/\"}},{\"@type\":\"Person\",\"@id\":\"https:\/\/sintramem-sv.org.br\/sintramem\/#\/schema\/person\/a8decb8ea63607d1e01e046c95ddcf2b\",\"name\":\"sintramem\",\"image\":{\"@type\":\"ImageObject\",\"inLanguage\":\"pt-BR\",\"@id\":\"https:\/\/sintramem-sv.org.br\/sintramem\/#\/schema\/person\/image\/\",\"url\":\"https:\/\/secure.gravatar.com\/avatar\/8e06da3b0d4f051010117c848b52b9280a4228043717057ccccccc8b20ff8f48?s=96&d=mm&r=g\",\"contentUrl\":\"https:\/\/secure.gravatar.com\/avatar\/8e06da3b0d4f051010117c848b52b9280a4228043717057ccccccc8b20ff8f48?s=96&d=mm&r=g\",\"caption\":\"sintramem\"},\"description\":\"Sindicato dos Trabalhadores no Magist\u00e9rio e na Educa\u00e7\u00e3o Municipal de S\u00e3o Vicente\",\"url\":\"https:\/\/sintramem-sv.org.br\/sintramem\/author\/sindsv\/\"}]}<\/script>\n<!-- \/ Yoast SEO plugin. -->","yoast_head_json":{"title":"Reuni\u00e3o com os Auxiliares Operacionais ser\u00e1 segunda, dia 9, \u00e0s 18 horas, na sede do SINTRAMEM. Participem! - SINTRAMEM","robots":{"index":"index","follow":"follow","max-snippet":"max-snippet:-1","max-image-preview":"max-image-preview:large","max-video-preview":"max-video-preview:-1"},"canonical":"https:\/\/sintramem-sv.org.br\/sintramem\/reuniao-com-os-auxiliares-operacionais-sera-segunda-dia-9-as-18-horas-na-sede-do-sintramem-participem\/","og_locale":"pt_BR","og_type":"article","og_title":"Reuni\u00e3o com os Auxiliares Operacionais ser\u00e1 segunda, dia 9, \u00e0s 18 horas, na sede do SINTRAMEM. Participem! - SINTRAMEM","og_description":"O SINTRAMEM realiza na pr\u00f3xima segunda, dia 9 de fevereiro, \u00e0s 18 horas, na sede do Sindicato, uma reuni\u00e3o voltada aos Auxiliares Operacionais da Educa\u00e7\u00e3o. O encontro tem como objetivo central debater e deliberar sobre os desdobramentos e a aplica\u00e7\u00e3o da Lei n\u00ba 15.326\/2026, cuja regulamenta\u00e7\u00e3o impacta diretamente as condi\u00e7\u00f5es laborais destes profissionais essenciais ao&hellip;","og_url":"https:\/\/sintramem-sv.org.br\/sintramem\/reuniao-com-os-auxiliares-operacionais-sera-segunda-dia-9-as-18-horas-na-sede-do-sintramem-participem\/","og_site_name":"SINTRAMEM","article_published_time":"2026-02-05T20:37:38+00:00","article_modified_time":"2026-02-06T13:14:44+00:00","og_image":[{"width":500,"height":278,"url":"https:\/\/sintramem-sv.org.br\/sintramem\/wp-content\/uploads\/2026\/02\/menor-1.png","type":"image\/png"}],"author":"sintramem","twitter_card":"summary_large_image","twitter_misc":{"Escrito por":"sintramem","Est. tempo de leitura":"2 minutos"},"schema":{"@context":"https:\/\/schema.org","@graph":[{"@type":"Article","@id":"https:\/\/sintramem-sv.org.br\/sintramem\/reuniao-com-os-auxiliares-operacionais-sera-segunda-dia-9-as-18-horas-na-sede-do-sintramem-participem\/#article","isPartOf":{"@id":"https:\/\/sintramem-sv.org.br\/sintramem\/reuniao-com-os-auxiliares-operacionais-sera-segunda-dia-9-as-18-horas-na-sede-do-sintramem-participem\/"},"author":{"name":"sintramem","@id":"https:\/\/sintramem-sv.org.br\/sintramem\/#\/schema\/person\/a8decb8ea63607d1e01e046c95ddcf2b"},"headline":"Reuni\u00e3o com os Auxiliares Operacionais ser\u00e1 segunda, dia 9, \u00e0s 18 horas, na sede do SINTRAMEM. Participem!","datePublished":"2026-02-05T20:37:38+00:00","dateModified":"2026-02-06T13:14:44+00:00","mainEntityOfPage":{"@id":"https:\/\/sintramem-sv.org.br\/sintramem\/reuniao-com-os-auxiliares-operacionais-sera-segunda-dia-9-as-18-horas-na-sede-do-sintramem-participem\/"},"wordCount":174,"commentCount":0,"publisher":{"@id":"https:\/\/sintramem-sv.org.br\/sintramem\/#organization"},"image":{"@id":"https:\/\/sintramem-sv.org.br\/sintramem\/reuniao-com-os-auxiliares-operacionais-sera-segunda-dia-9-as-18-horas-na-sede-do-sintramem-participem\/#primaryimage"},"thumbnailUrl":"https:\/\/sintramem-sv.org.br\/sintramem\/wp-content\/uploads\/2026\/02\/Destacada-Reuniao-Auxiliares-SINTRAMEM.png","articleSection":["sintramem"],"inLanguage":"pt-BR","potentialAction":[{"@type":"CommentAction","name":"Comment","target":["https:\/\/sintramem-sv.org.br\/sintramem\/reuniao-com-os-auxiliares-operacionais-sera-segunda-dia-9-as-18-horas-na-sede-do-sintramem-participem\/#respond"]}]},{"@type":"WebPage","@id":"https:\/\/sintramem-sv.org.br\/sintramem\/reuniao-com-os-auxiliares-operacionais-sera-segunda-dia-9-as-18-horas-na-sede-do-sintramem-participem\/","url":"https:\/\/sintramem-sv.org.br\/sintramem\/reuniao-com-os-auxiliares-operacionais-sera-segunda-dia-9-as-18-horas-na-sede-do-sintramem-participem\/","name":"Reuni\u00e3o com os Auxiliares Operacionais ser\u00e1 segunda, dia 9, \u00e0s 18 horas, na sede do SINTRAMEM. Participem! - SINTRAMEM","isPartOf":{"@id":"https:\/\/sintramem-sv.org.br\/sintramem\/#website"},"primaryImageOfPage":{"@id":"https:\/\/sintramem-sv.org.br\/sintramem\/reuniao-com-os-auxiliares-operacionais-sera-segunda-dia-9-as-18-horas-na-sede-do-sintramem-participem\/#primaryimage"},"image":{"@id":"https:\/\/sintramem-sv.org.br\/sintramem\/reuniao-com-os-auxiliares-operacionais-sera-segunda-dia-9-as-18-horas-na-sede-do-sintramem-participem\/#primaryimage"},"thumbnailUrl":"https:\/\/sintramem-sv.org.br\/sintramem\/wp-content\/uploads\/2026\/02\/Destacada-Reuniao-Auxiliares-SINTRAMEM.png","datePublished":"2026-02-05T20:37:38+00:00","dateModified":"2026-02-06T13:14:44+00:00","breadcrumb":{"@id":"https:\/\/sintramem-sv.org.br\/sintramem\/reuniao-com-os-auxiliares-operacionais-sera-segunda-dia-9-as-18-horas-na-sede-do-sintramem-participem\/#breadcrumb"},"inLanguage":"pt-BR","potentialAction":[{"@type":"ReadAction","target":["https:\/\/sintramem-sv.org.br\/sintramem\/reuniao-com-os-auxiliares-operacionais-sera-segunda-dia-9-as-18-horas-na-sede-do-sintramem-participem\/"]}]},{"@type":"ImageObject","inLanguage":"pt-BR","@id":"https:\/\/sintramem-sv.org.br\/sintramem\/reuniao-com-os-auxiliares-operacionais-sera-segunda-dia-9-as-18-horas-na-sede-do-sintramem-participem\/#primaryimage","url":"https:\/\/sintramem-sv.org.br\/sintramem\/wp-content\/uploads\/2026\/02\/Destacada-Reuniao-Auxiliares-SINTRAMEM.png","contentUrl":"https:\/\/sintramem-sv.org.br\/sintramem\/wp-content\/uploads\/2026\/02\/Destacada-Reuniao-Auxiliares-SINTRAMEM.png","width":1294,"height":720},{"@type":"BreadcrumbList","@id":"https:\/\/sintramem-sv.org.br\/sintramem\/reuniao-com-os-auxiliares-operacionais-sera-segunda-dia-9-as-18-horas-na-sede-do-sintramem-participem\/#breadcrumb","itemListElement":[{"@type":"ListItem","position":1,"name":"In\u00edcio","item":"https:\/\/sintramem-sv.org.br\/sintramem\/"},{"@type":"ListItem","position":2,"name":"Reuni\u00e3o com os Auxiliares Operacionais ser\u00e1 segunda, dia 9, \u00e0s 18 horas, na sede do SINTRAMEM. Participem!"}]},{"@type":"WebSite","@id":"https:\/\/sintramem-sv.org.br\/sintramem\/#website","url":"https:\/\/sintramem-sv.org.br\/sintramem\/","name":"SINTRAMEM","description":"Sindicato dos Trabalhadores no Magist\u00e9rio e na Educa\u00e7\u00e3o de S\u00e3o Vicente","publisher":{"@id":"https:\/\/sintramem-sv.org.br\/sintramem\/#organization"},"potentialAction":[{"@type":"SearchAction","target":{"@type":"EntryPoint","urlTemplate":"https:\/\/sintramem-sv.org.br\/sintramem\/?s={search_term_string}"},"query-input":{"@type":"PropertyValueSpecification","valueRequired":true,"valueName":"search_term_string"}}],"inLanguage":"pt-BR"},{"@type":"Organization","@id":"https:\/\/sintramem-sv.org.br\/sintramem\/#organization","name":"SINTRAMEM","url":"https:\/\/sintramem-sv.org.br\/sintramem\/","logo":{"@type":"ImageObject","inLanguage":"pt-BR","@id":"https:\/\/sintramem-sv.org.br\/sintramem\/#\/schema\/logo\/image\/","url":"https:\/\/sintramem-sv.org.br\/sintramem\/wp-content\/uploads\/2017\/02\/SINTRAMEM-LOGO-OFICIAL-300x100-jpg.jpg","contentUrl":"https:\/\/sintramem-sv.org.br\/sintramem\/wp-content\/uploads\/2017\/02\/SINTRAMEM-LOGO-OFICIAL-300x100-jpg.jpg","width":150,"height":150,"caption":"SINTRAMEM"},"image":{"@id":"https:\/\/sintramem-sv.org.br\/sintramem\/#\/schema\/logo\/image\/"}},{"@type":"Person","@id":"https:\/\/sintramem-sv.org.br\/sintramem\/#\/schema\/person\/a8decb8ea63607d1e01e046c95ddcf2b","name":"sintramem","image":{"@type":"ImageObject","inLanguage":"pt-BR","@id":"https:\/\/sintramem-sv.org.br\/sintramem\/#\/schema\/person\/image\/","url":"https:\/\/secure.gravatar.com\/avatar\/8e06da3b0d4f051010117c848b52b9280a4228043717057ccccccc8b20ff8f48?s=96&d=mm&r=g","contentUrl":"https:\/\/secure.gravatar.com\/avatar\/8e06da3b0d4f051010117c848b52b9280a4228043717057ccccccc8b20ff8f48?s=96&d=mm&r=g","caption":"sintramem"},"description":"Sindicato dos Trabalhadores no Magist\u00e9rio e na Educa\u00e7\u00e3o Municipal de S\u00e3o Vicente","url":"https:\/\/sintramem-sv.org.br\/sintramem\/author\/sindsv\/"}]}},"_links":{"self":[{"href":"https:\/\/sintramem-sv.org.br\/sintramem\/wp-json\/wp\/v2\/posts\/9435","targetHints":{"allow":["GET"]}}],"collection":[{"href":"https:\/\/sintramem-sv.org.br\/sintramem\/wp-json\/wp\/v2\/posts"}],"about":[{"href":"https:\/\/sintramem-sv.org.br\/sintramem\/wp-json\/wp\/v2\/types\/post"}],"author":[{"embeddable":true,"href":"https:\/\/sintramem-sv.org.br\/sintramem\/wp-json\/wp\/v2\/users\/1"}],"replies":[{"embeddable":true,"href":"https:\/\/sintramem-sv.org.br\/sintramem\/wp-json\/wp\/v2\/comments?post=9435"}],"version-history":[{"count":6,"href":"https:\/\/sintramem-sv.org.br\/sintramem\/wp-json\/wp\/v2\/posts\/9435\/revisions"}],"predecessor-version":[{"id":9444,"href":"https:\/\/sintramem-sv.org.br\/sintramem\/wp-json\/wp\/v2\/posts\/9435\/revisions\/9444"}],"wp:featuredmedia":[{"embeddable":true,"href":"https:\/\/sintramem-sv.org.br\/sintramem\/wp-json\/wp\/v2\/media\/9436"}],"wp:attachment":[{"href":"https:\/\/sintramem-sv.org.br\/sintramem\/wp-json\/wp\/v2\/media?parent=9435"}],"wp:term":[{"taxonomy":"category","embeddable":true,"href":"https:\/\/sintramem-sv.org.br\/sintramem\/wp-json\/wp\/v2\/categories?post=9435"},{"taxonomy":"post_tag","embeddable":true,"href":"https:\/\/sintramem-sv.org.br\/sintramem\/wp-json\/wp\/v2\/tags?post=9435"}],"curies":[{"name":"wp","href":"https:\/\/api.w.org\/{rel}","templated":true}]}}