{"id":9419,"date":"2026-02-04T18:19:41","date_gmt":"2026-02-04T18:19:41","guid":{"rendered":"https:\/\/sintramem-sv.org.br\/sintramem\/?p=9419"},"modified":"2026-02-04T18:29:44","modified_gmt":"2026-02-04T18:29:44","slug":"diretoria-do-sintramem-acompanha-de-perto-processo-que-define-a-atribuicao-dos-paebs-nesta-semana","status":"publish","type":"post","link":"https:\/\/sintramem-sv.org.br\/sintramem\/diretoria-do-sintramem-acompanha-de-perto-processo-que-define-a-atribuicao-dos-paebs-nesta-semana\/","title":{"rendered":"Diretoria do SINTRAMEM acompanha de perto processo que define a atribui\u00e7\u00e3o dos PAEB&#8217;s nesta semana"},"content":{"rendered":"<p><span style=\"font-size: 14pt;\">Os diretores do <span style=\"color: #ff0000;\"><strong>SINTRAMEM<\/strong><\/span> iniciaram nesta quarta, 4 de fevereiro, um amplo plant\u00e3o de fiscaliza\u00e7\u00e3o e apoio na Secretaria Municipal de Educa\u00e7\u00e3o de S\u00e3o Vicente. A mobiliza\u00e7\u00e3o ocorre durante os tr\u00eas dias destinados \u00e0 designa\u00e7\u00e3o dos Professores Adjuntos de Educa\u00e7\u00e3o B\u00e1sica (PAEBs) &#8211; etapa que se estende at\u00e9 esta sexta, 6 de fevereiro. A presen\u00e7a ininterrupta da entidade tem como objetivo monitorar cada etapa do procedimento, assegurando orienta\u00e7\u00e3o sobre os direitos dos Educadores desde o primeiro momento.<\/span><\/p>\n<p><span style=\"font-size: 14pt;\">Para muitos Docentes, essa fase \u00e9 marcada por expectativa e apreens\u00e3o, uma vez que a lota\u00e7\u00e3o definir\u00e1 suas condi\u00e7\u00f5es de trabalho ao longo do ano. Nesse contexto, a atua\u00e7\u00e3o sindical torna-se fundamental para garantir que todas as etapas obede\u00e7am rigorosamente aos dispositivos legais. Aproveitamos e entregamos um informativo impresso com a recente <a href=\"https:\/\/sintramem-sv.org.br\/sintramem\/vitoria-dos-direitos-da-categoria\/\" target=\"_blank\" rel=\"noopener\"><strong>vit\u00f3ria sobre o Adicional de Forma\u00e7\u00e3o<\/strong><\/a>.<\/span><\/p>\n<blockquote><p><span style=\"font-size: 14pt;\"> \u201cEstamos aqui n\u00e3o apenas para observar, mas para orientar, mediar e intervir se necess\u00e1rio. A transpar\u00eancia e o respeito \u00e0s normas s\u00e3o pilares deste processo\u201d, afirmou a vice-presidente <strong>Joana D\u2019Arc<\/strong>, durante a a\u00e7\u00e3o.<\/span><\/p><\/blockquote>\n<p><span style=\"font-size: 14pt;\">Al\u00e9m de acompanhar os atos administrativos, a equipe do Sindicato tem mantido di\u00e1logo direto com os profissionais presentes no local. Diversas d\u00favidas foram esclarecidas &#8211; tanto sobre os crit\u00e9rios de aloca\u00e7\u00e3o quanto acerca do andamento da Campanha Salarial em curso. A iniciativa refor\u00e7a o compromisso da entidade em oferecer suporte concreto, assegurando que a Educa\u00e7\u00e3o municipal conte com profissionais valorizados e respaldados por uma representa\u00e7\u00e3o sindical atuante e presente.<\/span><\/p>\n<p><img loading=\"lazy\" decoding=\"async\" class=\"aligncenter size-full wp-image-9423\" src=\"https:\/\/sintramem-sv.org.br\/sintramem\/wp-content\/uploads\/2026\/02\/3.png\" alt=\"\" width=\"1920\" height=\"1704\" srcset=\"https:\/\/sintramem-sv.org.br\/sintramem\/wp-content\/uploads\/2026\/02\/3.png 1920w, https:\/\/sintramem-sv.org.br\/sintramem\/wp-content\/uploads\/2026\/02\/3-300x266.png 300w, https:\/\/sintramem-sv.org.br\/sintramem\/wp-content\/uploads\/2026\/02\/3-1024x909.png 1024w, https:\/\/sintramem-sv.org.br\/sintramem\/wp-content\/uploads\/2026\/02\/3-768x682.png 768w, https:\/\/sintramem-sv.org.br\/sintramem\/wp-content\/uploads\/2026\/02\/3-1536x1363.png 1536w\" sizes=\"auto, (max-width: 1920px) 100vw, 1920px\" \/><\/p>\n","protected":false},"excerpt":{"rendered":"<p>Os diretores do SINTRAMEM iniciaram nesta quarta, 4 de fevereiro, um amplo plant\u00e3o de fiscaliza\u00e7\u00e3o e apoio na Secretaria Municipal de Educa\u00e7\u00e3o de S\u00e3o Vicente. A mobiliza\u00e7\u00e3o ocorre durante os tr\u00eas dias destinados \u00e0 designa\u00e7\u00e3o dos Professores Adjuntos de Educa\u00e7\u00e3o B\u00e1sica (PAEBs) &#8211; etapa que se estende at\u00e9 esta sexta, 6 de fevereiro. A presen\u00e7a&hellip;<\/p>\n","protected":false},"author":1,"featured_media":9421,"comment_status":"open","ping_status":"closed","sticky":false,"template":"","format":"standard","meta":{"_monsterinsights_skip_tracking":false,"_monsterinsights_sitenote_active":false,"_monsterinsights_sitenote_note":"","_monsterinsights_sitenote_category":0,"footnotes":""},"categories":[1],"tags":[],"class_list":["post-9419","post","type-post","status-publish","format-standard","has-post-thumbnail","hentry","category-sintramem-sintramem"],"yoast_head":"<!-- This site is optimized with the Yoast SEO plugin v27.0 - https:\/\/yoast.com\/product\/yoast-seo-wordpress\/ -->\n<title>Diretoria do SINTRAMEM acompanha de perto processo que define a atribui\u00e7\u00e3o dos PAEB&#039;s nesta semana - SINTRAMEM<\/title>\n<meta name=\"robots\" content=\"index, follow, max-snippet:-1, max-image-preview:large, max-video-preview:-1\" \/>\n<link rel=\"canonical\" href=\"https:\/\/sintramem-sv.org.br\/sintramem\/diretoria-do-sintramem-acompanha-de-perto-processo-que-define-a-atribuicao-dos-paebs-nesta-semana\/\" \/>\n<meta property=\"og:locale\" content=\"pt_BR\" \/>\n<meta property=\"og:type\" content=\"article\" \/>\n<meta property=\"og:title\" content=\"Diretoria do SINTRAMEM acompanha de perto processo que define a atribui\u00e7\u00e3o dos PAEB&#039;s nesta semana - SINTRAMEM\" \/>\n<meta property=\"og:description\" content=\"Os diretores do SINTRAMEM iniciaram nesta quarta, 4 de fevereiro, um amplo plant\u00e3o de fiscaliza\u00e7\u00e3o e apoio na Secretaria Municipal de Educa\u00e7\u00e3o de S\u00e3o Vicente. A mobiliza\u00e7\u00e3o ocorre durante os tr\u00eas dias destinados \u00e0 designa\u00e7\u00e3o dos Professores Adjuntos de Educa\u00e7\u00e3o B\u00e1sica (PAEBs) &#8211; etapa que se estende at\u00e9 esta sexta, 6 de fevereiro. A presen\u00e7a&hellip;\" \/>\n<meta property=\"og:url\" content=\"https:\/\/sintramem-sv.org.br\/sintramem\/diretoria-do-sintramem-acompanha-de-perto-processo-que-define-a-atribuicao-dos-paebs-nesta-semana\/\" \/>\n<meta property=\"og:site_name\" content=\"SINTRAMEM\" \/>\n<meta property=\"article:published_time\" content=\"2026-02-04T18:19:41+00:00\" \/>\n<meta property=\"article:modified_time\" content=\"2026-02-04T18:29:44+00:00\" \/>\n<meta property=\"og:image\" content=\"https:\/\/sintramem-sv.org.br\/sintramem\/wp-content\/uploads\/2026\/02\/2.png\" \/>\n\t<meta property=\"og:image:width\" content=\"500\" \/>\n\t<meta property=\"og:image:height\" content=\"278\" \/>\n\t<meta property=\"og:image:type\" content=\"image\/png\" \/>\n<meta name=\"author\" content=\"sintramem\" \/>\n<meta name=\"twitter:card\" content=\"summary_large_image\" \/>\n<meta name=\"twitter:label1\" content=\"Escrito por\" \/>\n\t<meta name=\"twitter:data1\" content=\"sintramem\" \/>\n\t<meta name=\"twitter:label2\" content=\"Est. tempo de leitura\" \/>\n\t<meta name=\"twitter:data2\" content=\"2 minutos\" \/>\n<script type=\"application\/ld+json\" class=\"yoast-schema-graph\">{\"@context\":\"https:\/\/schema.org\",\"@graph\":[{\"@type\":\"Article\",\"@id\":\"https:\/\/sintramem-sv.org.br\/sintramem\/diretoria-do-sintramem-acompanha-de-perto-processo-que-define-a-atribuicao-dos-paebs-nesta-semana\/#article\",\"isPartOf\":{\"@id\":\"https:\/\/sintramem-sv.org.br\/sintramem\/diretoria-do-sintramem-acompanha-de-perto-processo-que-define-a-atribuicao-dos-paebs-nesta-semana\/\"},\"author\":{\"name\":\"sintramem\",\"@id\":\"https:\/\/sintramem-sv.org.br\/sintramem\/#\/schema\/person\/a8decb8ea63607d1e01e046c95ddcf2b\"},\"headline\":\"Diretoria do SINTRAMEM acompanha de perto processo que define a atribui\u00e7\u00e3o dos PAEB&#8217;s nesta semana\",\"datePublished\":\"2026-02-04T18:19:41+00:00\",\"dateModified\":\"2026-02-04T18:29:44+00:00\",\"mainEntityOfPage\":{\"@id\":\"https:\/\/sintramem-sv.org.br\/sintramem\/diretoria-do-sintramem-acompanha-de-perto-processo-que-define-a-atribuicao-dos-paebs-nesta-semana\/\"},\"wordCount\":282,\"commentCount\":0,\"publisher\":{\"@id\":\"https:\/\/sintramem-sv.org.br\/sintramem\/#organization\"},\"image\":{\"@id\":\"https:\/\/sintramem-sv.org.br\/sintramem\/diretoria-do-sintramem-acompanha-de-perto-processo-que-define-a-atribuicao-dos-paebs-nesta-semana\/#primaryimage\"},\"thumbnailUrl\":\"https:\/\/sintramem-sv.org.br\/sintramem\/wp-content\/uploads\/2026\/02\/1.png\",\"articleSection\":[\"sintramem\"],\"inLanguage\":\"pt-BR\",\"potentialAction\":[{\"@type\":\"CommentAction\",\"name\":\"Comment\",\"target\":[\"https:\/\/sintramem-sv.org.br\/sintramem\/diretoria-do-sintramem-acompanha-de-perto-processo-que-define-a-atribuicao-dos-paebs-nesta-semana\/#respond\"]}]},{\"@type\":\"WebPage\",\"@id\":\"https:\/\/sintramem-sv.org.br\/sintramem\/diretoria-do-sintramem-acompanha-de-perto-processo-que-define-a-atribuicao-dos-paebs-nesta-semana\/\",\"url\":\"https:\/\/sintramem-sv.org.br\/sintramem\/diretoria-do-sintramem-acompanha-de-perto-processo-que-define-a-atribuicao-dos-paebs-nesta-semana\/\",\"name\":\"Diretoria do SINTRAMEM acompanha de perto processo que define a atribui\u00e7\u00e3o dos PAEB's nesta semana - SINTRAMEM\",\"isPartOf\":{\"@id\":\"https:\/\/sintramem-sv.org.br\/sintramem\/#website\"},\"primaryImageOfPage\":{\"@id\":\"https:\/\/sintramem-sv.org.br\/sintramem\/diretoria-do-sintramem-acompanha-de-perto-processo-que-define-a-atribuicao-dos-paebs-nesta-semana\/#primaryimage\"},\"image\":{\"@id\":\"https:\/\/sintramem-sv.org.br\/sintramem\/diretoria-do-sintramem-acompanha-de-perto-processo-que-define-a-atribuicao-dos-paebs-nesta-semana\/#primaryimage\"},\"thumbnailUrl\":\"https:\/\/sintramem-sv.org.br\/sintramem\/wp-content\/uploads\/2026\/02\/1.png\",\"datePublished\":\"2026-02-04T18:19:41+00:00\",\"dateModified\":\"2026-02-04T18:29:44+00:00\",\"breadcrumb\":{\"@id\":\"https:\/\/sintramem-sv.org.br\/sintramem\/diretoria-do-sintramem-acompanha-de-perto-processo-que-define-a-atribuicao-dos-paebs-nesta-semana\/#breadcrumb\"},\"inLanguage\":\"pt-BR\",\"potentialAction\":[{\"@type\":\"ReadAction\",\"target\":[\"https:\/\/sintramem-sv.org.br\/sintramem\/diretoria-do-sintramem-acompanha-de-perto-processo-que-define-a-atribuicao-dos-paebs-nesta-semana\/\"]}]},{\"@type\":\"ImageObject\",\"inLanguage\":\"pt-BR\",\"@id\":\"https:\/\/sintramem-sv.org.br\/sintramem\/diretoria-do-sintramem-acompanha-de-perto-processo-que-define-a-atribuicao-dos-paebs-nesta-semana\/#primaryimage\",\"url\":\"https:\/\/sintramem-sv.org.br\/sintramem\/wp-content\/uploads\/2026\/02\/1.png\",\"contentUrl\":\"https:\/\/sintramem-sv.org.br\/sintramem\/wp-content\/uploads\/2026\/02\/1.png\",\"width\":1294,\"height\":720},{\"@type\":\"BreadcrumbList\",\"@id\":\"https:\/\/sintramem-sv.org.br\/sintramem\/diretoria-do-sintramem-acompanha-de-perto-processo-que-define-a-atribuicao-dos-paebs-nesta-semana\/#breadcrumb\",\"itemListElement\":[{\"@type\":\"ListItem\",\"position\":1,\"name\":\"In\u00edcio\",\"item\":\"https:\/\/sintramem-sv.org.br\/sintramem\/\"},{\"@type\":\"ListItem\",\"position\":2,\"name\":\"Diretoria do SINTRAMEM acompanha de perto processo que define a atribui\u00e7\u00e3o dos PAEB&#8217;s nesta semana\"}]},{\"@type\":\"WebSite\",\"@id\":\"https:\/\/sintramem-sv.org.br\/sintramem\/#website\",\"url\":\"https:\/\/sintramem-sv.org.br\/sintramem\/\",\"name\":\"SINTRAMEM\",\"description\":\"Sindicato dos Trabalhadores no Magist\u00e9rio e na Educa\u00e7\u00e3o de S\u00e3o Vicente\",\"publisher\":{\"@id\":\"https:\/\/sintramem-sv.org.br\/sintramem\/#organization\"},\"potentialAction\":[{\"@type\":\"SearchAction\",\"target\":{\"@type\":\"EntryPoint\",\"urlTemplate\":\"https:\/\/sintramem-sv.org.br\/sintramem\/?s={search_term_string}\"},\"query-input\":{\"@type\":\"PropertyValueSpecification\",\"valueRequired\":true,\"valueName\":\"search_term_string\"}}],\"inLanguage\":\"pt-BR\"},{\"@type\":\"Organization\",\"@id\":\"https:\/\/sintramem-sv.org.br\/sintramem\/#organization\",\"name\":\"SINTRAMEM\",\"url\":\"https:\/\/sintramem-sv.org.br\/sintramem\/\",\"logo\":{\"@type\":\"ImageObject\",\"inLanguage\":\"pt-BR\",\"@id\":\"https:\/\/sintramem-sv.org.br\/sintramem\/#\/schema\/logo\/image\/\",\"url\":\"https:\/\/sintramem-sv.org.br\/sintramem\/wp-content\/uploads\/2017\/02\/SINTRAMEM-LOGO-OFICIAL-300x100-jpg.jpg\",\"contentUrl\":\"https:\/\/sintramem-sv.org.br\/sintramem\/wp-content\/uploads\/2017\/02\/SINTRAMEM-LOGO-OFICIAL-300x100-jpg.jpg\",\"width\":150,\"height\":150,\"caption\":\"SINTRAMEM\"},\"image\":{\"@id\":\"https:\/\/sintramem-sv.org.br\/sintramem\/#\/schema\/logo\/image\/\"}},{\"@type\":\"Person\",\"@id\":\"https:\/\/sintramem-sv.org.br\/sintramem\/#\/schema\/person\/a8decb8ea63607d1e01e046c95ddcf2b\",\"name\":\"sintramem\",\"image\":{\"@type\":\"ImageObject\",\"inLanguage\":\"pt-BR\",\"@id\":\"https:\/\/sintramem-sv.org.br\/sintramem\/#\/schema\/person\/image\/\",\"url\":\"https:\/\/secure.gravatar.com\/avatar\/8e06da3b0d4f051010117c848b52b9280a4228043717057ccccccc8b20ff8f48?s=96&d=mm&r=g\",\"contentUrl\":\"https:\/\/secure.gravatar.com\/avatar\/8e06da3b0d4f051010117c848b52b9280a4228043717057ccccccc8b20ff8f48?s=96&d=mm&r=g\",\"caption\":\"sintramem\"},\"description\":\"Sindicato dos Trabalhadores no Magist\u00e9rio e na Educa\u00e7\u00e3o Municipal de S\u00e3o Vicente\",\"url\":\"https:\/\/sintramem-sv.org.br\/sintramem\/author\/sindsv\/\"}]}<\/script>\n<!-- \/ Yoast SEO plugin. -->","yoast_head_json":{"title":"Diretoria do SINTRAMEM acompanha de perto processo que define a atribui\u00e7\u00e3o dos PAEB's nesta semana - SINTRAMEM","robots":{"index":"index","follow":"follow","max-snippet":"max-snippet:-1","max-image-preview":"max-image-preview:large","max-video-preview":"max-video-preview:-1"},"canonical":"https:\/\/sintramem-sv.org.br\/sintramem\/diretoria-do-sintramem-acompanha-de-perto-processo-que-define-a-atribuicao-dos-paebs-nesta-semana\/","og_locale":"pt_BR","og_type":"article","og_title":"Diretoria do SINTRAMEM acompanha de perto processo que define a atribui\u00e7\u00e3o dos PAEB's nesta semana - SINTRAMEM","og_description":"Os diretores do SINTRAMEM iniciaram nesta quarta, 4 de fevereiro, um amplo plant\u00e3o de fiscaliza\u00e7\u00e3o e apoio na Secretaria Municipal de Educa\u00e7\u00e3o de S\u00e3o Vicente. A mobiliza\u00e7\u00e3o ocorre durante os tr\u00eas dias destinados \u00e0 designa\u00e7\u00e3o dos Professores Adjuntos de Educa\u00e7\u00e3o B\u00e1sica (PAEBs) &#8211; etapa que se estende at\u00e9 esta sexta, 6 de fevereiro. A presen\u00e7a&hellip;","og_url":"https:\/\/sintramem-sv.org.br\/sintramem\/diretoria-do-sintramem-acompanha-de-perto-processo-que-define-a-atribuicao-dos-paebs-nesta-semana\/","og_site_name":"SINTRAMEM","article_published_time":"2026-02-04T18:19:41+00:00","article_modified_time":"2026-02-04T18:29:44+00:00","og_image":[{"width":500,"height":278,"url":"https:\/\/sintramem-sv.org.br\/sintramem\/wp-content\/uploads\/2026\/02\/2.png","type":"image\/png"}],"author":"sintramem","twitter_card":"summary_large_image","twitter_misc":{"Escrito por":"sintramem","Est. tempo de leitura":"2 minutos"},"schema":{"@context":"https:\/\/schema.org","@graph":[{"@type":"Article","@id":"https:\/\/sintramem-sv.org.br\/sintramem\/diretoria-do-sintramem-acompanha-de-perto-processo-que-define-a-atribuicao-dos-paebs-nesta-semana\/#article","isPartOf":{"@id":"https:\/\/sintramem-sv.org.br\/sintramem\/diretoria-do-sintramem-acompanha-de-perto-processo-que-define-a-atribuicao-dos-paebs-nesta-semana\/"},"author":{"name":"sintramem","@id":"https:\/\/sintramem-sv.org.br\/sintramem\/#\/schema\/person\/a8decb8ea63607d1e01e046c95ddcf2b"},"headline":"Diretoria do SINTRAMEM acompanha de perto processo que define a atribui\u00e7\u00e3o dos PAEB&#8217;s nesta semana","datePublished":"2026-02-04T18:19:41+00:00","dateModified":"2026-02-04T18:29:44+00:00","mainEntityOfPage":{"@id":"https:\/\/sintramem-sv.org.br\/sintramem\/diretoria-do-sintramem-acompanha-de-perto-processo-que-define-a-atribuicao-dos-paebs-nesta-semana\/"},"wordCount":282,"commentCount":0,"publisher":{"@id":"https:\/\/sintramem-sv.org.br\/sintramem\/#organization"},"image":{"@id":"https:\/\/sintramem-sv.org.br\/sintramem\/diretoria-do-sintramem-acompanha-de-perto-processo-que-define-a-atribuicao-dos-paebs-nesta-semana\/#primaryimage"},"thumbnailUrl":"https:\/\/sintramem-sv.org.br\/sintramem\/wp-content\/uploads\/2026\/02\/1.png","articleSection":["sintramem"],"inLanguage":"pt-BR","potentialAction":[{"@type":"CommentAction","name":"Comment","target":["https:\/\/sintramem-sv.org.br\/sintramem\/diretoria-do-sintramem-acompanha-de-perto-processo-que-define-a-atribuicao-dos-paebs-nesta-semana\/#respond"]}]},{"@type":"WebPage","@id":"https:\/\/sintramem-sv.org.br\/sintramem\/diretoria-do-sintramem-acompanha-de-perto-processo-que-define-a-atribuicao-dos-paebs-nesta-semana\/","url":"https:\/\/sintramem-sv.org.br\/sintramem\/diretoria-do-sintramem-acompanha-de-perto-processo-que-define-a-atribuicao-dos-paebs-nesta-semana\/","name":"Diretoria do SINTRAMEM acompanha de perto processo que define a atribui\u00e7\u00e3o dos PAEB's nesta semana - SINTRAMEM","isPartOf":{"@id":"https:\/\/sintramem-sv.org.br\/sintramem\/#website"},"primaryImageOfPage":{"@id":"https:\/\/sintramem-sv.org.br\/sintramem\/diretoria-do-sintramem-acompanha-de-perto-processo-que-define-a-atribuicao-dos-paebs-nesta-semana\/#primaryimage"},"image":{"@id":"https:\/\/sintramem-sv.org.br\/sintramem\/diretoria-do-sintramem-acompanha-de-perto-processo-que-define-a-atribuicao-dos-paebs-nesta-semana\/#primaryimage"},"thumbnailUrl":"https:\/\/sintramem-sv.org.br\/sintramem\/wp-content\/uploads\/2026\/02\/1.png","datePublished":"2026-02-04T18:19:41+00:00","dateModified":"2026-02-04T18:29:44+00:00","breadcrumb":{"@id":"https:\/\/sintramem-sv.org.br\/sintramem\/diretoria-do-sintramem-acompanha-de-perto-processo-que-define-a-atribuicao-dos-paebs-nesta-semana\/#breadcrumb"},"inLanguage":"pt-BR","potentialAction":[{"@type":"ReadAction","target":["https:\/\/sintramem-sv.org.br\/sintramem\/diretoria-do-sintramem-acompanha-de-perto-processo-que-define-a-atribuicao-dos-paebs-nesta-semana\/"]}]},{"@type":"ImageObject","inLanguage":"pt-BR","@id":"https:\/\/sintramem-sv.org.br\/sintramem\/diretoria-do-sintramem-acompanha-de-perto-processo-que-define-a-atribuicao-dos-paebs-nesta-semana\/#primaryimage","url":"https:\/\/sintramem-sv.org.br\/sintramem\/wp-content\/uploads\/2026\/02\/1.png","contentUrl":"https:\/\/sintramem-sv.org.br\/sintramem\/wp-content\/uploads\/2026\/02\/1.png","width":1294,"height":720},{"@type":"BreadcrumbList","@id":"https:\/\/sintramem-sv.org.br\/sintramem\/diretoria-do-sintramem-acompanha-de-perto-processo-que-define-a-atribuicao-dos-paebs-nesta-semana\/#breadcrumb","itemListElement":[{"@type":"ListItem","position":1,"name":"In\u00edcio","item":"https:\/\/sintramem-sv.org.br\/sintramem\/"},{"@type":"ListItem","position":2,"name":"Diretoria do SINTRAMEM acompanha de perto processo que define a atribui\u00e7\u00e3o dos PAEB&#8217;s nesta semana"}]},{"@type":"WebSite","@id":"https:\/\/sintramem-sv.org.br\/sintramem\/#website","url":"https:\/\/sintramem-sv.org.br\/sintramem\/","name":"SINTRAMEM","description":"Sindicato dos Trabalhadores no Magist\u00e9rio e na Educa\u00e7\u00e3o de S\u00e3o Vicente","publisher":{"@id":"https:\/\/sintramem-sv.org.br\/sintramem\/#organization"},"potentialAction":[{"@type":"SearchAction","target":{"@type":"EntryPoint","urlTemplate":"https:\/\/sintramem-sv.org.br\/sintramem\/?s={search_term_string}"},"query-input":{"@type":"PropertyValueSpecification","valueRequired":true,"valueName":"search_term_string"}}],"inLanguage":"pt-BR"},{"@type":"Organization","@id":"https:\/\/sintramem-sv.org.br\/sintramem\/#organization","name":"SINTRAMEM","url":"https:\/\/sintramem-sv.org.br\/sintramem\/","logo":{"@type":"ImageObject","inLanguage":"pt-BR","@id":"https:\/\/sintramem-sv.org.br\/sintramem\/#\/schema\/logo\/image\/","url":"https:\/\/sintramem-sv.org.br\/sintramem\/wp-content\/uploads\/2017\/02\/SINTRAMEM-LOGO-OFICIAL-300x100-jpg.jpg","contentUrl":"https:\/\/sintramem-sv.org.br\/sintramem\/wp-content\/uploads\/2017\/02\/SINTRAMEM-LOGO-OFICIAL-300x100-jpg.jpg","width":150,"height":150,"caption":"SINTRAMEM"},"image":{"@id":"https:\/\/sintramem-sv.org.br\/sintramem\/#\/schema\/logo\/image\/"}},{"@type":"Person","@id":"https:\/\/sintramem-sv.org.br\/sintramem\/#\/schema\/person\/a8decb8ea63607d1e01e046c95ddcf2b","name":"sintramem","image":{"@type":"ImageObject","inLanguage":"pt-BR","@id":"https:\/\/sintramem-sv.org.br\/sintramem\/#\/schema\/person\/image\/","url":"https:\/\/secure.gravatar.com\/avatar\/8e06da3b0d4f051010117c848b52b9280a4228043717057ccccccc8b20ff8f48?s=96&d=mm&r=g","contentUrl":"https:\/\/secure.gravatar.com\/avatar\/8e06da3b0d4f051010117c848b52b9280a4228043717057ccccccc8b20ff8f48?s=96&d=mm&r=g","caption":"sintramem"},"description":"Sindicato dos Trabalhadores no Magist\u00e9rio e na Educa\u00e7\u00e3o Municipal de S\u00e3o Vicente","url":"https:\/\/sintramem-sv.org.br\/sintramem\/author\/sindsv\/"}]}},"_links":{"self":[{"href":"https:\/\/sintramem-sv.org.br\/sintramem\/wp-json\/wp\/v2\/posts\/9419","targetHints":{"allow":["GET"]}}],"collection":[{"href":"https:\/\/sintramem-sv.org.br\/sintramem\/wp-json\/wp\/v2\/posts"}],"about":[{"href":"https:\/\/sintramem-sv.org.br\/sintramem\/wp-json\/wp\/v2\/types\/post"}],"author":[{"embeddable":true,"href":"https:\/\/sintramem-sv.org.br\/sintramem\/wp-json\/wp\/v2\/users\/1"}],"replies":[{"embeddable":true,"href":"https:\/\/sintramem-sv.org.br\/sintramem\/wp-json\/wp\/v2\/comments?post=9419"}],"version-history":[{"count":4,"href":"https:\/\/sintramem-sv.org.br\/sintramem\/wp-json\/wp\/v2\/posts\/9419\/revisions"}],"predecessor-version":[{"id":9426,"href":"https:\/\/sintramem-sv.org.br\/sintramem\/wp-json\/wp\/v2\/posts\/9419\/revisions\/9426"}],"wp:featuredmedia":[{"embeddable":true,"href":"https:\/\/sintramem-sv.org.br\/sintramem\/wp-json\/wp\/v2\/media\/9421"}],"wp:attachment":[{"href":"https:\/\/sintramem-sv.org.br\/sintramem\/wp-json\/wp\/v2\/media?parent=9419"}],"wp:term":[{"taxonomy":"category","embeddable":true,"href":"https:\/\/sintramem-sv.org.br\/sintramem\/wp-json\/wp\/v2\/categories?post=9419"},{"taxonomy":"post_tag","embeddable":true,"href":"https:\/\/sintramem-sv.org.br\/sintramem\/wp-json\/wp\/v2\/tags?post=9419"}],"curies":[{"name":"wp","href":"https:\/\/api.w.org\/{rel}","templated":true}]}}