{"id":9379,"date":"2026-01-30T13:39:48","date_gmt":"2026-01-30T13:39:48","guid":{"rendered":"https:\/\/sintramem-sv.org.br\/sintramem\/?p=9379"},"modified":"2026-01-30T17:40:59","modified_gmt":"2026-01-30T17:40:59","slug":"sintramem-e-sindservsv-se-reunem-com-secretario-de-gestao-para-tratar-sobre-cortes-no-pagamento-das-ferias","status":"publish","type":"post","link":"https:\/\/sintramem-sv.org.br\/sintramem\/sintramem-e-sindservsv-se-reunem-com-secretario-de-gestao-para-tratar-sobre-cortes-no-pagamento-das-ferias\/","title":{"rendered":"SINTRAMEM e SindServSV se re\u00fanem com secret\u00e1rio de Gest\u00e3o para tratar sobre cortes no pagamento das f\u00e9rias. Veja os detalhes!"},"content":{"rendered":"<p><span style=\"font-size: 14pt;\">Diretores do <span style=\"color: #ff0000;\"><strong>SINTRAMEM<\/strong><\/span> e <span style=\"color: #0000ff;\"><strong>SindServSV<\/strong><\/span> estiveram reunidos na \u00faltima quinta, dia 29 de janeiro, com o secret\u00e1rio Yuri Camara Batista, respons\u00e1vel pela s<\/span><span style=\"font-size: 14pt;\">ecretaria de Gest\u00e3o (SEGES), para tratar dos cortes no pagamento das f\u00e9rias dos Servidores p\u00fablicos municipais de S\u00e3o Vicente. Na ocasi\u00e3o, durante a mesa de negocia\u00e7\u00e3o, foi mencionada a <a href=\"https:\/\/portal.stf.jus.br\/noticias\/verNoticiaDetalhe.asp?idConteudo=499059&amp;ori=1\" target=\"_blank\" rel=\"noopener\"><strong>s\u00famula do Supremo Tribunal Federal (STF)<\/strong><\/a> que regulamenta a quest\u00e3o das f\u00e9rias nos casos de afastamento por licen\u00e7a m\u00e9dica.<\/span><\/p>\n<p><span style=\"font-size: 18pt;\"><strong><span style=\"color: #333333;\">DECIS\u00c3O DO STF<\/span> &#x2696;&#xfe0f;<\/strong><\/span><\/p>\n<p><span style=\"font-size: 14pt;\">Os dirigentes refor\u00e7aram que o Supremo Tribunal Federal definiu a autonomia legislativa dos munic\u00edpios, ao disciplinar o regime jur\u00eddico de seus Servidores. O Munic\u00edpio <span style=\"background-color: #ffff00;\"><strong>N\u00c3O PODE RESTRINGIR<\/strong><\/span> o direito \u00e0s f\u00e9rias em raz\u00e3o de licen\u00e7a para tratamento de sa\u00fade, de modo a inviabilizar o gozo das f\u00e9rias anuais. Esse entendimento foi firmado no julgamento do <strong>Recurso Extraordin\u00e1rio (RE) n\u00ba 593.448<\/strong>, com repercuss\u00e3o geral (Tema 221).<\/span><\/p>\n<p><span style=\"font-size: 18pt; color: #333333;\"><strong>&#x27a1;&#xfe0f; POSICIONAMENTO FIRME<\/strong><\/span><\/p>\n<p><span style=\"font-size: 14pt;\">Ambos os sindicatos seguir\u00e3o cobrando e trabalhando de forma firme e respons\u00e1vel para que ocorram as devidas mudan\u00e7as e ajustes na legisla\u00e7\u00e3o, garantindo a aplica\u00e7\u00e3o das normas no munic\u00edpio e a conformidade com o que a lei e as decis\u00f5es judiciais efetivamente determinam. Havendo novos encontros ou avan\u00e7os concretos, o Sindicato informar\u00e1 a categoria.<\/span><\/p>\n<p><span style=\"font-size: 14pt;\">O <span style=\"color: #ff0000;\"><strong>SINTRAMEM<\/strong><\/span> orienta os companheiros que identificarem qualquer irregularidade em seus pagamentos, n\u00e3o apenas relacionadas \u00e0s f\u00e9rias, a procurarem o Sindicato. Estamos sempre \u00e0 disposi\u00e7\u00e3o. Reafirmamos nosso compromisso permanente com a defesa dos direitos dos Professores e Profissionais da Educa\u00e7\u00e3o e seguimos atentos em situa\u00e7\u00f5es que possam prejudicar o trabalhador.<\/span><\/p>\n<p><img loading=\"lazy\" decoding=\"async\" class=\"aligncenter size-full wp-image-9399\" src=\"https:\/\/sintramem-sv.org.br\/sintramem\/wp-content\/uploads\/2000\/01\/Card-Detalhes-Reuniao-SINTRAMEM-4.png\" alt=\"\" width=\"1080\" height=\"1350\" srcset=\"https:\/\/sintramem-sv.org.br\/sintramem\/wp-content\/uploads\/2000\/01\/Card-Detalhes-Reuniao-SINTRAMEM-4.png 1080w, https:\/\/sintramem-sv.org.br\/sintramem\/wp-content\/uploads\/2000\/01\/Card-Detalhes-Reuniao-SINTRAMEM-4-240x300.png 240w, https:\/\/sintramem-sv.org.br\/sintramem\/wp-content\/uploads\/2000\/01\/Card-Detalhes-Reuniao-SINTRAMEM-4-819x1024.png 819w, https:\/\/sintramem-sv.org.br\/sintramem\/wp-content\/uploads\/2000\/01\/Card-Detalhes-Reuniao-SINTRAMEM-4-768x960.png 768w\" sizes=\"auto, (max-width: 1080px) 100vw, 1080px\" \/><\/p>\n","protected":false},"excerpt":{"rendered":"<p>Diretores do SINTRAMEM e SindServSV estiveram reunidos na \u00faltima quinta, dia 29 de janeiro, com o secret\u00e1rio Yuri Camara Batista, respons\u00e1vel pela secretaria de Gest\u00e3o (SEGES), para tratar dos cortes no pagamento das f\u00e9rias dos Servidores p\u00fablicos municipais de S\u00e3o Vicente. Na ocasi\u00e3o, durante a mesa de negocia\u00e7\u00e3o, foi mencionada a s\u00famula do Supremo Tribunal&hellip;<\/p>\n","protected":false},"author":1,"featured_media":9395,"comment_status":"open","ping_status":"closed","sticky":false,"template":"","format":"standard","meta":{"_monsterinsights_skip_tracking":false,"_monsterinsights_sitenote_active":false,"_monsterinsights_sitenote_note":"","_monsterinsights_sitenote_category":0,"footnotes":""},"categories":[19],"tags":[],"class_list":["post-9379","post","type-post","status-publish","format-standard","has-post-thumbnail","hentry","category-sintramem"],"yoast_head":"<!-- This site is optimized with the Yoast SEO plugin v27.0 - https:\/\/yoast.com\/product\/yoast-seo-wordpress\/ -->\n<title>SINTRAMEM e SindServSV se re\u00fanem com secret\u00e1rio de Gest\u00e3o para tratar sobre cortes no pagamento das f\u00e9rias. Veja os detalhes! - SINTRAMEM<\/title>\n<meta name=\"robots\" content=\"index, follow, max-snippet:-1, max-image-preview:large, max-video-preview:-1\" \/>\n<link rel=\"canonical\" href=\"https:\/\/sintramem-sv.org.br\/sintramem\/sintramem-e-sindservsv-se-reunem-com-secretario-de-gestao-para-tratar-sobre-cortes-no-pagamento-das-ferias\/\" \/>\n<meta property=\"og:locale\" content=\"pt_BR\" \/>\n<meta property=\"og:type\" content=\"article\" \/>\n<meta property=\"og:title\" content=\"SINTRAMEM e SindServSV se re\u00fanem com secret\u00e1rio de Gest\u00e3o para tratar sobre cortes no pagamento das f\u00e9rias. Veja os detalhes! - SINTRAMEM\" \/>\n<meta property=\"og:description\" content=\"Diretores do SINTRAMEM e SindServSV estiveram reunidos na \u00faltima quinta, dia 29 de janeiro, com o secret\u00e1rio Yuri Camara Batista, respons\u00e1vel pela secretaria de Gest\u00e3o (SEGES), para tratar dos cortes no pagamento das f\u00e9rias dos Servidores p\u00fablicos municipais de S\u00e3o Vicente. Na ocasi\u00e3o, durante a mesa de negocia\u00e7\u00e3o, foi mencionada a s\u00famula do Supremo Tribunal&hellip;\" \/>\n<meta property=\"og:url\" content=\"https:\/\/sintramem-sv.org.br\/sintramem\/sintramem-e-sindservsv-se-reunem-com-secretario-de-gestao-para-tratar-sobre-cortes-no-pagamento-das-ferias\/\" \/>\n<meta property=\"og:site_name\" content=\"SINTRAMEM\" \/>\n<meta property=\"article:published_time\" content=\"2026-01-30T13:39:48+00:00\" \/>\n<meta property=\"article:modified_time\" content=\"2026-01-30T17:40:59+00:00\" \/>\n<meta property=\"og:image\" content=\"https:\/\/sintramem-sv.org.br\/sintramem\/wp-content\/uploads\/2000\/01\/menor-3.png\" \/>\n\t<meta property=\"og:image:width\" content=\"500\" \/>\n\t<meta property=\"og:image:height\" content=\"278\" \/>\n\t<meta property=\"og:image:type\" content=\"image\/png\" \/>\n<meta name=\"author\" content=\"sintramem\" \/>\n<meta name=\"twitter:card\" content=\"summary_large_image\" \/>\n<meta name=\"twitter:label1\" content=\"Escrito por\" \/>\n\t<meta name=\"twitter:data1\" content=\"sintramem\" \/>\n\t<meta name=\"twitter:label2\" content=\"Est. tempo de leitura\" \/>\n\t<meta name=\"twitter:data2\" content=\"2 minutos\" \/>\n<script type=\"application\/ld+json\" class=\"yoast-schema-graph\">{\"@context\":\"https:\/\/schema.org\",\"@graph\":[{\"@type\":\"Article\",\"@id\":\"https:\/\/sintramem-sv.org.br\/sintramem\/sintramem-e-sindservsv-se-reunem-com-secretario-de-gestao-para-tratar-sobre-cortes-no-pagamento-das-ferias\/#article\",\"isPartOf\":{\"@id\":\"https:\/\/sintramem-sv.org.br\/sintramem\/sintramem-e-sindservsv-se-reunem-com-secretario-de-gestao-para-tratar-sobre-cortes-no-pagamento-das-ferias\/\"},\"author\":{\"name\":\"sintramem\",\"@id\":\"https:\/\/sintramem-sv.org.br\/sintramem\/#\/schema\/person\/a8decb8ea63607d1e01e046c95ddcf2b\"},\"headline\":\"SINTRAMEM e SindServSV se re\u00fanem com secret\u00e1rio de Gest\u00e3o para tratar sobre cortes no pagamento das f\u00e9rias. Veja os detalhes!\",\"datePublished\":\"2026-01-30T13:39:48+00:00\",\"dateModified\":\"2026-01-30T17:40:59+00:00\",\"mainEntityOfPage\":{\"@id\":\"https:\/\/sintramem-sv.org.br\/sintramem\/sintramem-e-sindservsv-se-reunem-com-secretario-de-gestao-para-tratar-sobre-cortes-no-pagamento-das-ferias\/\"},\"wordCount\":311,\"commentCount\":0,\"publisher\":{\"@id\":\"https:\/\/sintramem-sv.org.br\/sintramem\/#organization\"},\"image\":{\"@id\":\"https:\/\/sintramem-sv.org.br\/sintramem\/sintramem-e-sindservsv-se-reunem-com-secretario-de-gestao-para-tratar-sobre-cortes-no-pagamento-das-ferias\/#primaryimage\"},\"thumbnailUrl\":\"https:\/\/sintramem-sv.org.br\/sintramem\/wp-content\/uploads\/2000\/01\/Destacada-3-Corte-Pagamento-Ferias-SINTRAMEM.png\",\"articleSection\":[\"Sintramem\"],\"inLanguage\":\"pt-BR\",\"potentialAction\":[{\"@type\":\"CommentAction\",\"name\":\"Comment\",\"target\":[\"https:\/\/sintramem-sv.org.br\/sintramem\/sintramem-e-sindservsv-se-reunem-com-secretario-de-gestao-para-tratar-sobre-cortes-no-pagamento-das-ferias\/#respond\"]}]},{\"@type\":\"WebPage\",\"@id\":\"https:\/\/sintramem-sv.org.br\/sintramem\/sintramem-e-sindservsv-se-reunem-com-secretario-de-gestao-para-tratar-sobre-cortes-no-pagamento-das-ferias\/\",\"url\":\"https:\/\/sintramem-sv.org.br\/sintramem\/sintramem-e-sindservsv-se-reunem-com-secretario-de-gestao-para-tratar-sobre-cortes-no-pagamento-das-ferias\/\",\"name\":\"SINTRAMEM e SindServSV se re\u00fanem com secret\u00e1rio de Gest\u00e3o para tratar sobre cortes no pagamento das f\u00e9rias. Veja os detalhes! - SINTRAMEM\",\"isPartOf\":{\"@id\":\"https:\/\/sintramem-sv.org.br\/sintramem\/#website\"},\"primaryImageOfPage\":{\"@id\":\"https:\/\/sintramem-sv.org.br\/sintramem\/sintramem-e-sindservsv-se-reunem-com-secretario-de-gestao-para-tratar-sobre-cortes-no-pagamento-das-ferias\/#primaryimage\"},\"image\":{\"@id\":\"https:\/\/sintramem-sv.org.br\/sintramem\/sintramem-e-sindservsv-se-reunem-com-secretario-de-gestao-para-tratar-sobre-cortes-no-pagamento-das-ferias\/#primaryimage\"},\"thumbnailUrl\":\"https:\/\/sintramem-sv.org.br\/sintramem\/wp-content\/uploads\/2000\/01\/Destacada-3-Corte-Pagamento-Ferias-SINTRAMEM.png\",\"datePublished\":\"2026-01-30T13:39:48+00:00\",\"dateModified\":\"2026-01-30T17:40:59+00:00\",\"breadcrumb\":{\"@id\":\"https:\/\/sintramem-sv.org.br\/sintramem\/sintramem-e-sindservsv-se-reunem-com-secretario-de-gestao-para-tratar-sobre-cortes-no-pagamento-das-ferias\/#breadcrumb\"},\"inLanguage\":\"pt-BR\",\"potentialAction\":[{\"@type\":\"ReadAction\",\"target\":[\"https:\/\/sintramem-sv.org.br\/sintramem\/sintramem-e-sindservsv-se-reunem-com-secretario-de-gestao-para-tratar-sobre-cortes-no-pagamento-das-ferias\/\"]}]},{\"@type\":\"ImageObject\",\"inLanguage\":\"pt-BR\",\"@id\":\"https:\/\/sintramem-sv.org.br\/sintramem\/sintramem-e-sindservsv-se-reunem-com-secretario-de-gestao-para-tratar-sobre-cortes-no-pagamento-das-ferias\/#primaryimage\",\"url\":\"https:\/\/sintramem-sv.org.br\/sintramem\/wp-content\/uploads\/2000\/01\/Destacada-3-Corte-Pagamento-Ferias-SINTRAMEM.png\",\"contentUrl\":\"https:\/\/sintramem-sv.org.br\/sintramem\/wp-content\/uploads\/2000\/01\/Destacada-3-Corte-Pagamento-Ferias-SINTRAMEM.png\",\"width\":1294,\"height\":720},{\"@type\":\"BreadcrumbList\",\"@id\":\"https:\/\/sintramem-sv.org.br\/sintramem\/sintramem-e-sindservsv-se-reunem-com-secretario-de-gestao-para-tratar-sobre-cortes-no-pagamento-das-ferias\/#breadcrumb\",\"itemListElement\":[{\"@type\":\"ListItem\",\"position\":1,\"name\":\"In\u00edcio\",\"item\":\"https:\/\/sintramem-sv.org.br\/sintramem\/\"},{\"@type\":\"ListItem\",\"position\":2,\"name\":\"SINTRAMEM e SindServSV se re\u00fanem com secret\u00e1rio de Gest\u00e3o para tratar sobre cortes no pagamento das f\u00e9rias. Veja os detalhes!\"}]},{\"@type\":\"WebSite\",\"@id\":\"https:\/\/sintramem-sv.org.br\/sintramem\/#website\",\"url\":\"https:\/\/sintramem-sv.org.br\/sintramem\/\",\"name\":\"SINTRAMEM\",\"description\":\"Sindicato dos Trabalhadores no Magist\u00e9rio e na Educa\u00e7\u00e3o de S\u00e3o Vicente\",\"publisher\":{\"@id\":\"https:\/\/sintramem-sv.org.br\/sintramem\/#organization\"},\"potentialAction\":[{\"@type\":\"SearchAction\",\"target\":{\"@type\":\"EntryPoint\",\"urlTemplate\":\"https:\/\/sintramem-sv.org.br\/sintramem\/?s={search_term_string}\"},\"query-input\":{\"@type\":\"PropertyValueSpecification\",\"valueRequired\":true,\"valueName\":\"search_term_string\"}}],\"inLanguage\":\"pt-BR\"},{\"@type\":\"Organization\",\"@id\":\"https:\/\/sintramem-sv.org.br\/sintramem\/#organization\",\"name\":\"SINTRAMEM\",\"url\":\"https:\/\/sintramem-sv.org.br\/sintramem\/\",\"logo\":{\"@type\":\"ImageObject\",\"inLanguage\":\"pt-BR\",\"@id\":\"https:\/\/sintramem-sv.org.br\/sintramem\/#\/schema\/logo\/image\/\",\"url\":\"https:\/\/sintramem-sv.org.br\/sintramem\/wp-content\/uploads\/2017\/02\/SINTRAMEM-LOGO-OFICIAL-300x100-jpg.jpg\",\"contentUrl\":\"https:\/\/sintramem-sv.org.br\/sintramem\/wp-content\/uploads\/2017\/02\/SINTRAMEM-LOGO-OFICIAL-300x100-jpg.jpg\",\"width\":150,\"height\":150,\"caption\":\"SINTRAMEM\"},\"image\":{\"@id\":\"https:\/\/sintramem-sv.org.br\/sintramem\/#\/schema\/logo\/image\/\"}},{\"@type\":\"Person\",\"@id\":\"https:\/\/sintramem-sv.org.br\/sintramem\/#\/schema\/person\/a8decb8ea63607d1e01e046c95ddcf2b\",\"name\":\"sintramem\",\"image\":{\"@type\":\"ImageObject\",\"inLanguage\":\"pt-BR\",\"@id\":\"https:\/\/sintramem-sv.org.br\/sintramem\/#\/schema\/person\/image\/\",\"url\":\"https:\/\/secure.gravatar.com\/avatar\/8e06da3b0d4f051010117c848b52b9280a4228043717057ccccccc8b20ff8f48?s=96&d=mm&r=g\",\"contentUrl\":\"https:\/\/secure.gravatar.com\/avatar\/8e06da3b0d4f051010117c848b52b9280a4228043717057ccccccc8b20ff8f48?s=96&d=mm&r=g\",\"caption\":\"sintramem\"},\"description\":\"Sindicato dos Trabalhadores no Magist\u00e9rio e na Educa\u00e7\u00e3o Municipal de S\u00e3o Vicente\",\"url\":\"https:\/\/sintramem-sv.org.br\/sintramem\/author\/sindsv\/\"}]}<\/script>\n<!-- \/ Yoast SEO plugin. -->","yoast_head_json":{"title":"SINTRAMEM e SindServSV se re\u00fanem com secret\u00e1rio de Gest\u00e3o para tratar sobre cortes no pagamento das f\u00e9rias. Veja os detalhes! - SINTRAMEM","robots":{"index":"index","follow":"follow","max-snippet":"max-snippet:-1","max-image-preview":"max-image-preview:large","max-video-preview":"max-video-preview:-1"},"canonical":"https:\/\/sintramem-sv.org.br\/sintramem\/sintramem-e-sindservsv-se-reunem-com-secretario-de-gestao-para-tratar-sobre-cortes-no-pagamento-das-ferias\/","og_locale":"pt_BR","og_type":"article","og_title":"SINTRAMEM e SindServSV se re\u00fanem com secret\u00e1rio de Gest\u00e3o para tratar sobre cortes no pagamento das f\u00e9rias. Veja os detalhes! - SINTRAMEM","og_description":"Diretores do SINTRAMEM e SindServSV estiveram reunidos na \u00faltima quinta, dia 29 de janeiro, com o secret\u00e1rio Yuri Camara Batista, respons\u00e1vel pela secretaria de Gest\u00e3o (SEGES), para tratar dos cortes no pagamento das f\u00e9rias dos Servidores p\u00fablicos municipais de S\u00e3o Vicente. Na ocasi\u00e3o, durante a mesa de negocia\u00e7\u00e3o, foi mencionada a s\u00famula do Supremo Tribunal&hellip;","og_url":"https:\/\/sintramem-sv.org.br\/sintramem\/sintramem-e-sindservsv-se-reunem-com-secretario-de-gestao-para-tratar-sobre-cortes-no-pagamento-das-ferias\/","og_site_name":"SINTRAMEM","article_published_time":"2026-01-30T13:39:48+00:00","article_modified_time":"2026-01-30T17:40:59+00:00","og_image":[{"width":500,"height":278,"url":"https:\/\/sintramem-sv.org.br\/sintramem\/wp-content\/uploads\/2000\/01\/menor-3.png","type":"image\/png"}],"author":"sintramem","twitter_card":"summary_large_image","twitter_misc":{"Escrito por":"sintramem","Est. tempo de leitura":"2 minutos"},"schema":{"@context":"https:\/\/schema.org","@graph":[{"@type":"Article","@id":"https:\/\/sintramem-sv.org.br\/sintramem\/sintramem-e-sindservsv-se-reunem-com-secretario-de-gestao-para-tratar-sobre-cortes-no-pagamento-das-ferias\/#article","isPartOf":{"@id":"https:\/\/sintramem-sv.org.br\/sintramem\/sintramem-e-sindservsv-se-reunem-com-secretario-de-gestao-para-tratar-sobre-cortes-no-pagamento-das-ferias\/"},"author":{"name":"sintramem","@id":"https:\/\/sintramem-sv.org.br\/sintramem\/#\/schema\/person\/a8decb8ea63607d1e01e046c95ddcf2b"},"headline":"SINTRAMEM e SindServSV se re\u00fanem com secret\u00e1rio de Gest\u00e3o para tratar sobre cortes no pagamento das f\u00e9rias. Veja os detalhes!","datePublished":"2026-01-30T13:39:48+00:00","dateModified":"2026-01-30T17:40:59+00:00","mainEntityOfPage":{"@id":"https:\/\/sintramem-sv.org.br\/sintramem\/sintramem-e-sindservsv-se-reunem-com-secretario-de-gestao-para-tratar-sobre-cortes-no-pagamento-das-ferias\/"},"wordCount":311,"commentCount":0,"publisher":{"@id":"https:\/\/sintramem-sv.org.br\/sintramem\/#organization"},"image":{"@id":"https:\/\/sintramem-sv.org.br\/sintramem\/sintramem-e-sindservsv-se-reunem-com-secretario-de-gestao-para-tratar-sobre-cortes-no-pagamento-das-ferias\/#primaryimage"},"thumbnailUrl":"https:\/\/sintramem-sv.org.br\/sintramem\/wp-content\/uploads\/2000\/01\/Destacada-3-Corte-Pagamento-Ferias-SINTRAMEM.png","articleSection":["Sintramem"],"inLanguage":"pt-BR","potentialAction":[{"@type":"CommentAction","name":"Comment","target":["https:\/\/sintramem-sv.org.br\/sintramem\/sintramem-e-sindservsv-se-reunem-com-secretario-de-gestao-para-tratar-sobre-cortes-no-pagamento-das-ferias\/#respond"]}]},{"@type":"WebPage","@id":"https:\/\/sintramem-sv.org.br\/sintramem\/sintramem-e-sindservsv-se-reunem-com-secretario-de-gestao-para-tratar-sobre-cortes-no-pagamento-das-ferias\/","url":"https:\/\/sintramem-sv.org.br\/sintramem\/sintramem-e-sindservsv-se-reunem-com-secretario-de-gestao-para-tratar-sobre-cortes-no-pagamento-das-ferias\/","name":"SINTRAMEM e SindServSV se re\u00fanem com secret\u00e1rio de Gest\u00e3o para tratar sobre cortes no pagamento das f\u00e9rias. Veja os detalhes! - SINTRAMEM","isPartOf":{"@id":"https:\/\/sintramem-sv.org.br\/sintramem\/#website"},"primaryImageOfPage":{"@id":"https:\/\/sintramem-sv.org.br\/sintramem\/sintramem-e-sindservsv-se-reunem-com-secretario-de-gestao-para-tratar-sobre-cortes-no-pagamento-das-ferias\/#primaryimage"},"image":{"@id":"https:\/\/sintramem-sv.org.br\/sintramem\/sintramem-e-sindservsv-se-reunem-com-secretario-de-gestao-para-tratar-sobre-cortes-no-pagamento-das-ferias\/#primaryimage"},"thumbnailUrl":"https:\/\/sintramem-sv.org.br\/sintramem\/wp-content\/uploads\/2000\/01\/Destacada-3-Corte-Pagamento-Ferias-SINTRAMEM.png","datePublished":"2026-01-30T13:39:48+00:00","dateModified":"2026-01-30T17:40:59+00:00","breadcrumb":{"@id":"https:\/\/sintramem-sv.org.br\/sintramem\/sintramem-e-sindservsv-se-reunem-com-secretario-de-gestao-para-tratar-sobre-cortes-no-pagamento-das-ferias\/#breadcrumb"},"inLanguage":"pt-BR","potentialAction":[{"@type":"ReadAction","target":["https:\/\/sintramem-sv.org.br\/sintramem\/sintramem-e-sindservsv-se-reunem-com-secretario-de-gestao-para-tratar-sobre-cortes-no-pagamento-das-ferias\/"]}]},{"@type":"ImageObject","inLanguage":"pt-BR","@id":"https:\/\/sintramem-sv.org.br\/sintramem\/sintramem-e-sindservsv-se-reunem-com-secretario-de-gestao-para-tratar-sobre-cortes-no-pagamento-das-ferias\/#primaryimage","url":"https:\/\/sintramem-sv.org.br\/sintramem\/wp-content\/uploads\/2000\/01\/Destacada-3-Corte-Pagamento-Ferias-SINTRAMEM.png","contentUrl":"https:\/\/sintramem-sv.org.br\/sintramem\/wp-content\/uploads\/2000\/01\/Destacada-3-Corte-Pagamento-Ferias-SINTRAMEM.png","width":1294,"height":720},{"@type":"BreadcrumbList","@id":"https:\/\/sintramem-sv.org.br\/sintramem\/sintramem-e-sindservsv-se-reunem-com-secretario-de-gestao-para-tratar-sobre-cortes-no-pagamento-das-ferias\/#breadcrumb","itemListElement":[{"@type":"ListItem","position":1,"name":"In\u00edcio","item":"https:\/\/sintramem-sv.org.br\/sintramem\/"},{"@type":"ListItem","position":2,"name":"SINTRAMEM e SindServSV se re\u00fanem com secret\u00e1rio de Gest\u00e3o para tratar sobre cortes no pagamento das f\u00e9rias. Veja os detalhes!"}]},{"@type":"WebSite","@id":"https:\/\/sintramem-sv.org.br\/sintramem\/#website","url":"https:\/\/sintramem-sv.org.br\/sintramem\/","name":"SINTRAMEM","description":"Sindicato dos Trabalhadores no Magist\u00e9rio e na Educa\u00e7\u00e3o de S\u00e3o Vicente","publisher":{"@id":"https:\/\/sintramem-sv.org.br\/sintramem\/#organization"},"potentialAction":[{"@type":"SearchAction","target":{"@type":"EntryPoint","urlTemplate":"https:\/\/sintramem-sv.org.br\/sintramem\/?s={search_term_string}"},"query-input":{"@type":"PropertyValueSpecification","valueRequired":true,"valueName":"search_term_string"}}],"inLanguage":"pt-BR"},{"@type":"Organization","@id":"https:\/\/sintramem-sv.org.br\/sintramem\/#organization","name":"SINTRAMEM","url":"https:\/\/sintramem-sv.org.br\/sintramem\/","logo":{"@type":"ImageObject","inLanguage":"pt-BR","@id":"https:\/\/sintramem-sv.org.br\/sintramem\/#\/schema\/logo\/image\/","url":"https:\/\/sintramem-sv.org.br\/sintramem\/wp-content\/uploads\/2017\/02\/SINTRAMEM-LOGO-OFICIAL-300x100-jpg.jpg","contentUrl":"https:\/\/sintramem-sv.org.br\/sintramem\/wp-content\/uploads\/2017\/02\/SINTRAMEM-LOGO-OFICIAL-300x100-jpg.jpg","width":150,"height":150,"caption":"SINTRAMEM"},"image":{"@id":"https:\/\/sintramem-sv.org.br\/sintramem\/#\/schema\/logo\/image\/"}},{"@type":"Person","@id":"https:\/\/sintramem-sv.org.br\/sintramem\/#\/schema\/person\/a8decb8ea63607d1e01e046c95ddcf2b","name":"sintramem","image":{"@type":"ImageObject","inLanguage":"pt-BR","@id":"https:\/\/sintramem-sv.org.br\/sintramem\/#\/schema\/person\/image\/","url":"https:\/\/secure.gravatar.com\/avatar\/8e06da3b0d4f051010117c848b52b9280a4228043717057ccccccc8b20ff8f48?s=96&d=mm&r=g","contentUrl":"https:\/\/secure.gravatar.com\/avatar\/8e06da3b0d4f051010117c848b52b9280a4228043717057ccccccc8b20ff8f48?s=96&d=mm&r=g","caption":"sintramem"},"description":"Sindicato dos Trabalhadores no Magist\u00e9rio e na Educa\u00e7\u00e3o Municipal de S\u00e3o Vicente","url":"https:\/\/sintramem-sv.org.br\/sintramem\/author\/sindsv\/"}]}},"_links":{"self":[{"href":"https:\/\/sintramem-sv.org.br\/sintramem\/wp-json\/wp\/v2\/posts\/9379","targetHints":{"allow":["GET"]}}],"collection":[{"href":"https:\/\/sintramem-sv.org.br\/sintramem\/wp-json\/wp\/v2\/posts"}],"about":[{"href":"https:\/\/sintramem-sv.org.br\/sintramem\/wp-json\/wp\/v2\/types\/post"}],"author":[{"embeddable":true,"href":"https:\/\/sintramem-sv.org.br\/sintramem\/wp-json\/wp\/v2\/users\/1"}],"replies":[{"embeddable":true,"href":"https:\/\/sintramem-sv.org.br\/sintramem\/wp-json\/wp\/v2\/comments?post=9379"}],"version-history":[{"count":11,"href":"https:\/\/sintramem-sv.org.br\/sintramem\/wp-json\/wp\/v2\/posts\/9379\/revisions"}],"predecessor-version":[{"id":9400,"href":"https:\/\/sintramem-sv.org.br\/sintramem\/wp-json\/wp\/v2\/posts\/9379\/revisions\/9400"}],"wp:featuredmedia":[{"embeddable":true,"href":"https:\/\/sintramem-sv.org.br\/sintramem\/wp-json\/wp\/v2\/media\/9395"}],"wp:attachment":[{"href":"https:\/\/sintramem-sv.org.br\/sintramem\/wp-json\/wp\/v2\/media?parent=9379"}],"wp:term":[{"taxonomy":"category","embeddable":true,"href":"https:\/\/sintramem-sv.org.br\/sintramem\/wp-json\/wp\/v2\/categories?post=9379"},{"taxonomy":"post_tag","embeddable":true,"href":"https:\/\/sintramem-sv.org.br\/sintramem\/wp-json\/wp\/v2\/tags?post=9379"}],"curies":[{"name":"wp","href":"https:\/\/api.w.org\/{rel}","templated":true}]}}