{"id":9349,"date":"2026-01-28T15:21:02","date_gmt":"2026-01-28T15:21:02","guid":{"rendered":"https:\/\/sintramem-sv.org.br\/sintramem\/?p=9349"},"modified":"2026-01-28T16:08:38","modified_gmt":"2026-01-28T16:08:38","slug":"sintramem-fortalece-defesa-da-categoria-com-ampliacao-do-corpo-juridico","status":"publish","type":"post","link":"https:\/\/sintramem-sv.org.br\/sintramem\/sintramem-fortalece-defesa-da-categoria-com-ampliacao-do-corpo-juridico\/","title":{"rendered":"SINTRAMEM fortalece defesa da categoria com amplia\u00e7\u00e3o do corpo jur\u00eddico"},"content":{"rendered":"<p><span style=\"font-size: 14pt;\">O <span style=\"color: #ff0000;\"><strong>SINTRAMEM<\/strong><\/span> d\u00e1 um passo decisivo no refor\u00e7o \u00e0 assist\u00eancia e na defesa dos direitos dos Servidores da Educa\u00e7\u00e3o de S\u00e3o Vicente. Anunciamos, com grande satisfa\u00e7\u00e3o, a chegada do <strong>Dr. Welington Ladislau Junior<\/strong> (OAB\/SP 376.313) ao nosso quadro de assessoria jur\u00eddica. A contrata\u00e7\u00e3o qualificada visa ampliar a capacidade de atua\u00e7\u00e3o do Sindicato, oferecer um suporte mais \u00e1gil e robusto aos associados e intensifica o combate judicial em todas as frentes necess\u00e1rias para a categoria. Trata-se de um investimento direto em expertise e presen\u00e7a, confirmando o compromisso da entidade com a busca incessante pelos direitos conquistados.<\/span><\/p>\n<p><span style=\"font-size: 14pt;\">A partir de agora, <span style=\"background-color: #ffff00;\"><strong>os associados contar\u00e3o com atendimento jur\u00eddico presencial e especializado todas as ter\u00e7as e quintas, das 15 \u00e0s 19 horas,<\/strong><\/span> na sede do Sindicato. O Dr. Welington estar\u00e1 \u00e0 disposi\u00e7\u00e3o para consultas, an\u00e1lise de situa\u00e7\u00f5es individuais e esclarecimento completo sobre a tramita\u00e7\u00e3o de demandas judiciais. <span style=\"text-decoration: underline;\"><strong>O foco inicial ser\u00e1 o amplo leito de a\u00e7\u00f5es relacionadas aos adicionais de p\u00f3s-gradua\u00e7\u00e3o<\/strong><\/span>, incluindo acompanhamento de processos em primeira e segunda inst\u00e2ncia, pedidos de cumprimento de senten\u00e7a para quem j\u00e1 obteve ganho de causa e medidas para casos onde os pagamentos foram interrompidos. O objetivo \u00e9 garantir que cada direito seja efetivamente liquidado.<\/span><\/p>\n<p><span style=\"font-size: 14pt;\">Para utilizar o servi\u00e7o,\u00a0<strong>\u00e9 necess\u00e1rio agendar previamente<\/strong>. O agendamento pode ser realizado de forma pr\u00e1tica, por meio de telefone (13) 3467.1375 ou, preferencialmente, via\u00a0<a href=\"https:\/\/api.whatsapp.com\/send\/?phone=551334671375\" target=\"_blank\" rel=\"noopener\"><strong>WhatsApp (13) 3467.1375<\/strong><\/a>. Esse canal facilitar\u00e1 o direcionamento adequado de cada demanda, seja para esclarecer quest\u00f5es trabalhistas, acompanhar processos administrativos ou obter orienta\u00e7\u00f5es sobre medidas legais. A marca\u00e7\u00e3o antecipada otimiza o tempo de todos e garante que cada s\u00f3cio receba a aten\u00e7\u00e3o detalhada que merece.<\/span><\/p>\n<p><span style=\"font-size: 18pt;\"><strong>&#x23ef;&#xfe0f; ASSISTA AO V\u00cdDEO<\/strong><\/span><\/p>\n<p><iframe loading=\"lazy\" title=\"YouTube video player\" src=\"https:\/\/www.youtube.com\/embed\/ktPkS3pEjWg?si=tnMrxOMEQZZ-1Na0&amp;controls=0\" width=\"560\" height=\"315\" frameborder=\"0\" allowfullscreen=\"allowfullscreen\"><\/iframe><\/p>\n","protected":false},"excerpt":{"rendered":"<p>O SINTRAMEM d\u00e1 um passo decisivo no refor\u00e7o \u00e0 assist\u00eancia e na defesa dos direitos dos Servidores da Educa\u00e7\u00e3o de S\u00e3o Vicente. Anunciamos, com grande satisfa\u00e7\u00e3o, a chegada do Dr. Welington Ladislau Junior (OAB\/SP 376.313) ao nosso quadro de assessoria jur\u00eddica. A contrata\u00e7\u00e3o qualificada visa ampliar a capacidade de atua\u00e7\u00e3o do Sindicato, oferecer um suporte&hellip;<\/p>\n","protected":false},"author":1,"featured_media":9351,"comment_status":"open","ping_status":"closed","sticky":false,"template":"","format":"standard","meta":{"_monsterinsights_skip_tracking":false,"_monsterinsights_sitenote_active":false,"_monsterinsights_sitenote_note":"","_monsterinsights_sitenote_category":0,"footnotes":""},"categories":[19],"tags":[],"class_list":["post-9349","post","type-post","status-publish","format-standard","has-post-thumbnail","hentry","category-sintramem"],"yoast_head":"<!-- This site is optimized with the Yoast SEO plugin v27.0 - https:\/\/yoast.com\/product\/yoast-seo-wordpress\/ -->\n<title>SINTRAMEM fortalece defesa da categoria com amplia\u00e7\u00e3o do corpo jur\u00eddico - SINTRAMEM<\/title>\n<meta name=\"robots\" content=\"index, follow, max-snippet:-1, max-image-preview:large, max-video-preview:-1\" \/>\n<link rel=\"canonical\" href=\"https:\/\/sintramem-sv.org.br\/sintramem\/sintramem-fortalece-defesa-da-categoria-com-ampliacao-do-corpo-juridico\/\" \/>\n<meta property=\"og:locale\" content=\"pt_BR\" \/>\n<meta property=\"og:type\" content=\"article\" \/>\n<meta property=\"og:title\" content=\"SINTRAMEM fortalece defesa da categoria com amplia\u00e7\u00e3o do corpo jur\u00eddico - SINTRAMEM\" \/>\n<meta property=\"og:description\" content=\"O SINTRAMEM d\u00e1 um passo decisivo no refor\u00e7o \u00e0 assist\u00eancia e na defesa dos direitos dos Servidores da Educa\u00e7\u00e3o de S\u00e3o Vicente. Anunciamos, com grande satisfa\u00e7\u00e3o, a chegada do Dr. Welington Ladislau Junior (OAB\/SP 376.313) ao nosso quadro de assessoria jur\u00eddica. A contrata\u00e7\u00e3o qualificada visa ampliar a capacidade de atua\u00e7\u00e3o do Sindicato, oferecer um suporte&hellip;\" \/>\n<meta property=\"og:url\" content=\"https:\/\/sintramem-sv.org.br\/sintramem\/sintramem-fortalece-defesa-da-categoria-com-ampliacao-do-corpo-juridico\/\" \/>\n<meta property=\"og:site_name\" content=\"SINTRAMEM\" \/>\n<meta property=\"article:published_time\" content=\"2026-01-28T15:21:02+00:00\" \/>\n<meta property=\"article:modified_time\" content=\"2026-01-28T16:08:38+00:00\" \/>\n<meta property=\"og:image\" content=\"https:\/\/sintramem-sv.org.br\/sintramem\/wp-content\/uploads\/2026\/01\/menor-6.png\" \/>\n\t<meta property=\"og:image:width\" content=\"500\" \/>\n\t<meta property=\"og:image:height\" content=\"278\" \/>\n\t<meta property=\"og:image:type\" content=\"image\/png\" \/>\n<meta name=\"author\" content=\"sintramem\" \/>\n<meta name=\"twitter:card\" content=\"summary_large_image\" \/>\n<meta name=\"twitter:label1\" content=\"Escrito por\" \/>\n\t<meta name=\"twitter:data1\" content=\"sintramem\" \/>\n\t<meta name=\"twitter:label2\" content=\"Est. tempo de leitura\" \/>\n\t<meta name=\"twitter:data2\" content=\"2 minutos\" \/>\n<script type=\"application\/ld+json\" class=\"yoast-schema-graph\">{\"@context\":\"https:\/\/schema.org\",\"@graph\":[{\"@type\":\"Article\",\"@id\":\"https:\/\/sintramem-sv.org.br\/sintramem\/sintramem-fortalece-defesa-da-categoria-com-ampliacao-do-corpo-juridico\/#article\",\"isPartOf\":{\"@id\":\"https:\/\/sintramem-sv.org.br\/sintramem\/sintramem-fortalece-defesa-da-categoria-com-ampliacao-do-corpo-juridico\/\"},\"author\":{\"name\":\"sintramem\",\"@id\":\"https:\/\/sintramem-sv.org.br\/sintramem\/#\/schema\/person\/a8decb8ea63607d1e01e046c95ddcf2b\"},\"headline\":\"SINTRAMEM fortalece defesa da categoria com amplia\u00e7\u00e3o do corpo jur\u00eddico\",\"datePublished\":\"2026-01-28T15:21:02+00:00\",\"dateModified\":\"2026-01-28T16:08:38+00:00\",\"mainEntityOfPage\":{\"@id\":\"https:\/\/sintramem-sv.org.br\/sintramem\/sintramem-fortalece-defesa-da-categoria-com-ampliacao-do-corpo-juridico\/\"},\"wordCount\":307,\"commentCount\":0,\"publisher\":{\"@id\":\"https:\/\/sintramem-sv.org.br\/sintramem\/#organization\"},\"image\":{\"@id\":\"https:\/\/sintramem-sv.org.br\/sintramem\/sintramem-fortalece-defesa-da-categoria-com-ampliacao-do-corpo-juridico\/#primaryimage\"},\"thumbnailUrl\":\"https:\/\/sintramem-sv.org.br\/sintramem\/wp-content\/uploads\/2026\/01\/Destacada-Juridico-SINTRAMEM.png\",\"articleSection\":[\"Sintramem\"],\"inLanguage\":\"pt-BR\",\"potentialAction\":[{\"@type\":\"CommentAction\",\"name\":\"Comment\",\"target\":[\"https:\/\/sintramem-sv.org.br\/sintramem\/sintramem-fortalece-defesa-da-categoria-com-ampliacao-do-corpo-juridico\/#respond\"]}]},{\"@type\":\"WebPage\",\"@id\":\"https:\/\/sintramem-sv.org.br\/sintramem\/sintramem-fortalece-defesa-da-categoria-com-ampliacao-do-corpo-juridico\/\",\"url\":\"https:\/\/sintramem-sv.org.br\/sintramem\/sintramem-fortalece-defesa-da-categoria-com-ampliacao-do-corpo-juridico\/\",\"name\":\"SINTRAMEM fortalece defesa da categoria com amplia\u00e7\u00e3o do corpo jur\u00eddico - SINTRAMEM\",\"isPartOf\":{\"@id\":\"https:\/\/sintramem-sv.org.br\/sintramem\/#website\"},\"primaryImageOfPage\":{\"@id\":\"https:\/\/sintramem-sv.org.br\/sintramem\/sintramem-fortalece-defesa-da-categoria-com-ampliacao-do-corpo-juridico\/#primaryimage\"},\"image\":{\"@id\":\"https:\/\/sintramem-sv.org.br\/sintramem\/sintramem-fortalece-defesa-da-categoria-com-ampliacao-do-corpo-juridico\/#primaryimage\"},\"thumbnailUrl\":\"https:\/\/sintramem-sv.org.br\/sintramem\/wp-content\/uploads\/2026\/01\/Destacada-Juridico-SINTRAMEM.png\",\"datePublished\":\"2026-01-28T15:21:02+00:00\",\"dateModified\":\"2026-01-28T16:08:38+00:00\",\"breadcrumb\":{\"@id\":\"https:\/\/sintramem-sv.org.br\/sintramem\/sintramem-fortalece-defesa-da-categoria-com-ampliacao-do-corpo-juridico\/#breadcrumb\"},\"inLanguage\":\"pt-BR\",\"potentialAction\":[{\"@type\":\"ReadAction\",\"target\":[\"https:\/\/sintramem-sv.org.br\/sintramem\/sintramem-fortalece-defesa-da-categoria-com-ampliacao-do-corpo-juridico\/\"]}]},{\"@type\":\"ImageObject\",\"inLanguage\":\"pt-BR\",\"@id\":\"https:\/\/sintramem-sv.org.br\/sintramem\/sintramem-fortalece-defesa-da-categoria-com-ampliacao-do-corpo-juridico\/#primaryimage\",\"url\":\"https:\/\/sintramem-sv.org.br\/sintramem\/wp-content\/uploads\/2026\/01\/Destacada-Juridico-SINTRAMEM.png\",\"contentUrl\":\"https:\/\/sintramem-sv.org.br\/sintramem\/wp-content\/uploads\/2026\/01\/Destacada-Juridico-SINTRAMEM.png\",\"width\":1294,\"height\":720},{\"@type\":\"BreadcrumbList\",\"@id\":\"https:\/\/sintramem-sv.org.br\/sintramem\/sintramem-fortalece-defesa-da-categoria-com-ampliacao-do-corpo-juridico\/#breadcrumb\",\"itemListElement\":[{\"@type\":\"ListItem\",\"position\":1,\"name\":\"In\u00edcio\",\"item\":\"https:\/\/sintramem-sv.org.br\/sintramem\/\"},{\"@type\":\"ListItem\",\"position\":2,\"name\":\"SINTRAMEM fortalece defesa da categoria com amplia\u00e7\u00e3o do corpo jur\u00eddico\"}]},{\"@type\":\"WebSite\",\"@id\":\"https:\/\/sintramem-sv.org.br\/sintramem\/#website\",\"url\":\"https:\/\/sintramem-sv.org.br\/sintramem\/\",\"name\":\"SINTRAMEM\",\"description\":\"Sindicato dos Trabalhadores no Magist\u00e9rio e na Educa\u00e7\u00e3o de S\u00e3o Vicente\",\"publisher\":{\"@id\":\"https:\/\/sintramem-sv.org.br\/sintramem\/#organization\"},\"potentialAction\":[{\"@type\":\"SearchAction\",\"target\":{\"@type\":\"EntryPoint\",\"urlTemplate\":\"https:\/\/sintramem-sv.org.br\/sintramem\/?s={search_term_string}\"},\"query-input\":{\"@type\":\"PropertyValueSpecification\",\"valueRequired\":true,\"valueName\":\"search_term_string\"}}],\"inLanguage\":\"pt-BR\"},{\"@type\":\"Organization\",\"@id\":\"https:\/\/sintramem-sv.org.br\/sintramem\/#organization\",\"name\":\"SINTRAMEM\",\"url\":\"https:\/\/sintramem-sv.org.br\/sintramem\/\",\"logo\":{\"@type\":\"ImageObject\",\"inLanguage\":\"pt-BR\",\"@id\":\"https:\/\/sintramem-sv.org.br\/sintramem\/#\/schema\/logo\/image\/\",\"url\":\"https:\/\/sintramem-sv.org.br\/sintramem\/wp-content\/uploads\/2017\/02\/SINTRAMEM-LOGO-OFICIAL-300x100-jpg.jpg\",\"contentUrl\":\"https:\/\/sintramem-sv.org.br\/sintramem\/wp-content\/uploads\/2017\/02\/SINTRAMEM-LOGO-OFICIAL-300x100-jpg.jpg\",\"width\":150,\"height\":150,\"caption\":\"SINTRAMEM\"},\"image\":{\"@id\":\"https:\/\/sintramem-sv.org.br\/sintramem\/#\/schema\/logo\/image\/\"}},{\"@type\":\"Person\",\"@id\":\"https:\/\/sintramem-sv.org.br\/sintramem\/#\/schema\/person\/a8decb8ea63607d1e01e046c95ddcf2b\",\"name\":\"sintramem\",\"image\":{\"@type\":\"ImageObject\",\"inLanguage\":\"pt-BR\",\"@id\":\"https:\/\/sintramem-sv.org.br\/sintramem\/#\/schema\/person\/image\/\",\"url\":\"https:\/\/secure.gravatar.com\/avatar\/8e06da3b0d4f051010117c848b52b9280a4228043717057ccccccc8b20ff8f48?s=96&d=mm&r=g\",\"contentUrl\":\"https:\/\/secure.gravatar.com\/avatar\/8e06da3b0d4f051010117c848b52b9280a4228043717057ccccccc8b20ff8f48?s=96&d=mm&r=g\",\"caption\":\"sintramem\"},\"description\":\"Sindicato dos Trabalhadores no Magist\u00e9rio e na Educa\u00e7\u00e3o Municipal de S\u00e3o Vicente\",\"url\":\"https:\/\/sintramem-sv.org.br\/sintramem\/author\/sindsv\/\"}]}<\/script>\n<!-- \/ Yoast SEO plugin. -->","yoast_head_json":{"title":"SINTRAMEM fortalece defesa da categoria com amplia\u00e7\u00e3o do corpo jur\u00eddico - SINTRAMEM","robots":{"index":"index","follow":"follow","max-snippet":"max-snippet:-1","max-image-preview":"max-image-preview:large","max-video-preview":"max-video-preview:-1"},"canonical":"https:\/\/sintramem-sv.org.br\/sintramem\/sintramem-fortalece-defesa-da-categoria-com-ampliacao-do-corpo-juridico\/","og_locale":"pt_BR","og_type":"article","og_title":"SINTRAMEM fortalece defesa da categoria com amplia\u00e7\u00e3o do corpo jur\u00eddico - SINTRAMEM","og_description":"O SINTRAMEM d\u00e1 um passo decisivo no refor\u00e7o \u00e0 assist\u00eancia e na defesa dos direitos dos Servidores da Educa\u00e7\u00e3o de S\u00e3o Vicente. Anunciamos, com grande satisfa\u00e7\u00e3o, a chegada do Dr. Welington Ladislau Junior (OAB\/SP 376.313) ao nosso quadro de assessoria jur\u00eddica. A contrata\u00e7\u00e3o qualificada visa ampliar a capacidade de atua\u00e7\u00e3o do Sindicato, oferecer um suporte&hellip;","og_url":"https:\/\/sintramem-sv.org.br\/sintramem\/sintramem-fortalece-defesa-da-categoria-com-ampliacao-do-corpo-juridico\/","og_site_name":"SINTRAMEM","article_published_time":"2026-01-28T15:21:02+00:00","article_modified_time":"2026-01-28T16:08:38+00:00","og_image":[{"width":500,"height":278,"url":"https:\/\/sintramem-sv.org.br\/sintramem\/wp-content\/uploads\/2026\/01\/menor-6.png","type":"image\/png"}],"author":"sintramem","twitter_card":"summary_large_image","twitter_misc":{"Escrito por":"sintramem","Est. tempo de leitura":"2 minutos"},"schema":{"@context":"https:\/\/schema.org","@graph":[{"@type":"Article","@id":"https:\/\/sintramem-sv.org.br\/sintramem\/sintramem-fortalece-defesa-da-categoria-com-ampliacao-do-corpo-juridico\/#article","isPartOf":{"@id":"https:\/\/sintramem-sv.org.br\/sintramem\/sintramem-fortalece-defesa-da-categoria-com-ampliacao-do-corpo-juridico\/"},"author":{"name":"sintramem","@id":"https:\/\/sintramem-sv.org.br\/sintramem\/#\/schema\/person\/a8decb8ea63607d1e01e046c95ddcf2b"},"headline":"SINTRAMEM fortalece defesa da categoria com amplia\u00e7\u00e3o do corpo jur\u00eddico","datePublished":"2026-01-28T15:21:02+00:00","dateModified":"2026-01-28T16:08:38+00:00","mainEntityOfPage":{"@id":"https:\/\/sintramem-sv.org.br\/sintramem\/sintramem-fortalece-defesa-da-categoria-com-ampliacao-do-corpo-juridico\/"},"wordCount":307,"commentCount":0,"publisher":{"@id":"https:\/\/sintramem-sv.org.br\/sintramem\/#organization"},"image":{"@id":"https:\/\/sintramem-sv.org.br\/sintramem\/sintramem-fortalece-defesa-da-categoria-com-ampliacao-do-corpo-juridico\/#primaryimage"},"thumbnailUrl":"https:\/\/sintramem-sv.org.br\/sintramem\/wp-content\/uploads\/2026\/01\/Destacada-Juridico-SINTRAMEM.png","articleSection":["Sintramem"],"inLanguage":"pt-BR","potentialAction":[{"@type":"CommentAction","name":"Comment","target":["https:\/\/sintramem-sv.org.br\/sintramem\/sintramem-fortalece-defesa-da-categoria-com-ampliacao-do-corpo-juridico\/#respond"]}]},{"@type":"WebPage","@id":"https:\/\/sintramem-sv.org.br\/sintramem\/sintramem-fortalece-defesa-da-categoria-com-ampliacao-do-corpo-juridico\/","url":"https:\/\/sintramem-sv.org.br\/sintramem\/sintramem-fortalece-defesa-da-categoria-com-ampliacao-do-corpo-juridico\/","name":"SINTRAMEM fortalece defesa da categoria com amplia\u00e7\u00e3o do corpo jur\u00eddico - SINTRAMEM","isPartOf":{"@id":"https:\/\/sintramem-sv.org.br\/sintramem\/#website"},"primaryImageOfPage":{"@id":"https:\/\/sintramem-sv.org.br\/sintramem\/sintramem-fortalece-defesa-da-categoria-com-ampliacao-do-corpo-juridico\/#primaryimage"},"image":{"@id":"https:\/\/sintramem-sv.org.br\/sintramem\/sintramem-fortalece-defesa-da-categoria-com-ampliacao-do-corpo-juridico\/#primaryimage"},"thumbnailUrl":"https:\/\/sintramem-sv.org.br\/sintramem\/wp-content\/uploads\/2026\/01\/Destacada-Juridico-SINTRAMEM.png","datePublished":"2026-01-28T15:21:02+00:00","dateModified":"2026-01-28T16:08:38+00:00","breadcrumb":{"@id":"https:\/\/sintramem-sv.org.br\/sintramem\/sintramem-fortalece-defesa-da-categoria-com-ampliacao-do-corpo-juridico\/#breadcrumb"},"inLanguage":"pt-BR","potentialAction":[{"@type":"ReadAction","target":["https:\/\/sintramem-sv.org.br\/sintramem\/sintramem-fortalece-defesa-da-categoria-com-ampliacao-do-corpo-juridico\/"]}]},{"@type":"ImageObject","inLanguage":"pt-BR","@id":"https:\/\/sintramem-sv.org.br\/sintramem\/sintramem-fortalece-defesa-da-categoria-com-ampliacao-do-corpo-juridico\/#primaryimage","url":"https:\/\/sintramem-sv.org.br\/sintramem\/wp-content\/uploads\/2026\/01\/Destacada-Juridico-SINTRAMEM.png","contentUrl":"https:\/\/sintramem-sv.org.br\/sintramem\/wp-content\/uploads\/2026\/01\/Destacada-Juridico-SINTRAMEM.png","width":1294,"height":720},{"@type":"BreadcrumbList","@id":"https:\/\/sintramem-sv.org.br\/sintramem\/sintramem-fortalece-defesa-da-categoria-com-ampliacao-do-corpo-juridico\/#breadcrumb","itemListElement":[{"@type":"ListItem","position":1,"name":"In\u00edcio","item":"https:\/\/sintramem-sv.org.br\/sintramem\/"},{"@type":"ListItem","position":2,"name":"SINTRAMEM fortalece defesa da categoria com amplia\u00e7\u00e3o do corpo jur\u00eddico"}]},{"@type":"WebSite","@id":"https:\/\/sintramem-sv.org.br\/sintramem\/#website","url":"https:\/\/sintramem-sv.org.br\/sintramem\/","name":"SINTRAMEM","description":"Sindicato dos Trabalhadores no Magist\u00e9rio e na Educa\u00e7\u00e3o de S\u00e3o Vicente","publisher":{"@id":"https:\/\/sintramem-sv.org.br\/sintramem\/#organization"},"potentialAction":[{"@type":"SearchAction","target":{"@type":"EntryPoint","urlTemplate":"https:\/\/sintramem-sv.org.br\/sintramem\/?s={search_term_string}"},"query-input":{"@type":"PropertyValueSpecification","valueRequired":true,"valueName":"search_term_string"}}],"inLanguage":"pt-BR"},{"@type":"Organization","@id":"https:\/\/sintramem-sv.org.br\/sintramem\/#organization","name":"SINTRAMEM","url":"https:\/\/sintramem-sv.org.br\/sintramem\/","logo":{"@type":"ImageObject","inLanguage":"pt-BR","@id":"https:\/\/sintramem-sv.org.br\/sintramem\/#\/schema\/logo\/image\/","url":"https:\/\/sintramem-sv.org.br\/sintramem\/wp-content\/uploads\/2017\/02\/SINTRAMEM-LOGO-OFICIAL-300x100-jpg.jpg","contentUrl":"https:\/\/sintramem-sv.org.br\/sintramem\/wp-content\/uploads\/2017\/02\/SINTRAMEM-LOGO-OFICIAL-300x100-jpg.jpg","width":150,"height":150,"caption":"SINTRAMEM"},"image":{"@id":"https:\/\/sintramem-sv.org.br\/sintramem\/#\/schema\/logo\/image\/"}},{"@type":"Person","@id":"https:\/\/sintramem-sv.org.br\/sintramem\/#\/schema\/person\/a8decb8ea63607d1e01e046c95ddcf2b","name":"sintramem","image":{"@type":"ImageObject","inLanguage":"pt-BR","@id":"https:\/\/sintramem-sv.org.br\/sintramem\/#\/schema\/person\/image\/","url":"https:\/\/secure.gravatar.com\/avatar\/8e06da3b0d4f051010117c848b52b9280a4228043717057ccccccc8b20ff8f48?s=96&d=mm&r=g","contentUrl":"https:\/\/secure.gravatar.com\/avatar\/8e06da3b0d4f051010117c848b52b9280a4228043717057ccccccc8b20ff8f48?s=96&d=mm&r=g","caption":"sintramem"},"description":"Sindicato dos Trabalhadores no Magist\u00e9rio e na Educa\u00e7\u00e3o Municipal de S\u00e3o Vicente","url":"https:\/\/sintramem-sv.org.br\/sintramem\/author\/sindsv\/"}]}},"_links":{"self":[{"href":"https:\/\/sintramem-sv.org.br\/sintramem\/wp-json\/wp\/v2\/posts\/9349","targetHints":{"allow":["GET"]}}],"collection":[{"href":"https:\/\/sintramem-sv.org.br\/sintramem\/wp-json\/wp\/v2\/posts"}],"about":[{"href":"https:\/\/sintramem-sv.org.br\/sintramem\/wp-json\/wp\/v2\/types\/post"}],"author":[{"embeddable":true,"href":"https:\/\/sintramem-sv.org.br\/sintramem\/wp-json\/wp\/v2\/users\/1"}],"replies":[{"embeddable":true,"href":"https:\/\/sintramem-sv.org.br\/sintramem\/wp-json\/wp\/v2\/comments?post=9349"}],"version-history":[{"count":3,"href":"https:\/\/sintramem-sv.org.br\/sintramem\/wp-json\/wp\/v2\/posts\/9349\/revisions"}],"predecessor-version":[{"id":9354,"href":"https:\/\/sintramem-sv.org.br\/sintramem\/wp-json\/wp\/v2\/posts\/9349\/revisions\/9354"}],"wp:featuredmedia":[{"embeddable":true,"href":"https:\/\/sintramem-sv.org.br\/sintramem\/wp-json\/wp\/v2\/media\/9351"}],"wp:attachment":[{"href":"https:\/\/sintramem-sv.org.br\/sintramem\/wp-json\/wp\/v2\/media?parent=9349"}],"wp:term":[{"taxonomy":"category","embeddable":true,"href":"https:\/\/sintramem-sv.org.br\/sintramem\/wp-json\/wp\/v2\/categories?post=9349"},{"taxonomy":"post_tag","embeddable":true,"href":"https:\/\/sintramem-sv.org.br\/sintramem\/wp-json\/wp\/v2\/tags?post=9349"}],"curies":[{"name":"wp","href":"https:\/\/api.w.org\/{rel}","templated":true}]}}