{"id":9339,"date":"2026-01-26T19:15:06","date_gmt":"2026-01-26T19:15:06","guid":{"rendered":"https:\/\/sintramem-sv.org.br\/sintramem\/?p=9339"},"modified":"2026-01-26T21:08:09","modified_gmt":"2026-01-26T21:08:09","slug":"plantao-juridico-do-sintramem","status":"publish","type":"post","link":"https:\/\/sintramem-sv.org.br\/sintramem\/plantao-juridico-do-sintramem\/","title":{"rendered":"Plant\u00e3o Jur\u00eddico do SINTRAMEM | Ampliamos atendimento para todas as ter\u00e7as e quintas, das 15 \u00e0s 19 horas"},"content":{"rendered":"<p><span style=\"font-size: 14pt;\">A partir do dia 3 de fevereiro, o <span style=\"color: #ff0000;\"><strong>SINTRAMEM<\/strong><\/span> amplia um servi\u00e7o exclusivo para fortalecer ainda mais a prote\u00e7\u00e3o e o suporte aos profissionais da educa\u00e7\u00e3o municipal. O nosso plant\u00e3o jur\u00eddico presencial funcionar\u00e1 em hor\u00e1rios estendidos na sede do Sindicato. Todas as ter\u00e7as e quintas, entre 15 e 19 horas, nossos associados ter\u00e3o acesso direto e dedicado \u00e0 equipe de assessoria legal. A iniciativa visa oferecer um atendimento \u00e1gil e personalizado, assegurando que os direitos da categoria sejam resguardados com a m\u00e1xima efici\u00eancia e proximidade.<\/span><\/p>\n<p><span style=\"font-size: 14pt;\">Para utilizar o servi\u00e7o, <span style=\"background-color: #ffff00;\"><strong>\u00e9 necess\u00e1rio agendar previamente<\/strong><\/span>. O agendamento pode ser realizado de forma pr\u00e1tica, por meio de telefone (13) 3467.1375 ou, preferencialmente, via <a href=\"https:\/\/api.whatsapp.com\/send\/?phone=551334671375\" target=\"_blank\" rel=\"noopener\"><strong>WhatsApp (13) 3467.1375<\/strong><\/a>. Esse canal facilitar\u00e1 o direcionamento adequado de cada demanda, seja para esclarecer quest\u00f5es trabalhistas, acompanhar processos administrativos ou obter orienta\u00e7\u00f5es sobre medidas legais. A marca\u00e7\u00e3o antecipada otimiza o tempo de todos e garante que cada s\u00f3cio receba a aten\u00e7\u00e3o detalhada que merece.<\/span><\/p>\n<p><span style=\"font-size: 14pt;\">Um hor\u00e1rio estendido, pensado especialmente para incluir quem atua nos turnos da manh\u00e3 e da tarde. Sempre que necess\u00e1rio, recorra ao seu Sindicato e aproveite esse novo canal de comunica\u00e7\u00e3o direta com o setor jur\u00eddico. A luta por direitos conquistados e a defesa di\u00e1ria da categoria seguem, agora, com mais uma ferramenta concreta a seu favor.<\/span><\/p>\n<p><img loading=\"lazy\" decoding=\"async\" class=\"aligncenter size-full wp-image-9347\" src=\"https:\/\/sintramem-sv.org.br\/sintramem\/wp-content\/uploads\/2026\/01\/Card-Atendimento-Juridico-SINTRAMEM-1.png\" alt=\"\" width=\"1080\" height=\"1350\" srcset=\"https:\/\/sintramem-sv.org.br\/sintramem\/wp-content\/uploads\/2026\/01\/Card-Atendimento-Juridico-SINTRAMEM-1.png 1080w, https:\/\/sintramem-sv.org.br\/sintramem\/wp-content\/uploads\/2026\/01\/Card-Atendimento-Juridico-SINTRAMEM-1-240x300.png 240w, https:\/\/sintramem-sv.org.br\/sintramem\/wp-content\/uploads\/2026\/01\/Card-Atendimento-Juridico-SINTRAMEM-1-819x1024.png 819w, https:\/\/sintramem-sv.org.br\/sintramem\/wp-content\/uploads\/2026\/01\/Card-Atendimento-Juridico-SINTRAMEM-1-768x960.png 768w\" sizes=\"auto, (max-width: 1080px) 100vw, 1080px\" \/><\/p>\n","protected":false},"excerpt":{"rendered":"<p>A partir do dia 3 de fevereiro, o SINTRAMEM amplia um servi\u00e7o exclusivo para fortalecer ainda mais a prote\u00e7\u00e3o e o suporte aos profissionais da educa\u00e7\u00e3o municipal. O nosso plant\u00e3o jur\u00eddico presencial funcionar\u00e1 em hor\u00e1rios estendidos na sede do Sindicato. Todas as ter\u00e7as e quintas, entre 15 e 19 horas, nossos associados ter\u00e3o acesso direto&hellip;<\/p>\n","protected":false},"author":1,"featured_media":9343,"comment_status":"open","ping_status":"closed","sticky":false,"template":"","format":"standard","meta":{"_monsterinsights_skip_tracking":false,"_monsterinsights_sitenote_active":false,"_monsterinsights_sitenote_note":"","_monsterinsights_sitenote_category":0,"footnotes":""},"categories":[19],"tags":[],"class_list":["post-9339","post","type-post","status-publish","format-standard","has-post-thumbnail","hentry","category-sintramem"],"yoast_head":"<!-- This site is optimized with the Yoast SEO plugin v27.0 - https:\/\/yoast.com\/product\/yoast-seo-wordpress\/ -->\n<title>Plant\u00e3o Jur\u00eddico do SINTRAMEM | Ampliamos atendimento para todas as ter\u00e7as e quintas, das 15 \u00e0s 19 horas - SINTRAMEM<\/title>\n<meta name=\"robots\" content=\"index, follow, max-snippet:-1, max-image-preview:large, max-video-preview:-1\" \/>\n<link rel=\"canonical\" href=\"https:\/\/sintramem-sv.org.br\/sintramem\/plantao-juridico-do-sintramem\/\" \/>\n<meta property=\"og:locale\" content=\"pt_BR\" \/>\n<meta property=\"og:type\" content=\"article\" \/>\n<meta property=\"og:title\" content=\"Plant\u00e3o Jur\u00eddico do SINTRAMEM | Ampliamos atendimento para todas as ter\u00e7as e quintas, das 15 \u00e0s 19 horas - SINTRAMEM\" \/>\n<meta property=\"og:description\" content=\"A partir do dia 3 de fevereiro, o SINTRAMEM amplia um servi\u00e7o exclusivo para fortalecer ainda mais a prote\u00e7\u00e3o e o suporte aos profissionais da educa\u00e7\u00e3o municipal. O nosso plant\u00e3o jur\u00eddico presencial funcionar\u00e1 em hor\u00e1rios estendidos na sede do Sindicato. Todas as ter\u00e7as e quintas, entre 15 e 19 horas, nossos associados ter\u00e3o acesso direto&hellip;\" \/>\n<meta property=\"og:url\" content=\"https:\/\/sintramem-sv.org.br\/sintramem\/plantao-juridico-do-sintramem\/\" \/>\n<meta property=\"og:site_name\" content=\"SINTRAMEM\" \/>\n<meta property=\"article:published_time\" content=\"2026-01-26T19:15:06+00:00\" \/>\n<meta property=\"article:modified_time\" content=\"2026-01-26T21:08:09+00:00\" \/>\n<meta property=\"og:image\" content=\"https:\/\/sintramem-sv.org.br\/sintramem\/wp-content\/uploads\/2026\/01\/menor-5.png\" \/>\n\t<meta property=\"og:image:width\" content=\"500\" \/>\n\t<meta property=\"og:image:height\" content=\"278\" \/>\n\t<meta property=\"og:image:type\" content=\"image\/png\" \/>\n<meta name=\"author\" content=\"sintramem\" \/>\n<meta name=\"twitter:card\" content=\"summary_large_image\" \/>\n<meta name=\"twitter:label1\" content=\"Escrito por\" \/>\n\t<meta name=\"twitter:data1\" content=\"sintramem\" \/>\n\t<meta name=\"twitter:label2\" content=\"Est. tempo de leitura\" \/>\n\t<meta name=\"twitter:data2\" content=\"2 minutos\" \/>\n<script type=\"application\/ld+json\" class=\"yoast-schema-graph\">{\"@context\":\"https:\/\/schema.org\",\"@graph\":[{\"@type\":\"Article\",\"@id\":\"https:\/\/sintramem-sv.org.br\/sintramem\/plantao-juridico-do-sintramem\/#article\",\"isPartOf\":{\"@id\":\"https:\/\/sintramem-sv.org.br\/sintramem\/plantao-juridico-do-sintramem\/\"},\"author\":{\"name\":\"sintramem\",\"@id\":\"https:\/\/sintramem-sv.org.br\/sintramem\/#\/schema\/person\/a8decb8ea63607d1e01e046c95ddcf2b\"},\"headline\":\"Plant\u00e3o Jur\u00eddico do SINTRAMEM | Ampliamos atendimento para todas as ter\u00e7as e quintas, das 15 \u00e0s 19 horas\",\"datePublished\":\"2026-01-26T19:15:06+00:00\",\"dateModified\":\"2026-01-26T21:08:09+00:00\",\"mainEntityOfPage\":{\"@id\":\"https:\/\/sintramem-sv.org.br\/sintramem\/plantao-juridico-do-sintramem\/\"},\"wordCount\":243,\"commentCount\":0,\"publisher\":{\"@id\":\"https:\/\/sintramem-sv.org.br\/sintramem\/#organization\"},\"image\":{\"@id\":\"https:\/\/sintramem-sv.org.br\/sintramem\/plantao-juridico-do-sintramem\/#primaryimage\"},\"thumbnailUrl\":\"https:\/\/sintramem-sv.org.br\/sintramem\/wp-content\/uploads\/2026\/01\/Destacada-Atendimento-Juridico-SINTRAMEM.png\",\"articleSection\":[\"Sintramem\"],\"inLanguage\":\"pt-BR\",\"potentialAction\":[{\"@type\":\"CommentAction\",\"name\":\"Comment\",\"target\":[\"https:\/\/sintramem-sv.org.br\/sintramem\/plantao-juridico-do-sintramem\/#respond\"]}]},{\"@type\":\"WebPage\",\"@id\":\"https:\/\/sintramem-sv.org.br\/sintramem\/plantao-juridico-do-sintramem\/\",\"url\":\"https:\/\/sintramem-sv.org.br\/sintramem\/plantao-juridico-do-sintramem\/\",\"name\":\"Plant\u00e3o Jur\u00eddico do SINTRAMEM | Ampliamos atendimento para todas as ter\u00e7as e quintas, das 15 \u00e0s 19 horas - SINTRAMEM\",\"isPartOf\":{\"@id\":\"https:\/\/sintramem-sv.org.br\/sintramem\/#website\"},\"primaryImageOfPage\":{\"@id\":\"https:\/\/sintramem-sv.org.br\/sintramem\/plantao-juridico-do-sintramem\/#primaryimage\"},\"image\":{\"@id\":\"https:\/\/sintramem-sv.org.br\/sintramem\/plantao-juridico-do-sintramem\/#primaryimage\"},\"thumbnailUrl\":\"https:\/\/sintramem-sv.org.br\/sintramem\/wp-content\/uploads\/2026\/01\/Destacada-Atendimento-Juridico-SINTRAMEM.png\",\"datePublished\":\"2026-01-26T19:15:06+00:00\",\"dateModified\":\"2026-01-26T21:08:09+00:00\",\"breadcrumb\":{\"@id\":\"https:\/\/sintramem-sv.org.br\/sintramem\/plantao-juridico-do-sintramem\/#breadcrumb\"},\"inLanguage\":\"pt-BR\",\"potentialAction\":[{\"@type\":\"ReadAction\",\"target\":[\"https:\/\/sintramem-sv.org.br\/sintramem\/plantao-juridico-do-sintramem\/\"]}]},{\"@type\":\"ImageObject\",\"inLanguage\":\"pt-BR\",\"@id\":\"https:\/\/sintramem-sv.org.br\/sintramem\/plantao-juridico-do-sintramem\/#primaryimage\",\"url\":\"https:\/\/sintramem-sv.org.br\/sintramem\/wp-content\/uploads\/2026\/01\/Destacada-Atendimento-Juridico-SINTRAMEM.png\",\"contentUrl\":\"https:\/\/sintramem-sv.org.br\/sintramem\/wp-content\/uploads\/2026\/01\/Destacada-Atendimento-Juridico-SINTRAMEM.png\",\"width\":1294,\"height\":720},{\"@type\":\"BreadcrumbList\",\"@id\":\"https:\/\/sintramem-sv.org.br\/sintramem\/plantao-juridico-do-sintramem\/#breadcrumb\",\"itemListElement\":[{\"@type\":\"ListItem\",\"position\":1,\"name\":\"In\u00edcio\",\"item\":\"https:\/\/sintramem-sv.org.br\/sintramem\/\"},{\"@type\":\"ListItem\",\"position\":2,\"name\":\"Plant\u00e3o Jur\u00eddico do SINTRAMEM | Ampliamos atendimento para todas as ter\u00e7as e quintas, das 15 \u00e0s 19 horas\"}]},{\"@type\":\"WebSite\",\"@id\":\"https:\/\/sintramem-sv.org.br\/sintramem\/#website\",\"url\":\"https:\/\/sintramem-sv.org.br\/sintramem\/\",\"name\":\"SINTRAMEM\",\"description\":\"Sindicato dos Trabalhadores no Magist\u00e9rio e na Educa\u00e7\u00e3o de S\u00e3o Vicente\",\"publisher\":{\"@id\":\"https:\/\/sintramem-sv.org.br\/sintramem\/#organization\"},\"potentialAction\":[{\"@type\":\"SearchAction\",\"target\":{\"@type\":\"EntryPoint\",\"urlTemplate\":\"https:\/\/sintramem-sv.org.br\/sintramem\/?s={search_term_string}\"},\"query-input\":{\"@type\":\"PropertyValueSpecification\",\"valueRequired\":true,\"valueName\":\"search_term_string\"}}],\"inLanguage\":\"pt-BR\"},{\"@type\":\"Organization\",\"@id\":\"https:\/\/sintramem-sv.org.br\/sintramem\/#organization\",\"name\":\"SINTRAMEM\",\"url\":\"https:\/\/sintramem-sv.org.br\/sintramem\/\",\"logo\":{\"@type\":\"ImageObject\",\"inLanguage\":\"pt-BR\",\"@id\":\"https:\/\/sintramem-sv.org.br\/sintramem\/#\/schema\/logo\/image\/\",\"url\":\"https:\/\/sintramem-sv.org.br\/sintramem\/wp-content\/uploads\/2017\/02\/SINTRAMEM-LOGO-OFICIAL-300x100-jpg.jpg\",\"contentUrl\":\"https:\/\/sintramem-sv.org.br\/sintramem\/wp-content\/uploads\/2017\/02\/SINTRAMEM-LOGO-OFICIAL-300x100-jpg.jpg\",\"width\":150,\"height\":150,\"caption\":\"SINTRAMEM\"},\"image\":{\"@id\":\"https:\/\/sintramem-sv.org.br\/sintramem\/#\/schema\/logo\/image\/\"}},{\"@type\":\"Person\",\"@id\":\"https:\/\/sintramem-sv.org.br\/sintramem\/#\/schema\/person\/a8decb8ea63607d1e01e046c95ddcf2b\",\"name\":\"sintramem\",\"image\":{\"@type\":\"ImageObject\",\"inLanguage\":\"pt-BR\",\"@id\":\"https:\/\/sintramem-sv.org.br\/sintramem\/#\/schema\/person\/image\/\",\"url\":\"https:\/\/secure.gravatar.com\/avatar\/8e06da3b0d4f051010117c848b52b9280a4228043717057ccccccc8b20ff8f48?s=96&d=mm&r=g\",\"contentUrl\":\"https:\/\/secure.gravatar.com\/avatar\/8e06da3b0d4f051010117c848b52b9280a4228043717057ccccccc8b20ff8f48?s=96&d=mm&r=g\",\"caption\":\"sintramem\"},\"description\":\"Sindicato dos Trabalhadores no Magist\u00e9rio e na Educa\u00e7\u00e3o Municipal de S\u00e3o Vicente\",\"url\":\"https:\/\/sintramem-sv.org.br\/sintramem\/author\/sindsv\/\"}]}<\/script>\n<!-- \/ Yoast SEO plugin. -->","yoast_head_json":{"title":"Plant\u00e3o Jur\u00eddico do SINTRAMEM | Ampliamos atendimento para todas as ter\u00e7as e quintas, das 15 \u00e0s 19 horas - SINTRAMEM","robots":{"index":"index","follow":"follow","max-snippet":"max-snippet:-1","max-image-preview":"max-image-preview:large","max-video-preview":"max-video-preview:-1"},"canonical":"https:\/\/sintramem-sv.org.br\/sintramem\/plantao-juridico-do-sintramem\/","og_locale":"pt_BR","og_type":"article","og_title":"Plant\u00e3o Jur\u00eddico do SINTRAMEM | Ampliamos atendimento para todas as ter\u00e7as e quintas, das 15 \u00e0s 19 horas - SINTRAMEM","og_description":"A partir do dia 3 de fevereiro, o SINTRAMEM amplia um servi\u00e7o exclusivo para fortalecer ainda mais a prote\u00e7\u00e3o e o suporte aos profissionais da educa\u00e7\u00e3o municipal. O nosso plant\u00e3o jur\u00eddico presencial funcionar\u00e1 em hor\u00e1rios estendidos na sede do Sindicato. Todas as ter\u00e7as e quintas, entre 15 e 19 horas, nossos associados ter\u00e3o acesso direto&hellip;","og_url":"https:\/\/sintramem-sv.org.br\/sintramem\/plantao-juridico-do-sintramem\/","og_site_name":"SINTRAMEM","article_published_time":"2026-01-26T19:15:06+00:00","article_modified_time":"2026-01-26T21:08:09+00:00","og_image":[{"width":500,"height":278,"url":"https:\/\/sintramem-sv.org.br\/sintramem\/wp-content\/uploads\/2026\/01\/menor-5.png","type":"image\/png"}],"author":"sintramem","twitter_card":"summary_large_image","twitter_misc":{"Escrito por":"sintramem","Est. tempo de leitura":"2 minutos"},"schema":{"@context":"https:\/\/schema.org","@graph":[{"@type":"Article","@id":"https:\/\/sintramem-sv.org.br\/sintramem\/plantao-juridico-do-sintramem\/#article","isPartOf":{"@id":"https:\/\/sintramem-sv.org.br\/sintramem\/plantao-juridico-do-sintramem\/"},"author":{"name":"sintramem","@id":"https:\/\/sintramem-sv.org.br\/sintramem\/#\/schema\/person\/a8decb8ea63607d1e01e046c95ddcf2b"},"headline":"Plant\u00e3o Jur\u00eddico do SINTRAMEM | Ampliamos atendimento para todas as ter\u00e7as e quintas, das 15 \u00e0s 19 horas","datePublished":"2026-01-26T19:15:06+00:00","dateModified":"2026-01-26T21:08:09+00:00","mainEntityOfPage":{"@id":"https:\/\/sintramem-sv.org.br\/sintramem\/plantao-juridico-do-sintramem\/"},"wordCount":243,"commentCount":0,"publisher":{"@id":"https:\/\/sintramem-sv.org.br\/sintramem\/#organization"},"image":{"@id":"https:\/\/sintramem-sv.org.br\/sintramem\/plantao-juridico-do-sintramem\/#primaryimage"},"thumbnailUrl":"https:\/\/sintramem-sv.org.br\/sintramem\/wp-content\/uploads\/2026\/01\/Destacada-Atendimento-Juridico-SINTRAMEM.png","articleSection":["Sintramem"],"inLanguage":"pt-BR","potentialAction":[{"@type":"CommentAction","name":"Comment","target":["https:\/\/sintramem-sv.org.br\/sintramem\/plantao-juridico-do-sintramem\/#respond"]}]},{"@type":"WebPage","@id":"https:\/\/sintramem-sv.org.br\/sintramem\/plantao-juridico-do-sintramem\/","url":"https:\/\/sintramem-sv.org.br\/sintramem\/plantao-juridico-do-sintramem\/","name":"Plant\u00e3o Jur\u00eddico do SINTRAMEM | Ampliamos atendimento para todas as ter\u00e7as e quintas, das 15 \u00e0s 19 horas - SINTRAMEM","isPartOf":{"@id":"https:\/\/sintramem-sv.org.br\/sintramem\/#website"},"primaryImageOfPage":{"@id":"https:\/\/sintramem-sv.org.br\/sintramem\/plantao-juridico-do-sintramem\/#primaryimage"},"image":{"@id":"https:\/\/sintramem-sv.org.br\/sintramem\/plantao-juridico-do-sintramem\/#primaryimage"},"thumbnailUrl":"https:\/\/sintramem-sv.org.br\/sintramem\/wp-content\/uploads\/2026\/01\/Destacada-Atendimento-Juridico-SINTRAMEM.png","datePublished":"2026-01-26T19:15:06+00:00","dateModified":"2026-01-26T21:08:09+00:00","breadcrumb":{"@id":"https:\/\/sintramem-sv.org.br\/sintramem\/plantao-juridico-do-sintramem\/#breadcrumb"},"inLanguage":"pt-BR","potentialAction":[{"@type":"ReadAction","target":["https:\/\/sintramem-sv.org.br\/sintramem\/plantao-juridico-do-sintramem\/"]}]},{"@type":"ImageObject","inLanguage":"pt-BR","@id":"https:\/\/sintramem-sv.org.br\/sintramem\/plantao-juridico-do-sintramem\/#primaryimage","url":"https:\/\/sintramem-sv.org.br\/sintramem\/wp-content\/uploads\/2026\/01\/Destacada-Atendimento-Juridico-SINTRAMEM.png","contentUrl":"https:\/\/sintramem-sv.org.br\/sintramem\/wp-content\/uploads\/2026\/01\/Destacada-Atendimento-Juridico-SINTRAMEM.png","width":1294,"height":720},{"@type":"BreadcrumbList","@id":"https:\/\/sintramem-sv.org.br\/sintramem\/plantao-juridico-do-sintramem\/#breadcrumb","itemListElement":[{"@type":"ListItem","position":1,"name":"In\u00edcio","item":"https:\/\/sintramem-sv.org.br\/sintramem\/"},{"@type":"ListItem","position":2,"name":"Plant\u00e3o Jur\u00eddico do SINTRAMEM | Ampliamos atendimento para todas as ter\u00e7as e quintas, das 15 \u00e0s 19 horas"}]},{"@type":"WebSite","@id":"https:\/\/sintramem-sv.org.br\/sintramem\/#website","url":"https:\/\/sintramem-sv.org.br\/sintramem\/","name":"SINTRAMEM","description":"Sindicato dos Trabalhadores no Magist\u00e9rio e na Educa\u00e7\u00e3o de S\u00e3o Vicente","publisher":{"@id":"https:\/\/sintramem-sv.org.br\/sintramem\/#organization"},"potentialAction":[{"@type":"SearchAction","target":{"@type":"EntryPoint","urlTemplate":"https:\/\/sintramem-sv.org.br\/sintramem\/?s={search_term_string}"},"query-input":{"@type":"PropertyValueSpecification","valueRequired":true,"valueName":"search_term_string"}}],"inLanguage":"pt-BR"},{"@type":"Organization","@id":"https:\/\/sintramem-sv.org.br\/sintramem\/#organization","name":"SINTRAMEM","url":"https:\/\/sintramem-sv.org.br\/sintramem\/","logo":{"@type":"ImageObject","inLanguage":"pt-BR","@id":"https:\/\/sintramem-sv.org.br\/sintramem\/#\/schema\/logo\/image\/","url":"https:\/\/sintramem-sv.org.br\/sintramem\/wp-content\/uploads\/2017\/02\/SINTRAMEM-LOGO-OFICIAL-300x100-jpg.jpg","contentUrl":"https:\/\/sintramem-sv.org.br\/sintramem\/wp-content\/uploads\/2017\/02\/SINTRAMEM-LOGO-OFICIAL-300x100-jpg.jpg","width":150,"height":150,"caption":"SINTRAMEM"},"image":{"@id":"https:\/\/sintramem-sv.org.br\/sintramem\/#\/schema\/logo\/image\/"}},{"@type":"Person","@id":"https:\/\/sintramem-sv.org.br\/sintramem\/#\/schema\/person\/a8decb8ea63607d1e01e046c95ddcf2b","name":"sintramem","image":{"@type":"ImageObject","inLanguage":"pt-BR","@id":"https:\/\/sintramem-sv.org.br\/sintramem\/#\/schema\/person\/image\/","url":"https:\/\/secure.gravatar.com\/avatar\/8e06da3b0d4f051010117c848b52b9280a4228043717057ccccccc8b20ff8f48?s=96&d=mm&r=g","contentUrl":"https:\/\/secure.gravatar.com\/avatar\/8e06da3b0d4f051010117c848b52b9280a4228043717057ccccccc8b20ff8f48?s=96&d=mm&r=g","caption":"sintramem"},"description":"Sindicato dos Trabalhadores no Magist\u00e9rio e na Educa\u00e7\u00e3o Municipal de S\u00e3o Vicente","url":"https:\/\/sintramem-sv.org.br\/sintramem\/author\/sindsv\/"}]}},"_links":{"self":[{"href":"https:\/\/sintramem-sv.org.br\/sintramem\/wp-json\/wp\/v2\/posts\/9339","targetHints":{"allow":["GET"]}}],"collection":[{"href":"https:\/\/sintramem-sv.org.br\/sintramem\/wp-json\/wp\/v2\/posts"}],"about":[{"href":"https:\/\/sintramem-sv.org.br\/sintramem\/wp-json\/wp\/v2\/types\/post"}],"author":[{"embeddable":true,"href":"https:\/\/sintramem-sv.org.br\/sintramem\/wp-json\/wp\/v2\/users\/1"}],"replies":[{"embeddable":true,"href":"https:\/\/sintramem-sv.org.br\/sintramem\/wp-json\/wp\/v2\/comments?post=9339"}],"version-history":[{"count":5,"href":"https:\/\/sintramem-sv.org.br\/sintramem\/wp-json\/wp\/v2\/posts\/9339\/revisions"}],"predecessor-version":[{"id":9348,"href":"https:\/\/sintramem-sv.org.br\/sintramem\/wp-json\/wp\/v2\/posts\/9339\/revisions\/9348"}],"wp:featuredmedia":[{"embeddable":true,"href":"https:\/\/sintramem-sv.org.br\/sintramem\/wp-json\/wp\/v2\/media\/9343"}],"wp:attachment":[{"href":"https:\/\/sintramem-sv.org.br\/sintramem\/wp-json\/wp\/v2\/media?parent=9339"}],"wp:term":[{"taxonomy":"category","embeddable":true,"href":"https:\/\/sintramem-sv.org.br\/sintramem\/wp-json\/wp\/v2\/categories?post=9339"},{"taxonomy":"post_tag","embeddable":true,"href":"https:\/\/sintramem-sv.org.br\/sintramem\/wp-json\/wp\/v2\/tags?post=9339"}],"curies":[{"name":"wp","href":"https:\/\/api.w.org\/{rel}","templated":true}]}}