{"id":9286,"date":"2026-01-13T18:24:12","date_gmt":"2026-01-13T18:24:12","guid":{"rendered":"https:\/\/sintramem-sv.org.br\/sintramem\/?p=9286"},"modified":"2026-01-13T20:55:46","modified_gmt":"2026-01-13T20:55:46","slug":"ferias-dos-servidores-da-educacao-finalmente-sao-pagas-presidente-thobias-paraguai-esclarece-duvidas","status":"publish","type":"post","link":"https:\/\/sintramem-sv.org.br\/sintramem\/ferias-dos-servidores-da-educacao-finalmente-sao-pagas-presidente-thobias-paraguai-esclarece-duvidas\/","title":{"rendered":"F\u00e9rias dos Servidores da Educa\u00e7\u00e3o finalmente s\u00e3o pagas. Presidente Thobias Paraguai esclarece d\u00favidas!"},"content":{"rendered":"<p><span style=\"font-size: 14pt;\">Ap\u00f3s uma longa jornada marcada por mobiliza\u00e7\u00f5es, den\u00fancias e di\u00e1logo constante com a Administra\u00e7\u00e3o municipal, os Servidores da Educa\u00e7\u00e3o de S\u00e3o Vicente finalmente conquistaram o pagamento das f\u00e9rias. O resultado foi fruto da uni\u00e3o e press\u00e3o do Sindicato com a categoria, pois n\u00e3o medimos esfor\u00e7os para sensibilizar a sociedade e pressionar gestores p\u00fablicos, <a href=\"https:\/\/sintramem-sv.org.br\/sintramem\/repercussao-nos-veiculos-de-imprensa-amplifica-luta-do-sintramem-pelos-direitos-do-magisterio\/\" target=\"_blank\" rel=\"noopener\"><strong>contando inclusive com o apoio da imprensa<\/strong><\/a>. Essa vit\u00f3ria refor\u00e7a o poder da organiza\u00e7\u00e3o coletiva e a import\u00e2ncia do <span style=\"color: #ff0000;\"><strong>SINTRAMEM<\/strong> <\/span>na defesa dos direitos dos trabalhadores do magist\u00e9rio municipal.<\/span><\/p>\n<p><span style=\"font-size: 14pt;\">O Sindicato aproveita para alertar sobre os descontos que incidir\u00e3o no sal\u00e1rio do pr\u00f3ximo m\u00eas, <span style=\"background-color: #ffff00;\"><strong>j\u00e1 que o pagamento das f\u00e9rias foi realizado sem tributa\u00e7\u00e3o<\/strong><\/span>. \u00c9 fundamental que os Servidores fiquem atentos ao holerite, e, em caso de d\u00favidas, procurem o Sindicato para garantir que todos os direitos sejam respeitados. A nova legisla\u00e7\u00e3o do imposto de renda trouxe benef\u00edcios para quem recebe at\u00e9 R$5.000, tornando esse valor isento, mas aqueles que ultrapassam esse limite devem se preparar para dedu\u00e7\u00f5es adicionais.<\/span><\/p>\n<p><span style=\"font-size: 14pt;\">Mesmo com a isen\u00e7\u00e3o do imposto de renda, o vencimento l\u00edquido ao final do m\u00eas ainda poder\u00e1 sofrer alguns descontos. Por exemplo, a contribui\u00e7\u00e3o previdenci\u00e1ria, por si s\u00f3, pode representar uma redu\u00e7\u00e3o de at\u00e9 R$ 500 no recebimento. Portanto, \u00e9 importante que o trabalhador esteja ciente de que, em virtude desses descontos, o valor l\u00edquido a ser recebido no final do m\u00eas ser\u00e1 inferior ao bruto.<\/span><\/p>\n<p><span style=\"font-size: 18pt;\"><strong><span class=\"x19la9d6 x1fc57z9 x6ikm8r x10wlt62 x19co3pv x11tp94h xfibh0p xiy17q3 x1xsqp64 x1lkfr7t xexx8yu xyri2b x18d9i69 x1c1uobl\"><span class=\"xrtxmta x1bhl96m\">&#x23ef;&#xfe0f; <\/span><\/span>ASSISTA AO V\u00cdDEO DO PRESIDENTE THOBIAS\u00a0<\/strong><\/span><\/p>\n<p><iframe loading=\"lazy\" title=\"F\u00e9rias dos Servidores da Educa\u00e7\u00e3o finalmente s\u00e3o pagas. Presidente Thobias esclarece d\u00favidas!\" width=\"563\" height=\"1000\" src=\"https:\/\/www.youtube.com\/embed\/smuJuv2E8YY?feature=oembed\" frameborder=\"0\" allow=\"accelerometer; autoplay; clipboard-write; encrypted-media; gyroscope; picture-in-picture; web-share\" referrerpolicy=\"strict-origin-when-cross-origin\" allowfullscreen><\/iframe><\/p>\n","protected":false},"excerpt":{"rendered":"<p>Ap\u00f3s uma longa jornada marcada por mobiliza\u00e7\u00f5es, den\u00fancias e di\u00e1logo constante com a Administra\u00e7\u00e3o municipal, os Servidores da Educa\u00e7\u00e3o de S\u00e3o Vicente finalmente conquistaram o pagamento das f\u00e9rias. O resultado foi fruto da uni\u00e3o e press\u00e3o do Sindicato com a categoria, pois n\u00e3o medimos esfor\u00e7os para sensibilizar a sociedade e pressionar gestores p\u00fablicos, contando inclusive&hellip;<\/p>\n","protected":false},"author":1,"featured_media":9296,"comment_status":"open","ping_status":"closed","sticky":false,"template":"","format":"standard","meta":{"_monsterinsights_skip_tracking":false,"_monsterinsights_sitenote_active":false,"_monsterinsights_sitenote_note":"","_monsterinsights_sitenote_category":0,"footnotes":""},"categories":[1],"tags":[],"class_list":["post-9286","post","type-post","status-publish","format-standard","has-post-thumbnail","hentry","category-sintramem-sintramem"],"yoast_head":"<!-- This site is optimized with the Yoast SEO plugin v27.0 - https:\/\/yoast.com\/product\/yoast-seo-wordpress\/ -->\n<title>F\u00e9rias dos Servidores da Educa\u00e7\u00e3o finalmente s\u00e3o pagas. Presidente Thobias Paraguai esclarece d\u00favidas! - SINTRAMEM<\/title>\n<meta name=\"robots\" content=\"index, follow, max-snippet:-1, max-image-preview:large, max-video-preview:-1\" \/>\n<link rel=\"canonical\" href=\"https:\/\/sintramem-sv.org.br\/sintramem\/ferias-dos-servidores-da-educacao-finalmente-sao-pagas-presidente-thobias-paraguai-esclarece-duvidas\/\" \/>\n<meta property=\"og:locale\" content=\"pt_BR\" \/>\n<meta property=\"og:type\" content=\"article\" \/>\n<meta property=\"og:title\" content=\"F\u00e9rias dos Servidores da Educa\u00e7\u00e3o finalmente s\u00e3o pagas. Presidente Thobias Paraguai esclarece d\u00favidas! - SINTRAMEM\" \/>\n<meta property=\"og:description\" content=\"Ap\u00f3s uma longa jornada marcada por mobiliza\u00e7\u00f5es, den\u00fancias e di\u00e1logo constante com a Administra\u00e7\u00e3o municipal, os Servidores da Educa\u00e7\u00e3o de S\u00e3o Vicente finalmente conquistaram o pagamento das f\u00e9rias. O resultado foi fruto da uni\u00e3o e press\u00e3o do Sindicato com a categoria, pois n\u00e3o medimos esfor\u00e7os para sensibilizar a sociedade e pressionar gestores p\u00fablicos, contando inclusive&hellip;\" \/>\n<meta property=\"og:url\" content=\"https:\/\/sintramem-sv.org.br\/sintramem\/ferias-dos-servidores-da-educacao-finalmente-sao-pagas-presidente-thobias-paraguai-esclarece-duvidas\/\" \/>\n<meta property=\"og:site_name\" content=\"SINTRAMEM\" \/>\n<meta property=\"article:published_time\" content=\"2026-01-13T18:24:12+00:00\" \/>\n<meta property=\"article:modified_time\" content=\"2026-01-13T20:55:46+00:00\" \/>\n<meta property=\"og:image\" content=\"https:\/\/sintramem-sv.org.br\/sintramem\/wp-content\/uploads\/2026\/01\/menor2.png\" \/>\n\t<meta property=\"og:image:width\" content=\"500\" \/>\n\t<meta property=\"og:image:height\" content=\"278\" \/>\n\t<meta property=\"og:image:type\" content=\"image\/png\" \/>\n<meta name=\"author\" content=\"sintramem\" \/>\n<meta name=\"twitter:card\" content=\"summary_large_image\" \/>\n<meta name=\"twitter:label1\" content=\"Escrito por\" \/>\n\t<meta name=\"twitter:data1\" content=\"sintramem\" \/>\n\t<meta name=\"twitter:label2\" content=\"Est. tempo de leitura\" \/>\n\t<meta name=\"twitter:data2\" content=\"2 minutos\" \/>\n<script type=\"application\/ld+json\" class=\"yoast-schema-graph\">{\"@context\":\"https:\/\/schema.org\",\"@graph\":[{\"@type\":\"Article\",\"@id\":\"https:\/\/sintramem-sv.org.br\/sintramem\/ferias-dos-servidores-da-educacao-finalmente-sao-pagas-presidente-thobias-paraguai-esclarece-duvidas\/#article\",\"isPartOf\":{\"@id\":\"https:\/\/sintramem-sv.org.br\/sintramem\/ferias-dos-servidores-da-educacao-finalmente-sao-pagas-presidente-thobias-paraguai-esclarece-duvidas\/\"},\"author\":{\"name\":\"sintramem\",\"@id\":\"https:\/\/sintramem-sv.org.br\/sintramem\/#\/schema\/person\/a8decb8ea63607d1e01e046c95ddcf2b\"},\"headline\":\"F\u00e9rias dos Servidores da Educa\u00e7\u00e3o finalmente s\u00e3o pagas. Presidente Thobias Paraguai esclarece d\u00favidas!\",\"datePublished\":\"2026-01-13T18:24:12+00:00\",\"dateModified\":\"2026-01-13T20:55:46+00:00\",\"mainEntityOfPage\":{\"@id\":\"https:\/\/sintramem-sv.org.br\/sintramem\/ferias-dos-servidores-da-educacao-finalmente-sao-pagas-presidente-thobias-paraguai-esclarece-duvidas\/\"},\"wordCount\":299,\"commentCount\":0,\"publisher\":{\"@id\":\"https:\/\/sintramem-sv.org.br\/sintramem\/#organization\"},\"image\":{\"@id\":\"https:\/\/sintramem-sv.org.br\/sintramem\/ferias-dos-servidores-da-educacao-finalmente-sao-pagas-presidente-thobias-paraguai-esclarece-duvidas\/#primaryimage\"},\"thumbnailUrl\":\"https:\/\/sintramem-sv.org.br\/sintramem\/wp-content\/uploads\/2026\/01\/Destacada-Ferias-Pagas-Sintramem2.png\",\"articleSection\":[\"sintramem\"],\"inLanguage\":\"pt-BR\",\"potentialAction\":[{\"@type\":\"CommentAction\",\"name\":\"Comment\",\"target\":[\"https:\/\/sintramem-sv.org.br\/sintramem\/ferias-dos-servidores-da-educacao-finalmente-sao-pagas-presidente-thobias-paraguai-esclarece-duvidas\/#respond\"]}]},{\"@type\":\"WebPage\",\"@id\":\"https:\/\/sintramem-sv.org.br\/sintramem\/ferias-dos-servidores-da-educacao-finalmente-sao-pagas-presidente-thobias-paraguai-esclarece-duvidas\/\",\"url\":\"https:\/\/sintramem-sv.org.br\/sintramem\/ferias-dos-servidores-da-educacao-finalmente-sao-pagas-presidente-thobias-paraguai-esclarece-duvidas\/\",\"name\":\"F\u00e9rias dos Servidores da Educa\u00e7\u00e3o finalmente s\u00e3o pagas. Presidente Thobias Paraguai esclarece d\u00favidas! - SINTRAMEM\",\"isPartOf\":{\"@id\":\"https:\/\/sintramem-sv.org.br\/sintramem\/#website\"},\"primaryImageOfPage\":{\"@id\":\"https:\/\/sintramem-sv.org.br\/sintramem\/ferias-dos-servidores-da-educacao-finalmente-sao-pagas-presidente-thobias-paraguai-esclarece-duvidas\/#primaryimage\"},\"image\":{\"@id\":\"https:\/\/sintramem-sv.org.br\/sintramem\/ferias-dos-servidores-da-educacao-finalmente-sao-pagas-presidente-thobias-paraguai-esclarece-duvidas\/#primaryimage\"},\"thumbnailUrl\":\"https:\/\/sintramem-sv.org.br\/sintramem\/wp-content\/uploads\/2026\/01\/Destacada-Ferias-Pagas-Sintramem2.png\",\"datePublished\":\"2026-01-13T18:24:12+00:00\",\"dateModified\":\"2026-01-13T20:55:46+00:00\",\"breadcrumb\":{\"@id\":\"https:\/\/sintramem-sv.org.br\/sintramem\/ferias-dos-servidores-da-educacao-finalmente-sao-pagas-presidente-thobias-paraguai-esclarece-duvidas\/#breadcrumb\"},\"inLanguage\":\"pt-BR\",\"potentialAction\":[{\"@type\":\"ReadAction\",\"target\":[\"https:\/\/sintramem-sv.org.br\/sintramem\/ferias-dos-servidores-da-educacao-finalmente-sao-pagas-presidente-thobias-paraguai-esclarece-duvidas\/\"]}]},{\"@type\":\"ImageObject\",\"inLanguage\":\"pt-BR\",\"@id\":\"https:\/\/sintramem-sv.org.br\/sintramem\/ferias-dos-servidores-da-educacao-finalmente-sao-pagas-presidente-thobias-paraguai-esclarece-duvidas\/#primaryimage\",\"url\":\"https:\/\/sintramem-sv.org.br\/sintramem\/wp-content\/uploads\/2026\/01\/Destacada-Ferias-Pagas-Sintramem2.png\",\"contentUrl\":\"https:\/\/sintramem-sv.org.br\/sintramem\/wp-content\/uploads\/2026\/01\/Destacada-Ferias-Pagas-Sintramem2.png\",\"width\":1294,\"height\":720},{\"@type\":\"BreadcrumbList\",\"@id\":\"https:\/\/sintramem-sv.org.br\/sintramem\/ferias-dos-servidores-da-educacao-finalmente-sao-pagas-presidente-thobias-paraguai-esclarece-duvidas\/#breadcrumb\",\"itemListElement\":[{\"@type\":\"ListItem\",\"position\":1,\"name\":\"In\u00edcio\",\"item\":\"https:\/\/sintramem-sv.org.br\/sintramem\/\"},{\"@type\":\"ListItem\",\"position\":2,\"name\":\"F\u00e9rias dos Servidores da Educa\u00e7\u00e3o finalmente s\u00e3o pagas. Presidente Thobias Paraguai esclarece d\u00favidas!\"}]},{\"@type\":\"WebSite\",\"@id\":\"https:\/\/sintramem-sv.org.br\/sintramem\/#website\",\"url\":\"https:\/\/sintramem-sv.org.br\/sintramem\/\",\"name\":\"SINTRAMEM\",\"description\":\"Sindicato dos Trabalhadores no Magist\u00e9rio e na Educa\u00e7\u00e3o de S\u00e3o Vicente\",\"publisher\":{\"@id\":\"https:\/\/sintramem-sv.org.br\/sintramem\/#organization\"},\"potentialAction\":[{\"@type\":\"SearchAction\",\"target\":{\"@type\":\"EntryPoint\",\"urlTemplate\":\"https:\/\/sintramem-sv.org.br\/sintramem\/?s={search_term_string}\"},\"query-input\":{\"@type\":\"PropertyValueSpecification\",\"valueRequired\":true,\"valueName\":\"search_term_string\"}}],\"inLanguage\":\"pt-BR\"},{\"@type\":\"Organization\",\"@id\":\"https:\/\/sintramem-sv.org.br\/sintramem\/#organization\",\"name\":\"SINTRAMEM\",\"url\":\"https:\/\/sintramem-sv.org.br\/sintramem\/\",\"logo\":{\"@type\":\"ImageObject\",\"inLanguage\":\"pt-BR\",\"@id\":\"https:\/\/sintramem-sv.org.br\/sintramem\/#\/schema\/logo\/image\/\",\"url\":\"https:\/\/sintramem-sv.org.br\/sintramem\/wp-content\/uploads\/2017\/02\/SINTRAMEM-LOGO-OFICIAL-300x100-jpg.jpg\",\"contentUrl\":\"https:\/\/sintramem-sv.org.br\/sintramem\/wp-content\/uploads\/2017\/02\/SINTRAMEM-LOGO-OFICIAL-300x100-jpg.jpg\",\"width\":150,\"height\":150,\"caption\":\"SINTRAMEM\"},\"image\":{\"@id\":\"https:\/\/sintramem-sv.org.br\/sintramem\/#\/schema\/logo\/image\/\"}},{\"@type\":\"Person\",\"@id\":\"https:\/\/sintramem-sv.org.br\/sintramem\/#\/schema\/person\/a8decb8ea63607d1e01e046c95ddcf2b\",\"name\":\"sintramem\",\"image\":{\"@type\":\"ImageObject\",\"inLanguage\":\"pt-BR\",\"@id\":\"https:\/\/sintramem-sv.org.br\/sintramem\/#\/schema\/person\/image\/\",\"url\":\"https:\/\/secure.gravatar.com\/avatar\/8e06da3b0d4f051010117c848b52b9280a4228043717057ccccccc8b20ff8f48?s=96&d=mm&r=g\",\"contentUrl\":\"https:\/\/secure.gravatar.com\/avatar\/8e06da3b0d4f051010117c848b52b9280a4228043717057ccccccc8b20ff8f48?s=96&d=mm&r=g\",\"caption\":\"sintramem\"},\"description\":\"Sindicato dos Trabalhadores no Magist\u00e9rio e na Educa\u00e7\u00e3o Municipal de S\u00e3o Vicente\",\"url\":\"https:\/\/sintramem-sv.org.br\/sintramem\/author\/sindsv\/\"}]}<\/script>\n<!-- \/ Yoast SEO plugin. -->","yoast_head_json":{"title":"F\u00e9rias dos Servidores da Educa\u00e7\u00e3o finalmente s\u00e3o pagas. Presidente Thobias Paraguai esclarece d\u00favidas! - SINTRAMEM","robots":{"index":"index","follow":"follow","max-snippet":"max-snippet:-1","max-image-preview":"max-image-preview:large","max-video-preview":"max-video-preview:-1"},"canonical":"https:\/\/sintramem-sv.org.br\/sintramem\/ferias-dos-servidores-da-educacao-finalmente-sao-pagas-presidente-thobias-paraguai-esclarece-duvidas\/","og_locale":"pt_BR","og_type":"article","og_title":"F\u00e9rias dos Servidores da Educa\u00e7\u00e3o finalmente s\u00e3o pagas. Presidente Thobias Paraguai esclarece d\u00favidas! - SINTRAMEM","og_description":"Ap\u00f3s uma longa jornada marcada por mobiliza\u00e7\u00f5es, den\u00fancias e di\u00e1logo constante com a Administra\u00e7\u00e3o municipal, os Servidores da Educa\u00e7\u00e3o de S\u00e3o Vicente finalmente conquistaram o pagamento das f\u00e9rias. O resultado foi fruto da uni\u00e3o e press\u00e3o do Sindicato com a categoria, pois n\u00e3o medimos esfor\u00e7os para sensibilizar a sociedade e pressionar gestores p\u00fablicos, contando inclusive&hellip;","og_url":"https:\/\/sintramem-sv.org.br\/sintramem\/ferias-dos-servidores-da-educacao-finalmente-sao-pagas-presidente-thobias-paraguai-esclarece-duvidas\/","og_site_name":"SINTRAMEM","article_published_time":"2026-01-13T18:24:12+00:00","article_modified_time":"2026-01-13T20:55:46+00:00","og_image":[{"width":500,"height":278,"url":"https:\/\/sintramem-sv.org.br\/sintramem\/wp-content\/uploads\/2026\/01\/menor2.png","type":"image\/png"}],"author":"sintramem","twitter_card":"summary_large_image","twitter_misc":{"Escrito por":"sintramem","Est. tempo de leitura":"2 minutos"},"schema":{"@context":"https:\/\/schema.org","@graph":[{"@type":"Article","@id":"https:\/\/sintramem-sv.org.br\/sintramem\/ferias-dos-servidores-da-educacao-finalmente-sao-pagas-presidente-thobias-paraguai-esclarece-duvidas\/#article","isPartOf":{"@id":"https:\/\/sintramem-sv.org.br\/sintramem\/ferias-dos-servidores-da-educacao-finalmente-sao-pagas-presidente-thobias-paraguai-esclarece-duvidas\/"},"author":{"name":"sintramem","@id":"https:\/\/sintramem-sv.org.br\/sintramem\/#\/schema\/person\/a8decb8ea63607d1e01e046c95ddcf2b"},"headline":"F\u00e9rias dos Servidores da Educa\u00e7\u00e3o finalmente s\u00e3o pagas. Presidente Thobias Paraguai esclarece d\u00favidas!","datePublished":"2026-01-13T18:24:12+00:00","dateModified":"2026-01-13T20:55:46+00:00","mainEntityOfPage":{"@id":"https:\/\/sintramem-sv.org.br\/sintramem\/ferias-dos-servidores-da-educacao-finalmente-sao-pagas-presidente-thobias-paraguai-esclarece-duvidas\/"},"wordCount":299,"commentCount":0,"publisher":{"@id":"https:\/\/sintramem-sv.org.br\/sintramem\/#organization"},"image":{"@id":"https:\/\/sintramem-sv.org.br\/sintramem\/ferias-dos-servidores-da-educacao-finalmente-sao-pagas-presidente-thobias-paraguai-esclarece-duvidas\/#primaryimage"},"thumbnailUrl":"https:\/\/sintramem-sv.org.br\/sintramem\/wp-content\/uploads\/2026\/01\/Destacada-Ferias-Pagas-Sintramem2.png","articleSection":["sintramem"],"inLanguage":"pt-BR","potentialAction":[{"@type":"CommentAction","name":"Comment","target":["https:\/\/sintramem-sv.org.br\/sintramem\/ferias-dos-servidores-da-educacao-finalmente-sao-pagas-presidente-thobias-paraguai-esclarece-duvidas\/#respond"]}]},{"@type":"WebPage","@id":"https:\/\/sintramem-sv.org.br\/sintramem\/ferias-dos-servidores-da-educacao-finalmente-sao-pagas-presidente-thobias-paraguai-esclarece-duvidas\/","url":"https:\/\/sintramem-sv.org.br\/sintramem\/ferias-dos-servidores-da-educacao-finalmente-sao-pagas-presidente-thobias-paraguai-esclarece-duvidas\/","name":"F\u00e9rias dos Servidores da Educa\u00e7\u00e3o finalmente s\u00e3o pagas. Presidente Thobias Paraguai esclarece d\u00favidas! - SINTRAMEM","isPartOf":{"@id":"https:\/\/sintramem-sv.org.br\/sintramem\/#website"},"primaryImageOfPage":{"@id":"https:\/\/sintramem-sv.org.br\/sintramem\/ferias-dos-servidores-da-educacao-finalmente-sao-pagas-presidente-thobias-paraguai-esclarece-duvidas\/#primaryimage"},"image":{"@id":"https:\/\/sintramem-sv.org.br\/sintramem\/ferias-dos-servidores-da-educacao-finalmente-sao-pagas-presidente-thobias-paraguai-esclarece-duvidas\/#primaryimage"},"thumbnailUrl":"https:\/\/sintramem-sv.org.br\/sintramem\/wp-content\/uploads\/2026\/01\/Destacada-Ferias-Pagas-Sintramem2.png","datePublished":"2026-01-13T18:24:12+00:00","dateModified":"2026-01-13T20:55:46+00:00","breadcrumb":{"@id":"https:\/\/sintramem-sv.org.br\/sintramem\/ferias-dos-servidores-da-educacao-finalmente-sao-pagas-presidente-thobias-paraguai-esclarece-duvidas\/#breadcrumb"},"inLanguage":"pt-BR","potentialAction":[{"@type":"ReadAction","target":["https:\/\/sintramem-sv.org.br\/sintramem\/ferias-dos-servidores-da-educacao-finalmente-sao-pagas-presidente-thobias-paraguai-esclarece-duvidas\/"]}]},{"@type":"ImageObject","inLanguage":"pt-BR","@id":"https:\/\/sintramem-sv.org.br\/sintramem\/ferias-dos-servidores-da-educacao-finalmente-sao-pagas-presidente-thobias-paraguai-esclarece-duvidas\/#primaryimage","url":"https:\/\/sintramem-sv.org.br\/sintramem\/wp-content\/uploads\/2026\/01\/Destacada-Ferias-Pagas-Sintramem2.png","contentUrl":"https:\/\/sintramem-sv.org.br\/sintramem\/wp-content\/uploads\/2026\/01\/Destacada-Ferias-Pagas-Sintramem2.png","width":1294,"height":720},{"@type":"BreadcrumbList","@id":"https:\/\/sintramem-sv.org.br\/sintramem\/ferias-dos-servidores-da-educacao-finalmente-sao-pagas-presidente-thobias-paraguai-esclarece-duvidas\/#breadcrumb","itemListElement":[{"@type":"ListItem","position":1,"name":"In\u00edcio","item":"https:\/\/sintramem-sv.org.br\/sintramem\/"},{"@type":"ListItem","position":2,"name":"F\u00e9rias dos Servidores da Educa\u00e7\u00e3o finalmente s\u00e3o pagas. Presidente Thobias Paraguai esclarece d\u00favidas!"}]},{"@type":"WebSite","@id":"https:\/\/sintramem-sv.org.br\/sintramem\/#website","url":"https:\/\/sintramem-sv.org.br\/sintramem\/","name":"SINTRAMEM","description":"Sindicato dos Trabalhadores no Magist\u00e9rio e na Educa\u00e7\u00e3o de S\u00e3o Vicente","publisher":{"@id":"https:\/\/sintramem-sv.org.br\/sintramem\/#organization"},"potentialAction":[{"@type":"SearchAction","target":{"@type":"EntryPoint","urlTemplate":"https:\/\/sintramem-sv.org.br\/sintramem\/?s={search_term_string}"},"query-input":{"@type":"PropertyValueSpecification","valueRequired":true,"valueName":"search_term_string"}}],"inLanguage":"pt-BR"},{"@type":"Organization","@id":"https:\/\/sintramem-sv.org.br\/sintramem\/#organization","name":"SINTRAMEM","url":"https:\/\/sintramem-sv.org.br\/sintramem\/","logo":{"@type":"ImageObject","inLanguage":"pt-BR","@id":"https:\/\/sintramem-sv.org.br\/sintramem\/#\/schema\/logo\/image\/","url":"https:\/\/sintramem-sv.org.br\/sintramem\/wp-content\/uploads\/2017\/02\/SINTRAMEM-LOGO-OFICIAL-300x100-jpg.jpg","contentUrl":"https:\/\/sintramem-sv.org.br\/sintramem\/wp-content\/uploads\/2017\/02\/SINTRAMEM-LOGO-OFICIAL-300x100-jpg.jpg","width":150,"height":150,"caption":"SINTRAMEM"},"image":{"@id":"https:\/\/sintramem-sv.org.br\/sintramem\/#\/schema\/logo\/image\/"}},{"@type":"Person","@id":"https:\/\/sintramem-sv.org.br\/sintramem\/#\/schema\/person\/a8decb8ea63607d1e01e046c95ddcf2b","name":"sintramem","image":{"@type":"ImageObject","inLanguage":"pt-BR","@id":"https:\/\/sintramem-sv.org.br\/sintramem\/#\/schema\/person\/image\/","url":"https:\/\/secure.gravatar.com\/avatar\/8e06da3b0d4f051010117c848b52b9280a4228043717057ccccccc8b20ff8f48?s=96&d=mm&r=g","contentUrl":"https:\/\/secure.gravatar.com\/avatar\/8e06da3b0d4f051010117c848b52b9280a4228043717057ccccccc8b20ff8f48?s=96&d=mm&r=g","caption":"sintramem"},"description":"Sindicato dos Trabalhadores no Magist\u00e9rio e na Educa\u00e7\u00e3o Municipal de S\u00e3o Vicente","url":"https:\/\/sintramem-sv.org.br\/sintramem\/author\/sindsv\/"}]}},"_links":{"self":[{"href":"https:\/\/sintramem-sv.org.br\/sintramem\/wp-json\/wp\/v2\/posts\/9286","targetHints":{"allow":["GET"]}}],"collection":[{"href":"https:\/\/sintramem-sv.org.br\/sintramem\/wp-json\/wp\/v2\/posts"}],"about":[{"href":"https:\/\/sintramem-sv.org.br\/sintramem\/wp-json\/wp\/v2\/types\/post"}],"author":[{"embeddable":true,"href":"https:\/\/sintramem-sv.org.br\/sintramem\/wp-json\/wp\/v2\/users\/1"}],"replies":[{"embeddable":true,"href":"https:\/\/sintramem-sv.org.br\/sintramem\/wp-json\/wp\/v2\/comments?post=9286"}],"version-history":[{"count":6,"href":"https:\/\/sintramem-sv.org.br\/sintramem\/wp-json\/wp\/v2\/posts\/9286\/revisions"}],"predecessor-version":[{"id":9298,"href":"https:\/\/sintramem-sv.org.br\/sintramem\/wp-json\/wp\/v2\/posts\/9286\/revisions\/9298"}],"wp:featuredmedia":[{"embeddable":true,"href":"https:\/\/sintramem-sv.org.br\/sintramem\/wp-json\/wp\/v2\/media\/9296"}],"wp:attachment":[{"href":"https:\/\/sintramem-sv.org.br\/sintramem\/wp-json\/wp\/v2\/media?parent=9286"}],"wp:term":[{"taxonomy":"category","embeddable":true,"href":"https:\/\/sintramem-sv.org.br\/sintramem\/wp-json\/wp\/v2\/categories?post=9286"},{"taxonomy":"post_tag","embeddable":true,"href":"https:\/\/sintramem-sv.org.br\/sintramem\/wp-json\/wp\/v2\/tags?post=9286"}],"curies":[{"name":"wp","href":"https:\/\/api.w.org\/{rel}","templated":true}]}}