{"id":9265,"date":"2026-01-13T13:25:40","date_gmt":"2026-01-13T13:25:40","guid":{"rendered":"https:\/\/sintramem-sv.org.br\/sintramem\/?p=9265"},"modified":"2026-01-13T18:27:04","modified_gmt":"2026-01-13T18:27:04","slug":"presidente-lula-sanciona-descongelamento-dos-direitos-dos-servidores-sintramem-solicita-que-prefeitura-cumpra-a-lc-no-226-26","status":"publish","type":"post","link":"https:\/\/sintramem-sv.org.br\/sintramem\/presidente-lula-sanciona-descongelamento-dos-direitos-dos-servidores-sintramem-solicita-que-prefeitura-cumpra-a-lc-no-226-26\/","title":{"rendered":"Presidente Lula sanciona descongelamento dos direitos dos Servidores. SINTRAMEM solicita que Prefeitura cumpra a LC n\u00ba 226\/26"},"content":{"rendered":"<p><span style=\"font-size: 14pt;\">O presidente <strong>Lu\u00eds In\u00e1cio Lula da Silva<\/strong> sancionou na \u00faltima segunda, 12 de janeiro, a <a href=\"https:\/\/in.gov.br\/en\/web\/dou\/-\/lei-complementar-n-226-de-12-de-janeiro-de-2026-680665011\" target=\"_blank\" rel=\"noopener\"><strong>Lei Complementar n\u00ba 226\/26<\/strong><\/a>. Esta \u00e9<\/span><span style=\"font-size: 14pt;\"> uma das principais pautas de repara\u00e7\u00e3o ao funcionalismo p\u00fablico da hist\u00f3ria. A medida garante, ap\u00f3s anos de espera, o reconhecimento do per\u00edodo de<strong> 583 dias<\/strong> em que o tempo de servi\u00e7o foi congelado durante a pandemia, corrigindo uma distor\u00e7\u00e3o imposta pela <a href=\"https:\/\/www.planalto.gov.br\/ccivil_03\/leis\/lcp\/lcp173.htm\" target=\"_blank\" rel=\"noopener\"><strong>Lei Complementar 173\/2020<\/strong><\/a>. <\/span><\/p>\n<p><span style=\"font-size: 14pt;\">O Sindicato j\u00e1 protocolou nesta ter\u00e7a, 13 de janeiro, of\u00edcio \u00e0 Administra\u00e7\u00e3o no qual solicitamos provid\u00eancias de como ser\u00e1 feita a implanta\u00e7\u00e3o desta demanda na cidade para que seja obedecida a lei federal. <\/span><span style=\"font-size: 14pt;\">Deste modo, os Servidores poder\u00e3o ser contemplados com o pagamento retroativo deste direito usurpado durante esse per\u00edodo da pandemia. Al\u00e9m disso, os Servidores poder\u00e3o ter recalculados seus benef\u00edcios e <span style=\"text-decoration: underline;\"><strong>reenquadrados no seu tri\u00eanio, sexta-parte e grau<\/strong><\/span>.<\/span><\/p>\n<p><span style=\"font-size: 18pt; color: #ffffff; background-color: #ff0000;\"><strong>O QUE DIZ A LEI<\/strong><\/span><\/p>\n<p><em><span style=\"font-size: 14pt;\">Art. 1\u00ba Esta Lei altera a Lei Complementar n\u00ba 173, de 27 de maio de 2020, para <span style=\"background-color: #ffff00;\"><strong>prever a autoriza\u00e7\u00e3o de pagamentos retroativos de anu\u00eanio, tri\u00eanio, quinqu\u00eanio, sexta-parte, licen\u00e7a-pr\u00eamio e demais mecanismos equivalentes a servidores p\u00fablicos<\/strong><\/span> de entes federativos que decretaram estado de calamidade p\u00fablica decorrente da pandemia da Covid-19, na hip\u00f3tese de que trata o art. 65 da Lei Complementar n\u00ba 101, de 4 de maio de 2000 (Lei de Responsabilidade Fiscal).<\/span><\/em><\/p>\n<p><span style=\"font-size: 18pt; color: #ffffff; background-color: #ff0000;\"><strong>A\u00c7\u00c3O DO SINTRAMEM<\/strong><\/span><\/p>\n<blockquote><p><span style=\"font-size: 14pt;\">\u201cA batalha no Congresso foi vencida, mas a guerra pela implementa\u00e7\u00e3o se decide na Prefeitura. \u00c9 nosso movimento que garantir\u00e1 o cumprimento da lei dentro do munic\u00edpio e j\u00e1 estamos atentos para isso se tornar realidade o quanto antes\u201d, afirma <strong>Thobias Paraguai,<\/strong>\u00a0presidente do\u00a0<span style=\"color: #ff0000;\"><strong>SINTRAMEM<\/strong>.<\/span><\/span><\/p><\/blockquote>\n<p><a href=\"https:\/\/sintramem-sv.org.br\/sintramem\/wp-content\/uploads\/2000\/01\/OFICIO-03.2026.pdf\" target=\"_blank\" rel=\"noopener\"><img loading=\"lazy\" decoding=\"async\" class=\"aligncenter wp-image-9279 size-full\" src=\"https:\/\/sintramem-sv.org.br\/sintramem\/wp-content\/uploads\/2000\/01\/oficio-padrao-2-1.png\" alt=\"\" width=\"1080\" height=\"1350\" srcset=\"https:\/\/sintramem-sv.org.br\/sintramem\/wp-content\/uploads\/2000\/01\/oficio-padrao-2-1.png 1080w, https:\/\/sintramem-sv.org.br\/sintramem\/wp-content\/uploads\/2000\/01\/oficio-padrao-2-1-240x300.png 240w, https:\/\/sintramem-sv.org.br\/sintramem\/wp-content\/uploads\/2000\/01\/oficio-padrao-2-1-819x1024.png 819w, https:\/\/sintramem-sv.org.br\/sintramem\/wp-content\/uploads\/2000\/01\/oficio-padrao-2-1-768x960.png 768w\" sizes=\"auto, (max-width: 1080px) 100vw, 1080px\" \/><\/a><\/p>\n<p><a href=\"https:\/\/sintramem-sv.org.br\/sintramem\/wp-content\/uploads\/2000\/01\/LEI-COMPLEMENTAR-No-226-DE-12-DE-JANEIRO-DE-2026-LEI-COMPLEMENTAR-No-226-DE-12-DE-JANEIRO-DE-2026-DOU-Imprensa-Nacional.pdf\" target=\"_blank\" rel=\"noopener\"><img loading=\"lazy\" decoding=\"async\" class=\"aligncenter wp-image-9269 size-full\" src=\"https:\/\/sintramem-sv.org.br\/sintramem\/wp-content\/uploads\/2000\/01\/oficio-padrao.png\" alt=\"\" width=\"1080\" height=\"1350\" srcset=\"https:\/\/sintramem-sv.org.br\/sintramem\/wp-content\/uploads\/2000\/01\/oficio-padrao.png 1080w, https:\/\/sintramem-sv.org.br\/sintramem\/wp-content\/uploads\/2000\/01\/oficio-padrao-240x300.png 240w, https:\/\/sintramem-sv.org.br\/sintramem\/wp-content\/uploads\/2000\/01\/oficio-padrao-819x1024.png 819w, https:\/\/sintramem-sv.org.br\/sintramem\/wp-content\/uploads\/2000\/01\/oficio-padrao-768x960.png 768w\" sizes=\"auto, (max-width: 1080px) 100vw, 1080px\" \/><\/a><\/p>\n<p><img loading=\"lazy\" decoding=\"async\" class=\"aligncenter size-full wp-image-9273\" src=\"https:\/\/sintramem-sv.org.br\/sintramem\/wp-content\/uploads\/2000\/01\/Arte-Vitoria-dos-Servidores-Sintramem.png\" alt=\"\" width=\"1080\" height=\"1350\" srcset=\"https:\/\/sintramem-sv.org.br\/sintramem\/wp-content\/uploads\/2000\/01\/Arte-Vitoria-dos-Servidores-Sintramem.png 1080w, https:\/\/sintramem-sv.org.br\/sintramem\/wp-content\/uploads\/2000\/01\/Arte-Vitoria-dos-Servidores-Sintramem-240x300.png 240w, https:\/\/sintramem-sv.org.br\/sintramem\/wp-content\/uploads\/2000\/01\/Arte-Vitoria-dos-Servidores-Sintramem-819x1024.png 819w, https:\/\/sintramem-sv.org.br\/sintramem\/wp-content\/uploads\/2000\/01\/Arte-Vitoria-dos-Servidores-Sintramem-768x960.png 768w\" sizes=\"auto, (max-width: 1080px) 100vw, 1080px\" \/><\/p>\n","protected":false},"excerpt":{"rendered":"<p>O presidente Lu\u00eds In\u00e1cio Lula da Silva sancionou na \u00faltima segunda, 12 de janeiro, a Lei Complementar n\u00ba 226\/26. Esta \u00e9 uma das principais pautas de repara\u00e7\u00e3o ao funcionalismo p\u00fablico da hist\u00f3ria. A medida garante, ap\u00f3s anos de espera, o reconhecimento do per\u00edodo de 583 dias em que o tempo de servi\u00e7o foi congelado durante&hellip;<\/p>\n","protected":false},"author":1,"featured_media":9281,"comment_status":"open","ping_status":"closed","sticky":false,"template":"","format":"standard","meta":{"_monsterinsights_skip_tracking":false,"_monsterinsights_sitenote_active":false,"_monsterinsights_sitenote_note":"","_monsterinsights_sitenote_category":0,"footnotes":""},"categories":[1],"tags":[],"class_list":["post-9265","post","type-post","status-publish","format-standard","has-post-thumbnail","hentry","category-sintramem-sintramem"],"yoast_head":"<!-- This site is optimized with the Yoast SEO plugin v27.0 - https:\/\/yoast.com\/product\/yoast-seo-wordpress\/ -->\n<title>Presidente Lula sanciona descongelamento dos direitos dos Servidores. SINTRAMEM solicita que Prefeitura cumpra a LC n\u00ba 226\/26 - SINTRAMEM<\/title>\n<meta name=\"robots\" content=\"index, follow, max-snippet:-1, max-image-preview:large, max-video-preview:-1\" \/>\n<link rel=\"canonical\" href=\"https:\/\/sintramem-sv.org.br\/sintramem\/presidente-lula-sanciona-descongelamento-dos-direitos-dos-servidores-sintramem-solicita-que-prefeitura-cumpra-a-lc-no-226-26\/\" \/>\n<meta property=\"og:locale\" content=\"pt_BR\" \/>\n<meta property=\"og:type\" content=\"article\" \/>\n<meta property=\"og:title\" content=\"Presidente Lula sanciona descongelamento dos direitos dos Servidores. SINTRAMEM solicita que Prefeitura cumpra a LC n\u00ba 226\/26 - SINTRAMEM\" \/>\n<meta property=\"og:description\" content=\"O presidente Lu\u00eds In\u00e1cio Lula da Silva sancionou na \u00faltima segunda, 12 de janeiro, a Lei Complementar n\u00ba 226\/26. Esta \u00e9 uma das principais pautas de repara\u00e7\u00e3o ao funcionalismo p\u00fablico da hist\u00f3ria. A medida garante, ap\u00f3s anos de espera, o reconhecimento do per\u00edodo de 583 dias em que o tempo de servi\u00e7o foi congelado durante&hellip;\" \/>\n<meta property=\"og:url\" content=\"https:\/\/sintramem-sv.org.br\/sintramem\/presidente-lula-sanciona-descongelamento-dos-direitos-dos-servidores-sintramem-solicita-que-prefeitura-cumpra-a-lc-no-226-26\/\" \/>\n<meta property=\"og:site_name\" content=\"SINTRAMEM\" \/>\n<meta property=\"article:published_time\" content=\"2026-01-13T13:25:40+00:00\" \/>\n<meta property=\"article:modified_time\" content=\"2026-01-13T18:27:04+00:00\" \/>\n<meta property=\"og:image\" content=\"https:\/\/sintramem-sv.org.br\/sintramem\/wp-content\/uploads\/2000\/01\/7b517048-96cf-438f-9776-6c36f15a6a74-1.jpg\" \/>\n\t<meta property=\"og:image:width\" content=\"500\" \/>\n\t<meta property=\"og:image:height\" content=\"279\" \/>\n\t<meta property=\"og:image:type\" content=\"image\/jpeg\" \/>\n<meta name=\"author\" content=\"sintramem\" \/>\n<meta name=\"twitter:card\" content=\"summary_large_image\" \/>\n<meta name=\"twitter:label1\" content=\"Escrito por\" \/>\n\t<meta name=\"twitter:data1\" content=\"sintramem\" \/>\n\t<meta name=\"twitter:label2\" content=\"Est. tempo de leitura\" \/>\n\t<meta name=\"twitter:data2\" content=\"2 minutos\" \/>\n<script type=\"application\/ld+json\" class=\"yoast-schema-graph\">{\"@context\":\"https:\/\/schema.org\",\"@graph\":[{\"@type\":\"Article\",\"@id\":\"https:\/\/sintramem-sv.org.br\/sintramem\/presidente-lula-sanciona-descongelamento-dos-direitos-dos-servidores-sintramem-solicita-que-prefeitura-cumpra-a-lc-no-226-26\/#article\",\"isPartOf\":{\"@id\":\"https:\/\/sintramem-sv.org.br\/sintramem\/presidente-lula-sanciona-descongelamento-dos-direitos-dos-servidores-sintramem-solicita-que-prefeitura-cumpra-a-lc-no-226-26\/\"},\"author\":{\"name\":\"sintramem\",\"@id\":\"https:\/\/sintramem-sv.org.br\/sintramem\/#\/schema\/person\/a8decb8ea63607d1e01e046c95ddcf2b\"},\"headline\":\"Presidente Lula sanciona descongelamento dos direitos dos Servidores. SINTRAMEM solicita que Prefeitura cumpra a LC n\u00ba 226\/26\",\"datePublished\":\"2026-01-13T13:25:40+00:00\",\"dateModified\":\"2026-01-13T18:27:04+00:00\",\"mainEntityOfPage\":{\"@id\":\"https:\/\/sintramem-sv.org.br\/sintramem\/presidente-lula-sanciona-descongelamento-dos-direitos-dos-servidores-sintramem-solicita-que-prefeitura-cumpra-a-lc-no-226-26\/\"},\"wordCount\":292,\"commentCount\":0,\"publisher\":{\"@id\":\"https:\/\/sintramem-sv.org.br\/sintramem\/#organization\"},\"image\":{\"@id\":\"https:\/\/sintramem-sv.org.br\/sintramem\/presidente-lula-sanciona-descongelamento-dos-direitos-dos-servidores-sintramem-solicita-que-prefeitura-cumpra-a-lc-no-226-26\/#primaryimage\"},\"thumbnailUrl\":\"https:\/\/sintramem-sv.org.br\/sintramem\/wp-content\/uploads\/2000\/01\/7b517048-96cf-438f-9776-6c36f15a6a74.jpg\",\"articleSection\":[\"sintramem\"],\"inLanguage\":\"pt-BR\",\"potentialAction\":[{\"@type\":\"CommentAction\",\"name\":\"Comment\",\"target\":[\"https:\/\/sintramem-sv.org.br\/sintramem\/presidente-lula-sanciona-descongelamento-dos-direitos-dos-servidores-sintramem-solicita-que-prefeitura-cumpra-a-lc-no-226-26\/#respond\"]}]},{\"@type\":\"WebPage\",\"@id\":\"https:\/\/sintramem-sv.org.br\/sintramem\/presidente-lula-sanciona-descongelamento-dos-direitos-dos-servidores-sintramem-solicita-que-prefeitura-cumpra-a-lc-no-226-26\/\",\"url\":\"https:\/\/sintramem-sv.org.br\/sintramem\/presidente-lula-sanciona-descongelamento-dos-direitos-dos-servidores-sintramem-solicita-que-prefeitura-cumpra-a-lc-no-226-26\/\",\"name\":\"Presidente Lula sanciona descongelamento dos direitos dos Servidores. SINTRAMEM solicita que Prefeitura cumpra a LC n\u00ba 226\/26 - SINTRAMEM\",\"isPartOf\":{\"@id\":\"https:\/\/sintramem-sv.org.br\/sintramem\/#website\"},\"primaryImageOfPage\":{\"@id\":\"https:\/\/sintramem-sv.org.br\/sintramem\/presidente-lula-sanciona-descongelamento-dos-direitos-dos-servidores-sintramem-solicita-que-prefeitura-cumpra-a-lc-no-226-26\/#primaryimage\"},\"image\":{\"@id\":\"https:\/\/sintramem-sv.org.br\/sintramem\/presidente-lula-sanciona-descongelamento-dos-direitos-dos-servidores-sintramem-solicita-que-prefeitura-cumpra-a-lc-no-226-26\/#primaryimage\"},\"thumbnailUrl\":\"https:\/\/sintramem-sv.org.br\/sintramem\/wp-content\/uploads\/2000\/01\/7b517048-96cf-438f-9776-6c36f15a6a74.jpg\",\"datePublished\":\"2026-01-13T13:25:40+00:00\",\"dateModified\":\"2026-01-13T18:27:04+00:00\",\"breadcrumb\":{\"@id\":\"https:\/\/sintramem-sv.org.br\/sintramem\/presidente-lula-sanciona-descongelamento-dos-direitos-dos-servidores-sintramem-solicita-que-prefeitura-cumpra-a-lc-no-226-26\/#breadcrumb\"},\"inLanguage\":\"pt-BR\",\"potentialAction\":[{\"@type\":\"ReadAction\",\"target\":[\"https:\/\/sintramem-sv.org.br\/sintramem\/presidente-lula-sanciona-descongelamento-dos-direitos-dos-servidores-sintramem-solicita-que-prefeitura-cumpra-a-lc-no-226-26\/\"]}]},{\"@type\":\"ImageObject\",\"inLanguage\":\"pt-BR\",\"@id\":\"https:\/\/sintramem-sv.org.br\/sintramem\/presidente-lula-sanciona-descongelamento-dos-direitos-dos-servidores-sintramem-solicita-que-prefeitura-cumpra-a-lc-no-226-26\/#primaryimage\",\"url\":\"https:\/\/sintramem-sv.org.br\/sintramem\/wp-content\/uploads\/2000\/01\/7b517048-96cf-438f-9776-6c36f15a6a74.jpg\",\"contentUrl\":\"https:\/\/sintramem-sv.org.br\/sintramem\/wp-content\/uploads\/2000\/01\/7b517048-96cf-438f-9776-6c36f15a6a74.jpg\",\"width\":1294,\"height\":721},{\"@type\":\"BreadcrumbList\",\"@id\":\"https:\/\/sintramem-sv.org.br\/sintramem\/presidente-lula-sanciona-descongelamento-dos-direitos-dos-servidores-sintramem-solicita-que-prefeitura-cumpra-a-lc-no-226-26\/#breadcrumb\",\"itemListElement\":[{\"@type\":\"ListItem\",\"position\":1,\"name\":\"In\u00edcio\",\"item\":\"https:\/\/sintramem-sv.org.br\/sintramem\/\"},{\"@type\":\"ListItem\",\"position\":2,\"name\":\"Presidente Lula sanciona descongelamento dos direitos dos Servidores. SINTRAMEM solicita que Prefeitura cumpra a LC n\u00ba 226\/26\"}]},{\"@type\":\"WebSite\",\"@id\":\"https:\/\/sintramem-sv.org.br\/sintramem\/#website\",\"url\":\"https:\/\/sintramem-sv.org.br\/sintramem\/\",\"name\":\"SINTRAMEM\",\"description\":\"Sindicato dos Trabalhadores no Magist\u00e9rio e na Educa\u00e7\u00e3o de S\u00e3o Vicente\",\"publisher\":{\"@id\":\"https:\/\/sintramem-sv.org.br\/sintramem\/#organization\"},\"potentialAction\":[{\"@type\":\"SearchAction\",\"target\":{\"@type\":\"EntryPoint\",\"urlTemplate\":\"https:\/\/sintramem-sv.org.br\/sintramem\/?s={search_term_string}\"},\"query-input\":{\"@type\":\"PropertyValueSpecification\",\"valueRequired\":true,\"valueName\":\"search_term_string\"}}],\"inLanguage\":\"pt-BR\"},{\"@type\":\"Organization\",\"@id\":\"https:\/\/sintramem-sv.org.br\/sintramem\/#organization\",\"name\":\"SINTRAMEM\",\"url\":\"https:\/\/sintramem-sv.org.br\/sintramem\/\",\"logo\":{\"@type\":\"ImageObject\",\"inLanguage\":\"pt-BR\",\"@id\":\"https:\/\/sintramem-sv.org.br\/sintramem\/#\/schema\/logo\/image\/\",\"url\":\"https:\/\/sintramem-sv.org.br\/sintramem\/wp-content\/uploads\/2017\/02\/SINTRAMEM-LOGO-OFICIAL-300x100-jpg.jpg\",\"contentUrl\":\"https:\/\/sintramem-sv.org.br\/sintramem\/wp-content\/uploads\/2017\/02\/SINTRAMEM-LOGO-OFICIAL-300x100-jpg.jpg\",\"width\":150,\"height\":150,\"caption\":\"SINTRAMEM\"},\"image\":{\"@id\":\"https:\/\/sintramem-sv.org.br\/sintramem\/#\/schema\/logo\/image\/\"}},{\"@type\":\"Person\",\"@id\":\"https:\/\/sintramem-sv.org.br\/sintramem\/#\/schema\/person\/a8decb8ea63607d1e01e046c95ddcf2b\",\"name\":\"sintramem\",\"image\":{\"@type\":\"ImageObject\",\"inLanguage\":\"pt-BR\",\"@id\":\"https:\/\/sintramem-sv.org.br\/sintramem\/#\/schema\/person\/image\/\",\"url\":\"https:\/\/secure.gravatar.com\/avatar\/8e06da3b0d4f051010117c848b52b9280a4228043717057ccccccc8b20ff8f48?s=96&d=mm&r=g\",\"contentUrl\":\"https:\/\/secure.gravatar.com\/avatar\/8e06da3b0d4f051010117c848b52b9280a4228043717057ccccccc8b20ff8f48?s=96&d=mm&r=g\",\"caption\":\"sintramem\"},\"description\":\"Sindicato dos Trabalhadores no Magist\u00e9rio e na Educa\u00e7\u00e3o Municipal de S\u00e3o Vicente\",\"url\":\"https:\/\/sintramem-sv.org.br\/sintramem\/author\/sindsv\/\"}]}<\/script>\n<!-- \/ Yoast SEO plugin. -->","yoast_head_json":{"title":"Presidente Lula sanciona descongelamento dos direitos dos Servidores. SINTRAMEM solicita que Prefeitura cumpra a LC n\u00ba 226\/26 - SINTRAMEM","robots":{"index":"index","follow":"follow","max-snippet":"max-snippet:-1","max-image-preview":"max-image-preview:large","max-video-preview":"max-video-preview:-1"},"canonical":"https:\/\/sintramem-sv.org.br\/sintramem\/presidente-lula-sanciona-descongelamento-dos-direitos-dos-servidores-sintramem-solicita-que-prefeitura-cumpra-a-lc-no-226-26\/","og_locale":"pt_BR","og_type":"article","og_title":"Presidente Lula sanciona descongelamento dos direitos dos Servidores. SINTRAMEM solicita que Prefeitura cumpra a LC n\u00ba 226\/26 - SINTRAMEM","og_description":"O presidente Lu\u00eds In\u00e1cio Lula da Silva sancionou na \u00faltima segunda, 12 de janeiro, a Lei Complementar n\u00ba 226\/26. Esta \u00e9 uma das principais pautas de repara\u00e7\u00e3o ao funcionalismo p\u00fablico da hist\u00f3ria. A medida garante, ap\u00f3s anos de espera, o reconhecimento do per\u00edodo de 583 dias em que o tempo de servi\u00e7o foi congelado durante&hellip;","og_url":"https:\/\/sintramem-sv.org.br\/sintramem\/presidente-lula-sanciona-descongelamento-dos-direitos-dos-servidores-sintramem-solicita-que-prefeitura-cumpra-a-lc-no-226-26\/","og_site_name":"SINTRAMEM","article_published_time":"2026-01-13T13:25:40+00:00","article_modified_time":"2026-01-13T18:27:04+00:00","og_image":[{"width":500,"height":279,"url":"https:\/\/sintramem-sv.org.br\/sintramem\/wp-content\/uploads\/2000\/01\/7b517048-96cf-438f-9776-6c36f15a6a74-1.jpg","type":"image\/jpeg"}],"author":"sintramem","twitter_card":"summary_large_image","twitter_misc":{"Escrito por":"sintramem","Est. tempo de leitura":"2 minutos"},"schema":{"@context":"https:\/\/schema.org","@graph":[{"@type":"Article","@id":"https:\/\/sintramem-sv.org.br\/sintramem\/presidente-lula-sanciona-descongelamento-dos-direitos-dos-servidores-sintramem-solicita-que-prefeitura-cumpra-a-lc-no-226-26\/#article","isPartOf":{"@id":"https:\/\/sintramem-sv.org.br\/sintramem\/presidente-lula-sanciona-descongelamento-dos-direitos-dos-servidores-sintramem-solicita-que-prefeitura-cumpra-a-lc-no-226-26\/"},"author":{"name":"sintramem","@id":"https:\/\/sintramem-sv.org.br\/sintramem\/#\/schema\/person\/a8decb8ea63607d1e01e046c95ddcf2b"},"headline":"Presidente Lula sanciona descongelamento dos direitos dos Servidores. SINTRAMEM solicita que Prefeitura cumpra a LC n\u00ba 226\/26","datePublished":"2026-01-13T13:25:40+00:00","dateModified":"2026-01-13T18:27:04+00:00","mainEntityOfPage":{"@id":"https:\/\/sintramem-sv.org.br\/sintramem\/presidente-lula-sanciona-descongelamento-dos-direitos-dos-servidores-sintramem-solicita-que-prefeitura-cumpra-a-lc-no-226-26\/"},"wordCount":292,"commentCount":0,"publisher":{"@id":"https:\/\/sintramem-sv.org.br\/sintramem\/#organization"},"image":{"@id":"https:\/\/sintramem-sv.org.br\/sintramem\/presidente-lula-sanciona-descongelamento-dos-direitos-dos-servidores-sintramem-solicita-que-prefeitura-cumpra-a-lc-no-226-26\/#primaryimage"},"thumbnailUrl":"https:\/\/sintramem-sv.org.br\/sintramem\/wp-content\/uploads\/2000\/01\/7b517048-96cf-438f-9776-6c36f15a6a74.jpg","articleSection":["sintramem"],"inLanguage":"pt-BR","potentialAction":[{"@type":"CommentAction","name":"Comment","target":["https:\/\/sintramem-sv.org.br\/sintramem\/presidente-lula-sanciona-descongelamento-dos-direitos-dos-servidores-sintramem-solicita-que-prefeitura-cumpra-a-lc-no-226-26\/#respond"]}]},{"@type":"WebPage","@id":"https:\/\/sintramem-sv.org.br\/sintramem\/presidente-lula-sanciona-descongelamento-dos-direitos-dos-servidores-sintramem-solicita-que-prefeitura-cumpra-a-lc-no-226-26\/","url":"https:\/\/sintramem-sv.org.br\/sintramem\/presidente-lula-sanciona-descongelamento-dos-direitos-dos-servidores-sintramem-solicita-que-prefeitura-cumpra-a-lc-no-226-26\/","name":"Presidente Lula sanciona descongelamento dos direitos dos Servidores. SINTRAMEM solicita que Prefeitura cumpra a LC n\u00ba 226\/26 - SINTRAMEM","isPartOf":{"@id":"https:\/\/sintramem-sv.org.br\/sintramem\/#website"},"primaryImageOfPage":{"@id":"https:\/\/sintramem-sv.org.br\/sintramem\/presidente-lula-sanciona-descongelamento-dos-direitos-dos-servidores-sintramem-solicita-que-prefeitura-cumpra-a-lc-no-226-26\/#primaryimage"},"image":{"@id":"https:\/\/sintramem-sv.org.br\/sintramem\/presidente-lula-sanciona-descongelamento-dos-direitos-dos-servidores-sintramem-solicita-que-prefeitura-cumpra-a-lc-no-226-26\/#primaryimage"},"thumbnailUrl":"https:\/\/sintramem-sv.org.br\/sintramem\/wp-content\/uploads\/2000\/01\/7b517048-96cf-438f-9776-6c36f15a6a74.jpg","datePublished":"2026-01-13T13:25:40+00:00","dateModified":"2026-01-13T18:27:04+00:00","breadcrumb":{"@id":"https:\/\/sintramem-sv.org.br\/sintramem\/presidente-lula-sanciona-descongelamento-dos-direitos-dos-servidores-sintramem-solicita-que-prefeitura-cumpra-a-lc-no-226-26\/#breadcrumb"},"inLanguage":"pt-BR","potentialAction":[{"@type":"ReadAction","target":["https:\/\/sintramem-sv.org.br\/sintramem\/presidente-lula-sanciona-descongelamento-dos-direitos-dos-servidores-sintramem-solicita-que-prefeitura-cumpra-a-lc-no-226-26\/"]}]},{"@type":"ImageObject","inLanguage":"pt-BR","@id":"https:\/\/sintramem-sv.org.br\/sintramem\/presidente-lula-sanciona-descongelamento-dos-direitos-dos-servidores-sintramem-solicita-que-prefeitura-cumpra-a-lc-no-226-26\/#primaryimage","url":"https:\/\/sintramem-sv.org.br\/sintramem\/wp-content\/uploads\/2000\/01\/7b517048-96cf-438f-9776-6c36f15a6a74.jpg","contentUrl":"https:\/\/sintramem-sv.org.br\/sintramem\/wp-content\/uploads\/2000\/01\/7b517048-96cf-438f-9776-6c36f15a6a74.jpg","width":1294,"height":721},{"@type":"BreadcrumbList","@id":"https:\/\/sintramem-sv.org.br\/sintramem\/presidente-lula-sanciona-descongelamento-dos-direitos-dos-servidores-sintramem-solicita-que-prefeitura-cumpra-a-lc-no-226-26\/#breadcrumb","itemListElement":[{"@type":"ListItem","position":1,"name":"In\u00edcio","item":"https:\/\/sintramem-sv.org.br\/sintramem\/"},{"@type":"ListItem","position":2,"name":"Presidente Lula sanciona descongelamento dos direitos dos Servidores. SINTRAMEM solicita que Prefeitura cumpra a LC n\u00ba 226\/26"}]},{"@type":"WebSite","@id":"https:\/\/sintramem-sv.org.br\/sintramem\/#website","url":"https:\/\/sintramem-sv.org.br\/sintramem\/","name":"SINTRAMEM","description":"Sindicato dos Trabalhadores no Magist\u00e9rio e na Educa\u00e7\u00e3o de S\u00e3o Vicente","publisher":{"@id":"https:\/\/sintramem-sv.org.br\/sintramem\/#organization"},"potentialAction":[{"@type":"SearchAction","target":{"@type":"EntryPoint","urlTemplate":"https:\/\/sintramem-sv.org.br\/sintramem\/?s={search_term_string}"},"query-input":{"@type":"PropertyValueSpecification","valueRequired":true,"valueName":"search_term_string"}}],"inLanguage":"pt-BR"},{"@type":"Organization","@id":"https:\/\/sintramem-sv.org.br\/sintramem\/#organization","name":"SINTRAMEM","url":"https:\/\/sintramem-sv.org.br\/sintramem\/","logo":{"@type":"ImageObject","inLanguage":"pt-BR","@id":"https:\/\/sintramem-sv.org.br\/sintramem\/#\/schema\/logo\/image\/","url":"https:\/\/sintramem-sv.org.br\/sintramem\/wp-content\/uploads\/2017\/02\/SINTRAMEM-LOGO-OFICIAL-300x100-jpg.jpg","contentUrl":"https:\/\/sintramem-sv.org.br\/sintramem\/wp-content\/uploads\/2017\/02\/SINTRAMEM-LOGO-OFICIAL-300x100-jpg.jpg","width":150,"height":150,"caption":"SINTRAMEM"},"image":{"@id":"https:\/\/sintramem-sv.org.br\/sintramem\/#\/schema\/logo\/image\/"}},{"@type":"Person","@id":"https:\/\/sintramem-sv.org.br\/sintramem\/#\/schema\/person\/a8decb8ea63607d1e01e046c95ddcf2b","name":"sintramem","image":{"@type":"ImageObject","inLanguage":"pt-BR","@id":"https:\/\/sintramem-sv.org.br\/sintramem\/#\/schema\/person\/image\/","url":"https:\/\/secure.gravatar.com\/avatar\/8e06da3b0d4f051010117c848b52b9280a4228043717057ccccccc8b20ff8f48?s=96&d=mm&r=g","contentUrl":"https:\/\/secure.gravatar.com\/avatar\/8e06da3b0d4f051010117c848b52b9280a4228043717057ccccccc8b20ff8f48?s=96&d=mm&r=g","caption":"sintramem"},"description":"Sindicato dos Trabalhadores no Magist\u00e9rio e na Educa\u00e7\u00e3o Municipal de S\u00e3o Vicente","url":"https:\/\/sintramem-sv.org.br\/sintramem\/author\/sindsv\/"}]}},"_links":{"self":[{"href":"https:\/\/sintramem-sv.org.br\/sintramem\/wp-json\/wp\/v2\/posts\/9265","targetHints":{"allow":["GET"]}}],"collection":[{"href":"https:\/\/sintramem-sv.org.br\/sintramem\/wp-json\/wp\/v2\/posts"}],"about":[{"href":"https:\/\/sintramem-sv.org.br\/sintramem\/wp-json\/wp\/v2\/types\/post"}],"author":[{"embeddable":true,"href":"https:\/\/sintramem-sv.org.br\/sintramem\/wp-json\/wp\/v2\/users\/1"}],"replies":[{"embeddable":true,"href":"https:\/\/sintramem-sv.org.br\/sintramem\/wp-json\/wp\/v2\/comments?post=9265"}],"version-history":[{"count":12,"href":"https:\/\/sintramem-sv.org.br\/sintramem\/wp-json\/wp\/v2\/posts\/9265\/revisions"}],"predecessor-version":[{"id":9289,"href":"https:\/\/sintramem-sv.org.br\/sintramem\/wp-json\/wp\/v2\/posts\/9265\/revisions\/9289"}],"wp:featuredmedia":[{"embeddable":true,"href":"https:\/\/sintramem-sv.org.br\/sintramem\/wp-json\/wp\/v2\/media\/9281"}],"wp:attachment":[{"href":"https:\/\/sintramem-sv.org.br\/sintramem\/wp-json\/wp\/v2\/media?parent=9265"}],"wp:term":[{"taxonomy":"category","embeddable":true,"href":"https:\/\/sintramem-sv.org.br\/sintramem\/wp-json\/wp\/v2\/categories?post=9265"},{"taxonomy":"post_tag","embeddable":true,"href":"https:\/\/sintramem-sv.org.br\/sintramem\/wp-json\/wp\/v2\/tags?post=9265"}],"curies":[{"name":"wp","href":"https:\/\/api.w.org\/{rel}","templated":true}]}}