{"id":9254,"date":"2026-01-09T14:56:44","date_gmt":"2026-01-09T14:56:44","guid":{"rendered":"https:\/\/sintramem-sv.org.br\/sintramem\/?p=9254"},"modified":"2026-01-09T15:01:20","modified_gmt":"2026-01-09T15:01:20","slug":"repercussao-nos-veiculos-de-imprensa-amplifica-luta-do-sintramem-pelos-direitos-do-magisterio","status":"publish","type":"post","link":"https:\/\/sintramem-sv.org.br\/sintramem\/repercussao-nos-veiculos-de-imprensa-amplifica-luta-do-sintramem-pelos-direitos-do-magisterio\/","title":{"rendered":"Repercuss\u00e3o nos ve\u00edculos de imprensa amplifica luta do SINTRAMEM pelos direitos do Magist\u00e9rio"},"content":{"rendered":"<p><span style=\"font-size: 14pt;\">A cobertura da imprensa transformou uma reivindica\u00e7\u00e3o interna em um debate p\u00fablico de grande alcance. Ve\u00edculos de comunica\u00e7\u00e3o de toda a regi\u00e3o deram voz e visibilidade \u00e0 urgente demanda dos profissionais da educa\u00e7\u00e3o municipal pelo pagamento das f\u00e9rias atrasadas. Esse amplo espa\u00e7o midi\u00e1tico solicitado pelo <span style=\"color: #ff0000;\"><strong>SINTRAMEM<\/strong><\/span> n\u00e3o apenas exp\u00f4s a situa\u00e7\u00e3o, mas tamb\u00e9m nos ajudou a exercer press\u00e3o sobre o Governo, culminando no <a href=\"https:\/\/sintramem-sv.org.br\/sintramem\/luta-permanente-sintramem-assegura-pagamento-das-ferias-e-aciona-medidas-legais-contra-a-prefeitura\/\" target=\"_blank\" rel=\"noopener\"><strong>an\u00fancio oficial do pagamento para 13 de janeiro<\/strong><\/a>.<\/span><\/p>\n<p><span style=\"font-size: 14pt;\"><span style=\"background-color: #ffff00; color: #333333;\"><strong>A estrat\u00e9gia sindical de dialogar ativamente com os jornalistas<\/strong><\/span> foi decisiva para que a narrativa real fosse ouvida. \u201cAgradecemos a cada um dos ve\u00edculos por ter dado esse espa\u00e7o e mostrado a verdade sobre os acontecimentos, utilizando as verdadeiras palavras que trazem o conceito do que os profissionais t\u00eam vivido\u201d, afirma o presidente <strong>Thobias Paraguai<\/strong>. Ele ressalta que o contato com os meios de comunica\u00e7\u00e3o foi um movimento intencional para \u201cfortalecer a nossa luta e pressionar o Governo\u201d, demonstrando o poder da informa\u00e7\u00e3o bem conduzida.<\/span><\/p>\n<p><span style=\"font-size: 18pt; color: #ffffff; background-color: #ff0000;\"><strong>VIT\u00d3RIA INICIAL, LUTA PERMANENTE<\/strong><\/span><\/p>\n<p><span style=\"font-size: 14pt;\">A conquista da data, por\u00e9m, \u00e9 vista como uma primeira etapa. O Sindicato deixa claro que a aten\u00e7\u00e3o da m\u00eddia refor\u00e7ou sua legitimidade e agora serve de base para as pr\u00f3ximas a\u00e7\u00f5es. Com o compromisso assumido, o foco avan\u00e7a para garantir que o atraso n\u00e3o se repita. A entidade j\u00e1 encaminha den\u00fancias formais ao Minist\u00e9rio P\u00fablico, utilizando a repercuss\u00e3o obtida como um trampolim para buscar responsabiliza\u00e7\u00e3o e mudan\u00e7as estruturais duradouras.<\/span><\/p>\n<p><a href=\"https:\/\/www.atribuna.com.br\/cidades\/sao-vicente\/servidores-da-educac-o-em-s-o-vicente-reclamam-do-atraso-no-pagamento-das-ferias-prefeitura-se-posiciona-1.495391\" target=\"_blank\" rel=\"noopener\"><img loading=\"lazy\" decoding=\"async\" class=\"aligncenter wp-image-9261 size-full\" src=\"https:\/\/sintramem-sv.org.br\/sintramem\/wp-content\/uploads\/2026\/01\/oficio-padrao-4.png\" alt=\"\" width=\"1080\" height=\"1350\" srcset=\"https:\/\/sintramem-sv.org.br\/sintramem\/wp-content\/uploads\/2026\/01\/oficio-padrao-4.png 1080w, https:\/\/sintramem-sv.org.br\/sintramem\/wp-content\/uploads\/2026\/01\/oficio-padrao-4-240x300.png 240w, https:\/\/sintramem-sv.org.br\/sintramem\/wp-content\/uploads\/2026\/01\/oficio-padrao-4-819x1024.png 819w, https:\/\/sintramem-sv.org.br\/sintramem\/wp-content\/uploads\/2026\/01\/oficio-padrao-4-768x960.png 768w\" sizes=\"auto, (max-width: 1080px) 100vw, 1080px\" \/><\/a><\/p>\n<p><a href=\"https:\/\/jornaldaorla.com.br\/noticias\/jornal\/8-janeiro-2026-n-3-265\/\" target=\"_blank\" rel=\"noopener\"><img loading=\"lazy\" decoding=\"async\" class=\"aligncenter wp-image-9258 size-full\" src=\"https:\/\/sintramem-sv.org.br\/sintramem\/wp-content\/uploads\/2026\/01\/oficio-padrao-1.png\" alt=\"\" width=\"1080\" height=\"1350\" srcset=\"https:\/\/sintramem-sv.org.br\/sintramem\/wp-content\/uploads\/2026\/01\/oficio-padrao-1.png 1080w, https:\/\/sintramem-sv.org.br\/sintramem\/wp-content\/uploads\/2026\/01\/oficio-padrao-1-240x300.png 240w, https:\/\/sintramem-sv.org.br\/sintramem\/wp-content\/uploads\/2026\/01\/oficio-padrao-1-819x1024.png 819w, https:\/\/sintramem-sv.org.br\/sintramem\/wp-content\/uploads\/2026\/01\/oficio-padrao-1-768x960.png 768w\" sizes=\"auto, (max-width: 1080px) 100vw, 1080px\" \/><\/a><\/p>\n<p><a href=\"https:\/\/osinconfidentes.com.br\/professores-de-sao-vicente-sp-devem-entrar-na-justica-por-ferias-da-categoria\/\" target=\"_blank\" rel=\"noopener\"><img loading=\"lazy\" decoding=\"async\" class=\"aligncenter wp-image-9260 size-full\" src=\"https:\/\/sintramem-sv.org.br\/sintramem\/wp-content\/uploads\/2026\/01\/oficio-padrao-3.png\" alt=\"\" width=\"1080\" height=\"1350\" srcset=\"https:\/\/sintramem-sv.org.br\/sintramem\/wp-content\/uploads\/2026\/01\/oficio-padrao-3.png 1080w, https:\/\/sintramem-sv.org.br\/sintramem\/wp-content\/uploads\/2026\/01\/oficio-padrao-3-240x300.png 240w, https:\/\/sintramem-sv.org.br\/sintramem\/wp-content\/uploads\/2026\/01\/oficio-padrao-3-819x1024.png 819w, https:\/\/sintramem-sv.org.br\/sintramem\/wp-content\/uploads\/2026\/01\/oficio-padrao-3-768x960.png 768w\" sizes=\"auto, (max-width: 1080px) 100vw, 1080px\" \/><\/a><\/p>\n<p><a href=\"https:\/\/revistaforum.com.br\/sp\/decepcao-professores-de-sao-vicente-passam-natal-e-inicio-de-2026-sem-pagamento-de-ferias\/\" target=\"_blank\" rel=\"noopener\"><img loading=\"lazy\" decoding=\"async\" class=\"aligncenter wp-image-9259 size-full\" src=\"https:\/\/sintramem-sv.org.br\/sintramem\/wp-content\/uploads\/2026\/01\/oficio-padrao-2.png\" alt=\"\" width=\"1080\" height=\"1350\" srcset=\"https:\/\/sintramem-sv.org.br\/sintramem\/wp-content\/uploads\/2026\/01\/oficio-padrao-2.png 1080w, https:\/\/sintramem-sv.org.br\/sintramem\/wp-content\/uploads\/2026\/01\/oficio-padrao-2-240x300.png 240w, https:\/\/sintramem-sv.org.br\/sintramem\/wp-content\/uploads\/2026\/01\/oficio-padrao-2-819x1024.png 819w, https:\/\/sintramem-sv.org.br\/sintramem\/wp-content\/uploads\/2026\/01\/oficio-padrao-2-768x960.png 768w\" sizes=\"auto, (max-width: 1080px) 100vw, 1080px\" \/><\/a><\/p>\n","protected":false},"excerpt":{"rendered":"<p>A cobertura da imprensa transformou uma reivindica\u00e7\u00e3o interna em um debate p\u00fablico de grande alcance. Ve\u00edculos de comunica\u00e7\u00e3o de toda a regi\u00e3o deram voz e visibilidade \u00e0 urgente demanda dos profissionais da educa\u00e7\u00e3o municipal pelo pagamento das f\u00e9rias atrasadas. Esse amplo espa\u00e7o midi\u00e1tico solicitado pelo SINTRAMEM n\u00e3o apenas exp\u00f4s a situa\u00e7\u00e3o, mas tamb\u00e9m nos ajudou&hellip;<\/p>\n","protected":false},"author":1,"featured_media":9255,"comment_status":"open","ping_status":"closed","sticky":false,"template":"","format":"standard","meta":{"_monsterinsights_skip_tracking":false,"_monsterinsights_sitenote_active":false,"_monsterinsights_sitenote_note":"","_monsterinsights_sitenote_category":0,"footnotes":""},"categories":[19],"tags":[],"class_list":["post-9254","post","type-post","status-publish","format-standard","has-post-thumbnail","hentry","category-sintramem"],"yoast_head":"<!-- This site is optimized with the Yoast SEO plugin v27.0 - https:\/\/yoast.com\/product\/yoast-seo-wordpress\/ -->\n<title>Repercuss\u00e3o nos ve\u00edculos de imprensa amplifica luta do SINTRAMEM pelos direitos do Magist\u00e9rio - SINTRAMEM<\/title>\n<meta name=\"robots\" content=\"index, follow, max-snippet:-1, max-image-preview:large, max-video-preview:-1\" \/>\n<link rel=\"canonical\" href=\"https:\/\/sintramem-sv.org.br\/sintramem\/repercussao-nos-veiculos-de-imprensa-amplifica-luta-do-sintramem-pelos-direitos-do-magisterio\/\" \/>\n<meta property=\"og:locale\" content=\"pt_BR\" \/>\n<meta property=\"og:type\" content=\"article\" \/>\n<meta property=\"og:title\" content=\"Repercuss\u00e3o nos ve\u00edculos de imprensa amplifica luta do SINTRAMEM pelos direitos do Magist\u00e9rio - SINTRAMEM\" \/>\n<meta property=\"og:description\" content=\"A cobertura da imprensa transformou uma reivindica\u00e7\u00e3o interna em um debate p\u00fablico de grande alcance. Ve\u00edculos de comunica\u00e7\u00e3o de toda a regi\u00e3o deram voz e visibilidade \u00e0 urgente demanda dos profissionais da educa\u00e7\u00e3o municipal pelo pagamento das f\u00e9rias atrasadas. Esse amplo espa\u00e7o midi\u00e1tico solicitado pelo SINTRAMEM n\u00e3o apenas exp\u00f4s a situa\u00e7\u00e3o, mas tamb\u00e9m nos ajudou&hellip;\" \/>\n<meta property=\"og:url\" content=\"https:\/\/sintramem-sv.org.br\/sintramem\/repercussao-nos-veiculos-de-imprensa-amplifica-luta-do-sintramem-pelos-direitos-do-magisterio\/\" \/>\n<meta property=\"og:site_name\" content=\"SINTRAMEM\" \/>\n<meta property=\"article:published_time\" content=\"2026-01-09T14:56:44+00:00\" \/>\n<meta property=\"article:modified_time\" content=\"2026-01-09T15:01:20+00:00\" \/>\n<meta property=\"og:image\" content=\"https:\/\/sintramem-sv.org.br\/sintramem\/wp-content\/uploads\/2026\/01\/menor-1.png\" \/>\n\t<meta property=\"og:image:width\" content=\"500\" \/>\n\t<meta property=\"og:image:height\" content=\"278\" \/>\n\t<meta property=\"og:image:type\" content=\"image\/png\" \/>\n<meta name=\"author\" content=\"sintramem\" \/>\n<meta name=\"twitter:card\" content=\"summary_large_image\" \/>\n<meta name=\"twitter:label1\" content=\"Escrito por\" \/>\n\t<meta name=\"twitter:data1\" content=\"sintramem\" \/>\n\t<meta name=\"twitter:label2\" content=\"Est. tempo de leitura\" \/>\n\t<meta name=\"twitter:data2\" content=\"3 minutos\" \/>\n<script type=\"application\/ld+json\" class=\"yoast-schema-graph\">{\"@context\":\"https:\/\/schema.org\",\"@graph\":[{\"@type\":\"Article\",\"@id\":\"https:\/\/sintramem-sv.org.br\/sintramem\/repercussao-nos-veiculos-de-imprensa-amplifica-luta-do-sintramem-pelos-direitos-do-magisterio\/#article\",\"isPartOf\":{\"@id\":\"https:\/\/sintramem-sv.org.br\/sintramem\/repercussao-nos-veiculos-de-imprensa-amplifica-luta-do-sintramem-pelos-direitos-do-magisterio\/\"},\"author\":{\"name\":\"sintramem\",\"@id\":\"https:\/\/sintramem-sv.org.br\/sintramem\/#\/schema\/person\/a8decb8ea63607d1e01e046c95ddcf2b\"},\"headline\":\"Repercuss\u00e3o nos ve\u00edculos de imprensa amplifica luta do SINTRAMEM pelos direitos do Magist\u00e9rio\",\"datePublished\":\"2026-01-09T14:56:44+00:00\",\"dateModified\":\"2026-01-09T15:01:20+00:00\",\"mainEntityOfPage\":{\"@id\":\"https:\/\/sintramem-sv.org.br\/sintramem\/repercussao-nos-veiculos-de-imprensa-amplifica-luta-do-sintramem-pelos-direitos-do-magisterio\/\"},\"wordCount\":279,\"commentCount\":0,\"publisher\":{\"@id\":\"https:\/\/sintramem-sv.org.br\/sintramem\/#organization\"},\"image\":{\"@id\":\"https:\/\/sintramem-sv.org.br\/sintramem\/repercussao-nos-veiculos-de-imprensa-amplifica-luta-do-sintramem-pelos-direitos-do-magisterio\/#primaryimage\"},\"thumbnailUrl\":\"https:\/\/sintramem-sv.org.br\/sintramem\/wp-content\/uploads\/2026\/01\/Destacada-Imprensa-SINTRAMEM.png\",\"articleSection\":[\"Sintramem\"],\"inLanguage\":\"pt-BR\",\"potentialAction\":[{\"@type\":\"CommentAction\",\"name\":\"Comment\",\"target\":[\"https:\/\/sintramem-sv.org.br\/sintramem\/repercussao-nos-veiculos-de-imprensa-amplifica-luta-do-sintramem-pelos-direitos-do-magisterio\/#respond\"]}]},{\"@type\":\"WebPage\",\"@id\":\"https:\/\/sintramem-sv.org.br\/sintramem\/repercussao-nos-veiculos-de-imprensa-amplifica-luta-do-sintramem-pelos-direitos-do-magisterio\/\",\"url\":\"https:\/\/sintramem-sv.org.br\/sintramem\/repercussao-nos-veiculos-de-imprensa-amplifica-luta-do-sintramem-pelos-direitos-do-magisterio\/\",\"name\":\"Repercuss\u00e3o nos ve\u00edculos de imprensa amplifica luta do SINTRAMEM pelos direitos do Magist\u00e9rio - SINTRAMEM\",\"isPartOf\":{\"@id\":\"https:\/\/sintramem-sv.org.br\/sintramem\/#website\"},\"primaryImageOfPage\":{\"@id\":\"https:\/\/sintramem-sv.org.br\/sintramem\/repercussao-nos-veiculos-de-imprensa-amplifica-luta-do-sintramem-pelos-direitos-do-magisterio\/#primaryimage\"},\"image\":{\"@id\":\"https:\/\/sintramem-sv.org.br\/sintramem\/repercussao-nos-veiculos-de-imprensa-amplifica-luta-do-sintramem-pelos-direitos-do-magisterio\/#primaryimage\"},\"thumbnailUrl\":\"https:\/\/sintramem-sv.org.br\/sintramem\/wp-content\/uploads\/2026\/01\/Destacada-Imprensa-SINTRAMEM.png\",\"datePublished\":\"2026-01-09T14:56:44+00:00\",\"dateModified\":\"2026-01-09T15:01:20+00:00\",\"breadcrumb\":{\"@id\":\"https:\/\/sintramem-sv.org.br\/sintramem\/repercussao-nos-veiculos-de-imprensa-amplifica-luta-do-sintramem-pelos-direitos-do-magisterio\/#breadcrumb\"},\"inLanguage\":\"pt-BR\",\"potentialAction\":[{\"@type\":\"ReadAction\",\"target\":[\"https:\/\/sintramem-sv.org.br\/sintramem\/repercussao-nos-veiculos-de-imprensa-amplifica-luta-do-sintramem-pelos-direitos-do-magisterio\/\"]}]},{\"@type\":\"ImageObject\",\"inLanguage\":\"pt-BR\",\"@id\":\"https:\/\/sintramem-sv.org.br\/sintramem\/repercussao-nos-veiculos-de-imprensa-amplifica-luta-do-sintramem-pelos-direitos-do-magisterio\/#primaryimage\",\"url\":\"https:\/\/sintramem-sv.org.br\/sintramem\/wp-content\/uploads\/2026\/01\/Destacada-Imprensa-SINTRAMEM.png\",\"contentUrl\":\"https:\/\/sintramem-sv.org.br\/sintramem\/wp-content\/uploads\/2026\/01\/Destacada-Imprensa-SINTRAMEM.png\",\"width\":1294,\"height\":720},{\"@type\":\"BreadcrumbList\",\"@id\":\"https:\/\/sintramem-sv.org.br\/sintramem\/repercussao-nos-veiculos-de-imprensa-amplifica-luta-do-sintramem-pelos-direitos-do-magisterio\/#breadcrumb\",\"itemListElement\":[{\"@type\":\"ListItem\",\"position\":1,\"name\":\"In\u00edcio\",\"item\":\"https:\/\/sintramem-sv.org.br\/sintramem\/\"},{\"@type\":\"ListItem\",\"position\":2,\"name\":\"Repercuss\u00e3o nos ve\u00edculos de imprensa amplifica luta do SINTRAMEM pelos direitos do Magist\u00e9rio\"}]},{\"@type\":\"WebSite\",\"@id\":\"https:\/\/sintramem-sv.org.br\/sintramem\/#website\",\"url\":\"https:\/\/sintramem-sv.org.br\/sintramem\/\",\"name\":\"SINTRAMEM\",\"description\":\"Sindicato dos Trabalhadores no Magist\u00e9rio e na Educa\u00e7\u00e3o de S\u00e3o Vicente\",\"publisher\":{\"@id\":\"https:\/\/sintramem-sv.org.br\/sintramem\/#organization\"},\"potentialAction\":[{\"@type\":\"SearchAction\",\"target\":{\"@type\":\"EntryPoint\",\"urlTemplate\":\"https:\/\/sintramem-sv.org.br\/sintramem\/?s={search_term_string}\"},\"query-input\":{\"@type\":\"PropertyValueSpecification\",\"valueRequired\":true,\"valueName\":\"search_term_string\"}}],\"inLanguage\":\"pt-BR\"},{\"@type\":\"Organization\",\"@id\":\"https:\/\/sintramem-sv.org.br\/sintramem\/#organization\",\"name\":\"SINTRAMEM\",\"url\":\"https:\/\/sintramem-sv.org.br\/sintramem\/\",\"logo\":{\"@type\":\"ImageObject\",\"inLanguage\":\"pt-BR\",\"@id\":\"https:\/\/sintramem-sv.org.br\/sintramem\/#\/schema\/logo\/image\/\",\"url\":\"https:\/\/sintramem-sv.org.br\/sintramem\/wp-content\/uploads\/2017\/02\/SINTRAMEM-LOGO-OFICIAL-300x100-jpg.jpg\",\"contentUrl\":\"https:\/\/sintramem-sv.org.br\/sintramem\/wp-content\/uploads\/2017\/02\/SINTRAMEM-LOGO-OFICIAL-300x100-jpg.jpg\",\"width\":150,\"height\":150,\"caption\":\"SINTRAMEM\"},\"image\":{\"@id\":\"https:\/\/sintramem-sv.org.br\/sintramem\/#\/schema\/logo\/image\/\"}},{\"@type\":\"Person\",\"@id\":\"https:\/\/sintramem-sv.org.br\/sintramem\/#\/schema\/person\/a8decb8ea63607d1e01e046c95ddcf2b\",\"name\":\"sintramem\",\"image\":{\"@type\":\"ImageObject\",\"inLanguage\":\"pt-BR\",\"@id\":\"https:\/\/sintramem-sv.org.br\/sintramem\/#\/schema\/person\/image\/\",\"url\":\"https:\/\/secure.gravatar.com\/avatar\/8e06da3b0d4f051010117c848b52b9280a4228043717057ccccccc8b20ff8f48?s=96&d=mm&r=g\",\"contentUrl\":\"https:\/\/secure.gravatar.com\/avatar\/8e06da3b0d4f051010117c848b52b9280a4228043717057ccccccc8b20ff8f48?s=96&d=mm&r=g\",\"caption\":\"sintramem\"},\"description\":\"Sindicato dos Trabalhadores no Magist\u00e9rio e na Educa\u00e7\u00e3o Municipal de S\u00e3o Vicente\",\"url\":\"https:\/\/sintramem-sv.org.br\/sintramem\/author\/sindsv\/\"}]}<\/script>\n<!-- \/ Yoast SEO plugin. -->","yoast_head_json":{"title":"Repercuss\u00e3o nos ve\u00edculos de imprensa amplifica luta do SINTRAMEM pelos direitos do Magist\u00e9rio - SINTRAMEM","robots":{"index":"index","follow":"follow","max-snippet":"max-snippet:-1","max-image-preview":"max-image-preview:large","max-video-preview":"max-video-preview:-1"},"canonical":"https:\/\/sintramem-sv.org.br\/sintramem\/repercussao-nos-veiculos-de-imprensa-amplifica-luta-do-sintramem-pelos-direitos-do-magisterio\/","og_locale":"pt_BR","og_type":"article","og_title":"Repercuss\u00e3o nos ve\u00edculos de imprensa amplifica luta do SINTRAMEM pelos direitos do Magist\u00e9rio - SINTRAMEM","og_description":"A cobertura da imprensa transformou uma reivindica\u00e7\u00e3o interna em um debate p\u00fablico de grande alcance. Ve\u00edculos de comunica\u00e7\u00e3o de toda a regi\u00e3o deram voz e visibilidade \u00e0 urgente demanda dos profissionais da educa\u00e7\u00e3o municipal pelo pagamento das f\u00e9rias atrasadas. Esse amplo espa\u00e7o midi\u00e1tico solicitado pelo SINTRAMEM n\u00e3o apenas exp\u00f4s a situa\u00e7\u00e3o, mas tamb\u00e9m nos ajudou&hellip;","og_url":"https:\/\/sintramem-sv.org.br\/sintramem\/repercussao-nos-veiculos-de-imprensa-amplifica-luta-do-sintramem-pelos-direitos-do-magisterio\/","og_site_name":"SINTRAMEM","article_published_time":"2026-01-09T14:56:44+00:00","article_modified_time":"2026-01-09T15:01:20+00:00","og_image":[{"width":500,"height":278,"url":"https:\/\/sintramem-sv.org.br\/sintramem\/wp-content\/uploads\/2026\/01\/menor-1.png","type":"image\/png"}],"author":"sintramem","twitter_card":"summary_large_image","twitter_misc":{"Escrito por":"sintramem","Est. tempo de leitura":"3 minutos"},"schema":{"@context":"https:\/\/schema.org","@graph":[{"@type":"Article","@id":"https:\/\/sintramem-sv.org.br\/sintramem\/repercussao-nos-veiculos-de-imprensa-amplifica-luta-do-sintramem-pelos-direitos-do-magisterio\/#article","isPartOf":{"@id":"https:\/\/sintramem-sv.org.br\/sintramem\/repercussao-nos-veiculos-de-imprensa-amplifica-luta-do-sintramem-pelos-direitos-do-magisterio\/"},"author":{"name":"sintramem","@id":"https:\/\/sintramem-sv.org.br\/sintramem\/#\/schema\/person\/a8decb8ea63607d1e01e046c95ddcf2b"},"headline":"Repercuss\u00e3o nos ve\u00edculos de imprensa amplifica luta do SINTRAMEM pelos direitos do Magist\u00e9rio","datePublished":"2026-01-09T14:56:44+00:00","dateModified":"2026-01-09T15:01:20+00:00","mainEntityOfPage":{"@id":"https:\/\/sintramem-sv.org.br\/sintramem\/repercussao-nos-veiculos-de-imprensa-amplifica-luta-do-sintramem-pelos-direitos-do-magisterio\/"},"wordCount":279,"commentCount":0,"publisher":{"@id":"https:\/\/sintramem-sv.org.br\/sintramem\/#organization"},"image":{"@id":"https:\/\/sintramem-sv.org.br\/sintramem\/repercussao-nos-veiculos-de-imprensa-amplifica-luta-do-sintramem-pelos-direitos-do-magisterio\/#primaryimage"},"thumbnailUrl":"https:\/\/sintramem-sv.org.br\/sintramem\/wp-content\/uploads\/2026\/01\/Destacada-Imprensa-SINTRAMEM.png","articleSection":["Sintramem"],"inLanguage":"pt-BR","potentialAction":[{"@type":"CommentAction","name":"Comment","target":["https:\/\/sintramem-sv.org.br\/sintramem\/repercussao-nos-veiculos-de-imprensa-amplifica-luta-do-sintramem-pelos-direitos-do-magisterio\/#respond"]}]},{"@type":"WebPage","@id":"https:\/\/sintramem-sv.org.br\/sintramem\/repercussao-nos-veiculos-de-imprensa-amplifica-luta-do-sintramem-pelos-direitos-do-magisterio\/","url":"https:\/\/sintramem-sv.org.br\/sintramem\/repercussao-nos-veiculos-de-imprensa-amplifica-luta-do-sintramem-pelos-direitos-do-magisterio\/","name":"Repercuss\u00e3o nos ve\u00edculos de imprensa amplifica luta do SINTRAMEM pelos direitos do Magist\u00e9rio - SINTRAMEM","isPartOf":{"@id":"https:\/\/sintramem-sv.org.br\/sintramem\/#website"},"primaryImageOfPage":{"@id":"https:\/\/sintramem-sv.org.br\/sintramem\/repercussao-nos-veiculos-de-imprensa-amplifica-luta-do-sintramem-pelos-direitos-do-magisterio\/#primaryimage"},"image":{"@id":"https:\/\/sintramem-sv.org.br\/sintramem\/repercussao-nos-veiculos-de-imprensa-amplifica-luta-do-sintramem-pelos-direitos-do-magisterio\/#primaryimage"},"thumbnailUrl":"https:\/\/sintramem-sv.org.br\/sintramem\/wp-content\/uploads\/2026\/01\/Destacada-Imprensa-SINTRAMEM.png","datePublished":"2026-01-09T14:56:44+00:00","dateModified":"2026-01-09T15:01:20+00:00","breadcrumb":{"@id":"https:\/\/sintramem-sv.org.br\/sintramem\/repercussao-nos-veiculos-de-imprensa-amplifica-luta-do-sintramem-pelos-direitos-do-magisterio\/#breadcrumb"},"inLanguage":"pt-BR","potentialAction":[{"@type":"ReadAction","target":["https:\/\/sintramem-sv.org.br\/sintramem\/repercussao-nos-veiculos-de-imprensa-amplifica-luta-do-sintramem-pelos-direitos-do-magisterio\/"]}]},{"@type":"ImageObject","inLanguage":"pt-BR","@id":"https:\/\/sintramem-sv.org.br\/sintramem\/repercussao-nos-veiculos-de-imprensa-amplifica-luta-do-sintramem-pelos-direitos-do-magisterio\/#primaryimage","url":"https:\/\/sintramem-sv.org.br\/sintramem\/wp-content\/uploads\/2026\/01\/Destacada-Imprensa-SINTRAMEM.png","contentUrl":"https:\/\/sintramem-sv.org.br\/sintramem\/wp-content\/uploads\/2026\/01\/Destacada-Imprensa-SINTRAMEM.png","width":1294,"height":720},{"@type":"BreadcrumbList","@id":"https:\/\/sintramem-sv.org.br\/sintramem\/repercussao-nos-veiculos-de-imprensa-amplifica-luta-do-sintramem-pelos-direitos-do-magisterio\/#breadcrumb","itemListElement":[{"@type":"ListItem","position":1,"name":"In\u00edcio","item":"https:\/\/sintramem-sv.org.br\/sintramem\/"},{"@type":"ListItem","position":2,"name":"Repercuss\u00e3o nos ve\u00edculos de imprensa amplifica luta do SINTRAMEM pelos direitos do Magist\u00e9rio"}]},{"@type":"WebSite","@id":"https:\/\/sintramem-sv.org.br\/sintramem\/#website","url":"https:\/\/sintramem-sv.org.br\/sintramem\/","name":"SINTRAMEM","description":"Sindicato dos Trabalhadores no Magist\u00e9rio e na Educa\u00e7\u00e3o de S\u00e3o Vicente","publisher":{"@id":"https:\/\/sintramem-sv.org.br\/sintramem\/#organization"},"potentialAction":[{"@type":"SearchAction","target":{"@type":"EntryPoint","urlTemplate":"https:\/\/sintramem-sv.org.br\/sintramem\/?s={search_term_string}"},"query-input":{"@type":"PropertyValueSpecification","valueRequired":true,"valueName":"search_term_string"}}],"inLanguage":"pt-BR"},{"@type":"Organization","@id":"https:\/\/sintramem-sv.org.br\/sintramem\/#organization","name":"SINTRAMEM","url":"https:\/\/sintramem-sv.org.br\/sintramem\/","logo":{"@type":"ImageObject","inLanguage":"pt-BR","@id":"https:\/\/sintramem-sv.org.br\/sintramem\/#\/schema\/logo\/image\/","url":"https:\/\/sintramem-sv.org.br\/sintramem\/wp-content\/uploads\/2017\/02\/SINTRAMEM-LOGO-OFICIAL-300x100-jpg.jpg","contentUrl":"https:\/\/sintramem-sv.org.br\/sintramem\/wp-content\/uploads\/2017\/02\/SINTRAMEM-LOGO-OFICIAL-300x100-jpg.jpg","width":150,"height":150,"caption":"SINTRAMEM"},"image":{"@id":"https:\/\/sintramem-sv.org.br\/sintramem\/#\/schema\/logo\/image\/"}},{"@type":"Person","@id":"https:\/\/sintramem-sv.org.br\/sintramem\/#\/schema\/person\/a8decb8ea63607d1e01e046c95ddcf2b","name":"sintramem","image":{"@type":"ImageObject","inLanguage":"pt-BR","@id":"https:\/\/sintramem-sv.org.br\/sintramem\/#\/schema\/person\/image\/","url":"https:\/\/secure.gravatar.com\/avatar\/8e06da3b0d4f051010117c848b52b9280a4228043717057ccccccc8b20ff8f48?s=96&d=mm&r=g","contentUrl":"https:\/\/secure.gravatar.com\/avatar\/8e06da3b0d4f051010117c848b52b9280a4228043717057ccccccc8b20ff8f48?s=96&d=mm&r=g","caption":"sintramem"},"description":"Sindicato dos Trabalhadores no Magist\u00e9rio e na Educa\u00e7\u00e3o Municipal de S\u00e3o Vicente","url":"https:\/\/sintramem-sv.org.br\/sintramem\/author\/sindsv\/"}]}},"_links":{"self":[{"href":"https:\/\/sintramem-sv.org.br\/sintramem\/wp-json\/wp\/v2\/posts\/9254","targetHints":{"allow":["GET"]}}],"collection":[{"href":"https:\/\/sintramem-sv.org.br\/sintramem\/wp-json\/wp\/v2\/posts"}],"about":[{"href":"https:\/\/sintramem-sv.org.br\/sintramem\/wp-json\/wp\/v2\/types\/post"}],"author":[{"embeddable":true,"href":"https:\/\/sintramem-sv.org.br\/sintramem\/wp-json\/wp\/v2\/users\/1"}],"replies":[{"embeddable":true,"href":"https:\/\/sintramem-sv.org.br\/sintramem\/wp-json\/wp\/v2\/comments?post=9254"}],"version-history":[{"count":4,"href":"https:\/\/sintramem-sv.org.br\/sintramem\/wp-json\/wp\/v2\/posts\/9254\/revisions"}],"predecessor-version":[{"id":9264,"href":"https:\/\/sintramem-sv.org.br\/sintramem\/wp-json\/wp\/v2\/posts\/9254\/revisions\/9264"}],"wp:featuredmedia":[{"embeddable":true,"href":"https:\/\/sintramem-sv.org.br\/sintramem\/wp-json\/wp\/v2\/media\/9255"}],"wp:attachment":[{"href":"https:\/\/sintramem-sv.org.br\/sintramem\/wp-json\/wp\/v2\/media?parent=9254"}],"wp:term":[{"taxonomy":"category","embeddable":true,"href":"https:\/\/sintramem-sv.org.br\/sintramem\/wp-json\/wp\/v2\/categories?post=9254"},{"taxonomy":"post_tag","embeddable":true,"href":"https:\/\/sintramem-sv.org.br\/sintramem\/wp-json\/wp\/v2\/tags?post=9254"}],"curies":[{"name":"wp","href":"https:\/\/api.w.org\/{rel}","templated":true}]}}