{"id":9229,"date":"2026-01-05T19:08:04","date_gmt":"2026-01-05T19:08:04","guid":{"rendered":"https:\/\/sintramem-sv.org.br\/sintramem\/?p=9229"},"modified":"2026-01-06T20:45:50","modified_gmt":"2026-01-06T20:45:50","slug":"2026-e-mais-um-ano-decisivo-sede-do-sintramem-em-reforma-e-a-forca-da-nossa-luta-contra-a-injustica-com-as-nossas-ferias","status":"publish","type":"post","link":"https:\/\/sintramem-sv.org.br\/sintramem\/2026-e-mais-um-ano-decisivo-sede-do-sintramem-em-reforma-e-a-forca-da-nossa-luta-contra-a-injustica-com-as-nossas-ferias\/","title":{"rendered":"2026 \u00e9 mais um ano decisivo &#8211; Sede do SINTRAMEM em reforma e a for\u00e7a da nossa luta contra a injusti\u00e7a com as nossas f\u00e9rias!"},"content":{"rendered":"<p><span style=\"font-size: 14pt;\">Aqui no Sindicato, estamos literalmente com a m\u00e3o na massa. Tudo virou um canteiro de obras, com m\u00f3veis fora do lugar e poeira no ar. Mas, mesmo no meio dessa reorganiza\u00e7\u00e3o, meu pensamento n\u00e3o podia estar longe de voc\u00eas. Precisava falar sobre uma quest\u00e3o urgente que est\u00e1 tirando o sossego de muitos de n\u00f3s: <span style=\"text-decoration: underline;\"><strong>as f\u00e9rias que, mais uma vez, n\u00e3o vieram no pagamento<\/strong><\/span>.<\/span><\/p>\n<p><span style=\"font-size: 18pt; color: #ffffff; background-color: #ff0000;\"><strong>UMA FALHA QUE SE REPETE, ANO AP\u00d3S ANO &#x1f620;<\/strong><\/span><\/p>\n<p><span style=\"font-size: 14pt;\">No dia 30 de dezembro, o sal\u00e1rio caiu na conta sem o valor das f\u00e9rias. <span style=\"background-color: #ffff00;\"><strong>E isso, infelizmente, n\u00e3o \u00e9 novidade.<\/strong><\/span> Dos \u00faltimos cinco anos desta gest\u00e3o, s\u00f3 em um o pagamento foi feito direito. Enquanto todos os outros servidores municipais &#8211; do Procurador ao Servidor de base &#8211; recebem seu direito antes do recesso, os Professores s\u00e3o deixados de lado. \u00c9 injusto. Como Professor falo com meus colegas: trabalhamos o ano inteiro, muitas vezes sem a estrutura adequada, e ainda temos que correr atr\u00e1s do que \u00e9 nosso por lei.<\/span><\/p>\n<p><img loading=\"lazy\" decoding=\"async\" class=\"aligncenter size-full wp-image-9230\" src=\"https:\/\/sintramem-sv.org.br\/sintramem\/wp-content\/uploads\/2026\/01\/Card-Informacoes-Ferias-SINTRAMEM-1.png\" alt=\"\" width=\"1080\" height=\"1350\" srcset=\"https:\/\/sintramem-sv.org.br\/sintramem\/wp-content\/uploads\/2026\/01\/Card-Informacoes-Ferias-SINTRAMEM-1.png 1080w, https:\/\/sintramem-sv.org.br\/sintramem\/wp-content\/uploads\/2026\/01\/Card-Informacoes-Ferias-SINTRAMEM-1-240x300.png 240w, https:\/\/sintramem-sv.org.br\/sintramem\/wp-content\/uploads\/2026\/01\/Card-Informacoes-Ferias-SINTRAMEM-1-819x1024.png 819w, https:\/\/sintramem-sv.org.br\/sintramem\/wp-content\/uploads\/2026\/01\/Card-Informacoes-Ferias-SINTRAMEM-1-768x960.png 768w\" sizes=\"auto, (max-width: 1080px) 100vw, 1080px\" \/><\/p>\n<p><img loading=\"lazy\" decoding=\"async\" class=\"aligncenter size-full wp-image-9231\" src=\"https:\/\/sintramem-sv.org.br\/sintramem\/wp-content\/uploads\/2026\/01\/Card-Informacoes-Ferias-SINTRAMEM-2.png\" alt=\"\" width=\"1080\" height=\"1350\" srcset=\"https:\/\/sintramem-sv.org.br\/sintramem\/wp-content\/uploads\/2026\/01\/Card-Informacoes-Ferias-SINTRAMEM-2.png 1080w, https:\/\/sintramem-sv.org.br\/sintramem\/wp-content\/uploads\/2026\/01\/Card-Informacoes-Ferias-SINTRAMEM-2-240x300.png 240w, https:\/\/sintramem-sv.org.br\/sintramem\/wp-content\/uploads\/2026\/01\/Card-Informacoes-Ferias-SINTRAMEM-2-819x1024.png 819w, https:\/\/sintramem-sv.org.br\/sintramem\/wp-content\/uploads\/2026\/01\/Card-Informacoes-Ferias-SINTRAMEM-2-768x960.png 768w\" sizes=\"auto, (max-width: 1080px) 100vw, 1080px\" \/><\/p>\n<p><span style=\"font-size: 14pt;\">Tentamos conversar, mas a resposta da Prefeitura foi o vazio. Cada Secretaria fala um prazo diferente, e nada de concreto. No dia 31\/12, nossa conversa foi com o Jur\u00eddico, que nos apresentou tr\u00eas caminhos poss\u00edveis: uma a\u00e7\u00e3o coletiva na Justi\u00e7a, uma den\u00fancia no Minist\u00e9rio P\u00fablico e outra no Tribunal de Contas. S\u00e3o medidas s\u00e9rias, mas necess\u00e1rias.<\/span><\/p>\n<p><span style=\"font-size: 18pt; color: #ffffff; background-color: #ff0000;\"><strong>SEMANA DA DECIS\u00c3O: AGIR, N\u00c3O APENAS ESPERAR &#x26a1;<\/strong><\/span><\/p>\n<p><span style=\"font-size: 14pt;\">Esta semana \u00e9 decisiva. Vamos pressionar por uma resposta clara da Prefeitura: <strong>quando as f\u00e9rias ser\u00e3o pagas?<\/strong> Mas, independentemente do que disserem, j\u00e1 estamos marcando uma reuni\u00e3o presencial com nossos advogados para colocar as tr\u00eas medidas em pr\u00e1tica. Vamos denunciar, sim. Essa postura da Administra\u00e7\u00e3o n\u00e3o pode mais passar em branco.<\/span><\/p>\n<p><span style=\"font-size: 14pt;\"><strong>\u00c9 importante deixar claro:<\/strong> nenhuma dessas medidas \u00e9 m\u00e1gica. Processos e den\u00fancias levam tempo. Mesmo uma poss\u00edvel liminar n\u00e3o sai do dia para a noite. Mas n\u00e3o vamos ficar parados. Usaremos todas as ferramentas que temos para garantir o que \u00e9 nosso. Nenhuma porta ser\u00e1 deixada sem bater.<\/span><\/p>\n<p><span style=\"font-size: 18pt; color: #ffffff; background-color: #ff0000;\"><strong>2026 &#8211; UM ANO PARA CONQUISTAR, N\u00c3O APENAS SONHAR<\/strong><\/span><\/p>\n<p><span style=\"font-size: 14pt;\">Que 2026 seja, de fato, um ano de prosperidade e felicidade para nossa categoria. Mas sabemos que um futuro melhor se constr\u00f3i com respeito e direitos garantidos. O <span style=\"color: #ff0000;\"><strong>SINTRAMEM<\/strong> <\/span>seguir\u00e1 ao lado de cada um de voc\u00eas, seja na reforma da nossa sede, seja na luta di\u00e1ria por dignidade. Nosso Sindicato \u00e9 essa casa que, mesmo em obras, est\u00e1 de portas abertas e bra\u00e7os fortes.<\/span><\/p>\n<p><strong><span style=\"font-size: 14pt;\">BOAS F\u00c9RIAS E AT\u00c9 BREVE!<\/span><\/strong><\/p>\n<p><span style=\"font-size: 14pt;\">Aos que j\u00e1 conseguiram descansar, desejo boas f\u00e9rias de verdade. Aos que seguem na labuta, sigamos juntos. Vamos publicar atualiza\u00e7\u00f5es em nossas redes. Contem conosco, sempre. Um abra\u00e7o forte e que venha 2026, com mais uni\u00e3o e conquistas!<\/span><\/p>\n<p><em><span style=\"font-size: 14pt;\"><span style=\"color: #ff0000;\"><strong>Thobias Paraguai<\/strong><\/span> \u00e9 p<\/span><span style=\"font-size: 14pt;\">residente do <span style=\"color: #ff0000;\"><strong>SINTRAMEM<\/strong><\/span> (Sindicato dos Trabalhadores no Magist\u00e9rio e na Educa\u00e7\u00e3o Municipal de S\u00e3o Vicente)<\/span><\/em><\/p>\n<p><img loading=\"lazy\" decoding=\"async\" class=\"aligncenter size-full wp-image-9239\" src=\"https:\/\/sintramem-sv.org.br\/sintramem\/wp-content\/uploads\/2026\/01\/Arte-Editorial-Thobias-SINTRAMEM-3.png\" alt=\"\" width=\"1080\" height=\"1350\" srcset=\"https:\/\/sintramem-sv.org.br\/sintramem\/wp-content\/uploads\/2026\/01\/Arte-Editorial-Thobias-SINTRAMEM-3.png 1080w, https:\/\/sintramem-sv.org.br\/sintramem\/wp-content\/uploads\/2026\/01\/Arte-Editorial-Thobias-SINTRAMEM-3-240x300.png 240w, https:\/\/sintramem-sv.org.br\/sintramem\/wp-content\/uploads\/2026\/01\/Arte-Editorial-Thobias-SINTRAMEM-3-819x1024.png 819w, https:\/\/sintramem-sv.org.br\/sintramem\/wp-content\/uploads\/2026\/01\/Arte-Editorial-Thobias-SINTRAMEM-3-768x960.png 768w\" sizes=\"auto, (max-width: 1080px) 100vw, 1080px\" \/><\/p>\n","protected":false},"excerpt":{"rendered":"<p>Aqui no Sindicato, estamos literalmente com a m\u00e3o na massa. Tudo virou um canteiro de obras, com m\u00f3veis fora do lugar e poeira no ar. Mas, mesmo no meio dessa reorganiza\u00e7\u00e3o, meu pensamento n\u00e3o podia estar longe de voc\u00eas. Precisava falar sobre uma quest\u00e3o urgente que est\u00e1 tirando o sossego de muitos de n\u00f3s: as&hellip;<\/p>\n","protected":false},"author":1,"featured_media":9233,"comment_status":"open","ping_status":"closed","sticky":false,"template":"","format":"standard","meta":{"_monsterinsights_skip_tracking":false,"_monsterinsights_sitenote_active":false,"_monsterinsights_sitenote_note":"","_monsterinsights_sitenote_category":0,"footnotes":""},"categories":[19],"tags":[],"class_list":["post-9229","post","type-post","status-publish","format-standard","has-post-thumbnail","hentry","category-sintramem"],"yoast_head":"<!-- This site is optimized with the Yoast SEO plugin v27.0 - https:\/\/yoast.com\/product\/yoast-seo-wordpress\/ -->\n<title>2026 \u00e9 mais um ano decisivo - Sede do SINTRAMEM em reforma e a for\u00e7a da nossa luta contra a injusti\u00e7a com as nossas f\u00e9rias! - SINTRAMEM<\/title>\n<meta name=\"robots\" content=\"index, follow, max-snippet:-1, max-image-preview:large, max-video-preview:-1\" \/>\n<link rel=\"canonical\" href=\"https:\/\/sintramem-sv.org.br\/sintramem\/2026-e-mais-um-ano-decisivo-sede-do-sintramem-em-reforma-e-a-forca-da-nossa-luta-contra-a-injustica-com-as-nossas-ferias\/\" \/>\n<meta property=\"og:locale\" content=\"pt_BR\" \/>\n<meta property=\"og:type\" content=\"article\" \/>\n<meta property=\"og:title\" content=\"2026 \u00e9 mais um ano decisivo - Sede do SINTRAMEM em reforma e a for\u00e7a da nossa luta contra a injusti\u00e7a com as nossas f\u00e9rias! - SINTRAMEM\" \/>\n<meta property=\"og:description\" content=\"Aqui no Sindicato, estamos literalmente com a m\u00e3o na massa. Tudo virou um canteiro de obras, com m\u00f3veis fora do lugar e poeira no ar. Mas, mesmo no meio dessa reorganiza\u00e7\u00e3o, meu pensamento n\u00e3o podia estar longe de voc\u00eas. Precisava falar sobre uma quest\u00e3o urgente que est\u00e1 tirando o sossego de muitos de n\u00f3s: as&hellip;\" \/>\n<meta property=\"og:url\" content=\"https:\/\/sintramem-sv.org.br\/sintramem\/2026-e-mais-um-ano-decisivo-sede-do-sintramem-em-reforma-e-a-forca-da-nossa-luta-contra-a-injustica-com-as-nossas-ferias\/\" \/>\n<meta property=\"og:site_name\" content=\"SINTRAMEM\" \/>\n<meta property=\"article:published_time\" content=\"2026-01-05T19:08:04+00:00\" \/>\n<meta property=\"article:modified_time\" content=\"2026-01-06T20:45:50+00:00\" \/>\n<meta property=\"og:image\" content=\"https:\/\/sintramem-sv.org.br\/sintramem\/wp-content\/uploads\/2000\/01\/NDFNKD.png\" \/>\n\t<meta property=\"og:image:width\" content=\"500\" \/>\n\t<meta property=\"og:image:height\" content=\"278\" \/>\n\t<meta property=\"og:image:type\" content=\"image\/png\" \/>\n<meta name=\"author\" content=\"sintramem\" \/>\n<meta name=\"twitter:card\" content=\"summary_large_image\" \/>\n<meta name=\"twitter:label1\" content=\"Escrito por\" \/>\n\t<meta name=\"twitter:data1\" content=\"sintramem\" \/>\n\t<meta name=\"twitter:label2\" content=\"Est. tempo de leitura\" \/>\n\t<meta name=\"twitter:data2\" content=\"4 minutos\" \/>\n<script type=\"application\/ld+json\" class=\"yoast-schema-graph\">{\"@context\":\"https:\/\/schema.org\",\"@graph\":[{\"@type\":\"Article\",\"@id\":\"https:\/\/sintramem-sv.org.br\/sintramem\/2026-e-mais-um-ano-decisivo-sede-do-sintramem-em-reforma-e-a-forca-da-nossa-luta-contra-a-injustica-com-as-nossas-ferias\/#article\",\"isPartOf\":{\"@id\":\"https:\/\/sintramem-sv.org.br\/sintramem\/2026-e-mais-um-ano-decisivo-sede-do-sintramem-em-reforma-e-a-forca-da-nossa-luta-contra-a-injustica-com-as-nossas-ferias\/\"},\"author\":{\"name\":\"sintramem\",\"@id\":\"https:\/\/sintramem-sv.org.br\/sintramem\/#\/schema\/person\/a8decb8ea63607d1e01e046c95ddcf2b\"},\"headline\":\"2026 \u00e9 mais um ano decisivo &#8211; Sede do SINTRAMEM em reforma e a for\u00e7a da nossa luta contra a injusti\u00e7a com as nossas f\u00e9rias!\",\"datePublished\":\"2026-01-05T19:08:04+00:00\",\"dateModified\":\"2026-01-06T20:45:50+00:00\",\"mainEntityOfPage\":{\"@id\":\"https:\/\/sintramem-sv.org.br\/sintramem\/2026-e-mais-um-ano-decisivo-sede-do-sintramem-em-reforma-e-a-forca-da-nossa-luta-contra-a-injustica-com-as-nossas-ferias\/\"},\"wordCount\":531,\"commentCount\":0,\"publisher\":{\"@id\":\"https:\/\/sintramem-sv.org.br\/sintramem\/#organization\"},\"image\":{\"@id\":\"https:\/\/sintramem-sv.org.br\/sintramem\/2026-e-mais-um-ano-decisivo-sede-do-sintramem-em-reforma-e-a-forca-da-nossa-luta-contra-a-injustica-com-as-nossas-ferias\/#primaryimage\"},\"thumbnailUrl\":\"https:\/\/sintramem-sv.org.br\/sintramem\/wp-content\/uploads\/2000\/01\/JYH.png\",\"articleSection\":[\"Sintramem\"],\"inLanguage\":\"pt-BR\",\"potentialAction\":[{\"@type\":\"CommentAction\",\"name\":\"Comment\",\"target\":[\"https:\/\/sintramem-sv.org.br\/sintramem\/2026-e-mais-um-ano-decisivo-sede-do-sintramem-em-reforma-e-a-forca-da-nossa-luta-contra-a-injustica-com-as-nossas-ferias\/#respond\"]}]},{\"@type\":\"WebPage\",\"@id\":\"https:\/\/sintramem-sv.org.br\/sintramem\/2026-e-mais-um-ano-decisivo-sede-do-sintramem-em-reforma-e-a-forca-da-nossa-luta-contra-a-injustica-com-as-nossas-ferias\/\",\"url\":\"https:\/\/sintramem-sv.org.br\/sintramem\/2026-e-mais-um-ano-decisivo-sede-do-sintramem-em-reforma-e-a-forca-da-nossa-luta-contra-a-injustica-com-as-nossas-ferias\/\",\"name\":\"2026 \u00e9 mais um ano decisivo - Sede do SINTRAMEM em reforma e a for\u00e7a da nossa luta contra a injusti\u00e7a com as nossas f\u00e9rias! - SINTRAMEM\",\"isPartOf\":{\"@id\":\"https:\/\/sintramem-sv.org.br\/sintramem\/#website\"},\"primaryImageOfPage\":{\"@id\":\"https:\/\/sintramem-sv.org.br\/sintramem\/2026-e-mais-um-ano-decisivo-sede-do-sintramem-em-reforma-e-a-forca-da-nossa-luta-contra-a-injustica-com-as-nossas-ferias\/#primaryimage\"},\"image\":{\"@id\":\"https:\/\/sintramem-sv.org.br\/sintramem\/2026-e-mais-um-ano-decisivo-sede-do-sintramem-em-reforma-e-a-forca-da-nossa-luta-contra-a-injustica-com-as-nossas-ferias\/#primaryimage\"},\"thumbnailUrl\":\"https:\/\/sintramem-sv.org.br\/sintramem\/wp-content\/uploads\/2000\/01\/JYH.png\",\"datePublished\":\"2026-01-05T19:08:04+00:00\",\"dateModified\":\"2026-01-06T20:45:50+00:00\",\"breadcrumb\":{\"@id\":\"https:\/\/sintramem-sv.org.br\/sintramem\/2026-e-mais-um-ano-decisivo-sede-do-sintramem-em-reforma-e-a-forca-da-nossa-luta-contra-a-injustica-com-as-nossas-ferias\/#breadcrumb\"},\"inLanguage\":\"pt-BR\",\"potentialAction\":[{\"@type\":\"ReadAction\",\"target\":[\"https:\/\/sintramem-sv.org.br\/sintramem\/2026-e-mais-um-ano-decisivo-sede-do-sintramem-em-reforma-e-a-forca-da-nossa-luta-contra-a-injustica-com-as-nossas-ferias\/\"]}]},{\"@type\":\"ImageObject\",\"inLanguage\":\"pt-BR\",\"@id\":\"https:\/\/sintramem-sv.org.br\/sintramem\/2026-e-mais-um-ano-decisivo-sede-do-sintramem-em-reforma-e-a-forca-da-nossa-luta-contra-a-injustica-com-as-nossas-ferias\/#primaryimage\",\"url\":\"https:\/\/sintramem-sv.org.br\/sintramem\/wp-content\/uploads\/2000\/01\/JYH.png\",\"contentUrl\":\"https:\/\/sintramem-sv.org.br\/sintramem\/wp-content\/uploads\/2000\/01\/JYH.png\",\"width\":1248,\"height\":694},{\"@type\":\"BreadcrumbList\",\"@id\":\"https:\/\/sintramem-sv.org.br\/sintramem\/2026-e-mais-um-ano-decisivo-sede-do-sintramem-em-reforma-e-a-forca-da-nossa-luta-contra-a-injustica-com-as-nossas-ferias\/#breadcrumb\",\"itemListElement\":[{\"@type\":\"ListItem\",\"position\":1,\"name\":\"In\u00edcio\",\"item\":\"https:\/\/sintramem-sv.org.br\/sintramem\/\"},{\"@type\":\"ListItem\",\"position\":2,\"name\":\"2026 \u00e9 mais um ano decisivo &#8211; Sede do SINTRAMEM em reforma e a for\u00e7a da nossa luta contra a injusti\u00e7a com as nossas f\u00e9rias!\"}]},{\"@type\":\"WebSite\",\"@id\":\"https:\/\/sintramem-sv.org.br\/sintramem\/#website\",\"url\":\"https:\/\/sintramem-sv.org.br\/sintramem\/\",\"name\":\"SINTRAMEM\",\"description\":\"Sindicato dos Trabalhadores no Magist\u00e9rio e na Educa\u00e7\u00e3o de S\u00e3o Vicente\",\"publisher\":{\"@id\":\"https:\/\/sintramem-sv.org.br\/sintramem\/#organization\"},\"potentialAction\":[{\"@type\":\"SearchAction\",\"target\":{\"@type\":\"EntryPoint\",\"urlTemplate\":\"https:\/\/sintramem-sv.org.br\/sintramem\/?s={search_term_string}\"},\"query-input\":{\"@type\":\"PropertyValueSpecification\",\"valueRequired\":true,\"valueName\":\"search_term_string\"}}],\"inLanguage\":\"pt-BR\"},{\"@type\":\"Organization\",\"@id\":\"https:\/\/sintramem-sv.org.br\/sintramem\/#organization\",\"name\":\"SINTRAMEM\",\"url\":\"https:\/\/sintramem-sv.org.br\/sintramem\/\",\"logo\":{\"@type\":\"ImageObject\",\"inLanguage\":\"pt-BR\",\"@id\":\"https:\/\/sintramem-sv.org.br\/sintramem\/#\/schema\/logo\/image\/\",\"url\":\"https:\/\/sintramem-sv.org.br\/sintramem\/wp-content\/uploads\/2017\/02\/SINTRAMEM-LOGO-OFICIAL-300x100-jpg.jpg\",\"contentUrl\":\"https:\/\/sintramem-sv.org.br\/sintramem\/wp-content\/uploads\/2017\/02\/SINTRAMEM-LOGO-OFICIAL-300x100-jpg.jpg\",\"width\":150,\"height\":150,\"caption\":\"SINTRAMEM\"},\"image\":{\"@id\":\"https:\/\/sintramem-sv.org.br\/sintramem\/#\/schema\/logo\/image\/\"}},{\"@type\":\"Person\",\"@id\":\"https:\/\/sintramem-sv.org.br\/sintramem\/#\/schema\/person\/a8decb8ea63607d1e01e046c95ddcf2b\",\"name\":\"sintramem\",\"image\":{\"@type\":\"ImageObject\",\"inLanguage\":\"pt-BR\",\"@id\":\"https:\/\/sintramem-sv.org.br\/sintramem\/#\/schema\/person\/image\/\",\"url\":\"https:\/\/secure.gravatar.com\/avatar\/8e06da3b0d4f051010117c848b52b9280a4228043717057ccccccc8b20ff8f48?s=96&d=mm&r=g\",\"contentUrl\":\"https:\/\/secure.gravatar.com\/avatar\/8e06da3b0d4f051010117c848b52b9280a4228043717057ccccccc8b20ff8f48?s=96&d=mm&r=g\",\"caption\":\"sintramem\"},\"description\":\"Sindicato dos Trabalhadores no Magist\u00e9rio e na Educa\u00e7\u00e3o Municipal de S\u00e3o Vicente\",\"url\":\"https:\/\/sintramem-sv.org.br\/sintramem\/author\/sindsv\/\"}]}<\/script>\n<!-- \/ Yoast SEO plugin. -->","yoast_head_json":{"title":"2026 \u00e9 mais um ano decisivo - Sede do SINTRAMEM em reforma e a for\u00e7a da nossa luta contra a injusti\u00e7a com as nossas f\u00e9rias! - SINTRAMEM","robots":{"index":"index","follow":"follow","max-snippet":"max-snippet:-1","max-image-preview":"max-image-preview:large","max-video-preview":"max-video-preview:-1"},"canonical":"https:\/\/sintramem-sv.org.br\/sintramem\/2026-e-mais-um-ano-decisivo-sede-do-sintramem-em-reforma-e-a-forca-da-nossa-luta-contra-a-injustica-com-as-nossas-ferias\/","og_locale":"pt_BR","og_type":"article","og_title":"2026 \u00e9 mais um ano decisivo - Sede do SINTRAMEM em reforma e a for\u00e7a da nossa luta contra a injusti\u00e7a com as nossas f\u00e9rias! - SINTRAMEM","og_description":"Aqui no Sindicato, estamos literalmente com a m\u00e3o na massa. Tudo virou um canteiro de obras, com m\u00f3veis fora do lugar e poeira no ar. Mas, mesmo no meio dessa reorganiza\u00e7\u00e3o, meu pensamento n\u00e3o podia estar longe de voc\u00eas. Precisava falar sobre uma quest\u00e3o urgente que est\u00e1 tirando o sossego de muitos de n\u00f3s: as&hellip;","og_url":"https:\/\/sintramem-sv.org.br\/sintramem\/2026-e-mais-um-ano-decisivo-sede-do-sintramem-em-reforma-e-a-forca-da-nossa-luta-contra-a-injustica-com-as-nossas-ferias\/","og_site_name":"SINTRAMEM","article_published_time":"2026-01-05T19:08:04+00:00","article_modified_time":"2026-01-06T20:45:50+00:00","og_image":[{"width":500,"height":278,"url":"https:\/\/sintramem-sv.org.br\/sintramem\/wp-content\/uploads\/2000\/01\/NDFNKD.png","type":"image\/png"}],"author":"sintramem","twitter_card":"summary_large_image","twitter_misc":{"Escrito por":"sintramem","Est. tempo de leitura":"4 minutos"},"schema":{"@context":"https:\/\/schema.org","@graph":[{"@type":"Article","@id":"https:\/\/sintramem-sv.org.br\/sintramem\/2026-e-mais-um-ano-decisivo-sede-do-sintramem-em-reforma-e-a-forca-da-nossa-luta-contra-a-injustica-com-as-nossas-ferias\/#article","isPartOf":{"@id":"https:\/\/sintramem-sv.org.br\/sintramem\/2026-e-mais-um-ano-decisivo-sede-do-sintramem-em-reforma-e-a-forca-da-nossa-luta-contra-a-injustica-com-as-nossas-ferias\/"},"author":{"name":"sintramem","@id":"https:\/\/sintramem-sv.org.br\/sintramem\/#\/schema\/person\/a8decb8ea63607d1e01e046c95ddcf2b"},"headline":"2026 \u00e9 mais um ano decisivo &#8211; Sede do SINTRAMEM em reforma e a for\u00e7a da nossa luta contra a injusti\u00e7a com as nossas f\u00e9rias!","datePublished":"2026-01-05T19:08:04+00:00","dateModified":"2026-01-06T20:45:50+00:00","mainEntityOfPage":{"@id":"https:\/\/sintramem-sv.org.br\/sintramem\/2026-e-mais-um-ano-decisivo-sede-do-sintramem-em-reforma-e-a-forca-da-nossa-luta-contra-a-injustica-com-as-nossas-ferias\/"},"wordCount":531,"commentCount":0,"publisher":{"@id":"https:\/\/sintramem-sv.org.br\/sintramem\/#organization"},"image":{"@id":"https:\/\/sintramem-sv.org.br\/sintramem\/2026-e-mais-um-ano-decisivo-sede-do-sintramem-em-reforma-e-a-forca-da-nossa-luta-contra-a-injustica-com-as-nossas-ferias\/#primaryimage"},"thumbnailUrl":"https:\/\/sintramem-sv.org.br\/sintramem\/wp-content\/uploads\/2000\/01\/JYH.png","articleSection":["Sintramem"],"inLanguage":"pt-BR","potentialAction":[{"@type":"CommentAction","name":"Comment","target":["https:\/\/sintramem-sv.org.br\/sintramem\/2026-e-mais-um-ano-decisivo-sede-do-sintramem-em-reforma-e-a-forca-da-nossa-luta-contra-a-injustica-com-as-nossas-ferias\/#respond"]}]},{"@type":"WebPage","@id":"https:\/\/sintramem-sv.org.br\/sintramem\/2026-e-mais-um-ano-decisivo-sede-do-sintramem-em-reforma-e-a-forca-da-nossa-luta-contra-a-injustica-com-as-nossas-ferias\/","url":"https:\/\/sintramem-sv.org.br\/sintramem\/2026-e-mais-um-ano-decisivo-sede-do-sintramem-em-reforma-e-a-forca-da-nossa-luta-contra-a-injustica-com-as-nossas-ferias\/","name":"2026 \u00e9 mais um ano decisivo - Sede do SINTRAMEM em reforma e a for\u00e7a da nossa luta contra a injusti\u00e7a com as nossas f\u00e9rias! - SINTRAMEM","isPartOf":{"@id":"https:\/\/sintramem-sv.org.br\/sintramem\/#website"},"primaryImageOfPage":{"@id":"https:\/\/sintramem-sv.org.br\/sintramem\/2026-e-mais-um-ano-decisivo-sede-do-sintramem-em-reforma-e-a-forca-da-nossa-luta-contra-a-injustica-com-as-nossas-ferias\/#primaryimage"},"image":{"@id":"https:\/\/sintramem-sv.org.br\/sintramem\/2026-e-mais-um-ano-decisivo-sede-do-sintramem-em-reforma-e-a-forca-da-nossa-luta-contra-a-injustica-com-as-nossas-ferias\/#primaryimage"},"thumbnailUrl":"https:\/\/sintramem-sv.org.br\/sintramem\/wp-content\/uploads\/2000\/01\/JYH.png","datePublished":"2026-01-05T19:08:04+00:00","dateModified":"2026-01-06T20:45:50+00:00","breadcrumb":{"@id":"https:\/\/sintramem-sv.org.br\/sintramem\/2026-e-mais-um-ano-decisivo-sede-do-sintramem-em-reforma-e-a-forca-da-nossa-luta-contra-a-injustica-com-as-nossas-ferias\/#breadcrumb"},"inLanguage":"pt-BR","potentialAction":[{"@type":"ReadAction","target":["https:\/\/sintramem-sv.org.br\/sintramem\/2026-e-mais-um-ano-decisivo-sede-do-sintramem-em-reforma-e-a-forca-da-nossa-luta-contra-a-injustica-com-as-nossas-ferias\/"]}]},{"@type":"ImageObject","inLanguage":"pt-BR","@id":"https:\/\/sintramem-sv.org.br\/sintramem\/2026-e-mais-um-ano-decisivo-sede-do-sintramem-em-reforma-e-a-forca-da-nossa-luta-contra-a-injustica-com-as-nossas-ferias\/#primaryimage","url":"https:\/\/sintramem-sv.org.br\/sintramem\/wp-content\/uploads\/2000\/01\/JYH.png","contentUrl":"https:\/\/sintramem-sv.org.br\/sintramem\/wp-content\/uploads\/2000\/01\/JYH.png","width":1248,"height":694},{"@type":"BreadcrumbList","@id":"https:\/\/sintramem-sv.org.br\/sintramem\/2026-e-mais-um-ano-decisivo-sede-do-sintramem-em-reforma-e-a-forca-da-nossa-luta-contra-a-injustica-com-as-nossas-ferias\/#breadcrumb","itemListElement":[{"@type":"ListItem","position":1,"name":"In\u00edcio","item":"https:\/\/sintramem-sv.org.br\/sintramem\/"},{"@type":"ListItem","position":2,"name":"2026 \u00e9 mais um ano decisivo &#8211; Sede do SINTRAMEM em reforma e a for\u00e7a da nossa luta contra a injusti\u00e7a com as nossas f\u00e9rias!"}]},{"@type":"WebSite","@id":"https:\/\/sintramem-sv.org.br\/sintramem\/#website","url":"https:\/\/sintramem-sv.org.br\/sintramem\/","name":"SINTRAMEM","description":"Sindicato dos Trabalhadores no Magist\u00e9rio e na Educa\u00e7\u00e3o de S\u00e3o Vicente","publisher":{"@id":"https:\/\/sintramem-sv.org.br\/sintramem\/#organization"},"potentialAction":[{"@type":"SearchAction","target":{"@type":"EntryPoint","urlTemplate":"https:\/\/sintramem-sv.org.br\/sintramem\/?s={search_term_string}"},"query-input":{"@type":"PropertyValueSpecification","valueRequired":true,"valueName":"search_term_string"}}],"inLanguage":"pt-BR"},{"@type":"Organization","@id":"https:\/\/sintramem-sv.org.br\/sintramem\/#organization","name":"SINTRAMEM","url":"https:\/\/sintramem-sv.org.br\/sintramem\/","logo":{"@type":"ImageObject","inLanguage":"pt-BR","@id":"https:\/\/sintramem-sv.org.br\/sintramem\/#\/schema\/logo\/image\/","url":"https:\/\/sintramem-sv.org.br\/sintramem\/wp-content\/uploads\/2017\/02\/SINTRAMEM-LOGO-OFICIAL-300x100-jpg.jpg","contentUrl":"https:\/\/sintramem-sv.org.br\/sintramem\/wp-content\/uploads\/2017\/02\/SINTRAMEM-LOGO-OFICIAL-300x100-jpg.jpg","width":150,"height":150,"caption":"SINTRAMEM"},"image":{"@id":"https:\/\/sintramem-sv.org.br\/sintramem\/#\/schema\/logo\/image\/"}},{"@type":"Person","@id":"https:\/\/sintramem-sv.org.br\/sintramem\/#\/schema\/person\/a8decb8ea63607d1e01e046c95ddcf2b","name":"sintramem","image":{"@type":"ImageObject","inLanguage":"pt-BR","@id":"https:\/\/sintramem-sv.org.br\/sintramem\/#\/schema\/person\/image\/","url":"https:\/\/secure.gravatar.com\/avatar\/8e06da3b0d4f051010117c848b52b9280a4228043717057ccccccc8b20ff8f48?s=96&d=mm&r=g","contentUrl":"https:\/\/secure.gravatar.com\/avatar\/8e06da3b0d4f051010117c848b52b9280a4228043717057ccccccc8b20ff8f48?s=96&d=mm&r=g","caption":"sintramem"},"description":"Sindicato dos Trabalhadores no Magist\u00e9rio e na Educa\u00e7\u00e3o Municipal de S\u00e3o Vicente","url":"https:\/\/sintramem-sv.org.br\/sintramem\/author\/sindsv\/"}]}},"_links":{"self":[{"href":"https:\/\/sintramem-sv.org.br\/sintramem\/wp-json\/wp\/v2\/posts\/9229","targetHints":{"allow":["GET"]}}],"collection":[{"href":"https:\/\/sintramem-sv.org.br\/sintramem\/wp-json\/wp\/v2\/posts"}],"about":[{"href":"https:\/\/sintramem-sv.org.br\/sintramem\/wp-json\/wp\/v2\/types\/post"}],"author":[{"embeddable":true,"href":"https:\/\/sintramem-sv.org.br\/sintramem\/wp-json\/wp\/v2\/users\/1"}],"replies":[{"embeddable":true,"href":"https:\/\/sintramem-sv.org.br\/sintramem\/wp-json\/wp\/v2\/comments?post=9229"}],"version-history":[{"count":7,"href":"https:\/\/sintramem-sv.org.br\/sintramem\/wp-json\/wp\/v2\/posts\/9229\/revisions"}],"predecessor-version":[{"id":9243,"href":"https:\/\/sintramem-sv.org.br\/sintramem\/wp-json\/wp\/v2\/posts\/9229\/revisions\/9243"}],"wp:featuredmedia":[{"embeddable":true,"href":"https:\/\/sintramem-sv.org.br\/sintramem\/wp-json\/wp\/v2\/media\/9233"}],"wp:attachment":[{"href":"https:\/\/sintramem-sv.org.br\/sintramem\/wp-json\/wp\/v2\/media?parent=9229"}],"wp:term":[{"taxonomy":"category","embeddable":true,"href":"https:\/\/sintramem-sv.org.br\/sintramem\/wp-json\/wp\/v2\/categories?post=9229"},{"taxonomy":"post_tag","embeddable":true,"href":"https:\/\/sintramem-sv.org.br\/sintramem\/wp-json\/wp\/v2\/tags?post=9229"}],"curies":[{"name":"wp","href":"https:\/\/api.w.org\/{rel}","templated":true}]}}