{"id":9220,"date":"2025-12-30T13:40:46","date_gmt":"2025-12-30T13:40:46","guid":{"rendered":"https:\/\/sintramem-sv.org.br\/sintramem\/?p=9220"},"modified":"2025-12-30T17:43:55","modified_gmt":"2025-12-30T17:43:55","slug":"prefeitura-deixa-professores-e-trabalhadores-do-magisterio-sem-pagamento-de-ferias-e-sindicato-cobra-solucao-urgente","status":"publish","type":"post","link":"https:\/\/sintramem-sv.org.br\/sintramem\/prefeitura-deixa-professores-e-trabalhadores-do-magisterio-sem-pagamento-de-ferias-e-sindicato-cobra-solucao-urgente\/","title":{"rendered":"Prefeitura deixa Professores e trabalhadores do Magist\u00e9rio sem pagamento de f\u00e9rias e Sindicato cobra solu\u00e7\u00e3o URGENTE!"},"content":{"rendered":"<p><span style=\"font-size: 14pt;\">Caminhamos para o encerramento de 2025 com mais um desrespeito da Administra\u00e7\u00e3o. A Prefeitura deixou os <span style=\"color: #ff0000;\"><strong>Professores e trabalhadores do Magist\u00e9rio sem o pagamento das f\u00e9rias<\/strong><\/span>, um direito b\u00e1sico que n\u00e3o \u00e9 favor nem benef\u00edcio extra, \u00e9 um direito e obriga\u00e7\u00e3o legal. A situa\u00e7\u00e3o gera inseguran\u00e7a financeira, desrespeita o planejamento familiar dos companheiros e evidencia a falta de compromisso da atual gest\u00e3o.<\/span><\/p>\n<p><span style=\"font-size: 14pt;\">O SINTRAMEM refor\u00e7a que o <span style=\"background-color: #ffff00;\"><strong>pagamento das f\u00e9rias \u00e9 um direito constitucional garantido<\/strong><\/span> e n\u00e3o abrir\u00e1 m\u00e3o de sua defesa. O Sindicato j\u00e1 est\u00e1 analisando a judicializa\u00e7\u00e3o desta neglig\u00eancia, caso o pagamento n\u00e3o seja efetuado em breve e n\u00e3o haja avan\u00e7o concreto nas tratativas. Direito n\u00e3o se negocia, se cumpre! O Sindicato segue na luta e em breve trar\u00e1 mais informa\u00e7\u00f5es.<\/span><\/p>\n<p><span style=\"font-size: 14pt;\"><img loading=\"lazy\" decoding=\"async\" class=\"aligncenter size-full wp-image-9222\" src=\"https:\/\/sintramem-sv.org.br\/sintramem\/wp-content\/uploads\/2025\/12\/Card-Pagamento-Ferias-SINTRAMEM.png\" alt=\"\" width=\"1080\" height=\"1350\" srcset=\"https:\/\/sintramem-sv.org.br\/sintramem\/wp-content\/uploads\/2025\/12\/Card-Pagamento-Ferias-SINTRAMEM.png 1080w, https:\/\/sintramem-sv.org.br\/sintramem\/wp-content\/uploads\/2025\/12\/Card-Pagamento-Ferias-SINTRAMEM-240x300.png 240w, https:\/\/sintramem-sv.org.br\/sintramem\/wp-content\/uploads\/2025\/12\/Card-Pagamento-Ferias-SINTRAMEM-819x1024.png 819w, https:\/\/sintramem-sv.org.br\/sintramem\/wp-content\/uploads\/2025\/12\/Card-Pagamento-Ferias-SINTRAMEM-768x960.png 768w\" sizes=\"auto, (max-width: 1080px) 100vw, 1080px\" \/><\/span><\/p>\n","protected":false},"excerpt":{"rendered":"<p>Caminhamos para o encerramento de 2025 com mais um desrespeito da Administra\u00e7\u00e3o. A Prefeitura deixou os Professores e trabalhadores do Magist\u00e9rio sem o pagamento das f\u00e9rias, um direito b\u00e1sico que n\u00e3o \u00e9 favor nem benef\u00edcio extra, \u00e9 um direito e obriga\u00e7\u00e3o legal. A situa\u00e7\u00e3o gera inseguran\u00e7a financeira, desrespeita o planejamento familiar dos companheiros e evidencia&hellip;<\/p>\n","protected":false},"author":1,"featured_media":9224,"comment_status":"open","ping_status":"closed","sticky":false,"template":"","format":"standard","meta":{"_monsterinsights_skip_tracking":false,"_monsterinsights_sitenote_active":false,"_monsterinsights_sitenote_note":"","_monsterinsights_sitenote_category":0,"footnotes":""},"categories":[1],"tags":[],"class_list":["post-9220","post","type-post","status-publish","format-standard","has-post-thumbnail","hentry","category-sintramem-sintramem"],"yoast_head":"<!-- This site is optimized with the Yoast SEO plugin v27.0 - https:\/\/yoast.com\/product\/yoast-seo-wordpress\/ -->\n<title>Prefeitura deixa Professores e trabalhadores do Magist\u00e9rio sem pagamento de f\u00e9rias e Sindicato cobra solu\u00e7\u00e3o URGENTE! - SINTRAMEM<\/title>\n<meta name=\"robots\" content=\"index, follow, max-snippet:-1, max-image-preview:large, max-video-preview:-1\" \/>\n<link rel=\"canonical\" href=\"https:\/\/sintramem-sv.org.br\/sintramem\/prefeitura-deixa-professores-e-trabalhadores-do-magisterio-sem-pagamento-de-ferias-e-sindicato-cobra-solucao-urgente\/\" \/>\n<meta property=\"og:locale\" content=\"pt_BR\" \/>\n<meta property=\"og:type\" content=\"article\" \/>\n<meta property=\"og:title\" content=\"Prefeitura deixa Professores e trabalhadores do Magist\u00e9rio sem pagamento de f\u00e9rias e Sindicato cobra solu\u00e7\u00e3o URGENTE! - SINTRAMEM\" \/>\n<meta property=\"og:description\" content=\"Caminhamos para o encerramento de 2025 com mais um desrespeito da Administra\u00e7\u00e3o. A Prefeitura deixou os Professores e trabalhadores do Magist\u00e9rio sem o pagamento das f\u00e9rias, um direito b\u00e1sico que n\u00e3o \u00e9 favor nem benef\u00edcio extra, \u00e9 um direito e obriga\u00e7\u00e3o legal. A situa\u00e7\u00e3o gera inseguran\u00e7a financeira, desrespeita o planejamento familiar dos companheiros e evidencia&hellip;\" \/>\n<meta property=\"og:url\" content=\"https:\/\/sintramem-sv.org.br\/sintramem\/prefeitura-deixa-professores-e-trabalhadores-do-magisterio-sem-pagamento-de-ferias-e-sindicato-cobra-solucao-urgente\/\" \/>\n<meta property=\"og:site_name\" content=\"SINTRAMEM\" \/>\n<meta property=\"article:published_time\" content=\"2025-12-30T13:40:46+00:00\" \/>\n<meta property=\"article:modified_time\" content=\"2025-12-30T17:43:55+00:00\" \/>\n<meta property=\"og:image\" content=\"https:\/\/sintramem-sv.org.br\/sintramem\/wp-content\/uploads\/2025\/12\/menor-6.png\" \/>\n\t<meta property=\"og:image:width\" content=\"500\" \/>\n\t<meta property=\"og:image:height\" content=\"278\" \/>\n\t<meta property=\"og:image:type\" content=\"image\/png\" \/>\n<meta name=\"author\" content=\"sintramem\" \/>\n<meta name=\"twitter:card\" content=\"summary_large_image\" \/>\n<meta name=\"twitter:label1\" content=\"Escrito por\" \/>\n\t<meta name=\"twitter:data1\" content=\"sintramem\" \/>\n\t<meta name=\"twitter:label2\" content=\"Est. tempo de leitura\" \/>\n\t<meta name=\"twitter:data2\" content=\"2 minutos\" \/>\n<script type=\"application\/ld+json\" class=\"yoast-schema-graph\">{\"@context\":\"https:\/\/schema.org\",\"@graph\":[{\"@type\":\"Article\",\"@id\":\"https:\/\/sintramem-sv.org.br\/sintramem\/prefeitura-deixa-professores-e-trabalhadores-do-magisterio-sem-pagamento-de-ferias-e-sindicato-cobra-solucao-urgente\/#article\",\"isPartOf\":{\"@id\":\"https:\/\/sintramem-sv.org.br\/sintramem\/prefeitura-deixa-professores-e-trabalhadores-do-magisterio-sem-pagamento-de-ferias-e-sindicato-cobra-solucao-urgente\/\"},\"author\":{\"name\":\"sintramem\",\"@id\":\"https:\/\/sintramem-sv.org.br\/sintramem\/#\/schema\/person\/a8decb8ea63607d1e01e046c95ddcf2b\"},\"headline\":\"Prefeitura deixa Professores e trabalhadores do Magist\u00e9rio sem pagamento de f\u00e9rias e Sindicato cobra solu\u00e7\u00e3o URGENTE!\",\"datePublished\":\"2025-12-30T13:40:46+00:00\",\"dateModified\":\"2025-12-30T17:43:55+00:00\",\"mainEntityOfPage\":{\"@id\":\"https:\/\/sintramem-sv.org.br\/sintramem\/prefeitura-deixa-professores-e-trabalhadores-do-magisterio-sem-pagamento-de-ferias-e-sindicato-cobra-solucao-urgente\/\"},\"wordCount\":159,\"commentCount\":0,\"publisher\":{\"@id\":\"https:\/\/sintramem-sv.org.br\/sintramem\/#organization\"},\"image\":{\"@id\":\"https:\/\/sintramem-sv.org.br\/sintramem\/prefeitura-deixa-professores-e-trabalhadores-do-magisterio-sem-pagamento-de-ferias-e-sindicato-cobra-solucao-urgente\/#primaryimage\"},\"thumbnailUrl\":\"https:\/\/sintramem-sv.org.br\/sintramem\/wp-content\/uploads\/2025\/12\/Destacada-Pagamento-Ferias-SINTRAMEM.png\",\"articleSection\":[\"sintramem\"],\"inLanguage\":\"pt-BR\",\"potentialAction\":[{\"@type\":\"CommentAction\",\"name\":\"Comment\",\"target\":[\"https:\/\/sintramem-sv.org.br\/sintramem\/prefeitura-deixa-professores-e-trabalhadores-do-magisterio-sem-pagamento-de-ferias-e-sindicato-cobra-solucao-urgente\/#respond\"]}]},{\"@type\":\"WebPage\",\"@id\":\"https:\/\/sintramem-sv.org.br\/sintramem\/prefeitura-deixa-professores-e-trabalhadores-do-magisterio-sem-pagamento-de-ferias-e-sindicato-cobra-solucao-urgente\/\",\"url\":\"https:\/\/sintramem-sv.org.br\/sintramem\/prefeitura-deixa-professores-e-trabalhadores-do-magisterio-sem-pagamento-de-ferias-e-sindicato-cobra-solucao-urgente\/\",\"name\":\"Prefeitura deixa Professores e trabalhadores do Magist\u00e9rio sem pagamento de f\u00e9rias e Sindicato cobra solu\u00e7\u00e3o URGENTE! - SINTRAMEM\",\"isPartOf\":{\"@id\":\"https:\/\/sintramem-sv.org.br\/sintramem\/#website\"},\"primaryImageOfPage\":{\"@id\":\"https:\/\/sintramem-sv.org.br\/sintramem\/prefeitura-deixa-professores-e-trabalhadores-do-magisterio-sem-pagamento-de-ferias-e-sindicato-cobra-solucao-urgente\/#primaryimage\"},\"image\":{\"@id\":\"https:\/\/sintramem-sv.org.br\/sintramem\/prefeitura-deixa-professores-e-trabalhadores-do-magisterio-sem-pagamento-de-ferias-e-sindicato-cobra-solucao-urgente\/#primaryimage\"},\"thumbnailUrl\":\"https:\/\/sintramem-sv.org.br\/sintramem\/wp-content\/uploads\/2025\/12\/Destacada-Pagamento-Ferias-SINTRAMEM.png\",\"datePublished\":\"2025-12-30T13:40:46+00:00\",\"dateModified\":\"2025-12-30T17:43:55+00:00\",\"breadcrumb\":{\"@id\":\"https:\/\/sintramem-sv.org.br\/sintramem\/prefeitura-deixa-professores-e-trabalhadores-do-magisterio-sem-pagamento-de-ferias-e-sindicato-cobra-solucao-urgente\/#breadcrumb\"},\"inLanguage\":\"pt-BR\",\"potentialAction\":[{\"@type\":\"ReadAction\",\"target\":[\"https:\/\/sintramem-sv.org.br\/sintramem\/prefeitura-deixa-professores-e-trabalhadores-do-magisterio-sem-pagamento-de-ferias-e-sindicato-cobra-solucao-urgente\/\"]}]},{\"@type\":\"ImageObject\",\"inLanguage\":\"pt-BR\",\"@id\":\"https:\/\/sintramem-sv.org.br\/sintramem\/prefeitura-deixa-professores-e-trabalhadores-do-magisterio-sem-pagamento-de-ferias-e-sindicato-cobra-solucao-urgente\/#primaryimage\",\"url\":\"https:\/\/sintramem-sv.org.br\/sintramem\/wp-content\/uploads\/2025\/12\/Destacada-Pagamento-Ferias-SINTRAMEM.png\",\"contentUrl\":\"https:\/\/sintramem-sv.org.br\/sintramem\/wp-content\/uploads\/2025\/12\/Destacada-Pagamento-Ferias-SINTRAMEM.png\",\"width\":1294,\"height\":720},{\"@type\":\"BreadcrumbList\",\"@id\":\"https:\/\/sintramem-sv.org.br\/sintramem\/prefeitura-deixa-professores-e-trabalhadores-do-magisterio-sem-pagamento-de-ferias-e-sindicato-cobra-solucao-urgente\/#breadcrumb\",\"itemListElement\":[{\"@type\":\"ListItem\",\"position\":1,\"name\":\"In\u00edcio\",\"item\":\"https:\/\/sintramem-sv.org.br\/sintramem\/\"},{\"@type\":\"ListItem\",\"position\":2,\"name\":\"Prefeitura deixa Professores e trabalhadores do Magist\u00e9rio sem pagamento de f\u00e9rias e Sindicato cobra solu\u00e7\u00e3o URGENTE!\"}]},{\"@type\":\"WebSite\",\"@id\":\"https:\/\/sintramem-sv.org.br\/sintramem\/#website\",\"url\":\"https:\/\/sintramem-sv.org.br\/sintramem\/\",\"name\":\"SINTRAMEM\",\"description\":\"Sindicato dos Trabalhadores no Magist\u00e9rio e na Educa\u00e7\u00e3o de S\u00e3o Vicente\",\"publisher\":{\"@id\":\"https:\/\/sintramem-sv.org.br\/sintramem\/#organization\"},\"potentialAction\":[{\"@type\":\"SearchAction\",\"target\":{\"@type\":\"EntryPoint\",\"urlTemplate\":\"https:\/\/sintramem-sv.org.br\/sintramem\/?s={search_term_string}\"},\"query-input\":{\"@type\":\"PropertyValueSpecification\",\"valueRequired\":true,\"valueName\":\"search_term_string\"}}],\"inLanguage\":\"pt-BR\"},{\"@type\":\"Organization\",\"@id\":\"https:\/\/sintramem-sv.org.br\/sintramem\/#organization\",\"name\":\"SINTRAMEM\",\"url\":\"https:\/\/sintramem-sv.org.br\/sintramem\/\",\"logo\":{\"@type\":\"ImageObject\",\"inLanguage\":\"pt-BR\",\"@id\":\"https:\/\/sintramem-sv.org.br\/sintramem\/#\/schema\/logo\/image\/\",\"url\":\"https:\/\/sintramem-sv.org.br\/sintramem\/wp-content\/uploads\/2017\/02\/SINTRAMEM-LOGO-OFICIAL-300x100-jpg.jpg\",\"contentUrl\":\"https:\/\/sintramem-sv.org.br\/sintramem\/wp-content\/uploads\/2017\/02\/SINTRAMEM-LOGO-OFICIAL-300x100-jpg.jpg\",\"width\":150,\"height\":150,\"caption\":\"SINTRAMEM\"},\"image\":{\"@id\":\"https:\/\/sintramem-sv.org.br\/sintramem\/#\/schema\/logo\/image\/\"}},{\"@type\":\"Person\",\"@id\":\"https:\/\/sintramem-sv.org.br\/sintramem\/#\/schema\/person\/a8decb8ea63607d1e01e046c95ddcf2b\",\"name\":\"sintramem\",\"image\":{\"@type\":\"ImageObject\",\"inLanguage\":\"pt-BR\",\"@id\":\"https:\/\/sintramem-sv.org.br\/sintramem\/#\/schema\/person\/image\/\",\"url\":\"https:\/\/secure.gravatar.com\/avatar\/8e06da3b0d4f051010117c848b52b9280a4228043717057ccccccc8b20ff8f48?s=96&d=mm&r=g\",\"contentUrl\":\"https:\/\/secure.gravatar.com\/avatar\/8e06da3b0d4f051010117c848b52b9280a4228043717057ccccccc8b20ff8f48?s=96&d=mm&r=g\",\"caption\":\"sintramem\"},\"description\":\"Sindicato dos Trabalhadores no Magist\u00e9rio e na Educa\u00e7\u00e3o Municipal de S\u00e3o Vicente\",\"url\":\"https:\/\/sintramem-sv.org.br\/sintramem\/author\/sindsv\/\"}]}<\/script>\n<!-- \/ Yoast SEO plugin. -->","yoast_head_json":{"title":"Prefeitura deixa Professores e trabalhadores do Magist\u00e9rio sem pagamento de f\u00e9rias e Sindicato cobra solu\u00e7\u00e3o URGENTE! - SINTRAMEM","robots":{"index":"index","follow":"follow","max-snippet":"max-snippet:-1","max-image-preview":"max-image-preview:large","max-video-preview":"max-video-preview:-1"},"canonical":"https:\/\/sintramem-sv.org.br\/sintramem\/prefeitura-deixa-professores-e-trabalhadores-do-magisterio-sem-pagamento-de-ferias-e-sindicato-cobra-solucao-urgente\/","og_locale":"pt_BR","og_type":"article","og_title":"Prefeitura deixa Professores e trabalhadores do Magist\u00e9rio sem pagamento de f\u00e9rias e Sindicato cobra solu\u00e7\u00e3o URGENTE! - SINTRAMEM","og_description":"Caminhamos para o encerramento de 2025 com mais um desrespeito da Administra\u00e7\u00e3o. A Prefeitura deixou os Professores e trabalhadores do Magist\u00e9rio sem o pagamento das f\u00e9rias, um direito b\u00e1sico que n\u00e3o \u00e9 favor nem benef\u00edcio extra, \u00e9 um direito e obriga\u00e7\u00e3o legal. A situa\u00e7\u00e3o gera inseguran\u00e7a financeira, desrespeita o planejamento familiar dos companheiros e evidencia&hellip;","og_url":"https:\/\/sintramem-sv.org.br\/sintramem\/prefeitura-deixa-professores-e-trabalhadores-do-magisterio-sem-pagamento-de-ferias-e-sindicato-cobra-solucao-urgente\/","og_site_name":"SINTRAMEM","article_published_time":"2025-12-30T13:40:46+00:00","article_modified_time":"2025-12-30T17:43:55+00:00","og_image":[{"width":500,"height":278,"url":"https:\/\/sintramem-sv.org.br\/sintramem\/wp-content\/uploads\/2025\/12\/menor-6.png","type":"image\/png"}],"author":"sintramem","twitter_card":"summary_large_image","twitter_misc":{"Escrito por":"sintramem","Est. tempo de leitura":"2 minutos"},"schema":{"@context":"https:\/\/schema.org","@graph":[{"@type":"Article","@id":"https:\/\/sintramem-sv.org.br\/sintramem\/prefeitura-deixa-professores-e-trabalhadores-do-magisterio-sem-pagamento-de-ferias-e-sindicato-cobra-solucao-urgente\/#article","isPartOf":{"@id":"https:\/\/sintramem-sv.org.br\/sintramem\/prefeitura-deixa-professores-e-trabalhadores-do-magisterio-sem-pagamento-de-ferias-e-sindicato-cobra-solucao-urgente\/"},"author":{"name":"sintramem","@id":"https:\/\/sintramem-sv.org.br\/sintramem\/#\/schema\/person\/a8decb8ea63607d1e01e046c95ddcf2b"},"headline":"Prefeitura deixa Professores e trabalhadores do Magist\u00e9rio sem pagamento de f\u00e9rias e Sindicato cobra solu\u00e7\u00e3o URGENTE!","datePublished":"2025-12-30T13:40:46+00:00","dateModified":"2025-12-30T17:43:55+00:00","mainEntityOfPage":{"@id":"https:\/\/sintramem-sv.org.br\/sintramem\/prefeitura-deixa-professores-e-trabalhadores-do-magisterio-sem-pagamento-de-ferias-e-sindicato-cobra-solucao-urgente\/"},"wordCount":159,"commentCount":0,"publisher":{"@id":"https:\/\/sintramem-sv.org.br\/sintramem\/#organization"},"image":{"@id":"https:\/\/sintramem-sv.org.br\/sintramem\/prefeitura-deixa-professores-e-trabalhadores-do-magisterio-sem-pagamento-de-ferias-e-sindicato-cobra-solucao-urgente\/#primaryimage"},"thumbnailUrl":"https:\/\/sintramem-sv.org.br\/sintramem\/wp-content\/uploads\/2025\/12\/Destacada-Pagamento-Ferias-SINTRAMEM.png","articleSection":["sintramem"],"inLanguage":"pt-BR","potentialAction":[{"@type":"CommentAction","name":"Comment","target":["https:\/\/sintramem-sv.org.br\/sintramem\/prefeitura-deixa-professores-e-trabalhadores-do-magisterio-sem-pagamento-de-ferias-e-sindicato-cobra-solucao-urgente\/#respond"]}]},{"@type":"WebPage","@id":"https:\/\/sintramem-sv.org.br\/sintramem\/prefeitura-deixa-professores-e-trabalhadores-do-magisterio-sem-pagamento-de-ferias-e-sindicato-cobra-solucao-urgente\/","url":"https:\/\/sintramem-sv.org.br\/sintramem\/prefeitura-deixa-professores-e-trabalhadores-do-magisterio-sem-pagamento-de-ferias-e-sindicato-cobra-solucao-urgente\/","name":"Prefeitura deixa Professores e trabalhadores do Magist\u00e9rio sem pagamento de f\u00e9rias e Sindicato cobra solu\u00e7\u00e3o URGENTE! - SINTRAMEM","isPartOf":{"@id":"https:\/\/sintramem-sv.org.br\/sintramem\/#website"},"primaryImageOfPage":{"@id":"https:\/\/sintramem-sv.org.br\/sintramem\/prefeitura-deixa-professores-e-trabalhadores-do-magisterio-sem-pagamento-de-ferias-e-sindicato-cobra-solucao-urgente\/#primaryimage"},"image":{"@id":"https:\/\/sintramem-sv.org.br\/sintramem\/prefeitura-deixa-professores-e-trabalhadores-do-magisterio-sem-pagamento-de-ferias-e-sindicato-cobra-solucao-urgente\/#primaryimage"},"thumbnailUrl":"https:\/\/sintramem-sv.org.br\/sintramem\/wp-content\/uploads\/2025\/12\/Destacada-Pagamento-Ferias-SINTRAMEM.png","datePublished":"2025-12-30T13:40:46+00:00","dateModified":"2025-12-30T17:43:55+00:00","breadcrumb":{"@id":"https:\/\/sintramem-sv.org.br\/sintramem\/prefeitura-deixa-professores-e-trabalhadores-do-magisterio-sem-pagamento-de-ferias-e-sindicato-cobra-solucao-urgente\/#breadcrumb"},"inLanguage":"pt-BR","potentialAction":[{"@type":"ReadAction","target":["https:\/\/sintramem-sv.org.br\/sintramem\/prefeitura-deixa-professores-e-trabalhadores-do-magisterio-sem-pagamento-de-ferias-e-sindicato-cobra-solucao-urgente\/"]}]},{"@type":"ImageObject","inLanguage":"pt-BR","@id":"https:\/\/sintramem-sv.org.br\/sintramem\/prefeitura-deixa-professores-e-trabalhadores-do-magisterio-sem-pagamento-de-ferias-e-sindicato-cobra-solucao-urgente\/#primaryimage","url":"https:\/\/sintramem-sv.org.br\/sintramem\/wp-content\/uploads\/2025\/12\/Destacada-Pagamento-Ferias-SINTRAMEM.png","contentUrl":"https:\/\/sintramem-sv.org.br\/sintramem\/wp-content\/uploads\/2025\/12\/Destacada-Pagamento-Ferias-SINTRAMEM.png","width":1294,"height":720},{"@type":"BreadcrumbList","@id":"https:\/\/sintramem-sv.org.br\/sintramem\/prefeitura-deixa-professores-e-trabalhadores-do-magisterio-sem-pagamento-de-ferias-e-sindicato-cobra-solucao-urgente\/#breadcrumb","itemListElement":[{"@type":"ListItem","position":1,"name":"In\u00edcio","item":"https:\/\/sintramem-sv.org.br\/sintramem\/"},{"@type":"ListItem","position":2,"name":"Prefeitura deixa Professores e trabalhadores do Magist\u00e9rio sem pagamento de f\u00e9rias e Sindicato cobra solu\u00e7\u00e3o URGENTE!"}]},{"@type":"WebSite","@id":"https:\/\/sintramem-sv.org.br\/sintramem\/#website","url":"https:\/\/sintramem-sv.org.br\/sintramem\/","name":"SINTRAMEM","description":"Sindicato dos Trabalhadores no Magist\u00e9rio e na Educa\u00e7\u00e3o de S\u00e3o Vicente","publisher":{"@id":"https:\/\/sintramem-sv.org.br\/sintramem\/#organization"},"potentialAction":[{"@type":"SearchAction","target":{"@type":"EntryPoint","urlTemplate":"https:\/\/sintramem-sv.org.br\/sintramem\/?s={search_term_string}"},"query-input":{"@type":"PropertyValueSpecification","valueRequired":true,"valueName":"search_term_string"}}],"inLanguage":"pt-BR"},{"@type":"Organization","@id":"https:\/\/sintramem-sv.org.br\/sintramem\/#organization","name":"SINTRAMEM","url":"https:\/\/sintramem-sv.org.br\/sintramem\/","logo":{"@type":"ImageObject","inLanguage":"pt-BR","@id":"https:\/\/sintramem-sv.org.br\/sintramem\/#\/schema\/logo\/image\/","url":"https:\/\/sintramem-sv.org.br\/sintramem\/wp-content\/uploads\/2017\/02\/SINTRAMEM-LOGO-OFICIAL-300x100-jpg.jpg","contentUrl":"https:\/\/sintramem-sv.org.br\/sintramem\/wp-content\/uploads\/2017\/02\/SINTRAMEM-LOGO-OFICIAL-300x100-jpg.jpg","width":150,"height":150,"caption":"SINTRAMEM"},"image":{"@id":"https:\/\/sintramem-sv.org.br\/sintramem\/#\/schema\/logo\/image\/"}},{"@type":"Person","@id":"https:\/\/sintramem-sv.org.br\/sintramem\/#\/schema\/person\/a8decb8ea63607d1e01e046c95ddcf2b","name":"sintramem","image":{"@type":"ImageObject","inLanguage":"pt-BR","@id":"https:\/\/sintramem-sv.org.br\/sintramem\/#\/schema\/person\/image\/","url":"https:\/\/secure.gravatar.com\/avatar\/8e06da3b0d4f051010117c848b52b9280a4228043717057ccccccc8b20ff8f48?s=96&d=mm&r=g","contentUrl":"https:\/\/secure.gravatar.com\/avatar\/8e06da3b0d4f051010117c848b52b9280a4228043717057ccccccc8b20ff8f48?s=96&d=mm&r=g","caption":"sintramem"},"description":"Sindicato dos Trabalhadores no Magist\u00e9rio e na Educa\u00e7\u00e3o Municipal de S\u00e3o Vicente","url":"https:\/\/sintramem-sv.org.br\/sintramem\/author\/sindsv\/"}]}},"_links":{"self":[{"href":"https:\/\/sintramem-sv.org.br\/sintramem\/wp-json\/wp\/v2\/posts\/9220","targetHints":{"allow":["GET"]}}],"collection":[{"href":"https:\/\/sintramem-sv.org.br\/sintramem\/wp-json\/wp\/v2\/posts"}],"about":[{"href":"https:\/\/sintramem-sv.org.br\/sintramem\/wp-json\/wp\/v2\/types\/post"}],"author":[{"embeddable":true,"href":"https:\/\/sintramem-sv.org.br\/sintramem\/wp-json\/wp\/v2\/users\/1"}],"replies":[{"embeddable":true,"href":"https:\/\/sintramem-sv.org.br\/sintramem\/wp-json\/wp\/v2\/comments?post=9220"}],"version-history":[{"count":5,"href":"https:\/\/sintramem-sv.org.br\/sintramem\/wp-json\/wp\/v2\/posts\/9220\/revisions"}],"predecessor-version":[{"id":9227,"href":"https:\/\/sintramem-sv.org.br\/sintramem\/wp-json\/wp\/v2\/posts\/9220\/revisions\/9227"}],"wp:featuredmedia":[{"embeddable":true,"href":"https:\/\/sintramem-sv.org.br\/sintramem\/wp-json\/wp\/v2\/media\/9224"}],"wp:attachment":[{"href":"https:\/\/sintramem-sv.org.br\/sintramem\/wp-json\/wp\/v2\/media?parent=9220"}],"wp:term":[{"taxonomy":"category","embeddable":true,"href":"https:\/\/sintramem-sv.org.br\/sintramem\/wp-json\/wp\/v2\/categories?post=9220"},{"taxonomy":"post_tag","embeddable":true,"href":"https:\/\/sintramem-sv.org.br\/sintramem\/wp-json\/wp\/v2\/tags?post=9220"}],"curies":[{"name":"wp","href":"https:\/\/api.w.org\/{rel}","templated":true}]}}