{"id":9205,"date":"2025-12-23T14:17:17","date_gmt":"2025-12-23T14:17:17","guid":{"rendered":"https:\/\/sintramem-sv.org.br\/sintramem\/?p=9205"},"modified":"2025-12-23T17:39:14","modified_gmt":"2025-12-23T17:39:14","slug":"prefeitura-institui-programa-de-bolsas-para-desempregados-vinculado-a-setores-da-secretaria-da-educacao-solicitamos-esclarecimentos","status":"publish","type":"post","link":"https:\/\/sintramem-sv.org.br\/sintramem\/prefeitura-institui-programa-de-bolsas-para-desempregados-vinculado-a-setores-da-secretaria-da-educacao-solicitamos-esclarecimentos\/","title":{"rendered":"Prefeitura institui programa de bolsas para desempregados vinculado a setores da Secretaria da Educa\u00e7\u00e3o. Solicitamos esclarecimentos!"},"content":{"rendered":"<p><span style=\"font-size: 14pt;\">No final do ano, a Administra\u00e7\u00e3o municipal aprovou a <a href=\"https:\/\/leismunicipais.com.br\/a1\/sp\/s\/sao-vicente\/lei-ordinaria\/2025\/472\/4711\/lei-ordinaria-n-4711-2025-institui-no-ambito-do-municipio-de-sao-vicente-o-programa-bolsa-educacao-municipal-probem-destinado-a-concessao-de-bolsas-a-cidadaos-desempregados-ou-em-situacao-de-vulnerabilidade-social-mediante-a-prestacao-de-servicos-em-postos-publicos-vinculados-a-secretaria-da-educacao-seduc-e-a-participacao-em-cursos-de-capacitacao-profissional-e-da-outras-providencias\" target=\"_blank\" rel=\"noopener\"><strong>Lei Complementar n\u00ba 4.711\/2025<\/strong><\/a>, que cria o Programa Bolsa Educa\u00e7\u00e3o Municipal (PROBEM). A iniciativa prev\u00ea a concess\u00e3o de bolsas-aux\u00edlio a cerca de 372 desempregados, vinculando-os a atividades em setores da Secretaria da Educa\u00e7\u00e3o. A medida, no entanto, foi implementada sem um processo de debate pr\u00e9vio com entidades representativas, como o <span style=\"color: #ff0000;\"><strong>SINTRAMEM,<\/strong><\/span> ou com os conselhos da \u00e1rea. A aus\u00eancia de di\u00e1logo levanta questionamentos: <strong>por que n\u00e3o houve espa\u00e7o para debate sobre um projeto de tal porte?<\/strong><\/span><\/p>\n<p><span style=\"font-size: 18pt; color: #ffffff; background-color: #ff0000;\"><strong>D\u00daVIDAS SOBRE EXECU\u00c7\u00c3O<\/strong><\/span><\/p>\n<p><span style=\"font-size: 14pt;\">Diante da aus\u00eancia de informa\u00e7\u00f5es detalhadas, o Sindicato encaminhou questionamentos \u00e0 gest\u00e3o:<\/span><\/p>\n<ul>\n<li><span style=\"font-size: 14pt;\">Qual ser\u00e1 a fonte de custeio do programa?<\/span><\/li>\n<li><strong><span style=\"font-size: 14pt;\"> Os recursos vir\u00e3o do or\u00e7amento geral ou poder\u00e3o impactar verbas espec\u00edficas da Educa\u00e7\u00e3o como o FUNDEB? <\/span><\/strong><\/li>\n<li><span style=\"font-size: 14pt;\">Quais atribui\u00e7\u00f5es exatas ser\u00e3o desempenhadas pelos bolsistas nas unidades escolares? <\/span><\/li>\n<li><span style=\"font-size: 14pt;\">Como se dar\u00e1 o processo de sele\u00e7\u00e3o dos quase 400 benefici\u00e1rios? <\/span><\/li>\n<\/ul>\n<p><span style=\"font-size: 14pt;\">A transpar\u00eancia sobre esses pontos \u00e9 fundamental para avaliar os reais impactos na rede de ensino e a adequa\u00e7\u00e3o da medida.<\/span><\/p>\n<p><span style=\"font-size: 18pt; color: #ffffff; background-color: #ff0000;\"><strong>DI\u00c1LOGO \u00c9 FUNDAMENTAL<\/strong><\/span><\/p>\n<p><span style=\"font-size: 14pt;\">O <span style=\"color: #ff0000;\"><strong>SINTRAMEM <\/strong><\/span>reconhece a import\u00e2ncia de pol\u00edticas de apoio \u00e0 popula\u00e7\u00e3o em situa\u00e7\u00e3o de vulnerabilidade, que indiretamente beneficiam os estudantes. No entanto, a formula\u00e7\u00e3o sem a devida participa\u00e7\u00e3o social gera inseguran\u00e7a sobre sua operacionaliza\u00e7\u00e3o e consequ\u00eancias. \u00c9 essencial assegurar que a iniciativa n\u00e3o sobrecarregue a estrutura existente nem desvie o foco da qualidade do ensino. Como pondera o presidente <strong>Thobias Paraguai:<\/strong><\/span><\/p>\n<blockquote><p><span style=\"font-size: 14pt;\">&#8220;A\u00e7\u00f5es de assist\u00eancia s\u00e3o necess\u00e1rias, mas precisam ser constru\u00eddas com transpar\u00eancia e di\u00e1logo. O Sindicato segue aberto ao debate, para que quaisquer programas implementados na Educa\u00e7\u00e3o sejam claros, justos e n\u00e3o comprometam os recursos e a finalidade principal de nossas Escolas&#8221;.<\/span><\/p><\/blockquote>\n<p><a href=\"https:\/\/leismunicipais.com.br\/a1\/sp\/s\/sao-vicente\/lei-ordinaria\/2025\/472\/4711\/lei-ordinaria-n-4711-2025-institui-no-ambito-do-municipio-de-sao-vicente-o-programa-bolsa-educacao-municipal-probem-destinado-a-concessao-de-bolsas-a-cidadaos-desempregados-ou-em-situacao-de-vulnerabilidade-social-mediante-a-prestacao-de-servicos-em-postos-publicos-vinculados-a-secretaria-da-educacao-seduc-e-a-participacao-em-cursos-de-capacitacao-profissional-e-da-outras-providencias\" target=\"_blank\" rel=\"noopener\"><img loading=\"lazy\" decoding=\"async\" class=\"aligncenter wp-image-9209 size-full\" src=\"https:\/\/sintramem-sv.org.br\/sintramem\/wp-content\/uploads\/2000\/12\/1212.png\" alt=\"\" width=\"1080\" height=\"1350\" srcset=\"https:\/\/sintramem-sv.org.br\/sintramem\/wp-content\/uploads\/2000\/12\/1212.png 1080w, https:\/\/sintramem-sv.org.br\/sintramem\/wp-content\/uploads\/2000\/12\/1212-240x300.png 240w, https:\/\/sintramem-sv.org.br\/sintramem\/wp-content\/uploads\/2000\/12\/1212-819x1024.png 819w, https:\/\/sintramem-sv.org.br\/sintramem\/wp-content\/uploads\/2000\/12\/1212-768x960.png 768w\" sizes=\"auto, (max-width: 1080px) 100vw, 1080px\" \/><\/a><\/p>\n","protected":false},"excerpt":{"rendered":"<p>No final do ano, a Administra\u00e7\u00e3o municipal aprovou a Lei Complementar n\u00ba 4.711\/2025, que cria o Programa Bolsa Educa\u00e7\u00e3o Municipal (PROBEM). A iniciativa prev\u00ea a concess\u00e3o de bolsas-aux\u00edlio a cerca de 372 desempregados, vinculando-os a atividades em setores da Secretaria da Educa\u00e7\u00e3o. A medida, no entanto, foi implementada sem um processo de debate pr\u00e9vio com&hellip;<\/p>\n","protected":false},"author":1,"featured_media":9212,"comment_status":"open","ping_status":"closed","sticky":false,"template":"","format":"standard","meta":{"_monsterinsights_skip_tracking":false,"_monsterinsights_sitenote_active":false,"_monsterinsights_sitenote_note":"","_monsterinsights_sitenote_category":0,"footnotes":""},"categories":[1],"tags":[],"class_list":["post-9205","post","type-post","status-publish","format-standard","has-post-thumbnail","hentry","category-sintramem-sintramem"],"yoast_head":"<!-- This site is optimized with the Yoast SEO plugin v27.0 - https:\/\/yoast.com\/product\/yoast-seo-wordpress\/ -->\n<title>Prefeitura institui programa de bolsas para desempregados vinculado a setores da Secretaria da Educa\u00e7\u00e3o. Solicitamos esclarecimentos! - SINTRAMEM<\/title>\n<meta name=\"robots\" content=\"index, follow, max-snippet:-1, max-image-preview:large, max-video-preview:-1\" \/>\n<link rel=\"canonical\" href=\"https:\/\/sintramem-sv.org.br\/sintramem\/prefeitura-institui-programa-de-bolsas-para-desempregados-vinculado-a-setores-da-secretaria-da-educacao-solicitamos-esclarecimentos\/\" \/>\n<meta property=\"og:locale\" content=\"pt_BR\" \/>\n<meta property=\"og:type\" content=\"article\" \/>\n<meta property=\"og:title\" content=\"Prefeitura institui programa de bolsas para desempregados vinculado a setores da Secretaria da Educa\u00e7\u00e3o. Solicitamos esclarecimentos! - SINTRAMEM\" \/>\n<meta property=\"og:description\" content=\"No final do ano, a Administra\u00e7\u00e3o municipal aprovou a Lei Complementar n\u00ba 4.711\/2025, que cria o Programa Bolsa Educa\u00e7\u00e3o Municipal (PROBEM). A iniciativa prev\u00ea a concess\u00e3o de bolsas-aux\u00edlio a cerca de 372 desempregados, vinculando-os a atividades em setores da Secretaria da Educa\u00e7\u00e3o. A medida, no entanto, foi implementada sem um processo de debate pr\u00e9vio com&hellip;\" \/>\n<meta property=\"og:url\" content=\"https:\/\/sintramem-sv.org.br\/sintramem\/prefeitura-institui-programa-de-bolsas-para-desempregados-vinculado-a-setores-da-secretaria-da-educacao-solicitamos-esclarecimentos\/\" \/>\n<meta property=\"og:site_name\" content=\"SINTRAMEM\" \/>\n<meta property=\"article:published_time\" content=\"2025-12-23T14:17:17+00:00\" \/>\n<meta property=\"article:modified_time\" content=\"2025-12-23T17:39:14+00:00\" \/>\n<meta property=\"og:image\" content=\"https:\/\/sintramem-sv.org.br\/sintramem\/wp-content\/uploads\/2000\/12\/menor.png\" \/>\n\t<meta property=\"og:image:width\" content=\"600\" \/>\n\t<meta property=\"og:image:height\" content=\"338\" \/>\n\t<meta property=\"og:image:type\" content=\"image\/png\" \/>\n<meta name=\"author\" content=\"sintramem\" \/>\n<meta name=\"twitter:card\" content=\"summary_large_image\" \/>\n<meta name=\"twitter:label1\" content=\"Escrito por\" \/>\n\t<meta name=\"twitter:data1\" content=\"sintramem\" \/>\n\t<meta name=\"twitter:label2\" content=\"Est. tempo de leitura\" \/>\n\t<meta name=\"twitter:data2\" content=\"2 minutos\" \/>\n<script type=\"application\/ld+json\" class=\"yoast-schema-graph\">{\"@context\":\"https:\/\/schema.org\",\"@graph\":[{\"@type\":\"Article\",\"@id\":\"https:\/\/sintramem-sv.org.br\/sintramem\/prefeitura-institui-programa-de-bolsas-para-desempregados-vinculado-a-setores-da-secretaria-da-educacao-solicitamos-esclarecimentos\/#article\",\"isPartOf\":{\"@id\":\"https:\/\/sintramem-sv.org.br\/sintramem\/prefeitura-institui-programa-de-bolsas-para-desempregados-vinculado-a-setores-da-secretaria-da-educacao-solicitamos-esclarecimentos\/\"},\"author\":{\"name\":\"sintramem\",\"@id\":\"https:\/\/sintramem-sv.org.br\/sintramem\/#\/schema\/person\/a8decb8ea63607d1e01e046c95ddcf2b\"},\"headline\":\"Prefeitura institui programa de bolsas para desempregados vinculado a setores da Secretaria da Educa\u00e7\u00e3o. Solicitamos esclarecimentos!\",\"datePublished\":\"2025-12-23T14:17:17+00:00\",\"dateModified\":\"2025-12-23T17:39:14+00:00\",\"mainEntityOfPage\":{\"@id\":\"https:\/\/sintramem-sv.org.br\/sintramem\/prefeitura-institui-programa-de-bolsas-para-desempregados-vinculado-a-setores-da-secretaria-da-educacao-solicitamos-esclarecimentos\/\"},\"wordCount\":326,\"commentCount\":0,\"publisher\":{\"@id\":\"https:\/\/sintramem-sv.org.br\/sintramem\/#organization\"},\"image\":{\"@id\":\"https:\/\/sintramem-sv.org.br\/sintramem\/prefeitura-institui-programa-de-bolsas-para-desempregados-vinculado-a-setores-da-secretaria-da-educacao-solicitamos-esclarecimentos\/#primaryimage\"},\"thumbnailUrl\":\"https:\/\/sintramem-sv.org.br\/sintramem\/wp-content\/uploads\/2000\/12\/Destacada-Estamos-de-Olho-SINTRAMEM.png\",\"articleSection\":[\"sintramem\"],\"inLanguage\":\"pt-BR\",\"potentialAction\":[{\"@type\":\"CommentAction\",\"name\":\"Comment\",\"target\":[\"https:\/\/sintramem-sv.org.br\/sintramem\/prefeitura-institui-programa-de-bolsas-para-desempregados-vinculado-a-setores-da-secretaria-da-educacao-solicitamos-esclarecimentos\/#respond\"]}]},{\"@type\":\"WebPage\",\"@id\":\"https:\/\/sintramem-sv.org.br\/sintramem\/prefeitura-institui-programa-de-bolsas-para-desempregados-vinculado-a-setores-da-secretaria-da-educacao-solicitamos-esclarecimentos\/\",\"url\":\"https:\/\/sintramem-sv.org.br\/sintramem\/prefeitura-institui-programa-de-bolsas-para-desempregados-vinculado-a-setores-da-secretaria-da-educacao-solicitamos-esclarecimentos\/\",\"name\":\"Prefeitura institui programa de bolsas para desempregados vinculado a setores da Secretaria da Educa\u00e7\u00e3o. Solicitamos esclarecimentos! - SINTRAMEM\",\"isPartOf\":{\"@id\":\"https:\/\/sintramem-sv.org.br\/sintramem\/#website\"},\"primaryImageOfPage\":{\"@id\":\"https:\/\/sintramem-sv.org.br\/sintramem\/prefeitura-institui-programa-de-bolsas-para-desempregados-vinculado-a-setores-da-secretaria-da-educacao-solicitamos-esclarecimentos\/#primaryimage\"},\"image\":{\"@id\":\"https:\/\/sintramem-sv.org.br\/sintramem\/prefeitura-institui-programa-de-bolsas-para-desempregados-vinculado-a-setores-da-secretaria-da-educacao-solicitamos-esclarecimentos\/#primaryimage\"},\"thumbnailUrl\":\"https:\/\/sintramem-sv.org.br\/sintramem\/wp-content\/uploads\/2000\/12\/Destacada-Estamos-de-Olho-SINTRAMEM.png\",\"datePublished\":\"2025-12-23T14:17:17+00:00\",\"dateModified\":\"2025-12-23T17:39:14+00:00\",\"breadcrumb\":{\"@id\":\"https:\/\/sintramem-sv.org.br\/sintramem\/prefeitura-institui-programa-de-bolsas-para-desempregados-vinculado-a-setores-da-secretaria-da-educacao-solicitamos-esclarecimentos\/#breadcrumb\"},\"inLanguage\":\"pt-BR\",\"potentialAction\":[{\"@type\":\"ReadAction\",\"target\":[\"https:\/\/sintramem-sv.org.br\/sintramem\/prefeitura-institui-programa-de-bolsas-para-desempregados-vinculado-a-setores-da-secretaria-da-educacao-solicitamos-esclarecimentos\/\"]}]},{\"@type\":\"ImageObject\",\"inLanguage\":\"pt-BR\",\"@id\":\"https:\/\/sintramem-sv.org.br\/sintramem\/prefeitura-institui-programa-de-bolsas-para-desempregados-vinculado-a-setores-da-secretaria-da-educacao-solicitamos-esclarecimentos\/#primaryimage\",\"url\":\"https:\/\/sintramem-sv.org.br\/sintramem\/wp-content\/uploads\/2000\/12\/Destacada-Estamos-de-Olho-SINTRAMEM.png\",\"contentUrl\":\"https:\/\/sintramem-sv.org.br\/sintramem\/wp-content\/uploads\/2000\/12\/Destacada-Estamos-de-Olho-SINTRAMEM.png\",\"width\":1920,\"height\":1080},{\"@type\":\"BreadcrumbList\",\"@id\":\"https:\/\/sintramem-sv.org.br\/sintramem\/prefeitura-institui-programa-de-bolsas-para-desempregados-vinculado-a-setores-da-secretaria-da-educacao-solicitamos-esclarecimentos\/#breadcrumb\",\"itemListElement\":[{\"@type\":\"ListItem\",\"position\":1,\"name\":\"In\u00edcio\",\"item\":\"https:\/\/sintramem-sv.org.br\/sintramem\/\"},{\"@type\":\"ListItem\",\"position\":2,\"name\":\"Prefeitura institui programa de bolsas para desempregados vinculado a setores da Secretaria da Educa\u00e7\u00e3o. Solicitamos esclarecimentos!\"}]},{\"@type\":\"WebSite\",\"@id\":\"https:\/\/sintramem-sv.org.br\/sintramem\/#website\",\"url\":\"https:\/\/sintramem-sv.org.br\/sintramem\/\",\"name\":\"SINTRAMEM\",\"description\":\"Sindicato dos Trabalhadores no Magist\u00e9rio e na Educa\u00e7\u00e3o de S\u00e3o Vicente\",\"publisher\":{\"@id\":\"https:\/\/sintramem-sv.org.br\/sintramem\/#organization\"},\"potentialAction\":[{\"@type\":\"SearchAction\",\"target\":{\"@type\":\"EntryPoint\",\"urlTemplate\":\"https:\/\/sintramem-sv.org.br\/sintramem\/?s={search_term_string}\"},\"query-input\":{\"@type\":\"PropertyValueSpecification\",\"valueRequired\":true,\"valueName\":\"search_term_string\"}}],\"inLanguage\":\"pt-BR\"},{\"@type\":\"Organization\",\"@id\":\"https:\/\/sintramem-sv.org.br\/sintramem\/#organization\",\"name\":\"SINTRAMEM\",\"url\":\"https:\/\/sintramem-sv.org.br\/sintramem\/\",\"logo\":{\"@type\":\"ImageObject\",\"inLanguage\":\"pt-BR\",\"@id\":\"https:\/\/sintramem-sv.org.br\/sintramem\/#\/schema\/logo\/image\/\",\"url\":\"https:\/\/sintramem-sv.org.br\/sintramem\/wp-content\/uploads\/2017\/02\/SINTRAMEM-LOGO-OFICIAL-300x100-jpg.jpg\",\"contentUrl\":\"https:\/\/sintramem-sv.org.br\/sintramem\/wp-content\/uploads\/2017\/02\/SINTRAMEM-LOGO-OFICIAL-300x100-jpg.jpg\",\"width\":150,\"height\":150,\"caption\":\"SINTRAMEM\"},\"image\":{\"@id\":\"https:\/\/sintramem-sv.org.br\/sintramem\/#\/schema\/logo\/image\/\"}},{\"@type\":\"Person\",\"@id\":\"https:\/\/sintramem-sv.org.br\/sintramem\/#\/schema\/person\/a8decb8ea63607d1e01e046c95ddcf2b\",\"name\":\"sintramem\",\"image\":{\"@type\":\"ImageObject\",\"inLanguage\":\"pt-BR\",\"@id\":\"https:\/\/sintramem-sv.org.br\/sintramem\/#\/schema\/person\/image\/\",\"url\":\"https:\/\/secure.gravatar.com\/avatar\/8e06da3b0d4f051010117c848b52b9280a4228043717057ccccccc8b20ff8f48?s=96&d=mm&r=g\",\"contentUrl\":\"https:\/\/secure.gravatar.com\/avatar\/8e06da3b0d4f051010117c848b52b9280a4228043717057ccccccc8b20ff8f48?s=96&d=mm&r=g\",\"caption\":\"sintramem\"},\"description\":\"Sindicato dos Trabalhadores no Magist\u00e9rio e na Educa\u00e7\u00e3o Municipal de S\u00e3o Vicente\",\"url\":\"https:\/\/sintramem-sv.org.br\/sintramem\/author\/sindsv\/\"}]}<\/script>\n<!-- \/ Yoast SEO plugin. -->","yoast_head_json":{"title":"Prefeitura institui programa de bolsas para desempregados vinculado a setores da Secretaria da Educa\u00e7\u00e3o. Solicitamos esclarecimentos! - SINTRAMEM","robots":{"index":"index","follow":"follow","max-snippet":"max-snippet:-1","max-image-preview":"max-image-preview:large","max-video-preview":"max-video-preview:-1"},"canonical":"https:\/\/sintramem-sv.org.br\/sintramem\/prefeitura-institui-programa-de-bolsas-para-desempregados-vinculado-a-setores-da-secretaria-da-educacao-solicitamos-esclarecimentos\/","og_locale":"pt_BR","og_type":"article","og_title":"Prefeitura institui programa de bolsas para desempregados vinculado a setores da Secretaria da Educa\u00e7\u00e3o. Solicitamos esclarecimentos! - SINTRAMEM","og_description":"No final do ano, a Administra\u00e7\u00e3o municipal aprovou a Lei Complementar n\u00ba 4.711\/2025, que cria o Programa Bolsa Educa\u00e7\u00e3o Municipal (PROBEM). A iniciativa prev\u00ea a concess\u00e3o de bolsas-aux\u00edlio a cerca de 372 desempregados, vinculando-os a atividades em setores da Secretaria da Educa\u00e7\u00e3o. A medida, no entanto, foi implementada sem um processo de debate pr\u00e9vio com&hellip;","og_url":"https:\/\/sintramem-sv.org.br\/sintramem\/prefeitura-institui-programa-de-bolsas-para-desempregados-vinculado-a-setores-da-secretaria-da-educacao-solicitamos-esclarecimentos\/","og_site_name":"SINTRAMEM","article_published_time":"2025-12-23T14:17:17+00:00","article_modified_time":"2025-12-23T17:39:14+00:00","og_image":[{"width":600,"height":338,"url":"https:\/\/sintramem-sv.org.br\/sintramem\/wp-content\/uploads\/2000\/12\/menor.png","type":"image\/png"}],"author":"sintramem","twitter_card":"summary_large_image","twitter_misc":{"Escrito por":"sintramem","Est. tempo de leitura":"2 minutos"},"schema":{"@context":"https:\/\/schema.org","@graph":[{"@type":"Article","@id":"https:\/\/sintramem-sv.org.br\/sintramem\/prefeitura-institui-programa-de-bolsas-para-desempregados-vinculado-a-setores-da-secretaria-da-educacao-solicitamos-esclarecimentos\/#article","isPartOf":{"@id":"https:\/\/sintramem-sv.org.br\/sintramem\/prefeitura-institui-programa-de-bolsas-para-desempregados-vinculado-a-setores-da-secretaria-da-educacao-solicitamos-esclarecimentos\/"},"author":{"name":"sintramem","@id":"https:\/\/sintramem-sv.org.br\/sintramem\/#\/schema\/person\/a8decb8ea63607d1e01e046c95ddcf2b"},"headline":"Prefeitura institui programa de bolsas para desempregados vinculado a setores da Secretaria da Educa\u00e7\u00e3o. Solicitamos esclarecimentos!","datePublished":"2025-12-23T14:17:17+00:00","dateModified":"2025-12-23T17:39:14+00:00","mainEntityOfPage":{"@id":"https:\/\/sintramem-sv.org.br\/sintramem\/prefeitura-institui-programa-de-bolsas-para-desempregados-vinculado-a-setores-da-secretaria-da-educacao-solicitamos-esclarecimentos\/"},"wordCount":326,"commentCount":0,"publisher":{"@id":"https:\/\/sintramem-sv.org.br\/sintramem\/#organization"},"image":{"@id":"https:\/\/sintramem-sv.org.br\/sintramem\/prefeitura-institui-programa-de-bolsas-para-desempregados-vinculado-a-setores-da-secretaria-da-educacao-solicitamos-esclarecimentos\/#primaryimage"},"thumbnailUrl":"https:\/\/sintramem-sv.org.br\/sintramem\/wp-content\/uploads\/2000\/12\/Destacada-Estamos-de-Olho-SINTRAMEM.png","articleSection":["sintramem"],"inLanguage":"pt-BR","potentialAction":[{"@type":"CommentAction","name":"Comment","target":["https:\/\/sintramem-sv.org.br\/sintramem\/prefeitura-institui-programa-de-bolsas-para-desempregados-vinculado-a-setores-da-secretaria-da-educacao-solicitamos-esclarecimentos\/#respond"]}]},{"@type":"WebPage","@id":"https:\/\/sintramem-sv.org.br\/sintramem\/prefeitura-institui-programa-de-bolsas-para-desempregados-vinculado-a-setores-da-secretaria-da-educacao-solicitamos-esclarecimentos\/","url":"https:\/\/sintramem-sv.org.br\/sintramem\/prefeitura-institui-programa-de-bolsas-para-desempregados-vinculado-a-setores-da-secretaria-da-educacao-solicitamos-esclarecimentos\/","name":"Prefeitura institui programa de bolsas para desempregados vinculado a setores da Secretaria da Educa\u00e7\u00e3o. Solicitamos esclarecimentos! - SINTRAMEM","isPartOf":{"@id":"https:\/\/sintramem-sv.org.br\/sintramem\/#website"},"primaryImageOfPage":{"@id":"https:\/\/sintramem-sv.org.br\/sintramem\/prefeitura-institui-programa-de-bolsas-para-desempregados-vinculado-a-setores-da-secretaria-da-educacao-solicitamos-esclarecimentos\/#primaryimage"},"image":{"@id":"https:\/\/sintramem-sv.org.br\/sintramem\/prefeitura-institui-programa-de-bolsas-para-desempregados-vinculado-a-setores-da-secretaria-da-educacao-solicitamos-esclarecimentos\/#primaryimage"},"thumbnailUrl":"https:\/\/sintramem-sv.org.br\/sintramem\/wp-content\/uploads\/2000\/12\/Destacada-Estamos-de-Olho-SINTRAMEM.png","datePublished":"2025-12-23T14:17:17+00:00","dateModified":"2025-12-23T17:39:14+00:00","breadcrumb":{"@id":"https:\/\/sintramem-sv.org.br\/sintramem\/prefeitura-institui-programa-de-bolsas-para-desempregados-vinculado-a-setores-da-secretaria-da-educacao-solicitamos-esclarecimentos\/#breadcrumb"},"inLanguage":"pt-BR","potentialAction":[{"@type":"ReadAction","target":["https:\/\/sintramem-sv.org.br\/sintramem\/prefeitura-institui-programa-de-bolsas-para-desempregados-vinculado-a-setores-da-secretaria-da-educacao-solicitamos-esclarecimentos\/"]}]},{"@type":"ImageObject","inLanguage":"pt-BR","@id":"https:\/\/sintramem-sv.org.br\/sintramem\/prefeitura-institui-programa-de-bolsas-para-desempregados-vinculado-a-setores-da-secretaria-da-educacao-solicitamos-esclarecimentos\/#primaryimage","url":"https:\/\/sintramem-sv.org.br\/sintramem\/wp-content\/uploads\/2000\/12\/Destacada-Estamos-de-Olho-SINTRAMEM.png","contentUrl":"https:\/\/sintramem-sv.org.br\/sintramem\/wp-content\/uploads\/2000\/12\/Destacada-Estamos-de-Olho-SINTRAMEM.png","width":1920,"height":1080},{"@type":"BreadcrumbList","@id":"https:\/\/sintramem-sv.org.br\/sintramem\/prefeitura-institui-programa-de-bolsas-para-desempregados-vinculado-a-setores-da-secretaria-da-educacao-solicitamos-esclarecimentos\/#breadcrumb","itemListElement":[{"@type":"ListItem","position":1,"name":"In\u00edcio","item":"https:\/\/sintramem-sv.org.br\/sintramem\/"},{"@type":"ListItem","position":2,"name":"Prefeitura institui programa de bolsas para desempregados vinculado a setores da Secretaria da Educa\u00e7\u00e3o. Solicitamos esclarecimentos!"}]},{"@type":"WebSite","@id":"https:\/\/sintramem-sv.org.br\/sintramem\/#website","url":"https:\/\/sintramem-sv.org.br\/sintramem\/","name":"SINTRAMEM","description":"Sindicato dos Trabalhadores no Magist\u00e9rio e na Educa\u00e7\u00e3o de S\u00e3o Vicente","publisher":{"@id":"https:\/\/sintramem-sv.org.br\/sintramem\/#organization"},"potentialAction":[{"@type":"SearchAction","target":{"@type":"EntryPoint","urlTemplate":"https:\/\/sintramem-sv.org.br\/sintramem\/?s={search_term_string}"},"query-input":{"@type":"PropertyValueSpecification","valueRequired":true,"valueName":"search_term_string"}}],"inLanguage":"pt-BR"},{"@type":"Organization","@id":"https:\/\/sintramem-sv.org.br\/sintramem\/#organization","name":"SINTRAMEM","url":"https:\/\/sintramem-sv.org.br\/sintramem\/","logo":{"@type":"ImageObject","inLanguage":"pt-BR","@id":"https:\/\/sintramem-sv.org.br\/sintramem\/#\/schema\/logo\/image\/","url":"https:\/\/sintramem-sv.org.br\/sintramem\/wp-content\/uploads\/2017\/02\/SINTRAMEM-LOGO-OFICIAL-300x100-jpg.jpg","contentUrl":"https:\/\/sintramem-sv.org.br\/sintramem\/wp-content\/uploads\/2017\/02\/SINTRAMEM-LOGO-OFICIAL-300x100-jpg.jpg","width":150,"height":150,"caption":"SINTRAMEM"},"image":{"@id":"https:\/\/sintramem-sv.org.br\/sintramem\/#\/schema\/logo\/image\/"}},{"@type":"Person","@id":"https:\/\/sintramem-sv.org.br\/sintramem\/#\/schema\/person\/a8decb8ea63607d1e01e046c95ddcf2b","name":"sintramem","image":{"@type":"ImageObject","inLanguage":"pt-BR","@id":"https:\/\/sintramem-sv.org.br\/sintramem\/#\/schema\/person\/image\/","url":"https:\/\/secure.gravatar.com\/avatar\/8e06da3b0d4f051010117c848b52b9280a4228043717057ccccccc8b20ff8f48?s=96&d=mm&r=g","contentUrl":"https:\/\/secure.gravatar.com\/avatar\/8e06da3b0d4f051010117c848b52b9280a4228043717057ccccccc8b20ff8f48?s=96&d=mm&r=g","caption":"sintramem"},"description":"Sindicato dos Trabalhadores no Magist\u00e9rio e na Educa\u00e7\u00e3o Municipal de S\u00e3o Vicente","url":"https:\/\/sintramem-sv.org.br\/sintramem\/author\/sindsv\/"}]}},"_links":{"self":[{"href":"https:\/\/sintramem-sv.org.br\/sintramem\/wp-json\/wp\/v2\/posts\/9205","targetHints":{"allow":["GET"]}}],"collection":[{"href":"https:\/\/sintramem-sv.org.br\/sintramem\/wp-json\/wp\/v2\/posts"}],"about":[{"href":"https:\/\/sintramem-sv.org.br\/sintramem\/wp-json\/wp\/v2\/types\/post"}],"author":[{"embeddable":true,"href":"https:\/\/sintramem-sv.org.br\/sintramem\/wp-json\/wp\/v2\/users\/1"}],"replies":[{"embeddable":true,"href":"https:\/\/sintramem-sv.org.br\/sintramem\/wp-json\/wp\/v2\/comments?post=9205"}],"version-history":[{"count":4,"href":"https:\/\/sintramem-sv.org.br\/sintramem\/wp-json\/wp\/v2\/posts\/9205\/revisions"}],"predecessor-version":[{"id":9211,"href":"https:\/\/sintramem-sv.org.br\/sintramem\/wp-json\/wp\/v2\/posts\/9205\/revisions\/9211"}],"wp:featuredmedia":[{"embeddable":true,"href":"https:\/\/sintramem-sv.org.br\/sintramem\/wp-json\/wp\/v2\/media\/9212"}],"wp:attachment":[{"href":"https:\/\/sintramem-sv.org.br\/sintramem\/wp-json\/wp\/v2\/media?parent=9205"}],"wp:term":[{"taxonomy":"category","embeddable":true,"href":"https:\/\/sintramem-sv.org.br\/sintramem\/wp-json\/wp\/v2\/categories?post=9205"},{"taxonomy":"post_tag","embeddable":true,"href":"https:\/\/sintramem-sv.org.br\/sintramem\/wp-json\/wp\/v2\/tags?post=9205"}],"curies":[{"name":"wp","href":"https:\/\/api.w.org\/{rel}","templated":true}]}}