{"id":9153,"date":"2025-12-11T05:29:28","date_gmt":"2025-12-11T05:29:28","guid":{"rendered":"https:\/\/sintramem-sv.org.br\/sintramem\/?p=9153"},"modified":"2025-12-11T13:56:42","modified_gmt":"2025-12-11T13:56:42","slug":"cacao-vao-definir-a-pauta-de-reivindicacoes-da-categoria-para-2026-participe-com-o-sintramem-desta-construcao","status":"publish","type":"post","link":"https:\/\/sintramem-sv.org.br\/sintramem\/cacao-vao-definir-a-pauta-de-reivindicacoes-da-categoria-para-2026-participe-com-o-sintramem-desta-construcao\/","title":{"rendered":"Trabalhadores da Educa\u00e7\u00e3o v\u00e3o definir a Pauta de Reivindica\u00e7\u00f5es da categoria para 2026. Participe com o SINTRAMEM desta constru\u00e7\u00e3o!"},"content":{"rendered":"<p><span style=\"font-size: 14pt;\">O ano de 2025 se encerra com desafios significativos para a Educa\u00e7\u00e3o de S\u00e3o Vicente. Em um cen\u00e1rio de perdas e dificuldades, a nova gest\u00e3o do <span style=\"color: #ff0000;\"><strong>SINTRAMEM<\/strong><\/span>, <a href=\"https:\/\/sintramem-sv.org.br\/sintramem\/posse-da-nova-diretoria-do-sintramem-marca-novo-momento-para-a-luta-pelos-profissionais-da-educacao-de-sao-vicente\/\" target=\"_blank\" rel=\"noopener\"><strong>empossada no \u00faltimo dia 9 de dezembro<\/strong><\/a>, j\u00e1 inicia os preparativos para a pr\u00f3xima Campanha Salarial. O objetivo \u00e9 unir a categoria em torno de uma pauta robusta que vise n\u00e3o apenas a recomposi\u00e7\u00e3o remunerat\u00f3ria, mas tamb\u00e9m o debate de benef\u00edcios e outras melhorias necess\u00e1rias para a valoriza\u00e7\u00e3o profissional. A mobiliza\u00e7\u00e3o come\u00e7a agora, assegurando que 2026 seja iniciado com uma proposta consolidada e representativa.<\/span><\/p>\n<p><strong><span style=\"font-size: 18pt; color: #ffffff; background-color: #ff0000;\">PARTICIPA\u00c7\u00c3O DEMOCR\u00c1TICA<\/span><\/strong><\/p>\n<p><span style=\"font-size: 14pt;\">Para garantir que todas as vozes sejam ouvidas, o Sindicato disponibiliza, a partir de hoje, 11 de dezembro, um formul\u00e1rio online para coletar a proposta preliminar de reivindica\u00e7\u00f5es. Este documento servir\u00e1 como ponto de partida para um amplo debate. At\u00e9 o dia 17 de dezembro, cada docente pode contribuir, sugerindo altera\u00e7\u00f5es, acr\u00e9scimos ou novas prioridades. A participa\u00e7\u00e3o pode ser individual ou coletiva, incentivando o di\u00e1logo nas unidades escolares. <\/span><\/p>\n<p><span style=\"font-size: 14pt;\">Posteriormente, as ideias ser\u00e3o formalmente debatidas em assembleia geral, marcada para 18 de dezembro (quinta), \u00e0s 18h30, na sede do Sindicato dos Servidores P\u00fablicos Municipais de S\u00e3o Vicente (<span class=\"x19la9d6 x1fc57z9 x6ikm8r x10wlt62 x19co3pv x1g5zs5t xfibh0p xiy17q3 x1xsqp64 x1lkfr7t xexx8yu xyri2b x18d9i69 x1c1uobl\"><span class=\"xrtxmta x1bhl96m\">SindservSV)<\/span><\/span>\u00a0\u2013\u00a0<a href=\"https:\/\/www.google.com\/maps\/place\/Rua+Visconde+de+Tamandar%C3%A9,+234+-+Centro,+S%C3%A3o+Vicente+-+SP,+11310-441\/data=!4m2!3m1!1s0x94ce1c90730efcd9:0xda0af29843677be7?sa=X&amp;ved=1t:242&amp;ictx=111\" target=\"_blank\" rel=\"noopener\"><strong>rua Visconde de Tamandar\u00e9, 234, Centro<\/strong><\/a>.<\/span><\/p>\n<p><span style=\"font-size: 14pt;\">Este processo \u00e9 fundamental para fortalecer a categoria diante das negocia\u00e7\u00f5es. A constru\u00e7\u00e3o coletiva \u00e9 o alicerce de uma Campanha Salarial vitoriosa. Comparecer \u00e0 assembleia e preencher o formul\u00e1rio s\u00e3o passos concretos para definir os rumos da luta no pr\u00f3ximo ano. A mobiliza\u00e7\u00e3o de todos \u00e9 essencial para avan\u00e7ar na defesa intransigente dos direitos daqueles que dedicam suas vidas \u00e0 educa\u00e7\u00e3o municipal.<\/span><\/p>\n<p><span style=\"font-size: 18pt; color: #ffffff; background-color: #ff0000;\"><strong>PREENCHA O FORMUL\u00c1RIO ABAIXO!<\/strong><\/span><\/p>\n<p><iframe loading=\"lazy\" src=\"https:\/\/docs.google.com\/forms\/d\/e\/1FAIpQLSd4qSdu94o2TUEPC9JyMLB2ID9pYx0kRgXcCqwo9MK2n-5qGA\/viewform?embedded=true\" width=\"640\" height=\"1981\" frameborder=\"0\" marginwidth=\"0\" marginheight=\"0\"><span data-mce-type=\"bookmark\" style=\"display: inline-block; width: 0px; overflow: hidden; line-height: 0;\" class=\"mce_SELRES_start\">\ufeff<\/span><span data-mce-type=\"bookmark\" style=\"display: inline-block; width: 0px; overflow: hidden; line-height: 0;\" class=\"mce_SELRES_start\">\ufeff<\/span>Carregando\u2026<\/iframe><\/p>\n","protected":false},"excerpt":{"rendered":"<p>O ano de 2025 se encerra com desafios significativos para a Educa\u00e7\u00e3o de S\u00e3o Vicente. Em um cen\u00e1rio de perdas e dificuldades, a nova gest\u00e3o do SINTRAMEM, empossada no \u00faltimo dia 9 de dezembro, j\u00e1 inicia os preparativos para a pr\u00f3xima Campanha Salarial. O objetivo \u00e9 unir a categoria em torno de uma pauta robusta&hellip;<\/p>\n","protected":false},"author":1,"featured_media":9154,"comment_status":"open","ping_status":"closed","sticky":false,"template":"","format":"standard","meta":{"_monsterinsights_skip_tracking":false,"_monsterinsights_sitenote_active":false,"_monsterinsights_sitenote_note":"","_monsterinsights_sitenote_category":0,"footnotes":""},"categories":[19],"tags":[],"class_list":["post-9153","post","type-post","status-publish","format-standard","has-post-thumbnail","hentry","category-sintramem"],"yoast_head":"<!-- This site is optimized with the Yoast SEO plugin v27.0 - https:\/\/yoast.com\/product\/yoast-seo-wordpress\/ -->\n<title>Trabalhadores da Educa\u00e7\u00e3o v\u00e3o definir a Pauta de Reivindica\u00e7\u00f5es da categoria para 2026. Participe com o SINTRAMEM desta constru\u00e7\u00e3o! - SINTRAMEM<\/title>\n<meta name=\"robots\" content=\"index, follow, max-snippet:-1, max-image-preview:large, max-video-preview:-1\" \/>\n<link rel=\"canonical\" href=\"https:\/\/sintramem-sv.org.br\/sintramem\/cacao-vao-definir-a-pauta-de-reivindicacoes-da-categoria-para-2026-participe-com-o-sintramem-desta-construcao\/\" \/>\n<meta property=\"og:locale\" content=\"pt_BR\" \/>\n<meta property=\"og:type\" content=\"article\" \/>\n<meta property=\"og:title\" content=\"Trabalhadores da Educa\u00e7\u00e3o v\u00e3o definir a Pauta de Reivindica\u00e7\u00f5es da categoria para 2026. Participe com o SINTRAMEM desta constru\u00e7\u00e3o! - SINTRAMEM\" \/>\n<meta property=\"og:description\" content=\"O ano de 2025 se encerra com desafios significativos para a Educa\u00e7\u00e3o de S\u00e3o Vicente. Em um cen\u00e1rio de perdas e dificuldades, a nova gest\u00e3o do SINTRAMEM, empossada no \u00faltimo dia 9 de dezembro, j\u00e1 inicia os preparativos para a pr\u00f3xima Campanha Salarial. O objetivo \u00e9 unir a categoria em torno de uma pauta robusta&hellip;\" \/>\n<meta property=\"og:url\" content=\"https:\/\/sintramem-sv.org.br\/sintramem\/cacao-vao-definir-a-pauta-de-reivindicacoes-da-categoria-para-2026-participe-com-o-sintramem-desta-construcao\/\" \/>\n<meta property=\"og:site_name\" content=\"SINTRAMEM\" \/>\n<meta property=\"article:published_time\" content=\"2025-12-11T05:29:28+00:00\" \/>\n<meta property=\"article:modified_time\" content=\"2025-12-11T13:56:42+00:00\" \/>\n<meta property=\"og:image\" content=\"https:\/\/sintramem-sv.org.br\/sintramem\/wp-content\/uploads\/2025\/12\/menor.png\" \/>\n\t<meta property=\"og:image:width\" content=\"500\" \/>\n\t<meta property=\"og:image:height\" content=\"278\" \/>\n\t<meta property=\"og:image:type\" content=\"image\/png\" \/>\n<meta name=\"author\" content=\"sintramem\" \/>\n<meta name=\"twitter:card\" content=\"summary_large_image\" \/>\n<meta name=\"twitter:label1\" content=\"Escrito por\" \/>\n\t<meta name=\"twitter:data1\" content=\"sintramem\" \/>\n\t<meta name=\"twitter:label2\" content=\"Est. tempo de leitura\" \/>\n\t<meta name=\"twitter:data2\" content=\"2 minutos\" \/>\n<script type=\"application\/ld+json\" class=\"yoast-schema-graph\">{\"@context\":\"https:\/\/schema.org\",\"@graph\":[{\"@type\":\"Article\",\"@id\":\"https:\/\/sintramem-sv.org.br\/sintramem\/cacao-vao-definir-a-pauta-de-reivindicacoes-da-categoria-para-2026-participe-com-o-sintramem-desta-construcao\/#article\",\"isPartOf\":{\"@id\":\"https:\/\/sintramem-sv.org.br\/sintramem\/cacao-vao-definir-a-pauta-de-reivindicacoes-da-categoria-para-2026-participe-com-o-sintramem-desta-construcao\/\"},\"author\":{\"name\":\"sintramem\",\"@id\":\"https:\/\/sintramem-sv.org.br\/sintramem\/#\/schema\/person\/a8decb8ea63607d1e01e046c95ddcf2b\"},\"headline\":\"Trabalhadores da Educa\u00e7\u00e3o v\u00e3o definir a Pauta de Reivindica\u00e7\u00f5es da categoria para 2026. Participe com o SINTRAMEM desta constru\u00e7\u00e3o!\",\"datePublished\":\"2025-12-11T05:29:28+00:00\",\"dateModified\":\"2025-12-11T13:56:42+00:00\",\"mainEntityOfPage\":{\"@id\":\"https:\/\/sintramem-sv.org.br\/sintramem\/cacao-vao-definir-a-pauta-de-reivindicacoes-da-categoria-para-2026-participe-com-o-sintramem-desta-construcao\/\"},\"wordCount\":306,\"commentCount\":0,\"publisher\":{\"@id\":\"https:\/\/sintramem-sv.org.br\/sintramem\/#organization\"},\"image\":{\"@id\":\"https:\/\/sintramem-sv.org.br\/sintramem\/cacao-vao-definir-a-pauta-de-reivindicacoes-da-categoria-para-2026-participe-com-o-sintramem-desta-construcao\/#primaryimage\"},\"thumbnailUrl\":\"https:\/\/sintramem-sv.org.br\/sintramem\/wp-content\/uploads\/2025\/12\/Destacada-Campanha-Salarial-SINTRAMEM.png\",\"articleSection\":[\"Sintramem\"],\"inLanguage\":\"pt-BR\",\"potentialAction\":[{\"@type\":\"CommentAction\",\"name\":\"Comment\",\"target\":[\"https:\/\/sintramem-sv.org.br\/sintramem\/cacao-vao-definir-a-pauta-de-reivindicacoes-da-categoria-para-2026-participe-com-o-sintramem-desta-construcao\/#respond\"]}]},{\"@type\":\"WebPage\",\"@id\":\"https:\/\/sintramem-sv.org.br\/sintramem\/cacao-vao-definir-a-pauta-de-reivindicacoes-da-categoria-para-2026-participe-com-o-sintramem-desta-construcao\/\",\"url\":\"https:\/\/sintramem-sv.org.br\/sintramem\/cacao-vao-definir-a-pauta-de-reivindicacoes-da-categoria-para-2026-participe-com-o-sintramem-desta-construcao\/\",\"name\":\"Trabalhadores da Educa\u00e7\u00e3o v\u00e3o definir a Pauta de Reivindica\u00e7\u00f5es da categoria para 2026. Participe com o SINTRAMEM desta constru\u00e7\u00e3o! - SINTRAMEM\",\"isPartOf\":{\"@id\":\"https:\/\/sintramem-sv.org.br\/sintramem\/#website\"},\"primaryImageOfPage\":{\"@id\":\"https:\/\/sintramem-sv.org.br\/sintramem\/cacao-vao-definir-a-pauta-de-reivindicacoes-da-categoria-para-2026-participe-com-o-sintramem-desta-construcao\/#primaryimage\"},\"image\":{\"@id\":\"https:\/\/sintramem-sv.org.br\/sintramem\/cacao-vao-definir-a-pauta-de-reivindicacoes-da-categoria-para-2026-participe-com-o-sintramem-desta-construcao\/#primaryimage\"},\"thumbnailUrl\":\"https:\/\/sintramem-sv.org.br\/sintramem\/wp-content\/uploads\/2025\/12\/Destacada-Campanha-Salarial-SINTRAMEM.png\",\"datePublished\":\"2025-12-11T05:29:28+00:00\",\"dateModified\":\"2025-12-11T13:56:42+00:00\",\"breadcrumb\":{\"@id\":\"https:\/\/sintramem-sv.org.br\/sintramem\/cacao-vao-definir-a-pauta-de-reivindicacoes-da-categoria-para-2026-participe-com-o-sintramem-desta-construcao\/#breadcrumb\"},\"inLanguage\":\"pt-BR\",\"potentialAction\":[{\"@type\":\"ReadAction\",\"target\":[\"https:\/\/sintramem-sv.org.br\/sintramem\/cacao-vao-definir-a-pauta-de-reivindicacoes-da-categoria-para-2026-participe-com-o-sintramem-desta-construcao\/\"]}]},{\"@type\":\"ImageObject\",\"inLanguage\":\"pt-BR\",\"@id\":\"https:\/\/sintramem-sv.org.br\/sintramem\/cacao-vao-definir-a-pauta-de-reivindicacoes-da-categoria-para-2026-participe-com-o-sintramem-desta-construcao\/#primaryimage\",\"url\":\"https:\/\/sintramem-sv.org.br\/sintramem\/wp-content\/uploads\/2025\/12\/Destacada-Campanha-Salarial-SINTRAMEM.png\",\"contentUrl\":\"https:\/\/sintramem-sv.org.br\/sintramem\/wp-content\/uploads\/2025\/12\/Destacada-Campanha-Salarial-SINTRAMEM.png\",\"width\":1294,\"height\":720},{\"@type\":\"BreadcrumbList\",\"@id\":\"https:\/\/sintramem-sv.org.br\/sintramem\/cacao-vao-definir-a-pauta-de-reivindicacoes-da-categoria-para-2026-participe-com-o-sintramem-desta-construcao\/#breadcrumb\",\"itemListElement\":[{\"@type\":\"ListItem\",\"position\":1,\"name\":\"In\u00edcio\",\"item\":\"https:\/\/sintramem-sv.org.br\/sintramem\/\"},{\"@type\":\"ListItem\",\"position\":2,\"name\":\"Trabalhadores da Educa\u00e7\u00e3o v\u00e3o definir a Pauta de Reivindica\u00e7\u00f5es da categoria para 2026. Participe com o SINTRAMEM desta constru\u00e7\u00e3o!\"}]},{\"@type\":\"WebSite\",\"@id\":\"https:\/\/sintramem-sv.org.br\/sintramem\/#website\",\"url\":\"https:\/\/sintramem-sv.org.br\/sintramem\/\",\"name\":\"SINTRAMEM\",\"description\":\"Sindicato dos Trabalhadores no Magist\u00e9rio e na Educa\u00e7\u00e3o de S\u00e3o Vicente\",\"publisher\":{\"@id\":\"https:\/\/sintramem-sv.org.br\/sintramem\/#organization\"},\"potentialAction\":[{\"@type\":\"SearchAction\",\"target\":{\"@type\":\"EntryPoint\",\"urlTemplate\":\"https:\/\/sintramem-sv.org.br\/sintramem\/?s={search_term_string}\"},\"query-input\":{\"@type\":\"PropertyValueSpecification\",\"valueRequired\":true,\"valueName\":\"search_term_string\"}}],\"inLanguage\":\"pt-BR\"},{\"@type\":\"Organization\",\"@id\":\"https:\/\/sintramem-sv.org.br\/sintramem\/#organization\",\"name\":\"SINTRAMEM\",\"url\":\"https:\/\/sintramem-sv.org.br\/sintramem\/\",\"logo\":{\"@type\":\"ImageObject\",\"inLanguage\":\"pt-BR\",\"@id\":\"https:\/\/sintramem-sv.org.br\/sintramem\/#\/schema\/logo\/image\/\",\"url\":\"https:\/\/sintramem-sv.org.br\/sintramem\/wp-content\/uploads\/2017\/02\/SINTRAMEM-LOGO-OFICIAL-300x100-jpg.jpg\",\"contentUrl\":\"https:\/\/sintramem-sv.org.br\/sintramem\/wp-content\/uploads\/2017\/02\/SINTRAMEM-LOGO-OFICIAL-300x100-jpg.jpg\",\"width\":150,\"height\":150,\"caption\":\"SINTRAMEM\"},\"image\":{\"@id\":\"https:\/\/sintramem-sv.org.br\/sintramem\/#\/schema\/logo\/image\/\"}},{\"@type\":\"Person\",\"@id\":\"https:\/\/sintramem-sv.org.br\/sintramem\/#\/schema\/person\/a8decb8ea63607d1e01e046c95ddcf2b\",\"name\":\"sintramem\",\"image\":{\"@type\":\"ImageObject\",\"inLanguage\":\"pt-BR\",\"@id\":\"https:\/\/sintramem-sv.org.br\/sintramem\/#\/schema\/person\/image\/\",\"url\":\"https:\/\/secure.gravatar.com\/avatar\/8e06da3b0d4f051010117c848b52b9280a4228043717057ccccccc8b20ff8f48?s=96&d=mm&r=g\",\"contentUrl\":\"https:\/\/secure.gravatar.com\/avatar\/8e06da3b0d4f051010117c848b52b9280a4228043717057ccccccc8b20ff8f48?s=96&d=mm&r=g\",\"caption\":\"sintramem\"},\"description\":\"Sindicato dos Trabalhadores no Magist\u00e9rio e na Educa\u00e7\u00e3o Municipal de S\u00e3o Vicente\",\"url\":\"https:\/\/sintramem-sv.org.br\/sintramem\/author\/sindsv\/\"}]}<\/script>\n<!-- \/ Yoast SEO plugin. -->","yoast_head_json":{"title":"Trabalhadores da Educa\u00e7\u00e3o v\u00e3o definir a Pauta de Reivindica\u00e7\u00f5es da categoria para 2026. Participe com o SINTRAMEM desta constru\u00e7\u00e3o! - SINTRAMEM","robots":{"index":"index","follow":"follow","max-snippet":"max-snippet:-1","max-image-preview":"max-image-preview:large","max-video-preview":"max-video-preview:-1"},"canonical":"https:\/\/sintramem-sv.org.br\/sintramem\/cacao-vao-definir-a-pauta-de-reivindicacoes-da-categoria-para-2026-participe-com-o-sintramem-desta-construcao\/","og_locale":"pt_BR","og_type":"article","og_title":"Trabalhadores da Educa\u00e7\u00e3o v\u00e3o definir a Pauta de Reivindica\u00e7\u00f5es da categoria para 2026. Participe com o SINTRAMEM desta constru\u00e7\u00e3o! - SINTRAMEM","og_description":"O ano de 2025 se encerra com desafios significativos para a Educa\u00e7\u00e3o de S\u00e3o Vicente. Em um cen\u00e1rio de perdas e dificuldades, a nova gest\u00e3o do SINTRAMEM, empossada no \u00faltimo dia 9 de dezembro, j\u00e1 inicia os preparativos para a pr\u00f3xima Campanha Salarial. O objetivo \u00e9 unir a categoria em torno de uma pauta robusta&hellip;","og_url":"https:\/\/sintramem-sv.org.br\/sintramem\/cacao-vao-definir-a-pauta-de-reivindicacoes-da-categoria-para-2026-participe-com-o-sintramem-desta-construcao\/","og_site_name":"SINTRAMEM","article_published_time":"2025-12-11T05:29:28+00:00","article_modified_time":"2025-12-11T13:56:42+00:00","og_image":[{"width":500,"height":278,"url":"https:\/\/sintramem-sv.org.br\/sintramem\/wp-content\/uploads\/2025\/12\/menor.png","type":"image\/png"}],"author":"sintramem","twitter_card":"summary_large_image","twitter_misc":{"Escrito por":"sintramem","Est. tempo de leitura":"2 minutos"},"schema":{"@context":"https:\/\/schema.org","@graph":[{"@type":"Article","@id":"https:\/\/sintramem-sv.org.br\/sintramem\/cacao-vao-definir-a-pauta-de-reivindicacoes-da-categoria-para-2026-participe-com-o-sintramem-desta-construcao\/#article","isPartOf":{"@id":"https:\/\/sintramem-sv.org.br\/sintramem\/cacao-vao-definir-a-pauta-de-reivindicacoes-da-categoria-para-2026-participe-com-o-sintramem-desta-construcao\/"},"author":{"name":"sintramem","@id":"https:\/\/sintramem-sv.org.br\/sintramem\/#\/schema\/person\/a8decb8ea63607d1e01e046c95ddcf2b"},"headline":"Trabalhadores da Educa\u00e7\u00e3o v\u00e3o definir a Pauta de Reivindica\u00e7\u00f5es da categoria para 2026. Participe com o SINTRAMEM desta constru\u00e7\u00e3o!","datePublished":"2025-12-11T05:29:28+00:00","dateModified":"2025-12-11T13:56:42+00:00","mainEntityOfPage":{"@id":"https:\/\/sintramem-sv.org.br\/sintramem\/cacao-vao-definir-a-pauta-de-reivindicacoes-da-categoria-para-2026-participe-com-o-sintramem-desta-construcao\/"},"wordCount":306,"commentCount":0,"publisher":{"@id":"https:\/\/sintramem-sv.org.br\/sintramem\/#organization"},"image":{"@id":"https:\/\/sintramem-sv.org.br\/sintramem\/cacao-vao-definir-a-pauta-de-reivindicacoes-da-categoria-para-2026-participe-com-o-sintramem-desta-construcao\/#primaryimage"},"thumbnailUrl":"https:\/\/sintramem-sv.org.br\/sintramem\/wp-content\/uploads\/2025\/12\/Destacada-Campanha-Salarial-SINTRAMEM.png","articleSection":["Sintramem"],"inLanguage":"pt-BR","potentialAction":[{"@type":"CommentAction","name":"Comment","target":["https:\/\/sintramem-sv.org.br\/sintramem\/cacao-vao-definir-a-pauta-de-reivindicacoes-da-categoria-para-2026-participe-com-o-sintramem-desta-construcao\/#respond"]}]},{"@type":"WebPage","@id":"https:\/\/sintramem-sv.org.br\/sintramem\/cacao-vao-definir-a-pauta-de-reivindicacoes-da-categoria-para-2026-participe-com-o-sintramem-desta-construcao\/","url":"https:\/\/sintramem-sv.org.br\/sintramem\/cacao-vao-definir-a-pauta-de-reivindicacoes-da-categoria-para-2026-participe-com-o-sintramem-desta-construcao\/","name":"Trabalhadores da Educa\u00e7\u00e3o v\u00e3o definir a Pauta de Reivindica\u00e7\u00f5es da categoria para 2026. Participe com o SINTRAMEM desta constru\u00e7\u00e3o! - SINTRAMEM","isPartOf":{"@id":"https:\/\/sintramem-sv.org.br\/sintramem\/#website"},"primaryImageOfPage":{"@id":"https:\/\/sintramem-sv.org.br\/sintramem\/cacao-vao-definir-a-pauta-de-reivindicacoes-da-categoria-para-2026-participe-com-o-sintramem-desta-construcao\/#primaryimage"},"image":{"@id":"https:\/\/sintramem-sv.org.br\/sintramem\/cacao-vao-definir-a-pauta-de-reivindicacoes-da-categoria-para-2026-participe-com-o-sintramem-desta-construcao\/#primaryimage"},"thumbnailUrl":"https:\/\/sintramem-sv.org.br\/sintramem\/wp-content\/uploads\/2025\/12\/Destacada-Campanha-Salarial-SINTRAMEM.png","datePublished":"2025-12-11T05:29:28+00:00","dateModified":"2025-12-11T13:56:42+00:00","breadcrumb":{"@id":"https:\/\/sintramem-sv.org.br\/sintramem\/cacao-vao-definir-a-pauta-de-reivindicacoes-da-categoria-para-2026-participe-com-o-sintramem-desta-construcao\/#breadcrumb"},"inLanguage":"pt-BR","potentialAction":[{"@type":"ReadAction","target":["https:\/\/sintramem-sv.org.br\/sintramem\/cacao-vao-definir-a-pauta-de-reivindicacoes-da-categoria-para-2026-participe-com-o-sintramem-desta-construcao\/"]}]},{"@type":"ImageObject","inLanguage":"pt-BR","@id":"https:\/\/sintramem-sv.org.br\/sintramem\/cacao-vao-definir-a-pauta-de-reivindicacoes-da-categoria-para-2026-participe-com-o-sintramem-desta-construcao\/#primaryimage","url":"https:\/\/sintramem-sv.org.br\/sintramem\/wp-content\/uploads\/2025\/12\/Destacada-Campanha-Salarial-SINTRAMEM.png","contentUrl":"https:\/\/sintramem-sv.org.br\/sintramem\/wp-content\/uploads\/2025\/12\/Destacada-Campanha-Salarial-SINTRAMEM.png","width":1294,"height":720},{"@type":"BreadcrumbList","@id":"https:\/\/sintramem-sv.org.br\/sintramem\/cacao-vao-definir-a-pauta-de-reivindicacoes-da-categoria-para-2026-participe-com-o-sintramem-desta-construcao\/#breadcrumb","itemListElement":[{"@type":"ListItem","position":1,"name":"In\u00edcio","item":"https:\/\/sintramem-sv.org.br\/sintramem\/"},{"@type":"ListItem","position":2,"name":"Trabalhadores da Educa\u00e7\u00e3o v\u00e3o definir a Pauta de Reivindica\u00e7\u00f5es da categoria para 2026. Participe com o SINTRAMEM desta constru\u00e7\u00e3o!"}]},{"@type":"WebSite","@id":"https:\/\/sintramem-sv.org.br\/sintramem\/#website","url":"https:\/\/sintramem-sv.org.br\/sintramem\/","name":"SINTRAMEM","description":"Sindicato dos Trabalhadores no Magist\u00e9rio e na Educa\u00e7\u00e3o de S\u00e3o Vicente","publisher":{"@id":"https:\/\/sintramem-sv.org.br\/sintramem\/#organization"},"potentialAction":[{"@type":"SearchAction","target":{"@type":"EntryPoint","urlTemplate":"https:\/\/sintramem-sv.org.br\/sintramem\/?s={search_term_string}"},"query-input":{"@type":"PropertyValueSpecification","valueRequired":true,"valueName":"search_term_string"}}],"inLanguage":"pt-BR"},{"@type":"Organization","@id":"https:\/\/sintramem-sv.org.br\/sintramem\/#organization","name":"SINTRAMEM","url":"https:\/\/sintramem-sv.org.br\/sintramem\/","logo":{"@type":"ImageObject","inLanguage":"pt-BR","@id":"https:\/\/sintramem-sv.org.br\/sintramem\/#\/schema\/logo\/image\/","url":"https:\/\/sintramem-sv.org.br\/sintramem\/wp-content\/uploads\/2017\/02\/SINTRAMEM-LOGO-OFICIAL-300x100-jpg.jpg","contentUrl":"https:\/\/sintramem-sv.org.br\/sintramem\/wp-content\/uploads\/2017\/02\/SINTRAMEM-LOGO-OFICIAL-300x100-jpg.jpg","width":150,"height":150,"caption":"SINTRAMEM"},"image":{"@id":"https:\/\/sintramem-sv.org.br\/sintramem\/#\/schema\/logo\/image\/"}},{"@type":"Person","@id":"https:\/\/sintramem-sv.org.br\/sintramem\/#\/schema\/person\/a8decb8ea63607d1e01e046c95ddcf2b","name":"sintramem","image":{"@type":"ImageObject","inLanguage":"pt-BR","@id":"https:\/\/sintramem-sv.org.br\/sintramem\/#\/schema\/person\/image\/","url":"https:\/\/secure.gravatar.com\/avatar\/8e06da3b0d4f051010117c848b52b9280a4228043717057ccccccc8b20ff8f48?s=96&d=mm&r=g","contentUrl":"https:\/\/secure.gravatar.com\/avatar\/8e06da3b0d4f051010117c848b52b9280a4228043717057ccccccc8b20ff8f48?s=96&d=mm&r=g","caption":"sintramem"},"description":"Sindicato dos Trabalhadores no Magist\u00e9rio e na Educa\u00e7\u00e3o Municipal de S\u00e3o Vicente","url":"https:\/\/sintramem-sv.org.br\/sintramem\/author\/sindsv\/"}]}},"_links":{"self":[{"href":"https:\/\/sintramem-sv.org.br\/sintramem\/wp-json\/wp\/v2\/posts\/9153","targetHints":{"allow":["GET"]}}],"collection":[{"href":"https:\/\/sintramem-sv.org.br\/sintramem\/wp-json\/wp\/v2\/posts"}],"about":[{"href":"https:\/\/sintramem-sv.org.br\/sintramem\/wp-json\/wp\/v2\/types\/post"}],"author":[{"embeddable":true,"href":"https:\/\/sintramem-sv.org.br\/sintramem\/wp-json\/wp\/v2\/users\/1"}],"replies":[{"embeddable":true,"href":"https:\/\/sintramem-sv.org.br\/sintramem\/wp-json\/wp\/v2\/comments?post=9153"}],"version-history":[{"count":5,"href":"https:\/\/sintramem-sv.org.br\/sintramem\/wp-json\/wp\/v2\/posts\/9153\/revisions"}],"predecessor-version":[{"id":9160,"href":"https:\/\/sintramem-sv.org.br\/sintramem\/wp-json\/wp\/v2\/posts\/9153\/revisions\/9160"}],"wp:featuredmedia":[{"embeddable":true,"href":"https:\/\/sintramem-sv.org.br\/sintramem\/wp-json\/wp\/v2\/media\/9154"}],"wp:attachment":[{"href":"https:\/\/sintramem-sv.org.br\/sintramem\/wp-json\/wp\/v2\/media?parent=9153"}],"wp:term":[{"taxonomy":"category","embeddable":true,"href":"https:\/\/sintramem-sv.org.br\/sintramem\/wp-json\/wp\/v2\/categories?post=9153"},{"taxonomy":"post_tag","embeddable":true,"href":"https:\/\/sintramem-sv.org.br\/sintramem\/wp-json\/wp\/v2\/tags?post=9153"}],"curies":[{"name":"wp","href":"https:\/\/api.w.org\/{rel}","templated":true}]}}