{"id":9147,"date":"2025-12-10T08:34:20","date_gmt":"2025-12-10T08:34:20","guid":{"rendered":"https:\/\/sintramem-sv.org.br\/sintramem\/?p=9147"},"modified":"2025-12-12T13:34:04","modified_gmt":"2025-12-12T13:34:04","slug":"assembleia-de-prestacao-de-contas-2024-e-previsao-orcamentaria-2026-sera-no-dia-12-de-dezembro-as-18h30-na-sede-participem","status":"publish","type":"post","link":"https:\/\/sintramem-sv.org.br\/sintramem\/assembleia-de-prestacao-de-contas-2024-e-previsao-orcamentaria-2026-sera-no-dia-12-de-dezembro-as-18h30-na-sede-participem\/","title":{"rendered":"Assembleia de Presta\u00e7\u00e3o de Contas 2024 e Previs\u00e3o Or\u00e7ament\u00e1ria 2026 ser\u00e1 no dia 12 de dezembro, \u00e0s 18h30, na sede. Participem!"},"content":{"rendered":"<p><span style=\"font-size: 14pt;\">O\u00a0<span style=\"color: #ff0000;\"><strong>SINTRAMEM <\/strong><\/span>convoca todos os associados para importante ato na sede da entidade &#8211; <a href=\"https:\/\/www.google.com\/maps\/place\/SINTRAMEM\/@-23.9673638,-46.3896991,1002m\/data=!3m2!1e3!4b1!4m6!3m5!1s0x94ce1d4968498c59:0x4eea0d14499ad738!8m2!3d-23.9673638!4d-46.3896991!16s%2Fg%2F11hdx2pf4_?entry=ttu&amp;g_ep=EgoyMDI1MTIwOC4wIKXMDSoASAFQAw%3D%3D\" target=\"_blank\" rel=\"noopener\"><strong>Pra\u00e7a Bernardino de Campos, 180, Centro, S\u00e3o Vicente\/SP<\/strong><\/a>. Ser\u00e1 na sexta, dia<strong> 12 de dezembro<\/strong>, em primeira chamada, \u00e0s\u00a0<strong>18 horas <\/strong>e, caso n\u00e3o seja atingido o qu\u00f3rum, \u00e0s\u00a0<strong>18h30,<\/strong> em segunda chamada (com qualquer n\u00famero de presentes). Juntos, vamos realizar a assembleia geral ordin\u00e1ria de presta\u00e7\u00e3o de contas do ano de 2024 e a previs\u00e3o or\u00e7ament\u00e1ria do exerc\u00edcio 2026. Sua participa\u00e7\u00e3o \u00e9 fundamental!<\/span><\/p>\n<p><a href=\"https:\/\/sintramem-sv.org.br\/sintramem\/wp-content\/uploads\/2025\/12\/edital-de-convocacao-2024.pdf\" target=\"_blank\" rel=\"noopener\"><span style=\"font-size: 18pt; color: #ffffff; background-color: #ff0000;\"><strong><u>EDITAL DE CONVOCA\u00c7\u00c3O<\/u><\/strong><\/span><\/a><\/p>\n<p><em><span style=\"font-size: 14pt;\">Assembleia Geral Ordin\u00e1ria Anual de Presta\u00e7\u00e3o de Contas 2024 e Proposta Or\u00e7ament\u00e1ria &#8211; Exerc\u00edcio 2026<\/span><\/em><\/p>\n<p><em><span style=\"font-size: 14pt;\"><strong>SINDICATO DOS TRABALHADORES NO MAGIST\u00c9RIO E NA EDUCA\u00c7\u00c3O MUNICIPAL DE S\u00c3O VICENTE \u2013 SINTRAMEM &#8211; CNPJ 13.154.145\/0001-99 &#8211; <\/strong>Ficam pelo presente Edital, convocados todos os associados desta Entidade, quites e em pleno gozo dos seus direitos, para Assembleia Geral Ordin\u00e1ria no dia 12\/12\/2025, \u00e0s 18:00 h, em primeira convoca\u00e7\u00e3o e \u00e0s 18:30 h. em segunda chamada com qualquer n\u00famero, sito a Pra\u00e7a Bernardino de Campos n\u00ba 180 \u2013 Centro \u2013 S\u00e3o Vicente\/SP., para tratar de assuntos da seguinte ordem do dia: a) Presta\u00e7\u00e3o de Contas do Exerc\u00edcio 2024 com discuss\u00e3o e vota\u00e7\u00e3o do\u00a0 parecer do Conselho Fiscal. b) Previs\u00e3o Or\u00e7ament\u00e1ria para 2026. S\u00e3o Vicente, 10 de dezembro de 2025.<\/span><\/em><\/p>\n<p><em><span style=\"font-size: 14pt;\"><strong>THOBIAS PARAGUAI DE OLIVEIRA<br \/>\n<\/strong><\/span><span style=\"font-size: 14pt;\"><strong>Presidente<\/strong><\/span><\/em><\/p>\n<p><a href=\"https:\/\/sintramem-sv.org.br\/sintramem\/wp-content\/uploads\/2025\/12\/edital-de-convocacao-2024.pdf\" target=\"_blank\" rel=\"noopener\"><img loading=\"lazy\" decoding=\"async\" class=\"aligncenter wp-image-9151 size-full\" src=\"https:\/\/sintramem-sv.org.br\/sintramem\/wp-content\/uploads\/2025\/12\/edii.png\" alt=\"\" width=\"1080\" height=\"1350\" srcset=\"https:\/\/sintramem-sv.org.br\/sintramem\/wp-content\/uploads\/2025\/12\/edii.png 1080w, https:\/\/sintramem-sv.org.br\/sintramem\/wp-content\/uploads\/2025\/12\/edii-240x300.png 240w, https:\/\/sintramem-sv.org.br\/sintramem\/wp-content\/uploads\/2025\/12\/edii-819x1024.png 819w, https:\/\/sintramem-sv.org.br\/sintramem\/wp-content\/uploads\/2025\/12\/edii-768x960.png 768w\" sizes=\"auto, (max-width: 1080px) 100vw, 1080px\" \/><\/a><\/p>\n","protected":false},"excerpt":{"rendered":"<p>O\u00a0SINTRAMEM convoca todos os associados para importante ato na sede da entidade &#8211; Pra\u00e7a Bernardino de Campos, 180, Centro, S\u00e3o Vicente\/SP. Ser\u00e1 na sexta, dia 12 de dezembro, em primeira chamada, \u00e0s\u00a018 horas e, caso n\u00e3o seja atingido o qu\u00f3rum, \u00e0s\u00a018h30, em segunda chamada (com qualquer n\u00famero de presentes). Juntos, vamos realizar a assembleia geral&hellip;<\/p>\n","protected":false},"author":1,"featured_media":9170,"comment_status":"open","ping_status":"closed","sticky":false,"template":"","format":"standard","meta":{"_monsterinsights_skip_tracking":false,"_monsterinsights_sitenote_active":false,"_monsterinsights_sitenote_note":"","_monsterinsights_sitenote_category":0,"footnotes":""},"categories":[1],"tags":[],"class_list":["post-9147","post","type-post","status-publish","format-standard","has-post-thumbnail","hentry","category-sintramem-sintramem"],"yoast_head":"<!-- This site is optimized with the Yoast SEO plugin v27.0 - https:\/\/yoast.com\/product\/yoast-seo-wordpress\/ -->\n<title>Assembleia de Presta\u00e7\u00e3o de Contas 2024 e Previs\u00e3o Or\u00e7ament\u00e1ria 2026 ser\u00e1 no dia 12 de dezembro, \u00e0s 18h30, na sede. Participem! - SINTRAMEM<\/title>\n<meta name=\"robots\" content=\"index, follow, max-snippet:-1, max-image-preview:large, max-video-preview:-1\" \/>\n<link rel=\"canonical\" href=\"https:\/\/sintramem-sv.org.br\/sintramem\/assembleia-de-prestacao-de-contas-2024-e-previsao-orcamentaria-2026-sera-no-dia-12-de-dezembro-as-18h30-na-sede-participem\/\" \/>\n<meta property=\"og:locale\" content=\"pt_BR\" \/>\n<meta property=\"og:type\" content=\"article\" \/>\n<meta property=\"og:title\" content=\"Assembleia de Presta\u00e7\u00e3o de Contas 2024 e Previs\u00e3o Or\u00e7ament\u00e1ria 2026 ser\u00e1 no dia 12 de dezembro, \u00e0s 18h30, na sede. Participem! - SINTRAMEM\" \/>\n<meta property=\"og:description\" content=\"O\u00a0SINTRAMEM convoca todos os associados para importante ato na sede da entidade &#8211; Pra\u00e7a Bernardino de Campos, 180, Centro, S\u00e3o Vicente\/SP. Ser\u00e1 na sexta, dia 12 de dezembro, em primeira chamada, \u00e0s\u00a018 horas e, caso n\u00e3o seja atingido o qu\u00f3rum, \u00e0s\u00a018h30, em segunda chamada (com qualquer n\u00famero de presentes). Juntos, vamos realizar a assembleia geral&hellip;\" \/>\n<meta property=\"og:url\" content=\"https:\/\/sintramem-sv.org.br\/sintramem\/assembleia-de-prestacao-de-contas-2024-e-previsao-orcamentaria-2026-sera-no-dia-12-de-dezembro-as-18h30-na-sede-participem\/\" \/>\n<meta property=\"og:site_name\" content=\"SINTRAMEM\" \/>\n<meta property=\"article:published_time\" content=\"2025-12-10T08:34:20+00:00\" \/>\n<meta property=\"article:modified_time\" content=\"2025-12-12T13:34:04+00:00\" \/>\n<meta property=\"og:image\" content=\"https:\/\/sintramem-sv.org.br\/sintramem\/wp-content\/uploads\/2025\/12\/MENOR-2.png\" \/>\n\t<meta property=\"og:image:width\" content=\"600\" \/>\n\t<meta property=\"og:image:height\" content=\"334\" \/>\n\t<meta property=\"og:image:type\" content=\"image\/png\" \/>\n<meta name=\"author\" content=\"sintramem\" \/>\n<meta name=\"twitter:card\" content=\"summary_large_image\" \/>\n<meta name=\"twitter:label1\" content=\"Escrito por\" \/>\n\t<meta name=\"twitter:data1\" content=\"sintramem\" \/>\n\t<meta name=\"twitter:label2\" content=\"Est. tempo de leitura\" \/>\n\t<meta name=\"twitter:data2\" content=\"2 minutos\" \/>\n<script type=\"application\/ld+json\" class=\"yoast-schema-graph\">{\"@context\":\"https:\/\/schema.org\",\"@graph\":[{\"@type\":\"Article\",\"@id\":\"https:\/\/sintramem-sv.org.br\/sintramem\/assembleia-de-prestacao-de-contas-2024-e-previsao-orcamentaria-2026-sera-no-dia-12-de-dezembro-as-18h30-na-sede-participem\/#article\",\"isPartOf\":{\"@id\":\"https:\/\/sintramem-sv.org.br\/sintramem\/assembleia-de-prestacao-de-contas-2024-e-previsao-orcamentaria-2026-sera-no-dia-12-de-dezembro-as-18h30-na-sede-participem\/\"},\"author\":{\"name\":\"sintramem\",\"@id\":\"https:\/\/sintramem-sv.org.br\/sintramem\/#\/schema\/person\/a8decb8ea63607d1e01e046c95ddcf2b\"},\"headline\":\"Assembleia de Presta\u00e7\u00e3o de Contas 2024 e Previs\u00e3o Or\u00e7ament\u00e1ria 2026 ser\u00e1 no dia 12 de dezembro, \u00e0s 18h30, na sede. Participem!\",\"datePublished\":\"2025-12-10T08:34:20+00:00\",\"dateModified\":\"2025-12-12T13:34:04+00:00\",\"mainEntityOfPage\":{\"@id\":\"https:\/\/sintramem-sv.org.br\/sintramem\/assembleia-de-prestacao-de-contas-2024-e-previsao-orcamentaria-2026-sera-no-dia-12-de-dezembro-as-18h30-na-sede-participem\/\"},\"wordCount\":249,\"commentCount\":0,\"publisher\":{\"@id\":\"https:\/\/sintramem-sv.org.br\/sintramem\/#organization\"},\"image\":{\"@id\":\"https:\/\/sintramem-sv.org.br\/sintramem\/assembleia-de-prestacao-de-contas-2024-e-previsao-orcamentaria-2026-sera-no-dia-12-de-dezembro-as-18h30-na-sede-participem\/#primaryimage\"},\"thumbnailUrl\":\"https:\/\/sintramem-sv.org.br\/sintramem\/wp-content\/uploads\/2025\/12\/Destacada-Convocacao-Assembleia-SINTRAMEM.png\",\"articleSection\":[\"sintramem\"],\"inLanguage\":\"pt-BR\",\"potentialAction\":[{\"@type\":\"CommentAction\",\"name\":\"Comment\",\"target\":[\"https:\/\/sintramem-sv.org.br\/sintramem\/assembleia-de-prestacao-de-contas-2024-e-previsao-orcamentaria-2026-sera-no-dia-12-de-dezembro-as-18h30-na-sede-participem\/#respond\"]}]},{\"@type\":\"WebPage\",\"@id\":\"https:\/\/sintramem-sv.org.br\/sintramem\/assembleia-de-prestacao-de-contas-2024-e-previsao-orcamentaria-2026-sera-no-dia-12-de-dezembro-as-18h30-na-sede-participem\/\",\"url\":\"https:\/\/sintramem-sv.org.br\/sintramem\/assembleia-de-prestacao-de-contas-2024-e-previsao-orcamentaria-2026-sera-no-dia-12-de-dezembro-as-18h30-na-sede-participem\/\",\"name\":\"Assembleia de Presta\u00e7\u00e3o de Contas 2024 e Previs\u00e3o Or\u00e7ament\u00e1ria 2026 ser\u00e1 no dia 12 de dezembro, \u00e0s 18h30, na sede. Participem! - SINTRAMEM\",\"isPartOf\":{\"@id\":\"https:\/\/sintramem-sv.org.br\/sintramem\/#website\"},\"primaryImageOfPage\":{\"@id\":\"https:\/\/sintramem-sv.org.br\/sintramem\/assembleia-de-prestacao-de-contas-2024-e-previsao-orcamentaria-2026-sera-no-dia-12-de-dezembro-as-18h30-na-sede-participem\/#primaryimage\"},\"image\":{\"@id\":\"https:\/\/sintramem-sv.org.br\/sintramem\/assembleia-de-prestacao-de-contas-2024-e-previsao-orcamentaria-2026-sera-no-dia-12-de-dezembro-as-18h30-na-sede-participem\/#primaryimage\"},\"thumbnailUrl\":\"https:\/\/sintramem-sv.org.br\/sintramem\/wp-content\/uploads\/2025\/12\/Destacada-Convocacao-Assembleia-SINTRAMEM.png\",\"datePublished\":\"2025-12-10T08:34:20+00:00\",\"dateModified\":\"2025-12-12T13:34:04+00:00\",\"breadcrumb\":{\"@id\":\"https:\/\/sintramem-sv.org.br\/sintramem\/assembleia-de-prestacao-de-contas-2024-e-previsao-orcamentaria-2026-sera-no-dia-12-de-dezembro-as-18h30-na-sede-participem\/#breadcrumb\"},\"inLanguage\":\"pt-BR\",\"potentialAction\":[{\"@type\":\"ReadAction\",\"target\":[\"https:\/\/sintramem-sv.org.br\/sintramem\/assembleia-de-prestacao-de-contas-2024-e-previsao-orcamentaria-2026-sera-no-dia-12-de-dezembro-as-18h30-na-sede-participem\/\"]}]},{\"@type\":\"ImageObject\",\"inLanguage\":\"pt-BR\",\"@id\":\"https:\/\/sintramem-sv.org.br\/sintramem\/assembleia-de-prestacao-de-contas-2024-e-previsao-orcamentaria-2026-sera-no-dia-12-de-dezembro-as-18h30-na-sede-participem\/#primaryimage\",\"url\":\"https:\/\/sintramem-sv.org.br\/sintramem\/wp-content\/uploads\/2025\/12\/Destacada-Convocacao-Assembleia-SINTRAMEM.png\",\"contentUrl\":\"https:\/\/sintramem-sv.org.br\/sintramem\/wp-content\/uploads\/2025\/12\/Destacada-Convocacao-Assembleia-SINTRAMEM.png\",\"width\":1294,\"height\":720},{\"@type\":\"BreadcrumbList\",\"@id\":\"https:\/\/sintramem-sv.org.br\/sintramem\/assembleia-de-prestacao-de-contas-2024-e-previsao-orcamentaria-2026-sera-no-dia-12-de-dezembro-as-18h30-na-sede-participem\/#breadcrumb\",\"itemListElement\":[{\"@type\":\"ListItem\",\"position\":1,\"name\":\"In\u00edcio\",\"item\":\"https:\/\/sintramem-sv.org.br\/sintramem\/\"},{\"@type\":\"ListItem\",\"position\":2,\"name\":\"Assembleia de Presta\u00e7\u00e3o de Contas 2024 e Previs\u00e3o Or\u00e7ament\u00e1ria 2026 ser\u00e1 no dia 12 de dezembro, \u00e0s 18h30, na sede. Participem!\"}]},{\"@type\":\"WebSite\",\"@id\":\"https:\/\/sintramem-sv.org.br\/sintramem\/#website\",\"url\":\"https:\/\/sintramem-sv.org.br\/sintramem\/\",\"name\":\"SINTRAMEM\",\"description\":\"Sindicato dos Trabalhadores no Magist\u00e9rio e na Educa\u00e7\u00e3o de S\u00e3o Vicente\",\"publisher\":{\"@id\":\"https:\/\/sintramem-sv.org.br\/sintramem\/#organization\"},\"potentialAction\":[{\"@type\":\"SearchAction\",\"target\":{\"@type\":\"EntryPoint\",\"urlTemplate\":\"https:\/\/sintramem-sv.org.br\/sintramem\/?s={search_term_string}\"},\"query-input\":{\"@type\":\"PropertyValueSpecification\",\"valueRequired\":true,\"valueName\":\"search_term_string\"}}],\"inLanguage\":\"pt-BR\"},{\"@type\":\"Organization\",\"@id\":\"https:\/\/sintramem-sv.org.br\/sintramem\/#organization\",\"name\":\"SINTRAMEM\",\"url\":\"https:\/\/sintramem-sv.org.br\/sintramem\/\",\"logo\":{\"@type\":\"ImageObject\",\"inLanguage\":\"pt-BR\",\"@id\":\"https:\/\/sintramem-sv.org.br\/sintramem\/#\/schema\/logo\/image\/\",\"url\":\"https:\/\/sintramem-sv.org.br\/sintramem\/wp-content\/uploads\/2017\/02\/SINTRAMEM-LOGO-OFICIAL-300x100-jpg.jpg\",\"contentUrl\":\"https:\/\/sintramem-sv.org.br\/sintramem\/wp-content\/uploads\/2017\/02\/SINTRAMEM-LOGO-OFICIAL-300x100-jpg.jpg\",\"width\":150,\"height\":150,\"caption\":\"SINTRAMEM\"},\"image\":{\"@id\":\"https:\/\/sintramem-sv.org.br\/sintramem\/#\/schema\/logo\/image\/\"}},{\"@type\":\"Person\",\"@id\":\"https:\/\/sintramem-sv.org.br\/sintramem\/#\/schema\/person\/a8decb8ea63607d1e01e046c95ddcf2b\",\"name\":\"sintramem\",\"image\":{\"@type\":\"ImageObject\",\"inLanguage\":\"pt-BR\",\"@id\":\"https:\/\/sintramem-sv.org.br\/sintramem\/#\/schema\/person\/image\/\",\"url\":\"https:\/\/secure.gravatar.com\/avatar\/8e06da3b0d4f051010117c848b52b9280a4228043717057ccccccc8b20ff8f48?s=96&d=mm&r=g\",\"contentUrl\":\"https:\/\/secure.gravatar.com\/avatar\/8e06da3b0d4f051010117c848b52b9280a4228043717057ccccccc8b20ff8f48?s=96&d=mm&r=g\",\"caption\":\"sintramem\"},\"description\":\"Sindicato dos Trabalhadores no Magist\u00e9rio e na Educa\u00e7\u00e3o Municipal de S\u00e3o Vicente\",\"url\":\"https:\/\/sintramem-sv.org.br\/sintramem\/author\/sindsv\/\"}]}<\/script>\n<!-- \/ Yoast SEO plugin. -->","yoast_head_json":{"title":"Assembleia de Presta\u00e7\u00e3o de Contas 2024 e Previs\u00e3o Or\u00e7ament\u00e1ria 2026 ser\u00e1 no dia 12 de dezembro, \u00e0s 18h30, na sede. Participem! - SINTRAMEM","robots":{"index":"index","follow":"follow","max-snippet":"max-snippet:-1","max-image-preview":"max-image-preview:large","max-video-preview":"max-video-preview:-1"},"canonical":"https:\/\/sintramem-sv.org.br\/sintramem\/assembleia-de-prestacao-de-contas-2024-e-previsao-orcamentaria-2026-sera-no-dia-12-de-dezembro-as-18h30-na-sede-participem\/","og_locale":"pt_BR","og_type":"article","og_title":"Assembleia de Presta\u00e7\u00e3o de Contas 2024 e Previs\u00e3o Or\u00e7ament\u00e1ria 2026 ser\u00e1 no dia 12 de dezembro, \u00e0s 18h30, na sede. Participem! - SINTRAMEM","og_description":"O\u00a0SINTRAMEM convoca todos os associados para importante ato na sede da entidade &#8211; Pra\u00e7a Bernardino de Campos, 180, Centro, S\u00e3o Vicente\/SP. Ser\u00e1 na sexta, dia 12 de dezembro, em primeira chamada, \u00e0s\u00a018 horas e, caso n\u00e3o seja atingido o qu\u00f3rum, \u00e0s\u00a018h30, em segunda chamada (com qualquer n\u00famero de presentes). Juntos, vamos realizar a assembleia geral&hellip;","og_url":"https:\/\/sintramem-sv.org.br\/sintramem\/assembleia-de-prestacao-de-contas-2024-e-previsao-orcamentaria-2026-sera-no-dia-12-de-dezembro-as-18h30-na-sede-participem\/","og_site_name":"SINTRAMEM","article_published_time":"2025-12-10T08:34:20+00:00","article_modified_time":"2025-12-12T13:34:04+00:00","og_image":[{"width":600,"height":334,"url":"https:\/\/sintramem-sv.org.br\/sintramem\/wp-content\/uploads\/2025\/12\/MENOR-2.png","type":"image\/png"}],"author":"sintramem","twitter_card":"summary_large_image","twitter_misc":{"Escrito por":"sintramem","Est. tempo de leitura":"2 minutos"},"schema":{"@context":"https:\/\/schema.org","@graph":[{"@type":"Article","@id":"https:\/\/sintramem-sv.org.br\/sintramem\/assembleia-de-prestacao-de-contas-2024-e-previsao-orcamentaria-2026-sera-no-dia-12-de-dezembro-as-18h30-na-sede-participem\/#article","isPartOf":{"@id":"https:\/\/sintramem-sv.org.br\/sintramem\/assembleia-de-prestacao-de-contas-2024-e-previsao-orcamentaria-2026-sera-no-dia-12-de-dezembro-as-18h30-na-sede-participem\/"},"author":{"name":"sintramem","@id":"https:\/\/sintramem-sv.org.br\/sintramem\/#\/schema\/person\/a8decb8ea63607d1e01e046c95ddcf2b"},"headline":"Assembleia de Presta\u00e7\u00e3o de Contas 2024 e Previs\u00e3o Or\u00e7ament\u00e1ria 2026 ser\u00e1 no dia 12 de dezembro, \u00e0s 18h30, na sede. Participem!","datePublished":"2025-12-10T08:34:20+00:00","dateModified":"2025-12-12T13:34:04+00:00","mainEntityOfPage":{"@id":"https:\/\/sintramem-sv.org.br\/sintramem\/assembleia-de-prestacao-de-contas-2024-e-previsao-orcamentaria-2026-sera-no-dia-12-de-dezembro-as-18h30-na-sede-participem\/"},"wordCount":249,"commentCount":0,"publisher":{"@id":"https:\/\/sintramem-sv.org.br\/sintramem\/#organization"},"image":{"@id":"https:\/\/sintramem-sv.org.br\/sintramem\/assembleia-de-prestacao-de-contas-2024-e-previsao-orcamentaria-2026-sera-no-dia-12-de-dezembro-as-18h30-na-sede-participem\/#primaryimage"},"thumbnailUrl":"https:\/\/sintramem-sv.org.br\/sintramem\/wp-content\/uploads\/2025\/12\/Destacada-Convocacao-Assembleia-SINTRAMEM.png","articleSection":["sintramem"],"inLanguage":"pt-BR","potentialAction":[{"@type":"CommentAction","name":"Comment","target":["https:\/\/sintramem-sv.org.br\/sintramem\/assembleia-de-prestacao-de-contas-2024-e-previsao-orcamentaria-2026-sera-no-dia-12-de-dezembro-as-18h30-na-sede-participem\/#respond"]}]},{"@type":"WebPage","@id":"https:\/\/sintramem-sv.org.br\/sintramem\/assembleia-de-prestacao-de-contas-2024-e-previsao-orcamentaria-2026-sera-no-dia-12-de-dezembro-as-18h30-na-sede-participem\/","url":"https:\/\/sintramem-sv.org.br\/sintramem\/assembleia-de-prestacao-de-contas-2024-e-previsao-orcamentaria-2026-sera-no-dia-12-de-dezembro-as-18h30-na-sede-participem\/","name":"Assembleia de Presta\u00e7\u00e3o de Contas 2024 e Previs\u00e3o Or\u00e7ament\u00e1ria 2026 ser\u00e1 no dia 12 de dezembro, \u00e0s 18h30, na sede. Participem! - SINTRAMEM","isPartOf":{"@id":"https:\/\/sintramem-sv.org.br\/sintramem\/#website"},"primaryImageOfPage":{"@id":"https:\/\/sintramem-sv.org.br\/sintramem\/assembleia-de-prestacao-de-contas-2024-e-previsao-orcamentaria-2026-sera-no-dia-12-de-dezembro-as-18h30-na-sede-participem\/#primaryimage"},"image":{"@id":"https:\/\/sintramem-sv.org.br\/sintramem\/assembleia-de-prestacao-de-contas-2024-e-previsao-orcamentaria-2026-sera-no-dia-12-de-dezembro-as-18h30-na-sede-participem\/#primaryimage"},"thumbnailUrl":"https:\/\/sintramem-sv.org.br\/sintramem\/wp-content\/uploads\/2025\/12\/Destacada-Convocacao-Assembleia-SINTRAMEM.png","datePublished":"2025-12-10T08:34:20+00:00","dateModified":"2025-12-12T13:34:04+00:00","breadcrumb":{"@id":"https:\/\/sintramem-sv.org.br\/sintramem\/assembleia-de-prestacao-de-contas-2024-e-previsao-orcamentaria-2026-sera-no-dia-12-de-dezembro-as-18h30-na-sede-participem\/#breadcrumb"},"inLanguage":"pt-BR","potentialAction":[{"@type":"ReadAction","target":["https:\/\/sintramem-sv.org.br\/sintramem\/assembleia-de-prestacao-de-contas-2024-e-previsao-orcamentaria-2026-sera-no-dia-12-de-dezembro-as-18h30-na-sede-participem\/"]}]},{"@type":"ImageObject","inLanguage":"pt-BR","@id":"https:\/\/sintramem-sv.org.br\/sintramem\/assembleia-de-prestacao-de-contas-2024-e-previsao-orcamentaria-2026-sera-no-dia-12-de-dezembro-as-18h30-na-sede-participem\/#primaryimage","url":"https:\/\/sintramem-sv.org.br\/sintramem\/wp-content\/uploads\/2025\/12\/Destacada-Convocacao-Assembleia-SINTRAMEM.png","contentUrl":"https:\/\/sintramem-sv.org.br\/sintramem\/wp-content\/uploads\/2025\/12\/Destacada-Convocacao-Assembleia-SINTRAMEM.png","width":1294,"height":720},{"@type":"BreadcrumbList","@id":"https:\/\/sintramem-sv.org.br\/sintramem\/assembleia-de-prestacao-de-contas-2024-e-previsao-orcamentaria-2026-sera-no-dia-12-de-dezembro-as-18h30-na-sede-participem\/#breadcrumb","itemListElement":[{"@type":"ListItem","position":1,"name":"In\u00edcio","item":"https:\/\/sintramem-sv.org.br\/sintramem\/"},{"@type":"ListItem","position":2,"name":"Assembleia de Presta\u00e7\u00e3o de Contas 2024 e Previs\u00e3o Or\u00e7ament\u00e1ria 2026 ser\u00e1 no dia 12 de dezembro, \u00e0s 18h30, na sede. Participem!"}]},{"@type":"WebSite","@id":"https:\/\/sintramem-sv.org.br\/sintramem\/#website","url":"https:\/\/sintramem-sv.org.br\/sintramem\/","name":"SINTRAMEM","description":"Sindicato dos Trabalhadores no Magist\u00e9rio e na Educa\u00e7\u00e3o de S\u00e3o Vicente","publisher":{"@id":"https:\/\/sintramem-sv.org.br\/sintramem\/#organization"},"potentialAction":[{"@type":"SearchAction","target":{"@type":"EntryPoint","urlTemplate":"https:\/\/sintramem-sv.org.br\/sintramem\/?s={search_term_string}"},"query-input":{"@type":"PropertyValueSpecification","valueRequired":true,"valueName":"search_term_string"}}],"inLanguage":"pt-BR"},{"@type":"Organization","@id":"https:\/\/sintramem-sv.org.br\/sintramem\/#organization","name":"SINTRAMEM","url":"https:\/\/sintramem-sv.org.br\/sintramem\/","logo":{"@type":"ImageObject","inLanguage":"pt-BR","@id":"https:\/\/sintramem-sv.org.br\/sintramem\/#\/schema\/logo\/image\/","url":"https:\/\/sintramem-sv.org.br\/sintramem\/wp-content\/uploads\/2017\/02\/SINTRAMEM-LOGO-OFICIAL-300x100-jpg.jpg","contentUrl":"https:\/\/sintramem-sv.org.br\/sintramem\/wp-content\/uploads\/2017\/02\/SINTRAMEM-LOGO-OFICIAL-300x100-jpg.jpg","width":150,"height":150,"caption":"SINTRAMEM"},"image":{"@id":"https:\/\/sintramem-sv.org.br\/sintramem\/#\/schema\/logo\/image\/"}},{"@type":"Person","@id":"https:\/\/sintramem-sv.org.br\/sintramem\/#\/schema\/person\/a8decb8ea63607d1e01e046c95ddcf2b","name":"sintramem","image":{"@type":"ImageObject","inLanguage":"pt-BR","@id":"https:\/\/sintramem-sv.org.br\/sintramem\/#\/schema\/person\/image\/","url":"https:\/\/secure.gravatar.com\/avatar\/8e06da3b0d4f051010117c848b52b9280a4228043717057ccccccc8b20ff8f48?s=96&d=mm&r=g","contentUrl":"https:\/\/secure.gravatar.com\/avatar\/8e06da3b0d4f051010117c848b52b9280a4228043717057ccccccc8b20ff8f48?s=96&d=mm&r=g","caption":"sintramem"},"description":"Sindicato dos Trabalhadores no Magist\u00e9rio e na Educa\u00e7\u00e3o Municipal de S\u00e3o Vicente","url":"https:\/\/sintramem-sv.org.br\/sintramem\/author\/sindsv\/"}]}},"_links":{"self":[{"href":"https:\/\/sintramem-sv.org.br\/sintramem\/wp-json\/wp\/v2\/posts\/9147","targetHints":{"allow":["GET"]}}],"collection":[{"href":"https:\/\/sintramem-sv.org.br\/sintramem\/wp-json\/wp\/v2\/posts"}],"about":[{"href":"https:\/\/sintramem-sv.org.br\/sintramem\/wp-json\/wp\/v2\/types\/post"}],"author":[{"embeddable":true,"href":"https:\/\/sintramem-sv.org.br\/sintramem\/wp-json\/wp\/v2\/users\/1"}],"replies":[{"embeddable":true,"href":"https:\/\/sintramem-sv.org.br\/sintramem\/wp-json\/wp\/v2\/comments?post=9147"}],"version-history":[{"count":3,"href":"https:\/\/sintramem-sv.org.br\/sintramem\/wp-json\/wp\/v2\/posts\/9147\/revisions"}],"predecessor-version":[{"id":9152,"href":"https:\/\/sintramem-sv.org.br\/sintramem\/wp-json\/wp\/v2\/posts\/9147\/revisions\/9152"}],"wp:featuredmedia":[{"embeddable":true,"href":"https:\/\/sintramem-sv.org.br\/sintramem\/wp-json\/wp\/v2\/media\/9170"}],"wp:attachment":[{"href":"https:\/\/sintramem-sv.org.br\/sintramem\/wp-json\/wp\/v2\/media?parent=9147"}],"wp:term":[{"taxonomy":"category","embeddable":true,"href":"https:\/\/sintramem-sv.org.br\/sintramem\/wp-json\/wp\/v2\/categories?post=9147"},{"taxonomy":"post_tag","embeddable":true,"href":"https:\/\/sintramem-sv.org.br\/sintramem\/wp-json\/wp\/v2\/tags?post=9147"}],"curies":[{"name":"wp","href":"https:\/\/api.w.org\/{rel}","templated":true}]}}