{"id":9104,"date":"2025-12-10T20:41:20","date_gmt":"2025-12-10T20:41:20","guid":{"rendered":"https:\/\/sintramem-sv.org.br\/sintramem\/?p=9104"},"modified":"2025-12-12T13:17:56","modified_gmt":"2025-12-12T13:17:56","slug":"posse-da-nova-diretoria-do-sintramem-marca-novo-momento-para-a-luta-pelos-profissionais-da-educacao-de-sao-vicente","status":"publish","type":"post","link":"https:\/\/sintramem-sv.org.br\/sintramem\/posse-da-nova-diretoria-do-sintramem-marca-novo-momento-para-a-luta-pelos-profissionais-da-educacao-de-sao-vicente\/","title":{"rendered":"Posse da nova diretoria do SINTRAMEM marca novo momento para a luta pelos profissionais da Educa\u00e7\u00e3o de S\u00e3o Vicente"},"content":{"rendered":"<p><span style=\"font-size: 14pt;\">Em uma cerim\u00f4nia marcada pela renova\u00e7\u00e3o de compromissos,\u00a0<\/span><span style=\"font-size: 14pt;\">realizada nesta ter\u00e7a, 9 de dezembro, na Associa\u00e7\u00e3o Comercial de S\u00e3o Vicente, a nova diretoria do <span style=\"color: #ff0000;\"><strong>SINTRAMEM<\/strong><\/span> oficializou sua gest\u00e3o. O evento reuniu um expressivo quadro de aliados e lideran\u00e7as do movimento sindical, evidenciando a relev\u00e2ncia da entidade. O cerne da cerim\u00f4nia foi a passagem do bast\u00e3o presidencial, ato que concretizou um ciclo de renova\u00e7\u00e3o dentro da entidade. <strong>Roberto Cicarelli,<\/strong> ap\u00f3s per\u00edodo \u00e0 frente do Sindicato, assume agora a fun\u00e7\u00e3o de suplente, cedendo o lugar para <strong>Thobias Paraguai.<\/strong> A transi\u00e7\u00e3o ordeira simboliza a maturidade institucional do <span style=\"color: #ff0000;\"><strong>SINTRAMEM <\/strong><\/span>e a uni\u00e3o em torno do prop\u00f3sito maior: <span style=\"background-color: #ffff00;\"><strong>a defesa intransigente dos direitos da categoria municipal da Educa\u00e7\u00e3o<\/strong><\/span>.<\/span><\/p>\n<p><img loading=\"lazy\" decoding=\"async\" class=\"aligncenter size-full wp-image-9120\" src=\"https:\/\/sintramem-sv.org.br\/sintramem\/wp-content\/uploads\/2025\/12\/Posse-da-Diretoria-SINTRAMEM-63-scaled.jpg\" alt=\"\" width=\"2560\" height=\"1707\" srcset=\"https:\/\/sintramem-sv.org.br\/sintramem\/wp-content\/uploads\/2025\/12\/Posse-da-Diretoria-SINTRAMEM-63-scaled.jpg 2560w, https:\/\/sintramem-sv.org.br\/sintramem\/wp-content\/uploads\/2025\/12\/Posse-da-Diretoria-SINTRAMEM-63-300x200.jpg 300w, https:\/\/sintramem-sv.org.br\/sintramem\/wp-content\/uploads\/2025\/12\/Posse-da-Diretoria-SINTRAMEM-63-1024x683.jpg 1024w, https:\/\/sintramem-sv.org.br\/sintramem\/wp-content\/uploads\/2025\/12\/Posse-da-Diretoria-SINTRAMEM-63-768x512.jpg 768w, https:\/\/sintramem-sv.org.br\/sintramem\/wp-content\/uploads\/2025\/12\/Posse-da-Diretoria-SINTRAMEM-63-1536x1024.jpg 1536w, https:\/\/sintramem-sv.org.br\/sintramem\/wp-content\/uploads\/2025\/12\/Posse-da-Diretoria-SINTRAMEM-63-2048x1366.jpg 2048w\" sizes=\"auto, (max-width: 2560px) 100vw, 2560px\" \/><\/p>\n<p><img loading=\"lazy\" decoding=\"async\" class=\"aligncenter size-full wp-image-9121\" src=\"https:\/\/sintramem-sv.org.br\/sintramem\/wp-content\/uploads\/2025\/12\/Posse-da-Diretoria-SINTRAMEM-67-scaled.jpg\" alt=\"\" width=\"2560\" height=\"1706\" srcset=\"https:\/\/sintramem-sv.org.br\/sintramem\/wp-content\/uploads\/2025\/12\/Posse-da-Diretoria-SINTRAMEM-67-scaled.jpg 2560w, https:\/\/sintramem-sv.org.br\/sintramem\/wp-content\/uploads\/2025\/12\/Posse-da-Diretoria-SINTRAMEM-67-300x200.jpg 300w, https:\/\/sintramem-sv.org.br\/sintramem\/wp-content\/uploads\/2025\/12\/Posse-da-Diretoria-SINTRAMEM-67-1024x683.jpg 1024w, https:\/\/sintramem-sv.org.br\/sintramem\/wp-content\/uploads\/2025\/12\/Posse-da-Diretoria-SINTRAMEM-67-768x512.jpg 768w, https:\/\/sintramem-sv.org.br\/sintramem\/wp-content\/uploads\/2025\/12\/Posse-da-Diretoria-SINTRAMEM-67-1536x1024.jpg 1536w, https:\/\/sintramem-sv.org.br\/sintramem\/wp-content\/uploads\/2025\/12\/Posse-da-Diretoria-SINTRAMEM-67-2048x1365.jpg 2048w\" sizes=\"auto, (max-width: 2560px) 100vw, 2560px\" \/><\/p>\n<p><img loading=\"lazy\" decoding=\"async\" class=\"aligncenter size-full wp-image-9119\" src=\"https:\/\/sintramem-sv.org.br\/sintramem\/wp-content\/uploads\/2025\/12\/Posse-da-Diretoria-SINTRAMEM-61-scaled.jpg\" alt=\"\" width=\"2560\" height=\"1707\" srcset=\"https:\/\/sintramem-sv.org.br\/sintramem\/wp-content\/uploads\/2025\/12\/Posse-da-Diretoria-SINTRAMEM-61-scaled.jpg 2560w, https:\/\/sintramem-sv.org.br\/sintramem\/wp-content\/uploads\/2025\/12\/Posse-da-Diretoria-SINTRAMEM-61-300x200.jpg 300w, https:\/\/sintramem-sv.org.br\/sintramem\/wp-content\/uploads\/2025\/12\/Posse-da-Diretoria-SINTRAMEM-61-1024x683.jpg 1024w, https:\/\/sintramem-sv.org.br\/sintramem\/wp-content\/uploads\/2025\/12\/Posse-da-Diretoria-SINTRAMEM-61-768x512.jpg 768w, https:\/\/sintramem-sv.org.br\/sintramem\/wp-content\/uploads\/2025\/12\/Posse-da-Diretoria-SINTRAMEM-61-1536x1024.jpg 1536w, https:\/\/sintramem-sv.org.br\/sintramem\/wp-content\/uploads\/2025\/12\/Posse-da-Diretoria-SINTRAMEM-61-2048x1366.jpg 2048w\" sizes=\"auto, (max-width: 2560px) 100vw, 2560px\" \/><\/p>\n<p><img loading=\"lazy\" decoding=\"async\" class=\"aligncenter size-full wp-image-9118\" src=\"https:\/\/sintramem-sv.org.br\/sintramem\/wp-content\/uploads\/2025\/12\/Posse-da-Diretoria-SINTRAMEM-57-scaled.jpg\" alt=\"\" width=\"2560\" height=\"1707\" srcset=\"https:\/\/sintramem-sv.org.br\/sintramem\/wp-content\/uploads\/2025\/12\/Posse-da-Diretoria-SINTRAMEM-57-scaled.jpg 2560w, https:\/\/sintramem-sv.org.br\/sintramem\/wp-content\/uploads\/2025\/12\/Posse-da-Diretoria-SINTRAMEM-57-300x200.jpg 300w, https:\/\/sintramem-sv.org.br\/sintramem\/wp-content\/uploads\/2025\/12\/Posse-da-Diretoria-SINTRAMEM-57-1024x683.jpg 1024w, https:\/\/sintramem-sv.org.br\/sintramem\/wp-content\/uploads\/2025\/12\/Posse-da-Diretoria-SINTRAMEM-57-768x512.jpg 768w, https:\/\/sintramem-sv.org.br\/sintramem\/wp-content\/uploads\/2025\/12\/Posse-da-Diretoria-SINTRAMEM-57-1536x1024.jpg 1536w, https:\/\/sintramem-sv.org.br\/sintramem\/wp-content\/uploads\/2025\/12\/Posse-da-Diretoria-SINTRAMEM-57-2048x1365.jpg 2048w\" sizes=\"auto, (max-width: 2560px) 100vw, 2560px\" \/><\/p>\n<p><img loading=\"lazy\" decoding=\"async\" class=\"aligncenter size-full wp-image-9117\" src=\"https:\/\/sintramem-sv.org.br\/sintramem\/wp-content\/uploads\/2025\/12\/Posse-da-Diretoria-SINTRAMEM-55-scaled.jpg\" alt=\"\" width=\"2560\" height=\"1707\" srcset=\"https:\/\/sintramem-sv.org.br\/sintramem\/wp-content\/uploads\/2025\/12\/Posse-da-Diretoria-SINTRAMEM-55-scaled.jpg 2560w, https:\/\/sintramem-sv.org.br\/sintramem\/wp-content\/uploads\/2025\/12\/Posse-da-Diretoria-SINTRAMEM-55-300x200.jpg 300w, https:\/\/sintramem-sv.org.br\/sintramem\/wp-content\/uploads\/2025\/12\/Posse-da-Diretoria-SINTRAMEM-55-1024x683.jpg 1024w, https:\/\/sintramem-sv.org.br\/sintramem\/wp-content\/uploads\/2025\/12\/Posse-da-Diretoria-SINTRAMEM-55-768x512.jpg 768w, https:\/\/sintramem-sv.org.br\/sintramem\/wp-content\/uploads\/2025\/12\/Posse-da-Diretoria-SINTRAMEM-55-1536x1024.jpg 1536w, https:\/\/sintramem-sv.org.br\/sintramem\/wp-content\/uploads\/2025\/12\/Posse-da-Diretoria-SINTRAMEM-55-2048x1365.jpg 2048w\" sizes=\"auto, (max-width: 2560px) 100vw, 2560px\" \/><\/p>\n<p><span style=\"font-size: 14pt;\">Estiveram presentes dirigentes de peso, como <strong>Aires Ribeiro,<\/strong> presidente da CSPM e Fesspmesp (Confedera\u00e7\u00e3o e Federa\u00e7\u00e3o dos Sindicatos dos Servidores P\u00fablicos Municipais), <strong>Hebert Passos,<\/strong> coordenador da For\u00e7a Sindical e presidente do Sindicato dos Qu\u00edmicos da Baixada Santista e do <strong>Julio C\u00e9sar,<\/strong> presidente do SindServSV (Sindicato dos Servidores Municipais de S\u00e3o Vicente). A solenidade tamb\u00e9m contou com a ilustre presen\u00e7a da vereadora de Itatiba, <strong>Luciana Bernardo.<\/strong>\u00a0<\/span><\/p>\n<p><img loading=\"lazy\" decoding=\"async\" class=\"aligncenter size-full wp-image-9115\" src=\"https:\/\/sintramem-sv.org.br\/sintramem\/wp-content\/uploads\/2025\/12\/Posse-da-Diretoria-SINTRAMEM-28-scaled.jpg\" alt=\"\" width=\"2560\" height=\"1707\" srcset=\"https:\/\/sintramem-sv.org.br\/sintramem\/wp-content\/uploads\/2025\/12\/Posse-da-Diretoria-SINTRAMEM-28-scaled.jpg 2560w, https:\/\/sintramem-sv.org.br\/sintramem\/wp-content\/uploads\/2025\/12\/Posse-da-Diretoria-SINTRAMEM-28-300x200.jpg 300w, https:\/\/sintramem-sv.org.br\/sintramem\/wp-content\/uploads\/2025\/12\/Posse-da-Diretoria-SINTRAMEM-28-1024x683.jpg 1024w, https:\/\/sintramem-sv.org.br\/sintramem\/wp-content\/uploads\/2025\/12\/Posse-da-Diretoria-SINTRAMEM-28-768x512.jpg 768w, https:\/\/sintramem-sv.org.br\/sintramem\/wp-content\/uploads\/2025\/12\/Posse-da-Diretoria-SINTRAMEM-28-1536x1024.jpg 1536w, https:\/\/sintramem-sv.org.br\/sintramem\/wp-content\/uploads\/2025\/12\/Posse-da-Diretoria-SINTRAMEM-28-2048x1365.jpg 2048w\" sizes=\"auto, (max-width: 2560px) 100vw, 2560px\" \/><\/p>\n<p><img loading=\"lazy\" decoding=\"async\" class=\"aligncenter size-full wp-image-9114\" src=\"https:\/\/sintramem-sv.org.br\/sintramem\/wp-content\/uploads\/2025\/12\/Posse-da-Diretoria-SINTRAMEM-27-scaled.jpg\" alt=\"\" width=\"2560\" height=\"1707\" srcset=\"https:\/\/sintramem-sv.org.br\/sintramem\/wp-content\/uploads\/2025\/12\/Posse-da-Diretoria-SINTRAMEM-27-scaled.jpg 2560w, https:\/\/sintramem-sv.org.br\/sintramem\/wp-content\/uploads\/2025\/12\/Posse-da-Diretoria-SINTRAMEM-27-300x200.jpg 300w, https:\/\/sintramem-sv.org.br\/sintramem\/wp-content\/uploads\/2025\/12\/Posse-da-Diretoria-SINTRAMEM-27-1024x683.jpg 1024w, https:\/\/sintramem-sv.org.br\/sintramem\/wp-content\/uploads\/2025\/12\/Posse-da-Diretoria-SINTRAMEM-27-768x512.jpg 768w, https:\/\/sintramem-sv.org.br\/sintramem\/wp-content\/uploads\/2025\/12\/Posse-da-Diretoria-SINTRAMEM-27-1536x1024.jpg 1536w, https:\/\/sintramem-sv.org.br\/sintramem\/wp-content\/uploads\/2025\/12\/Posse-da-Diretoria-SINTRAMEM-27-2048x1365.jpg 2048w\" sizes=\"auto, (max-width: 2560px) 100vw, 2560px\" \/><\/p>\n<p><img loading=\"lazy\" decoding=\"async\" class=\"aligncenter size-full wp-image-9113\" src=\"https:\/\/sintramem-sv.org.br\/sintramem\/wp-content\/uploads\/2025\/12\/Posse-da-Diretoria-SINTRAMEM-19-scaled.jpg\" alt=\"\" width=\"2560\" height=\"1707\" srcset=\"https:\/\/sintramem-sv.org.br\/sintramem\/wp-content\/uploads\/2025\/12\/Posse-da-Diretoria-SINTRAMEM-19-scaled.jpg 2560w, https:\/\/sintramem-sv.org.br\/sintramem\/wp-content\/uploads\/2025\/12\/Posse-da-Diretoria-SINTRAMEM-19-300x200.jpg 300w, https:\/\/sintramem-sv.org.br\/sintramem\/wp-content\/uploads\/2025\/12\/Posse-da-Diretoria-SINTRAMEM-19-1024x683.jpg 1024w, https:\/\/sintramem-sv.org.br\/sintramem\/wp-content\/uploads\/2025\/12\/Posse-da-Diretoria-SINTRAMEM-19-768x512.jpg 768w, https:\/\/sintramem-sv.org.br\/sintramem\/wp-content\/uploads\/2025\/12\/Posse-da-Diretoria-SINTRAMEM-19-1536x1024.jpg 1536w, https:\/\/sintramem-sv.org.br\/sintramem\/wp-content\/uploads\/2025\/12\/Posse-da-Diretoria-SINTRAMEM-19-2048x1365.jpg 2048w\" sizes=\"auto, (max-width: 2560px) 100vw, 2560px\" \/><\/p>\n<p><img loading=\"lazy\" decoding=\"async\" class=\"aligncenter size-full wp-image-9112\" src=\"https:\/\/sintramem-sv.org.br\/sintramem\/wp-content\/uploads\/2025\/12\/Posse-da-Diretoria-SINTRAMEM-141-scaled.jpg\" alt=\"\" width=\"2560\" height=\"1707\" srcset=\"https:\/\/sintramem-sv.org.br\/sintramem\/wp-content\/uploads\/2025\/12\/Posse-da-Diretoria-SINTRAMEM-141-scaled.jpg 2560w, https:\/\/sintramem-sv.org.br\/sintramem\/wp-content\/uploads\/2025\/12\/Posse-da-Diretoria-SINTRAMEM-141-300x200.jpg 300w, https:\/\/sintramem-sv.org.br\/sintramem\/wp-content\/uploads\/2025\/12\/Posse-da-Diretoria-SINTRAMEM-141-1024x683.jpg 1024w, https:\/\/sintramem-sv.org.br\/sintramem\/wp-content\/uploads\/2025\/12\/Posse-da-Diretoria-SINTRAMEM-141-768x512.jpg 768w, https:\/\/sintramem-sv.org.br\/sintramem\/wp-content\/uploads\/2025\/12\/Posse-da-Diretoria-SINTRAMEM-141-1536x1024.jpg 1536w, https:\/\/sintramem-sv.org.br\/sintramem\/wp-content\/uploads\/2025\/12\/Posse-da-Diretoria-SINTRAMEM-141-2048x1365.jpg 2048w\" sizes=\"auto, (max-width: 2560px) 100vw, 2560px\" \/><\/p>\n<p><img loading=\"lazy\" decoding=\"async\" class=\"aligncenter size-full wp-image-9107\" src=\"https:\/\/sintramem-sv.org.br\/sintramem\/wp-content\/uploads\/2025\/12\/Posse-da-Diretoria-SINTRAMEM-113-scaled.jpg\" alt=\"\" width=\"2560\" height=\"1707\" srcset=\"https:\/\/sintramem-sv.org.br\/sintramem\/wp-content\/uploads\/2025\/12\/Posse-da-Diretoria-SINTRAMEM-113-scaled.jpg 2560w, https:\/\/sintramem-sv.org.br\/sintramem\/wp-content\/uploads\/2025\/12\/Posse-da-Diretoria-SINTRAMEM-113-300x200.jpg 300w, https:\/\/sintramem-sv.org.br\/sintramem\/wp-content\/uploads\/2025\/12\/Posse-da-Diretoria-SINTRAMEM-113-1024x683.jpg 1024w, https:\/\/sintramem-sv.org.br\/sintramem\/wp-content\/uploads\/2025\/12\/Posse-da-Diretoria-SINTRAMEM-113-768x512.jpg 768w, https:\/\/sintramem-sv.org.br\/sintramem\/wp-content\/uploads\/2025\/12\/Posse-da-Diretoria-SINTRAMEM-113-1536x1024.jpg 1536w, https:\/\/sintramem-sv.org.br\/sintramem\/wp-content\/uploads\/2025\/12\/Posse-da-Diretoria-SINTRAMEM-113-2048x1365.jpg 2048w\" sizes=\"auto, (max-width: 2560px) 100vw, 2560px\" \/><\/p>\n<p><img loading=\"lazy\" decoding=\"async\" class=\"aligncenter size-full wp-image-9134\" src=\"https:\/\/sintramem-sv.org.br\/sintramem\/wp-content\/uploads\/2025\/12\/Posse-da-Diretoria-SINTRAMEM-105-scaled.jpg\" alt=\"\" width=\"2560\" height=\"1707\" srcset=\"https:\/\/sintramem-sv.org.br\/sintramem\/wp-content\/uploads\/2025\/12\/Posse-da-Diretoria-SINTRAMEM-105-scaled.jpg 2560w, https:\/\/sintramem-sv.org.br\/sintramem\/wp-content\/uploads\/2025\/12\/Posse-da-Diretoria-SINTRAMEM-105-300x200.jpg 300w, https:\/\/sintramem-sv.org.br\/sintramem\/wp-content\/uploads\/2025\/12\/Posse-da-Diretoria-SINTRAMEM-105-1024x683.jpg 1024w, https:\/\/sintramem-sv.org.br\/sintramem\/wp-content\/uploads\/2025\/12\/Posse-da-Diretoria-SINTRAMEM-105-768x512.jpg 768w, https:\/\/sintramem-sv.org.br\/sintramem\/wp-content\/uploads\/2025\/12\/Posse-da-Diretoria-SINTRAMEM-105-1536x1024.jpg 1536w, https:\/\/sintramem-sv.org.br\/sintramem\/wp-content\/uploads\/2025\/12\/Posse-da-Diretoria-SINTRAMEM-105-2048x1365.jpg 2048w\" sizes=\"auto, (max-width: 2560px) 100vw, 2560px\" \/><\/p>\n<p><span style=\"font-size: 14pt;\">O ato de posse foi muito mais que uma formalidade administrativa; foi a reafirma\u00e7\u00e3o p\u00fablica dos princ\u00edpios e das lutas que movem o sindicato. Perante as autoridades e os pares, a nova diretoria assumiu, perante a categoria e a comunidade, o solene dever de conduzir os destinos da entidade com firmeza, di\u00e1logo e inabal\u00e1vel dedica\u00e7\u00e3o aos trabalhadores e trabalhadoras do magist\u00e9rio e da educa\u00e7\u00e3o municipal.<\/span><\/p>\n<p><span style=\"font-size: 18pt; color: #ffffff; background-color: #ff0000;\"><strong>HOMENAGENS EMOCIONAM E RESGATAM MEM\u00d3RIA SINDICAL<\/strong><\/span><\/p>\n<p><img loading=\"lazy\" decoding=\"async\" class=\"aligncenter size-full wp-image-9132\" src=\"https:\/\/sintramem-sv.org.br\/sintramem\/wp-content\/uploads\/2025\/12\/Posse-da-Diretoria-SINTRAMEM-97-scaled.jpg\" alt=\"\" width=\"2560\" height=\"1707\" srcset=\"https:\/\/sintramem-sv.org.br\/sintramem\/wp-content\/uploads\/2025\/12\/Posse-da-Diretoria-SINTRAMEM-97-scaled.jpg 2560w, https:\/\/sintramem-sv.org.br\/sintramem\/wp-content\/uploads\/2025\/12\/Posse-da-Diretoria-SINTRAMEM-97-300x200.jpg 300w, https:\/\/sintramem-sv.org.br\/sintramem\/wp-content\/uploads\/2025\/12\/Posse-da-Diretoria-SINTRAMEM-97-1024x683.jpg 1024w, https:\/\/sintramem-sv.org.br\/sintramem\/wp-content\/uploads\/2025\/12\/Posse-da-Diretoria-SINTRAMEM-97-768x512.jpg 768w, https:\/\/sintramem-sv.org.br\/sintramem\/wp-content\/uploads\/2025\/12\/Posse-da-Diretoria-SINTRAMEM-97-1536x1024.jpg 1536w, https:\/\/sintramem-sv.org.br\/sintramem\/wp-content\/uploads\/2025\/12\/Posse-da-Diretoria-SINTRAMEM-97-2048x1365.jpg 2048w\" sizes=\"auto, (max-width: 2560px) 100vw, 2560px\" \/><\/p>\n<p><img loading=\"lazy\" decoding=\"async\" class=\"aligncenter size-full wp-image-9131\" src=\"https:\/\/sintramem-sv.org.br\/sintramem\/wp-content\/uploads\/2025\/12\/Posse-da-Diretoria-SINTRAMEM-96-scaled.jpg\" alt=\"\" width=\"2560\" height=\"1707\" srcset=\"https:\/\/sintramem-sv.org.br\/sintramem\/wp-content\/uploads\/2025\/12\/Posse-da-Diretoria-SINTRAMEM-96-scaled.jpg 2560w, https:\/\/sintramem-sv.org.br\/sintramem\/wp-content\/uploads\/2025\/12\/Posse-da-Diretoria-SINTRAMEM-96-300x200.jpg 300w, https:\/\/sintramem-sv.org.br\/sintramem\/wp-content\/uploads\/2025\/12\/Posse-da-Diretoria-SINTRAMEM-96-1024x683.jpg 1024w, https:\/\/sintramem-sv.org.br\/sintramem\/wp-content\/uploads\/2025\/12\/Posse-da-Diretoria-SINTRAMEM-96-768x512.jpg 768w, https:\/\/sintramem-sv.org.br\/sintramem\/wp-content\/uploads\/2025\/12\/Posse-da-Diretoria-SINTRAMEM-96-1536x1024.jpg 1536w, https:\/\/sintramem-sv.org.br\/sintramem\/wp-content\/uploads\/2025\/12\/Posse-da-Diretoria-SINTRAMEM-96-2048x1365.jpg 2048w\" sizes=\"auto, (max-width: 2560px) 100vw, 2560px\" \/><\/p>\n<p><img loading=\"lazy\" decoding=\"async\" class=\"aligncenter size-full wp-image-9136\" src=\"https:\/\/sintramem-sv.org.br\/sintramem\/wp-content\/uploads\/2025\/12\/Posse-da-Diretoria-SINTRAMEM-120-scaled.jpg\" alt=\"\" width=\"2560\" height=\"1707\" srcset=\"https:\/\/sintramem-sv.org.br\/sintramem\/wp-content\/uploads\/2025\/12\/Posse-da-Diretoria-SINTRAMEM-120-scaled.jpg 2560w, https:\/\/sintramem-sv.org.br\/sintramem\/wp-content\/uploads\/2025\/12\/Posse-da-Diretoria-SINTRAMEM-120-300x200.jpg 300w, https:\/\/sintramem-sv.org.br\/sintramem\/wp-content\/uploads\/2025\/12\/Posse-da-Diretoria-SINTRAMEM-120-1024x683.jpg 1024w, https:\/\/sintramem-sv.org.br\/sintramem\/wp-content\/uploads\/2025\/12\/Posse-da-Diretoria-SINTRAMEM-120-768x512.jpg 768w, https:\/\/sintramem-sv.org.br\/sintramem\/wp-content\/uploads\/2025\/12\/Posse-da-Diretoria-SINTRAMEM-120-1536x1024.jpg 1536w, https:\/\/sintramem-sv.org.br\/sintramem\/wp-content\/uploads\/2025\/12\/Posse-da-Diretoria-SINTRAMEM-120-2048x1365.jpg 2048w\" sizes=\"auto, (max-width: 2560px) 100vw, 2560px\" \/><\/p>\n<p><img loading=\"lazy\" decoding=\"async\" class=\"aligncenter size-full wp-image-9137\" src=\"https:\/\/sintramem-sv.org.br\/sintramem\/wp-content\/uploads\/2025\/12\/Posse-da-Diretoria-SINTRAMEM-136-scaled.jpg\" alt=\"\" width=\"2560\" height=\"1707\" srcset=\"https:\/\/sintramem-sv.org.br\/sintramem\/wp-content\/uploads\/2025\/12\/Posse-da-Diretoria-SINTRAMEM-136-scaled.jpg 2560w, https:\/\/sintramem-sv.org.br\/sintramem\/wp-content\/uploads\/2025\/12\/Posse-da-Diretoria-SINTRAMEM-136-300x200.jpg 300w, https:\/\/sintramem-sv.org.br\/sintramem\/wp-content\/uploads\/2025\/12\/Posse-da-Diretoria-SINTRAMEM-136-1024x683.jpg 1024w, https:\/\/sintramem-sv.org.br\/sintramem\/wp-content\/uploads\/2025\/12\/Posse-da-Diretoria-SINTRAMEM-136-768x512.jpg 768w, https:\/\/sintramem-sv.org.br\/sintramem\/wp-content\/uploads\/2025\/12\/Posse-da-Diretoria-SINTRAMEM-136-1536x1024.jpg 1536w, https:\/\/sintramem-sv.org.br\/sintramem\/wp-content\/uploads\/2025\/12\/Posse-da-Diretoria-SINTRAMEM-136-2048x1365.jpg 2048w\" sizes=\"auto, (max-width: 2560px) 100vw, 2560px\" \/><\/p>\n<p><span style=\"font-size: 14pt;\">Um dos momentos mais significativos da noite foi a surpresa preparada para tr\u00eas figuras fundamentais na trajet\u00f3ria da organiza\u00e7\u00e3o. <strong>Jos\u00e9 Raimundo da Silva<\/strong>, o <strong>Schell<\/strong> (fundador e primeiro presidente da entidade), <strong>Roberto Ciccarelli Filho<\/strong> (presidente) e <strong>Rubens Rom\u00e3o Fagundes<\/strong> (tesoureiro) foram condecorados com placas de honra. A homenagem representou um profundo agradecimento pelas contribui\u00e7\u00f5es que cada um prestou, consolidando as bases e a hist\u00f3ria do Sindicato.\u00a0<\/span><\/p>\n<p><img loading=\"lazy\" decoding=\"async\" class=\"aligncenter size-full wp-image-9126\" src=\"https:\/\/sintramem-sv.org.br\/sintramem\/wp-content\/uploads\/2025\/12\/Posse-da-Diretoria-SINTRAMEM-76-scaled.jpg\" alt=\"\" width=\"2560\" height=\"1707\" srcset=\"https:\/\/sintramem-sv.org.br\/sintramem\/wp-content\/uploads\/2025\/12\/Posse-da-Diretoria-SINTRAMEM-76-scaled.jpg 2560w, https:\/\/sintramem-sv.org.br\/sintramem\/wp-content\/uploads\/2025\/12\/Posse-da-Diretoria-SINTRAMEM-76-300x200.jpg 300w, https:\/\/sintramem-sv.org.br\/sintramem\/wp-content\/uploads\/2025\/12\/Posse-da-Diretoria-SINTRAMEM-76-1024x683.jpg 1024w, https:\/\/sintramem-sv.org.br\/sintramem\/wp-content\/uploads\/2025\/12\/Posse-da-Diretoria-SINTRAMEM-76-768x512.jpg 768w, https:\/\/sintramem-sv.org.br\/sintramem\/wp-content\/uploads\/2025\/12\/Posse-da-Diretoria-SINTRAMEM-76-1536x1024.jpg 1536w, https:\/\/sintramem-sv.org.br\/sintramem\/wp-content\/uploads\/2025\/12\/Posse-da-Diretoria-SINTRAMEM-76-2048x1365.jpg 2048w\" sizes=\"auto, (max-width: 2560px) 100vw, 2560px\" \/><\/p>\n<p><img loading=\"lazy\" decoding=\"async\" class=\"aligncenter size-full wp-image-9125\" src=\"https:\/\/sintramem-sv.org.br\/sintramem\/wp-content\/uploads\/2025\/12\/Posse-da-Diretoria-SINTRAMEM-74-scaled.jpg\" alt=\"\" width=\"2560\" height=\"1707\" srcset=\"https:\/\/sintramem-sv.org.br\/sintramem\/wp-content\/uploads\/2025\/12\/Posse-da-Diretoria-SINTRAMEM-74-scaled.jpg 2560w, https:\/\/sintramem-sv.org.br\/sintramem\/wp-content\/uploads\/2025\/12\/Posse-da-Diretoria-SINTRAMEM-74-300x200.jpg 300w, https:\/\/sintramem-sv.org.br\/sintramem\/wp-content\/uploads\/2025\/12\/Posse-da-Diretoria-SINTRAMEM-74-1024x683.jpg 1024w, https:\/\/sintramem-sv.org.br\/sintramem\/wp-content\/uploads\/2025\/12\/Posse-da-Diretoria-SINTRAMEM-74-768x512.jpg 768w, https:\/\/sintramem-sv.org.br\/sintramem\/wp-content\/uploads\/2025\/12\/Posse-da-Diretoria-SINTRAMEM-74-1536x1024.jpg 1536w, https:\/\/sintramem-sv.org.br\/sintramem\/wp-content\/uploads\/2025\/12\/Posse-da-Diretoria-SINTRAMEM-74-2048x1365.jpg 2048w\" sizes=\"auto, (max-width: 2560px) 100vw, 2560px\" \/><\/p>\n<p><img loading=\"lazy\" decoding=\"async\" class=\"aligncenter size-full wp-image-9124\" src=\"https:\/\/sintramem-sv.org.br\/sintramem\/wp-content\/uploads\/2025\/12\/Posse-da-Diretoria-SINTRAMEM-73-scaled.jpg\" alt=\"\" width=\"2560\" height=\"1707\" srcset=\"https:\/\/sintramem-sv.org.br\/sintramem\/wp-content\/uploads\/2025\/12\/Posse-da-Diretoria-SINTRAMEM-73-scaled.jpg 2560w, https:\/\/sintramem-sv.org.br\/sintramem\/wp-content\/uploads\/2025\/12\/Posse-da-Diretoria-SINTRAMEM-73-300x200.jpg 300w, https:\/\/sintramem-sv.org.br\/sintramem\/wp-content\/uploads\/2025\/12\/Posse-da-Diretoria-SINTRAMEM-73-1024x683.jpg 1024w, https:\/\/sintramem-sv.org.br\/sintramem\/wp-content\/uploads\/2025\/12\/Posse-da-Diretoria-SINTRAMEM-73-768x512.jpg 768w, https:\/\/sintramem-sv.org.br\/sintramem\/wp-content\/uploads\/2025\/12\/Posse-da-Diretoria-SINTRAMEM-73-1536x1024.jpg 1536w, https:\/\/sintramem-sv.org.br\/sintramem\/wp-content\/uploads\/2025\/12\/Posse-da-Diretoria-SINTRAMEM-73-2048x1365.jpg 2048w\" sizes=\"auto, (max-width: 2560px) 100vw, 2560px\" \/><\/p>\n<p><img loading=\"lazy\" decoding=\"async\" class=\"aligncenter size-full wp-image-9123\" src=\"https:\/\/sintramem-sv.org.br\/sintramem\/wp-content\/uploads\/2025\/12\/Posse-da-Diretoria-SINTRAMEM-71-scaled.jpg\" alt=\"\" width=\"2560\" height=\"1707\" srcset=\"https:\/\/sintramem-sv.org.br\/sintramem\/wp-content\/uploads\/2025\/12\/Posse-da-Diretoria-SINTRAMEM-71-scaled.jpg 2560w, https:\/\/sintramem-sv.org.br\/sintramem\/wp-content\/uploads\/2025\/12\/Posse-da-Diretoria-SINTRAMEM-71-300x200.jpg 300w, https:\/\/sintramem-sv.org.br\/sintramem\/wp-content\/uploads\/2025\/12\/Posse-da-Diretoria-SINTRAMEM-71-1024x683.jpg 1024w, https:\/\/sintramem-sv.org.br\/sintramem\/wp-content\/uploads\/2025\/12\/Posse-da-Diretoria-SINTRAMEM-71-768x512.jpg 768w, https:\/\/sintramem-sv.org.br\/sintramem\/wp-content\/uploads\/2025\/12\/Posse-da-Diretoria-SINTRAMEM-71-1536x1024.jpg 1536w, https:\/\/sintramem-sv.org.br\/sintramem\/wp-content\/uploads\/2025\/12\/Posse-da-Diretoria-SINTRAMEM-71-2048x1365.jpg 2048w\" sizes=\"auto, (max-width: 2560px) 100vw, 2560px\" \/><\/p>\n<p><img loading=\"lazy\" decoding=\"async\" class=\"aligncenter size-full wp-image-9122\" src=\"https:\/\/sintramem-sv.org.br\/sintramem\/wp-content\/uploads\/2025\/12\/Posse-da-Diretoria-SINTRAMEM-69-scaled.jpg\" alt=\"\" width=\"2560\" height=\"1707\" srcset=\"https:\/\/sintramem-sv.org.br\/sintramem\/wp-content\/uploads\/2025\/12\/Posse-da-Diretoria-SINTRAMEM-69-scaled.jpg 2560w, https:\/\/sintramem-sv.org.br\/sintramem\/wp-content\/uploads\/2025\/12\/Posse-da-Diretoria-SINTRAMEM-69-300x200.jpg 300w, https:\/\/sintramem-sv.org.br\/sintramem\/wp-content\/uploads\/2025\/12\/Posse-da-Diretoria-SINTRAMEM-69-1024x683.jpg 1024w, https:\/\/sintramem-sv.org.br\/sintramem\/wp-content\/uploads\/2025\/12\/Posse-da-Diretoria-SINTRAMEM-69-768x512.jpg 768w, https:\/\/sintramem-sv.org.br\/sintramem\/wp-content\/uploads\/2025\/12\/Posse-da-Diretoria-SINTRAMEM-69-1536x1024.jpg 1536w, https:\/\/sintramem-sv.org.br\/sintramem\/wp-content\/uploads\/2025\/12\/Posse-da-Diretoria-SINTRAMEM-69-2048x1365.jpg 2048w\" sizes=\"auto, (max-width: 2560px) 100vw, 2560px\" \/><\/p>\n<p><span style=\"font-size: 14pt;\">Em seu discurso, o novo presidente, <strong>Thobias Paraguai,<\/strong> deixou claro o tom de sua gest\u00e3o: <\/span><\/p>\n<blockquote><p><span style=\"font-size: 14pt;\">\u201cEsta posse n\u00e3o \u00e9 um ponto de chegada, mas o in\u00edcio de uma caminhada reenergizada. Nosso mandato ter\u00e1 a ousadia para lutar e a humildade para ouvir. A for\u00e7a para enfrentar desafios e a sabedoria para construir pontes. A educa\u00e7\u00e3o p\u00fablica de S\u00e3o Vicente ter\u00e1 em n\u00f3s um defensor incans\u00e1vel que AGE.\u201d<\/span><\/p><\/blockquote>\n<p><img loading=\"lazy\" decoding=\"async\" class=\"aligncenter size-full wp-image-9108\" src=\"https:\/\/sintramem-sv.org.br\/sintramem\/wp-content\/uploads\/2025\/12\/Posse-da-Diretoria-SINTRAMEM-116-scaled.jpg\" alt=\"\" width=\"2560\" height=\"1707\" srcset=\"https:\/\/sintramem-sv.org.br\/sintramem\/wp-content\/uploads\/2025\/12\/Posse-da-Diretoria-SINTRAMEM-116-scaled.jpg 2560w, https:\/\/sintramem-sv.org.br\/sintramem\/wp-content\/uploads\/2025\/12\/Posse-da-Diretoria-SINTRAMEM-116-300x200.jpg 300w, https:\/\/sintramem-sv.org.br\/sintramem\/wp-content\/uploads\/2025\/12\/Posse-da-Diretoria-SINTRAMEM-116-1024x683.jpg 1024w, https:\/\/sintramem-sv.org.br\/sintramem\/wp-content\/uploads\/2025\/12\/Posse-da-Diretoria-SINTRAMEM-116-768x512.jpg 768w, https:\/\/sintramem-sv.org.br\/sintramem\/wp-content\/uploads\/2025\/12\/Posse-da-Diretoria-SINTRAMEM-116-1536x1024.jpg 1536w, https:\/\/sintramem-sv.org.br\/sintramem\/wp-content\/uploads\/2025\/12\/Posse-da-Diretoria-SINTRAMEM-116-2048x1365.jpg 2048w\" sizes=\"auto, (max-width: 2560px) 100vw, 2560px\" \/><\/p>\n<p><img loading=\"lazy\" decoding=\"async\" class=\"aligncenter size-full wp-image-9110\" src=\"https:\/\/sintramem-sv.org.br\/sintramem\/wp-content\/uploads\/2025\/12\/Posse-da-Diretoria-SINTRAMEM-131-scaled.jpg\" alt=\"\" width=\"2560\" height=\"1707\" srcset=\"https:\/\/sintramem-sv.org.br\/sintramem\/wp-content\/uploads\/2025\/12\/Posse-da-Diretoria-SINTRAMEM-131-scaled.jpg 2560w, https:\/\/sintramem-sv.org.br\/sintramem\/wp-content\/uploads\/2025\/12\/Posse-da-Diretoria-SINTRAMEM-131-300x200.jpg 300w, https:\/\/sintramem-sv.org.br\/sintramem\/wp-content\/uploads\/2025\/12\/Posse-da-Diretoria-SINTRAMEM-131-1024x683.jpg 1024w, https:\/\/sintramem-sv.org.br\/sintramem\/wp-content\/uploads\/2025\/12\/Posse-da-Diretoria-SINTRAMEM-131-768x512.jpg 768w, https:\/\/sintramem-sv.org.br\/sintramem\/wp-content\/uploads\/2025\/12\/Posse-da-Diretoria-SINTRAMEM-131-1536x1024.jpg 1536w, https:\/\/sintramem-sv.org.br\/sintramem\/wp-content\/uploads\/2025\/12\/Posse-da-Diretoria-SINTRAMEM-131-2048x1365.jpg 2048w\" sizes=\"auto, (max-width: 2560px) 100vw, 2560px\" \/><\/p>\n<p><span style=\"font-size: 18pt; color: #ffffff; background-color: #ff0000;\"><strong>DIRETORIA EXECUTIVA<\/strong><\/span><\/p>\n<ul>\n<li><span style=\"font-size: 14pt;\">Thobias Paraguai de Oliveira \u2192 presidente<\/span><\/li>\n<li><span style=\"font-size: 14pt;\">Joana D\u2019Arc Santos Lopes \u2192 vice-presidente<\/span><\/li>\n<li><span style=\"font-size: 14pt;\">M\u00e1rcia Regina Alves Gon\u00e7alves \u2192 secret\u00e1rio geral<\/span><\/li>\n<li><span style=\"font-size: 14pt;\">Maria Inez Chaves \u2192 2\u00b0 secret\u00e1rio<\/span><\/li>\n<li><span style=\"font-size: 14pt;\">M\u00e1rcio Roberto Rodrigue Batalha \u2192 tesoureiro<\/span><\/li>\n<li><span style=\"font-size: 14pt;\">Mara Val\u00e9ria Giangiulio \u2192 2\u00b0 tesoureiro<\/span><\/li>\n<li><span style=\"font-size: 14pt;\">Elessandro Campos Eug\u00eanio \u2192 diretor de imprensa\/comunica\u00e7\u00e3o e divulga\u00e7\u00e3o<\/span><\/li>\n<li><span style=\"font-size: 14pt;\">Islena Ramos Pinto de Aguiar \u2192 diretor de esportes, cultura e lazer<\/span><\/li>\n<li><span style=\"font-size: 14pt;\">Ocimeire Garcia Moyano \u2192 diretor de assuntos sindicais<\/span><\/li>\n<\/ul>\n<p><span style=\"font-size: 18pt; color: #ffffff; background-color: #ff0000;\"><strong>SUPLENTES DA DIRETORIA EXECUTIVA<\/strong><\/span><\/p>\n<ul>\n<li><span style=\"font-size: 14pt;\">Aline dos Anjos<\/span><\/li>\n<li><span style=\"font-size: 14pt;\">Roberto Ciccarelli Filho<\/span><\/li>\n<li><span style=\"font-size: 14pt;\">Claudia Andrade Bernardo<\/span><\/li>\n<li><span style=\"font-size: 14pt;\">Maria de F\u00e1tima Amorim Silva<\/span><\/li>\n<li><span style=\"font-size: 14pt;\">Regina C\u00e9lia da Silva de Alc\u00e2ntara<\/span><\/li>\n<\/ul>\n<p><span style=\"font-size: 18pt; color: #ffffff; background-color: #ff0000;\"><strong>CONSELHO FISCAL<\/strong><\/span><\/p>\n<ul>\n<li><span style=\"font-size: 14pt;\">Jorge Roberto Rodrigues dos Santos<\/span><\/li>\n<li><span style=\"font-size: 14pt;\">Robson Lopes Dias<\/span><\/li>\n<li><span style=\"font-size: 14pt;\">Cleunice Maria Gomes de Campos<\/span><\/li>\n<\/ul>\n<p><strong><span style=\"font-size: 18pt; color: #ffffff; background-color: #ff0000;\">SUPLENTES DO CONSELHO FISCAL<\/span><\/strong><\/p>\n<ul>\n<li><span style=\"font-size: 14pt;\">Caroline Maria Cianciulli Schmidt<\/span><\/li>\n<li><span style=\"font-size: 14pt;\">Milton C\u00e9sar Muniz da Silva<\/span><\/li>\n<\/ul>\n<p><img loading=\"lazy\" decoding=\"async\" class=\"aligncenter size-full wp-image-9139\" src=\"https:\/\/sintramem-sv.org.br\/sintramem\/wp-content\/uploads\/2000\/12\/Posse-da-Diretoria-SINTRAMEM-11-scaled.jpg\" alt=\"\" width=\"2560\" height=\"1707\" srcset=\"https:\/\/sintramem-sv.org.br\/sintramem\/wp-content\/uploads\/2000\/12\/Posse-da-Diretoria-SINTRAMEM-11-scaled.jpg 2560w, https:\/\/sintramem-sv.org.br\/sintramem\/wp-content\/uploads\/2000\/12\/Posse-da-Diretoria-SINTRAMEM-11-300x200.jpg 300w, https:\/\/sintramem-sv.org.br\/sintramem\/wp-content\/uploads\/2000\/12\/Posse-da-Diretoria-SINTRAMEM-11-1024x683.jpg 1024w, https:\/\/sintramem-sv.org.br\/sintramem\/wp-content\/uploads\/2000\/12\/Posse-da-Diretoria-SINTRAMEM-11-768x512.jpg 768w, https:\/\/sintramem-sv.org.br\/sintramem\/wp-content\/uploads\/2000\/12\/Posse-da-Diretoria-SINTRAMEM-11-1536x1024.jpg 1536w, https:\/\/sintramem-sv.org.br\/sintramem\/wp-content\/uploads\/2000\/12\/Posse-da-Diretoria-SINTRAMEM-11-2048x1365.jpg 2048w\" sizes=\"auto, (max-width: 2560px) 100vw, 2560px\" \/><\/p>\n<p><img loading=\"lazy\" decoding=\"async\" class=\"aligncenter size-full wp-image-9141\" src=\"https:\/\/sintramem-sv.org.br\/sintramem\/wp-content\/uploads\/2000\/12\/Posse-da-Diretoria-SINTRAMEM-33-scaled.jpg\" alt=\"\" width=\"2560\" height=\"1707\" srcset=\"https:\/\/sintramem-sv.org.br\/sintramem\/wp-content\/uploads\/2000\/12\/Posse-da-Diretoria-SINTRAMEM-33-scaled.jpg 2560w, https:\/\/sintramem-sv.org.br\/sintramem\/wp-content\/uploads\/2000\/12\/Posse-da-Diretoria-SINTRAMEM-33-300x200.jpg 300w, https:\/\/sintramem-sv.org.br\/sintramem\/wp-content\/uploads\/2000\/12\/Posse-da-Diretoria-SINTRAMEM-33-1024x683.jpg 1024w, https:\/\/sintramem-sv.org.br\/sintramem\/wp-content\/uploads\/2000\/12\/Posse-da-Diretoria-SINTRAMEM-33-768x512.jpg 768w, https:\/\/sintramem-sv.org.br\/sintramem\/wp-content\/uploads\/2000\/12\/Posse-da-Diretoria-SINTRAMEM-33-1536x1024.jpg 1536w, https:\/\/sintramem-sv.org.br\/sintramem\/wp-content\/uploads\/2000\/12\/Posse-da-Diretoria-SINTRAMEM-33-2048x1365.jpg 2048w\" sizes=\"auto, (max-width: 2560px) 100vw, 2560px\" \/><\/p>\n<p><img loading=\"lazy\" decoding=\"async\" class=\"aligncenter size-full wp-image-9142\" src=\"https:\/\/sintramem-sv.org.br\/sintramem\/wp-content\/uploads\/2000\/12\/Posse-da-Diretoria-SINTRAMEM-76-scaled.jpg\" alt=\"\" width=\"2560\" height=\"1707\" srcset=\"https:\/\/sintramem-sv.org.br\/sintramem\/wp-content\/uploads\/2000\/12\/Posse-da-Diretoria-SINTRAMEM-76-scaled.jpg 2560w, https:\/\/sintramem-sv.org.br\/sintramem\/wp-content\/uploads\/2000\/12\/Posse-da-Diretoria-SINTRAMEM-76-300x200.jpg 300w, https:\/\/sintramem-sv.org.br\/sintramem\/wp-content\/uploads\/2000\/12\/Posse-da-Diretoria-SINTRAMEM-76-1024x683.jpg 1024w, https:\/\/sintramem-sv.org.br\/sintramem\/wp-content\/uploads\/2000\/12\/Posse-da-Diretoria-SINTRAMEM-76-768x512.jpg 768w, https:\/\/sintramem-sv.org.br\/sintramem\/wp-content\/uploads\/2000\/12\/Posse-da-Diretoria-SINTRAMEM-76-1536x1024.jpg 1536w, https:\/\/sintramem-sv.org.br\/sintramem\/wp-content\/uploads\/2000\/12\/Posse-da-Diretoria-SINTRAMEM-76-2048x1365.jpg 2048w\" sizes=\"auto, (max-width: 2560px) 100vw, 2560px\" \/><\/p>\n<p><img loading=\"lazy\" decoding=\"async\" class=\"aligncenter size-full wp-image-9143\" src=\"https:\/\/sintramem-sv.org.br\/sintramem\/wp-content\/uploads\/2000\/12\/Posse-da-Diretoria-SINTRAMEM-99-scaled.jpg\" alt=\"\" width=\"2560\" height=\"1707\" srcset=\"https:\/\/sintramem-sv.org.br\/sintramem\/wp-content\/uploads\/2000\/12\/Posse-da-Diretoria-SINTRAMEM-99-scaled.jpg 2560w, https:\/\/sintramem-sv.org.br\/sintramem\/wp-content\/uploads\/2000\/12\/Posse-da-Diretoria-SINTRAMEM-99-300x200.jpg 300w, https:\/\/sintramem-sv.org.br\/sintramem\/wp-content\/uploads\/2000\/12\/Posse-da-Diretoria-SINTRAMEM-99-1024x683.jpg 1024w, https:\/\/sintramem-sv.org.br\/sintramem\/wp-content\/uploads\/2000\/12\/Posse-da-Diretoria-SINTRAMEM-99-768x512.jpg 768w, https:\/\/sintramem-sv.org.br\/sintramem\/wp-content\/uploads\/2000\/12\/Posse-da-Diretoria-SINTRAMEM-99-1536x1024.jpg 1536w, https:\/\/sintramem-sv.org.br\/sintramem\/wp-content\/uploads\/2000\/12\/Posse-da-Diretoria-SINTRAMEM-99-2048x1365.jpg 2048w\" sizes=\"auto, (max-width: 2560px) 100vw, 2560px\" \/><\/p>\n<p><img loading=\"lazy\" decoding=\"async\" class=\"aligncenter size-full wp-image-9144\" src=\"https:\/\/sintramem-sv.org.br\/sintramem\/wp-content\/uploads\/2000\/12\/Posse-da-Diretoria-SINTRAMEM-101-scaled.jpg\" alt=\"\" width=\"2560\" height=\"1707\" srcset=\"https:\/\/sintramem-sv.org.br\/sintramem\/wp-content\/uploads\/2000\/12\/Posse-da-Diretoria-SINTRAMEM-101-scaled.jpg 2560w, https:\/\/sintramem-sv.org.br\/sintramem\/wp-content\/uploads\/2000\/12\/Posse-da-Diretoria-SINTRAMEM-101-300x200.jpg 300w, https:\/\/sintramem-sv.org.br\/sintramem\/wp-content\/uploads\/2000\/12\/Posse-da-Diretoria-SINTRAMEM-101-1024x683.jpg 1024w, https:\/\/sintramem-sv.org.br\/sintramem\/wp-content\/uploads\/2000\/12\/Posse-da-Diretoria-SINTRAMEM-101-768x512.jpg 768w, https:\/\/sintramem-sv.org.br\/sintramem\/wp-content\/uploads\/2000\/12\/Posse-da-Diretoria-SINTRAMEM-101-1536x1024.jpg 1536w, https:\/\/sintramem-sv.org.br\/sintramem\/wp-content\/uploads\/2000\/12\/Posse-da-Diretoria-SINTRAMEM-101-2048x1365.jpg 2048w\" sizes=\"auto, (max-width: 2560px) 100vw, 2560px\" \/><\/p>\n<p><img loading=\"lazy\" decoding=\"async\" class=\"aligncenter size-full wp-image-9145\" src=\"https:\/\/sintramem-sv.org.br\/sintramem\/wp-content\/uploads\/2000\/12\/Posse-da-Diretoria-SINTRAMEM-109-scaled.jpg\" alt=\"\" width=\"2560\" height=\"1707\" srcset=\"https:\/\/sintramem-sv.org.br\/sintramem\/wp-content\/uploads\/2000\/12\/Posse-da-Diretoria-SINTRAMEM-109-scaled.jpg 2560w, https:\/\/sintramem-sv.org.br\/sintramem\/wp-content\/uploads\/2000\/12\/Posse-da-Diretoria-SINTRAMEM-109-300x200.jpg 300w, https:\/\/sintramem-sv.org.br\/sintramem\/wp-content\/uploads\/2000\/12\/Posse-da-Diretoria-SINTRAMEM-109-1024x683.jpg 1024w, https:\/\/sintramem-sv.org.br\/sintramem\/wp-content\/uploads\/2000\/12\/Posse-da-Diretoria-SINTRAMEM-109-768x512.jpg 768w, https:\/\/sintramem-sv.org.br\/sintramem\/wp-content\/uploads\/2000\/12\/Posse-da-Diretoria-SINTRAMEM-109-1536x1024.jpg 1536w, https:\/\/sintramem-sv.org.br\/sintramem\/wp-content\/uploads\/2000\/12\/Posse-da-Diretoria-SINTRAMEM-109-2048x1366.jpg 2048w\" sizes=\"auto, (max-width: 2560px) 100vw, 2560px\" \/><\/p>\n","protected":false},"excerpt":{"rendered":"<p>Em uma cerim\u00f4nia marcada pela renova\u00e7\u00e3o de compromissos,\u00a0realizada nesta ter\u00e7a, 9 de dezembro, na Associa\u00e7\u00e3o Comercial de S\u00e3o Vicente, a nova diretoria do SINTRAMEM oficializou sua gest\u00e3o. O evento reuniu um expressivo quadro de aliados e lideran\u00e7as do movimento sindical, evidenciando a relev\u00e2ncia da entidade. O cerne da cerim\u00f4nia foi a passagem do bast\u00e3o presidencial,&hellip;<\/p>\n","protected":false},"author":1,"featured_media":9105,"comment_status":"open","ping_status":"closed","sticky":false,"template":"","format":"standard","meta":{"_monsterinsights_skip_tracking":false,"_monsterinsights_sitenote_active":false,"_monsterinsights_sitenote_note":"","_monsterinsights_sitenote_category":0,"footnotes":""},"categories":[19],"tags":[],"class_list":["post-9104","post","type-post","status-publish","format-standard","has-post-thumbnail","hentry","category-sintramem"],"yoast_head":"<!-- This site is optimized with the Yoast SEO plugin v27.0 - https:\/\/yoast.com\/product\/yoast-seo-wordpress\/ -->\n<title>Posse da nova diretoria do SINTRAMEM marca novo momento para a luta pelos profissionais da Educa\u00e7\u00e3o de S\u00e3o Vicente - SINTRAMEM<\/title>\n<meta name=\"robots\" content=\"index, follow, max-snippet:-1, max-image-preview:large, max-video-preview:-1\" \/>\n<link rel=\"canonical\" href=\"https:\/\/sintramem-sv.org.br\/sintramem\/posse-da-nova-diretoria-do-sintramem-marca-novo-momento-para-a-luta-pelos-profissionais-da-educacao-de-sao-vicente\/\" \/>\n<meta property=\"og:locale\" content=\"pt_BR\" \/>\n<meta property=\"og:type\" content=\"article\" \/>\n<meta property=\"og:title\" content=\"Posse da nova diretoria do SINTRAMEM marca novo momento para a luta pelos profissionais da Educa\u00e7\u00e3o de S\u00e3o Vicente - SINTRAMEM\" \/>\n<meta property=\"og:description\" content=\"Em uma cerim\u00f4nia marcada pela renova\u00e7\u00e3o de compromissos,\u00a0realizada nesta ter\u00e7a, 9 de dezembro, na Associa\u00e7\u00e3o Comercial de S\u00e3o Vicente, a nova diretoria do SINTRAMEM oficializou sua gest\u00e3o. O evento reuniu um expressivo quadro de aliados e lideran\u00e7as do movimento sindical, evidenciando a relev\u00e2ncia da entidade. O cerne da cerim\u00f4nia foi a passagem do bast\u00e3o presidencial,&hellip;\" \/>\n<meta property=\"og:url\" content=\"https:\/\/sintramem-sv.org.br\/sintramem\/posse-da-nova-diretoria-do-sintramem-marca-novo-momento-para-a-luta-pelos-profissionais-da-educacao-de-sao-vicente\/\" \/>\n<meta property=\"og:site_name\" content=\"SINTRAMEM\" \/>\n<meta property=\"article:published_time\" content=\"2025-12-10T20:41:20+00:00\" \/>\n<meta property=\"article:modified_time\" content=\"2025-12-12T13:17:56+00:00\" \/>\n<meta property=\"og:image\" content=\"https:\/\/sintramem-sv.org.br\/sintramem\/wp-content\/uploads\/2025\/12\/Posse-da-Diretoria-SINTRAMEM-137-1.jpg\" \/>\n\t<meta property=\"og:image:width\" content=\"500\" \/>\n\t<meta property=\"og:image:height\" content=\"278\" \/>\n\t<meta property=\"og:image:type\" content=\"image\/jpeg\" \/>\n<meta name=\"author\" content=\"sintramem\" \/>\n<meta name=\"twitter:card\" content=\"summary_large_image\" \/>\n<meta name=\"twitter:label1\" content=\"Escrito por\" \/>\n\t<meta name=\"twitter:data1\" content=\"sintramem\" \/>\n\t<meta name=\"twitter:label2\" content=\"Est. tempo de leitura\" \/>\n\t<meta name=\"twitter:data2\" content=\"9 minutos\" \/>\n<script type=\"application\/ld+json\" class=\"yoast-schema-graph\">{\"@context\":\"https:\/\/schema.org\",\"@graph\":[{\"@type\":\"Article\",\"@id\":\"https:\/\/sintramem-sv.org.br\/sintramem\/posse-da-nova-diretoria-do-sintramem-marca-novo-momento-para-a-luta-pelos-profissionais-da-educacao-de-sao-vicente\/#article\",\"isPartOf\":{\"@id\":\"https:\/\/sintramem-sv.org.br\/sintramem\/posse-da-nova-diretoria-do-sintramem-marca-novo-momento-para-a-luta-pelos-profissionais-da-educacao-de-sao-vicente\/\"},\"author\":{\"name\":\"sintramem\",\"@id\":\"https:\/\/sintramem-sv.org.br\/sintramem\/#\/schema\/person\/a8decb8ea63607d1e01e046c95ddcf2b\"},\"headline\":\"Posse da nova diretoria do SINTRAMEM marca novo momento para a luta pelos profissionais da Educa\u00e7\u00e3o de S\u00e3o Vicente\",\"datePublished\":\"2025-12-10T20:41:20+00:00\",\"dateModified\":\"2025-12-12T13:17:56+00:00\",\"mainEntityOfPage\":{\"@id\":\"https:\/\/sintramem-sv.org.br\/sintramem\/posse-da-nova-diretoria-do-sintramem-marca-novo-momento-para-a-luta-pelos-profissionais-da-educacao-de-sao-vicente\/\"},\"wordCount\":575,\"commentCount\":0,\"publisher\":{\"@id\":\"https:\/\/sintramem-sv.org.br\/sintramem\/#organization\"},\"image\":{\"@id\":\"https:\/\/sintramem-sv.org.br\/sintramem\/posse-da-nova-diretoria-do-sintramem-marca-novo-momento-para-a-luta-pelos-profissionais-da-educacao-de-sao-vicente\/#primaryimage\"},\"thumbnailUrl\":\"https:\/\/sintramem-sv.org.br\/sintramem\/wp-content\/uploads\/2025\/12\/Posse-da-Diretoria-SINTRAMEM-137.jpg\",\"articleSection\":[\"Sintramem\"],\"inLanguage\":\"pt-BR\",\"potentialAction\":[{\"@type\":\"CommentAction\",\"name\":\"Comment\",\"target\":[\"https:\/\/sintramem-sv.org.br\/sintramem\/posse-da-nova-diretoria-do-sintramem-marca-novo-momento-para-a-luta-pelos-profissionais-da-educacao-de-sao-vicente\/#respond\"]}]},{\"@type\":\"WebPage\",\"@id\":\"https:\/\/sintramem-sv.org.br\/sintramem\/posse-da-nova-diretoria-do-sintramem-marca-novo-momento-para-a-luta-pelos-profissionais-da-educacao-de-sao-vicente\/\",\"url\":\"https:\/\/sintramem-sv.org.br\/sintramem\/posse-da-nova-diretoria-do-sintramem-marca-novo-momento-para-a-luta-pelos-profissionais-da-educacao-de-sao-vicente\/\",\"name\":\"Posse da nova diretoria do SINTRAMEM marca novo momento para a luta pelos profissionais da Educa\u00e7\u00e3o de S\u00e3o Vicente - SINTRAMEM\",\"isPartOf\":{\"@id\":\"https:\/\/sintramem-sv.org.br\/sintramem\/#website\"},\"primaryImageOfPage\":{\"@id\":\"https:\/\/sintramem-sv.org.br\/sintramem\/posse-da-nova-diretoria-do-sintramem-marca-novo-momento-para-a-luta-pelos-profissionais-da-educacao-de-sao-vicente\/#primaryimage\"},\"image\":{\"@id\":\"https:\/\/sintramem-sv.org.br\/sintramem\/posse-da-nova-diretoria-do-sintramem-marca-novo-momento-para-a-luta-pelos-profissionais-da-educacao-de-sao-vicente\/#primaryimage\"},\"thumbnailUrl\":\"https:\/\/sintramem-sv.org.br\/sintramem\/wp-content\/uploads\/2025\/12\/Posse-da-Diretoria-SINTRAMEM-137.jpg\",\"datePublished\":\"2025-12-10T20:41:20+00:00\",\"dateModified\":\"2025-12-12T13:17:56+00:00\",\"breadcrumb\":{\"@id\":\"https:\/\/sintramem-sv.org.br\/sintramem\/posse-da-nova-diretoria-do-sintramem-marca-novo-momento-para-a-luta-pelos-profissionais-da-educacao-de-sao-vicente\/#breadcrumb\"},\"inLanguage\":\"pt-BR\",\"potentialAction\":[{\"@type\":\"ReadAction\",\"target\":[\"https:\/\/sintramem-sv.org.br\/sintramem\/posse-da-nova-diretoria-do-sintramem-marca-novo-momento-para-a-luta-pelos-profissionais-da-educacao-de-sao-vicente\/\"]}]},{\"@type\":\"ImageObject\",\"inLanguage\":\"pt-BR\",\"@id\":\"https:\/\/sintramem-sv.org.br\/sintramem\/posse-da-nova-diretoria-do-sintramem-marca-novo-momento-para-a-luta-pelos-profissionais-da-educacao-de-sao-vicente\/#primaryimage\",\"url\":\"https:\/\/sintramem-sv.org.br\/sintramem\/wp-content\/uploads\/2025\/12\/Posse-da-Diretoria-SINTRAMEM-137.jpg\",\"contentUrl\":\"https:\/\/sintramem-sv.org.br\/sintramem\/wp-content\/uploads\/2025\/12\/Posse-da-Diretoria-SINTRAMEM-137.jpg\",\"width\":1294,\"height\":720},{\"@type\":\"BreadcrumbList\",\"@id\":\"https:\/\/sintramem-sv.org.br\/sintramem\/posse-da-nova-diretoria-do-sintramem-marca-novo-momento-para-a-luta-pelos-profissionais-da-educacao-de-sao-vicente\/#breadcrumb\",\"itemListElement\":[{\"@type\":\"ListItem\",\"position\":1,\"name\":\"In\u00edcio\",\"item\":\"https:\/\/sintramem-sv.org.br\/sintramem\/\"},{\"@type\":\"ListItem\",\"position\":2,\"name\":\"Posse da nova diretoria do SINTRAMEM marca novo momento para a luta pelos profissionais da Educa\u00e7\u00e3o de S\u00e3o Vicente\"}]},{\"@type\":\"WebSite\",\"@id\":\"https:\/\/sintramem-sv.org.br\/sintramem\/#website\",\"url\":\"https:\/\/sintramem-sv.org.br\/sintramem\/\",\"name\":\"SINTRAMEM\",\"description\":\"Sindicato dos Trabalhadores no Magist\u00e9rio e na Educa\u00e7\u00e3o de S\u00e3o Vicente\",\"publisher\":{\"@id\":\"https:\/\/sintramem-sv.org.br\/sintramem\/#organization\"},\"potentialAction\":[{\"@type\":\"SearchAction\",\"target\":{\"@type\":\"EntryPoint\",\"urlTemplate\":\"https:\/\/sintramem-sv.org.br\/sintramem\/?s={search_term_string}\"},\"query-input\":{\"@type\":\"PropertyValueSpecification\",\"valueRequired\":true,\"valueName\":\"search_term_string\"}}],\"inLanguage\":\"pt-BR\"},{\"@type\":\"Organization\",\"@id\":\"https:\/\/sintramem-sv.org.br\/sintramem\/#organization\",\"name\":\"SINTRAMEM\",\"url\":\"https:\/\/sintramem-sv.org.br\/sintramem\/\",\"logo\":{\"@type\":\"ImageObject\",\"inLanguage\":\"pt-BR\",\"@id\":\"https:\/\/sintramem-sv.org.br\/sintramem\/#\/schema\/logo\/image\/\",\"url\":\"https:\/\/sintramem-sv.org.br\/sintramem\/wp-content\/uploads\/2017\/02\/SINTRAMEM-LOGO-OFICIAL-300x100-jpg.jpg\",\"contentUrl\":\"https:\/\/sintramem-sv.org.br\/sintramem\/wp-content\/uploads\/2017\/02\/SINTRAMEM-LOGO-OFICIAL-300x100-jpg.jpg\",\"width\":150,\"height\":150,\"caption\":\"SINTRAMEM\"},\"image\":{\"@id\":\"https:\/\/sintramem-sv.org.br\/sintramem\/#\/schema\/logo\/image\/\"}},{\"@type\":\"Person\",\"@id\":\"https:\/\/sintramem-sv.org.br\/sintramem\/#\/schema\/person\/a8decb8ea63607d1e01e046c95ddcf2b\",\"name\":\"sintramem\",\"image\":{\"@type\":\"ImageObject\",\"inLanguage\":\"pt-BR\",\"@id\":\"https:\/\/sintramem-sv.org.br\/sintramem\/#\/schema\/person\/image\/\",\"url\":\"https:\/\/secure.gravatar.com\/avatar\/8e06da3b0d4f051010117c848b52b9280a4228043717057ccccccc8b20ff8f48?s=96&d=mm&r=g\",\"contentUrl\":\"https:\/\/secure.gravatar.com\/avatar\/8e06da3b0d4f051010117c848b52b9280a4228043717057ccccccc8b20ff8f48?s=96&d=mm&r=g\",\"caption\":\"sintramem\"},\"description\":\"Sindicato dos Trabalhadores no Magist\u00e9rio e na Educa\u00e7\u00e3o Municipal de S\u00e3o Vicente\",\"url\":\"https:\/\/sintramem-sv.org.br\/sintramem\/author\/sindsv\/\"}]}<\/script>\n<!-- \/ Yoast SEO plugin. -->","yoast_head_json":{"title":"Posse da nova diretoria do SINTRAMEM marca novo momento para a luta pelos profissionais da Educa\u00e7\u00e3o de S\u00e3o Vicente - SINTRAMEM","robots":{"index":"index","follow":"follow","max-snippet":"max-snippet:-1","max-image-preview":"max-image-preview:large","max-video-preview":"max-video-preview:-1"},"canonical":"https:\/\/sintramem-sv.org.br\/sintramem\/posse-da-nova-diretoria-do-sintramem-marca-novo-momento-para-a-luta-pelos-profissionais-da-educacao-de-sao-vicente\/","og_locale":"pt_BR","og_type":"article","og_title":"Posse da nova diretoria do SINTRAMEM marca novo momento para a luta pelos profissionais da Educa\u00e7\u00e3o de S\u00e3o Vicente - SINTRAMEM","og_description":"Em uma cerim\u00f4nia marcada pela renova\u00e7\u00e3o de compromissos,\u00a0realizada nesta ter\u00e7a, 9 de dezembro, na Associa\u00e7\u00e3o Comercial de S\u00e3o Vicente, a nova diretoria do SINTRAMEM oficializou sua gest\u00e3o. O evento reuniu um expressivo quadro de aliados e lideran\u00e7as do movimento sindical, evidenciando a relev\u00e2ncia da entidade. O cerne da cerim\u00f4nia foi a passagem do bast\u00e3o presidencial,&hellip;","og_url":"https:\/\/sintramem-sv.org.br\/sintramem\/posse-da-nova-diretoria-do-sintramem-marca-novo-momento-para-a-luta-pelos-profissionais-da-educacao-de-sao-vicente\/","og_site_name":"SINTRAMEM","article_published_time":"2025-12-10T20:41:20+00:00","article_modified_time":"2025-12-12T13:17:56+00:00","og_image":[{"width":500,"height":278,"url":"https:\/\/sintramem-sv.org.br\/sintramem\/wp-content\/uploads\/2025\/12\/Posse-da-Diretoria-SINTRAMEM-137-1.jpg","type":"image\/jpeg"}],"author":"sintramem","twitter_card":"summary_large_image","twitter_misc":{"Escrito por":"sintramem","Est. tempo de leitura":"9 minutos"},"schema":{"@context":"https:\/\/schema.org","@graph":[{"@type":"Article","@id":"https:\/\/sintramem-sv.org.br\/sintramem\/posse-da-nova-diretoria-do-sintramem-marca-novo-momento-para-a-luta-pelos-profissionais-da-educacao-de-sao-vicente\/#article","isPartOf":{"@id":"https:\/\/sintramem-sv.org.br\/sintramem\/posse-da-nova-diretoria-do-sintramem-marca-novo-momento-para-a-luta-pelos-profissionais-da-educacao-de-sao-vicente\/"},"author":{"name":"sintramem","@id":"https:\/\/sintramem-sv.org.br\/sintramem\/#\/schema\/person\/a8decb8ea63607d1e01e046c95ddcf2b"},"headline":"Posse da nova diretoria do SINTRAMEM marca novo momento para a luta pelos profissionais da Educa\u00e7\u00e3o de S\u00e3o Vicente","datePublished":"2025-12-10T20:41:20+00:00","dateModified":"2025-12-12T13:17:56+00:00","mainEntityOfPage":{"@id":"https:\/\/sintramem-sv.org.br\/sintramem\/posse-da-nova-diretoria-do-sintramem-marca-novo-momento-para-a-luta-pelos-profissionais-da-educacao-de-sao-vicente\/"},"wordCount":575,"commentCount":0,"publisher":{"@id":"https:\/\/sintramem-sv.org.br\/sintramem\/#organization"},"image":{"@id":"https:\/\/sintramem-sv.org.br\/sintramem\/posse-da-nova-diretoria-do-sintramem-marca-novo-momento-para-a-luta-pelos-profissionais-da-educacao-de-sao-vicente\/#primaryimage"},"thumbnailUrl":"https:\/\/sintramem-sv.org.br\/sintramem\/wp-content\/uploads\/2025\/12\/Posse-da-Diretoria-SINTRAMEM-137.jpg","articleSection":["Sintramem"],"inLanguage":"pt-BR","potentialAction":[{"@type":"CommentAction","name":"Comment","target":["https:\/\/sintramem-sv.org.br\/sintramem\/posse-da-nova-diretoria-do-sintramem-marca-novo-momento-para-a-luta-pelos-profissionais-da-educacao-de-sao-vicente\/#respond"]}]},{"@type":"WebPage","@id":"https:\/\/sintramem-sv.org.br\/sintramem\/posse-da-nova-diretoria-do-sintramem-marca-novo-momento-para-a-luta-pelos-profissionais-da-educacao-de-sao-vicente\/","url":"https:\/\/sintramem-sv.org.br\/sintramem\/posse-da-nova-diretoria-do-sintramem-marca-novo-momento-para-a-luta-pelos-profissionais-da-educacao-de-sao-vicente\/","name":"Posse da nova diretoria do SINTRAMEM marca novo momento para a luta pelos profissionais da Educa\u00e7\u00e3o de S\u00e3o Vicente - SINTRAMEM","isPartOf":{"@id":"https:\/\/sintramem-sv.org.br\/sintramem\/#website"},"primaryImageOfPage":{"@id":"https:\/\/sintramem-sv.org.br\/sintramem\/posse-da-nova-diretoria-do-sintramem-marca-novo-momento-para-a-luta-pelos-profissionais-da-educacao-de-sao-vicente\/#primaryimage"},"image":{"@id":"https:\/\/sintramem-sv.org.br\/sintramem\/posse-da-nova-diretoria-do-sintramem-marca-novo-momento-para-a-luta-pelos-profissionais-da-educacao-de-sao-vicente\/#primaryimage"},"thumbnailUrl":"https:\/\/sintramem-sv.org.br\/sintramem\/wp-content\/uploads\/2025\/12\/Posse-da-Diretoria-SINTRAMEM-137.jpg","datePublished":"2025-12-10T20:41:20+00:00","dateModified":"2025-12-12T13:17:56+00:00","breadcrumb":{"@id":"https:\/\/sintramem-sv.org.br\/sintramem\/posse-da-nova-diretoria-do-sintramem-marca-novo-momento-para-a-luta-pelos-profissionais-da-educacao-de-sao-vicente\/#breadcrumb"},"inLanguage":"pt-BR","potentialAction":[{"@type":"ReadAction","target":["https:\/\/sintramem-sv.org.br\/sintramem\/posse-da-nova-diretoria-do-sintramem-marca-novo-momento-para-a-luta-pelos-profissionais-da-educacao-de-sao-vicente\/"]}]},{"@type":"ImageObject","inLanguage":"pt-BR","@id":"https:\/\/sintramem-sv.org.br\/sintramem\/posse-da-nova-diretoria-do-sintramem-marca-novo-momento-para-a-luta-pelos-profissionais-da-educacao-de-sao-vicente\/#primaryimage","url":"https:\/\/sintramem-sv.org.br\/sintramem\/wp-content\/uploads\/2025\/12\/Posse-da-Diretoria-SINTRAMEM-137.jpg","contentUrl":"https:\/\/sintramem-sv.org.br\/sintramem\/wp-content\/uploads\/2025\/12\/Posse-da-Diretoria-SINTRAMEM-137.jpg","width":1294,"height":720},{"@type":"BreadcrumbList","@id":"https:\/\/sintramem-sv.org.br\/sintramem\/posse-da-nova-diretoria-do-sintramem-marca-novo-momento-para-a-luta-pelos-profissionais-da-educacao-de-sao-vicente\/#breadcrumb","itemListElement":[{"@type":"ListItem","position":1,"name":"In\u00edcio","item":"https:\/\/sintramem-sv.org.br\/sintramem\/"},{"@type":"ListItem","position":2,"name":"Posse da nova diretoria do SINTRAMEM marca novo momento para a luta pelos profissionais da Educa\u00e7\u00e3o de S\u00e3o Vicente"}]},{"@type":"WebSite","@id":"https:\/\/sintramem-sv.org.br\/sintramem\/#website","url":"https:\/\/sintramem-sv.org.br\/sintramem\/","name":"SINTRAMEM","description":"Sindicato dos Trabalhadores no Magist\u00e9rio e na Educa\u00e7\u00e3o de S\u00e3o Vicente","publisher":{"@id":"https:\/\/sintramem-sv.org.br\/sintramem\/#organization"},"potentialAction":[{"@type":"SearchAction","target":{"@type":"EntryPoint","urlTemplate":"https:\/\/sintramem-sv.org.br\/sintramem\/?s={search_term_string}"},"query-input":{"@type":"PropertyValueSpecification","valueRequired":true,"valueName":"search_term_string"}}],"inLanguage":"pt-BR"},{"@type":"Organization","@id":"https:\/\/sintramem-sv.org.br\/sintramem\/#organization","name":"SINTRAMEM","url":"https:\/\/sintramem-sv.org.br\/sintramem\/","logo":{"@type":"ImageObject","inLanguage":"pt-BR","@id":"https:\/\/sintramem-sv.org.br\/sintramem\/#\/schema\/logo\/image\/","url":"https:\/\/sintramem-sv.org.br\/sintramem\/wp-content\/uploads\/2017\/02\/SINTRAMEM-LOGO-OFICIAL-300x100-jpg.jpg","contentUrl":"https:\/\/sintramem-sv.org.br\/sintramem\/wp-content\/uploads\/2017\/02\/SINTRAMEM-LOGO-OFICIAL-300x100-jpg.jpg","width":150,"height":150,"caption":"SINTRAMEM"},"image":{"@id":"https:\/\/sintramem-sv.org.br\/sintramem\/#\/schema\/logo\/image\/"}},{"@type":"Person","@id":"https:\/\/sintramem-sv.org.br\/sintramem\/#\/schema\/person\/a8decb8ea63607d1e01e046c95ddcf2b","name":"sintramem","image":{"@type":"ImageObject","inLanguage":"pt-BR","@id":"https:\/\/sintramem-sv.org.br\/sintramem\/#\/schema\/person\/image\/","url":"https:\/\/secure.gravatar.com\/avatar\/8e06da3b0d4f051010117c848b52b9280a4228043717057ccccccc8b20ff8f48?s=96&d=mm&r=g","contentUrl":"https:\/\/secure.gravatar.com\/avatar\/8e06da3b0d4f051010117c848b52b9280a4228043717057ccccccc8b20ff8f48?s=96&d=mm&r=g","caption":"sintramem"},"description":"Sindicato dos Trabalhadores no Magist\u00e9rio e na Educa\u00e7\u00e3o Municipal de S\u00e3o Vicente","url":"https:\/\/sintramem-sv.org.br\/sintramem\/author\/sindsv\/"}]}},"_links":{"self":[{"href":"https:\/\/sintramem-sv.org.br\/sintramem\/wp-json\/wp\/v2\/posts\/9104","targetHints":{"allow":["GET"]}}],"collection":[{"href":"https:\/\/sintramem-sv.org.br\/sintramem\/wp-json\/wp\/v2\/posts"}],"about":[{"href":"https:\/\/sintramem-sv.org.br\/sintramem\/wp-json\/wp\/v2\/types\/post"}],"author":[{"embeddable":true,"href":"https:\/\/sintramem-sv.org.br\/sintramem\/wp-json\/wp\/v2\/users\/1"}],"replies":[{"embeddable":true,"href":"https:\/\/sintramem-sv.org.br\/sintramem\/wp-json\/wp\/v2\/comments?post=9104"}],"version-history":[{"count":3,"href":"https:\/\/sintramem-sv.org.br\/sintramem\/wp-json\/wp\/v2\/posts\/9104\/revisions"}],"predecessor-version":[{"id":9146,"href":"https:\/\/sintramem-sv.org.br\/sintramem\/wp-json\/wp\/v2\/posts\/9104\/revisions\/9146"}],"wp:featuredmedia":[{"embeddable":true,"href":"https:\/\/sintramem-sv.org.br\/sintramem\/wp-json\/wp\/v2\/media\/9105"}],"wp:attachment":[{"href":"https:\/\/sintramem-sv.org.br\/sintramem\/wp-json\/wp\/v2\/media?parent=9104"}],"wp:term":[{"taxonomy":"category","embeddable":true,"href":"https:\/\/sintramem-sv.org.br\/sintramem\/wp-json\/wp\/v2\/categories?post=9104"},{"taxonomy":"post_tag","embeddable":true,"href":"https:\/\/sintramem-sv.org.br\/sintramem\/wp-json\/wp\/v2\/tags?post=9104"}],"curies":[{"name":"wp","href":"https:\/\/api.w.org\/{rel}","templated":true}]}}