{"id":9083,"date":"2025-12-01T21:46:38","date_gmt":"2025-12-01T21:46:38","guid":{"rendered":"https:\/\/sintramem-sv.org.br\/sintramem\/?p=9083"},"modified":"2025-12-01T22:35:43","modified_gmt":"2025-12-01T22:35:43","slug":"7a-festa-da-educacao-de-sao-vicente-organizada-pelo-sintramem-2025","status":"publish","type":"post","link":"https:\/\/sintramem-sv.org.br\/sintramem\/7a-festa-da-educacao-de-sao-vicente-organizada-pelo-sintramem-2025\/","title":{"rendered":"7\u00aa Festa da Educa\u00e7\u00e3o de S\u00e3o Vicente, organizada pelo SINTRAMEM, \u00e9 sucesso absoluto e supera todas as expectativas"},"content":{"rendered":"<p><span style=\"font-size: 14pt;\">O <span style=\"color: #ff0000;\"><strong>SINTRAMEM <\/strong><\/span>realizou, no \u00faltimo dia 28 de novembro, a inesquec\u00edvel 7\u00aa Festa da Educa\u00e7\u00e3o &#8211; um marco no calend\u00e1rio da categoria e uma das celebra\u00e7\u00f5es mais tradicionais promovidas pelo Sindicato.<\/span><\/p>\n<p><img loading=\"lazy\" decoding=\"async\" class=\"aligncenter size-full wp-image-9087\" src=\"https:\/\/sintramem-sv.org.br\/sintramem\/wp-content\/uploads\/2000\/12\/8.jpg\" alt=\"\" width=\"1600\" height=\"1188\" srcset=\"https:\/\/sintramem-sv.org.br\/sintramem\/wp-content\/uploads\/2000\/12\/8.jpg 1600w, https:\/\/sintramem-sv.org.br\/sintramem\/wp-content\/uploads\/2000\/12\/8-300x223.jpg 300w, https:\/\/sintramem-sv.org.br\/sintramem\/wp-content\/uploads\/2000\/12\/8-1024x760.jpg 1024w, https:\/\/sintramem-sv.org.br\/sintramem\/wp-content\/uploads\/2000\/12\/8-768x570.jpg 768w, https:\/\/sintramem-sv.org.br\/sintramem\/wp-content\/uploads\/2000\/12\/8-1536x1140.jpg 1536w, https:\/\/sintramem-sv.org.br\/sintramem\/wp-content\/uploads\/2000\/12\/8-120x90.jpg 120w\" sizes=\"auto, (max-width: 1600px) 100vw, 1600px\" \/><\/p>\n<p><img loading=\"lazy\" decoding=\"async\" class=\"aligncenter size-full wp-image-9098\" src=\"https:\/\/sintramem-sv.org.br\/sintramem\/wp-content\/uploads\/2000\/12\/2-1.jpg\" alt=\"\" width=\"1280\" height=\"720\" srcset=\"https:\/\/sintramem-sv.org.br\/sintramem\/wp-content\/uploads\/2000\/12\/2-1.jpg 1280w, https:\/\/sintramem-sv.org.br\/sintramem\/wp-content\/uploads\/2000\/12\/2-1-300x169.jpg 300w, https:\/\/sintramem-sv.org.br\/sintramem\/wp-content\/uploads\/2000\/12\/2-1-1024x576.jpg 1024w, https:\/\/sintramem-sv.org.br\/sintramem\/wp-content\/uploads\/2000\/12\/2-1-768x432.jpg 768w, https:\/\/sintramem-sv.org.br\/sintramem\/wp-content\/uploads\/2000\/12\/2-1-1140x641.jpg 1140w\" sizes=\"auto, (max-width: 1280px) 100vw, 1280px\" \/><\/p>\n<p><span style=\"font-size: 14pt;\">A cada ano o evento se torna maior, mais acolhedor e mais significativo. Nesta edi\u00e7\u00e3o, superamos todas as expectativas. O que se viu foi uma verdadeira explos\u00e3o de alegria, integra\u00e7\u00e3o e reconhecimento aos profissionais que constroem diariamente a Educa\u00e7\u00e3o Municipal de S\u00e3o Vicente.<\/span><\/p>\n<p><img loading=\"lazy\" decoding=\"async\" class=\"aligncenter size-full wp-image-9092\" src=\"https:\/\/sintramem-sv.org.br\/sintramem\/wp-content\/uploads\/2000\/12\/4.jpg\" alt=\"\" width=\"960\" height=\"1280\" srcset=\"https:\/\/sintramem-sv.org.br\/sintramem\/wp-content\/uploads\/2000\/12\/4.jpg 960w, https:\/\/sintramem-sv.org.br\/sintramem\/wp-content\/uploads\/2000\/12\/4-225x300.jpg 225w, https:\/\/sintramem-sv.org.br\/sintramem\/wp-content\/uploads\/2000\/12\/4-768x1024.jpg 768w\" sizes=\"auto, (max-width: 960px) 100vw, 960px\" \/><\/p>\n<p><img loading=\"lazy\" decoding=\"async\" class=\"aligncenter size-full wp-image-9099\" src=\"https:\/\/sintramem-sv.org.br\/sintramem\/wp-content\/uploads\/2000\/12\/3-1.jpg\" alt=\"\" width=\"720\" height=\"1280\" srcset=\"https:\/\/sintramem-sv.org.br\/sintramem\/wp-content\/uploads\/2000\/12\/3-1.jpg 720w, https:\/\/sintramem-sv.org.br\/sintramem\/wp-content\/uploads\/2000\/12\/3-1-169x300.jpg 169w, https:\/\/sintramem-sv.org.br\/sintramem\/wp-content\/uploads\/2000\/12\/3-1-576x1024.jpg 576w\" sizes=\"auto, (max-width: 720px) 100vw, 720px\" \/><\/p>\n<p><span style=\"font-size: 14pt;\">A festa foi cuidadosamente preparada para receber nossos trabalhadores com todo o respeito e carinho que eles merecem. Tivemos muita divers\u00e3o, gastronomia de qualidade servida \u00e0 vontade, bebidas variadas, al\u00e9m de uma atra\u00e7\u00e3o musical que encantou a todos. A apresenta\u00e7\u00e3o de uma Escola de Samba, com mestre-sala e porta-bandeira conduzindo o estandarte do <span style=\"color: #ff0000;\"><strong>SINTRAMEM<\/strong><\/span>, emocionou e simbolizou a for\u00e7a, o brilho e a identidade da categoria.<\/span><\/p>\n<p><img loading=\"lazy\" decoding=\"async\" class=\"aligncenter size-full wp-image-9089\" src=\"https:\/\/sintramem-sv.org.br\/sintramem\/wp-content\/uploads\/2000\/12\/1.jpg\" alt=\"\" width=\"1600\" height=\"1200\" srcset=\"https:\/\/sintramem-sv.org.br\/sintramem\/wp-content\/uploads\/2000\/12\/1.jpg 1600w, https:\/\/sintramem-sv.org.br\/sintramem\/wp-content\/uploads\/2000\/12\/1-300x225.jpg 300w, https:\/\/sintramem-sv.org.br\/sintramem\/wp-content\/uploads\/2000\/12\/1-1024x768.jpg 1024w, https:\/\/sintramem-sv.org.br\/sintramem\/wp-content\/uploads\/2000\/12\/1-768x576.jpg 768w, https:\/\/sintramem-sv.org.br\/sintramem\/wp-content\/uploads\/2000\/12\/1-1536x1152.jpg 1536w, https:\/\/sintramem-sv.org.br\/sintramem\/wp-content\/uploads\/2000\/12\/1-120x90.jpg 120w\" sizes=\"auto, (max-width: 1600px) 100vw, 1600px\" \/><\/p>\n<p><img loading=\"lazy\" decoding=\"async\" class=\"aligncenter size-full wp-image-9100\" src=\"https:\/\/sintramem-sv.org.br\/sintramem\/wp-content\/uploads\/2000\/12\/4-1.jpg\" alt=\"\" width=\"1200\" height=\"1600\" srcset=\"https:\/\/sintramem-sv.org.br\/sintramem\/wp-content\/uploads\/2000\/12\/4-1.jpg 1200w, https:\/\/sintramem-sv.org.br\/sintramem\/wp-content\/uploads\/2000\/12\/4-1-225x300.jpg 225w, https:\/\/sintramem-sv.org.br\/sintramem\/wp-content\/uploads\/2000\/12\/4-1-768x1024.jpg 768w, https:\/\/sintramem-sv.org.br\/sintramem\/wp-content\/uploads\/2000\/12\/4-1-1152x1536.jpg 1152w\" sizes=\"auto, (max-width: 1200px) 100vw, 1200px\" \/><\/p>\n<p><span style=\"font-size: 14pt;\">O ambiente foi de pura celebra\u00e7\u00e3o. Sorrisos largos, abra\u00e7os apertados, reencontros calorosos e a sensa\u00e7\u00e3o coletiva de que o esfor\u00e7o de um ano inteiro de lutas valeu a pena. Foi um momento para respirar, recarregar as energias e reafirmar que, unidos, somos ainda mais fortes.<\/span><\/p>\n<p><img loading=\"lazy\" decoding=\"async\" class=\"aligncenter size-full wp-image-9088\" src=\"https:\/\/sintramem-sv.org.br\/sintramem\/wp-content\/uploads\/2000\/12\/4981fd88-8fdd-498d-b081-09a8ffc83f4e.jpg\" alt=\"\" width=\"719\" height=\"1280\" srcset=\"https:\/\/sintramem-sv.org.br\/sintramem\/wp-content\/uploads\/2000\/12\/4981fd88-8fdd-498d-b081-09a8ffc83f4e.jpg 719w, https:\/\/sintramem-sv.org.br\/sintramem\/wp-content\/uploads\/2000\/12\/4981fd88-8fdd-498d-b081-09a8ffc83f4e-169x300.jpg 169w, https:\/\/sintramem-sv.org.br\/sintramem\/wp-content\/uploads\/2000\/12\/4981fd88-8fdd-498d-b081-09a8ffc83f4e-575x1024.jpg 575w\" sizes=\"auto, (max-width: 719px) 100vw, 719px\" \/><\/p>\n<p><img loading=\"lazy\" decoding=\"async\" class=\"aligncenter size-full wp-image-9101\" src=\"https:\/\/sintramem-sv.org.br\/sintramem\/wp-content\/uploads\/2000\/12\/5-1.jpg\" alt=\"\" width=\"1280\" height=\"720\" srcset=\"https:\/\/sintramem-sv.org.br\/sintramem\/wp-content\/uploads\/2000\/12\/5-1.jpg 1280w, https:\/\/sintramem-sv.org.br\/sintramem\/wp-content\/uploads\/2000\/12\/5-1-300x169.jpg 300w, https:\/\/sintramem-sv.org.br\/sintramem\/wp-content\/uploads\/2000\/12\/5-1-1024x576.jpg 1024w, https:\/\/sintramem-sv.org.br\/sintramem\/wp-content\/uploads\/2000\/12\/5-1-768x432.jpg 768w, https:\/\/sintramem-sv.org.br\/sintramem\/wp-content\/uploads\/2000\/12\/5-1-1140x641.jpg 1140w\" sizes=\"auto, (max-width: 1280px) 100vw, 1280px\" \/><\/p>\n<p><span style=\"font-size: 14pt;\">O <span style=\"color: #ff0000;\"><strong>SINTRAMEM <\/strong><\/span>agradece profundamente a presen\u00e7a, a confian\u00e7a e a parceria de cada companheiro e companheira. Depois de um ano intenso, marcado por embates, resist\u00eancia e conquistas importantes, proporcionar um momento de confraterniza\u00e7\u00e3o como este \u00e9 mais que um gesto &#8211; \u00e9 um compromisso com o bem-estar, a valoriza\u00e7\u00e3o e o reconhecimento dos trabalhadores da Educa\u00e7\u00e3o.<\/span><\/p>\n<p><img loading=\"lazy\" decoding=\"async\" class=\"aligncenter size-full wp-image-9091\" src=\"https:\/\/sintramem-sv.org.br\/sintramem\/wp-content\/uploads\/2000\/12\/3.jpg\" alt=\"\" width=\"1280\" height=\"960\" srcset=\"https:\/\/sintramem-sv.org.br\/sintramem\/wp-content\/uploads\/2000\/12\/3.jpg 1280w, https:\/\/sintramem-sv.org.br\/sintramem\/wp-content\/uploads\/2000\/12\/3-300x225.jpg 300w, https:\/\/sintramem-sv.org.br\/sintramem\/wp-content\/uploads\/2000\/12\/3-1024x768.jpg 1024w, https:\/\/sintramem-sv.org.br\/sintramem\/wp-content\/uploads\/2000\/12\/3-768x576.jpg 768w, https:\/\/sintramem-sv.org.br\/sintramem\/wp-content\/uploads\/2000\/12\/3-120x90.jpg 120w\" sizes=\"auto, (max-width: 1280px) 100vw, 1280px\" \/><\/p>\n<p><span style=\"font-size: 14pt;\">Que venham novos encontros, novas lutas e novas vit\u00f3rias. O <span style=\"color: #ff0000;\"><strong>SINTRAMEM<\/strong><\/span> segue firme ao lado da categoria, sempre.<\/span><\/p>\n<p><img loading=\"lazy\" decoding=\"async\" class=\"aligncenter size-full wp-image-9093\" src=\"https:\/\/sintramem-sv.org.br\/sintramem\/wp-content\/uploads\/2000\/12\/5.jpg\" alt=\"\" width=\"1200\" height=\"1600\" srcset=\"https:\/\/sintramem-sv.org.br\/sintramem\/wp-content\/uploads\/2000\/12\/5.jpg 1200w, https:\/\/sintramem-sv.org.br\/sintramem\/wp-content\/uploads\/2000\/12\/5-225x300.jpg 225w, https:\/\/sintramem-sv.org.br\/sintramem\/wp-content\/uploads\/2000\/12\/5-768x1024.jpg 768w, https:\/\/sintramem-sv.org.br\/sintramem\/wp-content\/uploads\/2000\/12\/5-1152x1536.jpg 1152w\" sizes=\"auto, (max-width: 1200px) 100vw, 1200px\" \/><\/p>\n<p><img loading=\"lazy\" decoding=\"async\" class=\"aligncenter size-full wp-image-9094\" src=\"https:\/\/sintramem-sv.org.br\/sintramem\/wp-content\/uploads\/2000\/12\/6.jpg\" alt=\"\" width=\"1600\" height=\"1200\" srcset=\"https:\/\/sintramem-sv.org.br\/sintramem\/wp-content\/uploads\/2000\/12\/6.jpg 1600w, https:\/\/sintramem-sv.org.br\/sintramem\/wp-content\/uploads\/2000\/12\/6-300x225.jpg 300w, https:\/\/sintramem-sv.org.br\/sintramem\/wp-content\/uploads\/2000\/12\/6-1024x768.jpg 1024w, https:\/\/sintramem-sv.org.br\/sintramem\/wp-content\/uploads\/2000\/12\/6-768x576.jpg 768w, https:\/\/sintramem-sv.org.br\/sintramem\/wp-content\/uploads\/2000\/12\/6-1536x1152.jpg 1536w, https:\/\/sintramem-sv.org.br\/sintramem\/wp-content\/uploads\/2000\/12\/6-120x90.jpg 120w\" sizes=\"auto, (max-width: 1600px) 100vw, 1600px\" \/><\/p>\n<div style=\"width: 480px;\" class=\"wp-video\"><video class=\"wp-video-shortcode\" id=\"video-9083-1\" width=\"480\" height=\"864\" preload=\"metadata\" controls=\"controls\"><source type=\"video\/mp4\" src=\"https:\/\/sintramem-sv.org.br\/sintramem\/wp-content\/uploads\/2025\/12\/QWR.mp4?_=1\" \/><a href=\"https:\/\/sintramem-sv.org.br\/sintramem\/wp-content\/uploads\/2025\/12\/QWR.mp4\">https:\/\/sintramem-sv.org.br\/sintramem\/wp-content\/uploads\/2025\/12\/QWR.mp4<\/a><\/video><\/div>\n","protected":false},"excerpt":{"rendered":"<p>O SINTRAMEM realizou, no \u00faltimo dia 28 de novembro, a inesquec\u00edvel 7\u00aa Festa da Educa\u00e7\u00e3o &#8211; um marco no calend\u00e1rio da categoria e uma das celebra\u00e7\u00f5es mais tradicionais promovidas pelo Sindicato. A cada ano o evento se torna maior, mais acolhedor e mais significativo. Nesta edi\u00e7\u00e3o, superamos todas as expectativas. O que se viu foi&hellip;<\/p>\n","protected":false},"author":1,"featured_media":9090,"comment_status":"open","ping_status":"closed","sticky":false,"template":"","format":"standard","meta":{"_monsterinsights_skip_tracking":false,"_monsterinsights_sitenote_active":false,"_monsterinsights_sitenote_note":"","_monsterinsights_sitenote_category":0,"footnotes":""},"categories":[19],"tags":[],"class_list":["post-9083","post","type-post","status-publish","format-standard","has-post-thumbnail","hentry","category-sintramem"],"yoast_head":"<!-- This site is optimized with the Yoast SEO plugin v27.0 - https:\/\/yoast.com\/product\/yoast-seo-wordpress\/ -->\n<title>7\u00aa Festa da Educa\u00e7\u00e3o de S\u00e3o Vicente, organizada pelo SINTRAMEM, \u00e9 sucesso absoluto e supera todas as expectativas - SINTRAMEM<\/title>\n<meta name=\"robots\" content=\"index, follow, max-snippet:-1, max-image-preview:large, max-video-preview:-1\" \/>\n<link rel=\"canonical\" href=\"https:\/\/sintramem-sv.org.br\/sintramem\/7a-festa-da-educacao-de-sao-vicente-organizada-pelo-sintramem-2025\/\" \/>\n<meta property=\"og:locale\" content=\"pt_BR\" \/>\n<meta property=\"og:type\" content=\"article\" \/>\n<meta property=\"og:title\" content=\"7\u00aa Festa da Educa\u00e7\u00e3o de S\u00e3o Vicente, organizada pelo SINTRAMEM, \u00e9 sucesso absoluto e supera todas as expectativas - SINTRAMEM\" \/>\n<meta property=\"og:description\" content=\"O SINTRAMEM realizou, no \u00faltimo dia 28 de novembro, a inesquec\u00edvel 7\u00aa Festa da Educa\u00e7\u00e3o &#8211; um marco no calend\u00e1rio da categoria e uma das celebra\u00e7\u00f5es mais tradicionais promovidas pelo Sindicato. A cada ano o evento se torna maior, mais acolhedor e mais significativo. Nesta edi\u00e7\u00e3o, superamos todas as expectativas. O que se viu foi&hellip;\" \/>\n<meta property=\"og:url\" content=\"https:\/\/sintramem-sv.org.br\/sintramem\/7a-festa-da-educacao-de-sao-vicente-organizada-pelo-sintramem-2025\/\" \/>\n<meta property=\"og:site_name\" content=\"SINTRAMEM\" \/>\n<meta property=\"article:published_time\" content=\"2025-12-01T21:46:38+00:00\" \/>\n<meta property=\"article:modified_time\" content=\"2025-12-01T22:35:43+00:00\" \/>\n<meta property=\"og:image\" content=\"https:\/\/sintramem-sv.org.br\/sintramem\/wp-content\/uploads\/2000\/12\/as.png\" \/>\n\t<meta property=\"og:image:width\" content=\"500\" \/>\n\t<meta property=\"og:image:height\" content=\"278\" \/>\n\t<meta property=\"og:image:type\" content=\"image\/png\" \/>\n<meta name=\"author\" content=\"sintramem\" \/>\n<meta name=\"twitter:card\" content=\"summary_large_image\" \/>\n<meta name=\"twitter:label1\" content=\"Escrito por\" \/>\n\t<meta name=\"twitter:data1\" content=\"sintramem\" \/>\n\t<meta name=\"twitter:label2\" content=\"Est. tempo de leitura\" \/>\n\t<meta name=\"twitter:data2\" content=\"4 minutos\" \/>\n<script type=\"application\/ld+json\" class=\"yoast-schema-graph\">{\"@context\":\"https:\/\/schema.org\",\"@graph\":[{\"@type\":\"Article\",\"@id\":\"https:\/\/sintramem-sv.org.br\/sintramem\/7a-festa-da-educacao-de-sao-vicente-organizada-pelo-sintramem-2025\/#article\",\"isPartOf\":{\"@id\":\"https:\/\/sintramem-sv.org.br\/sintramem\/7a-festa-da-educacao-de-sao-vicente-organizada-pelo-sintramem-2025\/\"},\"author\":{\"name\":\"sintramem\",\"@id\":\"https:\/\/sintramem-sv.org.br\/sintramem\/#\/schema\/person\/a8decb8ea63607d1e01e046c95ddcf2b\"},\"headline\":\"7\u00aa Festa da Educa\u00e7\u00e3o de S\u00e3o Vicente, organizada pelo SINTRAMEM, \u00e9 sucesso absoluto e supera todas as expectativas\",\"datePublished\":\"2025-12-01T21:46:38+00:00\",\"dateModified\":\"2025-12-01T22:35:43+00:00\",\"mainEntityOfPage\":{\"@id\":\"https:\/\/sintramem-sv.org.br\/sintramem\/7a-festa-da-educacao-de-sao-vicente-organizada-pelo-sintramem-2025\/\"},\"wordCount\":311,\"commentCount\":0,\"publisher\":{\"@id\":\"https:\/\/sintramem-sv.org.br\/sintramem\/#organization\"},\"image\":{\"@id\":\"https:\/\/sintramem-sv.org.br\/sintramem\/7a-festa-da-educacao-de-sao-vicente-organizada-pelo-sintramem-2025\/#primaryimage\"},\"thumbnailUrl\":\"https:\/\/sintramem-sv.org.br\/sintramem\/wp-content\/uploads\/2000\/12\/2.jpg\",\"articleSection\":[\"Sintramem\"],\"inLanguage\":\"pt-BR\",\"potentialAction\":[{\"@type\":\"CommentAction\",\"name\":\"Comment\",\"target\":[\"https:\/\/sintramem-sv.org.br\/sintramem\/7a-festa-da-educacao-de-sao-vicente-organizada-pelo-sintramem-2025\/#respond\"]}]},{\"@type\":\"WebPage\",\"@id\":\"https:\/\/sintramem-sv.org.br\/sintramem\/7a-festa-da-educacao-de-sao-vicente-organizada-pelo-sintramem-2025\/\",\"url\":\"https:\/\/sintramem-sv.org.br\/sintramem\/7a-festa-da-educacao-de-sao-vicente-organizada-pelo-sintramem-2025\/\",\"name\":\"7\u00aa Festa da Educa\u00e7\u00e3o de S\u00e3o Vicente, organizada pelo SINTRAMEM, \u00e9 sucesso absoluto e supera todas as expectativas - SINTRAMEM\",\"isPartOf\":{\"@id\":\"https:\/\/sintramem-sv.org.br\/sintramem\/#website\"},\"primaryImageOfPage\":{\"@id\":\"https:\/\/sintramem-sv.org.br\/sintramem\/7a-festa-da-educacao-de-sao-vicente-organizada-pelo-sintramem-2025\/#primaryimage\"},\"image\":{\"@id\":\"https:\/\/sintramem-sv.org.br\/sintramem\/7a-festa-da-educacao-de-sao-vicente-organizada-pelo-sintramem-2025\/#primaryimage\"},\"thumbnailUrl\":\"https:\/\/sintramem-sv.org.br\/sintramem\/wp-content\/uploads\/2000\/12\/2.jpg\",\"datePublished\":\"2025-12-01T21:46:38+00:00\",\"dateModified\":\"2025-12-01T22:35:43+00:00\",\"breadcrumb\":{\"@id\":\"https:\/\/sintramem-sv.org.br\/sintramem\/7a-festa-da-educacao-de-sao-vicente-organizada-pelo-sintramem-2025\/#breadcrumb\"},\"inLanguage\":\"pt-BR\",\"potentialAction\":[{\"@type\":\"ReadAction\",\"target\":[\"https:\/\/sintramem-sv.org.br\/sintramem\/7a-festa-da-educacao-de-sao-vicente-organizada-pelo-sintramem-2025\/\"]}]},{\"@type\":\"ImageObject\",\"inLanguage\":\"pt-BR\",\"@id\":\"https:\/\/sintramem-sv.org.br\/sintramem\/7a-festa-da-educacao-de-sao-vicente-organizada-pelo-sintramem-2025\/#primaryimage\",\"url\":\"https:\/\/sintramem-sv.org.br\/sintramem\/wp-content\/uploads\/2000\/12\/2.jpg\",\"contentUrl\":\"https:\/\/sintramem-sv.org.br\/sintramem\/wp-content\/uploads\/2000\/12\/2.jpg\",\"width\":1280,\"height\":712},{\"@type\":\"BreadcrumbList\",\"@id\":\"https:\/\/sintramem-sv.org.br\/sintramem\/7a-festa-da-educacao-de-sao-vicente-organizada-pelo-sintramem-2025\/#breadcrumb\",\"itemListElement\":[{\"@type\":\"ListItem\",\"position\":1,\"name\":\"In\u00edcio\",\"item\":\"https:\/\/sintramem-sv.org.br\/sintramem\/\"},{\"@type\":\"ListItem\",\"position\":2,\"name\":\"7\u00aa Festa da Educa\u00e7\u00e3o de S\u00e3o Vicente, organizada pelo SINTRAMEM, \u00e9 sucesso absoluto e supera todas as expectativas\"}]},{\"@type\":\"WebSite\",\"@id\":\"https:\/\/sintramem-sv.org.br\/sintramem\/#website\",\"url\":\"https:\/\/sintramem-sv.org.br\/sintramem\/\",\"name\":\"SINTRAMEM\",\"description\":\"Sindicato dos Trabalhadores no Magist\u00e9rio e na Educa\u00e7\u00e3o de S\u00e3o Vicente\",\"publisher\":{\"@id\":\"https:\/\/sintramem-sv.org.br\/sintramem\/#organization\"},\"potentialAction\":[{\"@type\":\"SearchAction\",\"target\":{\"@type\":\"EntryPoint\",\"urlTemplate\":\"https:\/\/sintramem-sv.org.br\/sintramem\/?s={search_term_string}\"},\"query-input\":{\"@type\":\"PropertyValueSpecification\",\"valueRequired\":true,\"valueName\":\"search_term_string\"}}],\"inLanguage\":\"pt-BR\"},{\"@type\":\"Organization\",\"@id\":\"https:\/\/sintramem-sv.org.br\/sintramem\/#organization\",\"name\":\"SINTRAMEM\",\"url\":\"https:\/\/sintramem-sv.org.br\/sintramem\/\",\"logo\":{\"@type\":\"ImageObject\",\"inLanguage\":\"pt-BR\",\"@id\":\"https:\/\/sintramem-sv.org.br\/sintramem\/#\/schema\/logo\/image\/\",\"url\":\"https:\/\/sintramem-sv.org.br\/sintramem\/wp-content\/uploads\/2017\/02\/SINTRAMEM-LOGO-OFICIAL-300x100-jpg.jpg\",\"contentUrl\":\"https:\/\/sintramem-sv.org.br\/sintramem\/wp-content\/uploads\/2017\/02\/SINTRAMEM-LOGO-OFICIAL-300x100-jpg.jpg\",\"width\":150,\"height\":150,\"caption\":\"SINTRAMEM\"},\"image\":{\"@id\":\"https:\/\/sintramem-sv.org.br\/sintramem\/#\/schema\/logo\/image\/\"}},{\"@type\":\"Person\",\"@id\":\"https:\/\/sintramem-sv.org.br\/sintramem\/#\/schema\/person\/a8decb8ea63607d1e01e046c95ddcf2b\",\"name\":\"sintramem\",\"image\":{\"@type\":\"ImageObject\",\"inLanguage\":\"pt-BR\",\"@id\":\"https:\/\/sintramem-sv.org.br\/sintramem\/#\/schema\/person\/image\/\",\"url\":\"https:\/\/secure.gravatar.com\/avatar\/8e06da3b0d4f051010117c848b52b9280a4228043717057ccccccc8b20ff8f48?s=96&d=mm&r=g\",\"contentUrl\":\"https:\/\/secure.gravatar.com\/avatar\/8e06da3b0d4f051010117c848b52b9280a4228043717057ccccccc8b20ff8f48?s=96&d=mm&r=g\",\"caption\":\"sintramem\"},\"description\":\"Sindicato dos Trabalhadores no Magist\u00e9rio e na Educa\u00e7\u00e3o Municipal de S\u00e3o Vicente\",\"url\":\"https:\/\/sintramem-sv.org.br\/sintramem\/author\/sindsv\/\"}]}<\/script>\n<!-- \/ Yoast SEO plugin. -->","yoast_head_json":{"title":"7\u00aa Festa da Educa\u00e7\u00e3o de S\u00e3o Vicente, organizada pelo SINTRAMEM, \u00e9 sucesso absoluto e supera todas as expectativas - SINTRAMEM","robots":{"index":"index","follow":"follow","max-snippet":"max-snippet:-1","max-image-preview":"max-image-preview:large","max-video-preview":"max-video-preview:-1"},"canonical":"https:\/\/sintramem-sv.org.br\/sintramem\/7a-festa-da-educacao-de-sao-vicente-organizada-pelo-sintramem-2025\/","og_locale":"pt_BR","og_type":"article","og_title":"7\u00aa Festa da Educa\u00e7\u00e3o de S\u00e3o Vicente, organizada pelo SINTRAMEM, \u00e9 sucesso absoluto e supera todas as expectativas - SINTRAMEM","og_description":"O SINTRAMEM realizou, no \u00faltimo dia 28 de novembro, a inesquec\u00edvel 7\u00aa Festa da Educa\u00e7\u00e3o &#8211; um marco no calend\u00e1rio da categoria e uma das celebra\u00e7\u00f5es mais tradicionais promovidas pelo Sindicato. A cada ano o evento se torna maior, mais acolhedor e mais significativo. Nesta edi\u00e7\u00e3o, superamos todas as expectativas. O que se viu foi&hellip;","og_url":"https:\/\/sintramem-sv.org.br\/sintramem\/7a-festa-da-educacao-de-sao-vicente-organizada-pelo-sintramem-2025\/","og_site_name":"SINTRAMEM","article_published_time":"2025-12-01T21:46:38+00:00","article_modified_time":"2025-12-01T22:35:43+00:00","og_image":[{"width":500,"height":278,"url":"https:\/\/sintramem-sv.org.br\/sintramem\/wp-content\/uploads\/2000\/12\/as.png","type":"image\/png"}],"author":"sintramem","twitter_card":"summary_large_image","twitter_misc":{"Escrito por":"sintramem","Est. tempo de leitura":"4 minutos"},"schema":{"@context":"https:\/\/schema.org","@graph":[{"@type":"Article","@id":"https:\/\/sintramem-sv.org.br\/sintramem\/7a-festa-da-educacao-de-sao-vicente-organizada-pelo-sintramem-2025\/#article","isPartOf":{"@id":"https:\/\/sintramem-sv.org.br\/sintramem\/7a-festa-da-educacao-de-sao-vicente-organizada-pelo-sintramem-2025\/"},"author":{"name":"sintramem","@id":"https:\/\/sintramem-sv.org.br\/sintramem\/#\/schema\/person\/a8decb8ea63607d1e01e046c95ddcf2b"},"headline":"7\u00aa Festa da Educa\u00e7\u00e3o de S\u00e3o Vicente, organizada pelo SINTRAMEM, \u00e9 sucesso absoluto e supera todas as expectativas","datePublished":"2025-12-01T21:46:38+00:00","dateModified":"2025-12-01T22:35:43+00:00","mainEntityOfPage":{"@id":"https:\/\/sintramem-sv.org.br\/sintramem\/7a-festa-da-educacao-de-sao-vicente-organizada-pelo-sintramem-2025\/"},"wordCount":311,"commentCount":0,"publisher":{"@id":"https:\/\/sintramem-sv.org.br\/sintramem\/#organization"},"image":{"@id":"https:\/\/sintramem-sv.org.br\/sintramem\/7a-festa-da-educacao-de-sao-vicente-organizada-pelo-sintramem-2025\/#primaryimage"},"thumbnailUrl":"https:\/\/sintramem-sv.org.br\/sintramem\/wp-content\/uploads\/2000\/12\/2.jpg","articleSection":["Sintramem"],"inLanguage":"pt-BR","potentialAction":[{"@type":"CommentAction","name":"Comment","target":["https:\/\/sintramem-sv.org.br\/sintramem\/7a-festa-da-educacao-de-sao-vicente-organizada-pelo-sintramem-2025\/#respond"]}]},{"@type":"WebPage","@id":"https:\/\/sintramem-sv.org.br\/sintramem\/7a-festa-da-educacao-de-sao-vicente-organizada-pelo-sintramem-2025\/","url":"https:\/\/sintramem-sv.org.br\/sintramem\/7a-festa-da-educacao-de-sao-vicente-organizada-pelo-sintramem-2025\/","name":"7\u00aa Festa da Educa\u00e7\u00e3o de S\u00e3o Vicente, organizada pelo SINTRAMEM, \u00e9 sucesso absoluto e supera todas as expectativas - SINTRAMEM","isPartOf":{"@id":"https:\/\/sintramem-sv.org.br\/sintramem\/#website"},"primaryImageOfPage":{"@id":"https:\/\/sintramem-sv.org.br\/sintramem\/7a-festa-da-educacao-de-sao-vicente-organizada-pelo-sintramem-2025\/#primaryimage"},"image":{"@id":"https:\/\/sintramem-sv.org.br\/sintramem\/7a-festa-da-educacao-de-sao-vicente-organizada-pelo-sintramem-2025\/#primaryimage"},"thumbnailUrl":"https:\/\/sintramem-sv.org.br\/sintramem\/wp-content\/uploads\/2000\/12\/2.jpg","datePublished":"2025-12-01T21:46:38+00:00","dateModified":"2025-12-01T22:35:43+00:00","breadcrumb":{"@id":"https:\/\/sintramem-sv.org.br\/sintramem\/7a-festa-da-educacao-de-sao-vicente-organizada-pelo-sintramem-2025\/#breadcrumb"},"inLanguage":"pt-BR","potentialAction":[{"@type":"ReadAction","target":["https:\/\/sintramem-sv.org.br\/sintramem\/7a-festa-da-educacao-de-sao-vicente-organizada-pelo-sintramem-2025\/"]}]},{"@type":"ImageObject","inLanguage":"pt-BR","@id":"https:\/\/sintramem-sv.org.br\/sintramem\/7a-festa-da-educacao-de-sao-vicente-organizada-pelo-sintramem-2025\/#primaryimage","url":"https:\/\/sintramem-sv.org.br\/sintramem\/wp-content\/uploads\/2000\/12\/2.jpg","contentUrl":"https:\/\/sintramem-sv.org.br\/sintramem\/wp-content\/uploads\/2000\/12\/2.jpg","width":1280,"height":712},{"@type":"BreadcrumbList","@id":"https:\/\/sintramem-sv.org.br\/sintramem\/7a-festa-da-educacao-de-sao-vicente-organizada-pelo-sintramem-2025\/#breadcrumb","itemListElement":[{"@type":"ListItem","position":1,"name":"In\u00edcio","item":"https:\/\/sintramem-sv.org.br\/sintramem\/"},{"@type":"ListItem","position":2,"name":"7\u00aa Festa da Educa\u00e7\u00e3o de S\u00e3o Vicente, organizada pelo SINTRAMEM, \u00e9 sucesso absoluto e supera todas as expectativas"}]},{"@type":"WebSite","@id":"https:\/\/sintramem-sv.org.br\/sintramem\/#website","url":"https:\/\/sintramem-sv.org.br\/sintramem\/","name":"SINTRAMEM","description":"Sindicato dos Trabalhadores no Magist\u00e9rio e na Educa\u00e7\u00e3o de S\u00e3o Vicente","publisher":{"@id":"https:\/\/sintramem-sv.org.br\/sintramem\/#organization"},"potentialAction":[{"@type":"SearchAction","target":{"@type":"EntryPoint","urlTemplate":"https:\/\/sintramem-sv.org.br\/sintramem\/?s={search_term_string}"},"query-input":{"@type":"PropertyValueSpecification","valueRequired":true,"valueName":"search_term_string"}}],"inLanguage":"pt-BR"},{"@type":"Organization","@id":"https:\/\/sintramem-sv.org.br\/sintramem\/#organization","name":"SINTRAMEM","url":"https:\/\/sintramem-sv.org.br\/sintramem\/","logo":{"@type":"ImageObject","inLanguage":"pt-BR","@id":"https:\/\/sintramem-sv.org.br\/sintramem\/#\/schema\/logo\/image\/","url":"https:\/\/sintramem-sv.org.br\/sintramem\/wp-content\/uploads\/2017\/02\/SINTRAMEM-LOGO-OFICIAL-300x100-jpg.jpg","contentUrl":"https:\/\/sintramem-sv.org.br\/sintramem\/wp-content\/uploads\/2017\/02\/SINTRAMEM-LOGO-OFICIAL-300x100-jpg.jpg","width":150,"height":150,"caption":"SINTRAMEM"},"image":{"@id":"https:\/\/sintramem-sv.org.br\/sintramem\/#\/schema\/logo\/image\/"}},{"@type":"Person","@id":"https:\/\/sintramem-sv.org.br\/sintramem\/#\/schema\/person\/a8decb8ea63607d1e01e046c95ddcf2b","name":"sintramem","image":{"@type":"ImageObject","inLanguage":"pt-BR","@id":"https:\/\/sintramem-sv.org.br\/sintramem\/#\/schema\/person\/image\/","url":"https:\/\/secure.gravatar.com\/avatar\/8e06da3b0d4f051010117c848b52b9280a4228043717057ccccccc8b20ff8f48?s=96&d=mm&r=g","contentUrl":"https:\/\/secure.gravatar.com\/avatar\/8e06da3b0d4f051010117c848b52b9280a4228043717057ccccccc8b20ff8f48?s=96&d=mm&r=g","caption":"sintramem"},"description":"Sindicato dos Trabalhadores no Magist\u00e9rio e na Educa\u00e7\u00e3o Municipal de S\u00e3o Vicente","url":"https:\/\/sintramem-sv.org.br\/sintramem\/author\/sindsv\/"}]}},"_links":{"self":[{"href":"https:\/\/sintramem-sv.org.br\/sintramem\/wp-json\/wp\/v2\/posts\/9083","targetHints":{"allow":["GET"]}}],"collection":[{"href":"https:\/\/sintramem-sv.org.br\/sintramem\/wp-json\/wp\/v2\/posts"}],"about":[{"href":"https:\/\/sintramem-sv.org.br\/sintramem\/wp-json\/wp\/v2\/types\/post"}],"author":[{"embeddable":true,"href":"https:\/\/sintramem-sv.org.br\/sintramem\/wp-json\/wp\/v2\/users\/1"}],"replies":[{"embeddable":true,"href":"https:\/\/sintramem-sv.org.br\/sintramem\/wp-json\/wp\/v2\/comments?post=9083"}],"version-history":[{"count":4,"href":"https:\/\/sintramem-sv.org.br\/sintramem\/wp-json\/wp\/v2\/posts\/9083\/revisions"}],"predecessor-version":[{"id":9102,"href":"https:\/\/sintramem-sv.org.br\/sintramem\/wp-json\/wp\/v2\/posts\/9083\/revisions\/9102"}],"wp:featuredmedia":[{"embeddable":true,"href":"https:\/\/sintramem-sv.org.br\/sintramem\/wp-json\/wp\/v2\/media\/9090"}],"wp:attachment":[{"href":"https:\/\/sintramem-sv.org.br\/sintramem\/wp-json\/wp\/v2\/media?parent=9083"}],"wp:term":[{"taxonomy":"category","embeddable":true,"href":"https:\/\/sintramem-sv.org.br\/sintramem\/wp-json\/wp\/v2\/categories?post=9083"},{"taxonomy":"post_tag","embeddable":true,"href":"https:\/\/sintramem-sv.org.br\/sintramem\/wp-json\/wp\/v2\/tags?post=9083"}],"curies":[{"name":"wp","href":"https:\/\/api.w.org\/{rel}","templated":true}]}}