{"id":9075,"date":"2025-11-26T14:58:53","date_gmt":"2025-11-26T14:58:53","guid":{"rendered":"https:\/\/sintramem-sv.org.br\/sintramem\/?p=9075"},"modified":"2025-11-26T15:03:27","modified_gmt":"2025-11-26T15:03:27","slug":"sintramem-participa-da-audiencia-publica-contra-a-reforma-administrativa-todos-firmes-nesta-luta","status":"publish","type":"post","link":"https:\/\/sintramem-sv.org.br\/sintramem\/sintramem-participa-da-audiencia-publica-contra-a-reforma-administrativa-todos-firmes-nesta-luta\/","title":{"rendered":"SINTRAMEM participa da Audi\u00eancia P\u00fablica contra a Reforma Administrativa. Todos firmes na luta!"},"content":{"rendered":"<p><span style=\"font-size: 14pt;\">O <span style=\"color: #ff0000;\"><strong>SINTRAMEM<\/strong><\/span> esteve presente, no \u00faltimo dia 24 de novembro, na Audi\u00eancia P\u00fablica contra a Reforma Administrativa, realizada na C\u00e2mara Municipal de Santos. A entidade foi representada pela companheira <strong>Cl\u00e1udia Bernardo<\/strong>, que, ao lado de diversas lideran\u00e7as sindicais da Baixada Santista e Regi\u00e3o, denunciaram veementemente o car\u00e1ter destrutivo desta proposta para o servi\u00e7o p\u00fablico. Ficou claro: o projeto em debate n\u00e3o moderniza, mas visa aniquilar conquistas hist\u00f3ricas da popula\u00e7\u00e3o e de quem sustenta o Estado.<\/span><\/p>\n<p><img loading=\"lazy\" decoding=\"async\" class=\"aligncenter size-full wp-image-9078\" src=\"https:\/\/sintramem-sv.org.br\/sintramem\/wp-content\/uploads\/2025\/11\/5.jpeg\" alt=\"\" width=\"1280\" height=\"712\" srcset=\"https:\/\/sintramem-sv.org.br\/sintramem\/wp-content\/uploads\/2025\/11\/5.jpeg 1280w, https:\/\/sintramem-sv.org.br\/sintramem\/wp-content\/uploads\/2025\/11\/5-300x167.jpeg 300w, https:\/\/sintramem-sv.org.br\/sintramem\/wp-content\/uploads\/2025\/11\/5-1024x570.jpeg 1024w, https:\/\/sintramem-sv.org.br\/sintramem\/wp-content\/uploads\/2025\/11\/5-768x427.jpeg 768w\" sizes=\"auto, (max-width: 1280px) 100vw, 1280px\" \/><\/p>\n<p><span style=\"font-size: 14pt;\">\u00c9 crucial desmascarar a narrativa enganosa por tr\u00e1s do termo &#8220;reforma&#8221;. Trata-se de um artif\u00edcio para manipular a opini\u00e3o p\u00fablica, tal como ocorreu com a Reforma da Previd\u00eancia. Na pr\u00e1tica, \u00e9 um ataque direto \u00e0 popula\u00e7\u00e3o, um desmantelamento sistem\u00e1tico para enfraquecer e subordinar os trabalhadores que garantem o funcionamento do Pa\u00eds. O ataque \u00e0 estabilidade, por exemplo, n\u00e3o \u00e9 casual. Seu objetivo \u00e9 criar Servidores submissos, impedindo-os de denunciar irregularidades e atos de corrup\u00e7\u00e3o.<\/span><\/p>\n<p><span style=\"font-size: 18pt; color: #ffffff; background-color: #ff0000;\"><strong>Mas quem s\u00e3o os verdadeiros interessados nessa agenda? <\/strong><\/span><\/p>\n<p><span style=\"font-size: 14pt;\"><strong>A resposta \u00e9 clara:<\/strong> banqueiros e grandes empres\u00e1rios. Esse sistema articula um lobby poderoso, utilizando parlamentares como fantoches para desmontar o patrim\u00f4nio p\u00fablico e aniquilar direitos conquistados com d\u00e9cadas de luta. Esse \u00e9 o motivo pelo qual a representatividade real no Congresso Nacional se torna um desafio t\u00e3o grande para a classe trabalhadora.<\/span><\/p>\n<p><img loading=\"lazy\" decoding=\"async\" class=\"aligncenter size-full wp-image-9076\" src=\"https:\/\/sintramem-sv.org.br\/sintramem\/wp-content\/uploads\/2025\/11\/3.jpeg\" alt=\"\" width=\"1280\" height=\"713\" srcset=\"https:\/\/sintramem-sv.org.br\/sintramem\/wp-content\/uploads\/2025\/11\/3.jpeg 1280w, https:\/\/sintramem-sv.org.br\/sintramem\/wp-content\/uploads\/2025\/11\/3-300x167.jpeg 300w, https:\/\/sintramem-sv.org.br\/sintramem\/wp-content\/uploads\/2025\/11\/3-1024x570.jpeg 1024w, https:\/\/sintramem-sv.org.br\/sintramem\/wp-content\/uploads\/2025\/11\/3-768x428.jpeg 768w\" sizes=\"auto, (max-width: 1280px) 100vw, 1280px\" \/><\/p>\n<p><span style=\"font-size: 14pt;\">A verdadeira pol\u00edtica, contudo, n\u00e3o se faz nos gabinetes, mas nas ruas. O Brasil j\u00e1 demonstrou essa for\u00e7a na luta contra a PEC da Blindagem, quando o Pa\u00eds paralisou para recha\u00e7ar o intento de parlamentares de se protegerem da Justi\u00e7a. A uni\u00e3o popular \u00e9 a \u00fanica capaz de reverter essa mar\u00e9 de ataques &#8211; e as elites dominantes, cientes disso, investem pesado em tentativas de nos dividir. Seguiremos unidos!<\/span><\/p>\n<p><img loading=\"lazy\" decoding=\"async\" class=\"aligncenter size-full wp-image-9080\" src=\"https:\/\/sintramem-sv.org.br\/sintramem\/wp-content\/uploads\/2025\/11\/1.jpeg\" alt=\"\" width=\"960\" height=\"1280\" srcset=\"https:\/\/sintramem-sv.org.br\/sintramem\/wp-content\/uploads\/2025\/11\/1.jpeg 960w, https:\/\/sintramem-sv.org.br\/sintramem\/wp-content\/uploads\/2025\/11\/1-225x300.jpeg 225w, https:\/\/sintramem-sv.org.br\/sintramem\/wp-content\/uploads\/2025\/11\/1-768x1024.jpeg 768w\" sizes=\"auto, (max-width: 960px) 100vw, 960px\" \/><\/p>\n","protected":false},"excerpt":{"rendered":"<p>O SINTRAMEM esteve presente, no \u00faltimo dia 24 de novembro, na Audi\u00eancia P\u00fablica contra a Reforma Administrativa, realizada na C\u00e2mara Municipal de Santos. A entidade foi representada pela companheira Cl\u00e1udia Bernardo, que, ao lado de diversas lideran\u00e7as sindicais da Baixada Santista e Regi\u00e3o, denunciaram veementemente o car\u00e1ter destrutivo desta proposta para o servi\u00e7o p\u00fablico. Ficou&hellip;<\/p>\n","protected":false},"author":1,"featured_media":9077,"comment_status":"open","ping_status":"closed","sticky":false,"template":"","format":"standard","meta":{"_monsterinsights_skip_tracking":false,"_monsterinsights_sitenote_active":false,"_monsterinsights_sitenote_note":"","_monsterinsights_sitenote_category":0,"footnotes":""},"categories":[19],"tags":[],"class_list":["post-9075","post","type-post","status-publish","format-standard","has-post-thumbnail","hentry","category-sintramem"],"yoast_head":"<!-- This site is optimized with the Yoast SEO plugin v27.0 - https:\/\/yoast.com\/product\/yoast-seo-wordpress\/ -->\n<title>SINTRAMEM participa da Audi\u00eancia P\u00fablica contra a Reforma Administrativa. Todos firmes na luta! - SINTRAMEM<\/title>\n<meta name=\"robots\" content=\"index, follow, max-snippet:-1, max-image-preview:large, max-video-preview:-1\" \/>\n<link rel=\"canonical\" href=\"https:\/\/sintramem-sv.org.br\/sintramem\/sintramem-participa-da-audiencia-publica-contra-a-reforma-administrativa-todos-firmes-nesta-luta\/\" \/>\n<meta property=\"og:locale\" content=\"pt_BR\" \/>\n<meta property=\"og:type\" content=\"article\" \/>\n<meta property=\"og:title\" content=\"SINTRAMEM participa da Audi\u00eancia P\u00fablica contra a Reforma Administrativa. Todos firmes na luta! - SINTRAMEM\" \/>\n<meta property=\"og:description\" content=\"O SINTRAMEM esteve presente, no \u00faltimo dia 24 de novembro, na Audi\u00eancia P\u00fablica contra a Reforma Administrativa, realizada na C\u00e2mara Municipal de Santos. A entidade foi representada pela companheira Cl\u00e1udia Bernardo, que, ao lado de diversas lideran\u00e7as sindicais da Baixada Santista e Regi\u00e3o, denunciaram veementemente o car\u00e1ter destrutivo desta proposta para o servi\u00e7o p\u00fablico. Ficou&hellip;\" \/>\n<meta property=\"og:url\" content=\"https:\/\/sintramem-sv.org.br\/sintramem\/sintramem-participa-da-audiencia-publica-contra-a-reforma-administrativa-todos-firmes-nesta-luta\/\" \/>\n<meta property=\"og:site_name\" content=\"SINTRAMEM\" \/>\n<meta property=\"article:published_time\" content=\"2025-11-26T14:58:53+00:00\" \/>\n<meta property=\"article:modified_time\" content=\"2025-11-26T15:03:27+00:00\" \/>\n<meta property=\"og:image\" content=\"https:\/\/sintramem-sv.org.br\/sintramem\/wp-content\/uploads\/2025\/11\/ref-1.png\" \/>\n\t<meta property=\"og:image:width\" content=\"500\" \/>\n\t<meta property=\"og:image:height\" content=\"278\" \/>\n\t<meta property=\"og:image:type\" content=\"image\/png\" \/>\n<meta name=\"author\" content=\"sintramem\" \/>\n<meta name=\"twitter:card\" content=\"summary_large_image\" \/>\n<meta name=\"twitter:label1\" content=\"Escrito por\" \/>\n\t<meta name=\"twitter:data1\" content=\"sintramem\" \/>\n\t<meta name=\"twitter:label2\" content=\"Est. tempo de leitura\" \/>\n\t<meta name=\"twitter:data2\" content=\"3 minutos\" \/>\n<script type=\"application\/ld+json\" class=\"yoast-schema-graph\">{\"@context\":\"https:\/\/schema.org\",\"@graph\":[{\"@type\":\"Article\",\"@id\":\"https:\/\/sintramem-sv.org.br\/sintramem\/sintramem-participa-da-audiencia-publica-contra-a-reforma-administrativa-todos-firmes-nesta-luta\/#article\",\"isPartOf\":{\"@id\":\"https:\/\/sintramem-sv.org.br\/sintramem\/sintramem-participa-da-audiencia-publica-contra-a-reforma-administrativa-todos-firmes-nesta-luta\/\"},\"author\":{\"name\":\"sintramem\",\"@id\":\"https:\/\/sintramem-sv.org.br\/sintramem\/#\/schema\/person\/a8decb8ea63607d1e01e046c95ddcf2b\"},\"headline\":\"SINTRAMEM participa da Audi\u00eancia P\u00fablica contra a Reforma Administrativa. Todos firmes na luta!\",\"datePublished\":\"2025-11-26T14:58:53+00:00\",\"dateModified\":\"2025-11-26T15:03:27+00:00\",\"mainEntityOfPage\":{\"@id\":\"https:\/\/sintramem-sv.org.br\/sintramem\/sintramem-participa-da-audiencia-publica-contra-a-reforma-administrativa-todos-firmes-nesta-luta\/\"},\"wordCount\":320,\"commentCount\":0,\"publisher\":{\"@id\":\"https:\/\/sintramem-sv.org.br\/sintramem\/#organization\"},\"image\":{\"@id\":\"https:\/\/sintramem-sv.org.br\/sintramem\/sintramem-participa-da-audiencia-publica-contra-a-reforma-administrativa-todos-firmes-nesta-luta\/#primaryimage\"},\"thumbnailUrl\":\"https:\/\/sintramem-sv.org.br\/sintramem\/wp-content\/uploads\/2025\/11\/ref.png\",\"articleSection\":[\"Sintramem\"],\"inLanguage\":\"pt-BR\",\"potentialAction\":[{\"@type\":\"CommentAction\",\"name\":\"Comment\",\"target\":[\"https:\/\/sintramem-sv.org.br\/sintramem\/sintramem-participa-da-audiencia-publica-contra-a-reforma-administrativa-todos-firmes-nesta-luta\/#respond\"]}]},{\"@type\":\"WebPage\",\"@id\":\"https:\/\/sintramem-sv.org.br\/sintramem\/sintramem-participa-da-audiencia-publica-contra-a-reforma-administrativa-todos-firmes-nesta-luta\/\",\"url\":\"https:\/\/sintramem-sv.org.br\/sintramem\/sintramem-participa-da-audiencia-publica-contra-a-reforma-administrativa-todos-firmes-nesta-luta\/\",\"name\":\"SINTRAMEM participa da Audi\u00eancia P\u00fablica contra a Reforma Administrativa. Todos firmes na luta! - SINTRAMEM\",\"isPartOf\":{\"@id\":\"https:\/\/sintramem-sv.org.br\/sintramem\/#website\"},\"primaryImageOfPage\":{\"@id\":\"https:\/\/sintramem-sv.org.br\/sintramem\/sintramem-participa-da-audiencia-publica-contra-a-reforma-administrativa-todos-firmes-nesta-luta\/#primaryimage\"},\"image\":{\"@id\":\"https:\/\/sintramem-sv.org.br\/sintramem\/sintramem-participa-da-audiencia-publica-contra-a-reforma-administrativa-todos-firmes-nesta-luta\/#primaryimage\"},\"thumbnailUrl\":\"https:\/\/sintramem-sv.org.br\/sintramem\/wp-content\/uploads\/2025\/11\/ref.png\",\"datePublished\":\"2025-11-26T14:58:53+00:00\",\"dateModified\":\"2025-11-26T15:03:27+00:00\",\"breadcrumb\":{\"@id\":\"https:\/\/sintramem-sv.org.br\/sintramem\/sintramem-participa-da-audiencia-publica-contra-a-reforma-administrativa-todos-firmes-nesta-luta\/#breadcrumb\"},\"inLanguage\":\"pt-BR\",\"potentialAction\":[{\"@type\":\"ReadAction\",\"target\":[\"https:\/\/sintramem-sv.org.br\/sintramem\/sintramem-participa-da-audiencia-publica-contra-a-reforma-administrativa-todos-firmes-nesta-luta\/\"]}]},{\"@type\":\"ImageObject\",\"inLanguage\":\"pt-BR\",\"@id\":\"https:\/\/sintramem-sv.org.br\/sintramem\/sintramem-participa-da-audiencia-publica-contra-a-reforma-administrativa-todos-firmes-nesta-luta\/#primaryimage\",\"url\":\"https:\/\/sintramem-sv.org.br\/sintramem\/wp-content\/uploads\/2025\/11\/ref.png\",\"contentUrl\":\"https:\/\/sintramem-sv.org.br\/sintramem\/wp-content\/uploads\/2025\/11\/ref.png\",\"width\":1294,\"height\":720},{\"@type\":\"BreadcrumbList\",\"@id\":\"https:\/\/sintramem-sv.org.br\/sintramem\/sintramem-participa-da-audiencia-publica-contra-a-reforma-administrativa-todos-firmes-nesta-luta\/#breadcrumb\",\"itemListElement\":[{\"@type\":\"ListItem\",\"position\":1,\"name\":\"In\u00edcio\",\"item\":\"https:\/\/sintramem-sv.org.br\/sintramem\/\"},{\"@type\":\"ListItem\",\"position\":2,\"name\":\"SINTRAMEM participa da Audi\u00eancia P\u00fablica contra a Reforma Administrativa. Todos firmes na luta!\"}]},{\"@type\":\"WebSite\",\"@id\":\"https:\/\/sintramem-sv.org.br\/sintramem\/#website\",\"url\":\"https:\/\/sintramem-sv.org.br\/sintramem\/\",\"name\":\"SINTRAMEM\",\"description\":\"Sindicato dos Trabalhadores no Magist\u00e9rio e na Educa\u00e7\u00e3o de S\u00e3o Vicente\",\"publisher\":{\"@id\":\"https:\/\/sintramem-sv.org.br\/sintramem\/#organization\"},\"potentialAction\":[{\"@type\":\"SearchAction\",\"target\":{\"@type\":\"EntryPoint\",\"urlTemplate\":\"https:\/\/sintramem-sv.org.br\/sintramem\/?s={search_term_string}\"},\"query-input\":{\"@type\":\"PropertyValueSpecification\",\"valueRequired\":true,\"valueName\":\"search_term_string\"}}],\"inLanguage\":\"pt-BR\"},{\"@type\":\"Organization\",\"@id\":\"https:\/\/sintramem-sv.org.br\/sintramem\/#organization\",\"name\":\"SINTRAMEM\",\"url\":\"https:\/\/sintramem-sv.org.br\/sintramem\/\",\"logo\":{\"@type\":\"ImageObject\",\"inLanguage\":\"pt-BR\",\"@id\":\"https:\/\/sintramem-sv.org.br\/sintramem\/#\/schema\/logo\/image\/\",\"url\":\"https:\/\/sintramem-sv.org.br\/sintramem\/wp-content\/uploads\/2017\/02\/SINTRAMEM-LOGO-OFICIAL-300x100-jpg.jpg\",\"contentUrl\":\"https:\/\/sintramem-sv.org.br\/sintramem\/wp-content\/uploads\/2017\/02\/SINTRAMEM-LOGO-OFICIAL-300x100-jpg.jpg\",\"width\":150,\"height\":150,\"caption\":\"SINTRAMEM\"},\"image\":{\"@id\":\"https:\/\/sintramem-sv.org.br\/sintramem\/#\/schema\/logo\/image\/\"}},{\"@type\":\"Person\",\"@id\":\"https:\/\/sintramem-sv.org.br\/sintramem\/#\/schema\/person\/a8decb8ea63607d1e01e046c95ddcf2b\",\"name\":\"sintramem\",\"image\":{\"@type\":\"ImageObject\",\"inLanguage\":\"pt-BR\",\"@id\":\"https:\/\/sintramem-sv.org.br\/sintramem\/#\/schema\/person\/image\/\",\"url\":\"https:\/\/secure.gravatar.com\/avatar\/8e06da3b0d4f051010117c848b52b9280a4228043717057ccccccc8b20ff8f48?s=96&d=mm&r=g\",\"contentUrl\":\"https:\/\/secure.gravatar.com\/avatar\/8e06da3b0d4f051010117c848b52b9280a4228043717057ccccccc8b20ff8f48?s=96&d=mm&r=g\",\"caption\":\"sintramem\"},\"description\":\"Sindicato dos Trabalhadores no Magist\u00e9rio e na Educa\u00e7\u00e3o Municipal de S\u00e3o Vicente\",\"url\":\"https:\/\/sintramem-sv.org.br\/sintramem\/author\/sindsv\/\"}]}<\/script>\n<!-- \/ Yoast SEO plugin. -->","yoast_head_json":{"title":"SINTRAMEM participa da Audi\u00eancia P\u00fablica contra a Reforma Administrativa. Todos firmes na luta! - SINTRAMEM","robots":{"index":"index","follow":"follow","max-snippet":"max-snippet:-1","max-image-preview":"max-image-preview:large","max-video-preview":"max-video-preview:-1"},"canonical":"https:\/\/sintramem-sv.org.br\/sintramem\/sintramem-participa-da-audiencia-publica-contra-a-reforma-administrativa-todos-firmes-nesta-luta\/","og_locale":"pt_BR","og_type":"article","og_title":"SINTRAMEM participa da Audi\u00eancia P\u00fablica contra a Reforma Administrativa. Todos firmes na luta! - SINTRAMEM","og_description":"O SINTRAMEM esteve presente, no \u00faltimo dia 24 de novembro, na Audi\u00eancia P\u00fablica contra a Reforma Administrativa, realizada na C\u00e2mara Municipal de Santos. A entidade foi representada pela companheira Cl\u00e1udia Bernardo, que, ao lado de diversas lideran\u00e7as sindicais da Baixada Santista e Regi\u00e3o, denunciaram veementemente o car\u00e1ter destrutivo desta proposta para o servi\u00e7o p\u00fablico. Ficou&hellip;","og_url":"https:\/\/sintramem-sv.org.br\/sintramem\/sintramem-participa-da-audiencia-publica-contra-a-reforma-administrativa-todos-firmes-nesta-luta\/","og_site_name":"SINTRAMEM","article_published_time":"2025-11-26T14:58:53+00:00","article_modified_time":"2025-11-26T15:03:27+00:00","og_image":[{"width":500,"height":278,"url":"https:\/\/sintramem-sv.org.br\/sintramem\/wp-content\/uploads\/2025\/11\/ref-1.png","type":"image\/png"}],"author":"sintramem","twitter_card":"summary_large_image","twitter_misc":{"Escrito por":"sintramem","Est. tempo de leitura":"3 minutos"},"schema":{"@context":"https:\/\/schema.org","@graph":[{"@type":"Article","@id":"https:\/\/sintramem-sv.org.br\/sintramem\/sintramem-participa-da-audiencia-publica-contra-a-reforma-administrativa-todos-firmes-nesta-luta\/#article","isPartOf":{"@id":"https:\/\/sintramem-sv.org.br\/sintramem\/sintramem-participa-da-audiencia-publica-contra-a-reforma-administrativa-todos-firmes-nesta-luta\/"},"author":{"name":"sintramem","@id":"https:\/\/sintramem-sv.org.br\/sintramem\/#\/schema\/person\/a8decb8ea63607d1e01e046c95ddcf2b"},"headline":"SINTRAMEM participa da Audi\u00eancia P\u00fablica contra a Reforma Administrativa. Todos firmes na luta!","datePublished":"2025-11-26T14:58:53+00:00","dateModified":"2025-11-26T15:03:27+00:00","mainEntityOfPage":{"@id":"https:\/\/sintramem-sv.org.br\/sintramem\/sintramem-participa-da-audiencia-publica-contra-a-reforma-administrativa-todos-firmes-nesta-luta\/"},"wordCount":320,"commentCount":0,"publisher":{"@id":"https:\/\/sintramem-sv.org.br\/sintramem\/#organization"},"image":{"@id":"https:\/\/sintramem-sv.org.br\/sintramem\/sintramem-participa-da-audiencia-publica-contra-a-reforma-administrativa-todos-firmes-nesta-luta\/#primaryimage"},"thumbnailUrl":"https:\/\/sintramem-sv.org.br\/sintramem\/wp-content\/uploads\/2025\/11\/ref.png","articleSection":["Sintramem"],"inLanguage":"pt-BR","potentialAction":[{"@type":"CommentAction","name":"Comment","target":["https:\/\/sintramem-sv.org.br\/sintramem\/sintramem-participa-da-audiencia-publica-contra-a-reforma-administrativa-todos-firmes-nesta-luta\/#respond"]}]},{"@type":"WebPage","@id":"https:\/\/sintramem-sv.org.br\/sintramem\/sintramem-participa-da-audiencia-publica-contra-a-reforma-administrativa-todos-firmes-nesta-luta\/","url":"https:\/\/sintramem-sv.org.br\/sintramem\/sintramem-participa-da-audiencia-publica-contra-a-reforma-administrativa-todos-firmes-nesta-luta\/","name":"SINTRAMEM participa da Audi\u00eancia P\u00fablica contra a Reforma Administrativa. Todos firmes na luta! - SINTRAMEM","isPartOf":{"@id":"https:\/\/sintramem-sv.org.br\/sintramem\/#website"},"primaryImageOfPage":{"@id":"https:\/\/sintramem-sv.org.br\/sintramem\/sintramem-participa-da-audiencia-publica-contra-a-reforma-administrativa-todos-firmes-nesta-luta\/#primaryimage"},"image":{"@id":"https:\/\/sintramem-sv.org.br\/sintramem\/sintramem-participa-da-audiencia-publica-contra-a-reforma-administrativa-todos-firmes-nesta-luta\/#primaryimage"},"thumbnailUrl":"https:\/\/sintramem-sv.org.br\/sintramem\/wp-content\/uploads\/2025\/11\/ref.png","datePublished":"2025-11-26T14:58:53+00:00","dateModified":"2025-11-26T15:03:27+00:00","breadcrumb":{"@id":"https:\/\/sintramem-sv.org.br\/sintramem\/sintramem-participa-da-audiencia-publica-contra-a-reforma-administrativa-todos-firmes-nesta-luta\/#breadcrumb"},"inLanguage":"pt-BR","potentialAction":[{"@type":"ReadAction","target":["https:\/\/sintramem-sv.org.br\/sintramem\/sintramem-participa-da-audiencia-publica-contra-a-reforma-administrativa-todos-firmes-nesta-luta\/"]}]},{"@type":"ImageObject","inLanguage":"pt-BR","@id":"https:\/\/sintramem-sv.org.br\/sintramem\/sintramem-participa-da-audiencia-publica-contra-a-reforma-administrativa-todos-firmes-nesta-luta\/#primaryimage","url":"https:\/\/sintramem-sv.org.br\/sintramem\/wp-content\/uploads\/2025\/11\/ref.png","contentUrl":"https:\/\/sintramem-sv.org.br\/sintramem\/wp-content\/uploads\/2025\/11\/ref.png","width":1294,"height":720},{"@type":"BreadcrumbList","@id":"https:\/\/sintramem-sv.org.br\/sintramem\/sintramem-participa-da-audiencia-publica-contra-a-reforma-administrativa-todos-firmes-nesta-luta\/#breadcrumb","itemListElement":[{"@type":"ListItem","position":1,"name":"In\u00edcio","item":"https:\/\/sintramem-sv.org.br\/sintramem\/"},{"@type":"ListItem","position":2,"name":"SINTRAMEM participa da Audi\u00eancia P\u00fablica contra a Reforma Administrativa. Todos firmes na luta!"}]},{"@type":"WebSite","@id":"https:\/\/sintramem-sv.org.br\/sintramem\/#website","url":"https:\/\/sintramem-sv.org.br\/sintramem\/","name":"SINTRAMEM","description":"Sindicato dos Trabalhadores no Magist\u00e9rio e na Educa\u00e7\u00e3o de S\u00e3o Vicente","publisher":{"@id":"https:\/\/sintramem-sv.org.br\/sintramem\/#organization"},"potentialAction":[{"@type":"SearchAction","target":{"@type":"EntryPoint","urlTemplate":"https:\/\/sintramem-sv.org.br\/sintramem\/?s={search_term_string}"},"query-input":{"@type":"PropertyValueSpecification","valueRequired":true,"valueName":"search_term_string"}}],"inLanguage":"pt-BR"},{"@type":"Organization","@id":"https:\/\/sintramem-sv.org.br\/sintramem\/#organization","name":"SINTRAMEM","url":"https:\/\/sintramem-sv.org.br\/sintramem\/","logo":{"@type":"ImageObject","inLanguage":"pt-BR","@id":"https:\/\/sintramem-sv.org.br\/sintramem\/#\/schema\/logo\/image\/","url":"https:\/\/sintramem-sv.org.br\/sintramem\/wp-content\/uploads\/2017\/02\/SINTRAMEM-LOGO-OFICIAL-300x100-jpg.jpg","contentUrl":"https:\/\/sintramem-sv.org.br\/sintramem\/wp-content\/uploads\/2017\/02\/SINTRAMEM-LOGO-OFICIAL-300x100-jpg.jpg","width":150,"height":150,"caption":"SINTRAMEM"},"image":{"@id":"https:\/\/sintramem-sv.org.br\/sintramem\/#\/schema\/logo\/image\/"}},{"@type":"Person","@id":"https:\/\/sintramem-sv.org.br\/sintramem\/#\/schema\/person\/a8decb8ea63607d1e01e046c95ddcf2b","name":"sintramem","image":{"@type":"ImageObject","inLanguage":"pt-BR","@id":"https:\/\/sintramem-sv.org.br\/sintramem\/#\/schema\/person\/image\/","url":"https:\/\/secure.gravatar.com\/avatar\/8e06da3b0d4f051010117c848b52b9280a4228043717057ccccccc8b20ff8f48?s=96&d=mm&r=g","contentUrl":"https:\/\/secure.gravatar.com\/avatar\/8e06da3b0d4f051010117c848b52b9280a4228043717057ccccccc8b20ff8f48?s=96&d=mm&r=g","caption":"sintramem"},"description":"Sindicato dos Trabalhadores no Magist\u00e9rio e na Educa\u00e7\u00e3o Municipal de S\u00e3o Vicente","url":"https:\/\/sintramem-sv.org.br\/sintramem\/author\/sindsv\/"}]}},"_links":{"self":[{"href":"https:\/\/sintramem-sv.org.br\/sintramem\/wp-json\/wp\/v2\/posts\/9075","targetHints":{"allow":["GET"]}}],"collection":[{"href":"https:\/\/sintramem-sv.org.br\/sintramem\/wp-json\/wp\/v2\/posts"}],"about":[{"href":"https:\/\/sintramem-sv.org.br\/sintramem\/wp-json\/wp\/v2\/types\/post"}],"author":[{"embeddable":true,"href":"https:\/\/sintramem-sv.org.br\/sintramem\/wp-json\/wp\/v2\/users\/1"}],"replies":[{"embeddable":true,"href":"https:\/\/sintramem-sv.org.br\/sintramem\/wp-json\/wp\/v2\/comments?post=9075"}],"version-history":[{"count":2,"href":"https:\/\/sintramem-sv.org.br\/sintramem\/wp-json\/wp\/v2\/posts\/9075\/revisions"}],"predecessor-version":[{"id":9082,"href":"https:\/\/sintramem-sv.org.br\/sintramem\/wp-json\/wp\/v2\/posts\/9075\/revisions\/9082"}],"wp:featuredmedia":[{"embeddable":true,"href":"https:\/\/sintramem-sv.org.br\/sintramem\/wp-json\/wp\/v2\/media\/9077"}],"wp:attachment":[{"href":"https:\/\/sintramem-sv.org.br\/sintramem\/wp-json\/wp\/v2\/media?parent=9075"}],"wp:term":[{"taxonomy":"category","embeddable":true,"href":"https:\/\/sintramem-sv.org.br\/sintramem\/wp-json\/wp\/v2\/categories?post=9075"},{"taxonomy":"post_tag","embeddable":true,"href":"https:\/\/sintramem-sv.org.br\/sintramem\/wp-json\/wp\/v2\/tags?post=9075"}],"curies":[{"name":"wp","href":"https:\/\/api.w.org\/{rel}","templated":true}]}}