{"id":9061,"date":"2025-11-24T21:14:27","date_gmt":"2025-11-24T21:14:27","guid":{"rendered":"http:\/\/sintramem-sv.org.br\/sintramem\/?p=9061"},"modified":"2025-11-24T22:59:59","modified_gmt":"2025-11-24T22:59:59","slug":"servidor-solicite-a-sua-chefia-imediata-para-abonar-falta-ou-atraso-devido-as-fortes-chuvas-de-24-de-novembro","status":"publish","type":"post","link":"https:\/\/sintramem-sv.org.br\/sintramem\/servidor-solicite-a-sua-chefia-imediata-para-abonar-falta-ou-atraso-devido-as-fortes-chuvas-de-24-de-novembro\/","title":{"rendered":"Servidor: solicite \u00e0 sua chefia imediata para abonar falta ou atraso devido \u00e0s fortes chuvas de 24 de novembro"},"content":{"rendered":"<p><span style=\"font-size: 14pt;\"><span class=\"selectable-text copyable-text xkrh14z\">Fortes chuvas atingiram S\u00e3o Vicente nesta segunda, 24 de novembro, e dificultaram o deslocamento de diversos Servidores at\u00e9 seus locais de trabalho<\/span>. Deste modo, o <span style=\"color: #ff0000;\"><strong>SINTRAMEM<\/strong><\/span> entrou em contato com a Prefeitura relatando a situa\u00e7\u00e3o e solicitando provid\u00eancias quanto ao registro de ponto dos trabalhadores afetados. <span style=\"background-color: #ffff00;\"><strong>Solicitamos a autoriza\u00e7\u00e3o que<\/strong><\/span><\/span><span style=\"font-size: 14pt;\"><span style=\"background-color: #ffff00;\"><strong> as faltas ocasionadas pelas chuvas sejam justificadas\/e ou abonadas<\/strong><\/span>.<\/span><\/p>\n<p><span style=\"font-size: 14pt;\">Com isso, o Sindicato orienta que s<\/span><span style=\"font-size: 14pt;\">e voc\u00ea n\u00e3o conseguiu chegar ao local de trabalho ou se chegou atrasado no dia 24 de novembro:<\/span><\/p>\n<ul>\n<li><span style=\"font-size: 14pt;\">procure imediatamente sua chefia imediata;<\/span><\/li>\n<li><span style=\"font-size: 14pt;\">apresente o <a href=\"https:\/\/leismunicipais.com.br\/a1\/sp\/s\/sao-vicente\/decreto\/2025\/681\/6818\/decreto-n-6818-2025-regulamenta-os-artigos-125-a-e-125-b-do-estatuto-dos-servidores-publicos-do-municipio-de-sao-vicente-que-dispoem-sobre-a-justificacao-de-faltas-e-da-outras-providencias-redacao-dada-pelo-decreto-n-68352025\" target=\"_blank\" rel=\"noopener\"><strong>Decreto n\u00ba 6.818, de 26 de maio de 2025 <\/strong><\/a>e solicite o abono da falta ou das horas de atraso;<\/span><\/li>\n<li><span style=\"font-size: 14pt;\">n\u00e3o deixe para depois &#8211; <strong>fa\u00e7a a solicita\u00e7\u00e3o o quanto antes para evitar descontos indevidos<\/strong>.<\/span><\/li>\n<\/ul>\n<p><span style=\"font-size: 14pt;\">Para amanh\u00e3, dia 25, est\u00e3o previstas tamb\u00e9m fortes chuvas &#8211; ou seja &#8211; <span style=\"text-decoration: underline;\"><strong>a situa\u00e7\u00e3o pode se repetir<\/strong><\/span>. J\u00e1 alertamos o Governo da situa\u00e7\u00e3o e pedimos a mesma aten\u00e7\u00e3o.<\/span><\/p>\n<p><span style=\"font-size: 14pt;\">O Sindicato refor\u00e7a: nenhum Servidor deve colocar sua vida ou seu patrim\u00f4nio em risco para chegar ao trabalho em situa\u00e7\u00f5es extremas, como as registradas durante as fortes chuvas. Fique sempre atento, O <span style=\"color: #ff0000;\"><strong>SINTRAMEM<\/strong><\/span> segue ao lado dos Servidores, garantindo direitos e orientando em todas as situa\u00e7\u00f5es que afetam o dia a dia da categoria.<\/span><\/p>\n<p><img loading=\"lazy\" decoding=\"async\" class=\"aligncenter size-full wp-image-9070\" src=\"https:\/\/sintramem-sv.org.br\/sintramem\/wp-content\/uploads\/2025\/11\/Card-Fortes-Chuvas-SINTRAMEM.png\" alt=\"\" width=\"1080\" height=\"1350\" srcset=\"https:\/\/sintramem-sv.org.br\/sintramem\/wp-content\/uploads\/2025\/11\/Card-Fortes-Chuvas-SINTRAMEM.png 1080w, https:\/\/sintramem-sv.org.br\/sintramem\/wp-content\/uploads\/2025\/11\/Card-Fortes-Chuvas-SINTRAMEM-240x300.png 240w, https:\/\/sintramem-sv.org.br\/sintramem\/wp-content\/uploads\/2025\/11\/Card-Fortes-Chuvas-SINTRAMEM-819x1024.png 819w, https:\/\/sintramem-sv.org.br\/sintramem\/wp-content\/uploads\/2025\/11\/Card-Fortes-Chuvas-SINTRAMEM-768x960.png 768w\" sizes=\"auto, (max-width: 1080px) 100vw, 1080px\" \/><\/p>\n","protected":false},"excerpt":{"rendered":"<p>Fortes chuvas atingiram S\u00e3o Vicente nesta segunda, 24 de novembro, e dificultaram o deslocamento de diversos Servidores at\u00e9 seus locais de trabalho. Deste modo, o SINTRAMEM entrou em contato com a Prefeitura relatando a situa\u00e7\u00e3o e solicitando provid\u00eancias quanto ao registro de ponto dos trabalhadores afetados. Solicitamos a autoriza\u00e7\u00e3o que as faltas ocasionadas pelas chuvas&hellip;<\/p>\n","protected":false},"author":1,"featured_media":9071,"comment_status":"open","ping_status":"closed","sticky":false,"template":"","format":"standard","meta":{"_monsterinsights_skip_tracking":false,"_monsterinsights_sitenote_active":false,"_monsterinsights_sitenote_note":"","_monsterinsights_sitenote_category":0,"footnotes":""},"categories":[1],"tags":[],"class_list":["post-9061","post","type-post","status-publish","format-standard","has-post-thumbnail","hentry","category-sintramem-sintramem"],"yoast_head":"<!-- This site is optimized with the Yoast SEO plugin v27.0 - https:\/\/yoast.com\/product\/yoast-seo-wordpress\/ -->\n<title>Servidor: solicite \u00e0 sua chefia imediata para abonar falta ou atraso devido \u00e0s fortes chuvas de 24 de novembro - SINTRAMEM<\/title>\n<meta name=\"robots\" content=\"index, follow, max-snippet:-1, max-image-preview:large, max-video-preview:-1\" \/>\n<link rel=\"canonical\" href=\"https:\/\/sintramem-sv.org.br\/sintramem\/servidor-solicite-a-sua-chefia-imediata-para-abonar-falta-ou-atraso-devido-as-fortes-chuvas-de-24-de-novembro\/\" \/>\n<meta property=\"og:locale\" content=\"pt_BR\" \/>\n<meta property=\"og:type\" content=\"article\" \/>\n<meta property=\"og:title\" content=\"Servidor: solicite \u00e0 sua chefia imediata para abonar falta ou atraso devido \u00e0s fortes chuvas de 24 de novembro - SINTRAMEM\" \/>\n<meta property=\"og:description\" content=\"Fortes chuvas atingiram S\u00e3o Vicente nesta segunda, 24 de novembro, e dificultaram o deslocamento de diversos Servidores at\u00e9 seus locais de trabalho. Deste modo, o SINTRAMEM entrou em contato com a Prefeitura relatando a situa\u00e7\u00e3o e solicitando provid\u00eancias quanto ao registro de ponto dos trabalhadores afetados. Solicitamos a autoriza\u00e7\u00e3o que as faltas ocasionadas pelas chuvas&hellip;\" \/>\n<meta property=\"og:url\" content=\"https:\/\/sintramem-sv.org.br\/sintramem\/servidor-solicite-a-sua-chefia-imediata-para-abonar-falta-ou-atraso-devido-as-fortes-chuvas-de-24-de-novembro\/\" \/>\n<meta property=\"og:site_name\" content=\"SINTRAMEM\" \/>\n<meta property=\"article:published_time\" content=\"2025-11-24T21:14:27+00:00\" \/>\n<meta property=\"article:modified_time\" content=\"2025-11-24T22:59:59+00:00\" \/>\n<meta property=\"og:image\" content=\"https:\/\/sintramem-sv.org.br\/sintramem\/wp-content\/uploads\/2025\/11\/Destacada-Fortes-Chuvas-SINTRAMEM-1.png\" \/>\n\t<meta property=\"og:image:width\" content=\"500\" \/>\n\t<meta property=\"og:image:height\" content=\"278\" \/>\n\t<meta property=\"og:image:type\" content=\"image\/png\" \/>\n<meta name=\"author\" content=\"sintramem\" \/>\n<meta name=\"twitter:card\" content=\"summary_large_image\" \/>\n<meta name=\"twitter:label1\" content=\"Escrito por\" \/>\n\t<meta name=\"twitter:data1\" content=\"sintramem\" \/>\n\t<meta name=\"twitter:label2\" content=\"Est. tempo de leitura\" \/>\n\t<meta name=\"twitter:data2\" content=\"2 minutos\" \/>\n<script type=\"application\/ld+json\" class=\"yoast-schema-graph\">{\"@context\":\"https:\/\/schema.org\",\"@graph\":[{\"@type\":\"Article\",\"@id\":\"https:\/\/sintramem-sv.org.br\/sintramem\/servidor-solicite-a-sua-chefia-imediata-para-abonar-falta-ou-atraso-devido-as-fortes-chuvas-de-24-de-novembro\/#article\",\"isPartOf\":{\"@id\":\"https:\/\/sintramem-sv.org.br\/sintramem\/servidor-solicite-a-sua-chefia-imediata-para-abonar-falta-ou-atraso-devido-as-fortes-chuvas-de-24-de-novembro\/\"},\"author\":{\"name\":\"sintramem\",\"@id\":\"https:\/\/sintramem-sv.org.br\/sintramem\/#\/schema\/person\/a8decb8ea63607d1e01e046c95ddcf2b\"},\"headline\":\"Servidor: solicite \u00e0 sua chefia imediata para abonar falta ou atraso devido \u00e0s fortes chuvas de 24 de novembro\",\"datePublished\":\"2025-11-24T21:14:27+00:00\",\"dateModified\":\"2025-11-24T22:59:59+00:00\",\"mainEntityOfPage\":{\"@id\":\"https:\/\/sintramem-sv.org.br\/sintramem\/servidor-solicite-a-sua-chefia-imediata-para-abonar-falta-ou-atraso-devido-as-fortes-chuvas-de-24-de-novembro\/\"},\"wordCount\":238,\"commentCount\":0,\"publisher\":{\"@id\":\"https:\/\/sintramem-sv.org.br\/sintramem\/#organization\"},\"image\":{\"@id\":\"https:\/\/sintramem-sv.org.br\/sintramem\/servidor-solicite-a-sua-chefia-imediata-para-abonar-falta-ou-atraso-devido-as-fortes-chuvas-de-24-de-novembro\/#primaryimage\"},\"thumbnailUrl\":\"https:\/\/sintramem-sv.org.br\/sintramem\/wp-content\/uploads\/2025\/11\/Destacada-Fortes-Chuvas-SINTRAMEM.png\",\"articleSection\":[\"sintramem\"],\"inLanguage\":\"pt-BR\",\"potentialAction\":[{\"@type\":\"CommentAction\",\"name\":\"Comment\",\"target\":[\"https:\/\/sintramem-sv.org.br\/sintramem\/servidor-solicite-a-sua-chefia-imediata-para-abonar-falta-ou-atraso-devido-as-fortes-chuvas-de-24-de-novembro\/#respond\"]}]},{\"@type\":\"WebPage\",\"@id\":\"https:\/\/sintramem-sv.org.br\/sintramem\/servidor-solicite-a-sua-chefia-imediata-para-abonar-falta-ou-atraso-devido-as-fortes-chuvas-de-24-de-novembro\/\",\"url\":\"https:\/\/sintramem-sv.org.br\/sintramem\/servidor-solicite-a-sua-chefia-imediata-para-abonar-falta-ou-atraso-devido-as-fortes-chuvas-de-24-de-novembro\/\",\"name\":\"Servidor: solicite \u00e0 sua chefia imediata para abonar falta ou atraso devido \u00e0s fortes chuvas de 24 de novembro - SINTRAMEM\",\"isPartOf\":{\"@id\":\"https:\/\/sintramem-sv.org.br\/sintramem\/#website\"},\"primaryImageOfPage\":{\"@id\":\"https:\/\/sintramem-sv.org.br\/sintramem\/servidor-solicite-a-sua-chefia-imediata-para-abonar-falta-ou-atraso-devido-as-fortes-chuvas-de-24-de-novembro\/#primaryimage\"},\"image\":{\"@id\":\"https:\/\/sintramem-sv.org.br\/sintramem\/servidor-solicite-a-sua-chefia-imediata-para-abonar-falta-ou-atraso-devido-as-fortes-chuvas-de-24-de-novembro\/#primaryimage\"},\"thumbnailUrl\":\"https:\/\/sintramem-sv.org.br\/sintramem\/wp-content\/uploads\/2025\/11\/Destacada-Fortes-Chuvas-SINTRAMEM.png\",\"datePublished\":\"2025-11-24T21:14:27+00:00\",\"dateModified\":\"2025-11-24T22:59:59+00:00\",\"breadcrumb\":{\"@id\":\"https:\/\/sintramem-sv.org.br\/sintramem\/servidor-solicite-a-sua-chefia-imediata-para-abonar-falta-ou-atraso-devido-as-fortes-chuvas-de-24-de-novembro\/#breadcrumb\"},\"inLanguage\":\"pt-BR\",\"potentialAction\":[{\"@type\":\"ReadAction\",\"target\":[\"https:\/\/sintramem-sv.org.br\/sintramem\/servidor-solicite-a-sua-chefia-imediata-para-abonar-falta-ou-atraso-devido-as-fortes-chuvas-de-24-de-novembro\/\"]}]},{\"@type\":\"ImageObject\",\"inLanguage\":\"pt-BR\",\"@id\":\"https:\/\/sintramem-sv.org.br\/sintramem\/servidor-solicite-a-sua-chefia-imediata-para-abonar-falta-ou-atraso-devido-as-fortes-chuvas-de-24-de-novembro\/#primaryimage\",\"url\":\"https:\/\/sintramem-sv.org.br\/sintramem\/wp-content\/uploads\/2025\/11\/Destacada-Fortes-Chuvas-SINTRAMEM.png\",\"contentUrl\":\"https:\/\/sintramem-sv.org.br\/sintramem\/wp-content\/uploads\/2025\/11\/Destacada-Fortes-Chuvas-SINTRAMEM.png\",\"width\":1294,\"height\":720},{\"@type\":\"BreadcrumbList\",\"@id\":\"https:\/\/sintramem-sv.org.br\/sintramem\/servidor-solicite-a-sua-chefia-imediata-para-abonar-falta-ou-atraso-devido-as-fortes-chuvas-de-24-de-novembro\/#breadcrumb\",\"itemListElement\":[{\"@type\":\"ListItem\",\"position\":1,\"name\":\"In\u00edcio\",\"item\":\"https:\/\/sintramem-sv.org.br\/sintramem\/\"},{\"@type\":\"ListItem\",\"position\":2,\"name\":\"Servidor: solicite \u00e0 sua chefia imediata para abonar falta ou atraso devido \u00e0s fortes chuvas de 24 de novembro\"}]},{\"@type\":\"WebSite\",\"@id\":\"https:\/\/sintramem-sv.org.br\/sintramem\/#website\",\"url\":\"https:\/\/sintramem-sv.org.br\/sintramem\/\",\"name\":\"SINTRAMEM\",\"description\":\"Sindicato dos Trabalhadores no Magist\u00e9rio e na Educa\u00e7\u00e3o de S\u00e3o Vicente\",\"publisher\":{\"@id\":\"https:\/\/sintramem-sv.org.br\/sintramem\/#organization\"},\"potentialAction\":[{\"@type\":\"SearchAction\",\"target\":{\"@type\":\"EntryPoint\",\"urlTemplate\":\"https:\/\/sintramem-sv.org.br\/sintramem\/?s={search_term_string}\"},\"query-input\":{\"@type\":\"PropertyValueSpecification\",\"valueRequired\":true,\"valueName\":\"search_term_string\"}}],\"inLanguage\":\"pt-BR\"},{\"@type\":\"Organization\",\"@id\":\"https:\/\/sintramem-sv.org.br\/sintramem\/#organization\",\"name\":\"SINTRAMEM\",\"url\":\"https:\/\/sintramem-sv.org.br\/sintramem\/\",\"logo\":{\"@type\":\"ImageObject\",\"inLanguage\":\"pt-BR\",\"@id\":\"https:\/\/sintramem-sv.org.br\/sintramem\/#\/schema\/logo\/image\/\",\"url\":\"https:\/\/sintramem-sv.org.br\/sintramem\/wp-content\/uploads\/2017\/02\/SINTRAMEM-LOGO-OFICIAL-300x100-jpg.jpg\",\"contentUrl\":\"https:\/\/sintramem-sv.org.br\/sintramem\/wp-content\/uploads\/2017\/02\/SINTRAMEM-LOGO-OFICIAL-300x100-jpg.jpg\",\"width\":150,\"height\":150,\"caption\":\"SINTRAMEM\"},\"image\":{\"@id\":\"https:\/\/sintramem-sv.org.br\/sintramem\/#\/schema\/logo\/image\/\"}},{\"@type\":\"Person\",\"@id\":\"https:\/\/sintramem-sv.org.br\/sintramem\/#\/schema\/person\/a8decb8ea63607d1e01e046c95ddcf2b\",\"name\":\"sintramem\",\"image\":{\"@type\":\"ImageObject\",\"inLanguage\":\"pt-BR\",\"@id\":\"https:\/\/sintramem-sv.org.br\/sintramem\/#\/schema\/person\/image\/\",\"url\":\"https:\/\/secure.gravatar.com\/avatar\/8e06da3b0d4f051010117c848b52b9280a4228043717057ccccccc8b20ff8f48?s=96&d=mm&r=g\",\"contentUrl\":\"https:\/\/secure.gravatar.com\/avatar\/8e06da3b0d4f051010117c848b52b9280a4228043717057ccccccc8b20ff8f48?s=96&d=mm&r=g\",\"caption\":\"sintramem\"},\"description\":\"Sindicato dos Trabalhadores no Magist\u00e9rio e na Educa\u00e7\u00e3o Municipal de S\u00e3o Vicente\",\"url\":\"https:\/\/sintramem-sv.org.br\/sintramem\/author\/sindsv\/\"}]}<\/script>\n<!-- \/ Yoast SEO plugin. -->","yoast_head_json":{"title":"Servidor: solicite \u00e0 sua chefia imediata para abonar falta ou atraso devido \u00e0s fortes chuvas de 24 de novembro - SINTRAMEM","robots":{"index":"index","follow":"follow","max-snippet":"max-snippet:-1","max-image-preview":"max-image-preview:large","max-video-preview":"max-video-preview:-1"},"canonical":"https:\/\/sintramem-sv.org.br\/sintramem\/servidor-solicite-a-sua-chefia-imediata-para-abonar-falta-ou-atraso-devido-as-fortes-chuvas-de-24-de-novembro\/","og_locale":"pt_BR","og_type":"article","og_title":"Servidor: solicite \u00e0 sua chefia imediata para abonar falta ou atraso devido \u00e0s fortes chuvas de 24 de novembro - SINTRAMEM","og_description":"Fortes chuvas atingiram S\u00e3o Vicente nesta segunda, 24 de novembro, e dificultaram o deslocamento de diversos Servidores at\u00e9 seus locais de trabalho. Deste modo, o SINTRAMEM entrou em contato com a Prefeitura relatando a situa\u00e7\u00e3o e solicitando provid\u00eancias quanto ao registro de ponto dos trabalhadores afetados. Solicitamos a autoriza\u00e7\u00e3o que as faltas ocasionadas pelas chuvas&hellip;","og_url":"https:\/\/sintramem-sv.org.br\/sintramem\/servidor-solicite-a-sua-chefia-imediata-para-abonar-falta-ou-atraso-devido-as-fortes-chuvas-de-24-de-novembro\/","og_site_name":"SINTRAMEM","article_published_time":"2025-11-24T21:14:27+00:00","article_modified_time":"2025-11-24T22:59:59+00:00","og_image":[{"width":500,"height":278,"url":"https:\/\/sintramem-sv.org.br\/sintramem\/wp-content\/uploads\/2025\/11\/Destacada-Fortes-Chuvas-SINTRAMEM-1.png","type":"image\/png"}],"author":"sintramem","twitter_card":"summary_large_image","twitter_misc":{"Escrito por":"sintramem","Est. tempo de leitura":"2 minutos"},"schema":{"@context":"https:\/\/schema.org","@graph":[{"@type":"Article","@id":"https:\/\/sintramem-sv.org.br\/sintramem\/servidor-solicite-a-sua-chefia-imediata-para-abonar-falta-ou-atraso-devido-as-fortes-chuvas-de-24-de-novembro\/#article","isPartOf":{"@id":"https:\/\/sintramem-sv.org.br\/sintramem\/servidor-solicite-a-sua-chefia-imediata-para-abonar-falta-ou-atraso-devido-as-fortes-chuvas-de-24-de-novembro\/"},"author":{"name":"sintramem","@id":"https:\/\/sintramem-sv.org.br\/sintramem\/#\/schema\/person\/a8decb8ea63607d1e01e046c95ddcf2b"},"headline":"Servidor: solicite \u00e0 sua chefia imediata para abonar falta ou atraso devido \u00e0s fortes chuvas de 24 de novembro","datePublished":"2025-11-24T21:14:27+00:00","dateModified":"2025-11-24T22:59:59+00:00","mainEntityOfPage":{"@id":"https:\/\/sintramem-sv.org.br\/sintramem\/servidor-solicite-a-sua-chefia-imediata-para-abonar-falta-ou-atraso-devido-as-fortes-chuvas-de-24-de-novembro\/"},"wordCount":238,"commentCount":0,"publisher":{"@id":"https:\/\/sintramem-sv.org.br\/sintramem\/#organization"},"image":{"@id":"https:\/\/sintramem-sv.org.br\/sintramem\/servidor-solicite-a-sua-chefia-imediata-para-abonar-falta-ou-atraso-devido-as-fortes-chuvas-de-24-de-novembro\/#primaryimage"},"thumbnailUrl":"https:\/\/sintramem-sv.org.br\/sintramem\/wp-content\/uploads\/2025\/11\/Destacada-Fortes-Chuvas-SINTRAMEM.png","articleSection":["sintramem"],"inLanguage":"pt-BR","potentialAction":[{"@type":"CommentAction","name":"Comment","target":["https:\/\/sintramem-sv.org.br\/sintramem\/servidor-solicite-a-sua-chefia-imediata-para-abonar-falta-ou-atraso-devido-as-fortes-chuvas-de-24-de-novembro\/#respond"]}]},{"@type":"WebPage","@id":"https:\/\/sintramem-sv.org.br\/sintramem\/servidor-solicite-a-sua-chefia-imediata-para-abonar-falta-ou-atraso-devido-as-fortes-chuvas-de-24-de-novembro\/","url":"https:\/\/sintramem-sv.org.br\/sintramem\/servidor-solicite-a-sua-chefia-imediata-para-abonar-falta-ou-atraso-devido-as-fortes-chuvas-de-24-de-novembro\/","name":"Servidor: solicite \u00e0 sua chefia imediata para abonar falta ou atraso devido \u00e0s fortes chuvas de 24 de novembro - SINTRAMEM","isPartOf":{"@id":"https:\/\/sintramem-sv.org.br\/sintramem\/#website"},"primaryImageOfPage":{"@id":"https:\/\/sintramem-sv.org.br\/sintramem\/servidor-solicite-a-sua-chefia-imediata-para-abonar-falta-ou-atraso-devido-as-fortes-chuvas-de-24-de-novembro\/#primaryimage"},"image":{"@id":"https:\/\/sintramem-sv.org.br\/sintramem\/servidor-solicite-a-sua-chefia-imediata-para-abonar-falta-ou-atraso-devido-as-fortes-chuvas-de-24-de-novembro\/#primaryimage"},"thumbnailUrl":"https:\/\/sintramem-sv.org.br\/sintramem\/wp-content\/uploads\/2025\/11\/Destacada-Fortes-Chuvas-SINTRAMEM.png","datePublished":"2025-11-24T21:14:27+00:00","dateModified":"2025-11-24T22:59:59+00:00","breadcrumb":{"@id":"https:\/\/sintramem-sv.org.br\/sintramem\/servidor-solicite-a-sua-chefia-imediata-para-abonar-falta-ou-atraso-devido-as-fortes-chuvas-de-24-de-novembro\/#breadcrumb"},"inLanguage":"pt-BR","potentialAction":[{"@type":"ReadAction","target":["https:\/\/sintramem-sv.org.br\/sintramem\/servidor-solicite-a-sua-chefia-imediata-para-abonar-falta-ou-atraso-devido-as-fortes-chuvas-de-24-de-novembro\/"]}]},{"@type":"ImageObject","inLanguage":"pt-BR","@id":"https:\/\/sintramem-sv.org.br\/sintramem\/servidor-solicite-a-sua-chefia-imediata-para-abonar-falta-ou-atraso-devido-as-fortes-chuvas-de-24-de-novembro\/#primaryimage","url":"https:\/\/sintramem-sv.org.br\/sintramem\/wp-content\/uploads\/2025\/11\/Destacada-Fortes-Chuvas-SINTRAMEM.png","contentUrl":"https:\/\/sintramem-sv.org.br\/sintramem\/wp-content\/uploads\/2025\/11\/Destacada-Fortes-Chuvas-SINTRAMEM.png","width":1294,"height":720},{"@type":"BreadcrumbList","@id":"https:\/\/sintramem-sv.org.br\/sintramem\/servidor-solicite-a-sua-chefia-imediata-para-abonar-falta-ou-atraso-devido-as-fortes-chuvas-de-24-de-novembro\/#breadcrumb","itemListElement":[{"@type":"ListItem","position":1,"name":"In\u00edcio","item":"https:\/\/sintramem-sv.org.br\/sintramem\/"},{"@type":"ListItem","position":2,"name":"Servidor: solicite \u00e0 sua chefia imediata para abonar falta ou atraso devido \u00e0s fortes chuvas de 24 de novembro"}]},{"@type":"WebSite","@id":"https:\/\/sintramem-sv.org.br\/sintramem\/#website","url":"https:\/\/sintramem-sv.org.br\/sintramem\/","name":"SINTRAMEM","description":"Sindicato dos Trabalhadores no Magist\u00e9rio e na Educa\u00e7\u00e3o de S\u00e3o Vicente","publisher":{"@id":"https:\/\/sintramem-sv.org.br\/sintramem\/#organization"},"potentialAction":[{"@type":"SearchAction","target":{"@type":"EntryPoint","urlTemplate":"https:\/\/sintramem-sv.org.br\/sintramem\/?s={search_term_string}"},"query-input":{"@type":"PropertyValueSpecification","valueRequired":true,"valueName":"search_term_string"}}],"inLanguage":"pt-BR"},{"@type":"Organization","@id":"https:\/\/sintramem-sv.org.br\/sintramem\/#organization","name":"SINTRAMEM","url":"https:\/\/sintramem-sv.org.br\/sintramem\/","logo":{"@type":"ImageObject","inLanguage":"pt-BR","@id":"https:\/\/sintramem-sv.org.br\/sintramem\/#\/schema\/logo\/image\/","url":"https:\/\/sintramem-sv.org.br\/sintramem\/wp-content\/uploads\/2017\/02\/SINTRAMEM-LOGO-OFICIAL-300x100-jpg.jpg","contentUrl":"https:\/\/sintramem-sv.org.br\/sintramem\/wp-content\/uploads\/2017\/02\/SINTRAMEM-LOGO-OFICIAL-300x100-jpg.jpg","width":150,"height":150,"caption":"SINTRAMEM"},"image":{"@id":"https:\/\/sintramem-sv.org.br\/sintramem\/#\/schema\/logo\/image\/"}},{"@type":"Person","@id":"https:\/\/sintramem-sv.org.br\/sintramem\/#\/schema\/person\/a8decb8ea63607d1e01e046c95ddcf2b","name":"sintramem","image":{"@type":"ImageObject","inLanguage":"pt-BR","@id":"https:\/\/sintramem-sv.org.br\/sintramem\/#\/schema\/person\/image\/","url":"https:\/\/secure.gravatar.com\/avatar\/8e06da3b0d4f051010117c848b52b9280a4228043717057ccccccc8b20ff8f48?s=96&d=mm&r=g","contentUrl":"https:\/\/secure.gravatar.com\/avatar\/8e06da3b0d4f051010117c848b52b9280a4228043717057ccccccc8b20ff8f48?s=96&d=mm&r=g","caption":"sintramem"},"description":"Sindicato dos Trabalhadores no Magist\u00e9rio e na Educa\u00e7\u00e3o Municipal de S\u00e3o Vicente","url":"https:\/\/sintramem-sv.org.br\/sintramem\/author\/sindsv\/"}]}},"_links":{"self":[{"href":"https:\/\/sintramem-sv.org.br\/sintramem\/wp-json\/wp\/v2\/posts\/9061","targetHints":{"allow":["GET"]}}],"collection":[{"href":"https:\/\/sintramem-sv.org.br\/sintramem\/wp-json\/wp\/v2\/posts"}],"about":[{"href":"https:\/\/sintramem-sv.org.br\/sintramem\/wp-json\/wp\/v2\/types\/post"}],"author":[{"embeddable":true,"href":"https:\/\/sintramem-sv.org.br\/sintramem\/wp-json\/wp\/v2\/users\/1"}],"replies":[{"embeddable":true,"href":"https:\/\/sintramem-sv.org.br\/sintramem\/wp-json\/wp\/v2\/comments?post=9061"}],"version-history":[{"count":10,"href":"https:\/\/sintramem-sv.org.br\/sintramem\/wp-json\/wp\/v2\/posts\/9061\/revisions"}],"predecessor-version":[{"id":9074,"href":"https:\/\/sintramem-sv.org.br\/sintramem\/wp-json\/wp\/v2\/posts\/9061\/revisions\/9074"}],"wp:featuredmedia":[{"embeddable":true,"href":"https:\/\/sintramem-sv.org.br\/sintramem\/wp-json\/wp\/v2\/media\/9071"}],"wp:attachment":[{"href":"https:\/\/sintramem-sv.org.br\/sintramem\/wp-json\/wp\/v2\/media?parent=9061"}],"wp:term":[{"taxonomy":"category","embeddable":true,"href":"https:\/\/sintramem-sv.org.br\/sintramem\/wp-json\/wp\/v2\/categories?post=9061"},{"taxonomy":"post_tag","embeddable":true,"href":"https:\/\/sintramem-sv.org.br\/sintramem\/wp-json\/wp\/v2\/tags?post=9061"}],"curies":[{"name":"wp","href":"https:\/\/api.w.org\/{rel}","templated":true}]}}