{"id":9045,"date":"2025-11-21T18:10:42","date_gmt":"2025-11-21T18:10:42","guid":{"rendered":"https:\/\/sintramem-sv.org.br\/sintramem\/?p=9045"},"modified":"2025-11-21T21:08:58","modified_gmt":"2025-11-21T21:08:58","slug":"resolucao-estabelece-regras-claras-para-uso-de-celulares-nas-escolas","status":"publish","type":"post","link":"https:\/\/sintramem-sv.org.br\/sintramem\/resolucao-estabelece-regras-claras-para-uso-de-celulares-nas-escolas\/","title":{"rendered":"Resolu\u00e7\u00e3o estabelece regras claras para uso de celulares nas escolas. Fim de um cap\u00edtulo de incertezas!"},"content":{"rendered":"<p><span style=\"font-size: 14pt;\">Ap\u00f3s intensa mobiliza\u00e7\u00e3o e debate, a rede municipal de ensino de S\u00e3o Vicente conta, finalmente, com um marco regulat\u00f3rio espec\u00edfico para o uso de aparelhos celulares e dispositivos eletr\u00f4nicos em seu ambiente escolar. A <a href=\"https:\/\/sintramem-sv.org.br\/sintramem\/wp-content\/uploads\/2025\/11\/Resolucao_02_25_Uso_do_Celular.pdf\" target=\"_blank\" rel=\"noopener\"><strong>Resolu\u00e7\u00e3o CME-SV N.\u00ba 02\/2025<\/strong><\/a>, publicada em 13 de novembro, representa um significativo avan\u00e7o na busca por um cotidiano mais organizado e prop\u00edcio ao ensino, atendendo a uma antiga reivindica\u00e7\u00e3o da categoria por diretrizes que assegurem a necess\u00e1ria tranquilidade para o exerc\u00edcio da doc\u00eancia.<\/span><\/p>\n<p><span style=\"font-size: 14pt;\"><strong><span style=\"text-decoration: underline;\">A conquista desta normativa \u00e9 um reflexo direto da luta da diretoria do <span style=\"color: #ff0000; text-decoration: underline;\">SINTRAMEM <\/span>por um ambiente de trabalho pedagogicamente saud\u00e1vel e seguro<\/span><\/strong>. Ao delimitar responsabilidades e definir condutas, a resolu\u00e7\u00e3o se configura como uma ferramenta essencial para que professores e funcion\u00e1rios possam focar em sua miss\u00e3o primordial: educar. Trata-se de um passo essencial para equilibrar a presen\u00e7a inevit\u00e1vel da tecnologia com a necessidade de um espa\u00e7o de concentra\u00e7\u00e3o, respeito e aprendizagem efetiva.<\/span><\/p>\n<p><span style=\"font-size: 14pt;\">O documento estabelece, <span style=\"text-decoration: underline;\"><strong>de maneira expl\u00edcita<\/strong><\/span>, a <span style=\"background-color: #ffff00;\"><strong>proibi\u00e7\u00e3o geral do manejo desses equipamentos por estudantes durante todo o per\u00edodo de perman\u00eancia na unidade escolar<\/strong><\/span>, abrangendo aulas, intervalos e atividades extracurriculares. A norma, no entanto, demonstra sensibilidade ao prever exce\u00e7\u00f5es fundamentais, permitindo a utiliza\u00e7\u00e3o para fins pedag\u00f3gicos previamente autorizados, em casos de acessibilidade comprovada ou para o monitoramento de condi\u00e7\u00f5es de sa\u00fade, mediante apresenta\u00e7\u00e3o de documenta\u00e7\u00e3o adequada.<\/span><\/p>\n<p><span style=\"font-size: 14pt;\"><a href=\"https:\/\/sintramem-sv.org.br\/sintramem\/wp-content\/uploads\/2025\/11\/Resolucao_02_25_Uso_do_Celular.pdf\" target=\"_blank\" rel=\"noopener\"><img loading=\"lazy\" decoding=\"async\" class=\"aligncenter wp-image-9046 size-full\" src=\"https:\/\/sintramem-sv.org.br\/sintramem\/wp-content\/uploads\/2025\/11\/bb.png\" alt=\"\" width=\"1080\" height=\"1350\" srcset=\"https:\/\/sintramem-sv.org.br\/sintramem\/wp-content\/uploads\/2025\/11\/bb.png 1080w, https:\/\/sintramem-sv.org.br\/sintramem\/wp-content\/uploads\/2025\/11\/bb-240x300.png 240w, https:\/\/sintramem-sv.org.br\/sintramem\/wp-content\/uploads\/2025\/11\/bb-819x1024.png 819w, https:\/\/sintramem-sv.org.br\/sintramem\/wp-content\/uploads\/2025\/11\/bb-768x960.png 768w\" sizes=\"auto, (max-width: 1080px) 100vw, 1080px\" \/><\/a><\/span><\/p>\n<p><span style=\"font-size: 18pt; color: #ffffff; background-color: #ff0000;\"><strong>DETALHES<\/strong><\/span><\/p>\n<p><span style=\"font-size: 14pt;\">Um dos pilares da resolu\u00e7\u00e3o \u00e9 a <span style=\"text-decoration: underline;\"><strong>previs\u00e3o de um escalonamento de medidas disciplinares em situa\u00e7\u00f5es de descumprimento<\/strong><\/span>, oferecendo um roteiro claro aos Educadores. As san\u00e7\u00f5es evoluem de uma advert\u00eancia verbal inicial at\u00e9 a convoca\u00e7\u00e3o formal dos respons\u00e1veis e a aplica\u00e7\u00e3o de procedimentos previstos no regimento interno das escolas, conferindo lastro legal e seguran\u00e7a \u00e0 atua\u00e7\u00e3o dos profissionais perante eventuais contesta\u00e7\u00f5es.<\/span><\/p>\n<p><img loading=\"lazy\" decoding=\"async\" class=\"aligncenter size-full wp-image-9058\" src=\"https:\/\/sintramem-sv.org.br\/sintramem\/wp-content\/uploads\/2025\/11\/Arte-Uso-de-Celulares-SINTRAMEM-1.png\" alt=\"\" width=\"1080\" height=\"1350\" srcset=\"https:\/\/sintramem-sv.org.br\/sintramem\/wp-content\/uploads\/2025\/11\/Arte-Uso-de-Celulares-SINTRAMEM-1.png 1080w, https:\/\/sintramem-sv.org.br\/sintramem\/wp-content\/uploads\/2025\/11\/Arte-Uso-de-Celulares-SINTRAMEM-1-240x300.png 240w, https:\/\/sintramem-sv.org.br\/sintramem\/wp-content\/uploads\/2025\/11\/Arte-Uso-de-Celulares-SINTRAMEM-1-819x1024.png 819w, https:\/\/sintramem-sv.org.br\/sintramem\/wp-content\/uploads\/2025\/11\/Arte-Uso-de-Celulares-SINTRAMEM-1-768x960.png 768w\" sizes=\"auto, (max-width: 1080px) 100vw, 1080px\" \/><\/p>\n","protected":false},"excerpt":{"rendered":"<p>Ap\u00f3s intensa mobiliza\u00e7\u00e3o e debate, a rede municipal de ensino de S\u00e3o Vicente conta, finalmente, com um marco regulat\u00f3rio espec\u00edfico para o uso de aparelhos celulares e dispositivos eletr\u00f4nicos em seu ambiente escolar. A Resolu\u00e7\u00e3o CME-SV N.\u00ba 02\/2025, publicada em 13 de novembro, representa um significativo avan\u00e7o na busca por um cotidiano mais organizado e&hellip;<\/p>\n","protected":false},"author":1,"featured_media":9052,"comment_status":"open","ping_status":"closed","sticky":false,"template":"","format":"standard","meta":{"_monsterinsights_skip_tracking":false,"_monsterinsights_sitenote_active":false,"_monsterinsights_sitenote_note":"","_monsterinsights_sitenote_category":0,"footnotes":""},"categories":[1],"tags":[],"class_list":["post-9045","post","type-post","status-publish","format-standard","has-post-thumbnail","hentry","category-sintramem-sintramem"],"yoast_head":"<!-- This site is optimized with the Yoast SEO plugin v27.0 - https:\/\/yoast.com\/product\/yoast-seo-wordpress\/ -->\n<title>Resolu\u00e7\u00e3o estabelece regras claras para uso de celulares nas escolas. Fim de um cap\u00edtulo de incertezas! - SINTRAMEM<\/title>\n<meta name=\"robots\" content=\"index, follow, max-snippet:-1, max-image-preview:large, max-video-preview:-1\" \/>\n<link rel=\"canonical\" href=\"https:\/\/sintramem-sv.org.br\/sintramem\/resolucao-estabelece-regras-claras-para-uso-de-celulares-nas-escolas\/\" \/>\n<meta property=\"og:locale\" content=\"pt_BR\" \/>\n<meta property=\"og:type\" content=\"article\" \/>\n<meta property=\"og:title\" content=\"Resolu\u00e7\u00e3o estabelece regras claras para uso de celulares nas escolas. Fim de um cap\u00edtulo de incertezas! - SINTRAMEM\" \/>\n<meta property=\"og:description\" content=\"Ap\u00f3s intensa mobiliza\u00e7\u00e3o e debate, a rede municipal de ensino de S\u00e3o Vicente conta, finalmente, com um marco regulat\u00f3rio espec\u00edfico para o uso de aparelhos celulares e dispositivos eletr\u00f4nicos em seu ambiente escolar. A Resolu\u00e7\u00e3o CME-SV N.\u00ba 02\/2025, publicada em 13 de novembro, representa um significativo avan\u00e7o na busca por um cotidiano mais organizado e&hellip;\" \/>\n<meta property=\"og:url\" content=\"https:\/\/sintramem-sv.org.br\/sintramem\/resolucao-estabelece-regras-claras-para-uso-de-celulares-nas-escolas\/\" \/>\n<meta property=\"og:site_name\" content=\"SINTRAMEM\" \/>\n<meta property=\"article:published_time\" content=\"2025-11-21T18:10:42+00:00\" \/>\n<meta property=\"article:modified_time\" content=\"2025-11-21T21:08:58+00:00\" \/>\n<meta property=\"og:image\" content=\"https:\/\/sintramem-sv.org.br\/sintramem\/wp-content\/uploads\/2025\/11\/menor-4.png\" \/>\n\t<meta property=\"og:image:width\" content=\"500\" \/>\n\t<meta property=\"og:image:height\" content=\"278\" \/>\n\t<meta property=\"og:image:type\" content=\"image\/png\" \/>\n<meta name=\"author\" content=\"sintramem\" \/>\n<meta name=\"twitter:card\" content=\"summary_large_image\" \/>\n<meta name=\"twitter:label1\" content=\"Escrito por\" \/>\n\t<meta name=\"twitter:data1\" content=\"sintramem\" \/>\n\t<meta name=\"twitter:label2\" content=\"Est. tempo de leitura\" \/>\n\t<meta name=\"twitter:data2\" content=\"3 minutos\" \/>\n<script type=\"application\/ld+json\" class=\"yoast-schema-graph\">{\"@context\":\"https:\/\/schema.org\",\"@graph\":[{\"@type\":\"Article\",\"@id\":\"https:\/\/sintramem-sv.org.br\/sintramem\/resolucao-estabelece-regras-claras-para-uso-de-celulares-nas-escolas\/#article\",\"isPartOf\":{\"@id\":\"https:\/\/sintramem-sv.org.br\/sintramem\/resolucao-estabelece-regras-claras-para-uso-de-celulares-nas-escolas\/\"},\"author\":{\"name\":\"sintramem\",\"@id\":\"https:\/\/sintramem-sv.org.br\/sintramem\/#\/schema\/person\/a8decb8ea63607d1e01e046c95ddcf2b\"},\"headline\":\"Resolu\u00e7\u00e3o estabelece regras claras para uso de celulares nas escolas. Fim de um cap\u00edtulo de incertezas!\",\"datePublished\":\"2025-11-21T18:10:42+00:00\",\"dateModified\":\"2025-11-21T21:08:58+00:00\",\"mainEntityOfPage\":{\"@id\":\"https:\/\/sintramem-sv.org.br\/sintramem\/resolucao-estabelece-regras-claras-para-uso-de-celulares-nas-escolas\/\"},\"wordCount\":334,\"commentCount\":0,\"publisher\":{\"@id\":\"https:\/\/sintramem-sv.org.br\/sintramem\/#organization\"},\"image\":{\"@id\":\"https:\/\/sintramem-sv.org.br\/sintramem\/resolucao-estabelece-regras-claras-para-uso-de-celulares-nas-escolas\/#primaryimage\"},\"thumbnailUrl\":\"https:\/\/sintramem-sv.org.br\/sintramem\/wp-content\/uploads\/2025\/11\/Destacada-Uso-de-Celulares-SINTRAMEM.png\",\"articleSection\":[\"sintramem\"],\"inLanguage\":\"pt-BR\",\"potentialAction\":[{\"@type\":\"CommentAction\",\"name\":\"Comment\",\"target\":[\"https:\/\/sintramem-sv.org.br\/sintramem\/resolucao-estabelece-regras-claras-para-uso-de-celulares-nas-escolas\/#respond\"]}]},{\"@type\":\"WebPage\",\"@id\":\"https:\/\/sintramem-sv.org.br\/sintramem\/resolucao-estabelece-regras-claras-para-uso-de-celulares-nas-escolas\/\",\"url\":\"https:\/\/sintramem-sv.org.br\/sintramem\/resolucao-estabelece-regras-claras-para-uso-de-celulares-nas-escolas\/\",\"name\":\"Resolu\u00e7\u00e3o estabelece regras claras para uso de celulares nas escolas. Fim de um cap\u00edtulo de incertezas! - SINTRAMEM\",\"isPartOf\":{\"@id\":\"https:\/\/sintramem-sv.org.br\/sintramem\/#website\"},\"primaryImageOfPage\":{\"@id\":\"https:\/\/sintramem-sv.org.br\/sintramem\/resolucao-estabelece-regras-claras-para-uso-de-celulares-nas-escolas\/#primaryimage\"},\"image\":{\"@id\":\"https:\/\/sintramem-sv.org.br\/sintramem\/resolucao-estabelece-regras-claras-para-uso-de-celulares-nas-escolas\/#primaryimage\"},\"thumbnailUrl\":\"https:\/\/sintramem-sv.org.br\/sintramem\/wp-content\/uploads\/2025\/11\/Destacada-Uso-de-Celulares-SINTRAMEM.png\",\"datePublished\":\"2025-11-21T18:10:42+00:00\",\"dateModified\":\"2025-11-21T21:08:58+00:00\",\"breadcrumb\":{\"@id\":\"https:\/\/sintramem-sv.org.br\/sintramem\/resolucao-estabelece-regras-claras-para-uso-de-celulares-nas-escolas\/#breadcrumb\"},\"inLanguage\":\"pt-BR\",\"potentialAction\":[{\"@type\":\"ReadAction\",\"target\":[\"https:\/\/sintramem-sv.org.br\/sintramem\/resolucao-estabelece-regras-claras-para-uso-de-celulares-nas-escolas\/\"]}]},{\"@type\":\"ImageObject\",\"inLanguage\":\"pt-BR\",\"@id\":\"https:\/\/sintramem-sv.org.br\/sintramem\/resolucao-estabelece-regras-claras-para-uso-de-celulares-nas-escolas\/#primaryimage\",\"url\":\"https:\/\/sintramem-sv.org.br\/sintramem\/wp-content\/uploads\/2025\/11\/Destacada-Uso-de-Celulares-SINTRAMEM.png\",\"contentUrl\":\"https:\/\/sintramem-sv.org.br\/sintramem\/wp-content\/uploads\/2025\/11\/Destacada-Uso-de-Celulares-SINTRAMEM.png\",\"width\":1294,\"height\":720},{\"@type\":\"BreadcrumbList\",\"@id\":\"https:\/\/sintramem-sv.org.br\/sintramem\/resolucao-estabelece-regras-claras-para-uso-de-celulares-nas-escolas\/#breadcrumb\",\"itemListElement\":[{\"@type\":\"ListItem\",\"position\":1,\"name\":\"In\u00edcio\",\"item\":\"https:\/\/sintramem-sv.org.br\/sintramem\/\"},{\"@type\":\"ListItem\",\"position\":2,\"name\":\"Resolu\u00e7\u00e3o estabelece regras claras para uso de celulares nas escolas. Fim de um cap\u00edtulo de incertezas!\"}]},{\"@type\":\"WebSite\",\"@id\":\"https:\/\/sintramem-sv.org.br\/sintramem\/#website\",\"url\":\"https:\/\/sintramem-sv.org.br\/sintramem\/\",\"name\":\"SINTRAMEM\",\"description\":\"Sindicato dos Trabalhadores no Magist\u00e9rio e na Educa\u00e7\u00e3o de S\u00e3o Vicente\",\"publisher\":{\"@id\":\"https:\/\/sintramem-sv.org.br\/sintramem\/#organization\"},\"potentialAction\":[{\"@type\":\"SearchAction\",\"target\":{\"@type\":\"EntryPoint\",\"urlTemplate\":\"https:\/\/sintramem-sv.org.br\/sintramem\/?s={search_term_string}\"},\"query-input\":{\"@type\":\"PropertyValueSpecification\",\"valueRequired\":true,\"valueName\":\"search_term_string\"}}],\"inLanguage\":\"pt-BR\"},{\"@type\":\"Organization\",\"@id\":\"https:\/\/sintramem-sv.org.br\/sintramem\/#organization\",\"name\":\"SINTRAMEM\",\"url\":\"https:\/\/sintramem-sv.org.br\/sintramem\/\",\"logo\":{\"@type\":\"ImageObject\",\"inLanguage\":\"pt-BR\",\"@id\":\"https:\/\/sintramem-sv.org.br\/sintramem\/#\/schema\/logo\/image\/\",\"url\":\"https:\/\/sintramem-sv.org.br\/sintramem\/wp-content\/uploads\/2017\/02\/SINTRAMEM-LOGO-OFICIAL-300x100-jpg.jpg\",\"contentUrl\":\"https:\/\/sintramem-sv.org.br\/sintramem\/wp-content\/uploads\/2017\/02\/SINTRAMEM-LOGO-OFICIAL-300x100-jpg.jpg\",\"width\":150,\"height\":150,\"caption\":\"SINTRAMEM\"},\"image\":{\"@id\":\"https:\/\/sintramem-sv.org.br\/sintramem\/#\/schema\/logo\/image\/\"}},{\"@type\":\"Person\",\"@id\":\"https:\/\/sintramem-sv.org.br\/sintramem\/#\/schema\/person\/a8decb8ea63607d1e01e046c95ddcf2b\",\"name\":\"sintramem\",\"image\":{\"@type\":\"ImageObject\",\"inLanguage\":\"pt-BR\",\"@id\":\"https:\/\/sintramem-sv.org.br\/sintramem\/#\/schema\/person\/image\/\",\"url\":\"https:\/\/secure.gravatar.com\/avatar\/8e06da3b0d4f051010117c848b52b9280a4228043717057ccccccc8b20ff8f48?s=96&d=mm&r=g\",\"contentUrl\":\"https:\/\/secure.gravatar.com\/avatar\/8e06da3b0d4f051010117c848b52b9280a4228043717057ccccccc8b20ff8f48?s=96&d=mm&r=g\",\"caption\":\"sintramem\"},\"description\":\"Sindicato dos Trabalhadores no Magist\u00e9rio e na Educa\u00e7\u00e3o Municipal de S\u00e3o Vicente\",\"url\":\"https:\/\/sintramem-sv.org.br\/sintramem\/author\/sindsv\/\"}]}<\/script>\n<!-- \/ Yoast SEO plugin. -->","yoast_head_json":{"title":"Resolu\u00e7\u00e3o estabelece regras claras para uso de celulares nas escolas. Fim de um cap\u00edtulo de incertezas! - SINTRAMEM","robots":{"index":"index","follow":"follow","max-snippet":"max-snippet:-1","max-image-preview":"max-image-preview:large","max-video-preview":"max-video-preview:-1"},"canonical":"https:\/\/sintramem-sv.org.br\/sintramem\/resolucao-estabelece-regras-claras-para-uso-de-celulares-nas-escolas\/","og_locale":"pt_BR","og_type":"article","og_title":"Resolu\u00e7\u00e3o estabelece regras claras para uso de celulares nas escolas. Fim de um cap\u00edtulo de incertezas! - SINTRAMEM","og_description":"Ap\u00f3s intensa mobiliza\u00e7\u00e3o e debate, a rede municipal de ensino de S\u00e3o Vicente conta, finalmente, com um marco regulat\u00f3rio espec\u00edfico para o uso de aparelhos celulares e dispositivos eletr\u00f4nicos em seu ambiente escolar. A Resolu\u00e7\u00e3o CME-SV N.\u00ba 02\/2025, publicada em 13 de novembro, representa um significativo avan\u00e7o na busca por um cotidiano mais organizado e&hellip;","og_url":"https:\/\/sintramem-sv.org.br\/sintramem\/resolucao-estabelece-regras-claras-para-uso-de-celulares-nas-escolas\/","og_site_name":"SINTRAMEM","article_published_time":"2025-11-21T18:10:42+00:00","article_modified_time":"2025-11-21T21:08:58+00:00","og_image":[{"width":500,"height":278,"url":"https:\/\/sintramem-sv.org.br\/sintramem\/wp-content\/uploads\/2025\/11\/menor-4.png","type":"image\/png"}],"author":"sintramem","twitter_card":"summary_large_image","twitter_misc":{"Escrito por":"sintramem","Est. tempo de leitura":"3 minutos"},"schema":{"@context":"https:\/\/schema.org","@graph":[{"@type":"Article","@id":"https:\/\/sintramem-sv.org.br\/sintramem\/resolucao-estabelece-regras-claras-para-uso-de-celulares-nas-escolas\/#article","isPartOf":{"@id":"https:\/\/sintramem-sv.org.br\/sintramem\/resolucao-estabelece-regras-claras-para-uso-de-celulares-nas-escolas\/"},"author":{"name":"sintramem","@id":"https:\/\/sintramem-sv.org.br\/sintramem\/#\/schema\/person\/a8decb8ea63607d1e01e046c95ddcf2b"},"headline":"Resolu\u00e7\u00e3o estabelece regras claras para uso de celulares nas escolas. Fim de um cap\u00edtulo de incertezas!","datePublished":"2025-11-21T18:10:42+00:00","dateModified":"2025-11-21T21:08:58+00:00","mainEntityOfPage":{"@id":"https:\/\/sintramem-sv.org.br\/sintramem\/resolucao-estabelece-regras-claras-para-uso-de-celulares-nas-escolas\/"},"wordCount":334,"commentCount":0,"publisher":{"@id":"https:\/\/sintramem-sv.org.br\/sintramem\/#organization"},"image":{"@id":"https:\/\/sintramem-sv.org.br\/sintramem\/resolucao-estabelece-regras-claras-para-uso-de-celulares-nas-escolas\/#primaryimage"},"thumbnailUrl":"https:\/\/sintramem-sv.org.br\/sintramem\/wp-content\/uploads\/2025\/11\/Destacada-Uso-de-Celulares-SINTRAMEM.png","articleSection":["sintramem"],"inLanguage":"pt-BR","potentialAction":[{"@type":"CommentAction","name":"Comment","target":["https:\/\/sintramem-sv.org.br\/sintramem\/resolucao-estabelece-regras-claras-para-uso-de-celulares-nas-escolas\/#respond"]}]},{"@type":"WebPage","@id":"https:\/\/sintramem-sv.org.br\/sintramem\/resolucao-estabelece-regras-claras-para-uso-de-celulares-nas-escolas\/","url":"https:\/\/sintramem-sv.org.br\/sintramem\/resolucao-estabelece-regras-claras-para-uso-de-celulares-nas-escolas\/","name":"Resolu\u00e7\u00e3o estabelece regras claras para uso de celulares nas escolas. Fim de um cap\u00edtulo de incertezas! - SINTRAMEM","isPartOf":{"@id":"https:\/\/sintramem-sv.org.br\/sintramem\/#website"},"primaryImageOfPage":{"@id":"https:\/\/sintramem-sv.org.br\/sintramem\/resolucao-estabelece-regras-claras-para-uso-de-celulares-nas-escolas\/#primaryimage"},"image":{"@id":"https:\/\/sintramem-sv.org.br\/sintramem\/resolucao-estabelece-regras-claras-para-uso-de-celulares-nas-escolas\/#primaryimage"},"thumbnailUrl":"https:\/\/sintramem-sv.org.br\/sintramem\/wp-content\/uploads\/2025\/11\/Destacada-Uso-de-Celulares-SINTRAMEM.png","datePublished":"2025-11-21T18:10:42+00:00","dateModified":"2025-11-21T21:08:58+00:00","breadcrumb":{"@id":"https:\/\/sintramem-sv.org.br\/sintramem\/resolucao-estabelece-regras-claras-para-uso-de-celulares-nas-escolas\/#breadcrumb"},"inLanguage":"pt-BR","potentialAction":[{"@type":"ReadAction","target":["https:\/\/sintramem-sv.org.br\/sintramem\/resolucao-estabelece-regras-claras-para-uso-de-celulares-nas-escolas\/"]}]},{"@type":"ImageObject","inLanguage":"pt-BR","@id":"https:\/\/sintramem-sv.org.br\/sintramem\/resolucao-estabelece-regras-claras-para-uso-de-celulares-nas-escolas\/#primaryimage","url":"https:\/\/sintramem-sv.org.br\/sintramem\/wp-content\/uploads\/2025\/11\/Destacada-Uso-de-Celulares-SINTRAMEM.png","contentUrl":"https:\/\/sintramem-sv.org.br\/sintramem\/wp-content\/uploads\/2025\/11\/Destacada-Uso-de-Celulares-SINTRAMEM.png","width":1294,"height":720},{"@type":"BreadcrumbList","@id":"https:\/\/sintramem-sv.org.br\/sintramem\/resolucao-estabelece-regras-claras-para-uso-de-celulares-nas-escolas\/#breadcrumb","itemListElement":[{"@type":"ListItem","position":1,"name":"In\u00edcio","item":"https:\/\/sintramem-sv.org.br\/sintramem\/"},{"@type":"ListItem","position":2,"name":"Resolu\u00e7\u00e3o estabelece regras claras para uso de celulares nas escolas. Fim de um cap\u00edtulo de incertezas!"}]},{"@type":"WebSite","@id":"https:\/\/sintramem-sv.org.br\/sintramem\/#website","url":"https:\/\/sintramem-sv.org.br\/sintramem\/","name":"SINTRAMEM","description":"Sindicato dos Trabalhadores no Magist\u00e9rio e na Educa\u00e7\u00e3o de S\u00e3o Vicente","publisher":{"@id":"https:\/\/sintramem-sv.org.br\/sintramem\/#organization"},"potentialAction":[{"@type":"SearchAction","target":{"@type":"EntryPoint","urlTemplate":"https:\/\/sintramem-sv.org.br\/sintramem\/?s={search_term_string}"},"query-input":{"@type":"PropertyValueSpecification","valueRequired":true,"valueName":"search_term_string"}}],"inLanguage":"pt-BR"},{"@type":"Organization","@id":"https:\/\/sintramem-sv.org.br\/sintramem\/#organization","name":"SINTRAMEM","url":"https:\/\/sintramem-sv.org.br\/sintramem\/","logo":{"@type":"ImageObject","inLanguage":"pt-BR","@id":"https:\/\/sintramem-sv.org.br\/sintramem\/#\/schema\/logo\/image\/","url":"https:\/\/sintramem-sv.org.br\/sintramem\/wp-content\/uploads\/2017\/02\/SINTRAMEM-LOGO-OFICIAL-300x100-jpg.jpg","contentUrl":"https:\/\/sintramem-sv.org.br\/sintramem\/wp-content\/uploads\/2017\/02\/SINTRAMEM-LOGO-OFICIAL-300x100-jpg.jpg","width":150,"height":150,"caption":"SINTRAMEM"},"image":{"@id":"https:\/\/sintramem-sv.org.br\/sintramem\/#\/schema\/logo\/image\/"}},{"@type":"Person","@id":"https:\/\/sintramem-sv.org.br\/sintramem\/#\/schema\/person\/a8decb8ea63607d1e01e046c95ddcf2b","name":"sintramem","image":{"@type":"ImageObject","inLanguage":"pt-BR","@id":"https:\/\/sintramem-sv.org.br\/sintramem\/#\/schema\/person\/image\/","url":"https:\/\/secure.gravatar.com\/avatar\/8e06da3b0d4f051010117c848b52b9280a4228043717057ccccccc8b20ff8f48?s=96&d=mm&r=g","contentUrl":"https:\/\/secure.gravatar.com\/avatar\/8e06da3b0d4f051010117c848b52b9280a4228043717057ccccccc8b20ff8f48?s=96&d=mm&r=g","caption":"sintramem"},"description":"Sindicato dos Trabalhadores no Magist\u00e9rio e na Educa\u00e7\u00e3o Municipal de S\u00e3o Vicente","url":"https:\/\/sintramem-sv.org.br\/sintramem\/author\/sindsv\/"}]}},"_links":{"self":[{"href":"https:\/\/sintramem-sv.org.br\/sintramem\/wp-json\/wp\/v2\/posts\/9045","targetHints":{"allow":["GET"]}}],"collection":[{"href":"https:\/\/sintramem-sv.org.br\/sintramem\/wp-json\/wp\/v2\/posts"}],"about":[{"href":"https:\/\/sintramem-sv.org.br\/sintramem\/wp-json\/wp\/v2\/types\/post"}],"author":[{"embeddable":true,"href":"https:\/\/sintramem-sv.org.br\/sintramem\/wp-json\/wp\/v2\/users\/1"}],"replies":[{"embeddable":true,"href":"https:\/\/sintramem-sv.org.br\/sintramem\/wp-json\/wp\/v2\/comments?post=9045"}],"version-history":[{"count":8,"href":"https:\/\/sintramem-sv.org.br\/sintramem\/wp-json\/wp\/v2\/posts\/9045\/revisions"}],"predecessor-version":[{"id":9059,"href":"https:\/\/sintramem-sv.org.br\/sintramem\/wp-json\/wp\/v2\/posts\/9045\/revisions\/9059"}],"wp:featuredmedia":[{"embeddable":true,"href":"https:\/\/sintramem-sv.org.br\/sintramem\/wp-json\/wp\/v2\/media\/9052"}],"wp:attachment":[{"href":"https:\/\/sintramem-sv.org.br\/sintramem\/wp-json\/wp\/v2\/media?parent=9045"}],"wp:term":[{"taxonomy":"category","embeddable":true,"href":"https:\/\/sintramem-sv.org.br\/sintramem\/wp-json\/wp\/v2\/categories?post=9045"},{"taxonomy":"post_tag","embeddable":true,"href":"https:\/\/sintramem-sv.org.br\/sintramem\/wp-json\/wp\/v2\/tags?post=9045"}],"curies":[{"name":"wp","href":"https:\/\/api.w.org\/{rel}","templated":true}]}}