{"id":8968,"date":"2025-11-11T19:54:14","date_gmt":"2025-11-11T19:54:14","guid":{"rendered":"https:\/\/sintramem-sv.org.br\/sintramem\/?p=8968"},"modified":"2025-11-11T21:31:55","modified_gmt":"2025-11-11T21:31:55","slug":"justica-acata-pedidos-do-sintramem-e-tem-garantido-direito-ao-adicional-de-pos-graduacao-dos-professores-associados-temos-300-acoes-em-andamento","status":"publish","type":"post","link":"https:\/\/sintramem-sv.org.br\/sintramem\/justica-acata-pedidos-do-sintramem-e-tem-garantido-direito-ao-adicional-de-pos-graduacao-dos-professores-associados-temos-300-acoes-em-andamento\/","title":{"rendered":"Justi\u00e7a acata pedidos do SINTRAMEM e tem garantido direito ao Adicional de P\u00f3s-Gradua\u00e7\u00e3o dos Professores associados. Temos 300 a\u00e7\u00f5es em andamento!"},"content":{"rendered":"<p><span style=\"font-size: 14pt;\">Em mais uma decis\u00e3o que refor\u00e7a os direitos da categoria, o Poder Judici\u00e1rio acatou integralmente os pleitos defendidos pelo <span style=\"color: #ff0000;\"><strong>SINTRAMEM<\/strong><\/span> e determinou a imediata restitui\u00e7\u00e3o do Adicional de P\u00f3s-Gradua\u00e7\u00e3o a uma Professora associada. A senten\u00e7a, proferida pelo Juiz de Direito <strong>Dr. Leonardo de Mello Gon\u00e7alves<\/strong>, do Tribunal de Justi\u00e7a do Estado de S\u00e3o Paulo, Comarca de S\u00e3o Vicente, representa um novo e significativo avan\u00e7o na luta pela valoriza\u00e7\u00e3o profissional e pela manuten\u00e7\u00e3o das conquistas legais dos educadores municipais.<\/span><\/p>\n<p><span style=\"font-size: 18pt; color: #ffffff; background-color: #ff0000;\"><strong>NENHUMA PERDA!<\/strong><\/span><\/p>\n<p><span style=\"font-size: 14pt;\">O Magistrado fundamentou sua decis\u00e3o no <span style=\"background-color: #ffff00;\"><strong>princ\u00edpio constitucional da irredutibilidade de vencimentos<\/strong><\/span>, afastando os argumentos da Prefeitura. A alega\u00e7\u00e3o municipal de que a revoga\u00e7\u00e3o da lei original permitiria a supress\u00e3o do benef\u00edcio foi <span style=\"text-decoration: underline;\"><strong>rejeitada<\/strong><\/span>, confirmando que o direito dos Servidores ao adicional, tal como previsto na <a href=\"https:\/\/leismunicipais.com.br\/a\/sp\/s\/sao-vicente\/lei-complementar\/2015\/80\/806\/lei-complementar-n-806-2015-institui-estrutura-e-organiza-o-estatuto-do-magisterio-publico-municipal-da-educacao-basica-e-da-outras-providencias\" target=\"_blank\" rel=\"noopener\"><strong>Lei Municipal n\u00ba 806\/2015<\/strong><\/a>, encontra-se resguardado pela Constitui\u00e7\u00e3o Federal. A senten\u00e7a reconhece o adicional de p\u00f3s-gradua\u00e7\u00e3o, uma vez incorporado aos proventos do educador, como vantagem pessoal de car\u00e1ter permanente.<\/span><\/p>\n<p><span style=\"font-size: 18pt; color: #ffffff; background-color: #ff0000;\"><strong>DETALHES<\/strong><\/span><\/p>\n<p><span style=\"font-size: 14pt;\">Esta vit\u00f3ria judicial individual n\u00e3o \u00e9 um caso isolado, mas sim um importante precedente para uma batalha coletiva mais ampla. O <span style=\"color: #ff0000;\"><strong>SINTRAMEM<\/strong><\/span> move atualmente cerca de<strong> 300 a\u00e7\u00f5es judiciais<\/strong> em defesa desse mesmo direito, demonstrando o comprometimento da entidade em combater a retirada unilateral de uma vantagem j\u00e1 consolidada. Paralelamente, o Sindicato tamb\u00e9m ajuizou uma <strong>A\u00e7\u00e3o Civil P\u00fablica<\/strong> questionando a legalidade da <a href=\"https:\/\/leismunicipais.com.br\/a\/sp\/s\/sao-vicente\/lei-complementar\/2025\/121\/1204\/lei-complementar-n-1204-2025-altera-a-lei-complementar-n-806-de-26-de-agosto-de-2015-e-da-outras-providencias\" target=\"_blank\" rel=\"noopener\"><strong>Lei Complementar n\u00ba 1.204\/25<\/strong><\/a>, que suprimiu a gratifica\u00e7\u00e3o.<\/span><\/p>\n<p><span style=\"font-size: 14pt;\">Al\u00e9m do restabelecimento do pagamento, <span style=\"background-color: #ffff00;\"><strong>a decis\u00e3o condena a Administra\u00e7\u00e3o Municipal ao pagamento integral das diferen\u00e7as salariais referentes aos meses em que o benef\u00edcio ficou suspenso<\/strong><\/span>. Os valores retroativos, devidos a partir do ajuizamento da a\u00e7\u00e3o, ser\u00e3o devidamente apurados e atualizados monetariamente pela taxa SELIC, conforme determina a legisla\u00e7\u00e3o, garantindo assim a repara\u00e7\u00e3o integral do preju\u00edzo financeiro causado aos profissionais.<\/span><\/p>\n<p><span style=\"font-size: 18pt; color: #ffffff; background-color: #ff0000;\"><strong>POSI\u00c7\u00c3O DO SINDICATO<\/strong><\/span><\/p>\n<blockquote><p><span style=\"font-size: 14pt;\">&#8220;Esta vit\u00f3ria consolida o entendimento de que direitos j\u00e1 consolidados ao patrim\u00f4nio do Servidor n\u00e3o podem ser suprimidos por leis posteriores. A nova legisla\u00e7\u00e3o, portanto, aplica-se apenas aos casos futuros, n\u00e3o podendo alcan\u00e7ar aqueles que, como os associados autores da a\u00e7\u00e3o, j\u00e1 cumpriram todos os requisitos legais e tinham o benef\u00edcio formalmente integrado \u00e0 sua remunera\u00e7\u00e3o. O Jur\u00eddico do <span style=\"color: #ff0000;\"><strong>SINTRAMEM<\/strong><\/span> tem sido certeiro e obtido essas importantes vit\u00f3rias&#8221;, comenta nosso diretor <strong>Thobias Paraguai<\/strong>.<\/span><\/p><\/blockquote>\n<p><img loading=\"lazy\" decoding=\"async\" class=\"aligncenter size-full wp-image-8970\" src=\"https:\/\/sintramem-sv.org.br\/sintramem\/wp-content\/uploads\/2025\/11\/aqet.png\" alt=\"\" width=\"1080\" height=\"1350\" srcset=\"https:\/\/sintramem-sv.org.br\/sintramem\/wp-content\/uploads\/2025\/11\/aqet.png 1080w, https:\/\/sintramem-sv.org.br\/sintramem\/wp-content\/uploads\/2025\/11\/aqet-240x300.png 240w, https:\/\/sintramem-sv.org.br\/sintramem\/wp-content\/uploads\/2025\/11\/aqet-819x1024.png 819w, https:\/\/sintramem-sv.org.br\/sintramem\/wp-content\/uploads\/2025\/11\/aqet-768x960.png 768w\" sizes=\"auto, (max-width: 1080px) 100vw, 1080px\" \/><\/p>\n<p><img loading=\"lazy\" decoding=\"async\" class=\"aligncenter size-full wp-image-8978\" src=\"https:\/\/sintramem-sv.org.br\/sintramem\/wp-content\/uploads\/2000\/11\/Arte-Vitoria-Adicional-de-Pos-graduacao-SINTRAMEM.png\" alt=\"\" width=\"1080\" height=\"1350\" srcset=\"https:\/\/sintramem-sv.org.br\/sintramem\/wp-content\/uploads\/2000\/11\/Arte-Vitoria-Adicional-de-Pos-graduacao-SINTRAMEM.png 1080w, https:\/\/sintramem-sv.org.br\/sintramem\/wp-content\/uploads\/2000\/11\/Arte-Vitoria-Adicional-de-Pos-graduacao-SINTRAMEM-240x300.png 240w, https:\/\/sintramem-sv.org.br\/sintramem\/wp-content\/uploads\/2000\/11\/Arte-Vitoria-Adicional-de-Pos-graduacao-SINTRAMEM-819x1024.png 819w, https:\/\/sintramem-sv.org.br\/sintramem\/wp-content\/uploads\/2000\/11\/Arte-Vitoria-Adicional-de-Pos-graduacao-SINTRAMEM-768x960.png 768w\" sizes=\"auto, (max-width: 1080px) 100vw, 1080px\" \/><\/p>\n","protected":false},"excerpt":{"rendered":"<p>Em mais uma decis\u00e3o que refor\u00e7a os direitos da categoria, o Poder Judici\u00e1rio acatou integralmente os pleitos defendidos pelo SINTRAMEM e determinou a imediata restitui\u00e7\u00e3o do Adicional de P\u00f3s-Gradua\u00e7\u00e3o a uma Professora associada. A senten\u00e7a, proferida pelo Juiz de Direito Dr. Leonardo de Mello Gon\u00e7alves, do Tribunal de Justi\u00e7a do Estado de S\u00e3o Paulo, Comarca&hellip;<\/p>\n","protected":false},"author":1,"featured_media":8979,"comment_status":"open","ping_status":"closed","sticky":false,"template":"","format":"standard","meta":{"_monsterinsights_skip_tracking":false,"_monsterinsights_sitenote_active":false,"_monsterinsights_sitenote_note":"","_monsterinsights_sitenote_category":0,"footnotes":""},"categories":[19],"tags":[],"class_list":["post-8968","post","type-post","status-publish","format-standard","has-post-thumbnail","hentry","category-sintramem"],"yoast_head":"<!-- This site is optimized with the Yoast SEO plugin v27.0 - https:\/\/yoast.com\/product\/yoast-seo-wordpress\/ -->\n<title>Justi\u00e7a acata pedidos do SINTRAMEM e tem garantido direito ao Adicional de P\u00f3s-Gradua\u00e7\u00e3o dos Professores associados. Temos 300 a\u00e7\u00f5es em andamento! - SINTRAMEM<\/title>\n<meta name=\"robots\" content=\"index, follow, max-snippet:-1, max-image-preview:large, max-video-preview:-1\" \/>\n<link rel=\"canonical\" href=\"https:\/\/sintramem-sv.org.br\/sintramem\/justica-acata-pedidos-do-sintramem-e-tem-garantido-direito-ao-adicional-de-pos-graduacao-dos-professores-associados-temos-300-acoes-em-andamento\/\" \/>\n<meta property=\"og:locale\" content=\"pt_BR\" \/>\n<meta property=\"og:type\" content=\"article\" \/>\n<meta property=\"og:title\" content=\"Justi\u00e7a acata pedidos do SINTRAMEM e tem garantido direito ao Adicional de P\u00f3s-Gradua\u00e7\u00e3o dos Professores associados. Temos 300 a\u00e7\u00f5es em andamento! - SINTRAMEM\" \/>\n<meta property=\"og:description\" content=\"Em mais uma decis\u00e3o que refor\u00e7a os direitos da categoria, o Poder Judici\u00e1rio acatou integralmente os pleitos defendidos pelo SINTRAMEM e determinou a imediata restitui\u00e7\u00e3o do Adicional de P\u00f3s-Gradua\u00e7\u00e3o a uma Professora associada. A senten\u00e7a, proferida pelo Juiz de Direito Dr. Leonardo de Mello Gon\u00e7alves, do Tribunal de Justi\u00e7a do Estado de S\u00e3o Paulo, Comarca&hellip;\" \/>\n<meta property=\"og:url\" content=\"https:\/\/sintramem-sv.org.br\/sintramem\/justica-acata-pedidos-do-sintramem-e-tem-garantido-direito-ao-adicional-de-pos-graduacao-dos-professores-associados-temos-300-acoes-em-andamento\/\" \/>\n<meta property=\"og:site_name\" content=\"SINTRAMEM\" \/>\n<meta property=\"article:published_time\" content=\"2025-11-11T19:54:14+00:00\" \/>\n<meta property=\"article:modified_time\" content=\"2025-11-11T21:31:55+00:00\" \/>\n<meta property=\"og:image\" content=\"https:\/\/sintramem-sv.org.br\/sintramem\/wp-content\/uploads\/2000\/11\/menor-2.png\" \/>\n\t<meta property=\"og:image:width\" content=\"500\" \/>\n\t<meta property=\"og:image:height\" content=\"278\" \/>\n\t<meta property=\"og:image:type\" content=\"image\/png\" \/>\n<meta name=\"author\" content=\"sintramem\" \/>\n<meta name=\"twitter:card\" content=\"summary_large_image\" \/>\n<meta name=\"twitter:label1\" content=\"Escrito por\" \/>\n\t<meta name=\"twitter:data1\" content=\"sintramem\" \/>\n\t<meta name=\"twitter:label2\" content=\"Est. tempo de leitura\" \/>\n\t<meta name=\"twitter:data2\" content=\"3 minutos\" \/>\n<script type=\"application\/ld+json\" class=\"yoast-schema-graph\">{\"@context\":\"https:\/\/schema.org\",\"@graph\":[{\"@type\":\"Article\",\"@id\":\"https:\/\/sintramem-sv.org.br\/sintramem\/justica-acata-pedidos-do-sintramem-e-tem-garantido-direito-ao-adicional-de-pos-graduacao-dos-professores-associados-temos-300-acoes-em-andamento\/#article\",\"isPartOf\":{\"@id\":\"https:\/\/sintramem-sv.org.br\/sintramem\/justica-acata-pedidos-do-sintramem-e-tem-garantido-direito-ao-adicional-de-pos-graduacao-dos-professores-associados-temos-300-acoes-em-andamento\/\"},\"author\":{\"name\":\"sintramem\",\"@id\":\"https:\/\/sintramem-sv.org.br\/sintramem\/#\/schema\/person\/a8decb8ea63607d1e01e046c95ddcf2b\"},\"headline\":\"Justi\u00e7a acata pedidos do SINTRAMEM e tem garantido direito ao Adicional de P\u00f3s-Gradua\u00e7\u00e3o dos Professores associados. Temos 300 a\u00e7\u00f5es em andamento!\",\"datePublished\":\"2025-11-11T19:54:14+00:00\",\"dateModified\":\"2025-11-11T21:31:55+00:00\",\"mainEntityOfPage\":{\"@id\":\"https:\/\/sintramem-sv.org.br\/sintramem\/justica-acata-pedidos-do-sintramem-e-tem-garantido-direito-ao-adicional-de-pos-graduacao-dos-professores-associados-temos-300-acoes-em-andamento\/\"},\"wordCount\":435,\"commentCount\":0,\"publisher\":{\"@id\":\"https:\/\/sintramem-sv.org.br\/sintramem\/#organization\"},\"image\":{\"@id\":\"https:\/\/sintramem-sv.org.br\/sintramem\/justica-acata-pedidos-do-sintramem-e-tem-garantido-direito-ao-adicional-de-pos-graduacao-dos-professores-associados-temos-300-acoes-em-andamento\/#primaryimage\"},\"thumbnailUrl\":\"https:\/\/sintramem-sv.org.br\/sintramem\/wp-content\/uploads\/2000\/11\/Destacada-Vitoria-Adicional-de-Pos-graduacao-SINTRAMEM.png\",\"articleSection\":[\"Sintramem\"],\"inLanguage\":\"pt-BR\",\"potentialAction\":[{\"@type\":\"CommentAction\",\"name\":\"Comment\",\"target\":[\"https:\/\/sintramem-sv.org.br\/sintramem\/justica-acata-pedidos-do-sintramem-e-tem-garantido-direito-ao-adicional-de-pos-graduacao-dos-professores-associados-temos-300-acoes-em-andamento\/#respond\"]}]},{\"@type\":\"WebPage\",\"@id\":\"https:\/\/sintramem-sv.org.br\/sintramem\/justica-acata-pedidos-do-sintramem-e-tem-garantido-direito-ao-adicional-de-pos-graduacao-dos-professores-associados-temos-300-acoes-em-andamento\/\",\"url\":\"https:\/\/sintramem-sv.org.br\/sintramem\/justica-acata-pedidos-do-sintramem-e-tem-garantido-direito-ao-adicional-de-pos-graduacao-dos-professores-associados-temos-300-acoes-em-andamento\/\",\"name\":\"Justi\u00e7a acata pedidos do SINTRAMEM e tem garantido direito ao Adicional de P\u00f3s-Gradua\u00e7\u00e3o dos Professores associados. Temos 300 a\u00e7\u00f5es em andamento! - SINTRAMEM\",\"isPartOf\":{\"@id\":\"https:\/\/sintramem-sv.org.br\/sintramem\/#website\"},\"primaryImageOfPage\":{\"@id\":\"https:\/\/sintramem-sv.org.br\/sintramem\/justica-acata-pedidos-do-sintramem-e-tem-garantido-direito-ao-adicional-de-pos-graduacao-dos-professores-associados-temos-300-acoes-em-andamento\/#primaryimage\"},\"image\":{\"@id\":\"https:\/\/sintramem-sv.org.br\/sintramem\/justica-acata-pedidos-do-sintramem-e-tem-garantido-direito-ao-adicional-de-pos-graduacao-dos-professores-associados-temos-300-acoes-em-andamento\/#primaryimage\"},\"thumbnailUrl\":\"https:\/\/sintramem-sv.org.br\/sintramem\/wp-content\/uploads\/2000\/11\/Destacada-Vitoria-Adicional-de-Pos-graduacao-SINTRAMEM.png\",\"datePublished\":\"2025-11-11T19:54:14+00:00\",\"dateModified\":\"2025-11-11T21:31:55+00:00\",\"breadcrumb\":{\"@id\":\"https:\/\/sintramem-sv.org.br\/sintramem\/justica-acata-pedidos-do-sintramem-e-tem-garantido-direito-ao-adicional-de-pos-graduacao-dos-professores-associados-temos-300-acoes-em-andamento\/#breadcrumb\"},\"inLanguage\":\"pt-BR\",\"potentialAction\":[{\"@type\":\"ReadAction\",\"target\":[\"https:\/\/sintramem-sv.org.br\/sintramem\/justica-acata-pedidos-do-sintramem-e-tem-garantido-direito-ao-adicional-de-pos-graduacao-dos-professores-associados-temos-300-acoes-em-andamento\/\"]}]},{\"@type\":\"ImageObject\",\"inLanguage\":\"pt-BR\",\"@id\":\"https:\/\/sintramem-sv.org.br\/sintramem\/justica-acata-pedidos-do-sintramem-e-tem-garantido-direito-ao-adicional-de-pos-graduacao-dos-professores-associados-temos-300-acoes-em-andamento\/#primaryimage\",\"url\":\"https:\/\/sintramem-sv.org.br\/sintramem\/wp-content\/uploads\/2000\/11\/Destacada-Vitoria-Adicional-de-Pos-graduacao-SINTRAMEM.png\",\"contentUrl\":\"https:\/\/sintramem-sv.org.br\/sintramem\/wp-content\/uploads\/2000\/11\/Destacada-Vitoria-Adicional-de-Pos-graduacao-SINTRAMEM.png\",\"width\":1294,\"height\":720},{\"@type\":\"BreadcrumbList\",\"@id\":\"https:\/\/sintramem-sv.org.br\/sintramem\/justica-acata-pedidos-do-sintramem-e-tem-garantido-direito-ao-adicional-de-pos-graduacao-dos-professores-associados-temos-300-acoes-em-andamento\/#breadcrumb\",\"itemListElement\":[{\"@type\":\"ListItem\",\"position\":1,\"name\":\"In\u00edcio\",\"item\":\"https:\/\/sintramem-sv.org.br\/sintramem\/\"},{\"@type\":\"ListItem\",\"position\":2,\"name\":\"Justi\u00e7a acata pedidos do SINTRAMEM e tem garantido direito ao Adicional de P\u00f3s-Gradua\u00e7\u00e3o dos Professores associados. Temos 300 a\u00e7\u00f5es em andamento!\"}]},{\"@type\":\"WebSite\",\"@id\":\"https:\/\/sintramem-sv.org.br\/sintramem\/#website\",\"url\":\"https:\/\/sintramem-sv.org.br\/sintramem\/\",\"name\":\"SINTRAMEM\",\"description\":\"Sindicato dos Trabalhadores no Magist\u00e9rio e na Educa\u00e7\u00e3o de S\u00e3o Vicente\",\"publisher\":{\"@id\":\"https:\/\/sintramem-sv.org.br\/sintramem\/#organization\"},\"potentialAction\":[{\"@type\":\"SearchAction\",\"target\":{\"@type\":\"EntryPoint\",\"urlTemplate\":\"https:\/\/sintramem-sv.org.br\/sintramem\/?s={search_term_string}\"},\"query-input\":{\"@type\":\"PropertyValueSpecification\",\"valueRequired\":true,\"valueName\":\"search_term_string\"}}],\"inLanguage\":\"pt-BR\"},{\"@type\":\"Organization\",\"@id\":\"https:\/\/sintramem-sv.org.br\/sintramem\/#organization\",\"name\":\"SINTRAMEM\",\"url\":\"https:\/\/sintramem-sv.org.br\/sintramem\/\",\"logo\":{\"@type\":\"ImageObject\",\"inLanguage\":\"pt-BR\",\"@id\":\"https:\/\/sintramem-sv.org.br\/sintramem\/#\/schema\/logo\/image\/\",\"url\":\"https:\/\/sintramem-sv.org.br\/sintramem\/wp-content\/uploads\/2017\/02\/SINTRAMEM-LOGO-OFICIAL-300x100-jpg.jpg\",\"contentUrl\":\"https:\/\/sintramem-sv.org.br\/sintramem\/wp-content\/uploads\/2017\/02\/SINTRAMEM-LOGO-OFICIAL-300x100-jpg.jpg\",\"width\":150,\"height\":150,\"caption\":\"SINTRAMEM\"},\"image\":{\"@id\":\"https:\/\/sintramem-sv.org.br\/sintramem\/#\/schema\/logo\/image\/\"}},{\"@type\":\"Person\",\"@id\":\"https:\/\/sintramem-sv.org.br\/sintramem\/#\/schema\/person\/a8decb8ea63607d1e01e046c95ddcf2b\",\"name\":\"sintramem\",\"image\":{\"@type\":\"ImageObject\",\"inLanguage\":\"pt-BR\",\"@id\":\"https:\/\/sintramem-sv.org.br\/sintramem\/#\/schema\/person\/image\/\",\"url\":\"https:\/\/secure.gravatar.com\/avatar\/8e06da3b0d4f051010117c848b52b9280a4228043717057ccccccc8b20ff8f48?s=96&d=mm&r=g\",\"contentUrl\":\"https:\/\/secure.gravatar.com\/avatar\/8e06da3b0d4f051010117c848b52b9280a4228043717057ccccccc8b20ff8f48?s=96&d=mm&r=g\",\"caption\":\"sintramem\"},\"description\":\"Sindicato dos Trabalhadores no Magist\u00e9rio e na Educa\u00e7\u00e3o Municipal de S\u00e3o Vicente\",\"url\":\"https:\/\/sintramem-sv.org.br\/sintramem\/author\/sindsv\/\"}]}<\/script>\n<!-- \/ Yoast SEO plugin. -->","yoast_head_json":{"title":"Justi\u00e7a acata pedidos do SINTRAMEM e tem garantido direito ao Adicional de P\u00f3s-Gradua\u00e7\u00e3o dos Professores associados. Temos 300 a\u00e7\u00f5es em andamento! - SINTRAMEM","robots":{"index":"index","follow":"follow","max-snippet":"max-snippet:-1","max-image-preview":"max-image-preview:large","max-video-preview":"max-video-preview:-1"},"canonical":"https:\/\/sintramem-sv.org.br\/sintramem\/justica-acata-pedidos-do-sintramem-e-tem-garantido-direito-ao-adicional-de-pos-graduacao-dos-professores-associados-temos-300-acoes-em-andamento\/","og_locale":"pt_BR","og_type":"article","og_title":"Justi\u00e7a acata pedidos do SINTRAMEM e tem garantido direito ao Adicional de P\u00f3s-Gradua\u00e7\u00e3o dos Professores associados. Temos 300 a\u00e7\u00f5es em andamento! - SINTRAMEM","og_description":"Em mais uma decis\u00e3o que refor\u00e7a os direitos da categoria, o Poder Judici\u00e1rio acatou integralmente os pleitos defendidos pelo SINTRAMEM e determinou a imediata restitui\u00e7\u00e3o do Adicional de P\u00f3s-Gradua\u00e7\u00e3o a uma Professora associada. A senten\u00e7a, proferida pelo Juiz de Direito Dr. Leonardo de Mello Gon\u00e7alves, do Tribunal de Justi\u00e7a do Estado de S\u00e3o Paulo, Comarca&hellip;","og_url":"https:\/\/sintramem-sv.org.br\/sintramem\/justica-acata-pedidos-do-sintramem-e-tem-garantido-direito-ao-adicional-de-pos-graduacao-dos-professores-associados-temos-300-acoes-em-andamento\/","og_site_name":"SINTRAMEM","article_published_time":"2025-11-11T19:54:14+00:00","article_modified_time":"2025-11-11T21:31:55+00:00","og_image":[{"width":500,"height":278,"url":"https:\/\/sintramem-sv.org.br\/sintramem\/wp-content\/uploads\/2000\/11\/menor-2.png","type":"image\/png"}],"author":"sintramem","twitter_card":"summary_large_image","twitter_misc":{"Escrito por":"sintramem","Est. tempo de leitura":"3 minutos"},"schema":{"@context":"https:\/\/schema.org","@graph":[{"@type":"Article","@id":"https:\/\/sintramem-sv.org.br\/sintramem\/justica-acata-pedidos-do-sintramem-e-tem-garantido-direito-ao-adicional-de-pos-graduacao-dos-professores-associados-temos-300-acoes-em-andamento\/#article","isPartOf":{"@id":"https:\/\/sintramem-sv.org.br\/sintramem\/justica-acata-pedidos-do-sintramem-e-tem-garantido-direito-ao-adicional-de-pos-graduacao-dos-professores-associados-temos-300-acoes-em-andamento\/"},"author":{"name":"sintramem","@id":"https:\/\/sintramem-sv.org.br\/sintramem\/#\/schema\/person\/a8decb8ea63607d1e01e046c95ddcf2b"},"headline":"Justi\u00e7a acata pedidos do SINTRAMEM e tem garantido direito ao Adicional de P\u00f3s-Gradua\u00e7\u00e3o dos Professores associados. Temos 300 a\u00e7\u00f5es em andamento!","datePublished":"2025-11-11T19:54:14+00:00","dateModified":"2025-11-11T21:31:55+00:00","mainEntityOfPage":{"@id":"https:\/\/sintramem-sv.org.br\/sintramem\/justica-acata-pedidos-do-sintramem-e-tem-garantido-direito-ao-adicional-de-pos-graduacao-dos-professores-associados-temos-300-acoes-em-andamento\/"},"wordCount":435,"commentCount":0,"publisher":{"@id":"https:\/\/sintramem-sv.org.br\/sintramem\/#organization"},"image":{"@id":"https:\/\/sintramem-sv.org.br\/sintramem\/justica-acata-pedidos-do-sintramem-e-tem-garantido-direito-ao-adicional-de-pos-graduacao-dos-professores-associados-temos-300-acoes-em-andamento\/#primaryimage"},"thumbnailUrl":"https:\/\/sintramem-sv.org.br\/sintramem\/wp-content\/uploads\/2000\/11\/Destacada-Vitoria-Adicional-de-Pos-graduacao-SINTRAMEM.png","articleSection":["Sintramem"],"inLanguage":"pt-BR","potentialAction":[{"@type":"CommentAction","name":"Comment","target":["https:\/\/sintramem-sv.org.br\/sintramem\/justica-acata-pedidos-do-sintramem-e-tem-garantido-direito-ao-adicional-de-pos-graduacao-dos-professores-associados-temos-300-acoes-em-andamento\/#respond"]}]},{"@type":"WebPage","@id":"https:\/\/sintramem-sv.org.br\/sintramem\/justica-acata-pedidos-do-sintramem-e-tem-garantido-direito-ao-adicional-de-pos-graduacao-dos-professores-associados-temos-300-acoes-em-andamento\/","url":"https:\/\/sintramem-sv.org.br\/sintramem\/justica-acata-pedidos-do-sintramem-e-tem-garantido-direito-ao-adicional-de-pos-graduacao-dos-professores-associados-temos-300-acoes-em-andamento\/","name":"Justi\u00e7a acata pedidos do SINTRAMEM e tem garantido direito ao Adicional de P\u00f3s-Gradua\u00e7\u00e3o dos Professores associados. Temos 300 a\u00e7\u00f5es em andamento! - SINTRAMEM","isPartOf":{"@id":"https:\/\/sintramem-sv.org.br\/sintramem\/#website"},"primaryImageOfPage":{"@id":"https:\/\/sintramem-sv.org.br\/sintramem\/justica-acata-pedidos-do-sintramem-e-tem-garantido-direito-ao-adicional-de-pos-graduacao-dos-professores-associados-temos-300-acoes-em-andamento\/#primaryimage"},"image":{"@id":"https:\/\/sintramem-sv.org.br\/sintramem\/justica-acata-pedidos-do-sintramem-e-tem-garantido-direito-ao-adicional-de-pos-graduacao-dos-professores-associados-temos-300-acoes-em-andamento\/#primaryimage"},"thumbnailUrl":"https:\/\/sintramem-sv.org.br\/sintramem\/wp-content\/uploads\/2000\/11\/Destacada-Vitoria-Adicional-de-Pos-graduacao-SINTRAMEM.png","datePublished":"2025-11-11T19:54:14+00:00","dateModified":"2025-11-11T21:31:55+00:00","breadcrumb":{"@id":"https:\/\/sintramem-sv.org.br\/sintramem\/justica-acata-pedidos-do-sintramem-e-tem-garantido-direito-ao-adicional-de-pos-graduacao-dos-professores-associados-temos-300-acoes-em-andamento\/#breadcrumb"},"inLanguage":"pt-BR","potentialAction":[{"@type":"ReadAction","target":["https:\/\/sintramem-sv.org.br\/sintramem\/justica-acata-pedidos-do-sintramem-e-tem-garantido-direito-ao-adicional-de-pos-graduacao-dos-professores-associados-temos-300-acoes-em-andamento\/"]}]},{"@type":"ImageObject","inLanguage":"pt-BR","@id":"https:\/\/sintramem-sv.org.br\/sintramem\/justica-acata-pedidos-do-sintramem-e-tem-garantido-direito-ao-adicional-de-pos-graduacao-dos-professores-associados-temos-300-acoes-em-andamento\/#primaryimage","url":"https:\/\/sintramem-sv.org.br\/sintramem\/wp-content\/uploads\/2000\/11\/Destacada-Vitoria-Adicional-de-Pos-graduacao-SINTRAMEM.png","contentUrl":"https:\/\/sintramem-sv.org.br\/sintramem\/wp-content\/uploads\/2000\/11\/Destacada-Vitoria-Adicional-de-Pos-graduacao-SINTRAMEM.png","width":1294,"height":720},{"@type":"BreadcrumbList","@id":"https:\/\/sintramem-sv.org.br\/sintramem\/justica-acata-pedidos-do-sintramem-e-tem-garantido-direito-ao-adicional-de-pos-graduacao-dos-professores-associados-temos-300-acoes-em-andamento\/#breadcrumb","itemListElement":[{"@type":"ListItem","position":1,"name":"In\u00edcio","item":"https:\/\/sintramem-sv.org.br\/sintramem\/"},{"@type":"ListItem","position":2,"name":"Justi\u00e7a acata pedidos do SINTRAMEM e tem garantido direito ao Adicional de P\u00f3s-Gradua\u00e7\u00e3o dos Professores associados. Temos 300 a\u00e7\u00f5es em andamento!"}]},{"@type":"WebSite","@id":"https:\/\/sintramem-sv.org.br\/sintramem\/#website","url":"https:\/\/sintramem-sv.org.br\/sintramem\/","name":"SINTRAMEM","description":"Sindicato dos Trabalhadores no Magist\u00e9rio e na Educa\u00e7\u00e3o de S\u00e3o Vicente","publisher":{"@id":"https:\/\/sintramem-sv.org.br\/sintramem\/#organization"},"potentialAction":[{"@type":"SearchAction","target":{"@type":"EntryPoint","urlTemplate":"https:\/\/sintramem-sv.org.br\/sintramem\/?s={search_term_string}"},"query-input":{"@type":"PropertyValueSpecification","valueRequired":true,"valueName":"search_term_string"}}],"inLanguage":"pt-BR"},{"@type":"Organization","@id":"https:\/\/sintramem-sv.org.br\/sintramem\/#organization","name":"SINTRAMEM","url":"https:\/\/sintramem-sv.org.br\/sintramem\/","logo":{"@type":"ImageObject","inLanguage":"pt-BR","@id":"https:\/\/sintramem-sv.org.br\/sintramem\/#\/schema\/logo\/image\/","url":"https:\/\/sintramem-sv.org.br\/sintramem\/wp-content\/uploads\/2017\/02\/SINTRAMEM-LOGO-OFICIAL-300x100-jpg.jpg","contentUrl":"https:\/\/sintramem-sv.org.br\/sintramem\/wp-content\/uploads\/2017\/02\/SINTRAMEM-LOGO-OFICIAL-300x100-jpg.jpg","width":150,"height":150,"caption":"SINTRAMEM"},"image":{"@id":"https:\/\/sintramem-sv.org.br\/sintramem\/#\/schema\/logo\/image\/"}},{"@type":"Person","@id":"https:\/\/sintramem-sv.org.br\/sintramem\/#\/schema\/person\/a8decb8ea63607d1e01e046c95ddcf2b","name":"sintramem","image":{"@type":"ImageObject","inLanguage":"pt-BR","@id":"https:\/\/sintramem-sv.org.br\/sintramem\/#\/schema\/person\/image\/","url":"https:\/\/secure.gravatar.com\/avatar\/8e06da3b0d4f051010117c848b52b9280a4228043717057ccccccc8b20ff8f48?s=96&d=mm&r=g","contentUrl":"https:\/\/secure.gravatar.com\/avatar\/8e06da3b0d4f051010117c848b52b9280a4228043717057ccccccc8b20ff8f48?s=96&d=mm&r=g","caption":"sintramem"},"description":"Sindicato dos Trabalhadores no Magist\u00e9rio e na Educa\u00e7\u00e3o Municipal de S\u00e3o Vicente","url":"https:\/\/sintramem-sv.org.br\/sintramem\/author\/sindsv\/"}]}},"_links":{"self":[{"href":"https:\/\/sintramem-sv.org.br\/sintramem\/wp-json\/wp\/v2\/posts\/8968","targetHints":{"allow":["GET"]}}],"collection":[{"href":"https:\/\/sintramem-sv.org.br\/sintramem\/wp-json\/wp\/v2\/posts"}],"about":[{"href":"https:\/\/sintramem-sv.org.br\/sintramem\/wp-json\/wp\/v2\/types\/post"}],"author":[{"embeddable":true,"href":"https:\/\/sintramem-sv.org.br\/sintramem\/wp-json\/wp\/v2\/users\/1"}],"replies":[{"embeddable":true,"href":"https:\/\/sintramem-sv.org.br\/sintramem\/wp-json\/wp\/v2\/comments?post=8968"}],"version-history":[{"count":6,"href":"https:\/\/sintramem-sv.org.br\/sintramem\/wp-json\/wp\/v2\/posts\/8968\/revisions"}],"predecessor-version":[{"id":8975,"href":"https:\/\/sintramem-sv.org.br\/sintramem\/wp-json\/wp\/v2\/posts\/8968\/revisions\/8975"}],"wp:featuredmedia":[{"embeddable":true,"href":"https:\/\/sintramem-sv.org.br\/sintramem\/wp-json\/wp\/v2\/media\/8979"}],"wp:attachment":[{"href":"https:\/\/sintramem-sv.org.br\/sintramem\/wp-json\/wp\/v2\/media?parent=8968"}],"wp:term":[{"taxonomy":"category","embeddable":true,"href":"https:\/\/sintramem-sv.org.br\/sintramem\/wp-json\/wp\/v2\/categories?post=8968"},{"taxonomy":"post_tag","embeddable":true,"href":"https:\/\/sintramem-sv.org.br\/sintramem\/wp-json\/wp\/v2\/tags?post=8968"}],"curies":[{"name":"wp","href":"https:\/\/api.w.org\/{rel}","templated":true}]}}