{"id":8949,"date":"2025-11-07T18:29:28","date_gmt":"2025-11-07T18:29:28","guid":{"rendered":"https:\/\/sintramem-sv.org.br\/sintramem\/?p=8949"},"modified":"2025-11-07T20:40:23","modified_gmt":"2025-11-07T20:40:23","slug":"sintramem-avanca-em-acoes-para-garantir-tranquilidade-e-estrutura-ao-magisterio-de-sao-vicente","status":"publish","type":"post","link":"https:\/\/sintramem-sv.org.br\/sintramem\/sintramem-avanca-em-acoes-para-garantir-tranquilidade-e-estrutura-ao-magisterio-de-sao-vicente\/","title":{"rendered":"SINTRAMEM avan\u00e7a em a\u00e7\u00f5es para garantir tranquilidade e estrutura ao Magist\u00e9rio de S\u00e3o Vicente"},"content":{"rendered":"<p><span style=\"font-size: 14pt;\">Ao longo de sua trajet\u00f3ria, o <span style=\"color: #ff0000;\"><strong>SINTRAMEM<\/strong><\/span> tem reafirmado um compromisso fundamental com a categoria: assegurar um ambiente de trabalho pautado pela <span style=\"text-decoration: underline;\"><strong>serenidade e dignidade<\/strong><\/span> a todos os profissionais da Educa\u00e7\u00e3o municipal. Essa miss\u00e3o, que orienta a atua\u00e7\u00e3o da entidade, come\u00e7a a materializar-se em conquistas concretas, fruto de um di\u00e1logo permanente com as inst\u00e2ncias competentes. <\/span><\/p>\n<p><span style=\"font-size: 14pt;\">Recentemente, foram aprovadas duas normativas no Conselho Municipal de Educa\u00e7\u00e3o &#8211; uma que regulamenta o uso de dispositivos m\u00f3veis em sala de aula e outra que estabelece diretrizes para a media\u00e7\u00e3o de conflitos e casos de viol\u00eancia -, medidas que visam proporcionar maior previsibilidade e conforto no exerc\u00edcio di\u00e1rio da profiss\u00e3o.<\/span><\/p>\n<p><span style=\"font-size: 14pt;\">Nesta semana, dando continuidade a essa agenda positiva, o Sindicato protocolou dois of\u00edcios na Secretaria de Educa\u00e7\u00e3o com o objetivo de enfrentar desafios hist\u00f3ricos. O primeiro pleito trata da <span style=\"background-color: #ffff00;\"><strong>desburocratiza\u00e7\u00e3o dos processos pedag\u00f3gicos<\/strong><\/span>. <\/span><\/p>\n<p><span style=\"font-size: 14pt;\">Tem sido frequente o relato de docentes e equipes gestoras sobre a excessiva carga de tempo dedicada ao preenchimento de planilhas e documenta\u00e7\u00f5es. Esse trabalho, muitas vezes repetitivo, poderia ser melhor empregado no planejamento de aulas e no desenvolvimento de atividades mais qualificadas para os estudantes. Diante disso, propomos a cria\u00e7\u00e3o de um grupo de trabalho, com representantes da categoria, do <span style=\"color: #ff0000;\"><strong>SINTRAMEM<\/strong><\/span> e da Secretaria, para simplificar estas rotinas e devolver o foco \u00e0 ess\u00eancia do Magist\u00e9rio.<\/span><\/p>\n<p><span style=\"font-size: 14pt;\">O segundo tema, de impacto ainda mais amplo, \u00e9 a <strong>reestrutura\u00e7\u00e3o da educa\u00e7\u00e3o inclusiva no munic\u00edpio<\/strong>. A quest\u00e3o central n\u00e3o reside nos alunos, mas na falta cr\u00f4nica de suporte aos profissionais. Atualmente, professores e gestores se veem desamparados, sem o fornecimento adequado de materiais, forma\u00e7\u00e3o espec\u00edfica ou orienta\u00e7\u00f5es claras para atender demandas complexas. <\/span><\/p>\n<p><span style=\"font-size: 14pt;\">Esta realidade tem levado ao adoecimento de muitos que, embora dedicados, sentem-se abandonados \u00e0 pr\u00f3pria sorte. \u00c9 inadmiss\u00edvel permitir que um educador enfrente sozinho, em sala de aula, m\u00faltiplas situa\u00e7\u00f5es de inclus\u00e3o sem o respaldo necess\u00e1rio. A defesa do <span style=\"color: #ff0000;\"><strong>SINTRAMEM<\/strong><\/span> \u00e9 por um modelo que ofere\u00e7a, de forma sistem\u00e1tica, capacita\u00e7\u00e3o, recursos e par\u00e2metros definidos de atua\u00e7\u00e3o.<\/span><\/p>\n<p><span style=\"font-size: 14pt;\">O <span style=\"color: #ff0000;\"><strong>SINTRAMEM<\/strong><\/span> permanece firme na sua luta por uma educa\u00e7\u00e3o p\u00fablica de qualidade, que valorize n\u00e3o apenas os estudantes, mas tamb\u00e9m aqueles que nela trabalham. A entidade seguir\u00e1 cobrando das autoridades a implementa\u00e7\u00e3o dessas medidas, pois acredita que s\u00f3 com planejamento, di\u00e1logo e investimento em pessoas ser\u00e1 poss\u00edvel construir um ambiente laboral verdadeiramente saud\u00e1vel e prop\u00edcio para o ensino. A nossa luta \u00e9 pela sua paz para exercer a profiss\u00e3o com o respeito e a estrutura que voc\u00ea merece.<\/span><\/p>\n","protected":false},"excerpt":{"rendered":"<p>Ao longo de sua trajet\u00f3ria, o SINTRAMEM tem reafirmado um compromisso fundamental com a categoria: assegurar um ambiente de trabalho pautado pela serenidade e dignidade a todos os profissionais da Educa\u00e7\u00e3o municipal. Essa miss\u00e3o, que orienta a atua\u00e7\u00e3o da entidade, come\u00e7a a materializar-se em conquistas concretas, fruto de um di\u00e1logo permanente com as inst\u00e2ncias competentes.&hellip;<\/p>\n","protected":false},"author":1,"featured_media":8952,"comment_status":"open","ping_status":"closed","sticky":false,"template":"","format":"standard","meta":{"_monsterinsights_skip_tracking":false,"_monsterinsights_sitenote_active":false,"_monsterinsights_sitenote_note":"","_monsterinsights_sitenote_category":0,"footnotes":""},"categories":[19],"tags":[],"class_list":["post-8949","post","type-post","status-publish","format-standard","has-post-thumbnail","hentry","category-sintramem"],"yoast_head":"<!-- This site is optimized with the Yoast SEO plugin v27.0 - https:\/\/yoast.com\/product\/yoast-seo-wordpress\/ -->\n<title>SINTRAMEM avan\u00e7a em a\u00e7\u00f5es para garantir tranquilidade e estrutura ao Magist\u00e9rio de S\u00e3o Vicente - SINTRAMEM<\/title>\n<meta name=\"robots\" content=\"index, follow, max-snippet:-1, max-image-preview:large, max-video-preview:-1\" \/>\n<link rel=\"canonical\" href=\"https:\/\/sintramem-sv.org.br\/sintramem\/sintramem-avanca-em-acoes-para-garantir-tranquilidade-e-estrutura-ao-magisterio-de-sao-vicente\/\" \/>\n<meta property=\"og:locale\" content=\"pt_BR\" \/>\n<meta property=\"og:type\" content=\"article\" \/>\n<meta property=\"og:title\" content=\"SINTRAMEM avan\u00e7a em a\u00e7\u00f5es para garantir tranquilidade e estrutura ao Magist\u00e9rio de S\u00e3o Vicente - SINTRAMEM\" \/>\n<meta property=\"og:description\" content=\"Ao longo de sua trajet\u00f3ria, o SINTRAMEM tem reafirmado um compromisso fundamental com a categoria: assegurar um ambiente de trabalho pautado pela serenidade e dignidade a todos os profissionais da Educa\u00e7\u00e3o municipal. Essa miss\u00e3o, que orienta a atua\u00e7\u00e3o da entidade, come\u00e7a a materializar-se em conquistas concretas, fruto de um di\u00e1logo permanente com as inst\u00e2ncias competentes.&hellip;\" \/>\n<meta property=\"og:url\" content=\"https:\/\/sintramem-sv.org.br\/sintramem\/sintramem-avanca-em-acoes-para-garantir-tranquilidade-e-estrutura-ao-magisterio-de-sao-vicente\/\" \/>\n<meta property=\"og:site_name\" content=\"SINTRAMEM\" \/>\n<meta property=\"article:published_time\" content=\"2025-11-07T18:29:28+00:00\" \/>\n<meta property=\"article:modified_time\" content=\"2025-11-07T20:40:23+00:00\" \/>\n<meta property=\"og:image\" content=\"https:\/\/sintramem-sv.org.br\/sintramem\/wp-content\/uploads\/2025\/11\/menor-3.png\" \/>\n\t<meta property=\"og:image:width\" content=\"600\" \/>\n\t<meta property=\"og:image:height\" content=\"334\" \/>\n\t<meta property=\"og:image:type\" content=\"image\/png\" \/>\n<meta name=\"author\" content=\"sintramem\" \/>\n<meta name=\"twitter:card\" content=\"summary_large_image\" \/>\n<meta name=\"twitter:label1\" content=\"Escrito por\" \/>\n\t<meta name=\"twitter:data1\" content=\"sintramem\" \/>\n\t<meta name=\"twitter:label2\" content=\"Est. tempo de leitura\" \/>\n\t<meta name=\"twitter:data2\" content=\"3 minutos\" \/>\n<script type=\"application\/ld+json\" class=\"yoast-schema-graph\">{\"@context\":\"https:\/\/schema.org\",\"@graph\":[{\"@type\":\"Article\",\"@id\":\"https:\/\/sintramem-sv.org.br\/sintramem\/sintramem-avanca-em-acoes-para-garantir-tranquilidade-e-estrutura-ao-magisterio-de-sao-vicente\/#article\",\"isPartOf\":{\"@id\":\"https:\/\/sintramem-sv.org.br\/sintramem\/sintramem-avanca-em-acoes-para-garantir-tranquilidade-e-estrutura-ao-magisterio-de-sao-vicente\/\"},\"author\":{\"name\":\"sintramem\",\"@id\":\"https:\/\/sintramem-sv.org.br\/sintramem\/#\/schema\/person\/a8decb8ea63607d1e01e046c95ddcf2b\"},\"headline\":\"SINTRAMEM avan\u00e7a em a\u00e7\u00f5es para garantir tranquilidade e estrutura ao Magist\u00e9rio de S\u00e3o Vicente\",\"datePublished\":\"2025-11-07T18:29:28+00:00\",\"dateModified\":\"2025-11-07T20:40:23+00:00\",\"mainEntityOfPage\":{\"@id\":\"https:\/\/sintramem-sv.org.br\/sintramem\/sintramem-avanca-em-acoes-para-garantir-tranquilidade-e-estrutura-ao-magisterio-de-sao-vicente\/\"},\"wordCount\":469,\"commentCount\":0,\"publisher\":{\"@id\":\"https:\/\/sintramem-sv.org.br\/sintramem\/#organization\"},\"image\":{\"@id\":\"https:\/\/sintramem-sv.org.br\/sintramem\/sintramem-avanca-em-acoes-para-garantir-tranquilidade-e-estrutura-ao-magisterio-de-sao-vicente\/#primaryimage\"},\"thumbnailUrl\":\"https:\/\/sintramem-sv.org.br\/sintramem\/wp-content\/uploads\/2025\/11\/Destacada-Paz-no-trabalho.png\",\"articleSection\":[\"Sintramem\"],\"inLanguage\":\"pt-BR\",\"potentialAction\":[{\"@type\":\"CommentAction\",\"name\":\"Comment\",\"target\":[\"https:\/\/sintramem-sv.org.br\/sintramem\/sintramem-avanca-em-acoes-para-garantir-tranquilidade-e-estrutura-ao-magisterio-de-sao-vicente\/#respond\"]}]},{\"@type\":\"WebPage\",\"@id\":\"https:\/\/sintramem-sv.org.br\/sintramem\/sintramem-avanca-em-acoes-para-garantir-tranquilidade-e-estrutura-ao-magisterio-de-sao-vicente\/\",\"url\":\"https:\/\/sintramem-sv.org.br\/sintramem\/sintramem-avanca-em-acoes-para-garantir-tranquilidade-e-estrutura-ao-magisterio-de-sao-vicente\/\",\"name\":\"SINTRAMEM avan\u00e7a em a\u00e7\u00f5es para garantir tranquilidade e estrutura ao Magist\u00e9rio de S\u00e3o Vicente - SINTRAMEM\",\"isPartOf\":{\"@id\":\"https:\/\/sintramem-sv.org.br\/sintramem\/#website\"},\"primaryImageOfPage\":{\"@id\":\"https:\/\/sintramem-sv.org.br\/sintramem\/sintramem-avanca-em-acoes-para-garantir-tranquilidade-e-estrutura-ao-magisterio-de-sao-vicente\/#primaryimage\"},\"image\":{\"@id\":\"https:\/\/sintramem-sv.org.br\/sintramem\/sintramem-avanca-em-acoes-para-garantir-tranquilidade-e-estrutura-ao-magisterio-de-sao-vicente\/#primaryimage\"},\"thumbnailUrl\":\"https:\/\/sintramem-sv.org.br\/sintramem\/wp-content\/uploads\/2025\/11\/Destacada-Paz-no-trabalho.png\",\"datePublished\":\"2025-11-07T18:29:28+00:00\",\"dateModified\":\"2025-11-07T20:40:23+00:00\",\"breadcrumb\":{\"@id\":\"https:\/\/sintramem-sv.org.br\/sintramem\/sintramem-avanca-em-acoes-para-garantir-tranquilidade-e-estrutura-ao-magisterio-de-sao-vicente\/#breadcrumb\"},\"inLanguage\":\"pt-BR\",\"potentialAction\":[{\"@type\":\"ReadAction\",\"target\":[\"https:\/\/sintramem-sv.org.br\/sintramem\/sintramem-avanca-em-acoes-para-garantir-tranquilidade-e-estrutura-ao-magisterio-de-sao-vicente\/\"]}]},{\"@type\":\"ImageObject\",\"inLanguage\":\"pt-BR\",\"@id\":\"https:\/\/sintramem-sv.org.br\/sintramem\/sintramem-avanca-em-acoes-para-garantir-tranquilidade-e-estrutura-ao-magisterio-de-sao-vicente\/#primaryimage\",\"url\":\"https:\/\/sintramem-sv.org.br\/sintramem\/wp-content\/uploads\/2025\/11\/Destacada-Paz-no-trabalho.png\",\"contentUrl\":\"https:\/\/sintramem-sv.org.br\/sintramem\/wp-content\/uploads\/2025\/11\/Destacada-Paz-no-trabalho.png\",\"width\":1294,\"height\":720},{\"@type\":\"BreadcrumbList\",\"@id\":\"https:\/\/sintramem-sv.org.br\/sintramem\/sintramem-avanca-em-acoes-para-garantir-tranquilidade-e-estrutura-ao-magisterio-de-sao-vicente\/#breadcrumb\",\"itemListElement\":[{\"@type\":\"ListItem\",\"position\":1,\"name\":\"In\u00edcio\",\"item\":\"https:\/\/sintramem-sv.org.br\/sintramem\/\"},{\"@type\":\"ListItem\",\"position\":2,\"name\":\"SINTRAMEM avan\u00e7a em a\u00e7\u00f5es para garantir tranquilidade e estrutura ao Magist\u00e9rio de S\u00e3o Vicente\"}]},{\"@type\":\"WebSite\",\"@id\":\"https:\/\/sintramem-sv.org.br\/sintramem\/#website\",\"url\":\"https:\/\/sintramem-sv.org.br\/sintramem\/\",\"name\":\"SINTRAMEM\",\"description\":\"Sindicato dos Trabalhadores no Magist\u00e9rio e na Educa\u00e7\u00e3o de S\u00e3o Vicente\",\"publisher\":{\"@id\":\"https:\/\/sintramem-sv.org.br\/sintramem\/#organization\"},\"potentialAction\":[{\"@type\":\"SearchAction\",\"target\":{\"@type\":\"EntryPoint\",\"urlTemplate\":\"https:\/\/sintramem-sv.org.br\/sintramem\/?s={search_term_string}\"},\"query-input\":{\"@type\":\"PropertyValueSpecification\",\"valueRequired\":true,\"valueName\":\"search_term_string\"}}],\"inLanguage\":\"pt-BR\"},{\"@type\":\"Organization\",\"@id\":\"https:\/\/sintramem-sv.org.br\/sintramem\/#organization\",\"name\":\"SINTRAMEM\",\"url\":\"https:\/\/sintramem-sv.org.br\/sintramem\/\",\"logo\":{\"@type\":\"ImageObject\",\"inLanguage\":\"pt-BR\",\"@id\":\"https:\/\/sintramem-sv.org.br\/sintramem\/#\/schema\/logo\/image\/\",\"url\":\"https:\/\/sintramem-sv.org.br\/sintramem\/wp-content\/uploads\/2017\/02\/SINTRAMEM-LOGO-OFICIAL-300x100-jpg.jpg\",\"contentUrl\":\"https:\/\/sintramem-sv.org.br\/sintramem\/wp-content\/uploads\/2017\/02\/SINTRAMEM-LOGO-OFICIAL-300x100-jpg.jpg\",\"width\":150,\"height\":150,\"caption\":\"SINTRAMEM\"},\"image\":{\"@id\":\"https:\/\/sintramem-sv.org.br\/sintramem\/#\/schema\/logo\/image\/\"}},{\"@type\":\"Person\",\"@id\":\"https:\/\/sintramem-sv.org.br\/sintramem\/#\/schema\/person\/a8decb8ea63607d1e01e046c95ddcf2b\",\"name\":\"sintramem\",\"image\":{\"@type\":\"ImageObject\",\"inLanguage\":\"pt-BR\",\"@id\":\"https:\/\/sintramem-sv.org.br\/sintramem\/#\/schema\/person\/image\/\",\"url\":\"https:\/\/secure.gravatar.com\/avatar\/8e06da3b0d4f051010117c848b52b9280a4228043717057ccccccc8b20ff8f48?s=96&d=mm&r=g\",\"contentUrl\":\"https:\/\/secure.gravatar.com\/avatar\/8e06da3b0d4f051010117c848b52b9280a4228043717057ccccccc8b20ff8f48?s=96&d=mm&r=g\",\"caption\":\"sintramem\"},\"description\":\"Sindicato dos Trabalhadores no Magist\u00e9rio e na Educa\u00e7\u00e3o Municipal de S\u00e3o Vicente\",\"url\":\"https:\/\/sintramem-sv.org.br\/sintramem\/author\/sindsv\/\"}]}<\/script>\n<!-- \/ Yoast SEO plugin. -->","yoast_head_json":{"title":"SINTRAMEM avan\u00e7a em a\u00e7\u00f5es para garantir tranquilidade e estrutura ao Magist\u00e9rio de S\u00e3o Vicente - SINTRAMEM","robots":{"index":"index","follow":"follow","max-snippet":"max-snippet:-1","max-image-preview":"max-image-preview:large","max-video-preview":"max-video-preview:-1"},"canonical":"https:\/\/sintramem-sv.org.br\/sintramem\/sintramem-avanca-em-acoes-para-garantir-tranquilidade-e-estrutura-ao-magisterio-de-sao-vicente\/","og_locale":"pt_BR","og_type":"article","og_title":"SINTRAMEM avan\u00e7a em a\u00e7\u00f5es para garantir tranquilidade e estrutura ao Magist\u00e9rio de S\u00e3o Vicente - SINTRAMEM","og_description":"Ao longo de sua trajet\u00f3ria, o SINTRAMEM tem reafirmado um compromisso fundamental com a categoria: assegurar um ambiente de trabalho pautado pela serenidade e dignidade a todos os profissionais da Educa\u00e7\u00e3o municipal. Essa miss\u00e3o, que orienta a atua\u00e7\u00e3o da entidade, come\u00e7a a materializar-se em conquistas concretas, fruto de um di\u00e1logo permanente com as inst\u00e2ncias competentes.&hellip;","og_url":"https:\/\/sintramem-sv.org.br\/sintramem\/sintramem-avanca-em-acoes-para-garantir-tranquilidade-e-estrutura-ao-magisterio-de-sao-vicente\/","og_site_name":"SINTRAMEM","article_published_time":"2025-11-07T18:29:28+00:00","article_modified_time":"2025-11-07T20:40:23+00:00","og_image":[{"width":600,"height":334,"url":"https:\/\/sintramem-sv.org.br\/sintramem\/wp-content\/uploads\/2025\/11\/menor-3.png","type":"image\/png"}],"author":"sintramem","twitter_card":"summary_large_image","twitter_misc":{"Escrito por":"sintramem","Est. tempo de leitura":"3 minutos"},"schema":{"@context":"https:\/\/schema.org","@graph":[{"@type":"Article","@id":"https:\/\/sintramem-sv.org.br\/sintramem\/sintramem-avanca-em-acoes-para-garantir-tranquilidade-e-estrutura-ao-magisterio-de-sao-vicente\/#article","isPartOf":{"@id":"https:\/\/sintramem-sv.org.br\/sintramem\/sintramem-avanca-em-acoes-para-garantir-tranquilidade-e-estrutura-ao-magisterio-de-sao-vicente\/"},"author":{"name":"sintramem","@id":"https:\/\/sintramem-sv.org.br\/sintramem\/#\/schema\/person\/a8decb8ea63607d1e01e046c95ddcf2b"},"headline":"SINTRAMEM avan\u00e7a em a\u00e7\u00f5es para garantir tranquilidade e estrutura ao Magist\u00e9rio de S\u00e3o Vicente","datePublished":"2025-11-07T18:29:28+00:00","dateModified":"2025-11-07T20:40:23+00:00","mainEntityOfPage":{"@id":"https:\/\/sintramem-sv.org.br\/sintramem\/sintramem-avanca-em-acoes-para-garantir-tranquilidade-e-estrutura-ao-magisterio-de-sao-vicente\/"},"wordCount":469,"commentCount":0,"publisher":{"@id":"https:\/\/sintramem-sv.org.br\/sintramem\/#organization"},"image":{"@id":"https:\/\/sintramem-sv.org.br\/sintramem\/sintramem-avanca-em-acoes-para-garantir-tranquilidade-e-estrutura-ao-magisterio-de-sao-vicente\/#primaryimage"},"thumbnailUrl":"https:\/\/sintramem-sv.org.br\/sintramem\/wp-content\/uploads\/2025\/11\/Destacada-Paz-no-trabalho.png","articleSection":["Sintramem"],"inLanguage":"pt-BR","potentialAction":[{"@type":"CommentAction","name":"Comment","target":["https:\/\/sintramem-sv.org.br\/sintramem\/sintramem-avanca-em-acoes-para-garantir-tranquilidade-e-estrutura-ao-magisterio-de-sao-vicente\/#respond"]}]},{"@type":"WebPage","@id":"https:\/\/sintramem-sv.org.br\/sintramem\/sintramem-avanca-em-acoes-para-garantir-tranquilidade-e-estrutura-ao-magisterio-de-sao-vicente\/","url":"https:\/\/sintramem-sv.org.br\/sintramem\/sintramem-avanca-em-acoes-para-garantir-tranquilidade-e-estrutura-ao-magisterio-de-sao-vicente\/","name":"SINTRAMEM avan\u00e7a em a\u00e7\u00f5es para garantir tranquilidade e estrutura ao Magist\u00e9rio de S\u00e3o Vicente - SINTRAMEM","isPartOf":{"@id":"https:\/\/sintramem-sv.org.br\/sintramem\/#website"},"primaryImageOfPage":{"@id":"https:\/\/sintramem-sv.org.br\/sintramem\/sintramem-avanca-em-acoes-para-garantir-tranquilidade-e-estrutura-ao-magisterio-de-sao-vicente\/#primaryimage"},"image":{"@id":"https:\/\/sintramem-sv.org.br\/sintramem\/sintramem-avanca-em-acoes-para-garantir-tranquilidade-e-estrutura-ao-magisterio-de-sao-vicente\/#primaryimage"},"thumbnailUrl":"https:\/\/sintramem-sv.org.br\/sintramem\/wp-content\/uploads\/2025\/11\/Destacada-Paz-no-trabalho.png","datePublished":"2025-11-07T18:29:28+00:00","dateModified":"2025-11-07T20:40:23+00:00","breadcrumb":{"@id":"https:\/\/sintramem-sv.org.br\/sintramem\/sintramem-avanca-em-acoes-para-garantir-tranquilidade-e-estrutura-ao-magisterio-de-sao-vicente\/#breadcrumb"},"inLanguage":"pt-BR","potentialAction":[{"@type":"ReadAction","target":["https:\/\/sintramem-sv.org.br\/sintramem\/sintramem-avanca-em-acoes-para-garantir-tranquilidade-e-estrutura-ao-magisterio-de-sao-vicente\/"]}]},{"@type":"ImageObject","inLanguage":"pt-BR","@id":"https:\/\/sintramem-sv.org.br\/sintramem\/sintramem-avanca-em-acoes-para-garantir-tranquilidade-e-estrutura-ao-magisterio-de-sao-vicente\/#primaryimage","url":"https:\/\/sintramem-sv.org.br\/sintramem\/wp-content\/uploads\/2025\/11\/Destacada-Paz-no-trabalho.png","contentUrl":"https:\/\/sintramem-sv.org.br\/sintramem\/wp-content\/uploads\/2025\/11\/Destacada-Paz-no-trabalho.png","width":1294,"height":720},{"@type":"BreadcrumbList","@id":"https:\/\/sintramem-sv.org.br\/sintramem\/sintramem-avanca-em-acoes-para-garantir-tranquilidade-e-estrutura-ao-magisterio-de-sao-vicente\/#breadcrumb","itemListElement":[{"@type":"ListItem","position":1,"name":"In\u00edcio","item":"https:\/\/sintramem-sv.org.br\/sintramem\/"},{"@type":"ListItem","position":2,"name":"SINTRAMEM avan\u00e7a em a\u00e7\u00f5es para garantir tranquilidade e estrutura ao Magist\u00e9rio de S\u00e3o Vicente"}]},{"@type":"WebSite","@id":"https:\/\/sintramem-sv.org.br\/sintramem\/#website","url":"https:\/\/sintramem-sv.org.br\/sintramem\/","name":"SINTRAMEM","description":"Sindicato dos Trabalhadores no Magist\u00e9rio e na Educa\u00e7\u00e3o de S\u00e3o Vicente","publisher":{"@id":"https:\/\/sintramem-sv.org.br\/sintramem\/#organization"},"potentialAction":[{"@type":"SearchAction","target":{"@type":"EntryPoint","urlTemplate":"https:\/\/sintramem-sv.org.br\/sintramem\/?s={search_term_string}"},"query-input":{"@type":"PropertyValueSpecification","valueRequired":true,"valueName":"search_term_string"}}],"inLanguage":"pt-BR"},{"@type":"Organization","@id":"https:\/\/sintramem-sv.org.br\/sintramem\/#organization","name":"SINTRAMEM","url":"https:\/\/sintramem-sv.org.br\/sintramem\/","logo":{"@type":"ImageObject","inLanguage":"pt-BR","@id":"https:\/\/sintramem-sv.org.br\/sintramem\/#\/schema\/logo\/image\/","url":"https:\/\/sintramem-sv.org.br\/sintramem\/wp-content\/uploads\/2017\/02\/SINTRAMEM-LOGO-OFICIAL-300x100-jpg.jpg","contentUrl":"https:\/\/sintramem-sv.org.br\/sintramem\/wp-content\/uploads\/2017\/02\/SINTRAMEM-LOGO-OFICIAL-300x100-jpg.jpg","width":150,"height":150,"caption":"SINTRAMEM"},"image":{"@id":"https:\/\/sintramem-sv.org.br\/sintramem\/#\/schema\/logo\/image\/"}},{"@type":"Person","@id":"https:\/\/sintramem-sv.org.br\/sintramem\/#\/schema\/person\/a8decb8ea63607d1e01e046c95ddcf2b","name":"sintramem","image":{"@type":"ImageObject","inLanguage":"pt-BR","@id":"https:\/\/sintramem-sv.org.br\/sintramem\/#\/schema\/person\/image\/","url":"https:\/\/secure.gravatar.com\/avatar\/8e06da3b0d4f051010117c848b52b9280a4228043717057ccccccc8b20ff8f48?s=96&d=mm&r=g","contentUrl":"https:\/\/secure.gravatar.com\/avatar\/8e06da3b0d4f051010117c848b52b9280a4228043717057ccccccc8b20ff8f48?s=96&d=mm&r=g","caption":"sintramem"},"description":"Sindicato dos Trabalhadores no Magist\u00e9rio e na Educa\u00e7\u00e3o Municipal de S\u00e3o Vicente","url":"https:\/\/sintramem-sv.org.br\/sintramem\/author\/sindsv\/"}]}},"_links":{"self":[{"href":"https:\/\/sintramem-sv.org.br\/sintramem\/wp-json\/wp\/v2\/posts\/8949","targetHints":{"allow":["GET"]}}],"collection":[{"href":"https:\/\/sintramem-sv.org.br\/sintramem\/wp-json\/wp\/v2\/posts"}],"about":[{"href":"https:\/\/sintramem-sv.org.br\/sintramem\/wp-json\/wp\/v2\/types\/post"}],"author":[{"embeddable":true,"href":"https:\/\/sintramem-sv.org.br\/sintramem\/wp-json\/wp\/v2\/users\/1"}],"replies":[{"embeddable":true,"href":"https:\/\/sintramem-sv.org.br\/sintramem\/wp-json\/wp\/v2\/comments?post=8949"}],"version-history":[{"count":2,"href":"https:\/\/sintramem-sv.org.br\/sintramem\/wp-json\/wp\/v2\/posts\/8949\/revisions"}],"predecessor-version":[{"id":8951,"href":"https:\/\/sintramem-sv.org.br\/sintramem\/wp-json\/wp\/v2\/posts\/8949\/revisions\/8951"}],"wp:featuredmedia":[{"embeddable":true,"href":"https:\/\/sintramem-sv.org.br\/sintramem\/wp-json\/wp\/v2\/media\/8952"}],"wp:attachment":[{"href":"https:\/\/sintramem-sv.org.br\/sintramem\/wp-json\/wp\/v2\/media?parent=8949"}],"wp:term":[{"taxonomy":"category","embeddable":true,"href":"https:\/\/sintramem-sv.org.br\/sintramem\/wp-json\/wp\/v2\/categories?post=8949"},{"taxonomy":"post_tag","embeddable":true,"href":"https:\/\/sintramem-sv.org.br\/sintramem\/wp-json\/wp\/v2\/tags?post=8949"}],"curies":[{"name":"wp","href":"https:\/\/api.w.org\/{rel}","templated":true}]}}