{"id":8916,"date":"2025-11-03T14:45:37","date_gmt":"2025-11-03T14:45:37","guid":{"rendered":"https:\/\/sintramem-sv.org.br\/sintramem\/?p=8916"},"modified":"2025-11-03T16:15:14","modified_gmt":"2025-11-03T16:15:14","slug":"sintramem-questiona-administracao-por-desconto-salarial-antecipado-de-licencas-medicas-dos-servidores","status":"publish","type":"post","link":"https:\/\/sintramem-sv.org.br\/sintramem\/sintramem-questiona-administracao-por-desconto-salarial-antecipado-de-licencas-medicas-dos-servidores\/","title":{"rendered":"SINTRAMEM questiona Administra\u00e7\u00e3o por desconto salarial antecipado de licen\u00e7as m\u00e9dicas dos Servidores"},"content":{"rendered":"<p><span style=\"font-size: 14pt;\">O <span style=\"color: #ff0000;\"><strong>SINTRAMEM<\/strong><\/span> foi alertado por diversos Servidores sobre uma pr\u00e1tica administrativa de grande estranheza. A gest\u00e3o municipal tem procedido com o desconto salarial referente a dias de afastamento por licen\u00e7a m\u00e9dica <span style=\"text-decoration: underline;\"><strong>antes mesmo da conclus\u00e3o do processo de per\u00edcia oficial<\/strong><\/span>. Essa medida, al\u00e9m de gerar um preju\u00edzo financeiro imediato ao trabalhador, fere o princ\u00edpio b\u00e1sico do direito \u00e0 ampla defesa, uma vez que a decis\u00e3o sobre a validade do atestado ainda n\u00e3o foi emitida pelo \u00f3rg\u00e3o competente.<\/span><\/p>\n<p><span style=\"font-size: 14pt;\"><span style=\"background-color: #ffff00;\"><strong>Para ilustrar a gravidade da situa\u00e7\u00e3o, citamos um caso concreto:<\/strong><\/span> um Professor apresentou atestado m\u00e9dico em setembro, tendo sua per\u00edcia agendada apenas para novembro. Contudo, no holerite de outubro, os dias correspondentes ao afastamento j\u00e1 foram debitados. Tal procedimento coloca o Servidor em uma situa\u00e7\u00e3o de dupla penalidade: arca com a despesa de um suposto afastamento indevido sem qualquer amparo legal pr\u00e9vio e \u00e9 v\u00edtima da morosidade na marca\u00e7\u00e3o de consultas pela pr\u00f3pria Administra\u00e7\u00e3o, que onera exclusivamente o trabalhador.<\/span><\/p>\n<p><span style=\"font-size: 14pt;\">Diante deste cen\u00e1rio, a diretoria do Sindicato j\u00e1 solicitou uma reuni\u00e3o urgente com os representantes do Executivo, que deve ocorrer ainda nesta semana. Nosso objetivo \u00e9 exigir explica\u00e7\u00f5es claras e a imediata revis\u00e3o desses descontos, garantindo que nenhum profissional seja punido por falhas estruturais que n\u00e3o s\u00e3o de sua responsabilidade.<\/span><\/p>\n<p><img loading=\"lazy\" decoding=\"async\" class=\"aligncenter size-full wp-image-8918\" src=\"https:\/\/sintramem-sv.org.br\/sintramem\/wp-content\/uploads\/2025\/11\/Arte-Comunicado-Desconto-Salarial-SINTRAMEM_01.png\" alt=\"\" width=\"1080\" height=\"1350\" srcset=\"https:\/\/sintramem-sv.org.br\/sintramem\/wp-content\/uploads\/2025\/11\/Arte-Comunicado-Desconto-Salarial-SINTRAMEM_01.png 1080w, https:\/\/sintramem-sv.org.br\/sintramem\/wp-content\/uploads\/2025\/11\/Arte-Comunicado-Desconto-Salarial-SINTRAMEM_01-240x300.png 240w, https:\/\/sintramem-sv.org.br\/sintramem\/wp-content\/uploads\/2025\/11\/Arte-Comunicado-Desconto-Salarial-SINTRAMEM_01-819x1024.png 819w, https:\/\/sintramem-sv.org.br\/sintramem\/wp-content\/uploads\/2025\/11\/Arte-Comunicado-Desconto-Salarial-SINTRAMEM_01-768x960.png 768w\" sizes=\"auto, (max-width: 1080px) 100vw, 1080px\" \/><\/p>\n<p><img loading=\"lazy\" decoding=\"async\" class=\"aligncenter size-full wp-image-8919\" src=\"https:\/\/sintramem-sv.org.br\/sintramem\/wp-content\/uploads\/2025\/11\/Arte-Comunicado-Desconto-Salarial-SINTRAMEM_02.png\" alt=\"\" width=\"1080\" height=\"1350\" srcset=\"https:\/\/sintramem-sv.org.br\/sintramem\/wp-content\/uploads\/2025\/11\/Arte-Comunicado-Desconto-Salarial-SINTRAMEM_02.png 1080w, https:\/\/sintramem-sv.org.br\/sintramem\/wp-content\/uploads\/2025\/11\/Arte-Comunicado-Desconto-Salarial-SINTRAMEM_02-240x300.png 240w, https:\/\/sintramem-sv.org.br\/sintramem\/wp-content\/uploads\/2025\/11\/Arte-Comunicado-Desconto-Salarial-SINTRAMEM_02-819x1024.png 819w, https:\/\/sintramem-sv.org.br\/sintramem\/wp-content\/uploads\/2025\/11\/Arte-Comunicado-Desconto-Salarial-SINTRAMEM_02-768x960.png 768w\" sizes=\"auto, (max-width: 1080px) 100vw, 1080px\" \/><\/p>\n","protected":false},"excerpt":{"rendered":"<p>O SINTRAMEM foi alertado por diversos Servidores sobre uma pr\u00e1tica administrativa de grande estranheza. A gest\u00e3o municipal tem procedido com o desconto salarial referente a dias de afastamento por licen\u00e7a m\u00e9dica antes mesmo da conclus\u00e3o do processo de per\u00edcia oficial. Essa medida, al\u00e9m de gerar um preju\u00edzo financeiro imediato ao trabalhador, fere o princ\u00edpio b\u00e1sico&hellip;<\/p>\n","protected":false},"author":1,"featured_media":8922,"comment_status":"open","ping_status":"closed","sticky":false,"template":"","format":"standard","meta":{"_monsterinsights_skip_tracking":false,"_monsterinsights_sitenote_active":false,"_monsterinsights_sitenote_note":"","_monsterinsights_sitenote_category":0,"footnotes":""},"categories":[19],"tags":[],"class_list":["post-8916","post","type-post","status-publish","format-standard","has-post-thumbnail","hentry","category-sintramem"],"yoast_head":"<!-- This site is optimized with the Yoast SEO plugin v27.0 - https:\/\/yoast.com\/product\/yoast-seo-wordpress\/ -->\n<title>SINTRAMEM questiona Administra\u00e7\u00e3o por desconto salarial antecipado de licen\u00e7as m\u00e9dicas dos Servidores - SINTRAMEM<\/title>\n<meta name=\"robots\" content=\"index, follow, max-snippet:-1, max-image-preview:large, max-video-preview:-1\" \/>\n<link rel=\"canonical\" href=\"https:\/\/sintramem-sv.org.br\/sintramem\/sintramem-questiona-administracao-por-desconto-salarial-antecipado-de-licencas-medicas-dos-servidores\/\" \/>\n<meta property=\"og:locale\" content=\"pt_BR\" \/>\n<meta property=\"og:type\" content=\"article\" \/>\n<meta property=\"og:title\" content=\"SINTRAMEM questiona Administra\u00e7\u00e3o por desconto salarial antecipado de licen\u00e7as m\u00e9dicas dos Servidores - SINTRAMEM\" \/>\n<meta property=\"og:description\" content=\"O SINTRAMEM foi alertado por diversos Servidores sobre uma pr\u00e1tica administrativa de grande estranheza. A gest\u00e3o municipal tem procedido com o desconto salarial referente a dias de afastamento por licen\u00e7a m\u00e9dica antes mesmo da conclus\u00e3o do processo de per\u00edcia oficial. Essa medida, al\u00e9m de gerar um preju\u00edzo financeiro imediato ao trabalhador, fere o princ\u00edpio b\u00e1sico&hellip;\" \/>\n<meta property=\"og:url\" content=\"https:\/\/sintramem-sv.org.br\/sintramem\/sintramem-questiona-administracao-por-desconto-salarial-antecipado-de-licencas-medicas-dos-servidores\/\" \/>\n<meta property=\"og:site_name\" content=\"SINTRAMEM\" \/>\n<meta property=\"article:published_time\" content=\"2025-11-03T14:45:37+00:00\" \/>\n<meta property=\"article:modified_time\" content=\"2025-11-03T16:15:14+00:00\" \/>\n<meta property=\"og:image\" content=\"https:\/\/sintramem-sv.org.br\/sintramem\/wp-content\/uploads\/2025\/11\/menor.png\" \/>\n\t<meta property=\"og:image:width\" content=\"600\" \/>\n\t<meta property=\"og:image:height\" content=\"334\" \/>\n\t<meta property=\"og:image:type\" content=\"image\/png\" \/>\n<meta name=\"author\" content=\"sintramem\" \/>\n<meta name=\"twitter:card\" content=\"summary_large_image\" \/>\n<meta name=\"twitter:label1\" content=\"Escrito por\" \/>\n\t<meta name=\"twitter:data1\" content=\"sintramem\" \/>\n\t<meta name=\"twitter:label2\" content=\"Est. tempo de leitura\" \/>\n\t<meta name=\"twitter:data2\" content=\"2 minutos\" \/>\n<script type=\"application\/ld+json\" class=\"yoast-schema-graph\">{\"@context\":\"https:\/\/schema.org\",\"@graph\":[{\"@type\":\"Article\",\"@id\":\"https:\/\/sintramem-sv.org.br\/sintramem\/sintramem-questiona-administracao-por-desconto-salarial-antecipado-de-licencas-medicas-dos-servidores\/#article\",\"isPartOf\":{\"@id\":\"https:\/\/sintramem-sv.org.br\/sintramem\/sintramem-questiona-administracao-por-desconto-salarial-antecipado-de-licencas-medicas-dos-servidores\/\"},\"author\":{\"name\":\"sintramem\",\"@id\":\"https:\/\/sintramem-sv.org.br\/sintramem\/#\/schema\/person\/a8decb8ea63607d1e01e046c95ddcf2b\"},\"headline\":\"SINTRAMEM questiona Administra\u00e7\u00e3o por desconto salarial antecipado de licen\u00e7as m\u00e9dicas dos Servidores\",\"datePublished\":\"2025-11-03T14:45:37+00:00\",\"dateModified\":\"2025-11-03T16:15:14+00:00\",\"mainEntityOfPage\":{\"@id\":\"https:\/\/sintramem-sv.org.br\/sintramem\/sintramem-questiona-administracao-por-desconto-salarial-antecipado-de-licencas-medicas-dos-servidores\/\"},\"wordCount\":246,\"commentCount\":0,\"publisher\":{\"@id\":\"https:\/\/sintramem-sv.org.br\/sintramem\/#organization\"},\"image\":{\"@id\":\"https:\/\/sintramem-sv.org.br\/sintramem\/sintramem-questiona-administracao-por-desconto-salarial-antecipado-de-licencas-medicas-dos-servidores\/#primaryimage\"},\"thumbnailUrl\":\"https:\/\/sintramem-sv.org.br\/sintramem\/wp-content\/uploads\/2025\/11\/Destacada-Comunicado-Desconto-Salarial-SINTRAMEM.png\",\"articleSection\":[\"Sintramem\"],\"inLanguage\":\"pt-BR\",\"potentialAction\":[{\"@type\":\"CommentAction\",\"name\":\"Comment\",\"target\":[\"https:\/\/sintramem-sv.org.br\/sintramem\/sintramem-questiona-administracao-por-desconto-salarial-antecipado-de-licencas-medicas-dos-servidores\/#respond\"]}]},{\"@type\":\"WebPage\",\"@id\":\"https:\/\/sintramem-sv.org.br\/sintramem\/sintramem-questiona-administracao-por-desconto-salarial-antecipado-de-licencas-medicas-dos-servidores\/\",\"url\":\"https:\/\/sintramem-sv.org.br\/sintramem\/sintramem-questiona-administracao-por-desconto-salarial-antecipado-de-licencas-medicas-dos-servidores\/\",\"name\":\"SINTRAMEM questiona Administra\u00e7\u00e3o por desconto salarial antecipado de licen\u00e7as m\u00e9dicas dos Servidores - SINTRAMEM\",\"isPartOf\":{\"@id\":\"https:\/\/sintramem-sv.org.br\/sintramem\/#website\"},\"primaryImageOfPage\":{\"@id\":\"https:\/\/sintramem-sv.org.br\/sintramem\/sintramem-questiona-administracao-por-desconto-salarial-antecipado-de-licencas-medicas-dos-servidores\/#primaryimage\"},\"image\":{\"@id\":\"https:\/\/sintramem-sv.org.br\/sintramem\/sintramem-questiona-administracao-por-desconto-salarial-antecipado-de-licencas-medicas-dos-servidores\/#primaryimage\"},\"thumbnailUrl\":\"https:\/\/sintramem-sv.org.br\/sintramem\/wp-content\/uploads\/2025\/11\/Destacada-Comunicado-Desconto-Salarial-SINTRAMEM.png\",\"datePublished\":\"2025-11-03T14:45:37+00:00\",\"dateModified\":\"2025-11-03T16:15:14+00:00\",\"breadcrumb\":{\"@id\":\"https:\/\/sintramem-sv.org.br\/sintramem\/sintramem-questiona-administracao-por-desconto-salarial-antecipado-de-licencas-medicas-dos-servidores\/#breadcrumb\"},\"inLanguage\":\"pt-BR\",\"potentialAction\":[{\"@type\":\"ReadAction\",\"target\":[\"https:\/\/sintramem-sv.org.br\/sintramem\/sintramem-questiona-administracao-por-desconto-salarial-antecipado-de-licencas-medicas-dos-servidores\/\"]}]},{\"@type\":\"ImageObject\",\"inLanguage\":\"pt-BR\",\"@id\":\"https:\/\/sintramem-sv.org.br\/sintramem\/sintramem-questiona-administracao-por-desconto-salarial-antecipado-de-licencas-medicas-dos-servidores\/#primaryimage\",\"url\":\"https:\/\/sintramem-sv.org.br\/sintramem\/wp-content\/uploads\/2025\/11\/Destacada-Comunicado-Desconto-Salarial-SINTRAMEM.png\",\"contentUrl\":\"https:\/\/sintramem-sv.org.br\/sintramem\/wp-content\/uploads\/2025\/11\/Destacada-Comunicado-Desconto-Salarial-SINTRAMEM.png\",\"width\":1294,\"height\":720},{\"@type\":\"BreadcrumbList\",\"@id\":\"https:\/\/sintramem-sv.org.br\/sintramem\/sintramem-questiona-administracao-por-desconto-salarial-antecipado-de-licencas-medicas-dos-servidores\/#breadcrumb\",\"itemListElement\":[{\"@type\":\"ListItem\",\"position\":1,\"name\":\"In\u00edcio\",\"item\":\"https:\/\/sintramem-sv.org.br\/sintramem\/\"},{\"@type\":\"ListItem\",\"position\":2,\"name\":\"SINTRAMEM questiona Administra\u00e7\u00e3o por desconto salarial antecipado de licen\u00e7as m\u00e9dicas dos Servidores\"}]},{\"@type\":\"WebSite\",\"@id\":\"https:\/\/sintramem-sv.org.br\/sintramem\/#website\",\"url\":\"https:\/\/sintramem-sv.org.br\/sintramem\/\",\"name\":\"SINTRAMEM\",\"description\":\"Sindicato dos Trabalhadores no Magist\u00e9rio e na Educa\u00e7\u00e3o de S\u00e3o Vicente\",\"publisher\":{\"@id\":\"https:\/\/sintramem-sv.org.br\/sintramem\/#organization\"},\"potentialAction\":[{\"@type\":\"SearchAction\",\"target\":{\"@type\":\"EntryPoint\",\"urlTemplate\":\"https:\/\/sintramem-sv.org.br\/sintramem\/?s={search_term_string}\"},\"query-input\":{\"@type\":\"PropertyValueSpecification\",\"valueRequired\":true,\"valueName\":\"search_term_string\"}}],\"inLanguage\":\"pt-BR\"},{\"@type\":\"Organization\",\"@id\":\"https:\/\/sintramem-sv.org.br\/sintramem\/#organization\",\"name\":\"SINTRAMEM\",\"url\":\"https:\/\/sintramem-sv.org.br\/sintramem\/\",\"logo\":{\"@type\":\"ImageObject\",\"inLanguage\":\"pt-BR\",\"@id\":\"https:\/\/sintramem-sv.org.br\/sintramem\/#\/schema\/logo\/image\/\",\"url\":\"https:\/\/sintramem-sv.org.br\/sintramem\/wp-content\/uploads\/2017\/02\/SINTRAMEM-LOGO-OFICIAL-300x100-jpg.jpg\",\"contentUrl\":\"https:\/\/sintramem-sv.org.br\/sintramem\/wp-content\/uploads\/2017\/02\/SINTRAMEM-LOGO-OFICIAL-300x100-jpg.jpg\",\"width\":150,\"height\":150,\"caption\":\"SINTRAMEM\"},\"image\":{\"@id\":\"https:\/\/sintramem-sv.org.br\/sintramem\/#\/schema\/logo\/image\/\"}},{\"@type\":\"Person\",\"@id\":\"https:\/\/sintramem-sv.org.br\/sintramem\/#\/schema\/person\/a8decb8ea63607d1e01e046c95ddcf2b\",\"name\":\"sintramem\",\"image\":{\"@type\":\"ImageObject\",\"inLanguage\":\"pt-BR\",\"@id\":\"https:\/\/sintramem-sv.org.br\/sintramem\/#\/schema\/person\/image\/\",\"url\":\"https:\/\/secure.gravatar.com\/avatar\/8e06da3b0d4f051010117c848b52b9280a4228043717057ccccccc8b20ff8f48?s=96&d=mm&r=g\",\"contentUrl\":\"https:\/\/secure.gravatar.com\/avatar\/8e06da3b0d4f051010117c848b52b9280a4228043717057ccccccc8b20ff8f48?s=96&d=mm&r=g\",\"caption\":\"sintramem\"},\"description\":\"Sindicato dos Trabalhadores no Magist\u00e9rio e na Educa\u00e7\u00e3o Municipal de S\u00e3o Vicente\",\"url\":\"https:\/\/sintramem-sv.org.br\/sintramem\/author\/sindsv\/\"}]}<\/script>\n<!-- \/ Yoast SEO plugin. -->","yoast_head_json":{"title":"SINTRAMEM questiona Administra\u00e7\u00e3o por desconto salarial antecipado de licen\u00e7as m\u00e9dicas dos Servidores - SINTRAMEM","robots":{"index":"index","follow":"follow","max-snippet":"max-snippet:-1","max-image-preview":"max-image-preview:large","max-video-preview":"max-video-preview:-1"},"canonical":"https:\/\/sintramem-sv.org.br\/sintramem\/sintramem-questiona-administracao-por-desconto-salarial-antecipado-de-licencas-medicas-dos-servidores\/","og_locale":"pt_BR","og_type":"article","og_title":"SINTRAMEM questiona Administra\u00e7\u00e3o por desconto salarial antecipado de licen\u00e7as m\u00e9dicas dos Servidores - SINTRAMEM","og_description":"O SINTRAMEM foi alertado por diversos Servidores sobre uma pr\u00e1tica administrativa de grande estranheza. A gest\u00e3o municipal tem procedido com o desconto salarial referente a dias de afastamento por licen\u00e7a m\u00e9dica antes mesmo da conclus\u00e3o do processo de per\u00edcia oficial. Essa medida, al\u00e9m de gerar um preju\u00edzo financeiro imediato ao trabalhador, fere o princ\u00edpio b\u00e1sico&hellip;","og_url":"https:\/\/sintramem-sv.org.br\/sintramem\/sintramem-questiona-administracao-por-desconto-salarial-antecipado-de-licencas-medicas-dos-servidores\/","og_site_name":"SINTRAMEM","article_published_time":"2025-11-03T14:45:37+00:00","article_modified_time":"2025-11-03T16:15:14+00:00","og_image":[{"width":600,"height":334,"url":"https:\/\/sintramem-sv.org.br\/sintramem\/wp-content\/uploads\/2025\/11\/menor.png","type":"image\/png"}],"author":"sintramem","twitter_card":"summary_large_image","twitter_misc":{"Escrito por":"sintramem","Est. tempo de leitura":"2 minutos"},"schema":{"@context":"https:\/\/schema.org","@graph":[{"@type":"Article","@id":"https:\/\/sintramem-sv.org.br\/sintramem\/sintramem-questiona-administracao-por-desconto-salarial-antecipado-de-licencas-medicas-dos-servidores\/#article","isPartOf":{"@id":"https:\/\/sintramem-sv.org.br\/sintramem\/sintramem-questiona-administracao-por-desconto-salarial-antecipado-de-licencas-medicas-dos-servidores\/"},"author":{"name":"sintramem","@id":"https:\/\/sintramem-sv.org.br\/sintramem\/#\/schema\/person\/a8decb8ea63607d1e01e046c95ddcf2b"},"headline":"SINTRAMEM questiona Administra\u00e7\u00e3o por desconto salarial antecipado de licen\u00e7as m\u00e9dicas dos Servidores","datePublished":"2025-11-03T14:45:37+00:00","dateModified":"2025-11-03T16:15:14+00:00","mainEntityOfPage":{"@id":"https:\/\/sintramem-sv.org.br\/sintramem\/sintramem-questiona-administracao-por-desconto-salarial-antecipado-de-licencas-medicas-dos-servidores\/"},"wordCount":246,"commentCount":0,"publisher":{"@id":"https:\/\/sintramem-sv.org.br\/sintramem\/#organization"},"image":{"@id":"https:\/\/sintramem-sv.org.br\/sintramem\/sintramem-questiona-administracao-por-desconto-salarial-antecipado-de-licencas-medicas-dos-servidores\/#primaryimage"},"thumbnailUrl":"https:\/\/sintramem-sv.org.br\/sintramem\/wp-content\/uploads\/2025\/11\/Destacada-Comunicado-Desconto-Salarial-SINTRAMEM.png","articleSection":["Sintramem"],"inLanguage":"pt-BR","potentialAction":[{"@type":"CommentAction","name":"Comment","target":["https:\/\/sintramem-sv.org.br\/sintramem\/sintramem-questiona-administracao-por-desconto-salarial-antecipado-de-licencas-medicas-dos-servidores\/#respond"]}]},{"@type":"WebPage","@id":"https:\/\/sintramem-sv.org.br\/sintramem\/sintramem-questiona-administracao-por-desconto-salarial-antecipado-de-licencas-medicas-dos-servidores\/","url":"https:\/\/sintramem-sv.org.br\/sintramem\/sintramem-questiona-administracao-por-desconto-salarial-antecipado-de-licencas-medicas-dos-servidores\/","name":"SINTRAMEM questiona Administra\u00e7\u00e3o por desconto salarial antecipado de licen\u00e7as m\u00e9dicas dos Servidores - SINTRAMEM","isPartOf":{"@id":"https:\/\/sintramem-sv.org.br\/sintramem\/#website"},"primaryImageOfPage":{"@id":"https:\/\/sintramem-sv.org.br\/sintramem\/sintramem-questiona-administracao-por-desconto-salarial-antecipado-de-licencas-medicas-dos-servidores\/#primaryimage"},"image":{"@id":"https:\/\/sintramem-sv.org.br\/sintramem\/sintramem-questiona-administracao-por-desconto-salarial-antecipado-de-licencas-medicas-dos-servidores\/#primaryimage"},"thumbnailUrl":"https:\/\/sintramem-sv.org.br\/sintramem\/wp-content\/uploads\/2025\/11\/Destacada-Comunicado-Desconto-Salarial-SINTRAMEM.png","datePublished":"2025-11-03T14:45:37+00:00","dateModified":"2025-11-03T16:15:14+00:00","breadcrumb":{"@id":"https:\/\/sintramem-sv.org.br\/sintramem\/sintramem-questiona-administracao-por-desconto-salarial-antecipado-de-licencas-medicas-dos-servidores\/#breadcrumb"},"inLanguage":"pt-BR","potentialAction":[{"@type":"ReadAction","target":["https:\/\/sintramem-sv.org.br\/sintramem\/sintramem-questiona-administracao-por-desconto-salarial-antecipado-de-licencas-medicas-dos-servidores\/"]}]},{"@type":"ImageObject","inLanguage":"pt-BR","@id":"https:\/\/sintramem-sv.org.br\/sintramem\/sintramem-questiona-administracao-por-desconto-salarial-antecipado-de-licencas-medicas-dos-servidores\/#primaryimage","url":"https:\/\/sintramem-sv.org.br\/sintramem\/wp-content\/uploads\/2025\/11\/Destacada-Comunicado-Desconto-Salarial-SINTRAMEM.png","contentUrl":"https:\/\/sintramem-sv.org.br\/sintramem\/wp-content\/uploads\/2025\/11\/Destacada-Comunicado-Desconto-Salarial-SINTRAMEM.png","width":1294,"height":720},{"@type":"BreadcrumbList","@id":"https:\/\/sintramem-sv.org.br\/sintramem\/sintramem-questiona-administracao-por-desconto-salarial-antecipado-de-licencas-medicas-dos-servidores\/#breadcrumb","itemListElement":[{"@type":"ListItem","position":1,"name":"In\u00edcio","item":"https:\/\/sintramem-sv.org.br\/sintramem\/"},{"@type":"ListItem","position":2,"name":"SINTRAMEM questiona Administra\u00e7\u00e3o por desconto salarial antecipado de licen\u00e7as m\u00e9dicas dos Servidores"}]},{"@type":"WebSite","@id":"https:\/\/sintramem-sv.org.br\/sintramem\/#website","url":"https:\/\/sintramem-sv.org.br\/sintramem\/","name":"SINTRAMEM","description":"Sindicato dos Trabalhadores no Magist\u00e9rio e na Educa\u00e7\u00e3o de S\u00e3o Vicente","publisher":{"@id":"https:\/\/sintramem-sv.org.br\/sintramem\/#organization"},"potentialAction":[{"@type":"SearchAction","target":{"@type":"EntryPoint","urlTemplate":"https:\/\/sintramem-sv.org.br\/sintramem\/?s={search_term_string}"},"query-input":{"@type":"PropertyValueSpecification","valueRequired":true,"valueName":"search_term_string"}}],"inLanguage":"pt-BR"},{"@type":"Organization","@id":"https:\/\/sintramem-sv.org.br\/sintramem\/#organization","name":"SINTRAMEM","url":"https:\/\/sintramem-sv.org.br\/sintramem\/","logo":{"@type":"ImageObject","inLanguage":"pt-BR","@id":"https:\/\/sintramem-sv.org.br\/sintramem\/#\/schema\/logo\/image\/","url":"https:\/\/sintramem-sv.org.br\/sintramem\/wp-content\/uploads\/2017\/02\/SINTRAMEM-LOGO-OFICIAL-300x100-jpg.jpg","contentUrl":"https:\/\/sintramem-sv.org.br\/sintramem\/wp-content\/uploads\/2017\/02\/SINTRAMEM-LOGO-OFICIAL-300x100-jpg.jpg","width":150,"height":150,"caption":"SINTRAMEM"},"image":{"@id":"https:\/\/sintramem-sv.org.br\/sintramem\/#\/schema\/logo\/image\/"}},{"@type":"Person","@id":"https:\/\/sintramem-sv.org.br\/sintramem\/#\/schema\/person\/a8decb8ea63607d1e01e046c95ddcf2b","name":"sintramem","image":{"@type":"ImageObject","inLanguage":"pt-BR","@id":"https:\/\/sintramem-sv.org.br\/sintramem\/#\/schema\/person\/image\/","url":"https:\/\/secure.gravatar.com\/avatar\/8e06da3b0d4f051010117c848b52b9280a4228043717057ccccccc8b20ff8f48?s=96&d=mm&r=g","contentUrl":"https:\/\/secure.gravatar.com\/avatar\/8e06da3b0d4f051010117c848b52b9280a4228043717057ccccccc8b20ff8f48?s=96&d=mm&r=g","caption":"sintramem"},"description":"Sindicato dos Trabalhadores no Magist\u00e9rio e na Educa\u00e7\u00e3o Municipal de S\u00e3o Vicente","url":"https:\/\/sintramem-sv.org.br\/sintramem\/author\/sindsv\/"}]}},"_links":{"self":[{"href":"https:\/\/sintramem-sv.org.br\/sintramem\/wp-json\/wp\/v2\/posts\/8916","targetHints":{"allow":["GET"]}}],"collection":[{"href":"https:\/\/sintramem-sv.org.br\/sintramem\/wp-json\/wp\/v2\/posts"}],"about":[{"href":"https:\/\/sintramem-sv.org.br\/sintramem\/wp-json\/wp\/v2\/types\/post"}],"author":[{"embeddable":true,"href":"https:\/\/sintramem-sv.org.br\/sintramem\/wp-json\/wp\/v2\/users\/1"}],"replies":[{"embeddable":true,"href":"https:\/\/sintramem-sv.org.br\/sintramem\/wp-json\/wp\/v2\/comments?post=8916"}],"version-history":[{"count":3,"href":"https:\/\/sintramem-sv.org.br\/sintramem\/wp-json\/wp\/v2\/posts\/8916\/revisions"}],"predecessor-version":[{"id":8921,"href":"https:\/\/sintramem-sv.org.br\/sintramem\/wp-json\/wp\/v2\/posts\/8916\/revisions\/8921"}],"wp:featuredmedia":[{"embeddable":true,"href":"https:\/\/sintramem-sv.org.br\/sintramem\/wp-json\/wp\/v2\/media\/8922"}],"wp:attachment":[{"href":"https:\/\/sintramem-sv.org.br\/sintramem\/wp-json\/wp\/v2\/media?parent=8916"}],"wp:term":[{"taxonomy":"category","embeddable":true,"href":"https:\/\/sintramem-sv.org.br\/sintramem\/wp-json\/wp\/v2\/categories?post=8916"},{"taxonomy":"post_tag","embeddable":true,"href":"https:\/\/sintramem-sv.org.br\/sintramem\/wp-json\/wp\/v2\/tags?post=8916"}],"curies":[{"name":"wp","href":"https:\/\/api.w.org\/{rel}","templated":true}]}}