{"id":8912,"date":"2025-10-31T14:46:33","date_gmt":"2025-10-31T14:46:33","guid":{"rendered":"https:\/\/sintramem-sv.org.br\/sintramem\/?p=8912"},"modified":"2025-10-31T14:48:06","modified_gmt":"2025-10-31T14:48:06","slug":"adicional-de-pos-graduacao-prefeitura-cumpre-ordem-judicial-e-retoma-pagamento-aos-profissionais-grande-vitoria","status":"publish","type":"post","link":"https:\/\/sintramem-sv.org.br\/sintramem\/adicional-de-pos-graduacao-prefeitura-cumpre-ordem-judicial-e-retoma-pagamento-aos-profissionais-grande-vitoria\/","title":{"rendered":"Adicional de P\u00f3s-Gradua\u00e7\u00e3o | Prefeitura cumpre ordem judicial e retoma pagamento aos profissionais. Grande vit\u00f3ria!"},"content":{"rendered":"<p><span style=\"font-size: 14pt;\">A Prefeitura de S\u00e3o Vicente iniciou nesta sexta, dia 31 de outubro, o cumprimento de ordem judicial para restabelecer o pagamento do Adicional de P\u00f3s-Gradua\u00e7\u00e3o dos Educadores. <span style=\"background-color: #ffff00;\"><strong>A medida beneficia diretamente os profissionais que j\u00e1 possu\u00edam esse direito garantido por senten\u00e7a<\/strong><\/span>. No entanto, a batalha n\u00e3o est\u00e1 completamente encerrada: o poder p\u00fablico ainda n\u00e3o quitou os valores referentes aos meses em que o benef\u00edcio foi cortado ilegalmente, uma pend\u00eancia que o <strong>SINTRAMEM<\/strong> acompanha com m\u00e1xima aten\u00e7\u00e3o e que ser\u00e1 alvo das pr\u00f3ximas etapas da nossa atua\u00e7\u00e3o.<\/span><\/p>\n<p><span style=\"font-size: 14pt;\">Paralelamente a essa conquista, o Sindicato mant\u00e9m sua ofensiva legal em duas frentes robustas. A primeira s\u00e3o as <strong>a\u00e7\u00f5es individuais<\/strong>, que seguem sendo impetradas e, de forma consistente, obtendo ganho de causa no Tribunal de Justi\u00e7a. Cada vit\u00f3ria nesse campo fortalece nossa posi\u00e7\u00e3o e cria jurisprud\u00eancia.<\/span><\/p>\n<p><span style=\"font-size: 14pt;\"> A segunda e mais abrangente frente \u00e9 a <strong>A\u00e7\u00e3o Civil P\u00fablica<\/strong> movida pelo <strong>SINTRAMEM<\/strong>. Este instrumento legal visa um benef\u00edcio duplo: <span style=\"background-color: #ffff00;\"><strong>assegurar o pagamento do adicional para todos os Servidores com direito<\/strong><\/span>, independentemente de terem ingressado com a\u00e7\u00e3o individual, e requerer a declara\u00e7\u00e3o de ilegalidade da nova lei municipal aprovada em agosto, que alterou as regras do benef\u00edcio. Nossa tese \u00e9 clara: modificar a legisla\u00e7\u00e3o para escapar de obriga\u00e7\u00f5es judiciais consolidadas constitui uma manobra ileg\u00edtima.<\/span><\/p>\n<p><span style=\"font-size: 18pt; color: #ffffff; background-color: #333333;\"><strong>SOLU\u00c7\u00c3O PARA TODOS<\/strong><\/span><\/p>\n<p><span style=\"font-size: 14pt;\">Algumas pessoas podem questionar o por que da A\u00e7\u00e3o Civil P\u00fablica n\u00e3o ter sido proposta anteriormente. A estrat\u00e9gia foi meticulosa e t\u00e9cnica: nosso corpo jur\u00eddico entendeu ser crucial acumular um hist\u00f3rico s\u00f3lido de vit\u00f3rias nas esferas individuais para mapear o entendimento dos tribunais e construir uma base irrefut\u00e1vel para a a\u00e7\u00e3o coletiva. <\/span><\/p>\n<p><span style=\"font-size: 14pt;\">Agora, com um caminho de sucesso tra\u00e7ado, partimos para a raiz do problema. O objetivo do <strong>SINTRAMEM<\/strong> \u00e9 \u00fanico e indivis\u00edvel: garantir que todo e qualquer Servidor com forma\u00e7\u00e3o superior \u00e0 necess\u00e1ria receba o adicional que \u00e9 de seu direito. O Sindicato est\u00e1 e estar\u00e1 sempre na linha de frente, lutando incansavelmente pelos direitos da categoria.<\/span><\/p>\n","protected":false},"excerpt":{"rendered":"<p>A Prefeitura de S\u00e3o Vicente iniciou nesta sexta, dia 31 de outubro, o cumprimento de ordem judicial para restabelecer o pagamento do Adicional de P\u00f3s-Gradua\u00e7\u00e3o dos Educadores. A medida beneficia diretamente os profissionais que j\u00e1 possu\u00edam esse direito garantido por senten\u00e7a. No entanto, a batalha n\u00e3o est\u00e1 completamente encerrada: o poder p\u00fablico ainda n\u00e3o quitou&hellip;<\/p>\n","protected":false},"author":1,"featured_media":8914,"comment_status":"open","ping_status":"closed","sticky":false,"template":"","format":"standard","meta":{"_monsterinsights_skip_tracking":false,"_monsterinsights_sitenote_active":false,"_monsterinsights_sitenote_note":"","_monsterinsights_sitenote_category":0,"footnotes":""},"categories":[19],"tags":[],"class_list":["post-8912","post","type-post","status-publish","format-standard","has-post-thumbnail","hentry","category-sintramem"],"yoast_head":"<!-- This site is optimized with the Yoast SEO plugin v27.0 - https:\/\/yoast.com\/product\/yoast-seo-wordpress\/ -->\n<title>Adicional de P\u00f3s-Gradua\u00e7\u00e3o | Prefeitura cumpre ordem judicial e retoma pagamento aos profissionais. Grande vit\u00f3ria! - SINTRAMEM<\/title>\n<meta name=\"robots\" content=\"index, follow, max-snippet:-1, max-image-preview:large, max-video-preview:-1\" \/>\n<link rel=\"canonical\" href=\"https:\/\/sintramem-sv.org.br\/sintramem\/adicional-de-pos-graduacao-prefeitura-cumpre-ordem-judicial-e-retoma-pagamento-aos-profissionais-grande-vitoria\/\" \/>\n<meta property=\"og:locale\" content=\"pt_BR\" \/>\n<meta property=\"og:type\" content=\"article\" \/>\n<meta property=\"og:title\" content=\"Adicional de P\u00f3s-Gradua\u00e7\u00e3o | Prefeitura cumpre ordem judicial e retoma pagamento aos profissionais. Grande vit\u00f3ria! - SINTRAMEM\" \/>\n<meta property=\"og:description\" content=\"A Prefeitura de S\u00e3o Vicente iniciou nesta sexta, dia 31 de outubro, o cumprimento de ordem judicial para restabelecer o pagamento do Adicional de P\u00f3s-Gradua\u00e7\u00e3o dos Educadores. A medida beneficia diretamente os profissionais que j\u00e1 possu\u00edam esse direito garantido por senten\u00e7a. No entanto, a batalha n\u00e3o est\u00e1 completamente encerrada: o poder p\u00fablico ainda n\u00e3o quitou&hellip;\" \/>\n<meta property=\"og:url\" content=\"https:\/\/sintramem-sv.org.br\/sintramem\/adicional-de-pos-graduacao-prefeitura-cumpre-ordem-judicial-e-retoma-pagamento-aos-profissionais-grande-vitoria\/\" \/>\n<meta property=\"og:site_name\" content=\"SINTRAMEM\" \/>\n<meta property=\"article:published_time\" content=\"2025-10-31T14:46:33+00:00\" \/>\n<meta property=\"article:modified_time\" content=\"2025-10-31T14:48:06+00:00\" \/>\n<meta property=\"og:image\" content=\"https:\/\/sintramem-sv.org.br\/sintramem\/wp-content\/uploads\/2025\/10\/menor-3.png\" \/>\n\t<meta property=\"og:image:width\" content=\"600\" \/>\n\t<meta property=\"og:image:height\" content=\"334\" \/>\n\t<meta property=\"og:image:type\" content=\"image\/png\" \/>\n<meta name=\"author\" content=\"sintramem\" \/>\n<meta name=\"twitter:card\" content=\"summary_large_image\" \/>\n<meta name=\"twitter:label1\" content=\"Escrito por\" \/>\n\t<meta name=\"twitter:data1\" content=\"sintramem\" \/>\n\t<meta name=\"twitter:label2\" content=\"Est. tempo de leitura\" \/>\n\t<meta name=\"twitter:data2\" content=\"2 minutos\" \/>\n<script type=\"application\/ld+json\" class=\"yoast-schema-graph\">{\"@context\":\"https:\/\/schema.org\",\"@graph\":[{\"@type\":\"Article\",\"@id\":\"https:\/\/sintramem-sv.org.br\/sintramem\/adicional-de-pos-graduacao-prefeitura-cumpre-ordem-judicial-e-retoma-pagamento-aos-profissionais-grande-vitoria\/#article\",\"isPartOf\":{\"@id\":\"https:\/\/sintramem-sv.org.br\/sintramem\/adicional-de-pos-graduacao-prefeitura-cumpre-ordem-judicial-e-retoma-pagamento-aos-profissionais-grande-vitoria\/\"},\"author\":{\"name\":\"sintramem\",\"@id\":\"https:\/\/sintramem-sv.org.br\/sintramem\/#\/schema\/person\/a8decb8ea63607d1e01e046c95ddcf2b\"},\"headline\":\"Adicional de P\u00f3s-Gradua\u00e7\u00e3o | Prefeitura cumpre ordem judicial e retoma pagamento aos profissionais. Grande vit\u00f3ria!\",\"datePublished\":\"2025-10-31T14:46:33+00:00\",\"dateModified\":\"2025-10-31T14:48:06+00:00\",\"mainEntityOfPage\":{\"@id\":\"https:\/\/sintramem-sv.org.br\/sintramem\/adicional-de-pos-graduacao-prefeitura-cumpre-ordem-judicial-e-retoma-pagamento-aos-profissionais-grande-vitoria\/\"},\"wordCount\":375,\"commentCount\":0,\"publisher\":{\"@id\":\"https:\/\/sintramem-sv.org.br\/sintramem\/#organization\"},\"image\":{\"@id\":\"https:\/\/sintramem-sv.org.br\/sintramem\/adicional-de-pos-graduacao-prefeitura-cumpre-ordem-judicial-e-retoma-pagamento-aos-profissionais-grande-vitoria\/#primaryimage\"},\"thumbnailUrl\":\"https:\/\/sintramem-sv.org.br\/sintramem\/wp-content\/uploads\/2025\/10\/Destacada-Pos-graduacao-Sintramem.png\",\"articleSection\":[\"Sintramem\"],\"inLanguage\":\"pt-BR\",\"potentialAction\":[{\"@type\":\"CommentAction\",\"name\":\"Comment\",\"target\":[\"https:\/\/sintramem-sv.org.br\/sintramem\/adicional-de-pos-graduacao-prefeitura-cumpre-ordem-judicial-e-retoma-pagamento-aos-profissionais-grande-vitoria\/#respond\"]}]},{\"@type\":\"WebPage\",\"@id\":\"https:\/\/sintramem-sv.org.br\/sintramem\/adicional-de-pos-graduacao-prefeitura-cumpre-ordem-judicial-e-retoma-pagamento-aos-profissionais-grande-vitoria\/\",\"url\":\"https:\/\/sintramem-sv.org.br\/sintramem\/adicional-de-pos-graduacao-prefeitura-cumpre-ordem-judicial-e-retoma-pagamento-aos-profissionais-grande-vitoria\/\",\"name\":\"Adicional de P\u00f3s-Gradua\u00e7\u00e3o | Prefeitura cumpre ordem judicial e retoma pagamento aos profissionais. Grande vit\u00f3ria! - SINTRAMEM\",\"isPartOf\":{\"@id\":\"https:\/\/sintramem-sv.org.br\/sintramem\/#website\"},\"primaryImageOfPage\":{\"@id\":\"https:\/\/sintramem-sv.org.br\/sintramem\/adicional-de-pos-graduacao-prefeitura-cumpre-ordem-judicial-e-retoma-pagamento-aos-profissionais-grande-vitoria\/#primaryimage\"},\"image\":{\"@id\":\"https:\/\/sintramem-sv.org.br\/sintramem\/adicional-de-pos-graduacao-prefeitura-cumpre-ordem-judicial-e-retoma-pagamento-aos-profissionais-grande-vitoria\/#primaryimage\"},\"thumbnailUrl\":\"https:\/\/sintramem-sv.org.br\/sintramem\/wp-content\/uploads\/2025\/10\/Destacada-Pos-graduacao-Sintramem.png\",\"datePublished\":\"2025-10-31T14:46:33+00:00\",\"dateModified\":\"2025-10-31T14:48:06+00:00\",\"breadcrumb\":{\"@id\":\"https:\/\/sintramem-sv.org.br\/sintramem\/adicional-de-pos-graduacao-prefeitura-cumpre-ordem-judicial-e-retoma-pagamento-aos-profissionais-grande-vitoria\/#breadcrumb\"},\"inLanguage\":\"pt-BR\",\"potentialAction\":[{\"@type\":\"ReadAction\",\"target\":[\"https:\/\/sintramem-sv.org.br\/sintramem\/adicional-de-pos-graduacao-prefeitura-cumpre-ordem-judicial-e-retoma-pagamento-aos-profissionais-grande-vitoria\/\"]}]},{\"@type\":\"ImageObject\",\"inLanguage\":\"pt-BR\",\"@id\":\"https:\/\/sintramem-sv.org.br\/sintramem\/adicional-de-pos-graduacao-prefeitura-cumpre-ordem-judicial-e-retoma-pagamento-aos-profissionais-grande-vitoria\/#primaryimage\",\"url\":\"https:\/\/sintramem-sv.org.br\/sintramem\/wp-content\/uploads\/2025\/10\/Destacada-Pos-graduacao-Sintramem.png\",\"contentUrl\":\"https:\/\/sintramem-sv.org.br\/sintramem\/wp-content\/uploads\/2025\/10\/Destacada-Pos-graduacao-Sintramem.png\",\"width\":1294,\"height\":720},{\"@type\":\"BreadcrumbList\",\"@id\":\"https:\/\/sintramem-sv.org.br\/sintramem\/adicional-de-pos-graduacao-prefeitura-cumpre-ordem-judicial-e-retoma-pagamento-aos-profissionais-grande-vitoria\/#breadcrumb\",\"itemListElement\":[{\"@type\":\"ListItem\",\"position\":1,\"name\":\"In\u00edcio\",\"item\":\"https:\/\/sintramem-sv.org.br\/sintramem\/\"},{\"@type\":\"ListItem\",\"position\":2,\"name\":\"Adicional de P\u00f3s-Gradua\u00e7\u00e3o | Prefeitura cumpre ordem judicial e retoma pagamento aos profissionais. Grande vit\u00f3ria!\"}]},{\"@type\":\"WebSite\",\"@id\":\"https:\/\/sintramem-sv.org.br\/sintramem\/#website\",\"url\":\"https:\/\/sintramem-sv.org.br\/sintramem\/\",\"name\":\"SINTRAMEM\",\"description\":\"Sindicato dos Trabalhadores no Magist\u00e9rio e na Educa\u00e7\u00e3o de S\u00e3o Vicente\",\"publisher\":{\"@id\":\"https:\/\/sintramem-sv.org.br\/sintramem\/#organization\"},\"potentialAction\":[{\"@type\":\"SearchAction\",\"target\":{\"@type\":\"EntryPoint\",\"urlTemplate\":\"https:\/\/sintramem-sv.org.br\/sintramem\/?s={search_term_string}\"},\"query-input\":{\"@type\":\"PropertyValueSpecification\",\"valueRequired\":true,\"valueName\":\"search_term_string\"}}],\"inLanguage\":\"pt-BR\"},{\"@type\":\"Organization\",\"@id\":\"https:\/\/sintramem-sv.org.br\/sintramem\/#organization\",\"name\":\"SINTRAMEM\",\"url\":\"https:\/\/sintramem-sv.org.br\/sintramem\/\",\"logo\":{\"@type\":\"ImageObject\",\"inLanguage\":\"pt-BR\",\"@id\":\"https:\/\/sintramem-sv.org.br\/sintramem\/#\/schema\/logo\/image\/\",\"url\":\"https:\/\/sintramem-sv.org.br\/sintramem\/wp-content\/uploads\/2017\/02\/SINTRAMEM-LOGO-OFICIAL-300x100-jpg.jpg\",\"contentUrl\":\"https:\/\/sintramem-sv.org.br\/sintramem\/wp-content\/uploads\/2017\/02\/SINTRAMEM-LOGO-OFICIAL-300x100-jpg.jpg\",\"width\":150,\"height\":150,\"caption\":\"SINTRAMEM\"},\"image\":{\"@id\":\"https:\/\/sintramem-sv.org.br\/sintramem\/#\/schema\/logo\/image\/\"}},{\"@type\":\"Person\",\"@id\":\"https:\/\/sintramem-sv.org.br\/sintramem\/#\/schema\/person\/a8decb8ea63607d1e01e046c95ddcf2b\",\"name\":\"sintramem\",\"image\":{\"@type\":\"ImageObject\",\"inLanguage\":\"pt-BR\",\"@id\":\"https:\/\/sintramem-sv.org.br\/sintramem\/#\/schema\/person\/image\/\",\"url\":\"https:\/\/secure.gravatar.com\/avatar\/8e06da3b0d4f051010117c848b52b9280a4228043717057ccccccc8b20ff8f48?s=96&d=mm&r=g\",\"contentUrl\":\"https:\/\/secure.gravatar.com\/avatar\/8e06da3b0d4f051010117c848b52b9280a4228043717057ccccccc8b20ff8f48?s=96&d=mm&r=g\",\"caption\":\"sintramem\"},\"description\":\"Sindicato dos Trabalhadores no Magist\u00e9rio e na Educa\u00e7\u00e3o Municipal de S\u00e3o Vicente\",\"url\":\"https:\/\/sintramem-sv.org.br\/sintramem\/author\/sindsv\/\"}]}<\/script>\n<!-- \/ Yoast SEO plugin. -->","yoast_head_json":{"title":"Adicional de P\u00f3s-Gradua\u00e7\u00e3o | Prefeitura cumpre ordem judicial e retoma pagamento aos profissionais. Grande vit\u00f3ria! - SINTRAMEM","robots":{"index":"index","follow":"follow","max-snippet":"max-snippet:-1","max-image-preview":"max-image-preview:large","max-video-preview":"max-video-preview:-1"},"canonical":"https:\/\/sintramem-sv.org.br\/sintramem\/adicional-de-pos-graduacao-prefeitura-cumpre-ordem-judicial-e-retoma-pagamento-aos-profissionais-grande-vitoria\/","og_locale":"pt_BR","og_type":"article","og_title":"Adicional de P\u00f3s-Gradua\u00e7\u00e3o | Prefeitura cumpre ordem judicial e retoma pagamento aos profissionais. Grande vit\u00f3ria! - SINTRAMEM","og_description":"A Prefeitura de S\u00e3o Vicente iniciou nesta sexta, dia 31 de outubro, o cumprimento de ordem judicial para restabelecer o pagamento do Adicional de P\u00f3s-Gradua\u00e7\u00e3o dos Educadores. A medida beneficia diretamente os profissionais que j\u00e1 possu\u00edam esse direito garantido por senten\u00e7a. No entanto, a batalha n\u00e3o est\u00e1 completamente encerrada: o poder p\u00fablico ainda n\u00e3o quitou&hellip;","og_url":"https:\/\/sintramem-sv.org.br\/sintramem\/adicional-de-pos-graduacao-prefeitura-cumpre-ordem-judicial-e-retoma-pagamento-aos-profissionais-grande-vitoria\/","og_site_name":"SINTRAMEM","article_published_time":"2025-10-31T14:46:33+00:00","article_modified_time":"2025-10-31T14:48:06+00:00","og_image":[{"width":600,"height":334,"url":"https:\/\/sintramem-sv.org.br\/sintramem\/wp-content\/uploads\/2025\/10\/menor-3.png","type":"image\/png"}],"author":"sintramem","twitter_card":"summary_large_image","twitter_misc":{"Escrito por":"sintramem","Est. tempo de leitura":"2 minutos"},"schema":{"@context":"https:\/\/schema.org","@graph":[{"@type":"Article","@id":"https:\/\/sintramem-sv.org.br\/sintramem\/adicional-de-pos-graduacao-prefeitura-cumpre-ordem-judicial-e-retoma-pagamento-aos-profissionais-grande-vitoria\/#article","isPartOf":{"@id":"https:\/\/sintramem-sv.org.br\/sintramem\/adicional-de-pos-graduacao-prefeitura-cumpre-ordem-judicial-e-retoma-pagamento-aos-profissionais-grande-vitoria\/"},"author":{"name":"sintramem","@id":"https:\/\/sintramem-sv.org.br\/sintramem\/#\/schema\/person\/a8decb8ea63607d1e01e046c95ddcf2b"},"headline":"Adicional de P\u00f3s-Gradua\u00e7\u00e3o | Prefeitura cumpre ordem judicial e retoma pagamento aos profissionais. Grande vit\u00f3ria!","datePublished":"2025-10-31T14:46:33+00:00","dateModified":"2025-10-31T14:48:06+00:00","mainEntityOfPage":{"@id":"https:\/\/sintramem-sv.org.br\/sintramem\/adicional-de-pos-graduacao-prefeitura-cumpre-ordem-judicial-e-retoma-pagamento-aos-profissionais-grande-vitoria\/"},"wordCount":375,"commentCount":0,"publisher":{"@id":"https:\/\/sintramem-sv.org.br\/sintramem\/#organization"},"image":{"@id":"https:\/\/sintramem-sv.org.br\/sintramem\/adicional-de-pos-graduacao-prefeitura-cumpre-ordem-judicial-e-retoma-pagamento-aos-profissionais-grande-vitoria\/#primaryimage"},"thumbnailUrl":"https:\/\/sintramem-sv.org.br\/sintramem\/wp-content\/uploads\/2025\/10\/Destacada-Pos-graduacao-Sintramem.png","articleSection":["Sintramem"],"inLanguage":"pt-BR","potentialAction":[{"@type":"CommentAction","name":"Comment","target":["https:\/\/sintramem-sv.org.br\/sintramem\/adicional-de-pos-graduacao-prefeitura-cumpre-ordem-judicial-e-retoma-pagamento-aos-profissionais-grande-vitoria\/#respond"]}]},{"@type":"WebPage","@id":"https:\/\/sintramem-sv.org.br\/sintramem\/adicional-de-pos-graduacao-prefeitura-cumpre-ordem-judicial-e-retoma-pagamento-aos-profissionais-grande-vitoria\/","url":"https:\/\/sintramem-sv.org.br\/sintramem\/adicional-de-pos-graduacao-prefeitura-cumpre-ordem-judicial-e-retoma-pagamento-aos-profissionais-grande-vitoria\/","name":"Adicional de P\u00f3s-Gradua\u00e7\u00e3o | Prefeitura cumpre ordem judicial e retoma pagamento aos profissionais. Grande vit\u00f3ria! - SINTRAMEM","isPartOf":{"@id":"https:\/\/sintramem-sv.org.br\/sintramem\/#website"},"primaryImageOfPage":{"@id":"https:\/\/sintramem-sv.org.br\/sintramem\/adicional-de-pos-graduacao-prefeitura-cumpre-ordem-judicial-e-retoma-pagamento-aos-profissionais-grande-vitoria\/#primaryimage"},"image":{"@id":"https:\/\/sintramem-sv.org.br\/sintramem\/adicional-de-pos-graduacao-prefeitura-cumpre-ordem-judicial-e-retoma-pagamento-aos-profissionais-grande-vitoria\/#primaryimage"},"thumbnailUrl":"https:\/\/sintramem-sv.org.br\/sintramem\/wp-content\/uploads\/2025\/10\/Destacada-Pos-graduacao-Sintramem.png","datePublished":"2025-10-31T14:46:33+00:00","dateModified":"2025-10-31T14:48:06+00:00","breadcrumb":{"@id":"https:\/\/sintramem-sv.org.br\/sintramem\/adicional-de-pos-graduacao-prefeitura-cumpre-ordem-judicial-e-retoma-pagamento-aos-profissionais-grande-vitoria\/#breadcrumb"},"inLanguage":"pt-BR","potentialAction":[{"@type":"ReadAction","target":["https:\/\/sintramem-sv.org.br\/sintramem\/adicional-de-pos-graduacao-prefeitura-cumpre-ordem-judicial-e-retoma-pagamento-aos-profissionais-grande-vitoria\/"]}]},{"@type":"ImageObject","inLanguage":"pt-BR","@id":"https:\/\/sintramem-sv.org.br\/sintramem\/adicional-de-pos-graduacao-prefeitura-cumpre-ordem-judicial-e-retoma-pagamento-aos-profissionais-grande-vitoria\/#primaryimage","url":"https:\/\/sintramem-sv.org.br\/sintramem\/wp-content\/uploads\/2025\/10\/Destacada-Pos-graduacao-Sintramem.png","contentUrl":"https:\/\/sintramem-sv.org.br\/sintramem\/wp-content\/uploads\/2025\/10\/Destacada-Pos-graduacao-Sintramem.png","width":1294,"height":720},{"@type":"BreadcrumbList","@id":"https:\/\/sintramem-sv.org.br\/sintramem\/adicional-de-pos-graduacao-prefeitura-cumpre-ordem-judicial-e-retoma-pagamento-aos-profissionais-grande-vitoria\/#breadcrumb","itemListElement":[{"@type":"ListItem","position":1,"name":"In\u00edcio","item":"https:\/\/sintramem-sv.org.br\/sintramem\/"},{"@type":"ListItem","position":2,"name":"Adicional de P\u00f3s-Gradua\u00e7\u00e3o | Prefeitura cumpre ordem judicial e retoma pagamento aos profissionais. Grande vit\u00f3ria!"}]},{"@type":"WebSite","@id":"https:\/\/sintramem-sv.org.br\/sintramem\/#website","url":"https:\/\/sintramem-sv.org.br\/sintramem\/","name":"SINTRAMEM","description":"Sindicato dos Trabalhadores no Magist\u00e9rio e na Educa\u00e7\u00e3o de S\u00e3o Vicente","publisher":{"@id":"https:\/\/sintramem-sv.org.br\/sintramem\/#organization"},"potentialAction":[{"@type":"SearchAction","target":{"@type":"EntryPoint","urlTemplate":"https:\/\/sintramem-sv.org.br\/sintramem\/?s={search_term_string}"},"query-input":{"@type":"PropertyValueSpecification","valueRequired":true,"valueName":"search_term_string"}}],"inLanguage":"pt-BR"},{"@type":"Organization","@id":"https:\/\/sintramem-sv.org.br\/sintramem\/#organization","name":"SINTRAMEM","url":"https:\/\/sintramem-sv.org.br\/sintramem\/","logo":{"@type":"ImageObject","inLanguage":"pt-BR","@id":"https:\/\/sintramem-sv.org.br\/sintramem\/#\/schema\/logo\/image\/","url":"https:\/\/sintramem-sv.org.br\/sintramem\/wp-content\/uploads\/2017\/02\/SINTRAMEM-LOGO-OFICIAL-300x100-jpg.jpg","contentUrl":"https:\/\/sintramem-sv.org.br\/sintramem\/wp-content\/uploads\/2017\/02\/SINTRAMEM-LOGO-OFICIAL-300x100-jpg.jpg","width":150,"height":150,"caption":"SINTRAMEM"},"image":{"@id":"https:\/\/sintramem-sv.org.br\/sintramem\/#\/schema\/logo\/image\/"}},{"@type":"Person","@id":"https:\/\/sintramem-sv.org.br\/sintramem\/#\/schema\/person\/a8decb8ea63607d1e01e046c95ddcf2b","name":"sintramem","image":{"@type":"ImageObject","inLanguage":"pt-BR","@id":"https:\/\/sintramem-sv.org.br\/sintramem\/#\/schema\/person\/image\/","url":"https:\/\/secure.gravatar.com\/avatar\/8e06da3b0d4f051010117c848b52b9280a4228043717057ccccccc8b20ff8f48?s=96&d=mm&r=g","contentUrl":"https:\/\/secure.gravatar.com\/avatar\/8e06da3b0d4f051010117c848b52b9280a4228043717057ccccccc8b20ff8f48?s=96&d=mm&r=g","caption":"sintramem"},"description":"Sindicato dos Trabalhadores no Magist\u00e9rio e na Educa\u00e7\u00e3o Municipal de S\u00e3o Vicente","url":"https:\/\/sintramem-sv.org.br\/sintramem\/author\/sindsv\/"}]}},"_links":{"self":[{"href":"https:\/\/sintramem-sv.org.br\/sintramem\/wp-json\/wp\/v2\/posts\/8912","targetHints":{"allow":["GET"]}}],"collection":[{"href":"https:\/\/sintramem-sv.org.br\/sintramem\/wp-json\/wp\/v2\/posts"}],"about":[{"href":"https:\/\/sintramem-sv.org.br\/sintramem\/wp-json\/wp\/v2\/types\/post"}],"author":[{"embeddable":true,"href":"https:\/\/sintramem-sv.org.br\/sintramem\/wp-json\/wp\/v2\/users\/1"}],"replies":[{"embeddable":true,"href":"https:\/\/sintramem-sv.org.br\/sintramem\/wp-json\/wp\/v2\/comments?post=8912"}],"version-history":[{"count":1,"href":"https:\/\/sintramem-sv.org.br\/sintramem\/wp-json\/wp\/v2\/posts\/8912\/revisions"}],"predecessor-version":[{"id":8913,"href":"https:\/\/sintramem-sv.org.br\/sintramem\/wp-json\/wp\/v2\/posts\/8912\/revisions\/8913"}],"wp:featuredmedia":[{"embeddable":true,"href":"https:\/\/sintramem-sv.org.br\/sintramem\/wp-json\/wp\/v2\/media\/8914"}],"wp:attachment":[{"href":"https:\/\/sintramem-sv.org.br\/sintramem\/wp-json\/wp\/v2\/media?parent=8912"}],"wp:term":[{"taxonomy":"category","embeddable":true,"href":"https:\/\/sintramem-sv.org.br\/sintramem\/wp-json\/wp\/v2\/categories?post=8912"},{"taxonomy":"post_tag","embeddable":true,"href":"https:\/\/sintramem-sv.org.br\/sintramem\/wp-json\/wp\/v2\/tags?post=8912"}],"curies":[{"name":"wp","href":"https:\/\/api.w.org\/{rel}","templated":true}]}}