{"id":8890,"date":"2025-10-27T21:11:03","date_gmt":"2025-10-27T21:11:03","guid":{"rendered":"http:\/\/sintramem-sv.org.br\/sintramem\/?p=8890"},"modified":"2025-10-28T13:56:59","modified_gmt":"2025-10-28T13:56:59","slug":"28-de-outubro-dia-do-servidor-publico-reflexao-resistencia-e-luta","status":"publish","type":"post","link":"https:\/\/sintramem-sv.org.br\/sintramem\/28-de-outubro-dia-do-servidor-publico-reflexao-resistencia-e-luta\/","title":{"rendered":"28 de outubro \u2013 Dia do Servidor P\u00fablico \u2013 Reflex\u00e3o, Resist\u00eancia e Luta. N\u00c3O \u00c0 REFORMA DESTRUTIVA"},"content":{"rendered":"<p><span style=\"font-size: 14pt;\">Hoje, 28 de outubro, <strong>celebramos o Servidor p\u00fablico, profissional essencial para o funcionamento dos munic\u00edpios, estado e do Pa\u00eds<\/strong>. Em cada escola, hospital, posto de atendimento, secretaria ou \u00f3rg\u00e3o p\u00fablico, h\u00e1 Servidores e Servidoras que dedicam suas vidas a garantir direitos, promover justi\u00e7a social e fazer o Brasil avan\u00e7ar.<\/span><\/p>\n<p><span style=\"font-size: 14pt;\"><strong>Mas este dia tamb\u00e9m deve ser de reflex\u00e3o e mobiliza\u00e7\u00e3o<\/strong>. Vivemos tempos de ataques e retrocessos, em que o servi\u00e7o p\u00fablico e seus trabalhadores s\u00e3o alvos de constantes tentativas de desmonte. A <span style=\"color: #ff0000;\"><strong>Reforma Administrativa<\/strong><\/span>, por exemplo, representa um verdadeiro retrocesso, uma farsa travestida de moderniza\u00e7\u00e3o que amea\u00e7a a estabilidade, o concurso p\u00fablico e a qualidade do atendimento \u00e0 popula\u00e7\u00e3o.<\/span><\/p>\n<blockquote><p><strong><span style=\"font-size: 14pt; color: #ff0000;\">N\u00e3o podemos permitir que interesses pol\u00edticos e econ\u00f4micos destruam d\u00e9cadas de conquistas. \u00c9 hora de uni\u00e3o, coragem e consci\u00eancia de classe.<\/span><\/strong><\/p><\/blockquote>\n<p><span style=\"font-size: 14pt;\">Estar ao lado do seu Sindicato \u00e9 mais do que um gesto de pertencimento &#8211; \u00e9 um ato de resist\u00eancia e defesa da democracia. Somente organizados, com voz ativa e presen\u00e7a firme, poderemos enfrentar os desafios e garantir um futuro digno para quem serve ao p\u00fablico.<\/span><\/p>\n<p><span style=\"font-size: 14pt; color: #ff0000;\"><strong>Neste 28 de outubro, reafirmamos:<\/strong><\/span><\/p>\n<p><span style=\"font-size: 14pt; background-color: #ffff00;\"><strong><u>O Servidor p\u00fablico \u00e9 essencial, leg\u00edtimo e respons\u00e1vel pelo progresso dos munic\u00edpios, dos estados e do Pa\u00eds. A luta \u00e9 coletiva. A vit\u00f3ria tamb\u00e9m ser\u00e1.<\/u><\/strong><\/span><\/p>\n<p><strong><span style=\"font-size: 14pt;\">Valorize quem faz o servi\u00e7o p\u00fablico acontecer.<br \/>\nDefenda o que \u00e9 de todos.<br \/>\nFortale\u00e7a o seu Sindicato e esteja presente na luta!<\/span><\/strong><\/p>\n<p><img loading=\"lazy\" decoding=\"async\" class=\"wp-image-8902 size-full aligncenter\" src=\"https:\/\/sintramem-sv.org.br\/sintramem\/wp-content\/uploads\/2000\/10\/Arte-Dia-do-Servidor-Publico-SINTRAMEM.png\" alt=\"\" width=\"1080\" height=\"1350\" srcset=\"https:\/\/sintramem-sv.org.br\/sintramem\/wp-content\/uploads\/2000\/10\/Arte-Dia-do-Servidor-Publico-SINTRAMEM.png 1080w, https:\/\/sintramem-sv.org.br\/sintramem\/wp-content\/uploads\/2000\/10\/Arte-Dia-do-Servidor-Publico-SINTRAMEM-240x300.png 240w, https:\/\/sintramem-sv.org.br\/sintramem\/wp-content\/uploads\/2000\/10\/Arte-Dia-do-Servidor-Publico-SINTRAMEM-819x1024.png 819w, https:\/\/sintramem-sv.org.br\/sintramem\/wp-content\/uploads\/2000\/10\/Arte-Dia-do-Servidor-Publico-SINTRAMEM-768x960.png 768w\" sizes=\"auto, (max-width: 1080px) 100vw, 1080px\" \/><\/p>\n","protected":false},"excerpt":{"rendered":"<p>Hoje, 28 de outubro, celebramos o Servidor p\u00fablico, profissional essencial para o funcionamento dos munic\u00edpios, estado e do Pa\u00eds. Em cada escola, hospital, posto de atendimento, secretaria ou \u00f3rg\u00e3o p\u00fablico, h\u00e1 Servidores e Servidoras que dedicam suas vidas a garantir direitos, promover justi\u00e7a social e fazer o Brasil avan\u00e7ar. Mas este dia tamb\u00e9m deve ser&hellip;<\/p>\n","protected":false},"author":1,"featured_media":8900,"comment_status":"open","ping_status":"closed","sticky":false,"template":"","format":"standard","meta":{"_monsterinsights_skip_tracking":false,"_monsterinsights_sitenote_active":false,"_monsterinsights_sitenote_note":"","_monsterinsights_sitenote_category":0,"footnotes":""},"categories":[19],"tags":[],"class_list":["post-8890","post","type-post","status-publish","format-standard","has-post-thumbnail","hentry","category-sintramem"],"yoast_head":"<!-- This site is optimized with the Yoast SEO plugin v27.0 - https:\/\/yoast.com\/product\/yoast-seo-wordpress\/ -->\n<title>28 de outubro \u2013 Dia do Servidor P\u00fablico \u2013 Reflex\u00e3o, Resist\u00eancia e Luta. N\u00c3O \u00c0 REFORMA DESTRUTIVA - SINTRAMEM<\/title>\n<meta name=\"robots\" content=\"index, follow, max-snippet:-1, max-image-preview:large, max-video-preview:-1\" \/>\n<link rel=\"canonical\" href=\"https:\/\/sintramem-sv.org.br\/sintramem\/28-de-outubro-dia-do-servidor-publico-reflexao-resistencia-e-luta\/\" \/>\n<meta property=\"og:locale\" content=\"pt_BR\" \/>\n<meta property=\"og:type\" content=\"article\" \/>\n<meta property=\"og:title\" content=\"28 de outubro \u2013 Dia do Servidor P\u00fablico \u2013 Reflex\u00e3o, Resist\u00eancia e Luta. N\u00c3O \u00c0 REFORMA DESTRUTIVA - SINTRAMEM\" \/>\n<meta property=\"og:description\" content=\"Hoje, 28 de outubro, celebramos o Servidor p\u00fablico, profissional essencial para o funcionamento dos munic\u00edpios, estado e do Pa\u00eds. Em cada escola, hospital, posto de atendimento, secretaria ou \u00f3rg\u00e3o p\u00fablico, h\u00e1 Servidores e Servidoras que dedicam suas vidas a garantir direitos, promover justi\u00e7a social e fazer o Brasil avan\u00e7ar. Mas este dia tamb\u00e9m deve ser&hellip;\" \/>\n<meta property=\"og:url\" content=\"https:\/\/sintramem-sv.org.br\/sintramem\/28-de-outubro-dia-do-servidor-publico-reflexao-resistencia-e-luta\/\" \/>\n<meta property=\"og:site_name\" content=\"SINTRAMEM\" \/>\n<meta property=\"article:published_time\" content=\"2025-10-27T21:11:03+00:00\" \/>\n<meta property=\"article:modified_time\" content=\"2025-10-28T13:56:59+00:00\" \/>\n<meta property=\"og:image\" content=\"https:\/\/sintramem-sv.org.br\/sintramem\/wp-content\/uploads\/2000\/10\/menor-1.png\" \/>\n\t<meta property=\"og:image:width\" content=\"500\" \/>\n\t<meta property=\"og:image:height\" content=\"278\" \/>\n\t<meta property=\"og:image:type\" content=\"image\/png\" \/>\n<meta name=\"author\" content=\"sintramem\" \/>\n<meta name=\"twitter:card\" content=\"summary_large_image\" \/>\n<meta name=\"twitter:label1\" content=\"Escrito por\" \/>\n\t<meta name=\"twitter:data1\" content=\"sintramem\" \/>\n\t<meta name=\"twitter:label2\" content=\"Est. tempo de leitura\" \/>\n\t<meta name=\"twitter:data2\" content=\"2 minutos\" \/>\n<script type=\"application\/ld+json\" class=\"yoast-schema-graph\">{\"@context\":\"https:\/\/schema.org\",\"@graph\":[{\"@type\":\"Article\",\"@id\":\"https:\/\/sintramem-sv.org.br\/sintramem\/28-de-outubro-dia-do-servidor-publico-reflexao-resistencia-e-luta\/#article\",\"isPartOf\":{\"@id\":\"https:\/\/sintramem-sv.org.br\/sintramem\/28-de-outubro-dia-do-servidor-publico-reflexao-resistencia-e-luta\/\"},\"author\":{\"name\":\"sintramem\",\"@id\":\"https:\/\/sintramem-sv.org.br\/sintramem\/#\/schema\/person\/a8decb8ea63607d1e01e046c95ddcf2b\"},\"headline\":\"28 de outubro \u2013 Dia do Servidor P\u00fablico \u2013 Reflex\u00e3o, Resist\u00eancia e Luta. N\u00c3O \u00c0 REFORMA DESTRUTIVA\",\"datePublished\":\"2025-10-27T21:11:03+00:00\",\"dateModified\":\"2025-10-28T13:56:59+00:00\",\"mainEntityOfPage\":{\"@id\":\"https:\/\/sintramem-sv.org.br\/sintramem\/28-de-outubro-dia-do-servidor-publico-reflexao-resistencia-e-luta\/\"},\"wordCount\":271,\"commentCount\":0,\"publisher\":{\"@id\":\"https:\/\/sintramem-sv.org.br\/sintramem\/#organization\"},\"image\":{\"@id\":\"https:\/\/sintramem-sv.org.br\/sintramem\/28-de-outubro-dia-do-servidor-publico-reflexao-resistencia-e-luta\/#primaryimage\"},\"thumbnailUrl\":\"https:\/\/sintramem-sv.org.br\/sintramem\/wp-content\/uploads\/2000\/10\/Destacada-Dia-do-Servidor-Publico-SINTRAMEM.png\",\"articleSection\":[\"Sintramem\"],\"inLanguage\":\"pt-BR\",\"potentialAction\":[{\"@type\":\"CommentAction\",\"name\":\"Comment\",\"target\":[\"https:\/\/sintramem-sv.org.br\/sintramem\/28-de-outubro-dia-do-servidor-publico-reflexao-resistencia-e-luta\/#respond\"]}]},{\"@type\":\"WebPage\",\"@id\":\"https:\/\/sintramem-sv.org.br\/sintramem\/28-de-outubro-dia-do-servidor-publico-reflexao-resistencia-e-luta\/\",\"url\":\"https:\/\/sintramem-sv.org.br\/sintramem\/28-de-outubro-dia-do-servidor-publico-reflexao-resistencia-e-luta\/\",\"name\":\"28 de outubro \u2013 Dia do Servidor P\u00fablico \u2013 Reflex\u00e3o, Resist\u00eancia e Luta. N\u00c3O \u00c0 REFORMA DESTRUTIVA - SINTRAMEM\",\"isPartOf\":{\"@id\":\"https:\/\/sintramem-sv.org.br\/sintramem\/#website\"},\"primaryImageOfPage\":{\"@id\":\"https:\/\/sintramem-sv.org.br\/sintramem\/28-de-outubro-dia-do-servidor-publico-reflexao-resistencia-e-luta\/#primaryimage\"},\"image\":{\"@id\":\"https:\/\/sintramem-sv.org.br\/sintramem\/28-de-outubro-dia-do-servidor-publico-reflexao-resistencia-e-luta\/#primaryimage\"},\"thumbnailUrl\":\"https:\/\/sintramem-sv.org.br\/sintramem\/wp-content\/uploads\/2000\/10\/Destacada-Dia-do-Servidor-Publico-SINTRAMEM.png\",\"datePublished\":\"2025-10-27T21:11:03+00:00\",\"dateModified\":\"2025-10-28T13:56:59+00:00\",\"breadcrumb\":{\"@id\":\"https:\/\/sintramem-sv.org.br\/sintramem\/28-de-outubro-dia-do-servidor-publico-reflexao-resistencia-e-luta\/#breadcrumb\"},\"inLanguage\":\"pt-BR\",\"potentialAction\":[{\"@type\":\"ReadAction\",\"target\":[\"https:\/\/sintramem-sv.org.br\/sintramem\/28-de-outubro-dia-do-servidor-publico-reflexao-resistencia-e-luta\/\"]}]},{\"@type\":\"ImageObject\",\"inLanguage\":\"pt-BR\",\"@id\":\"https:\/\/sintramem-sv.org.br\/sintramem\/28-de-outubro-dia-do-servidor-publico-reflexao-resistencia-e-luta\/#primaryimage\",\"url\":\"https:\/\/sintramem-sv.org.br\/sintramem\/wp-content\/uploads\/2000\/10\/Destacada-Dia-do-Servidor-Publico-SINTRAMEM.png\",\"contentUrl\":\"https:\/\/sintramem-sv.org.br\/sintramem\/wp-content\/uploads\/2000\/10\/Destacada-Dia-do-Servidor-Publico-SINTRAMEM.png\",\"width\":1294,\"height\":720},{\"@type\":\"BreadcrumbList\",\"@id\":\"https:\/\/sintramem-sv.org.br\/sintramem\/28-de-outubro-dia-do-servidor-publico-reflexao-resistencia-e-luta\/#breadcrumb\",\"itemListElement\":[{\"@type\":\"ListItem\",\"position\":1,\"name\":\"In\u00edcio\",\"item\":\"https:\/\/sintramem-sv.org.br\/sintramem\/\"},{\"@type\":\"ListItem\",\"position\":2,\"name\":\"28 de outubro \u2013 Dia do Servidor P\u00fablico \u2013 Reflex\u00e3o, Resist\u00eancia e Luta. N\u00c3O \u00c0 REFORMA DESTRUTIVA\"}]},{\"@type\":\"WebSite\",\"@id\":\"https:\/\/sintramem-sv.org.br\/sintramem\/#website\",\"url\":\"https:\/\/sintramem-sv.org.br\/sintramem\/\",\"name\":\"SINTRAMEM\",\"description\":\"Sindicato dos Trabalhadores no Magist\u00e9rio e na Educa\u00e7\u00e3o de S\u00e3o Vicente\",\"publisher\":{\"@id\":\"https:\/\/sintramem-sv.org.br\/sintramem\/#organization\"},\"potentialAction\":[{\"@type\":\"SearchAction\",\"target\":{\"@type\":\"EntryPoint\",\"urlTemplate\":\"https:\/\/sintramem-sv.org.br\/sintramem\/?s={search_term_string}\"},\"query-input\":{\"@type\":\"PropertyValueSpecification\",\"valueRequired\":true,\"valueName\":\"search_term_string\"}}],\"inLanguage\":\"pt-BR\"},{\"@type\":\"Organization\",\"@id\":\"https:\/\/sintramem-sv.org.br\/sintramem\/#organization\",\"name\":\"SINTRAMEM\",\"url\":\"https:\/\/sintramem-sv.org.br\/sintramem\/\",\"logo\":{\"@type\":\"ImageObject\",\"inLanguage\":\"pt-BR\",\"@id\":\"https:\/\/sintramem-sv.org.br\/sintramem\/#\/schema\/logo\/image\/\",\"url\":\"https:\/\/sintramem-sv.org.br\/sintramem\/wp-content\/uploads\/2017\/02\/SINTRAMEM-LOGO-OFICIAL-300x100-jpg.jpg\",\"contentUrl\":\"https:\/\/sintramem-sv.org.br\/sintramem\/wp-content\/uploads\/2017\/02\/SINTRAMEM-LOGO-OFICIAL-300x100-jpg.jpg\",\"width\":150,\"height\":150,\"caption\":\"SINTRAMEM\"},\"image\":{\"@id\":\"https:\/\/sintramem-sv.org.br\/sintramem\/#\/schema\/logo\/image\/\"}},{\"@type\":\"Person\",\"@id\":\"https:\/\/sintramem-sv.org.br\/sintramem\/#\/schema\/person\/a8decb8ea63607d1e01e046c95ddcf2b\",\"name\":\"sintramem\",\"image\":{\"@type\":\"ImageObject\",\"inLanguage\":\"pt-BR\",\"@id\":\"https:\/\/sintramem-sv.org.br\/sintramem\/#\/schema\/person\/image\/\",\"url\":\"https:\/\/secure.gravatar.com\/avatar\/8e06da3b0d4f051010117c848b52b9280a4228043717057ccccccc8b20ff8f48?s=96&d=mm&r=g\",\"contentUrl\":\"https:\/\/secure.gravatar.com\/avatar\/8e06da3b0d4f051010117c848b52b9280a4228043717057ccccccc8b20ff8f48?s=96&d=mm&r=g\",\"caption\":\"sintramem\"},\"description\":\"Sindicato dos Trabalhadores no Magist\u00e9rio e na Educa\u00e7\u00e3o Municipal de S\u00e3o Vicente\",\"url\":\"https:\/\/sintramem-sv.org.br\/sintramem\/author\/sindsv\/\"}]}<\/script>\n<!-- \/ Yoast SEO plugin. -->","yoast_head_json":{"title":"28 de outubro \u2013 Dia do Servidor P\u00fablico \u2013 Reflex\u00e3o, Resist\u00eancia e Luta. N\u00c3O \u00c0 REFORMA DESTRUTIVA - SINTRAMEM","robots":{"index":"index","follow":"follow","max-snippet":"max-snippet:-1","max-image-preview":"max-image-preview:large","max-video-preview":"max-video-preview:-1"},"canonical":"https:\/\/sintramem-sv.org.br\/sintramem\/28-de-outubro-dia-do-servidor-publico-reflexao-resistencia-e-luta\/","og_locale":"pt_BR","og_type":"article","og_title":"28 de outubro \u2013 Dia do Servidor P\u00fablico \u2013 Reflex\u00e3o, Resist\u00eancia e Luta. N\u00c3O \u00c0 REFORMA DESTRUTIVA - SINTRAMEM","og_description":"Hoje, 28 de outubro, celebramos o Servidor p\u00fablico, profissional essencial para o funcionamento dos munic\u00edpios, estado e do Pa\u00eds. Em cada escola, hospital, posto de atendimento, secretaria ou \u00f3rg\u00e3o p\u00fablico, h\u00e1 Servidores e Servidoras que dedicam suas vidas a garantir direitos, promover justi\u00e7a social e fazer o Brasil avan\u00e7ar. Mas este dia tamb\u00e9m deve ser&hellip;","og_url":"https:\/\/sintramem-sv.org.br\/sintramem\/28-de-outubro-dia-do-servidor-publico-reflexao-resistencia-e-luta\/","og_site_name":"SINTRAMEM","article_published_time":"2025-10-27T21:11:03+00:00","article_modified_time":"2025-10-28T13:56:59+00:00","og_image":[{"width":500,"height":278,"url":"https:\/\/sintramem-sv.org.br\/sintramem\/wp-content\/uploads\/2000\/10\/menor-1.png","type":"image\/png"}],"author":"sintramem","twitter_card":"summary_large_image","twitter_misc":{"Escrito por":"sintramem","Est. tempo de leitura":"2 minutos"},"schema":{"@context":"https:\/\/schema.org","@graph":[{"@type":"Article","@id":"https:\/\/sintramem-sv.org.br\/sintramem\/28-de-outubro-dia-do-servidor-publico-reflexao-resistencia-e-luta\/#article","isPartOf":{"@id":"https:\/\/sintramem-sv.org.br\/sintramem\/28-de-outubro-dia-do-servidor-publico-reflexao-resistencia-e-luta\/"},"author":{"name":"sintramem","@id":"https:\/\/sintramem-sv.org.br\/sintramem\/#\/schema\/person\/a8decb8ea63607d1e01e046c95ddcf2b"},"headline":"28 de outubro \u2013 Dia do Servidor P\u00fablico \u2013 Reflex\u00e3o, Resist\u00eancia e Luta. N\u00c3O \u00c0 REFORMA DESTRUTIVA","datePublished":"2025-10-27T21:11:03+00:00","dateModified":"2025-10-28T13:56:59+00:00","mainEntityOfPage":{"@id":"https:\/\/sintramem-sv.org.br\/sintramem\/28-de-outubro-dia-do-servidor-publico-reflexao-resistencia-e-luta\/"},"wordCount":271,"commentCount":0,"publisher":{"@id":"https:\/\/sintramem-sv.org.br\/sintramem\/#organization"},"image":{"@id":"https:\/\/sintramem-sv.org.br\/sintramem\/28-de-outubro-dia-do-servidor-publico-reflexao-resistencia-e-luta\/#primaryimage"},"thumbnailUrl":"https:\/\/sintramem-sv.org.br\/sintramem\/wp-content\/uploads\/2000\/10\/Destacada-Dia-do-Servidor-Publico-SINTRAMEM.png","articleSection":["Sintramem"],"inLanguage":"pt-BR","potentialAction":[{"@type":"CommentAction","name":"Comment","target":["https:\/\/sintramem-sv.org.br\/sintramem\/28-de-outubro-dia-do-servidor-publico-reflexao-resistencia-e-luta\/#respond"]}]},{"@type":"WebPage","@id":"https:\/\/sintramem-sv.org.br\/sintramem\/28-de-outubro-dia-do-servidor-publico-reflexao-resistencia-e-luta\/","url":"https:\/\/sintramem-sv.org.br\/sintramem\/28-de-outubro-dia-do-servidor-publico-reflexao-resistencia-e-luta\/","name":"28 de outubro \u2013 Dia do Servidor P\u00fablico \u2013 Reflex\u00e3o, Resist\u00eancia e Luta. N\u00c3O \u00c0 REFORMA DESTRUTIVA - SINTRAMEM","isPartOf":{"@id":"https:\/\/sintramem-sv.org.br\/sintramem\/#website"},"primaryImageOfPage":{"@id":"https:\/\/sintramem-sv.org.br\/sintramem\/28-de-outubro-dia-do-servidor-publico-reflexao-resistencia-e-luta\/#primaryimage"},"image":{"@id":"https:\/\/sintramem-sv.org.br\/sintramem\/28-de-outubro-dia-do-servidor-publico-reflexao-resistencia-e-luta\/#primaryimage"},"thumbnailUrl":"https:\/\/sintramem-sv.org.br\/sintramem\/wp-content\/uploads\/2000\/10\/Destacada-Dia-do-Servidor-Publico-SINTRAMEM.png","datePublished":"2025-10-27T21:11:03+00:00","dateModified":"2025-10-28T13:56:59+00:00","breadcrumb":{"@id":"https:\/\/sintramem-sv.org.br\/sintramem\/28-de-outubro-dia-do-servidor-publico-reflexao-resistencia-e-luta\/#breadcrumb"},"inLanguage":"pt-BR","potentialAction":[{"@type":"ReadAction","target":["https:\/\/sintramem-sv.org.br\/sintramem\/28-de-outubro-dia-do-servidor-publico-reflexao-resistencia-e-luta\/"]}]},{"@type":"ImageObject","inLanguage":"pt-BR","@id":"https:\/\/sintramem-sv.org.br\/sintramem\/28-de-outubro-dia-do-servidor-publico-reflexao-resistencia-e-luta\/#primaryimage","url":"https:\/\/sintramem-sv.org.br\/sintramem\/wp-content\/uploads\/2000\/10\/Destacada-Dia-do-Servidor-Publico-SINTRAMEM.png","contentUrl":"https:\/\/sintramem-sv.org.br\/sintramem\/wp-content\/uploads\/2000\/10\/Destacada-Dia-do-Servidor-Publico-SINTRAMEM.png","width":1294,"height":720},{"@type":"BreadcrumbList","@id":"https:\/\/sintramem-sv.org.br\/sintramem\/28-de-outubro-dia-do-servidor-publico-reflexao-resistencia-e-luta\/#breadcrumb","itemListElement":[{"@type":"ListItem","position":1,"name":"In\u00edcio","item":"https:\/\/sintramem-sv.org.br\/sintramem\/"},{"@type":"ListItem","position":2,"name":"28 de outubro \u2013 Dia do Servidor P\u00fablico \u2013 Reflex\u00e3o, Resist\u00eancia e Luta. N\u00c3O \u00c0 REFORMA DESTRUTIVA"}]},{"@type":"WebSite","@id":"https:\/\/sintramem-sv.org.br\/sintramem\/#website","url":"https:\/\/sintramem-sv.org.br\/sintramem\/","name":"SINTRAMEM","description":"Sindicato dos Trabalhadores no Magist\u00e9rio e na Educa\u00e7\u00e3o de S\u00e3o Vicente","publisher":{"@id":"https:\/\/sintramem-sv.org.br\/sintramem\/#organization"},"potentialAction":[{"@type":"SearchAction","target":{"@type":"EntryPoint","urlTemplate":"https:\/\/sintramem-sv.org.br\/sintramem\/?s={search_term_string}"},"query-input":{"@type":"PropertyValueSpecification","valueRequired":true,"valueName":"search_term_string"}}],"inLanguage":"pt-BR"},{"@type":"Organization","@id":"https:\/\/sintramem-sv.org.br\/sintramem\/#organization","name":"SINTRAMEM","url":"https:\/\/sintramem-sv.org.br\/sintramem\/","logo":{"@type":"ImageObject","inLanguage":"pt-BR","@id":"https:\/\/sintramem-sv.org.br\/sintramem\/#\/schema\/logo\/image\/","url":"https:\/\/sintramem-sv.org.br\/sintramem\/wp-content\/uploads\/2017\/02\/SINTRAMEM-LOGO-OFICIAL-300x100-jpg.jpg","contentUrl":"https:\/\/sintramem-sv.org.br\/sintramem\/wp-content\/uploads\/2017\/02\/SINTRAMEM-LOGO-OFICIAL-300x100-jpg.jpg","width":150,"height":150,"caption":"SINTRAMEM"},"image":{"@id":"https:\/\/sintramem-sv.org.br\/sintramem\/#\/schema\/logo\/image\/"}},{"@type":"Person","@id":"https:\/\/sintramem-sv.org.br\/sintramem\/#\/schema\/person\/a8decb8ea63607d1e01e046c95ddcf2b","name":"sintramem","image":{"@type":"ImageObject","inLanguage":"pt-BR","@id":"https:\/\/sintramem-sv.org.br\/sintramem\/#\/schema\/person\/image\/","url":"https:\/\/secure.gravatar.com\/avatar\/8e06da3b0d4f051010117c848b52b9280a4228043717057ccccccc8b20ff8f48?s=96&d=mm&r=g","contentUrl":"https:\/\/secure.gravatar.com\/avatar\/8e06da3b0d4f051010117c848b52b9280a4228043717057ccccccc8b20ff8f48?s=96&d=mm&r=g","caption":"sintramem"},"description":"Sindicato dos Trabalhadores no Magist\u00e9rio e na Educa\u00e7\u00e3o Municipal de S\u00e3o Vicente","url":"https:\/\/sintramem-sv.org.br\/sintramem\/author\/sindsv\/"}]}},"_links":{"self":[{"href":"https:\/\/sintramem-sv.org.br\/sintramem\/wp-json\/wp\/v2\/posts\/8890","targetHints":{"allow":["GET"]}}],"collection":[{"href":"https:\/\/sintramem-sv.org.br\/sintramem\/wp-json\/wp\/v2\/posts"}],"about":[{"href":"https:\/\/sintramem-sv.org.br\/sintramem\/wp-json\/wp\/v2\/types\/post"}],"author":[{"embeddable":true,"href":"https:\/\/sintramem-sv.org.br\/sintramem\/wp-json\/wp\/v2\/users\/1"}],"replies":[{"embeddable":true,"href":"https:\/\/sintramem-sv.org.br\/sintramem\/wp-json\/wp\/v2\/comments?post=8890"}],"version-history":[{"count":4,"href":"https:\/\/sintramem-sv.org.br\/sintramem\/wp-json\/wp\/v2\/posts\/8890\/revisions"}],"predecessor-version":[{"id":8903,"href":"https:\/\/sintramem-sv.org.br\/sintramem\/wp-json\/wp\/v2\/posts\/8890\/revisions\/8903"}],"wp:featuredmedia":[{"embeddable":true,"href":"https:\/\/sintramem-sv.org.br\/sintramem\/wp-json\/wp\/v2\/media\/8900"}],"wp:attachment":[{"href":"https:\/\/sintramem-sv.org.br\/sintramem\/wp-json\/wp\/v2\/media?parent=8890"}],"wp:term":[{"taxonomy":"category","embeddable":true,"href":"https:\/\/sintramem-sv.org.br\/sintramem\/wp-json\/wp\/v2\/categories?post=8890"},{"taxonomy":"post_tag","embeddable":true,"href":"https:\/\/sintramem-sv.org.br\/sintramem\/wp-json\/wp\/v2\/tags?post=8890"}],"curies":[{"name":"wp","href":"https:\/\/api.w.org\/{rel}","templated":true}]}}