{"id":8815,"date":"2025-10-22T21:58:04","date_gmt":"2025-10-22T21:58:04","guid":{"rendered":"http:\/\/sintramem-sv.org.br\/sintramem\/?p=8815"},"modified":"2025-10-23T00:59:48","modified_gmt":"2025-10-23T00:59:48","slug":"eleicao-do-sintramem-ocorre-dentro-da-normalidade-com-total-transparencia-e-democracia","status":"publish","type":"post","link":"https:\/\/sintramem-sv.org.br\/sintramem\/eleicao-do-sintramem-ocorre-dentro-da-normalidade-com-total-transparencia-e-democracia\/","title":{"rendered":"Elei\u00e7\u00e3o do SINTRAMEM ocorre dentro da normalidade, com total transpar\u00eancia e democracia. Nesta quinta (23) entraremos no segundo e \u00faltimo dia de vota\u00e7\u00e3o"},"content":{"rendered":"<p><span style=\"font-size: 14pt;\">O Sindicato dos Trabalhadores da Educa\u00e7\u00e3o Municipal de S\u00e3o Vicente (<span style=\"color: #ff0000;\"><strong>SINTRAMEM<\/strong><\/span>) realiza nestes <span style=\"background-color: #ffff00;\"><strong>dias 22 e 23 de outubro o processo eleitoral para a escolha da nova diretoria que conduzir\u00e1 a entidade pelos pr\u00f3ximos anos<\/strong><\/span>. O pleito transcorre dentro da mais absoluta normalidade, marcado pela organiza\u00e7\u00e3o, transpar\u00eancia e participa\u00e7\u00e3o democr\u00e1tica da categoria.<\/span><\/p>\n<p><img loading=\"lazy\" decoding=\"async\" class=\"aligncenter wp-image-8831 size-full\" src=\"https:\/\/sintramem-sv.org.br\/sintramem\/wp-content\/uploads\/2000\/10\/DSC0035.jpg\" alt=\"\" width=\"2000\" height=\"1333\" srcset=\"https:\/\/sintramem-sv.org.br\/sintramem\/wp-content\/uploads\/2000\/10\/DSC0035.jpg 2000w, https:\/\/sintramem-sv.org.br\/sintramem\/wp-content\/uploads\/2000\/10\/DSC0035-300x200.jpg 300w, https:\/\/sintramem-sv.org.br\/sintramem\/wp-content\/uploads\/2000\/10\/DSC0035-1024x682.jpg 1024w, https:\/\/sintramem-sv.org.br\/sintramem\/wp-content\/uploads\/2000\/10\/DSC0035-768x512.jpg 768w, https:\/\/sintramem-sv.org.br\/sintramem\/wp-content\/uploads\/2000\/10\/DSC0035-1536x1024.jpg 1536w\" sizes=\"auto, (max-width: 2000px) 100vw, 2000px\" \/><\/p>\n<p><img loading=\"lazy\" decoding=\"async\" class=\"aligncenter wp-image-8861 size-full\" src=\"https:\/\/sintramem-sv.org.br\/sintramem\/wp-content\/uploads\/2000\/10\/DSC0029.jpg\" alt=\"\" width=\"2000\" height=\"1333\" srcset=\"https:\/\/sintramem-sv.org.br\/sintramem\/wp-content\/uploads\/2000\/10\/DSC0029.jpg 2000w, https:\/\/sintramem-sv.org.br\/sintramem\/wp-content\/uploads\/2000\/10\/DSC0029-300x200.jpg 300w, https:\/\/sintramem-sv.org.br\/sintramem\/wp-content\/uploads\/2000\/10\/DSC0029-1024x682.jpg 1024w, https:\/\/sintramem-sv.org.br\/sintramem\/wp-content\/uploads\/2000\/10\/DSC0029-768x512.jpg 768w, https:\/\/sintramem-sv.org.br\/sintramem\/wp-content\/uploads\/2000\/10\/DSC0029-1536x1024.jpg 1536w\" sizes=\"auto, (max-width: 2000px) 100vw, 2000px\" \/><\/p>\n<p><span style=\"font-size: 14pt;\">Desde as primeiras horas de vota\u00e7\u00e3o, \u00e0s 18 horas de 22 de outubro, tudo ocorre dentro da normalidade demonstrando o compromisso de todos com a democracia sindical.<\/span><\/p>\n<p><img loading=\"lazy\" decoding=\"async\" class=\"aligncenter wp-image-8830 size-full\" src=\"https:\/\/sintramem-sv.org.br\/sintramem\/wp-content\/uploads\/2000\/10\/DSC0031.jpg\" alt=\"\" width=\"2000\" height=\"1333\" srcset=\"https:\/\/sintramem-sv.org.br\/sintramem\/wp-content\/uploads\/2000\/10\/DSC0031.jpg 2000w, https:\/\/sintramem-sv.org.br\/sintramem\/wp-content\/uploads\/2000\/10\/DSC0031-300x200.jpg 300w, https:\/\/sintramem-sv.org.br\/sintramem\/wp-content\/uploads\/2000\/10\/DSC0031-1024x682.jpg 1024w, https:\/\/sintramem-sv.org.br\/sintramem\/wp-content\/uploads\/2000\/10\/DSC0031-768x512.jpg 768w, https:\/\/sintramem-sv.org.br\/sintramem\/wp-content\/uploads\/2000\/10\/DSC0031-1536x1024.jpg 1536w\" sizes=\"auto, (max-width: 2000px) 100vw, 2000px\" \/><\/p>\n<p><img loading=\"lazy\" decoding=\"async\" class=\"aligncenter wp-image-8827 size-full\" src=\"https:\/\/sintramem-sv.org.br\/sintramem\/wp-content\/uploads\/2000\/10\/DSC0020.jpg\" alt=\"\" width=\"2000\" height=\"1333\" srcset=\"https:\/\/sintramem-sv.org.br\/sintramem\/wp-content\/uploads\/2000\/10\/DSC0020.jpg 2000w, https:\/\/sintramem-sv.org.br\/sintramem\/wp-content\/uploads\/2000\/10\/DSC0020-300x200.jpg 300w, https:\/\/sintramem-sv.org.br\/sintramem\/wp-content\/uploads\/2000\/10\/DSC0020-1024x682.jpg 1024w, https:\/\/sintramem-sv.org.br\/sintramem\/wp-content\/uploads\/2000\/10\/DSC0020-768x512.jpg 768w, https:\/\/sintramem-sv.org.br\/sintramem\/wp-content\/uploads\/2000\/10\/DSC0020-1536x1024.jpg 1536w\" sizes=\"auto, (max-width: 2000px) 100vw, 2000px\" \/><\/p>\n<p><span style=\"font-size: 18pt;\"><strong>PROCESSO TRANSPARENTE E COM PARIDADE NAS URNAS <span class=\"x19la9d6 x1fc57z9 x6ikm8r x10wlt62 x19co3pv x11tp94h xfibh0p xiy17q3 x1xsqp64 x1lkfr7t xexx8yu xyri2b x18d9i69 x1c1uobl\"><span class=\"xrtxmta x1bhl96m\">&#x1f5f3;&#xfe0f;<\/span><\/span><\/strong><\/span><\/p>\n<p><span style=\"font-size: 14pt;\">A Comiss\u00e3o Eleitoral tem atuado com responsabilidade e seriedade, garantindo a igualdade de condi\u00e7\u00f5es entre as chapas e assegurando a presen\u00e7a de representantes das duas candidaturas em todas as etapas do processo <strong>&#8211; desde o lacre das urnas e o acompanhamento da vota\u00e7\u00e3o<\/strong>.<\/span><\/p>\n<p><img loading=\"lazy\" decoding=\"async\" class=\"aligncenter wp-image-8834 size-full\" src=\"https:\/\/sintramem-sv.org.br\/sintramem\/wp-content\/uploads\/2000\/10\/DSC0067.jpg\" alt=\"\" width=\"2000\" height=\"1333\" srcset=\"https:\/\/sintramem-sv.org.br\/sintramem\/wp-content\/uploads\/2000\/10\/DSC0067.jpg 2000w, https:\/\/sintramem-sv.org.br\/sintramem\/wp-content\/uploads\/2000\/10\/DSC0067-300x200.jpg 300w, https:\/\/sintramem-sv.org.br\/sintramem\/wp-content\/uploads\/2000\/10\/DSC0067-1024x682.jpg 1024w, https:\/\/sintramem-sv.org.br\/sintramem\/wp-content\/uploads\/2000\/10\/DSC0067-768x512.jpg 768w, https:\/\/sintramem-sv.org.br\/sintramem\/wp-content\/uploads\/2000\/10\/DSC0067-1536x1024.jpg 1536w\" sizes=\"auto, (max-width: 2000px) 100vw, 2000px\" \/><\/p>\n<p><img loading=\"lazy\" decoding=\"async\" class=\"aligncenter wp-image-8841 size-full\" src=\"https:\/\/sintramem-sv.org.br\/sintramem\/wp-content\/uploads\/2000\/10\/DSC0103.jpg\" alt=\"\" width=\"2000\" height=\"1333\" srcset=\"https:\/\/sintramem-sv.org.br\/sintramem\/wp-content\/uploads\/2000\/10\/DSC0103.jpg 2000w, https:\/\/sintramem-sv.org.br\/sintramem\/wp-content\/uploads\/2000\/10\/DSC0103-300x200.jpg 300w, https:\/\/sintramem-sv.org.br\/sintramem\/wp-content\/uploads\/2000\/10\/DSC0103-1024x682.jpg 1024w, https:\/\/sintramem-sv.org.br\/sintramem\/wp-content\/uploads\/2000\/10\/DSC0103-768x512.jpg 768w, https:\/\/sintramem-sv.org.br\/sintramem\/wp-content\/uploads\/2000\/10\/DSC0103-1536x1024.jpg 1536w\" sizes=\"auto, (max-width: 2000px) 100vw, 2000px\" \/><\/p>\n<p><span style=\"font-size: 14pt;\">Ao todo, sete urnas est\u00e3o sendo utilizadas: uma fixa na sede do <strong><span style=\"color: #ff0000;\">SINTRAMEM<\/span><\/strong> e seis itinerantes, que percorrem escolas e unidades educacionais do munic\u00edpio, ampliando o acesso ao voto e garantindo que todos os Profissionais da Educa\u00e7\u00e3o possam exercer seu direito democr\u00e1tico.<\/span><\/p>\n<p><img loading=\"lazy\" decoding=\"async\" class=\"alignnone wp-image-8849 size-full\" src=\"https:\/\/sintramem-sv.org.br\/sintramem\/wp-content\/uploads\/2000\/10\/IMG-20251022-WA0112.jpg\" alt=\"\" width=\"1600\" height=\"890\" srcset=\"https:\/\/sintramem-sv.org.br\/sintramem\/wp-content\/uploads\/2000\/10\/IMG-20251022-WA0112.jpg 1600w, https:\/\/sintramem-sv.org.br\/sintramem\/wp-content\/uploads\/2000\/10\/IMG-20251022-WA0112-300x167.jpg 300w, https:\/\/sintramem-sv.org.br\/sintramem\/wp-content\/uploads\/2000\/10\/IMG-20251022-WA0112-1024x570.jpg 1024w, https:\/\/sintramem-sv.org.br\/sintramem\/wp-content\/uploads\/2000\/10\/IMG-20251022-WA0112-768x427.jpg 768w, https:\/\/sintramem-sv.org.br\/sintramem\/wp-content\/uploads\/2000\/10\/IMG-20251022-WA0112-1536x854.jpg 1536w\" sizes=\"auto, (max-width: 1600px) 100vw, 1600px\" \/><\/p>\n<p><span style=\"font-size: 14pt;\">Nesta quarta (22), ao t\u00e9rmino do primeiro dia de vota\u00e7\u00e3o, <span style=\"background-color: #ffff00;\"><strong>todas as urnas retornaram \u00e0 sede do Sindicato \u00e0s 18 horas, sendo lacradas, assinadas e conferidas pela Comiss\u00e3o Eleitoral e pelos representantes das duas chapas<\/strong><\/span> concorrentes:<\/span><\/p>\n<p><span style=\"font-size: 14pt;\"><strong><span class=\"x19la9d6 x1fc57z9 x6ikm8r x10wlt62 x19co3pv x11tp94h xfibh0p xiy17q3 x1xsqp64 x1lkfr7t xexx8yu xyri2b x18d9i69 x1c1uobl\"><span class=\"xrtxmta x1bhl96m\">&#x27a1;&#xfe0f; <\/span><\/span>Chapa 1 &#8211; AGE (A\u00e7\u00e3o, Garra e Experi\u00eancia)<br \/>\n<\/strong><strong><span class=\"x19la9d6 x1fc57z9 x6ikm8r x10wlt62 x19co3pv x11tp94h xfibh0p xiy17q3 x1xsqp64 x1lkfr7t xexx8yu xyri2b x18d9i69 x1c1uobl\"><span class=\"xrtxmta x1bhl96m\">&#x27a1;&#xfe0f; <\/span><\/span>Chapa 2 &#8211; EDUCA\u00c7\u00c3O NA LUTA<\/strong><\/span><\/p>\n<p><img loading=\"lazy\" decoding=\"async\" class=\"aligncenter wp-image-8826 size-full\" src=\"https:\/\/sintramem-sv.org.br\/sintramem\/wp-content\/uploads\/2000\/10\/DSC0017-scaled.jpg\" alt=\"\" width=\"2560\" height=\"1707\" srcset=\"https:\/\/sintramem-sv.org.br\/sintramem\/wp-content\/uploads\/2000\/10\/DSC0017-scaled.jpg 2560w, https:\/\/sintramem-sv.org.br\/sintramem\/wp-content\/uploads\/2000\/10\/DSC0017-300x200.jpg 300w, https:\/\/sintramem-sv.org.br\/sintramem\/wp-content\/uploads\/2000\/10\/DSC0017-1024x683.jpg 1024w, https:\/\/sintramem-sv.org.br\/sintramem\/wp-content\/uploads\/2000\/10\/DSC0017-768x512.jpg 768w, https:\/\/sintramem-sv.org.br\/sintramem\/wp-content\/uploads\/2000\/10\/DSC0017-1536x1024.jpg 1536w, https:\/\/sintramem-sv.org.br\/sintramem\/wp-content\/uploads\/2000\/10\/DSC0017-2048x1365.jpg 2048w\" sizes=\"auto, (max-width: 2560px) 100vw, 2560px\" \/><\/p>\n<p><span style=\"font-size: 18pt;\"><strong>DECIS\u00d5ES COLETIVAS E RESPEITO AO ESTATUTO <span class=\"x19la9d6 x1fc57z9 x6ikm8r x10wlt62 x19co3pv x11tp94h xfibh0p xiy17q3 x1xsqp64 x1lkfr7t xexx8yu xyri2b x18d9i69 x1c1uobl\"><span class=\"xrtxmta x1bhl96m\">&#x2705;<\/span><\/span><\/strong><\/span><\/p>\n<p><span style=\"font-size: 14pt;\">Todas as decis\u00f5es referentes \u00e0 condu\u00e7\u00e3o do pleito t\u00eam sido tomadas em conjunto pela Comiss\u00e3o Eleitoral, observando rigorosamente o Estatuto do <span style=\"color: #ff0000;\"><strong>SINTRAMEM<\/strong><\/span> e os princ\u00edpios democr\u00e1ticos que regem a entidade, com a presen\u00e7a dos integrantes de ambas as chapas. Essa postura reafirma o compromisso do Sindicato com a lisura, a imparcialidade e o respeito \u00e0 vontade soberana da categoria.<\/span><\/p>\n<p><img loading=\"lazy\" decoding=\"async\" class=\"aligncenter wp-image-8838 size-full\" src=\"https:\/\/sintramem-sv.org.br\/sintramem\/wp-content\/uploads\/2000\/10\/DSC0096.jpg\" alt=\"\" width=\"2000\" height=\"1333\" srcset=\"https:\/\/sintramem-sv.org.br\/sintramem\/wp-content\/uploads\/2000\/10\/DSC0096.jpg 2000w, https:\/\/sintramem-sv.org.br\/sintramem\/wp-content\/uploads\/2000\/10\/DSC0096-300x200.jpg 300w, https:\/\/sintramem-sv.org.br\/sintramem\/wp-content\/uploads\/2000\/10\/DSC0096-1024x682.jpg 1024w, https:\/\/sintramem-sv.org.br\/sintramem\/wp-content\/uploads\/2000\/10\/DSC0096-768x512.jpg 768w, https:\/\/sintramem-sv.org.br\/sintramem\/wp-content\/uploads\/2000\/10\/DSC0096-1536x1024.jpg 1536w\" sizes=\"auto, (max-width: 2000px) 100vw, 2000px\" \/><\/p>\n<p><img loading=\"lazy\" decoding=\"async\" class=\"aligncenter wp-image-8848 size-full\" src=\"https:\/\/sintramem-sv.org.br\/sintramem\/wp-content\/uploads\/2000\/10\/DSC0121.jpg\" alt=\"\" width=\"2000\" height=\"1333\" srcset=\"https:\/\/sintramem-sv.org.br\/sintramem\/wp-content\/uploads\/2000\/10\/DSC0121.jpg 2000w, https:\/\/sintramem-sv.org.br\/sintramem\/wp-content\/uploads\/2000\/10\/DSC0121-300x200.jpg 300w, https:\/\/sintramem-sv.org.br\/sintramem\/wp-content\/uploads\/2000\/10\/DSC0121-1024x682.jpg 1024w, https:\/\/sintramem-sv.org.br\/sintramem\/wp-content\/uploads\/2000\/10\/DSC0121-768x512.jpg 768w, https:\/\/sintramem-sv.org.br\/sintramem\/wp-content\/uploads\/2000\/10\/DSC0121-1536x1024.jpg 1536w\" sizes=\"auto, (max-width: 2000px) 100vw, 2000px\" \/><\/p>\n<p><span style=\"font-size: 18pt;\"><strong>VOTA\u00c7\u00c3O SEGUE AT\u00c9 ESTA QUINTA-FEIRA <span class=\"x19la9d6 x1fc57z9 x6ikm8r x10wlt62 x19co3pv x11tp94h xfibh0p xiy17q3 x1xsqp64 x1lkfr7t xexx8yu xyri2b x18d9i69 x1c1uobl\"><span class=\"xrtxmta x1bhl96m\">&#x1f5d3;&#xfe0f;<\/span><\/span><\/strong><\/span><\/p>\n<p><span style=\"font-size: 14pt;\">As vota\u00e7\u00f5es continuam nesta quinta-feira, 23 de outubro, das 8 \u00e0s 18 horas, quando ser\u00e1 realizada a apura\u00e7\u00e3o dos votos e, ao final do dia, anunciada a chapa vencedora.<\/span><\/p>\n<p><span style=\"font-size: 14pt;\">O <span style=\"color: #ff0000;\"><strong>SINTRAMEM<\/strong><\/span> refor\u00e7a o convite para que todos os trabalhadores associados participem deste importante momento da vida sindical.<\/span><\/p>\n<p><img loading=\"lazy\" decoding=\"async\" class=\"aligncenter wp-image-8822 size-full\" src=\"https:\/\/sintramem-sv.org.br\/sintramem\/wp-content\/uploads\/2000\/10\/1-1-scaled.jpg\" alt=\"\" width=\"2560\" height=\"1707\" srcset=\"https:\/\/sintramem-sv.org.br\/sintramem\/wp-content\/uploads\/2000\/10\/1-1-scaled.jpg 2560w, https:\/\/sintramem-sv.org.br\/sintramem\/wp-content\/uploads\/2000\/10\/1-1-300x200.jpg 300w, https:\/\/sintramem-sv.org.br\/sintramem\/wp-content\/uploads\/2000\/10\/1-1-1024x683.jpg 1024w, https:\/\/sintramem-sv.org.br\/sintramem\/wp-content\/uploads\/2000\/10\/1-1-768x512.jpg 768w, https:\/\/sintramem-sv.org.br\/sintramem\/wp-content\/uploads\/2000\/10\/1-1-1536x1024.jpg 1536w, https:\/\/sintramem-sv.org.br\/sintramem\/wp-content\/uploads\/2000\/10\/1-1-2048x1366.jpg 2048w\" sizes=\"auto, (max-width: 2560px) 100vw, 2560px\" \/><\/p>\n<p><img loading=\"lazy\" decoding=\"async\" class=\"aligncenter wp-image-8847 size-full\" src=\"https:\/\/sintramem-sv.org.br\/sintramem\/wp-content\/uploads\/2000\/10\/DSC0131.jpg\" alt=\"\" width=\"2000\" height=\"1333\" srcset=\"https:\/\/sintramem-sv.org.br\/sintramem\/wp-content\/uploads\/2000\/10\/DSC0131.jpg 2000w, https:\/\/sintramem-sv.org.br\/sintramem\/wp-content\/uploads\/2000\/10\/DSC0131-300x200.jpg 300w, https:\/\/sintramem-sv.org.br\/sintramem\/wp-content\/uploads\/2000\/10\/DSC0131-1024x682.jpg 1024w, https:\/\/sintramem-sv.org.br\/sintramem\/wp-content\/uploads\/2000\/10\/DSC0131-768x512.jpg 768w, https:\/\/sintramem-sv.org.br\/sintramem\/wp-content\/uploads\/2000\/10\/DSC0131-1536x1024.jpg 1536w\" sizes=\"auto, (max-width: 2000px) 100vw, 2000px\" \/><\/p>\n<p><img loading=\"lazy\" decoding=\"async\" class=\"aligncenter wp-image-8843 size-full\" src=\"https:\/\/sintramem-sv.org.br\/sintramem\/wp-content\/uploads\/2000\/10\/DSC0052.jpg\" alt=\"\" width=\"2000\" height=\"1333\" srcset=\"https:\/\/sintramem-sv.org.br\/sintramem\/wp-content\/uploads\/2000\/10\/DSC0052.jpg 2000w, https:\/\/sintramem-sv.org.br\/sintramem\/wp-content\/uploads\/2000\/10\/DSC0052-300x200.jpg 300w, https:\/\/sintramem-sv.org.br\/sintramem\/wp-content\/uploads\/2000\/10\/DSC0052-1024x682.jpg 1024w, https:\/\/sintramem-sv.org.br\/sintramem\/wp-content\/uploads\/2000\/10\/DSC0052-768x512.jpg 768w, https:\/\/sintramem-sv.org.br\/sintramem\/wp-content\/uploads\/2000\/10\/DSC0052-1536x1024.jpg 1536w\" sizes=\"auto, (max-width: 2000px) 100vw, 2000px\" \/><\/p>\n<p><img loading=\"lazy\" decoding=\"async\" class=\"aligncenter wp-image-8836 size-full\" src=\"https:\/\/sintramem-sv.org.br\/sintramem\/wp-content\/uploads\/2000\/10\/DSC0082-scaled.jpg\" alt=\"\" width=\"2560\" height=\"1707\" srcset=\"https:\/\/sintramem-sv.org.br\/sintramem\/wp-content\/uploads\/2000\/10\/DSC0082-scaled.jpg 2560w, https:\/\/sintramem-sv.org.br\/sintramem\/wp-content\/uploads\/2000\/10\/DSC0082-300x200.jpg 300w, https:\/\/sintramem-sv.org.br\/sintramem\/wp-content\/uploads\/2000\/10\/DSC0082-1024x683.jpg 1024w, https:\/\/sintramem-sv.org.br\/sintramem\/wp-content\/uploads\/2000\/10\/DSC0082-768x512.jpg 768w, https:\/\/sintramem-sv.org.br\/sintramem\/wp-content\/uploads\/2000\/10\/DSC0082-1536x1024.jpg 1536w, https:\/\/sintramem-sv.org.br\/sintramem\/wp-content\/uploads\/2000\/10\/DSC0082-2048x1365.jpg 2048w\" sizes=\"auto, (max-width: 2560px) 100vw, 2560px\" \/><\/p>\n<p><img loading=\"lazy\" decoding=\"async\" class=\"alignnone wp-image-8852 size-full\" src=\"https:\/\/sintramem-sv.org.br\/sintramem\/wp-content\/uploads\/2000\/10\/IMG-20251022-WA0127.jpg\" alt=\"\" width=\"1200\" height=\"1600\" srcset=\"https:\/\/sintramem-sv.org.br\/sintramem\/wp-content\/uploads\/2000\/10\/IMG-20251022-WA0127.jpg 1200w, https:\/\/sintramem-sv.org.br\/sintramem\/wp-content\/uploads\/2000\/10\/IMG-20251022-WA0127-225x300.jpg 225w, https:\/\/sintramem-sv.org.br\/sintramem\/wp-content\/uploads\/2000\/10\/IMG-20251022-WA0127-768x1024.jpg 768w, https:\/\/sintramem-sv.org.br\/sintramem\/wp-content\/uploads\/2000\/10\/IMG-20251022-WA0127-1152x1536.jpg 1152w\" sizes=\"auto, (max-width: 1200px) 100vw, 1200px\" \/><\/p>\n<p><img loading=\"lazy\" decoding=\"async\" class=\"aligncenter wp-image-8853 size-full\" src=\"https:\/\/sintramem-sv.org.br\/sintramem\/wp-content\/uploads\/2000\/10\/IMG-20251022-WA0132.jpg\" alt=\"\" width=\"1200\" height=\"1600\" srcset=\"https:\/\/sintramem-sv.org.br\/sintramem\/wp-content\/uploads\/2000\/10\/IMG-20251022-WA0132.jpg 1200w, https:\/\/sintramem-sv.org.br\/sintramem\/wp-content\/uploads\/2000\/10\/IMG-20251022-WA0132-225x300.jpg 225w, https:\/\/sintramem-sv.org.br\/sintramem\/wp-content\/uploads\/2000\/10\/IMG-20251022-WA0132-768x1024.jpg 768w, https:\/\/sintramem-sv.org.br\/sintramem\/wp-content\/uploads\/2000\/10\/IMG-20251022-WA0132-1152x1536.jpg 1152w\" sizes=\"auto, (max-width: 1200px) 100vw, 1200px\" \/><\/p>\n<p><img loading=\"lazy\" decoding=\"async\" class=\"alignnone wp-image-8854 size-full\" src=\"https:\/\/sintramem-sv.org.br\/sintramem\/wp-content\/uploads\/2000\/10\/IMG-20251022-WA0133.jpg\" alt=\"\" width=\"1200\" height=\"1600\" srcset=\"https:\/\/sintramem-sv.org.br\/sintramem\/wp-content\/uploads\/2000\/10\/IMG-20251022-WA0133.jpg 1200w, https:\/\/sintramem-sv.org.br\/sintramem\/wp-content\/uploads\/2000\/10\/IMG-20251022-WA0133-225x300.jpg 225w, https:\/\/sintramem-sv.org.br\/sintramem\/wp-content\/uploads\/2000\/10\/IMG-20251022-WA0133-768x1024.jpg 768w, https:\/\/sintramem-sv.org.br\/sintramem\/wp-content\/uploads\/2000\/10\/IMG-20251022-WA0133-1152x1536.jpg 1152w\" sizes=\"auto, (max-width: 1200px) 100vw, 1200px\" \/><\/p>\n<p><img loading=\"lazy\" decoding=\"async\" class=\"alignnone wp-image-8855 size-full\" src=\"https:\/\/sintramem-sv.org.br\/sintramem\/wp-content\/uploads\/2000\/10\/IMG-20251022-WA0117.jpg\" alt=\"\" width=\"1200\" height=\"1600\" srcset=\"https:\/\/sintramem-sv.org.br\/sintramem\/wp-content\/uploads\/2000\/10\/IMG-20251022-WA0117.jpg 1200w, https:\/\/sintramem-sv.org.br\/sintramem\/wp-content\/uploads\/2000\/10\/IMG-20251022-WA0117-225x300.jpg 225w, https:\/\/sintramem-sv.org.br\/sintramem\/wp-content\/uploads\/2000\/10\/IMG-20251022-WA0117-768x1024.jpg 768w, https:\/\/sintramem-sv.org.br\/sintramem\/wp-content\/uploads\/2000\/10\/IMG-20251022-WA0117-1152x1536.jpg 1152w\" sizes=\"auto, (max-width: 1200px) 100vw, 1200px\" \/><\/p>\n<p><img loading=\"lazy\" decoding=\"async\" class=\"alignnone wp-image-8856 size-full\" src=\"https:\/\/sintramem-sv.org.br\/sintramem\/wp-content\/uploads\/2000\/10\/IMG-20251022-WA0124.jpg\" alt=\"\" width=\"1200\" height=\"1600\" srcset=\"https:\/\/sintramem-sv.org.br\/sintramem\/wp-content\/uploads\/2000\/10\/IMG-20251022-WA0124.jpg 1200w, https:\/\/sintramem-sv.org.br\/sintramem\/wp-content\/uploads\/2000\/10\/IMG-20251022-WA0124-225x300.jpg 225w, https:\/\/sintramem-sv.org.br\/sintramem\/wp-content\/uploads\/2000\/10\/IMG-20251022-WA0124-768x1024.jpg 768w, https:\/\/sintramem-sv.org.br\/sintramem\/wp-content\/uploads\/2000\/10\/IMG-20251022-WA0124-1152x1536.jpg 1152w\" sizes=\"auto, (max-width: 1200px) 100vw, 1200px\" \/><\/p>\n<p><img loading=\"lazy\" decoding=\"async\" class=\"alignnone wp-image-8857 size-full\" src=\"https:\/\/sintramem-sv.org.br\/sintramem\/wp-content\/uploads\/2000\/10\/IMG-20251022-WA0125.jpg\" alt=\"\" width=\"1200\" height=\"1600\" srcset=\"https:\/\/sintramem-sv.org.br\/sintramem\/wp-content\/uploads\/2000\/10\/IMG-20251022-WA0125.jpg 1200w, https:\/\/sintramem-sv.org.br\/sintramem\/wp-content\/uploads\/2000\/10\/IMG-20251022-WA0125-225x300.jpg 225w, https:\/\/sintramem-sv.org.br\/sintramem\/wp-content\/uploads\/2000\/10\/IMG-20251022-WA0125-768x1024.jpg 768w, https:\/\/sintramem-sv.org.br\/sintramem\/wp-content\/uploads\/2000\/10\/IMG-20251022-WA0125-1152x1536.jpg 1152w\" sizes=\"auto, (max-width: 1200px) 100vw, 1200px\" \/><\/p>\n<p><img loading=\"lazy\" decoding=\"async\" class=\"alignnone wp-image-8859 size-full\" src=\"https:\/\/sintramem-sv.org.br\/sintramem\/wp-content\/uploads\/2000\/10\/1-2.jpg\" alt=\"\" width=\"1411\" height=\"785\" srcset=\"https:\/\/sintramem-sv.org.br\/sintramem\/wp-content\/uploads\/2000\/10\/1-2.jpg 1411w, https:\/\/sintramem-sv.org.br\/sintramem\/wp-content\/uploads\/2000\/10\/1-2-300x167.jpg 300w, https:\/\/sintramem-sv.org.br\/sintramem\/wp-content\/uploads\/2000\/10\/1-2-1024x570.jpg 1024w, https:\/\/sintramem-sv.org.br\/sintramem\/wp-content\/uploads\/2000\/10\/1-2-768x427.jpg 768w\" sizes=\"auto, (max-width: 1411px) 100vw, 1411px\" \/><\/p>\n","protected":false},"excerpt":{"rendered":"<p>O Sindicato dos Trabalhadores da Educa\u00e7\u00e3o Municipal de S\u00e3o Vicente (SINTRAMEM) realiza nestes dias 22 e 23 de outubro o processo eleitoral para a escolha da nova diretoria que conduzir\u00e1 a entidade pelos pr\u00f3ximos anos. O pleito transcorre dentro da mais absoluta normalidade, marcado pela organiza\u00e7\u00e3o, transpar\u00eancia e participa\u00e7\u00e3o democr\u00e1tica da categoria. Desde as primeiras&hellip;<\/p>\n","protected":false},"author":1,"featured_media":8823,"comment_status":"open","ping_status":"closed","sticky":false,"template":"","format":"standard","meta":{"_monsterinsights_skip_tracking":false,"_monsterinsights_sitenote_active":false,"_monsterinsights_sitenote_note":"","_monsterinsights_sitenote_category":0,"footnotes":""},"categories":[1],"tags":[],"class_list":["post-8815","post","type-post","status-publish","format-standard","has-post-thumbnail","hentry","category-sintramem-sintramem"],"yoast_head":"<!-- This site is optimized with the Yoast SEO plugin v27.0 - https:\/\/yoast.com\/product\/yoast-seo-wordpress\/ -->\n<title>Elei\u00e7\u00e3o do SINTRAMEM ocorre dentro da normalidade, com total transpar\u00eancia e democracia. Nesta quinta (23) entraremos no segundo e \u00faltimo dia de vota\u00e7\u00e3o - SINTRAMEM<\/title>\n<meta name=\"robots\" content=\"index, follow, max-snippet:-1, max-image-preview:large, max-video-preview:-1\" \/>\n<link rel=\"canonical\" href=\"https:\/\/sintramem-sv.org.br\/sintramem\/eleicao-do-sintramem-ocorre-dentro-da-normalidade-com-total-transparencia-e-democracia\/\" \/>\n<meta property=\"og:locale\" content=\"pt_BR\" \/>\n<meta property=\"og:type\" content=\"article\" \/>\n<meta property=\"og:title\" content=\"Elei\u00e7\u00e3o do SINTRAMEM ocorre dentro da normalidade, com total transpar\u00eancia e democracia. Nesta quinta (23) entraremos no segundo e \u00faltimo dia de vota\u00e7\u00e3o - SINTRAMEM\" \/>\n<meta property=\"og:description\" content=\"O Sindicato dos Trabalhadores da Educa\u00e7\u00e3o Municipal de S\u00e3o Vicente (SINTRAMEM) realiza nestes dias 22 e 23 de outubro o processo eleitoral para a escolha da nova diretoria que conduzir\u00e1 a entidade pelos pr\u00f3ximos anos. O pleito transcorre dentro da mais absoluta normalidade, marcado pela organiza\u00e7\u00e3o, transpar\u00eancia e participa\u00e7\u00e3o democr\u00e1tica da categoria. Desde as primeiras&hellip;\" \/>\n<meta property=\"og:url\" content=\"https:\/\/sintramem-sv.org.br\/sintramem\/eleicao-do-sintramem-ocorre-dentro-da-normalidade-com-total-transparencia-e-democracia\/\" \/>\n<meta property=\"og:site_name\" content=\"SINTRAMEM\" \/>\n<meta property=\"article:published_time\" content=\"2025-10-22T21:58:04+00:00\" \/>\n<meta property=\"article:modified_time\" content=\"2025-10-23T00:59:48+00:00\" \/>\n<meta property=\"og:image\" content=\"https:\/\/sintramem-sv.org.br\/sintramem\/wp-content\/uploads\/2000\/10\/MENOR.jpg\" \/>\n\t<meta property=\"og:image:width\" content=\"600\" \/>\n\t<meta property=\"og:image:height\" content=\"334\" \/>\n\t<meta property=\"og:image:type\" content=\"image\/jpeg\" \/>\n<meta name=\"author\" content=\"sintramem\" \/>\n<meta name=\"twitter:card\" content=\"summary_large_image\" \/>\n<meta name=\"twitter:label1\" content=\"Escrito por\" \/>\n\t<meta name=\"twitter:data1\" content=\"sintramem\" \/>\n\t<meta name=\"twitter:label2\" content=\"Est. tempo de leitura\" \/>\n\t<meta name=\"twitter:data2\" content=\"7 minutos\" \/>\n<script type=\"application\/ld+json\" class=\"yoast-schema-graph\">{\"@context\":\"https:\/\/schema.org\",\"@graph\":[{\"@type\":\"Article\",\"@id\":\"https:\/\/sintramem-sv.org.br\/sintramem\/eleicao-do-sintramem-ocorre-dentro-da-normalidade-com-total-transparencia-e-democracia\/#article\",\"isPartOf\":{\"@id\":\"https:\/\/sintramem-sv.org.br\/sintramem\/eleicao-do-sintramem-ocorre-dentro-da-normalidade-com-total-transparencia-e-democracia\/\"},\"author\":{\"name\":\"sintramem\",\"@id\":\"https:\/\/sintramem-sv.org.br\/sintramem\/#\/schema\/person\/a8decb8ea63607d1e01e046c95ddcf2b\"},\"headline\":\"Elei\u00e7\u00e3o do SINTRAMEM ocorre dentro da normalidade, com total transpar\u00eancia e democracia. Nesta quinta (23) entraremos no segundo e \u00faltimo dia de vota\u00e7\u00e3o\",\"datePublished\":\"2025-10-22T21:58:04+00:00\",\"dateModified\":\"2025-10-23T00:59:48+00:00\",\"mainEntityOfPage\":{\"@id\":\"https:\/\/sintramem-sv.org.br\/sintramem\/eleicao-do-sintramem-ocorre-dentro-da-normalidade-com-total-transparencia-e-democracia\/\"},\"wordCount\":402,\"commentCount\":0,\"publisher\":{\"@id\":\"https:\/\/sintramem-sv.org.br\/sintramem\/#organization\"},\"image\":{\"@id\":\"https:\/\/sintramem-sv.org.br\/sintramem\/eleicao-do-sintramem-ocorre-dentro-da-normalidade-com-total-transparencia-e-democracia\/#primaryimage\"},\"thumbnailUrl\":\"https:\/\/sintramem-sv.org.br\/sintramem\/wp-content\/uploads\/2000\/10\/DESTACADA.jpg\",\"articleSection\":[\"sintramem\"],\"inLanguage\":\"pt-BR\",\"potentialAction\":[{\"@type\":\"CommentAction\",\"name\":\"Comment\",\"target\":[\"https:\/\/sintramem-sv.org.br\/sintramem\/eleicao-do-sintramem-ocorre-dentro-da-normalidade-com-total-transparencia-e-democracia\/#respond\"]}]},{\"@type\":\"WebPage\",\"@id\":\"https:\/\/sintramem-sv.org.br\/sintramem\/eleicao-do-sintramem-ocorre-dentro-da-normalidade-com-total-transparencia-e-democracia\/\",\"url\":\"https:\/\/sintramem-sv.org.br\/sintramem\/eleicao-do-sintramem-ocorre-dentro-da-normalidade-com-total-transparencia-e-democracia\/\",\"name\":\"Elei\u00e7\u00e3o do SINTRAMEM ocorre dentro da normalidade, com total transpar\u00eancia e democracia. Nesta quinta (23) entraremos no segundo e \u00faltimo dia de vota\u00e7\u00e3o - SINTRAMEM\",\"isPartOf\":{\"@id\":\"https:\/\/sintramem-sv.org.br\/sintramem\/#website\"},\"primaryImageOfPage\":{\"@id\":\"https:\/\/sintramem-sv.org.br\/sintramem\/eleicao-do-sintramem-ocorre-dentro-da-normalidade-com-total-transparencia-e-democracia\/#primaryimage\"},\"image\":{\"@id\":\"https:\/\/sintramem-sv.org.br\/sintramem\/eleicao-do-sintramem-ocorre-dentro-da-normalidade-com-total-transparencia-e-democracia\/#primaryimage\"},\"thumbnailUrl\":\"https:\/\/sintramem-sv.org.br\/sintramem\/wp-content\/uploads\/2000\/10\/DESTACADA.jpg\",\"datePublished\":\"2025-10-22T21:58:04+00:00\",\"dateModified\":\"2025-10-23T00:59:48+00:00\",\"breadcrumb\":{\"@id\":\"https:\/\/sintramem-sv.org.br\/sintramem\/eleicao-do-sintramem-ocorre-dentro-da-normalidade-com-total-transparencia-e-democracia\/#breadcrumb\"},\"inLanguage\":\"pt-BR\",\"potentialAction\":[{\"@type\":\"ReadAction\",\"target\":[\"https:\/\/sintramem-sv.org.br\/sintramem\/eleicao-do-sintramem-ocorre-dentro-da-normalidade-com-total-transparencia-e-democracia\/\"]}]},{\"@type\":\"ImageObject\",\"inLanguage\":\"pt-BR\",\"@id\":\"https:\/\/sintramem-sv.org.br\/sintramem\/eleicao-do-sintramem-ocorre-dentro-da-normalidade-com-total-transparencia-e-democracia\/#primaryimage\",\"url\":\"https:\/\/sintramem-sv.org.br\/sintramem\/wp-content\/uploads\/2000\/10\/DESTACADA.jpg\",\"contentUrl\":\"https:\/\/sintramem-sv.org.br\/sintramem\/wp-content\/uploads\/2000\/10\/DESTACADA.jpg\",\"width\":2000,\"height\":1113},{\"@type\":\"BreadcrumbList\",\"@id\":\"https:\/\/sintramem-sv.org.br\/sintramem\/eleicao-do-sintramem-ocorre-dentro-da-normalidade-com-total-transparencia-e-democracia\/#breadcrumb\",\"itemListElement\":[{\"@type\":\"ListItem\",\"position\":1,\"name\":\"In\u00edcio\",\"item\":\"https:\/\/sintramem-sv.org.br\/sintramem\/\"},{\"@type\":\"ListItem\",\"position\":2,\"name\":\"Elei\u00e7\u00e3o do SINTRAMEM ocorre dentro da normalidade, com total transpar\u00eancia e democracia. Nesta quinta (23) entraremos no segundo e \u00faltimo dia de vota\u00e7\u00e3o\"}]},{\"@type\":\"WebSite\",\"@id\":\"https:\/\/sintramem-sv.org.br\/sintramem\/#website\",\"url\":\"https:\/\/sintramem-sv.org.br\/sintramem\/\",\"name\":\"SINTRAMEM\",\"description\":\"Sindicato dos Trabalhadores no Magist\u00e9rio e na Educa\u00e7\u00e3o de S\u00e3o Vicente\",\"publisher\":{\"@id\":\"https:\/\/sintramem-sv.org.br\/sintramem\/#organization\"},\"potentialAction\":[{\"@type\":\"SearchAction\",\"target\":{\"@type\":\"EntryPoint\",\"urlTemplate\":\"https:\/\/sintramem-sv.org.br\/sintramem\/?s={search_term_string}\"},\"query-input\":{\"@type\":\"PropertyValueSpecification\",\"valueRequired\":true,\"valueName\":\"search_term_string\"}}],\"inLanguage\":\"pt-BR\"},{\"@type\":\"Organization\",\"@id\":\"https:\/\/sintramem-sv.org.br\/sintramem\/#organization\",\"name\":\"SINTRAMEM\",\"url\":\"https:\/\/sintramem-sv.org.br\/sintramem\/\",\"logo\":{\"@type\":\"ImageObject\",\"inLanguage\":\"pt-BR\",\"@id\":\"https:\/\/sintramem-sv.org.br\/sintramem\/#\/schema\/logo\/image\/\",\"url\":\"https:\/\/sintramem-sv.org.br\/sintramem\/wp-content\/uploads\/2017\/02\/SINTRAMEM-LOGO-OFICIAL-300x100-jpg.jpg\",\"contentUrl\":\"https:\/\/sintramem-sv.org.br\/sintramem\/wp-content\/uploads\/2017\/02\/SINTRAMEM-LOGO-OFICIAL-300x100-jpg.jpg\",\"width\":150,\"height\":150,\"caption\":\"SINTRAMEM\"},\"image\":{\"@id\":\"https:\/\/sintramem-sv.org.br\/sintramem\/#\/schema\/logo\/image\/\"}},{\"@type\":\"Person\",\"@id\":\"https:\/\/sintramem-sv.org.br\/sintramem\/#\/schema\/person\/a8decb8ea63607d1e01e046c95ddcf2b\",\"name\":\"sintramem\",\"image\":{\"@type\":\"ImageObject\",\"inLanguage\":\"pt-BR\",\"@id\":\"https:\/\/sintramem-sv.org.br\/sintramem\/#\/schema\/person\/image\/\",\"url\":\"https:\/\/secure.gravatar.com\/avatar\/8e06da3b0d4f051010117c848b52b9280a4228043717057ccccccc8b20ff8f48?s=96&d=mm&r=g\",\"contentUrl\":\"https:\/\/secure.gravatar.com\/avatar\/8e06da3b0d4f051010117c848b52b9280a4228043717057ccccccc8b20ff8f48?s=96&d=mm&r=g\",\"caption\":\"sintramem\"},\"description\":\"Sindicato dos Trabalhadores no Magist\u00e9rio e na Educa\u00e7\u00e3o Municipal de S\u00e3o Vicente\",\"url\":\"https:\/\/sintramem-sv.org.br\/sintramem\/author\/sindsv\/\"}]}<\/script>\n<!-- \/ Yoast SEO plugin. -->","yoast_head_json":{"title":"Elei\u00e7\u00e3o do SINTRAMEM ocorre dentro da normalidade, com total transpar\u00eancia e democracia. Nesta quinta (23) entraremos no segundo e \u00faltimo dia de vota\u00e7\u00e3o - SINTRAMEM","robots":{"index":"index","follow":"follow","max-snippet":"max-snippet:-1","max-image-preview":"max-image-preview:large","max-video-preview":"max-video-preview:-1"},"canonical":"https:\/\/sintramem-sv.org.br\/sintramem\/eleicao-do-sintramem-ocorre-dentro-da-normalidade-com-total-transparencia-e-democracia\/","og_locale":"pt_BR","og_type":"article","og_title":"Elei\u00e7\u00e3o do SINTRAMEM ocorre dentro da normalidade, com total transpar\u00eancia e democracia. Nesta quinta (23) entraremos no segundo e \u00faltimo dia de vota\u00e7\u00e3o - SINTRAMEM","og_description":"O Sindicato dos Trabalhadores da Educa\u00e7\u00e3o Municipal de S\u00e3o Vicente (SINTRAMEM) realiza nestes dias 22 e 23 de outubro o processo eleitoral para a escolha da nova diretoria que conduzir\u00e1 a entidade pelos pr\u00f3ximos anos. O pleito transcorre dentro da mais absoluta normalidade, marcado pela organiza\u00e7\u00e3o, transpar\u00eancia e participa\u00e7\u00e3o democr\u00e1tica da categoria. Desde as primeiras&hellip;","og_url":"https:\/\/sintramem-sv.org.br\/sintramem\/eleicao-do-sintramem-ocorre-dentro-da-normalidade-com-total-transparencia-e-democracia\/","og_site_name":"SINTRAMEM","article_published_time":"2025-10-22T21:58:04+00:00","article_modified_time":"2025-10-23T00:59:48+00:00","og_image":[{"width":600,"height":334,"url":"https:\/\/sintramem-sv.org.br\/sintramem\/wp-content\/uploads\/2000\/10\/MENOR.jpg","type":"image\/jpeg"}],"author":"sintramem","twitter_card":"summary_large_image","twitter_misc":{"Escrito por":"sintramem","Est. tempo de leitura":"7 minutos"},"schema":{"@context":"https:\/\/schema.org","@graph":[{"@type":"Article","@id":"https:\/\/sintramem-sv.org.br\/sintramem\/eleicao-do-sintramem-ocorre-dentro-da-normalidade-com-total-transparencia-e-democracia\/#article","isPartOf":{"@id":"https:\/\/sintramem-sv.org.br\/sintramem\/eleicao-do-sintramem-ocorre-dentro-da-normalidade-com-total-transparencia-e-democracia\/"},"author":{"name":"sintramem","@id":"https:\/\/sintramem-sv.org.br\/sintramem\/#\/schema\/person\/a8decb8ea63607d1e01e046c95ddcf2b"},"headline":"Elei\u00e7\u00e3o do SINTRAMEM ocorre dentro da normalidade, com total transpar\u00eancia e democracia. Nesta quinta (23) entraremos no segundo e \u00faltimo dia de vota\u00e7\u00e3o","datePublished":"2025-10-22T21:58:04+00:00","dateModified":"2025-10-23T00:59:48+00:00","mainEntityOfPage":{"@id":"https:\/\/sintramem-sv.org.br\/sintramem\/eleicao-do-sintramem-ocorre-dentro-da-normalidade-com-total-transparencia-e-democracia\/"},"wordCount":402,"commentCount":0,"publisher":{"@id":"https:\/\/sintramem-sv.org.br\/sintramem\/#organization"},"image":{"@id":"https:\/\/sintramem-sv.org.br\/sintramem\/eleicao-do-sintramem-ocorre-dentro-da-normalidade-com-total-transparencia-e-democracia\/#primaryimage"},"thumbnailUrl":"https:\/\/sintramem-sv.org.br\/sintramem\/wp-content\/uploads\/2000\/10\/DESTACADA.jpg","articleSection":["sintramem"],"inLanguage":"pt-BR","potentialAction":[{"@type":"CommentAction","name":"Comment","target":["https:\/\/sintramem-sv.org.br\/sintramem\/eleicao-do-sintramem-ocorre-dentro-da-normalidade-com-total-transparencia-e-democracia\/#respond"]}]},{"@type":"WebPage","@id":"https:\/\/sintramem-sv.org.br\/sintramem\/eleicao-do-sintramem-ocorre-dentro-da-normalidade-com-total-transparencia-e-democracia\/","url":"https:\/\/sintramem-sv.org.br\/sintramem\/eleicao-do-sintramem-ocorre-dentro-da-normalidade-com-total-transparencia-e-democracia\/","name":"Elei\u00e7\u00e3o do SINTRAMEM ocorre dentro da normalidade, com total transpar\u00eancia e democracia. Nesta quinta (23) entraremos no segundo e \u00faltimo dia de vota\u00e7\u00e3o - SINTRAMEM","isPartOf":{"@id":"https:\/\/sintramem-sv.org.br\/sintramem\/#website"},"primaryImageOfPage":{"@id":"https:\/\/sintramem-sv.org.br\/sintramem\/eleicao-do-sintramem-ocorre-dentro-da-normalidade-com-total-transparencia-e-democracia\/#primaryimage"},"image":{"@id":"https:\/\/sintramem-sv.org.br\/sintramem\/eleicao-do-sintramem-ocorre-dentro-da-normalidade-com-total-transparencia-e-democracia\/#primaryimage"},"thumbnailUrl":"https:\/\/sintramem-sv.org.br\/sintramem\/wp-content\/uploads\/2000\/10\/DESTACADA.jpg","datePublished":"2025-10-22T21:58:04+00:00","dateModified":"2025-10-23T00:59:48+00:00","breadcrumb":{"@id":"https:\/\/sintramem-sv.org.br\/sintramem\/eleicao-do-sintramem-ocorre-dentro-da-normalidade-com-total-transparencia-e-democracia\/#breadcrumb"},"inLanguage":"pt-BR","potentialAction":[{"@type":"ReadAction","target":["https:\/\/sintramem-sv.org.br\/sintramem\/eleicao-do-sintramem-ocorre-dentro-da-normalidade-com-total-transparencia-e-democracia\/"]}]},{"@type":"ImageObject","inLanguage":"pt-BR","@id":"https:\/\/sintramem-sv.org.br\/sintramem\/eleicao-do-sintramem-ocorre-dentro-da-normalidade-com-total-transparencia-e-democracia\/#primaryimage","url":"https:\/\/sintramem-sv.org.br\/sintramem\/wp-content\/uploads\/2000\/10\/DESTACADA.jpg","contentUrl":"https:\/\/sintramem-sv.org.br\/sintramem\/wp-content\/uploads\/2000\/10\/DESTACADA.jpg","width":2000,"height":1113},{"@type":"BreadcrumbList","@id":"https:\/\/sintramem-sv.org.br\/sintramem\/eleicao-do-sintramem-ocorre-dentro-da-normalidade-com-total-transparencia-e-democracia\/#breadcrumb","itemListElement":[{"@type":"ListItem","position":1,"name":"In\u00edcio","item":"https:\/\/sintramem-sv.org.br\/sintramem\/"},{"@type":"ListItem","position":2,"name":"Elei\u00e7\u00e3o do SINTRAMEM ocorre dentro da normalidade, com total transpar\u00eancia e democracia. Nesta quinta (23) entraremos no segundo e \u00faltimo dia de vota\u00e7\u00e3o"}]},{"@type":"WebSite","@id":"https:\/\/sintramem-sv.org.br\/sintramem\/#website","url":"https:\/\/sintramem-sv.org.br\/sintramem\/","name":"SINTRAMEM","description":"Sindicato dos Trabalhadores no Magist\u00e9rio e na Educa\u00e7\u00e3o de S\u00e3o Vicente","publisher":{"@id":"https:\/\/sintramem-sv.org.br\/sintramem\/#organization"},"potentialAction":[{"@type":"SearchAction","target":{"@type":"EntryPoint","urlTemplate":"https:\/\/sintramem-sv.org.br\/sintramem\/?s={search_term_string}"},"query-input":{"@type":"PropertyValueSpecification","valueRequired":true,"valueName":"search_term_string"}}],"inLanguage":"pt-BR"},{"@type":"Organization","@id":"https:\/\/sintramem-sv.org.br\/sintramem\/#organization","name":"SINTRAMEM","url":"https:\/\/sintramem-sv.org.br\/sintramem\/","logo":{"@type":"ImageObject","inLanguage":"pt-BR","@id":"https:\/\/sintramem-sv.org.br\/sintramem\/#\/schema\/logo\/image\/","url":"https:\/\/sintramem-sv.org.br\/sintramem\/wp-content\/uploads\/2017\/02\/SINTRAMEM-LOGO-OFICIAL-300x100-jpg.jpg","contentUrl":"https:\/\/sintramem-sv.org.br\/sintramem\/wp-content\/uploads\/2017\/02\/SINTRAMEM-LOGO-OFICIAL-300x100-jpg.jpg","width":150,"height":150,"caption":"SINTRAMEM"},"image":{"@id":"https:\/\/sintramem-sv.org.br\/sintramem\/#\/schema\/logo\/image\/"}},{"@type":"Person","@id":"https:\/\/sintramem-sv.org.br\/sintramem\/#\/schema\/person\/a8decb8ea63607d1e01e046c95ddcf2b","name":"sintramem","image":{"@type":"ImageObject","inLanguage":"pt-BR","@id":"https:\/\/sintramem-sv.org.br\/sintramem\/#\/schema\/person\/image\/","url":"https:\/\/secure.gravatar.com\/avatar\/8e06da3b0d4f051010117c848b52b9280a4228043717057ccccccc8b20ff8f48?s=96&d=mm&r=g","contentUrl":"https:\/\/secure.gravatar.com\/avatar\/8e06da3b0d4f051010117c848b52b9280a4228043717057ccccccc8b20ff8f48?s=96&d=mm&r=g","caption":"sintramem"},"description":"Sindicato dos Trabalhadores no Magist\u00e9rio e na Educa\u00e7\u00e3o Municipal de S\u00e3o Vicente","url":"https:\/\/sintramem-sv.org.br\/sintramem\/author\/sindsv\/"}]}},"_links":{"self":[{"href":"https:\/\/sintramem-sv.org.br\/sintramem\/wp-json\/wp\/v2\/posts\/8815","targetHints":{"allow":["GET"]}}],"collection":[{"href":"https:\/\/sintramem-sv.org.br\/sintramem\/wp-json\/wp\/v2\/posts"}],"about":[{"href":"https:\/\/sintramem-sv.org.br\/sintramem\/wp-json\/wp\/v2\/types\/post"}],"author":[{"embeddable":true,"href":"https:\/\/sintramem-sv.org.br\/sintramem\/wp-json\/wp\/v2\/users\/1"}],"replies":[{"embeddable":true,"href":"https:\/\/sintramem-sv.org.br\/sintramem\/wp-json\/wp\/v2\/comments?post=8815"}],"version-history":[{"count":11,"href":"https:\/\/sintramem-sv.org.br\/sintramem\/wp-json\/wp\/v2\/posts\/8815\/revisions"}],"predecessor-version":[{"id":8863,"href":"https:\/\/sintramem-sv.org.br\/sintramem\/wp-json\/wp\/v2\/posts\/8815\/revisions\/8863"}],"wp:featuredmedia":[{"embeddable":true,"href":"https:\/\/sintramem-sv.org.br\/sintramem\/wp-json\/wp\/v2\/media\/8823"}],"wp:attachment":[{"href":"https:\/\/sintramem-sv.org.br\/sintramem\/wp-json\/wp\/v2\/media?parent=8815"}],"wp:term":[{"taxonomy":"category","embeddable":true,"href":"https:\/\/sintramem-sv.org.br\/sintramem\/wp-json\/wp\/v2\/categories?post=8815"},{"taxonomy":"post_tag","embeddable":true,"href":"https:\/\/sintramem-sv.org.br\/sintramem\/wp-json\/wp\/v2\/tags?post=8815"}],"curies":[{"name":"wp","href":"https:\/\/api.w.org\/{rel}","templated":true}]}}