{"id":8789,"date":"2025-10-13T18:23:44","date_gmt":"2025-10-13T18:23:44","guid":{"rendered":"https:\/\/sintramem-sv.org.br\/sintramem\/?p=8789"},"modified":"2025-10-13T21:01:44","modified_gmt":"2025-10-13T21:01:44","slug":"eleicoes-sindicais-do-sintramem-conheca-os-integrantes-das-chapas-inscritas-no-pleito-que-ocorrera-nos-dias-22-e-23-de-outubro","status":"publish","type":"post","link":"https:\/\/sintramem-sv.org.br\/sintramem\/eleicoes-sindicais-do-sintramem-conheca-os-integrantes-das-chapas-inscritas-no-pleito-que-ocorrera-nos-dias-22-e-23-de-outubro\/","title":{"rendered":"Elei\u00e7\u00f5es Sindicais do SINTRAMEM | Conhe\u00e7a os integrantes das chapas inscritas no pleito que ocorrer\u00e1 nos dias 22 e 23 de outubro"},"content":{"rendered":"<p><span style=\"font-size: 14pt;\">O SINTRAMEM informa que todo o processo eleitoral est\u00e1 sendo conduzido em estrita observ\u00e2ncia ao Estatuto Social da entidade. Foram cumpridos todos os ritos estatut\u00e1rios, com ampla publicidade dos editais em <a href=\"https:\/\/sintramem-sv.org.br\/sintramem\/wp-content\/uploads\/2025\/10\/SP-A-Tribuna-de-Santos-051025.pdf\" target=\"_blank\" rel=\"noopener\"><strong>jornal<\/strong><\/a>, <strong><a href=\"https:\/\/sintramem-sv.org.br\/sintramem\/sintramem-convoca-eleicao-sindical-2025-prazo-de-inscricoes-de-chapa-sera-nos-dias-6-7-e-8-de-outubro-participe\/\" target=\"_blank\" rel=\"noopener\">site<\/a><\/strong> e <a href=\"https:\/\/www.instagram.com\/p\/DPcOghnDh2E\/?img_index=1\" target=\"_blank\" rel=\"noopener\"><strong>redes sociais<\/strong><\/a>, garantindo o direito de participa\u00e7\u00e3o de todos os Servidores sindicalizados ao Sindicato.<\/span><\/p>\n<p><span style=\"font-size: 14pt;\">Passado o prazo legal para impugna\u00e7\u00f5es, n\u00e3o houve apresenta\u00e7\u00e3o de questionamentos ou recursos. <\/span><span style=\"font-size: 14pt;\">Assim, teremos duas chapas na disputa &#8211; <strong>A CHAPA 1 &#8211; &#8220;AGE&#8221;<\/strong> e a <strong>CHAPA 2 &#8211; &#8220;EDUCA\u00c7\u00c3O NA LUTA&#8221;<\/strong>. <\/span><span style=\"font-size: 14pt;\">Ambas est\u00e3o inscritas para concorrer \u00e0 elei\u00e7\u00e3o sindical que acontecer\u00e1 nos dias 22 e 23 de outubro de 2025.<\/span><\/p>\n<p><span style=\"font-size: 18pt; color: #ffffff; background-color: #ff0000;\"><strong>ABAIXO VOC\u00ca CONFERE TODOS OS COMPONENTES DE CADA CHAPA<\/strong><\/span><\/p>\n<p><a href=\"https:\/\/sintramem-sv.org.br\/sintramem\/wp-content\/uploads\/2025\/10\/CHAPA-1-COMPONENTES.pdf\" target=\"_blank\" rel=\"noopener\"><img loading=\"lazy\" decoding=\"async\" class=\"aligncenter wp-image-8796 size-full\" src=\"https:\/\/sintramem-sv.org.br\/sintramem\/wp-content\/uploads\/2000\/10\/CHAPA-1-COMPONENTES.png\" alt=\"\" width=\"1080\" height=\"1350\" srcset=\"https:\/\/sintramem-sv.org.br\/sintramem\/wp-content\/uploads\/2000\/10\/CHAPA-1-COMPONENTES.png 1080w, https:\/\/sintramem-sv.org.br\/sintramem\/wp-content\/uploads\/2000\/10\/CHAPA-1-COMPONENTES-240x300.png 240w, https:\/\/sintramem-sv.org.br\/sintramem\/wp-content\/uploads\/2000\/10\/CHAPA-1-COMPONENTES-819x1024.png 819w\" sizes=\"auto, (max-width: 1080px) 100vw, 1080px\" \/><\/a><\/p>\n<p><a href=\"https:\/\/sintramem-sv.org.br\/sintramem\/wp-content\/uploads\/2025\/10\/CHAPA-2-COMPONENTES.pdf\" target=\"_blank\" rel=\"noopener\"><img loading=\"lazy\" decoding=\"async\" class=\"aligncenter wp-image-8798 size-full\" src=\"https:\/\/sintramem-sv.org.br\/sintramem\/wp-content\/uploads\/2000\/10\/CHAPA-2-COMPONENTES-OFICIO.png\" alt=\"\" width=\"1080\" height=\"1350\" srcset=\"https:\/\/sintramem-sv.org.br\/sintramem\/wp-content\/uploads\/2000\/10\/CHAPA-2-COMPONENTES-OFICIO.png 1080w, https:\/\/sintramem-sv.org.br\/sintramem\/wp-content\/uploads\/2000\/10\/CHAPA-2-COMPONENTES-OFICIO-240x300.png 240w, https:\/\/sintramem-sv.org.br\/sintramem\/wp-content\/uploads\/2000\/10\/CHAPA-2-COMPONENTES-OFICIO-819x1024.png 819w\" sizes=\"auto, (max-width: 1080px) 100vw, 1080px\" \/><\/a><\/p>\n<p><strong><span style=\"font-size: 18pt; color: #ffffff; background-color: #ff0000;\">&#x27a1;&#xfe0f; IMPORT\u00c2NCIA DO PROCESSO<\/span><\/strong><\/p>\n<p><span style=\"font-size: 14pt;\">As elei\u00e7\u00f5es sindicais s\u00e3o um momento democr\u00e1tico fundamental, no qual os Servidores podem exercer seu direito de escolha e fortalecer a representa\u00e7\u00e3o da categoria. A Comiss\u00e3o Eleitoral refor\u00e7a que todo o processo est\u00e1 sendo conduzido com transpar\u00eancia, legalidade e ampla participa\u00e7\u00e3o, reafirmando o compromisso do SINTRAMEM com a democracia sindical.<\/span><\/p>\n<p><strong><span style=\"font-size: 18pt;\">TUDO DISPON\u00cdVEL NO PAINEL DE AVISOS DO SINDICATO:<\/span><\/strong><\/p>\n<p><img loading=\"lazy\" decoding=\"async\" class=\"aligncenter size-large wp-image-8802\" src=\"https:\/\/sintramem-sv.org.br\/sintramem\/wp-content\/uploads\/2000\/10\/1-576x1024.jpg\" alt=\"\" width=\"576\" height=\"1024\" srcset=\"https:\/\/sintramem-sv.org.br\/sintramem\/wp-content\/uploads\/2000\/10\/1-576x1024.jpg 576w, https:\/\/sintramem-sv.org.br\/sintramem\/wp-content\/uploads\/2000\/10\/1-169x300.jpg 169w, https:\/\/sintramem-sv.org.br\/sintramem\/wp-content\/uploads\/2000\/10\/1-768x1366.jpg 768w, https:\/\/sintramem-sv.org.br\/sintramem\/wp-content\/uploads\/2000\/10\/1-864x1536.jpg 864w, https:\/\/sintramem-sv.org.br\/sintramem\/wp-content\/uploads\/2000\/10\/1.jpg 899w\" sizes=\"auto, (max-width: 576px) 100vw, 576px\" \/><\/p>\n<p><img loading=\"lazy\" decoding=\"async\" class=\"aligncenter size-large wp-image-8801\" src=\"https:\/\/sintramem-sv.org.br\/sintramem\/wp-content\/uploads\/2000\/10\/2-576x1024.jpg\" alt=\"\" width=\"576\" height=\"1024\" srcset=\"https:\/\/sintramem-sv.org.br\/sintramem\/wp-content\/uploads\/2000\/10\/2-576x1024.jpg 576w, https:\/\/sintramem-sv.org.br\/sintramem\/wp-content\/uploads\/2000\/10\/2-169x300.jpg 169w, https:\/\/sintramem-sv.org.br\/sintramem\/wp-content\/uploads\/2000\/10\/2-768x1366.jpg 768w, https:\/\/sintramem-sv.org.br\/sintramem\/wp-content\/uploads\/2000\/10\/2-864x1536.jpg 864w, https:\/\/sintramem-sv.org.br\/sintramem\/wp-content\/uploads\/2000\/10\/2.jpg 899w\" sizes=\"auto, (max-width: 576px) 100vw, 576px\" \/><\/p>\n<p><img loading=\"lazy\" decoding=\"async\" class=\"aligncenter size-large wp-image-8803\" src=\"https:\/\/sintramem-sv.org.br\/sintramem\/wp-content\/uploads\/2000\/10\/3-576x1024.jpg\" alt=\"\" width=\"576\" height=\"1024\" srcset=\"https:\/\/sintramem-sv.org.br\/sintramem\/wp-content\/uploads\/2000\/10\/3-576x1024.jpg 576w, https:\/\/sintramem-sv.org.br\/sintramem\/wp-content\/uploads\/2000\/10\/3-169x300.jpg 169w, https:\/\/sintramem-sv.org.br\/sintramem\/wp-content\/uploads\/2000\/10\/3-768x1366.jpg 768w, https:\/\/sintramem-sv.org.br\/sintramem\/wp-content\/uploads\/2000\/10\/3-864x1536.jpg 864w, https:\/\/sintramem-sv.org.br\/sintramem\/wp-content\/uploads\/2000\/10\/3.jpg 899w\" sizes=\"auto, (max-width: 576px) 100vw, 576px\" \/><\/p>\n<p><img loading=\"lazy\" decoding=\"async\" class=\"aligncenter size-full wp-image-8805\" src=\"https:\/\/sintramem-sv.org.br\/sintramem\/wp-content\/uploads\/2000\/10\/Arte-eleicoes-sindicais-2025-SINTRAMEM.png\" alt=\"\" width=\"1080\" height=\"1350\" srcset=\"https:\/\/sintramem-sv.org.br\/sintramem\/wp-content\/uploads\/2000\/10\/Arte-eleicoes-sindicais-2025-SINTRAMEM.png 1080w, https:\/\/sintramem-sv.org.br\/sintramem\/wp-content\/uploads\/2000\/10\/Arte-eleicoes-sindicais-2025-SINTRAMEM-240x300.png 240w, https:\/\/sintramem-sv.org.br\/sintramem\/wp-content\/uploads\/2000\/10\/Arte-eleicoes-sindicais-2025-SINTRAMEM-819x1024.png 819w, https:\/\/sintramem-sv.org.br\/sintramem\/wp-content\/uploads\/2000\/10\/Arte-eleicoes-sindicais-2025-SINTRAMEM-768x960.png 768w\" sizes=\"auto, (max-width: 1080px) 100vw, 1080px\" \/><\/p>\n","protected":false},"excerpt":{"rendered":"<p>O SINTRAMEM informa que todo o processo eleitoral est\u00e1 sendo conduzido em estrita observ\u00e2ncia ao Estatuto Social da entidade. Foram cumpridos todos os ritos estatut\u00e1rios, com ampla publicidade dos editais em jornal, site e redes sociais, garantindo o direito de participa\u00e7\u00e3o de todos os Servidores sindicalizados ao Sindicato. Passado o prazo legal para impugna\u00e7\u00f5es, n\u00e3o&hellip;<\/p>\n","protected":false},"author":1,"featured_media":8807,"comment_status":"open","ping_status":"closed","sticky":false,"template":"","format":"standard","meta":{"_monsterinsights_skip_tracking":false,"_monsterinsights_sitenote_active":false,"_monsterinsights_sitenote_note":"","_monsterinsights_sitenote_category":0,"footnotes":""},"categories":[19],"tags":[],"class_list":["post-8789","post","type-post","status-publish","format-standard","has-post-thumbnail","hentry","category-sintramem"],"yoast_head":"<!-- This site is optimized with the Yoast SEO plugin v27.0 - https:\/\/yoast.com\/product\/yoast-seo-wordpress\/ -->\n<title>Elei\u00e7\u00f5es Sindicais do SINTRAMEM | Conhe\u00e7a os integrantes das chapas inscritas no pleito que ocorrer\u00e1 nos dias 22 e 23 de outubro - SINTRAMEM<\/title>\n<meta name=\"robots\" content=\"index, follow, max-snippet:-1, max-image-preview:large, max-video-preview:-1\" \/>\n<link rel=\"canonical\" href=\"https:\/\/sintramem-sv.org.br\/sintramem\/eleicoes-sindicais-do-sintramem-conheca-os-integrantes-das-chapas-inscritas-no-pleito-que-ocorrera-nos-dias-22-e-23-de-outubro\/\" \/>\n<meta property=\"og:locale\" content=\"pt_BR\" \/>\n<meta property=\"og:type\" content=\"article\" \/>\n<meta property=\"og:title\" content=\"Elei\u00e7\u00f5es Sindicais do SINTRAMEM | Conhe\u00e7a os integrantes das chapas inscritas no pleito que ocorrer\u00e1 nos dias 22 e 23 de outubro - SINTRAMEM\" \/>\n<meta property=\"og:description\" content=\"O SINTRAMEM informa que todo o processo eleitoral est\u00e1 sendo conduzido em estrita observ\u00e2ncia ao Estatuto Social da entidade. Foram cumpridos todos os ritos estatut\u00e1rios, com ampla publicidade dos editais em jornal, site e redes sociais, garantindo o direito de participa\u00e7\u00e3o de todos os Servidores sindicalizados ao Sindicato. Passado o prazo legal para impugna\u00e7\u00f5es, n\u00e3o&hellip;\" \/>\n<meta property=\"og:url\" content=\"https:\/\/sintramem-sv.org.br\/sintramem\/eleicoes-sindicais-do-sintramem-conheca-os-integrantes-das-chapas-inscritas-no-pleito-que-ocorrera-nos-dias-22-e-23-de-outubro\/\" \/>\n<meta property=\"og:site_name\" content=\"SINTRAMEM\" \/>\n<meta property=\"article:published_time\" content=\"2025-10-13T18:23:44+00:00\" \/>\n<meta property=\"article:modified_time\" content=\"2025-10-13T21:01:44+00:00\" \/>\n<meta property=\"og:image\" content=\"https:\/\/sintramem-sv.org.br\/sintramem\/wp-content\/uploads\/2000\/10\/menor.png\" \/>\n\t<meta property=\"og:image:width\" content=\"600\" \/>\n\t<meta property=\"og:image:height\" content=\"334\" \/>\n\t<meta property=\"og:image:type\" content=\"image\/png\" \/>\n<meta name=\"author\" content=\"sintramem\" \/>\n<meta name=\"twitter:card\" content=\"summary_large_image\" \/>\n<meta name=\"twitter:label1\" content=\"Escrito por\" \/>\n\t<meta name=\"twitter:data1\" content=\"sintramem\" \/>\n\t<meta name=\"twitter:label2\" content=\"Est. tempo de leitura\" \/>\n\t<meta name=\"twitter:data2\" content=\"3 minutos\" \/>\n<script type=\"application\/ld+json\" class=\"yoast-schema-graph\">{\"@context\":\"https:\/\/schema.org\",\"@graph\":[{\"@type\":\"Article\",\"@id\":\"https:\/\/sintramem-sv.org.br\/sintramem\/eleicoes-sindicais-do-sintramem-conheca-os-integrantes-das-chapas-inscritas-no-pleito-que-ocorrera-nos-dias-22-e-23-de-outubro\/#article\",\"isPartOf\":{\"@id\":\"https:\/\/sintramem-sv.org.br\/sintramem\/eleicoes-sindicais-do-sintramem-conheca-os-integrantes-das-chapas-inscritas-no-pleito-que-ocorrera-nos-dias-22-e-23-de-outubro\/\"},\"author\":{\"name\":\"sintramem\",\"@id\":\"https:\/\/sintramem-sv.org.br\/sintramem\/#\/schema\/person\/a8decb8ea63607d1e01e046c95ddcf2b\"},\"headline\":\"Elei\u00e7\u00f5es Sindicais do SINTRAMEM | Conhe\u00e7a os integrantes das chapas inscritas no pleito que ocorrer\u00e1 nos dias 22 e 23 de outubro\",\"datePublished\":\"2025-10-13T18:23:44+00:00\",\"dateModified\":\"2025-10-13T21:01:44+00:00\",\"mainEntityOfPage\":{\"@id\":\"https:\/\/sintramem-sv.org.br\/sintramem\/eleicoes-sindicais-do-sintramem-conheca-os-integrantes-das-chapas-inscritas-no-pleito-que-ocorrera-nos-dias-22-e-23-de-outubro\/\"},\"wordCount\":208,\"commentCount\":0,\"publisher\":{\"@id\":\"https:\/\/sintramem-sv.org.br\/sintramem\/#organization\"},\"image\":{\"@id\":\"https:\/\/sintramem-sv.org.br\/sintramem\/eleicoes-sindicais-do-sintramem-conheca-os-integrantes-das-chapas-inscritas-no-pleito-que-ocorrera-nos-dias-22-e-23-de-outubro\/#primaryimage\"},\"thumbnailUrl\":\"https:\/\/sintramem-sv.org.br\/sintramem\/wp-content\/uploads\/2000\/10\/Destacada-eleicoes-sindicais-2025-SINTRAMEM.png\",\"articleSection\":[\"Sintramem\"],\"inLanguage\":\"pt-BR\",\"potentialAction\":[{\"@type\":\"CommentAction\",\"name\":\"Comment\",\"target\":[\"https:\/\/sintramem-sv.org.br\/sintramem\/eleicoes-sindicais-do-sintramem-conheca-os-integrantes-das-chapas-inscritas-no-pleito-que-ocorrera-nos-dias-22-e-23-de-outubro\/#respond\"]}]},{\"@type\":\"WebPage\",\"@id\":\"https:\/\/sintramem-sv.org.br\/sintramem\/eleicoes-sindicais-do-sintramem-conheca-os-integrantes-das-chapas-inscritas-no-pleito-que-ocorrera-nos-dias-22-e-23-de-outubro\/\",\"url\":\"https:\/\/sintramem-sv.org.br\/sintramem\/eleicoes-sindicais-do-sintramem-conheca-os-integrantes-das-chapas-inscritas-no-pleito-que-ocorrera-nos-dias-22-e-23-de-outubro\/\",\"name\":\"Elei\u00e7\u00f5es Sindicais do SINTRAMEM | Conhe\u00e7a os integrantes das chapas inscritas no pleito que ocorrer\u00e1 nos dias 22 e 23 de outubro - SINTRAMEM\",\"isPartOf\":{\"@id\":\"https:\/\/sintramem-sv.org.br\/sintramem\/#website\"},\"primaryImageOfPage\":{\"@id\":\"https:\/\/sintramem-sv.org.br\/sintramem\/eleicoes-sindicais-do-sintramem-conheca-os-integrantes-das-chapas-inscritas-no-pleito-que-ocorrera-nos-dias-22-e-23-de-outubro\/#primaryimage\"},\"image\":{\"@id\":\"https:\/\/sintramem-sv.org.br\/sintramem\/eleicoes-sindicais-do-sintramem-conheca-os-integrantes-das-chapas-inscritas-no-pleito-que-ocorrera-nos-dias-22-e-23-de-outubro\/#primaryimage\"},\"thumbnailUrl\":\"https:\/\/sintramem-sv.org.br\/sintramem\/wp-content\/uploads\/2000\/10\/Destacada-eleicoes-sindicais-2025-SINTRAMEM.png\",\"datePublished\":\"2025-10-13T18:23:44+00:00\",\"dateModified\":\"2025-10-13T21:01:44+00:00\",\"breadcrumb\":{\"@id\":\"https:\/\/sintramem-sv.org.br\/sintramem\/eleicoes-sindicais-do-sintramem-conheca-os-integrantes-das-chapas-inscritas-no-pleito-que-ocorrera-nos-dias-22-e-23-de-outubro\/#breadcrumb\"},\"inLanguage\":\"pt-BR\",\"potentialAction\":[{\"@type\":\"ReadAction\",\"target\":[\"https:\/\/sintramem-sv.org.br\/sintramem\/eleicoes-sindicais-do-sintramem-conheca-os-integrantes-das-chapas-inscritas-no-pleito-que-ocorrera-nos-dias-22-e-23-de-outubro\/\"]}]},{\"@type\":\"ImageObject\",\"inLanguage\":\"pt-BR\",\"@id\":\"https:\/\/sintramem-sv.org.br\/sintramem\/eleicoes-sindicais-do-sintramem-conheca-os-integrantes-das-chapas-inscritas-no-pleito-que-ocorrera-nos-dias-22-e-23-de-outubro\/#primaryimage\",\"url\":\"https:\/\/sintramem-sv.org.br\/sintramem\/wp-content\/uploads\/2000\/10\/Destacada-eleicoes-sindicais-2025-SINTRAMEM.png\",\"contentUrl\":\"https:\/\/sintramem-sv.org.br\/sintramem\/wp-content\/uploads\/2000\/10\/Destacada-eleicoes-sindicais-2025-SINTRAMEM.png\",\"width\":1294,\"height\":720},{\"@type\":\"BreadcrumbList\",\"@id\":\"https:\/\/sintramem-sv.org.br\/sintramem\/eleicoes-sindicais-do-sintramem-conheca-os-integrantes-das-chapas-inscritas-no-pleito-que-ocorrera-nos-dias-22-e-23-de-outubro\/#breadcrumb\",\"itemListElement\":[{\"@type\":\"ListItem\",\"position\":1,\"name\":\"In\u00edcio\",\"item\":\"https:\/\/sintramem-sv.org.br\/sintramem\/\"},{\"@type\":\"ListItem\",\"position\":2,\"name\":\"Elei\u00e7\u00f5es Sindicais do SINTRAMEM | Conhe\u00e7a os integrantes das chapas inscritas no pleito que ocorrer\u00e1 nos dias 22 e 23 de outubro\"}]},{\"@type\":\"WebSite\",\"@id\":\"https:\/\/sintramem-sv.org.br\/sintramem\/#website\",\"url\":\"https:\/\/sintramem-sv.org.br\/sintramem\/\",\"name\":\"SINTRAMEM\",\"description\":\"Sindicato dos Trabalhadores no Magist\u00e9rio e na Educa\u00e7\u00e3o de S\u00e3o Vicente\",\"publisher\":{\"@id\":\"https:\/\/sintramem-sv.org.br\/sintramem\/#organization\"},\"potentialAction\":[{\"@type\":\"SearchAction\",\"target\":{\"@type\":\"EntryPoint\",\"urlTemplate\":\"https:\/\/sintramem-sv.org.br\/sintramem\/?s={search_term_string}\"},\"query-input\":{\"@type\":\"PropertyValueSpecification\",\"valueRequired\":true,\"valueName\":\"search_term_string\"}}],\"inLanguage\":\"pt-BR\"},{\"@type\":\"Organization\",\"@id\":\"https:\/\/sintramem-sv.org.br\/sintramem\/#organization\",\"name\":\"SINTRAMEM\",\"url\":\"https:\/\/sintramem-sv.org.br\/sintramem\/\",\"logo\":{\"@type\":\"ImageObject\",\"inLanguage\":\"pt-BR\",\"@id\":\"https:\/\/sintramem-sv.org.br\/sintramem\/#\/schema\/logo\/image\/\",\"url\":\"https:\/\/sintramem-sv.org.br\/sintramem\/wp-content\/uploads\/2017\/02\/SINTRAMEM-LOGO-OFICIAL-300x100-jpg.jpg\",\"contentUrl\":\"https:\/\/sintramem-sv.org.br\/sintramem\/wp-content\/uploads\/2017\/02\/SINTRAMEM-LOGO-OFICIAL-300x100-jpg.jpg\",\"width\":150,\"height\":150,\"caption\":\"SINTRAMEM\"},\"image\":{\"@id\":\"https:\/\/sintramem-sv.org.br\/sintramem\/#\/schema\/logo\/image\/\"}},{\"@type\":\"Person\",\"@id\":\"https:\/\/sintramem-sv.org.br\/sintramem\/#\/schema\/person\/a8decb8ea63607d1e01e046c95ddcf2b\",\"name\":\"sintramem\",\"image\":{\"@type\":\"ImageObject\",\"inLanguage\":\"pt-BR\",\"@id\":\"https:\/\/sintramem-sv.org.br\/sintramem\/#\/schema\/person\/image\/\",\"url\":\"https:\/\/secure.gravatar.com\/avatar\/8e06da3b0d4f051010117c848b52b9280a4228043717057ccccccc8b20ff8f48?s=96&d=mm&r=g\",\"contentUrl\":\"https:\/\/secure.gravatar.com\/avatar\/8e06da3b0d4f051010117c848b52b9280a4228043717057ccccccc8b20ff8f48?s=96&d=mm&r=g\",\"caption\":\"sintramem\"},\"description\":\"Sindicato dos Trabalhadores no Magist\u00e9rio e na Educa\u00e7\u00e3o Municipal de S\u00e3o Vicente\",\"url\":\"https:\/\/sintramem-sv.org.br\/sintramem\/author\/sindsv\/\"}]}<\/script>\n<!-- \/ Yoast SEO plugin. -->","yoast_head_json":{"title":"Elei\u00e7\u00f5es Sindicais do SINTRAMEM | Conhe\u00e7a os integrantes das chapas inscritas no pleito que ocorrer\u00e1 nos dias 22 e 23 de outubro - SINTRAMEM","robots":{"index":"index","follow":"follow","max-snippet":"max-snippet:-1","max-image-preview":"max-image-preview:large","max-video-preview":"max-video-preview:-1"},"canonical":"https:\/\/sintramem-sv.org.br\/sintramem\/eleicoes-sindicais-do-sintramem-conheca-os-integrantes-das-chapas-inscritas-no-pleito-que-ocorrera-nos-dias-22-e-23-de-outubro\/","og_locale":"pt_BR","og_type":"article","og_title":"Elei\u00e7\u00f5es Sindicais do SINTRAMEM | Conhe\u00e7a os integrantes das chapas inscritas no pleito que ocorrer\u00e1 nos dias 22 e 23 de outubro - SINTRAMEM","og_description":"O SINTRAMEM informa que todo o processo eleitoral est\u00e1 sendo conduzido em estrita observ\u00e2ncia ao Estatuto Social da entidade. Foram cumpridos todos os ritos estatut\u00e1rios, com ampla publicidade dos editais em jornal, site e redes sociais, garantindo o direito de participa\u00e7\u00e3o de todos os Servidores sindicalizados ao Sindicato. Passado o prazo legal para impugna\u00e7\u00f5es, n\u00e3o&hellip;","og_url":"https:\/\/sintramem-sv.org.br\/sintramem\/eleicoes-sindicais-do-sintramem-conheca-os-integrantes-das-chapas-inscritas-no-pleito-que-ocorrera-nos-dias-22-e-23-de-outubro\/","og_site_name":"SINTRAMEM","article_published_time":"2025-10-13T18:23:44+00:00","article_modified_time":"2025-10-13T21:01:44+00:00","og_image":[{"width":600,"height":334,"url":"https:\/\/sintramem-sv.org.br\/sintramem\/wp-content\/uploads\/2000\/10\/menor.png","type":"image\/png"}],"author":"sintramem","twitter_card":"summary_large_image","twitter_misc":{"Escrito por":"sintramem","Est. tempo de leitura":"3 minutos"},"schema":{"@context":"https:\/\/schema.org","@graph":[{"@type":"Article","@id":"https:\/\/sintramem-sv.org.br\/sintramem\/eleicoes-sindicais-do-sintramem-conheca-os-integrantes-das-chapas-inscritas-no-pleito-que-ocorrera-nos-dias-22-e-23-de-outubro\/#article","isPartOf":{"@id":"https:\/\/sintramem-sv.org.br\/sintramem\/eleicoes-sindicais-do-sintramem-conheca-os-integrantes-das-chapas-inscritas-no-pleito-que-ocorrera-nos-dias-22-e-23-de-outubro\/"},"author":{"name":"sintramem","@id":"https:\/\/sintramem-sv.org.br\/sintramem\/#\/schema\/person\/a8decb8ea63607d1e01e046c95ddcf2b"},"headline":"Elei\u00e7\u00f5es Sindicais do SINTRAMEM | Conhe\u00e7a os integrantes das chapas inscritas no pleito que ocorrer\u00e1 nos dias 22 e 23 de outubro","datePublished":"2025-10-13T18:23:44+00:00","dateModified":"2025-10-13T21:01:44+00:00","mainEntityOfPage":{"@id":"https:\/\/sintramem-sv.org.br\/sintramem\/eleicoes-sindicais-do-sintramem-conheca-os-integrantes-das-chapas-inscritas-no-pleito-que-ocorrera-nos-dias-22-e-23-de-outubro\/"},"wordCount":208,"commentCount":0,"publisher":{"@id":"https:\/\/sintramem-sv.org.br\/sintramem\/#organization"},"image":{"@id":"https:\/\/sintramem-sv.org.br\/sintramem\/eleicoes-sindicais-do-sintramem-conheca-os-integrantes-das-chapas-inscritas-no-pleito-que-ocorrera-nos-dias-22-e-23-de-outubro\/#primaryimage"},"thumbnailUrl":"https:\/\/sintramem-sv.org.br\/sintramem\/wp-content\/uploads\/2000\/10\/Destacada-eleicoes-sindicais-2025-SINTRAMEM.png","articleSection":["Sintramem"],"inLanguage":"pt-BR","potentialAction":[{"@type":"CommentAction","name":"Comment","target":["https:\/\/sintramem-sv.org.br\/sintramem\/eleicoes-sindicais-do-sintramem-conheca-os-integrantes-das-chapas-inscritas-no-pleito-que-ocorrera-nos-dias-22-e-23-de-outubro\/#respond"]}]},{"@type":"WebPage","@id":"https:\/\/sintramem-sv.org.br\/sintramem\/eleicoes-sindicais-do-sintramem-conheca-os-integrantes-das-chapas-inscritas-no-pleito-que-ocorrera-nos-dias-22-e-23-de-outubro\/","url":"https:\/\/sintramem-sv.org.br\/sintramem\/eleicoes-sindicais-do-sintramem-conheca-os-integrantes-das-chapas-inscritas-no-pleito-que-ocorrera-nos-dias-22-e-23-de-outubro\/","name":"Elei\u00e7\u00f5es Sindicais do SINTRAMEM | Conhe\u00e7a os integrantes das chapas inscritas no pleito que ocorrer\u00e1 nos dias 22 e 23 de outubro - SINTRAMEM","isPartOf":{"@id":"https:\/\/sintramem-sv.org.br\/sintramem\/#website"},"primaryImageOfPage":{"@id":"https:\/\/sintramem-sv.org.br\/sintramem\/eleicoes-sindicais-do-sintramem-conheca-os-integrantes-das-chapas-inscritas-no-pleito-que-ocorrera-nos-dias-22-e-23-de-outubro\/#primaryimage"},"image":{"@id":"https:\/\/sintramem-sv.org.br\/sintramem\/eleicoes-sindicais-do-sintramem-conheca-os-integrantes-das-chapas-inscritas-no-pleito-que-ocorrera-nos-dias-22-e-23-de-outubro\/#primaryimage"},"thumbnailUrl":"https:\/\/sintramem-sv.org.br\/sintramem\/wp-content\/uploads\/2000\/10\/Destacada-eleicoes-sindicais-2025-SINTRAMEM.png","datePublished":"2025-10-13T18:23:44+00:00","dateModified":"2025-10-13T21:01:44+00:00","breadcrumb":{"@id":"https:\/\/sintramem-sv.org.br\/sintramem\/eleicoes-sindicais-do-sintramem-conheca-os-integrantes-das-chapas-inscritas-no-pleito-que-ocorrera-nos-dias-22-e-23-de-outubro\/#breadcrumb"},"inLanguage":"pt-BR","potentialAction":[{"@type":"ReadAction","target":["https:\/\/sintramem-sv.org.br\/sintramem\/eleicoes-sindicais-do-sintramem-conheca-os-integrantes-das-chapas-inscritas-no-pleito-que-ocorrera-nos-dias-22-e-23-de-outubro\/"]}]},{"@type":"ImageObject","inLanguage":"pt-BR","@id":"https:\/\/sintramem-sv.org.br\/sintramem\/eleicoes-sindicais-do-sintramem-conheca-os-integrantes-das-chapas-inscritas-no-pleito-que-ocorrera-nos-dias-22-e-23-de-outubro\/#primaryimage","url":"https:\/\/sintramem-sv.org.br\/sintramem\/wp-content\/uploads\/2000\/10\/Destacada-eleicoes-sindicais-2025-SINTRAMEM.png","contentUrl":"https:\/\/sintramem-sv.org.br\/sintramem\/wp-content\/uploads\/2000\/10\/Destacada-eleicoes-sindicais-2025-SINTRAMEM.png","width":1294,"height":720},{"@type":"BreadcrumbList","@id":"https:\/\/sintramem-sv.org.br\/sintramem\/eleicoes-sindicais-do-sintramem-conheca-os-integrantes-das-chapas-inscritas-no-pleito-que-ocorrera-nos-dias-22-e-23-de-outubro\/#breadcrumb","itemListElement":[{"@type":"ListItem","position":1,"name":"In\u00edcio","item":"https:\/\/sintramem-sv.org.br\/sintramem\/"},{"@type":"ListItem","position":2,"name":"Elei\u00e7\u00f5es Sindicais do SINTRAMEM | Conhe\u00e7a os integrantes das chapas inscritas no pleito que ocorrer\u00e1 nos dias 22 e 23 de outubro"}]},{"@type":"WebSite","@id":"https:\/\/sintramem-sv.org.br\/sintramem\/#website","url":"https:\/\/sintramem-sv.org.br\/sintramem\/","name":"SINTRAMEM","description":"Sindicato dos Trabalhadores no Magist\u00e9rio e na Educa\u00e7\u00e3o de S\u00e3o Vicente","publisher":{"@id":"https:\/\/sintramem-sv.org.br\/sintramem\/#organization"},"potentialAction":[{"@type":"SearchAction","target":{"@type":"EntryPoint","urlTemplate":"https:\/\/sintramem-sv.org.br\/sintramem\/?s={search_term_string}"},"query-input":{"@type":"PropertyValueSpecification","valueRequired":true,"valueName":"search_term_string"}}],"inLanguage":"pt-BR"},{"@type":"Organization","@id":"https:\/\/sintramem-sv.org.br\/sintramem\/#organization","name":"SINTRAMEM","url":"https:\/\/sintramem-sv.org.br\/sintramem\/","logo":{"@type":"ImageObject","inLanguage":"pt-BR","@id":"https:\/\/sintramem-sv.org.br\/sintramem\/#\/schema\/logo\/image\/","url":"https:\/\/sintramem-sv.org.br\/sintramem\/wp-content\/uploads\/2017\/02\/SINTRAMEM-LOGO-OFICIAL-300x100-jpg.jpg","contentUrl":"https:\/\/sintramem-sv.org.br\/sintramem\/wp-content\/uploads\/2017\/02\/SINTRAMEM-LOGO-OFICIAL-300x100-jpg.jpg","width":150,"height":150,"caption":"SINTRAMEM"},"image":{"@id":"https:\/\/sintramem-sv.org.br\/sintramem\/#\/schema\/logo\/image\/"}},{"@type":"Person","@id":"https:\/\/sintramem-sv.org.br\/sintramem\/#\/schema\/person\/a8decb8ea63607d1e01e046c95ddcf2b","name":"sintramem","image":{"@type":"ImageObject","inLanguage":"pt-BR","@id":"https:\/\/sintramem-sv.org.br\/sintramem\/#\/schema\/person\/image\/","url":"https:\/\/secure.gravatar.com\/avatar\/8e06da3b0d4f051010117c848b52b9280a4228043717057ccccccc8b20ff8f48?s=96&d=mm&r=g","contentUrl":"https:\/\/secure.gravatar.com\/avatar\/8e06da3b0d4f051010117c848b52b9280a4228043717057ccccccc8b20ff8f48?s=96&d=mm&r=g","caption":"sintramem"},"description":"Sindicato dos Trabalhadores no Magist\u00e9rio e na Educa\u00e7\u00e3o Municipal de S\u00e3o Vicente","url":"https:\/\/sintramem-sv.org.br\/sintramem\/author\/sindsv\/"}]}},"_links":{"self":[{"href":"https:\/\/sintramem-sv.org.br\/sintramem\/wp-json\/wp\/v2\/posts\/8789","targetHints":{"allow":["GET"]}}],"collection":[{"href":"https:\/\/sintramem-sv.org.br\/sintramem\/wp-json\/wp\/v2\/posts"}],"about":[{"href":"https:\/\/sintramem-sv.org.br\/sintramem\/wp-json\/wp\/v2\/types\/post"}],"author":[{"embeddable":true,"href":"https:\/\/sintramem-sv.org.br\/sintramem\/wp-json\/wp\/v2\/users\/1"}],"replies":[{"embeddable":true,"href":"https:\/\/sintramem-sv.org.br\/sintramem\/wp-json\/wp\/v2\/comments?post=8789"}],"version-history":[{"count":8,"href":"https:\/\/sintramem-sv.org.br\/sintramem\/wp-json\/wp\/v2\/posts\/8789\/revisions"}],"predecessor-version":[{"id":8806,"href":"https:\/\/sintramem-sv.org.br\/sintramem\/wp-json\/wp\/v2\/posts\/8789\/revisions\/8806"}],"wp:featuredmedia":[{"embeddable":true,"href":"https:\/\/sintramem-sv.org.br\/sintramem\/wp-json\/wp\/v2\/media\/8807"}],"wp:attachment":[{"href":"https:\/\/sintramem-sv.org.br\/sintramem\/wp-json\/wp\/v2\/media?parent=8789"}],"wp:term":[{"taxonomy":"category","embeddable":true,"href":"https:\/\/sintramem-sv.org.br\/sintramem\/wp-json\/wp\/v2\/categories?post=8789"},{"taxonomy":"post_tag","embeddable":true,"href":"https:\/\/sintramem-sv.org.br\/sintramem\/wp-json\/wp\/v2\/tags?post=8789"}],"curies":[{"name":"wp","href":"https:\/\/api.w.org\/{rel}","templated":true}]}}