{"id":8745,"date":"2025-09-05T13:54:44","date_gmt":"2025-09-05T13:54:44","guid":{"rendered":"https:\/\/sintramem-sv.org.br\/sintramem\/?p=8745"},"modified":"2025-09-23T18:46:15","modified_gmt":"2025-09-23T18:46:15","slug":"urgencia-setembro-amarelo-em-sao-vicente-e-so-no-papel","status":"publish","type":"post","link":"https:\/\/sintramem-sv.org.br\/sintramem\/urgencia-setembro-amarelo-em-sao-vicente-e-so-no-papel\/","title":{"rendered":"Setembro Amarelo em S\u00e3o Vicente \u00e9 s\u00f3 no papel! Sa\u00fade mental na Educa\u00e7\u00e3o \u00e9 uma urg\u00eancia ignorada pela gest\u00e3o municipal"},"content":{"rendered":"<p><span style=\"font-size: 14pt;\">Enquanto a campanha <span style=\"background-color: #ffff00;\"><strong>Setembro Amarelo<\/strong><\/span> nos apresenta ao debate nacional sobre sa\u00fade mental, um grupo de profissionais essenciais permanece nas sombras: <span style=\"text-decoration: underline;\"><strong>os profissionais da Educa\u00e7\u00e3o da rede municipal de S\u00e3o Vicente<\/strong><\/span>. Os Servidores enfrentam uma crise jamais vista, agravada por anos de desvaloriza\u00e7\u00e3o, press\u00e3o excessiva e um ambiente de trabalho hostil. A omiss\u00e3o da gest\u00e3o do governo\u00a0em reconhecer e agir sobre esse cen\u00e1rio \u00e9 um desservi\u00e7o n\u00e3o apenas a esses trabalhadores, mas a toda a sociedade vicentina, que depende da qualidade do ensino p\u00fablico.<\/span><\/p>\n<p><span style=\"font-size: 14pt;\">IRONIA \u00e9 o(a) Professor(a) ter que trabalhar <span style=\"background-color: #ffff00;\"><strong>SETEMBRO AMARELO<\/strong><\/span> com os alunos mesmo sabendo que ABSOLUTAMENTE NINGU\u00c9M se importa com a SA\u00daDE MENTAL dos profissionais do MAGIST\u00c9RIO vicentino.<\/span><\/p>\n<p><strong><span style=\"font-size: 14pt; background-color: #ff0000; color: #ffffff;\">A secret\u00e1ria de Educa\u00e7\u00e3o Michelle Paraguai\u00a0e o prefeito est\u00e3o massacrando os Professores e seus direitos. Como trabalhar sa\u00fade mental com os alunos quando n\u00e3o temos sa\u00fade mental para trabalhar?<\/span><\/strong><\/p>\n<p><span style=\"font-size: 14pt;\">Os mais recentes ataques por parte desta Administra\u00e7\u00e3o, que culminaram em uma greve hist\u00f3rica em nossa cidade <span style=\"background-color: #ffff00;\"><strong>&#8211; incluindo a retirada de direitos de forma covarde &#8211;<\/strong><\/span> evidenciam o quanto os profissionais v\u00eam sendo prejudicados em sua sa\u00fade financeira e, obviamente, psicol\u00f3gica. Como manter a excel\u00eancia nas atividades diante de tanto desrespeito por parte do governo?<\/span><\/p>\n<p><span style=\"font-size: 18pt; color: #ffffff; background-color: #ff0000;\"><strong>AN\u00c1LISE<\/strong><\/span><\/p>\n<p><span style=\"font-size: 14pt;\">A degrada\u00e7\u00e3o da sa\u00fade mental dos profissionais da Educa\u00e7\u00e3o n\u00e3o \u00e9 uma percep\u00e7\u00e3o; \u00e9 um fato comprovado. Pesquisas nacionais, como as conduzidas pela Confedera\u00e7\u00e3o Nacional dos Trabalhadores em Educa\u00e7\u00e3o (CNTE), apontam que <span style=\"color: #ff0000;\"><strong>mais de 70% dos Educadores relatam sintomas de <em>burnout,<\/em> s\u00edndrome do esgotamento profissional caracterizada por exaust\u00e3o extrema e sensa\u00e7\u00e3o de inefic\u00e1cia<\/strong><\/span>. Este n\u00e3o \u00e9 um cansa\u00e7o comum, mas um estado cr\u00f4nico de estresse ligado diretamente \u00e0 precariza\u00e7\u00e3o das condi\u00e7\u00f5es de trabalho, \u00e0 sobrecarga de aulas e \u00e0 falta de suporte efetivo do poder p\u00fablico.<\/span><\/p>\n<p><span style=\"font-size: 14pt;\">A situa\u00e7\u00e3o em S\u00e3o Vicente reflete essa triste realidade nacional. A retirada constante de direitos, a desestrutura\u00e7\u00e3o do plano de carreira e o ass\u00e9dio moral institucional criam um terreno f\u00e9rtil para o adoecimento. O resultado \u00e9 vis\u00edvel: afastamentos por depress\u00e3o e ansiedade crescem, esvaziando as salas de Professores e, por consequ\u00eancia, prejudicando o aprendizado dos alunos. A gest\u00e3o municipal, no entanto, insiste em tratar o tema como um tabu, negligenciando seu dever de garantir ambientes saud\u00e1veis.<\/span><\/p>\n<p><span style=\"font-size: 18pt; color: #ffffff; background-color: #ff0000;\"><strong>&#8220;N\u00e3o \u00e9 fraqueza, \u00e9 cansa\u00e7o de lutar contra a desvaloriza\u00e7\u00e3o&#8221;, adverte o diretor Thobias Paraguai.<\/strong><\/span><\/p>\n<p><strong><span style=\"font-size: 14pt;\">Nosso diretor Thobias Paraguai comenta:<\/span><\/strong><\/p>\n<blockquote><p><span style=\"font-size: 14pt;\">&#8220;<em>O que nossos Professores e demais Servidores do Magist\u00e9rio enfrentam hoje vai al\u00e9m do estresse do dia a dia. \u00c9 um esgotamento sistem\u00e1tico, fruto de uma gest\u00e3o que <span style=\"text-decoration: underline;\"><strong>n\u00e3o ouve, n\u00e3o v\u00ea e n\u00e3o dialoga<\/strong><\/span>. Eles n\u00e3o est\u00e3o doentes; a estrutura est\u00e1 doente. Exigimos urgentemente a implementa\u00e7\u00e3o de um programa permanente de sa\u00fade mental e o <span style=\"text-decoration: underline;\"><strong>fim imediato das pol\u00edticas que precarizam o nosso trabalho<\/strong><\/span>. N\u00e3o aceitamos o sil\u00eancio como resposta<\/em>&#8220;.<\/span><\/p><\/blockquote>\n<p><span style=\"font-size: 14pt;\">O momento exige mais do que conscientiza\u00e7\u00e3o; exige mudan\u00e7a. A sociedade vicentina n\u00e3o pode compactuar com o adoecimento de quem forma as suas futuras gera\u00e7\u00f5es. A Educa\u00e7\u00e3o de S\u00e3o Vicente luta por respeito, e o <strong>SINTRAMEM<\/strong> n\u00e3o se calar\u00e1 at\u00e9 isso ser uma realidade. A vida de nossos Educadores depende de a\u00e7\u00f5es imediatas.<\/span><\/p>\n<p><img loading=\"lazy\" decoding=\"async\" class=\"aligncenter size-large wp-image-8763\" src=\"https:\/\/sintramem-sv.org.br\/sintramem\/wp-content\/uploads\/2025\/09\/Sem-arraste-819x1024.png\" alt=\"\" width=\"819\" height=\"1024\" srcset=\"https:\/\/sintramem-sv.org.br\/sintramem\/wp-content\/uploads\/2025\/09\/Sem-arraste-819x1024.png 819w, https:\/\/sintramem-sv.org.br\/sintramem\/wp-content\/uploads\/2025\/09\/Sem-arraste-240x300.png 240w, https:\/\/sintramem-sv.org.br\/sintramem\/wp-content\/uploads\/2025\/09\/Sem-arraste-768x960.png 768w, https:\/\/sintramem-sv.org.br\/sintramem\/wp-content\/uploads\/2025\/09\/Sem-arraste.png 1080w\" sizes=\"auto, (max-width: 819px) 100vw, 819px\" \/><\/p>\n<p><img loading=\"lazy\" decoding=\"async\" class=\"aligncenter size-large wp-image-8762\" src=\"https:\/\/sintramem-sv.org.br\/sintramem\/wp-content\/uploads\/2025\/09\/Arte-Setembro-Amarelo-Sintramem_02-819x1024.png\" alt=\"\" width=\"819\" height=\"1024\" srcset=\"https:\/\/sintramem-sv.org.br\/sintramem\/wp-content\/uploads\/2025\/09\/Arte-Setembro-Amarelo-Sintramem_02-819x1024.png 819w, https:\/\/sintramem-sv.org.br\/sintramem\/wp-content\/uploads\/2025\/09\/Arte-Setembro-Amarelo-Sintramem_02-240x300.png 240w, https:\/\/sintramem-sv.org.br\/sintramem\/wp-content\/uploads\/2025\/09\/Arte-Setembro-Amarelo-Sintramem_02-768x960.png 768w, https:\/\/sintramem-sv.org.br\/sintramem\/wp-content\/uploads\/2025\/09\/Arte-Setembro-Amarelo-Sintramem_02.png 1080w\" sizes=\"auto, (max-width: 819px) 100vw, 819px\" \/><\/p>\n","protected":false},"excerpt":{"rendered":"<p>Enquanto a campanha Setembro Amarelo nos apresenta ao debate nacional sobre sa\u00fade mental, um grupo de profissionais essenciais permanece nas sombras: os profissionais da Educa\u00e7\u00e3o da rede municipal de S\u00e3o Vicente. Os Servidores enfrentam uma crise jamais vista, agravada por anos de desvaloriza\u00e7\u00e3o, press\u00e3o excessiva e um ambiente de trabalho hostil. A omiss\u00e3o da gest\u00e3o&hellip;<\/p>\n","protected":false},"author":1,"featured_media":8754,"comment_status":"open","ping_status":"closed","sticky":false,"template":"","format":"standard","meta":{"_monsterinsights_skip_tracking":false,"_monsterinsights_sitenote_active":false,"_monsterinsights_sitenote_note":"","_monsterinsights_sitenote_category":0,"footnotes":""},"categories":[19],"tags":[],"class_list":["post-8745","post","type-post","status-publish","format-standard","has-post-thumbnail","hentry","category-sintramem"],"yoast_head":"<!-- This site is optimized with the Yoast SEO plugin v27.0 - https:\/\/yoast.com\/product\/yoast-seo-wordpress\/ -->\n<title>Setembro Amarelo em S\u00e3o Vicente \u00e9 s\u00f3 no papel! Sa\u00fade mental na Educa\u00e7\u00e3o \u00e9 uma urg\u00eancia ignorada pela gest\u00e3o municipal - SINTRAMEM<\/title>\n<meta name=\"robots\" content=\"index, follow, max-snippet:-1, max-image-preview:large, max-video-preview:-1\" \/>\n<link rel=\"canonical\" href=\"https:\/\/sintramem-sv.org.br\/sintramem\/urgencia-setembro-amarelo-em-sao-vicente-e-so-no-papel\/\" \/>\n<meta property=\"og:locale\" content=\"pt_BR\" \/>\n<meta property=\"og:type\" content=\"article\" \/>\n<meta property=\"og:title\" content=\"Setembro Amarelo em S\u00e3o Vicente \u00e9 s\u00f3 no papel! Sa\u00fade mental na Educa\u00e7\u00e3o \u00e9 uma urg\u00eancia ignorada pela gest\u00e3o municipal - SINTRAMEM\" \/>\n<meta property=\"og:description\" content=\"Enquanto a campanha Setembro Amarelo nos apresenta ao debate nacional sobre sa\u00fade mental, um grupo de profissionais essenciais permanece nas sombras: os profissionais da Educa\u00e7\u00e3o da rede municipal de S\u00e3o Vicente. Os Servidores enfrentam uma crise jamais vista, agravada por anos de desvaloriza\u00e7\u00e3o, press\u00e3o excessiva e um ambiente de trabalho hostil. A omiss\u00e3o da gest\u00e3o&hellip;\" \/>\n<meta property=\"og:url\" content=\"https:\/\/sintramem-sv.org.br\/sintramem\/urgencia-setembro-amarelo-em-sao-vicente-e-so-no-papel\/\" \/>\n<meta property=\"og:site_name\" content=\"SINTRAMEM\" \/>\n<meta property=\"article:published_time\" content=\"2025-09-05T13:54:44+00:00\" \/>\n<meta property=\"article:modified_time\" content=\"2025-09-23T18:46:15+00:00\" \/>\n<meta property=\"og:image\" content=\"https:\/\/sintramem-sv.org.br\/sintramem\/wp-content\/uploads\/2025\/09\/menor-1.png\" \/>\n\t<meta property=\"og:image:width\" content=\"600\" \/>\n\t<meta property=\"og:image:height\" content=\"334\" \/>\n\t<meta property=\"og:image:type\" content=\"image\/png\" \/>\n<meta name=\"author\" content=\"sintramem\" \/>\n<meta name=\"twitter:card\" content=\"summary_large_image\" \/>\n<meta name=\"twitter:label1\" content=\"Escrito por\" \/>\n\t<meta name=\"twitter:data1\" content=\"sintramem\" \/>\n\t<meta name=\"twitter:label2\" content=\"Est. tempo de leitura\" \/>\n\t<meta name=\"twitter:data2\" content=\"3 minutos\" \/>\n<script type=\"application\/ld+json\" class=\"yoast-schema-graph\">{\"@context\":\"https:\/\/schema.org\",\"@graph\":[{\"@type\":\"Article\",\"@id\":\"https:\/\/sintramem-sv.org.br\/sintramem\/urgencia-setembro-amarelo-em-sao-vicente-e-so-no-papel\/#article\",\"isPartOf\":{\"@id\":\"https:\/\/sintramem-sv.org.br\/sintramem\/urgencia-setembro-amarelo-em-sao-vicente-e-so-no-papel\/\"},\"author\":{\"name\":\"sintramem\",\"@id\":\"https:\/\/sintramem-sv.org.br\/sintramem\/#\/schema\/person\/a8decb8ea63607d1e01e046c95ddcf2b\"},\"headline\":\"Setembro Amarelo em S\u00e3o Vicente \u00e9 s\u00f3 no papel! Sa\u00fade mental na Educa\u00e7\u00e3o \u00e9 uma urg\u00eancia ignorada pela gest\u00e3o municipal\",\"datePublished\":\"2025-09-05T13:54:44+00:00\",\"dateModified\":\"2025-09-23T18:46:15+00:00\",\"mainEntityOfPage\":{\"@id\":\"https:\/\/sintramem-sv.org.br\/sintramem\/urgencia-setembro-amarelo-em-sao-vicente-e-so-no-papel\/\"},\"wordCount\":597,\"commentCount\":0,\"publisher\":{\"@id\":\"https:\/\/sintramem-sv.org.br\/sintramem\/#organization\"},\"image\":{\"@id\":\"https:\/\/sintramem-sv.org.br\/sintramem\/urgencia-setembro-amarelo-em-sao-vicente-e-so-no-papel\/#primaryimage\"},\"thumbnailUrl\":\"https:\/\/sintramem-sv.org.br\/sintramem\/wp-content\/uploads\/2025\/09\/Destacada-Setembro-Amarelo-Sintramem-Copia.png\",\"articleSection\":[\"Sintramem\"],\"inLanguage\":\"pt-BR\",\"potentialAction\":[{\"@type\":\"CommentAction\",\"name\":\"Comment\",\"target\":[\"https:\/\/sintramem-sv.org.br\/sintramem\/urgencia-setembro-amarelo-em-sao-vicente-e-so-no-papel\/#respond\"]}]},{\"@type\":\"WebPage\",\"@id\":\"https:\/\/sintramem-sv.org.br\/sintramem\/urgencia-setembro-amarelo-em-sao-vicente-e-so-no-papel\/\",\"url\":\"https:\/\/sintramem-sv.org.br\/sintramem\/urgencia-setembro-amarelo-em-sao-vicente-e-so-no-papel\/\",\"name\":\"Setembro Amarelo em S\u00e3o Vicente \u00e9 s\u00f3 no papel! Sa\u00fade mental na Educa\u00e7\u00e3o \u00e9 uma urg\u00eancia ignorada pela gest\u00e3o municipal - SINTRAMEM\",\"isPartOf\":{\"@id\":\"https:\/\/sintramem-sv.org.br\/sintramem\/#website\"},\"primaryImageOfPage\":{\"@id\":\"https:\/\/sintramem-sv.org.br\/sintramem\/urgencia-setembro-amarelo-em-sao-vicente-e-so-no-papel\/#primaryimage\"},\"image\":{\"@id\":\"https:\/\/sintramem-sv.org.br\/sintramem\/urgencia-setembro-amarelo-em-sao-vicente-e-so-no-papel\/#primaryimage\"},\"thumbnailUrl\":\"https:\/\/sintramem-sv.org.br\/sintramem\/wp-content\/uploads\/2025\/09\/Destacada-Setembro-Amarelo-Sintramem-Copia.png\",\"datePublished\":\"2025-09-05T13:54:44+00:00\",\"dateModified\":\"2025-09-23T18:46:15+00:00\",\"breadcrumb\":{\"@id\":\"https:\/\/sintramem-sv.org.br\/sintramem\/urgencia-setembro-amarelo-em-sao-vicente-e-so-no-papel\/#breadcrumb\"},\"inLanguage\":\"pt-BR\",\"potentialAction\":[{\"@type\":\"ReadAction\",\"target\":[\"https:\/\/sintramem-sv.org.br\/sintramem\/urgencia-setembro-amarelo-em-sao-vicente-e-so-no-papel\/\"]}]},{\"@type\":\"ImageObject\",\"inLanguage\":\"pt-BR\",\"@id\":\"https:\/\/sintramem-sv.org.br\/sintramem\/urgencia-setembro-amarelo-em-sao-vicente-e-so-no-papel\/#primaryimage\",\"url\":\"https:\/\/sintramem-sv.org.br\/sintramem\/wp-content\/uploads\/2025\/09\/Destacada-Setembro-Amarelo-Sintramem-Copia.png\",\"contentUrl\":\"https:\/\/sintramem-sv.org.br\/sintramem\/wp-content\/uploads\/2025\/09\/Destacada-Setembro-Amarelo-Sintramem-Copia.png\",\"width\":1294,\"height\":720},{\"@type\":\"BreadcrumbList\",\"@id\":\"https:\/\/sintramem-sv.org.br\/sintramem\/urgencia-setembro-amarelo-em-sao-vicente-e-so-no-papel\/#breadcrumb\",\"itemListElement\":[{\"@type\":\"ListItem\",\"position\":1,\"name\":\"In\u00edcio\",\"item\":\"https:\/\/sintramem-sv.org.br\/sintramem\/\"},{\"@type\":\"ListItem\",\"position\":2,\"name\":\"Setembro Amarelo em S\u00e3o Vicente \u00e9 s\u00f3 no papel! Sa\u00fade mental na Educa\u00e7\u00e3o \u00e9 uma urg\u00eancia ignorada pela gest\u00e3o municipal\"}]},{\"@type\":\"WebSite\",\"@id\":\"https:\/\/sintramem-sv.org.br\/sintramem\/#website\",\"url\":\"https:\/\/sintramem-sv.org.br\/sintramem\/\",\"name\":\"SINTRAMEM\",\"description\":\"Sindicato dos Trabalhadores no Magist\u00e9rio e na Educa\u00e7\u00e3o de S\u00e3o Vicente\",\"publisher\":{\"@id\":\"https:\/\/sintramem-sv.org.br\/sintramem\/#organization\"},\"potentialAction\":[{\"@type\":\"SearchAction\",\"target\":{\"@type\":\"EntryPoint\",\"urlTemplate\":\"https:\/\/sintramem-sv.org.br\/sintramem\/?s={search_term_string}\"},\"query-input\":{\"@type\":\"PropertyValueSpecification\",\"valueRequired\":true,\"valueName\":\"search_term_string\"}}],\"inLanguage\":\"pt-BR\"},{\"@type\":\"Organization\",\"@id\":\"https:\/\/sintramem-sv.org.br\/sintramem\/#organization\",\"name\":\"SINTRAMEM\",\"url\":\"https:\/\/sintramem-sv.org.br\/sintramem\/\",\"logo\":{\"@type\":\"ImageObject\",\"inLanguage\":\"pt-BR\",\"@id\":\"https:\/\/sintramem-sv.org.br\/sintramem\/#\/schema\/logo\/image\/\",\"url\":\"https:\/\/sintramem-sv.org.br\/sintramem\/wp-content\/uploads\/2017\/02\/SINTRAMEM-LOGO-OFICIAL-300x100-jpg.jpg\",\"contentUrl\":\"https:\/\/sintramem-sv.org.br\/sintramem\/wp-content\/uploads\/2017\/02\/SINTRAMEM-LOGO-OFICIAL-300x100-jpg.jpg\",\"width\":150,\"height\":150,\"caption\":\"SINTRAMEM\"},\"image\":{\"@id\":\"https:\/\/sintramem-sv.org.br\/sintramem\/#\/schema\/logo\/image\/\"}},{\"@type\":\"Person\",\"@id\":\"https:\/\/sintramem-sv.org.br\/sintramem\/#\/schema\/person\/a8decb8ea63607d1e01e046c95ddcf2b\",\"name\":\"sintramem\",\"image\":{\"@type\":\"ImageObject\",\"inLanguage\":\"pt-BR\",\"@id\":\"https:\/\/sintramem-sv.org.br\/sintramem\/#\/schema\/person\/image\/\",\"url\":\"https:\/\/secure.gravatar.com\/avatar\/8e06da3b0d4f051010117c848b52b9280a4228043717057ccccccc8b20ff8f48?s=96&d=mm&r=g\",\"contentUrl\":\"https:\/\/secure.gravatar.com\/avatar\/8e06da3b0d4f051010117c848b52b9280a4228043717057ccccccc8b20ff8f48?s=96&d=mm&r=g\",\"caption\":\"sintramem\"},\"description\":\"Sindicato dos Trabalhadores no Magist\u00e9rio e na Educa\u00e7\u00e3o Municipal de S\u00e3o Vicente\",\"url\":\"https:\/\/sintramem-sv.org.br\/sintramem\/author\/sindsv\/\"}]}<\/script>\n<!-- \/ Yoast SEO plugin. -->","yoast_head_json":{"title":"Setembro Amarelo em S\u00e3o Vicente \u00e9 s\u00f3 no papel! Sa\u00fade mental na Educa\u00e7\u00e3o \u00e9 uma urg\u00eancia ignorada pela gest\u00e3o municipal - SINTRAMEM","robots":{"index":"index","follow":"follow","max-snippet":"max-snippet:-1","max-image-preview":"max-image-preview:large","max-video-preview":"max-video-preview:-1"},"canonical":"https:\/\/sintramem-sv.org.br\/sintramem\/urgencia-setembro-amarelo-em-sao-vicente-e-so-no-papel\/","og_locale":"pt_BR","og_type":"article","og_title":"Setembro Amarelo em S\u00e3o Vicente \u00e9 s\u00f3 no papel! Sa\u00fade mental na Educa\u00e7\u00e3o \u00e9 uma urg\u00eancia ignorada pela gest\u00e3o municipal - SINTRAMEM","og_description":"Enquanto a campanha Setembro Amarelo nos apresenta ao debate nacional sobre sa\u00fade mental, um grupo de profissionais essenciais permanece nas sombras: os profissionais da Educa\u00e7\u00e3o da rede municipal de S\u00e3o Vicente. Os Servidores enfrentam uma crise jamais vista, agravada por anos de desvaloriza\u00e7\u00e3o, press\u00e3o excessiva e um ambiente de trabalho hostil. A omiss\u00e3o da gest\u00e3o&hellip;","og_url":"https:\/\/sintramem-sv.org.br\/sintramem\/urgencia-setembro-amarelo-em-sao-vicente-e-so-no-papel\/","og_site_name":"SINTRAMEM","article_published_time":"2025-09-05T13:54:44+00:00","article_modified_time":"2025-09-23T18:46:15+00:00","og_image":[{"width":600,"height":334,"url":"https:\/\/sintramem-sv.org.br\/sintramem\/wp-content\/uploads\/2025\/09\/menor-1.png","type":"image\/png"}],"author":"sintramem","twitter_card":"summary_large_image","twitter_misc":{"Escrito por":"sintramem","Est. tempo de leitura":"3 minutos"},"schema":{"@context":"https:\/\/schema.org","@graph":[{"@type":"Article","@id":"https:\/\/sintramem-sv.org.br\/sintramem\/urgencia-setembro-amarelo-em-sao-vicente-e-so-no-papel\/#article","isPartOf":{"@id":"https:\/\/sintramem-sv.org.br\/sintramem\/urgencia-setembro-amarelo-em-sao-vicente-e-so-no-papel\/"},"author":{"name":"sintramem","@id":"https:\/\/sintramem-sv.org.br\/sintramem\/#\/schema\/person\/a8decb8ea63607d1e01e046c95ddcf2b"},"headline":"Setembro Amarelo em S\u00e3o Vicente \u00e9 s\u00f3 no papel! Sa\u00fade mental na Educa\u00e7\u00e3o \u00e9 uma urg\u00eancia ignorada pela gest\u00e3o municipal","datePublished":"2025-09-05T13:54:44+00:00","dateModified":"2025-09-23T18:46:15+00:00","mainEntityOfPage":{"@id":"https:\/\/sintramem-sv.org.br\/sintramem\/urgencia-setembro-amarelo-em-sao-vicente-e-so-no-papel\/"},"wordCount":597,"commentCount":0,"publisher":{"@id":"https:\/\/sintramem-sv.org.br\/sintramem\/#organization"},"image":{"@id":"https:\/\/sintramem-sv.org.br\/sintramem\/urgencia-setembro-amarelo-em-sao-vicente-e-so-no-papel\/#primaryimage"},"thumbnailUrl":"https:\/\/sintramem-sv.org.br\/sintramem\/wp-content\/uploads\/2025\/09\/Destacada-Setembro-Amarelo-Sintramem-Copia.png","articleSection":["Sintramem"],"inLanguage":"pt-BR","potentialAction":[{"@type":"CommentAction","name":"Comment","target":["https:\/\/sintramem-sv.org.br\/sintramem\/urgencia-setembro-amarelo-em-sao-vicente-e-so-no-papel\/#respond"]}]},{"@type":"WebPage","@id":"https:\/\/sintramem-sv.org.br\/sintramem\/urgencia-setembro-amarelo-em-sao-vicente-e-so-no-papel\/","url":"https:\/\/sintramem-sv.org.br\/sintramem\/urgencia-setembro-amarelo-em-sao-vicente-e-so-no-papel\/","name":"Setembro Amarelo em S\u00e3o Vicente \u00e9 s\u00f3 no papel! Sa\u00fade mental na Educa\u00e7\u00e3o \u00e9 uma urg\u00eancia ignorada pela gest\u00e3o municipal - SINTRAMEM","isPartOf":{"@id":"https:\/\/sintramem-sv.org.br\/sintramem\/#website"},"primaryImageOfPage":{"@id":"https:\/\/sintramem-sv.org.br\/sintramem\/urgencia-setembro-amarelo-em-sao-vicente-e-so-no-papel\/#primaryimage"},"image":{"@id":"https:\/\/sintramem-sv.org.br\/sintramem\/urgencia-setembro-amarelo-em-sao-vicente-e-so-no-papel\/#primaryimage"},"thumbnailUrl":"https:\/\/sintramem-sv.org.br\/sintramem\/wp-content\/uploads\/2025\/09\/Destacada-Setembro-Amarelo-Sintramem-Copia.png","datePublished":"2025-09-05T13:54:44+00:00","dateModified":"2025-09-23T18:46:15+00:00","breadcrumb":{"@id":"https:\/\/sintramem-sv.org.br\/sintramem\/urgencia-setembro-amarelo-em-sao-vicente-e-so-no-papel\/#breadcrumb"},"inLanguage":"pt-BR","potentialAction":[{"@type":"ReadAction","target":["https:\/\/sintramem-sv.org.br\/sintramem\/urgencia-setembro-amarelo-em-sao-vicente-e-so-no-papel\/"]}]},{"@type":"ImageObject","inLanguage":"pt-BR","@id":"https:\/\/sintramem-sv.org.br\/sintramem\/urgencia-setembro-amarelo-em-sao-vicente-e-so-no-papel\/#primaryimage","url":"https:\/\/sintramem-sv.org.br\/sintramem\/wp-content\/uploads\/2025\/09\/Destacada-Setembro-Amarelo-Sintramem-Copia.png","contentUrl":"https:\/\/sintramem-sv.org.br\/sintramem\/wp-content\/uploads\/2025\/09\/Destacada-Setembro-Amarelo-Sintramem-Copia.png","width":1294,"height":720},{"@type":"BreadcrumbList","@id":"https:\/\/sintramem-sv.org.br\/sintramem\/urgencia-setembro-amarelo-em-sao-vicente-e-so-no-papel\/#breadcrumb","itemListElement":[{"@type":"ListItem","position":1,"name":"In\u00edcio","item":"https:\/\/sintramem-sv.org.br\/sintramem\/"},{"@type":"ListItem","position":2,"name":"Setembro Amarelo em S\u00e3o Vicente \u00e9 s\u00f3 no papel! Sa\u00fade mental na Educa\u00e7\u00e3o \u00e9 uma urg\u00eancia ignorada pela gest\u00e3o municipal"}]},{"@type":"WebSite","@id":"https:\/\/sintramem-sv.org.br\/sintramem\/#website","url":"https:\/\/sintramem-sv.org.br\/sintramem\/","name":"SINTRAMEM","description":"Sindicato dos Trabalhadores no Magist\u00e9rio e na Educa\u00e7\u00e3o de S\u00e3o Vicente","publisher":{"@id":"https:\/\/sintramem-sv.org.br\/sintramem\/#organization"},"potentialAction":[{"@type":"SearchAction","target":{"@type":"EntryPoint","urlTemplate":"https:\/\/sintramem-sv.org.br\/sintramem\/?s={search_term_string}"},"query-input":{"@type":"PropertyValueSpecification","valueRequired":true,"valueName":"search_term_string"}}],"inLanguage":"pt-BR"},{"@type":"Organization","@id":"https:\/\/sintramem-sv.org.br\/sintramem\/#organization","name":"SINTRAMEM","url":"https:\/\/sintramem-sv.org.br\/sintramem\/","logo":{"@type":"ImageObject","inLanguage":"pt-BR","@id":"https:\/\/sintramem-sv.org.br\/sintramem\/#\/schema\/logo\/image\/","url":"https:\/\/sintramem-sv.org.br\/sintramem\/wp-content\/uploads\/2017\/02\/SINTRAMEM-LOGO-OFICIAL-300x100-jpg.jpg","contentUrl":"https:\/\/sintramem-sv.org.br\/sintramem\/wp-content\/uploads\/2017\/02\/SINTRAMEM-LOGO-OFICIAL-300x100-jpg.jpg","width":150,"height":150,"caption":"SINTRAMEM"},"image":{"@id":"https:\/\/sintramem-sv.org.br\/sintramem\/#\/schema\/logo\/image\/"}},{"@type":"Person","@id":"https:\/\/sintramem-sv.org.br\/sintramem\/#\/schema\/person\/a8decb8ea63607d1e01e046c95ddcf2b","name":"sintramem","image":{"@type":"ImageObject","inLanguage":"pt-BR","@id":"https:\/\/sintramem-sv.org.br\/sintramem\/#\/schema\/person\/image\/","url":"https:\/\/secure.gravatar.com\/avatar\/8e06da3b0d4f051010117c848b52b9280a4228043717057ccccccc8b20ff8f48?s=96&d=mm&r=g","contentUrl":"https:\/\/secure.gravatar.com\/avatar\/8e06da3b0d4f051010117c848b52b9280a4228043717057ccccccc8b20ff8f48?s=96&d=mm&r=g","caption":"sintramem"},"description":"Sindicato dos Trabalhadores no Magist\u00e9rio e na Educa\u00e7\u00e3o Municipal de S\u00e3o Vicente","url":"https:\/\/sintramem-sv.org.br\/sintramem\/author\/sindsv\/"}]}},"_links":{"self":[{"href":"https:\/\/sintramem-sv.org.br\/sintramem\/wp-json\/wp\/v2\/posts\/8745","targetHints":{"allow":["GET"]}}],"collection":[{"href":"https:\/\/sintramem-sv.org.br\/sintramem\/wp-json\/wp\/v2\/posts"}],"about":[{"href":"https:\/\/sintramem-sv.org.br\/sintramem\/wp-json\/wp\/v2\/types\/post"}],"author":[{"embeddable":true,"href":"https:\/\/sintramem-sv.org.br\/sintramem\/wp-json\/wp\/v2\/users\/1"}],"replies":[{"embeddable":true,"href":"https:\/\/sintramem-sv.org.br\/sintramem\/wp-json\/wp\/v2\/comments?post=8745"}],"version-history":[{"count":8,"href":"https:\/\/sintramem-sv.org.br\/sintramem\/wp-json\/wp\/v2\/posts\/8745\/revisions"}],"predecessor-version":[{"id":8764,"href":"https:\/\/sintramem-sv.org.br\/sintramem\/wp-json\/wp\/v2\/posts\/8745\/revisions\/8764"}],"wp:featuredmedia":[{"embeddable":true,"href":"https:\/\/sintramem-sv.org.br\/sintramem\/wp-json\/wp\/v2\/media\/8754"}],"wp:attachment":[{"href":"https:\/\/sintramem-sv.org.br\/sintramem\/wp-json\/wp\/v2\/media?parent=8745"}],"wp:term":[{"taxonomy":"category","embeddable":true,"href":"https:\/\/sintramem-sv.org.br\/sintramem\/wp-json\/wp\/v2\/categories?post=8745"},{"taxonomy":"post_tag","embeddable":true,"href":"https:\/\/sintramem-sv.org.br\/sintramem\/wp-json\/wp\/v2\/tags?post=8745"}],"curies":[{"name":"wp","href":"https:\/\/api.w.org\/{rel}","templated":true}]}}