{"id":8724,"date":"2025-09-04T20:40:41","date_gmt":"2025-09-04T20:40:41","guid":{"rendered":"https:\/\/sintramem-sv.org.br\/sintramem\/?p=8724"},"modified":"2025-09-05T13:48:24","modified_gmt":"2025-09-05T13:48:24","slug":"prefeitura-recua-e-desfigura-desfile-civico-com-medo-da-mobilizacao-dos-profissionais-do-magisterio","status":"publish","type":"post","link":"https:\/\/sintramem-sv.org.br\/sintramem\/prefeitura-recua-e-desfigura-desfile-civico-com-medo-da-mobilizacao-dos-profissionais-do-magisterio\/","title":{"rendered":"Prefeitura recua e desfigura Desfile C\u00edvico com medo da mobiliza\u00e7\u00e3o dos Profissionais do Magist\u00e9rio"},"content":{"rendered":"<p><span style=\"font-size: 14pt;\">Em um movimento de recuo claro e calculado, a administra\u00e7\u00e3o do prefeito <strong>Kayo Amado<\/strong> alterou, na \u00faltima hora, a estrutura tradicional do <strong>Desfile C\u00edvico de S\u00e3o Vicente<\/strong>. O motivo? O temor da ampla mobiliza\u00e7\u00e3o e do protesto organizado pelos Professores e Profissionais do Magist\u00e9rio da rede municipal. O que estava planejado para ser uma grande celebra\u00e7\u00e3o c\u00edvica, com Escolas devidamente preparadas, uniformes comprados e coreografias ensaiadas, foi reduzido a um evento t\u00edmido e desarticulado: uma singela cerim\u00f4nia de hasteamento de bandeira no dia 3 de setembro e um desfile restrito no entorno da Escola Duque de Caxias no dia 4.<\/span><\/p>\n<p><img loading=\"lazy\" decoding=\"async\" class=\"aligncenter size-large wp-image-8727\" src=\"https:\/\/sintramem-sv.org.br\/sintramem\/wp-content\/uploads\/2025\/09\/9-1024x570.jpeg\" alt=\"\" width=\"1024\" height=\"570\" srcset=\"https:\/\/sintramem-sv.org.br\/sintramem\/wp-content\/uploads\/2025\/09\/9-1024x570.jpeg 1024w, https:\/\/sintramem-sv.org.br\/sintramem\/wp-content\/uploads\/2025\/09\/9-300x167.jpeg 300w, https:\/\/sintramem-sv.org.br\/sintramem\/wp-content\/uploads\/2025\/09\/9-768x428.jpeg 768w, https:\/\/sintramem-sv.org.br\/sintramem\/wp-content\/uploads\/2025\/09\/9.jpeg 1156w\" sizes=\"auto, (max-width: 1024px) 100vw, 1024px\" \/><\/p>\n<p><span style=\"background-color: #ffff00;\"><strong><span style=\"font-size: 14pt; background-color: #ffff00;\">A medida foi um evidente ato de censura velada, buscando evitar que a categoria mostrasse \u00e0 popula\u00e7\u00e3o a realidade da Educa\u00e7\u00e3o da cidade.<\/span><\/strong><\/span><\/p>\n<p><span style=\"font-size: 14pt;\">Apesar da manobra da Prefeitura, a diretoria do <strong>SINTRAMEM<\/strong> manteve-se firme e presente nos dois dias. Enquanto os Educadores cumpriam seu of\u00edcio em sala de aula, o Sindicato assumiu o protagonismo da manifesta\u00e7\u00e3o, realizando uma <strong><a href=\"https:\/\/sintramem-sv.org.br\/sintramem\/wp-content\/uploads\/2025\/09\/Sintramem-Prefeito-Retira-Adicional-de-Graduacao-de-Professores.pdf\" target=\"_blank\" rel=\"noopener\">intensa panfletagem informativa<\/a><\/strong>. A a\u00e7\u00e3o buscou informar aos cidad\u00e3os vicentinos os desmandos e o tratamento negligente que o atual governo dispensa \u00e0 pasta da Educa\u00e7\u00e3o.<\/span><\/p>\n<p><a href=\"https:\/\/sintramem-sv.org.br\/sintramem\/wp-content\/uploads\/2025\/09\/Sintramem-Prefeito-Retira-Adicional-de-Graduacao-de-Professores.pdf\" target=\"_blank\" rel=\"noopener\"><span style=\"font-size: 18pt;\"><strong>Clique aqui e leia o informativo!<\/strong><\/span><\/a><\/p>\n<p><img loading=\"lazy\" decoding=\"async\" class=\"aligncenter size-large wp-image-8739\" src=\"https:\/\/sintramem-sv.org.br\/sintramem\/wp-content\/uploads\/2025\/09\/oficio-padrao-819x1024.png\" alt=\"\" width=\"819\" height=\"1024\" srcset=\"https:\/\/sintramem-sv.org.br\/sintramem\/wp-content\/uploads\/2025\/09\/oficio-padrao-819x1024.png 819w, https:\/\/sintramem-sv.org.br\/sintramem\/wp-content\/uploads\/2025\/09\/oficio-padrao-240x300.png 240w, https:\/\/sintramem-sv.org.br\/sintramem\/wp-content\/uploads\/2025\/09\/oficio-padrao-768x960.png 768w, https:\/\/sintramem-sv.org.br\/sintramem\/wp-content\/uploads\/2025\/09\/oficio-padrao.png 1080w\" sizes=\"auto, (max-width: 819px) 100vw, 819px\" \/><\/p>\n<p><img loading=\"lazy\" decoding=\"async\" class=\"aligncenter size-large wp-image-8738\" src=\"https:\/\/sintramem-sv.org.br\/sintramem\/wp-content\/uploads\/2025\/09\/oficio-padrao-VERSO-819x1024.png\" alt=\"\" width=\"819\" height=\"1024\" srcset=\"https:\/\/sintramem-sv.org.br\/sintramem\/wp-content\/uploads\/2025\/09\/oficio-padrao-VERSO-819x1024.png 819w, https:\/\/sintramem-sv.org.br\/sintramem\/wp-content\/uploads\/2025\/09\/oficio-padrao-VERSO-240x300.png 240w, https:\/\/sintramem-sv.org.br\/sintramem\/wp-content\/uploads\/2025\/09\/oficio-padrao-VERSO-768x960.png 768w, https:\/\/sintramem-sv.org.br\/sintramem\/wp-content\/uploads\/2025\/09\/oficio-padrao-VERSO.png 1080w\" sizes=\"auto, (max-width: 819px) 100vw, 819px\" \/><\/p>\n<p><img loading=\"lazy\" decoding=\"async\" class=\"aligncenter size-full wp-image-8733\" src=\"https:\/\/sintramem-sv.org.br\/sintramem\/wp-content\/uploads\/2025\/09\/4.jpeg\" alt=\"\" width=\"900\" height=\"500\" srcset=\"https:\/\/sintramem-sv.org.br\/sintramem\/wp-content\/uploads\/2025\/09\/4.jpeg 900w, https:\/\/sintramem-sv.org.br\/sintramem\/wp-content\/uploads\/2025\/09\/4-300x167.jpeg 300w, https:\/\/sintramem-sv.org.br\/sintramem\/wp-content\/uploads\/2025\/09\/4-768x427.jpeg 768w\" sizes=\"auto, (max-width: 900px) 100vw, 900px\" \/><\/p>\n<p><span style=\"font-size: 18pt; color: #ffffff; background-color: #ff0000;\"><strong>Thobias Paraguai, diretor do SINTRAMEM, comenta:<\/strong><\/span><\/p>\n<blockquote><p><span style=\"font-size: 14pt;\">&#8220;O prefeito Kayo Amado recuou e desmanchou o desfile porque temeu nossa for\u00e7a. Sua atitude fala mais alto que qualquer discurso: \u00e9 o medo de encarar de frente os profissionais que ele tanto despreza e de mostrar a sociedade o qu\u00e3o insatisfeitos est\u00e3o os trabalhadores da Educa\u00e7\u00e3o Vicentina&#8221;.<\/span><\/p><\/blockquote>\n<p><img loading=\"lazy\" decoding=\"async\" class=\"aligncenter size-large wp-image-8734\" src=\"https:\/\/sintramem-sv.org.br\/sintramem\/wp-content\/uploads\/2025\/09\/5-1024x570.jpeg\" alt=\"\" width=\"1024\" height=\"570\" srcset=\"https:\/\/sintramem-sv.org.br\/sintramem\/wp-content\/uploads\/2025\/09\/5-1024x570.jpeg 1024w, https:\/\/sintramem-sv.org.br\/sintramem\/wp-content\/uploads\/2025\/09\/5-300x167.jpeg 300w, https:\/\/sintramem-sv.org.br\/sintramem\/wp-content\/uploads\/2025\/09\/5-768x427.jpeg 768w, https:\/\/sintramem-sv.org.br\/sintramem\/wp-content\/uploads\/2025\/09\/5.jpeg 1488w\" sizes=\"auto, (max-width: 1024px) 100vw, 1024px\" \/><\/p>\n<p><span style=\"font-size: 18pt; color: #ffffff; background-color: #ff0000;\"><strong>&#x1f4e3; PR\u00d3XIMO ATO<\/strong><\/span><\/p>\n<p><span style=\"font-size: 14pt;\">O pr\u00f3ximo passo da luta foi aprovado em assembleia geral e ser\u00e1 uma grande manifesta\u00e7\u00e3o, fora do hor\u00e1rio de servi\u00e7o, na Pra\u00e7a Bar\u00e3o. O ato reunir\u00e1 a diretoria do <strong>SINTRAMEM<\/strong> e toda a categoria para, mais uma vez, levar \u00e0 sociedade a verdade sobre a educa\u00e7\u00e3o vicentina. A inten\u00e7\u00e3o \u00e9 realizar um protesto massivo e pac\u00edfico, com panfletagem e esclarecimento direto \u00e0 popula\u00e7\u00e3o. <\/span><\/p>\n<p><span style=\"font-size: 14pt;\">A diretoria comunicar\u00e1 oficialmente a data e o hor\u00e1rio concretos nos pr\u00f3ximos dias, convocando todos os Servidores da Educa\u00e7\u00e3o e a comunidade para se unirem nesta causa em defesa do ensino p\u00fablico.<\/span><\/p>\n<p><span style=\"font-size: 18pt;\"><strong> A luta continua!<\/strong><\/span><\/p>\n<p><img loading=\"lazy\" decoding=\"async\" class=\"aligncenter size-large wp-image-8732\" src=\"https:\/\/sintramem-sv.org.br\/sintramem\/wp-content\/uploads\/2025\/09\/3-1024x570.jpeg\" alt=\"\" width=\"1024\" height=\"570\" srcset=\"https:\/\/sintramem-sv.org.br\/sintramem\/wp-content\/uploads\/2025\/09\/3-1024x570.jpeg 1024w, https:\/\/sintramem-sv.org.br\/sintramem\/wp-content\/uploads\/2025\/09\/3-300x167.jpeg 300w, https:\/\/sintramem-sv.org.br\/sintramem\/wp-content\/uploads\/2025\/09\/3-768x428.jpeg 768w, https:\/\/sintramem-sv.org.br\/sintramem\/wp-content\/uploads\/2025\/09\/3.jpeg 1200w\" sizes=\"auto, (max-width: 1024px) 100vw, 1024px\" \/><\/p>\n<p><img loading=\"lazy\" decoding=\"async\" class=\"aligncenter size-large wp-image-8731\" src=\"https:\/\/sintramem-sv.org.br\/sintramem\/wp-content\/uploads\/2025\/09\/2-1024x570.jpeg\" alt=\"\" width=\"1024\" height=\"570\" srcset=\"https:\/\/sintramem-sv.org.br\/sintramem\/wp-content\/uploads\/2025\/09\/2-1024x570.jpeg 1024w, https:\/\/sintramem-sv.org.br\/sintramem\/wp-content\/uploads\/2025\/09\/2-300x167.jpeg 300w, https:\/\/sintramem-sv.org.br\/sintramem\/wp-content\/uploads\/2025\/09\/2-768x428.jpeg 768w, https:\/\/sintramem-sv.org.br\/sintramem\/wp-content\/uploads\/2025\/09\/2.jpeg 1200w\" sizes=\"auto, (max-width: 1024px) 100vw, 1024px\" \/><\/p>\n<p><img loading=\"lazy\" decoding=\"async\" class=\"aligncenter size-large wp-image-8730\" src=\"https:\/\/sintramem-sv.org.br\/sintramem\/wp-content\/uploads\/2025\/09\/1-1024x570.jpeg\" alt=\"\" width=\"1024\" height=\"570\" srcset=\"https:\/\/sintramem-sv.org.br\/sintramem\/wp-content\/uploads\/2025\/09\/1-1024x570.jpeg 1024w, https:\/\/sintramem-sv.org.br\/sintramem\/wp-content\/uploads\/2025\/09\/1-300x167.jpeg 300w, https:\/\/sintramem-sv.org.br\/sintramem\/wp-content\/uploads\/2025\/09\/1-768x428.jpeg 768w, https:\/\/sintramem-sv.org.br\/sintramem\/wp-content\/uploads\/2025\/09\/1.jpeg 1200w\" sizes=\"auto, (max-width: 1024px) 100vw, 1024px\" \/><\/p>\n","protected":false},"excerpt":{"rendered":"<p>Em um movimento de recuo claro e calculado, a administra\u00e7\u00e3o do prefeito Kayo Amado alterou, na \u00faltima hora, a estrutura tradicional do Desfile C\u00edvico de S\u00e3o Vicente. O motivo? O temor da ampla mobiliza\u00e7\u00e3o e do protesto organizado pelos Professores e Profissionais do Magist\u00e9rio da rede municipal. O que estava planejado para ser uma grande&hellip;<\/p>\n","protected":false},"author":1,"featured_media":8726,"comment_status":"open","ping_status":"closed","sticky":false,"template":"","format":"standard","meta":{"_monsterinsights_skip_tracking":false,"_monsterinsights_sitenote_active":false,"_monsterinsights_sitenote_note":"","_monsterinsights_sitenote_category":0,"footnotes":""},"categories":[1],"tags":[],"class_list":["post-8724","post","type-post","status-publish","format-standard","has-post-thumbnail","hentry","category-sintramem-sintramem"],"yoast_head":"<!-- This site is optimized with the Yoast SEO plugin v27.0 - https:\/\/yoast.com\/product\/yoast-seo-wordpress\/ -->\n<title>Prefeitura recua e desfigura Desfile C\u00edvico com medo da mobiliza\u00e7\u00e3o dos Profissionais do Magist\u00e9rio - SINTRAMEM<\/title>\n<meta name=\"robots\" content=\"index, follow, max-snippet:-1, max-image-preview:large, max-video-preview:-1\" \/>\n<link rel=\"canonical\" href=\"https:\/\/sintramem-sv.org.br\/sintramem\/prefeitura-recua-e-desfigura-desfile-civico-com-medo-da-mobilizacao-dos-profissionais-do-magisterio\/\" \/>\n<meta property=\"og:locale\" content=\"pt_BR\" \/>\n<meta property=\"og:type\" content=\"article\" \/>\n<meta property=\"og:title\" content=\"Prefeitura recua e desfigura Desfile C\u00edvico com medo da mobiliza\u00e7\u00e3o dos Profissionais do Magist\u00e9rio - SINTRAMEM\" \/>\n<meta property=\"og:description\" content=\"Em um movimento de recuo claro e calculado, a administra\u00e7\u00e3o do prefeito Kayo Amado alterou, na \u00faltima hora, a estrutura tradicional do Desfile C\u00edvico de S\u00e3o Vicente. O motivo? O temor da ampla mobiliza\u00e7\u00e3o e do protesto organizado pelos Professores e Profissionais do Magist\u00e9rio da rede municipal. O que estava planejado para ser uma grande&hellip;\" \/>\n<meta property=\"og:url\" content=\"https:\/\/sintramem-sv.org.br\/sintramem\/prefeitura-recua-e-desfigura-desfile-civico-com-medo-da-mobilizacao-dos-profissionais-do-magisterio\/\" \/>\n<meta property=\"og:site_name\" content=\"SINTRAMEM\" \/>\n<meta property=\"article:published_time\" content=\"2025-09-04T20:40:41+00:00\" \/>\n<meta property=\"article:modified_time\" content=\"2025-09-05T13:48:24+00:00\" \/>\n<meta property=\"og:image\" content=\"https:\/\/sintramem-sv.org.br\/sintramem\/wp-content\/uploads\/2025\/09\/8-1140x641-1.jpeg\" \/>\n\t<meta property=\"og:image:width\" content=\"600\" \/>\n\t<meta property=\"og:image:height\" content=\"337\" \/>\n\t<meta property=\"og:image:type\" content=\"image\/jpeg\" \/>\n<meta name=\"author\" content=\"sintramem\" \/>\n<meta name=\"twitter:card\" content=\"summary_large_image\" \/>\n<meta name=\"twitter:label1\" content=\"Escrito por\" \/>\n\t<meta name=\"twitter:data1\" content=\"sintramem\" \/>\n\t<meta name=\"twitter:label2\" content=\"Est. tempo de leitura\" \/>\n\t<meta name=\"twitter:data2\" content=\"4 minutos\" \/>\n<script type=\"application\/ld+json\" class=\"yoast-schema-graph\">{\"@context\":\"https:\/\/schema.org\",\"@graph\":[{\"@type\":\"Article\",\"@id\":\"https:\/\/sintramem-sv.org.br\/sintramem\/prefeitura-recua-e-desfigura-desfile-civico-com-medo-da-mobilizacao-dos-profissionais-do-magisterio\/#article\",\"isPartOf\":{\"@id\":\"https:\/\/sintramem-sv.org.br\/sintramem\/prefeitura-recua-e-desfigura-desfile-civico-com-medo-da-mobilizacao-dos-profissionais-do-magisterio\/\"},\"author\":{\"name\":\"sintramem\",\"@id\":\"https:\/\/sintramem-sv.org.br\/sintramem\/#\/schema\/person\/a8decb8ea63607d1e01e046c95ddcf2b\"},\"headline\":\"Prefeitura recua e desfigura Desfile C\u00edvico com medo da mobiliza\u00e7\u00e3o dos Profissionais do Magist\u00e9rio\",\"datePublished\":\"2025-09-04T20:40:41+00:00\",\"dateModified\":\"2025-09-05T13:48:24+00:00\",\"mainEntityOfPage\":{\"@id\":\"https:\/\/sintramem-sv.org.br\/sintramem\/prefeitura-recua-e-desfigura-desfile-civico-com-medo-da-mobilizacao-dos-profissionais-do-magisterio\/\"},\"wordCount\":390,\"commentCount\":0,\"publisher\":{\"@id\":\"https:\/\/sintramem-sv.org.br\/sintramem\/#organization\"},\"image\":{\"@id\":\"https:\/\/sintramem-sv.org.br\/sintramem\/prefeitura-recua-e-desfigura-desfile-civico-com-medo-da-mobilizacao-dos-profissionais-do-magisterio\/#primaryimage\"},\"thumbnailUrl\":\"https:\/\/sintramem-sv.org.br\/sintramem\/wp-content\/uploads\/2025\/09\/8.jpeg\",\"articleSection\":[\"sintramem\"],\"inLanguage\":\"pt-BR\",\"potentialAction\":[{\"@type\":\"CommentAction\",\"name\":\"Comment\",\"target\":[\"https:\/\/sintramem-sv.org.br\/sintramem\/prefeitura-recua-e-desfigura-desfile-civico-com-medo-da-mobilizacao-dos-profissionais-do-magisterio\/#respond\"]}]},{\"@type\":\"WebPage\",\"@id\":\"https:\/\/sintramem-sv.org.br\/sintramem\/prefeitura-recua-e-desfigura-desfile-civico-com-medo-da-mobilizacao-dos-profissionais-do-magisterio\/\",\"url\":\"https:\/\/sintramem-sv.org.br\/sintramem\/prefeitura-recua-e-desfigura-desfile-civico-com-medo-da-mobilizacao-dos-profissionais-do-magisterio\/\",\"name\":\"Prefeitura recua e desfigura Desfile C\u00edvico com medo da mobiliza\u00e7\u00e3o dos Profissionais do Magist\u00e9rio - SINTRAMEM\",\"isPartOf\":{\"@id\":\"https:\/\/sintramem-sv.org.br\/sintramem\/#website\"},\"primaryImageOfPage\":{\"@id\":\"https:\/\/sintramem-sv.org.br\/sintramem\/prefeitura-recua-e-desfigura-desfile-civico-com-medo-da-mobilizacao-dos-profissionais-do-magisterio\/#primaryimage\"},\"image\":{\"@id\":\"https:\/\/sintramem-sv.org.br\/sintramem\/prefeitura-recua-e-desfigura-desfile-civico-com-medo-da-mobilizacao-dos-profissionais-do-magisterio\/#primaryimage\"},\"thumbnailUrl\":\"https:\/\/sintramem-sv.org.br\/sintramem\/wp-content\/uploads\/2025\/09\/8.jpeg\",\"datePublished\":\"2025-09-04T20:40:41+00:00\",\"dateModified\":\"2025-09-05T13:48:24+00:00\",\"breadcrumb\":{\"@id\":\"https:\/\/sintramem-sv.org.br\/sintramem\/prefeitura-recua-e-desfigura-desfile-civico-com-medo-da-mobilizacao-dos-profissionais-do-magisterio\/#breadcrumb\"},\"inLanguage\":\"pt-BR\",\"potentialAction\":[{\"@type\":\"ReadAction\",\"target\":[\"https:\/\/sintramem-sv.org.br\/sintramem\/prefeitura-recua-e-desfigura-desfile-civico-com-medo-da-mobilizacao-dos-profissionais-do-magisterio\/\"]}]},{\"@type\":\"ImageObject\",\"inLanguage\":\"pt-BR\",\"@id\":\"https:\/\/sintramem-sv.org.br\/sintramem\/prefeitura-recua-e-desfigura-desfile-civico-com-medo-da-mobilizacao-dos-profissionais-do-magisterio\/#primaryimage\",\"url\":\"https:\/\/sintramem-sv.org.br\/sintramem\/wp-content\/uploads\/2025\/09\/8.jpeg\",\"contentUrl\":\"https:\/\/sintramem-sv.org.br\/sintramem\/wp-content\/uploads\/2025\/09\/8.jpeg\",\"width\":1156,\"height\":644},{\"@type\":\"BreadcrumbList\",\"@id\":\"https:\/\/sintramem-sv.org.br\/sintramem\/prefeitura-recua-e-desfigura-desfile-civico-com-medo-da-mobilizacao-dos-profissionais-do-magisterio\/#breadcrumb\",\"itemListElement\":[{\"@type\":\"ListItem\",\"position\":1,\"name\":\"In\u00edcio\",\"item\":\"https:\/\/sintramem-sv.org.br\/sintramem\/\"},{\"@type\":\"ListItem\",\"position\":2,\"name\":\"Prefeitura recua e desfigura Desfile C\u00edvico com medo da mobiliza\u00e7\u00e3o dos Profissionais do Magist\u00e9rio\"}]},{\"@type\":\"WebSite\",\"@id\":\"https:\/\/sintramem-sv.org.br\/sintramem\/#website\",\"url\":\"https:\/\/sintramem-sv.org.br\/sintramem\/\",\"name\":\"SINTRAMEM\",\"description\":\"Sindicato dos Trabalhadores no Magist\u00e9rio e na Educa\u00e7\u00e3o de S\u00e3o Vicente\",\"publisher\":{\"@id\":\"https:\/\/sintramem-sv.org.br\/sintramem\/#organization\"},\"potentialAction\":[{\"@type\":\"SearchAction\",\"target\":{\"@type\":\"EntryPoint\",\"urlTemplate\":\"https:\/\/sintramem-sv.org.br\/sintramem\/?s={search_term_string}\"},\"query-input\":{\"@type\":\"PropertyValueSpecification\",\"valueRequired\":true,\"valueName\":\"search_term_string\"}}],\"inLanguage\":\"pt-BR\"},{\"@type\":\"Organization\",\"@id\":\"https:\/\/sintramem-sv.org.br\/sintramem\/#organization\",\"name\":\"SINTRAMEM\",\"url\":\"https:\/\/sintramem-sv.org.br\/sintramem\/\",\"logo\":{\"@type\":\"ImageObject\",\"inLanguage\":\"pt-BR\",\"@id\":\"https:\/\/sintramem-sv.org.br\/sintramem\/#\/schema\/logo\/image\/\",\"url\":\"https:\/\/sintramem-sv.org.br\/sintramem\/wp-content\/uploads\/2017\/02\/SINTRAMEM-LOGO-OFICIAL-300x100-jpg.jpg\",\"contentUrl\":\"https:\/\/sintramem-sv.org.br\/sintramem\/wp-content\/uploads\/2017\/02\/SINTRAMEM-LOGO-OFICIAL-300x100-jpg.jpg\",\"width\":150,\"height\":150,\"caption\":\"SINTRAMEM\"},\"image\":{\"@id\":\"https:\/\/sintramem-sv.org.br\/sintramem\/#\/schema\/logo\/image\/\"}},{\"@type\":\"Person\",\"@id\":\"https:\/\/sintramem-sv.org.br\/sintramem\/#\/schema\/person\/a8decb8ea63607d1e01e046c95ddcf2b\",\"name\":\"sintramem\",\"image\":{\"@type\":\"ImageObject\",\"inLanguage\":\"pt-BR\",\"@id\":\"https:\/\/sintramem-sv.org.br\/sintramem\/#\/schema\/person\/image\/\",\"url\":\"https:\/\/secure.gravatar.com\/avatar\/8e06da3b0d4f051010117c848b52b9280a4228043717057ccccccc8b20ff8f48?s=96&d=mm&r=g\",\"contentUrl\":\"https:\/\/secure.gravatar.com\/avatar\/8e06da3b0d4f051010117c848b52b9280a4228043717057ccccccc8b20ff8f48?s=96&d=mm&r=g\",\"caption\":\"sintramem\"},\"description\":\"Sindicato dos Trabalhadores no Magist\u00e9rio e na Educa\u00e7\u00e3o Municipal de S\u00e3o Vicente\",\"url\":\"https:\/\/sintramem-sv.org.br\/sintramem\/author\/sindsv\/\"}]}<\/script>\n<!-- \/ Yoast SEO plugin. -->","yoast_head_json":{"title":"Prefeitura recua e desfigura Desfile C\u00edvico com medo da mobiliza\u00e7\u00e3o dos Profissionais do Magist\u00e9rio - SINTRAMEM","robots":{"index":"index","follow":"follow","max-snippet":"max-snippet:-1","max-image-preview":"max-image-preview:large","max-video-preview":"max-video-preview:-1"},"canonical":"https:\/\/sintramem-sv.org.br\/sintramem\/prefeitura-recua-e-desfigura-desfile-civico-com-medo-da-mobilizacao-dos-profissionais-do-magisterio\/","og_locale":"pt_BR","og_type":"article","og_title":"Prefeitura recua e desfigura Desfile C\u00edvico com medo da mobiliza\u00e7\u00e3o dos Profissionais do Magist\u00e9rio - SINTRAMEM","og_description":"Em um movimento de recuo claro e calculado, a administra\u00e7\u00e3o do prefeito Kayo Amado alterou, na \u00faltima hora, a estrutura tradicional do Desfile C\u00edvico de S\u00e3o Vicente. O motivo? O temor da ampla mobiliza\u00e7\u00e3o e do protesto organizado pelos Professores e Profissionais do Magist\u00e9rio da rede municipal. O que estava planejado para ser uma grande&hellip;","og_url":"https:\/\/sintramem-sv.org.br\/sintramem\/prefeitura-recua-e-desfigura-desfile-civico-com-medo-da-mobilizacao-dos-profissionais-do-magisterio\/","og_site_name":"SINTRAMEM","article_published_time":"2025-09-04T20:40:41+00:00","article_modified_time":"2025-09-05T13:48:24+00:00","og_image":[{"width":600,"height":337,"url":"https:\/\/sintramem-sv.org.br\/sintramem\/wp-content\/uploads\/2025\/09\/8-1140x641-1.jpeg","type":"image\/jpeg"}],"author":"sintramem","twitter_card":"summary_large_image","twitter_misc":{"Escrito por":"sintramem","Est. tempo de leitura":"4 minutos"},"schema":{"@context":"https:\/\/schema.org","@graph":[{"@type":"Article","@id":"https:\/\/sintramem-sv.org.br\/sintramem\/prefeitura-recua-e-desfigura-desfile-civico-com-medo-da-mobilizacao-dos-profissionais-do-magisterio\/#article","isPartOf":{"@id":"https:\/\/sintramem-sv.org.br\/sintramem\/prefeitura-recua-e-desfigura-desfile-civico-com-medo-da-mobilizacao-dos-profissionais-do-magisterio\/"},"author":{"name":"sintramem","@id":"https:\/\/sintramem-sv.org.br\/sintramem\/#\/schema\/person\/a8decb8ea63607d1e01e046c95ddcf2b"},"headline":"Prefeitura recua e desfigura Desfile C\u00edvico com medo da mobiliza\u00e7\u00e3o dos Profissionais do Magist\u00e9rio","datePublished":"2025-09-04T20:40:41+00:00","dateModified":"2025-09-05T13:48:24+00:00","mainEntityOfPage":{"@id":"https:\/\/sintramem-sv.org.br\/sintramem\/prefeitura-recua-e-desfigura-desfile-civico-com-medo-da-mobilizacao-dos-profissionais-do-magisterio\/"},"wordCount":390,"commentCount":0,"publisher":{"@id":"https:\/\/sintramem-sv.org.br\/sintramem\/#organization"},"image":{"@id":"https:\/\/sintramem-sv.org.br\/sintramem\/prefeitura-recua-e-desfigura-desfile-civico-com-medo-da-mobilizacao-dos-profissionais-do-magisterio\/#primaryimage"},"thumbnailUrl":"https:\/\/sintramem-sv.org.br\/sintramem\/wp-content\/uploads\/2025\/09\/8.jpeg","articleSection":["sintramem"],"inLanguage":"pt-BR","potentialAction":[{"@type":"CommentAction","name":"Comment","target":["https:\/\/sintramem-sv.org.br\/sintramem\/prefeitura-recua-e-desfigura-desfile-civico-com-medo-da-mobilizacao-dos-profissionais-do-magisterio\/#respond"]}]},{"@type":"WebPage","@id":"https:\/\/sintramem-sv.org.br\/sintramem\/prefeitura-recua-e-desfigura-desfile-civico-com-medo-da-mobilizacao-dos-profissionais-do-magisterio\/","url":"https:\/\/sintramem-sv.org.br\/sintramem\/prefeitura-recua-e-desfigura-desfile-civico-com-medo-da-mobilizacao-dos-profissionais-do-magisterio\/","name":"Prefeitura recua e desfigura Desfile C\u00edvico com medo da mobiliza\u00e7\u00e3o dos Profissionais do Magist\u00e9rio - SINTRAMEM","isPartOf":{"@id":"https:\/\/sintramem-sv.org.br\/sintramem\/#website"},"primaryImageOfPage":{"@id":"https:\/\/sintramem-sv.org.br\/sintramem\/prefeitura-recua-e-desfigura-desfile-civico-com-medo-da-mobilizacao-dos-profissionais-do-magisterio\/#primaryimage"},"image":{"@id":"https:\/\/sintramem-sv.org.br\/sintramem\/prefeitura-recua-e-desfigura-desfile-civico-com-medo-da-mobilizacao-dos-profissionais-do-magisterio\/#primaryimage"},"thumbnailUrl":"https:\/\/sintramem-sv.org.br\/sintramem\/wp-content\/uploads\/2025\/09\/8.jpeg","datePublished":"2025-09-04T20:40:41+00:00","dateModified":"2025-09-05T13:48:24+00:00","breadcrumb":{"@id":"https:\/\/sintramem-sv.org.br\/sintramem\/prefeitura-recua-e-desfigura-desfile-civico-com-medo-da-mobilizacao-dos-profissionais-do-magisterio\/#breadcrumb"},"inLanguage":"pt-BR","potentialAction":[{"@type":"ReadAction","target":["https:\/\/sintramem-sv.org.br\/sintramem\/prefeitura-recua-e-desfigura-desfile-civico-com-medo-da-mobilizacao-dos-profissionais-do-magisterio\/"]}]},{"@type":"ImageObject","inLanguage":"pt-BR","@id":"https:\/\/sintramem-sv.org.br\/sintramem\/prefeitura-recua-e-desfigura-desfile-civico-com-medo-da-mobilizacao-dos-profissionais-do-magisterio\/#primaryimage","url":"https:\/\/sintramem-sv.org.br\/sintramem\/wp-content\/uploads\/2025\/09\/8.jpeg","contentUrl":"https:\/\/sintramem-sv.org.br\/sintramem\/wp-content\/uploads\/2025\/09\/8.jpeg","width":1156,"height":644},{"@type":"BreadcrumbList","@id":"https:\/\/sintramem-sv.org.br\/sintramem\/prefeitura-recua-e-desfigura-desfile-civico-com-medo-da-mobilizacao-dos-profissionais-do-magisterio\/#breadcrumb","itemListElement":[{"@type":"ListItem","position":1,"name":"In\u00edcio","item":"https:\/\/sintramem-sv.org.br\/sintramem\/"},{"@type":"ListItem","position":2,"name":"Prefeitura recua e desfigura Desfile C\u00edvico com medo da mobiliza\u00e7\u00e3o dos Profissionais do Magist\u00e9rio"}]},{"@type":"WebSite","@id":"https:\/\/sintramem-sv.org.br\/sintramem\/#website","url":"https:\/\/sintramem-sv.org.br\/sintramem\/","name":"SINTRAMEM","description":"Sindicato dos Trabalhadores no Magist\u00e9rio e na Educa\u00e7\u00e3o de S\u00e3o Vicente","publisher":{"@id":"https:\/\/sintramem-sv.org.br\/sintramem\/#organization"},"potentialAction":[{"@type":"SearchAction","target":{"@type":"EntryPoint","urlTemplate":"https:\/\/sintramem-sv.org.br\/sintramem\/?s={search_term_string}"},"query-input":{"@type":"PropertyValueSpecification","valueRequired":true,"valueName":"search_term_string"}}],"inLanguage":"pt-BR"},{"@type":"Organization","@id":"https:\/\/sintramem-sv.org.br\/sintramem\/#organization","name":"SINTRAMEM","url":"https:\/\/sintramem-sv.org.br\/sintramem\/","logo":{"@type":"ImageObject","inLanguage":"pt-BR","@id":"https:\/\/sintramem-sv.org.br\/sintramem\/#\/schema\/logo\/image\/","url":"https:\/\/sintramem-sv.org.br\/sintramem\/wp-content\/uploads\/2017\/02\/SINTRAMEM-LOGO-OFICIAL-300x100-jpg.jpg","contentUrl":"https:\/\/sintramem-sv.org.br\/sintramem\/wp-content\/uploads\/2017\/02\/SINTRAMEM-LOGO-OFICIAL-300x100-jpg.jpg","width":150,"height":150,"caption":"SINTRAMEM"},"image":{"@id":"https:\/\/sintramem-sv.org.br\/sintramem\/#\/schema\/logo\/image\/"}},{"@type":"Person","@id":"https:\/\/sintramem-sv.org.br\/sintramem\/#\/schema\/person\/a8decb8ea63607d1e01e046c95ddcf2b","name":"sintramem","image":{"@type":"ImageObject","inLanguage":"pt-BR","@id":"https:\/\/sintramem-sv.org.br\/sintramem\/#\/schema\/person\/image\/","url":"https:\/\/secure.gravatar.com\/avatar\/8e06da3b0d4f051010117c848b52b9280a4228043717057ccccccc8b20ff8f48?s=96&d=mm&r=g","contentUrl":"https:\/\/secure.gravatar.com\/avatar\/8e06da3b0d4f051010117c848b52b9280a4228043717057ccccccc8b20ff8f48?s=96&d=mm&r=g","caption":"sintramem"},"description":"Sindicato dos Trabalhadores no Magist\u00e9rio e na Educa\u00e7\u00e3o Municipal de S\u00e3o Vicente","url":"https:\/\/sintramem-sv.org.br\/sintramem\/author\/sindsv\/"}]}},"_links":{"self":[{"href":"https:\/\/sintramem-sv.org.br\/sintramem\/wp-json\/wp\/v2\/posts\/8724","targetHints":{"allow":["GET"]}}],"collection":[{"href":"https:\/\/sintramem-sv.org.br\/sintramem\/wp-json\/wp\/v2\/posts"}],"about":[{"href":"https:\/\/sintramem-sv.org.br\/sintramem\/wp-json\/wp\/v2\/types\/post"}],"author":[{"embeddable":true,"href":"https:\/\/sintramem-sv.org.br\/sintramem\/wp-json\/wp\/v2\/users\/1"}],"replies":[{"embeddable":true,"href":"https:\/\/sintramem-sv.org.br\/sintramem\/wp-json\/wp\/v2\/comments?post=8724"}],"version-history":[{"count":5,"href":"https:\/\/sintramem-sv.org.br\/sintramem\/wp-json\/wp\/v2\/posts\/8724\/revisions"}],"predecessor-version":[{"id":8737,"href":"https:\/\/sintramem-sv.org.br\/sintramem\/wp-json\/wp\/v2\/posts\/8724\/revisions\/8737"}],"wp:featuredmedia":[{"embeddable":true,"href":"https:\/\/sintramem-sv.org.br\/sintramem\/wp-json\/wp\/v2\/media\/8726"}],"wp:attachment":[{"href":"https:\/\/sintramem-sv.org.br\/sintramem\/wp-json\/wp\/v2\/media?parent=8724"}],"wp:term":[{"taxonomy":"category","embeddable":true,"href":"https:\/\/sintramem-sv.org.br\/sintramem\/wp-json\/wp\/v2\/categories?post=8724"},{"taxonomy":"post_tag","embeddable":true,"href":"https:\/\/sintramem-sv.org.br\/sintramem\/wp-json\/wp\/v2\/tags?post=8724"}],"curies":[{"name":"wp","href":"https:\/\/api.w.org\/{rel}","templated":true}]}}