{"id":8716,"date":"2025-09-01T22:16:06","date_gmt":"2025-09-01T22:16:06","guid":{"rendered":"https:\/\/sintramem-sv.org.br\/sintramem\/?p=8716"},"modified":"2025-09-01T22:54:12","modified_gmt":"2025-09-01T22:54:12","slug":"diretoria-do-sintramem-se-reune-com-o-deputado-estadual-antonio-donato","status":"publish","type":"post","link":"https:\/\/sintramem-sv.org.br\/sintramem\/diretoria-do-sintramem-se-reune-com-o-deputado-estadual-antonio-donato\/","title":{"rendered":"Diretoria do SINTRAMEM se re\u00fane com o deputado estadual Ant\u00f4nio Donato para tratar dos ataques constantes da gest\u00e3o Kayo Amado"},"content":{"rendered":"<p><!--StartFragment --><\/p>\n<p class=\"pf0\"><span class=\"cf0\" style=\"font-size: 14pt;\">O SINTRAMEM recebeu nesta segunda, dia 1\u00ba de setembro, a visita do deputado estadual Ant\u00f4nio Donato. <strong>Os constantes desmandos da Administra\u00e7\u00e3o Kayo Amado (Podemos) na \u00e1rea da Educa\u00e7\u00e3o chamaram a aten\u00e7\u00e3o do parlamentar<\/strong>. Seus assessores j\u00e1 haviam estado em nossa sede anteriormente, mas, diante da gravidade da situa\u00e7\u00e3o, o pr\u00f3prio deputado fez quest\u00e3o de comparecer pessoalmente ao Sindicato para compreender de perto todos os absurdos cometidos por esta gest\u00e3o.<\/span><\/p>\n<p><span style=\"font-size: 18pt;\"><strong>AVALIA\u00c7\u00c3O DO SINDICATO<\/strong><\/span><\/p>\n<p class=\"pf0\"><span style=\"font-size: 14pt;\"><span class=\"cf0\">Agradecemos a visita e o interesse do deputado <strong>Ant\u00f4nio Donato<\/strong>, pois se comprometeu a buscar solu\u00e7\u00f5es diante do <strong>cen\u00e1rio preocupante que atinge a Educa\u00e7\u00e3o municipal de S\u00e3o Vicente<\/strong>. <\/span><span class=\"cf0\">Refor\u00e7amos tamb\u00e9m o convite a todos os deputados da regi\u00e3o (Solange Freitas, Caio Fran\u00e7a e Paulo Alexandre Barbosa), que at\u00e9 o momento n\u00e3o se manifestaram, a fim de se posicionem frente aos DESMANDOS e ATAQUES SISTEM\u00c1TICOS da Administra\u00e7\u00e3o Kayo Amado.<\/span><\/span><\/p>\n<p class=\"pf0\"><span style=\"font-size: 14pt;\"><span class=\"cf0\">&#8220;<em>O SINTRAMEM segue firme na luta e de portas abertas para receber todos que est\u00e3o dispostos a trabalharem em prol da categoria, seus direitos, respeito e valoriza\u00e7\u00e3o. Jamais aceitaremos qualquer retrocesso. Novamente, somos gratos ao deputado Ant\u00f4nio pelo apoio<\/em>&#8220;, <strong>afirma o presidente Roberto Ciccarelli.<\/strong><\/span><\/span><\/p>\n<p><!--EndFragment --><\/p>\n<p><img loading=\"lazy\" decoding=\"async\" class=\"aligncenter size-large wp-image-8718\" src=\"https:\/\/sintramem-sv.org.br\/sintramem\/wp-content\/uploads\/2025\/09\/WhatsApp-Image-2025-09-01-at-18.59.35-1024x569.jpeg\" alt=\"\" width=\"1024\" height=\"569\" srcset=\"https:\/\/sintramem-sv.org.br\/sintramem\/wp-content\/uploads\/2025\/09\/WhatsApp-Image-2025-09-01-at-18.59.35-1024x569.jpeg 1024w, https:\/\/sintramem-sv.org.br\/sintramem\/wp-content\/uploads\/2025\/09\/WhatsApp-Image-2025-09-01-at-18.59.35-300x167.jpeg 300w, https:\/\/sintramem-sv.org.br\/sintramem\/wp-content\/uploads\/2025\/09\/WhatsApp-Image-2025-09-01-at-18.59.35-768x427.jpeg 768w, https:\/\/sintramem-sv.org.br\/sintramem\/wp-content\/uploads\/2025\/09\/WhatsApp-Image-2025-09-01-at-18.59.35.jpeg 1034w\" sizes=\"auto, (max-width: 1024px) 100vw, 1024px\" \/><\/p>\n","protected":false},"excerpt":{"rendered":"<p>O SINTRAMEM recebeu nesta segunda, dia 1\u00ba de setembro, a visita do deputado estadual Ant\u00f4nio Donato. Os constantes desmandos da Administra\u00e7\u00e3o Kayo Amado (Podemos) na \u00e1rea da Educa\u00e7\u00e3o chamaram a aten\u00e7\u00e3o do parlamentar. Seus assessores j\u00e1 haviam estado em nossa sede anteriormente, mas, diante da gravidade da situa\u00e7\u00e3o, o pr\u00f3prio deputado fez quest\u00e3o de comparecer&hellip;<\/p>\n","protected":false},"author":1,"featured_media":8717,"comment_status":"open","ping_status":"closed","sticky":false,"template":"","format":"standard","meta":{"_monsterinsights_skip_tracking":false,"_monsterinsights_sitenote_active":false,"_monsterinsights_sitenote_note":"","_monsterinsights_sitenote_category":0,"footnotes":""},"categories":[19],"tags":[],"class_list":["post-8716","post","type-post","status-publish","format-standard","has-post-thumbnail","hentry","category-sintramem"],"yoast_head":"<!-- This site is optimized with the Yoast SEO plugin v27.0 - https:\/\/yoast.com\/product\/yoast-seo-wordpress\/ -->\n<title>Diretoria do SINTRAMEM se re\u00fane com o deputado estadual Ant\u00f4nio Donato para tratar dos ataques constantes da gest\u00e3o Kayo Amado - SINTRAMEM<\/title>\n<meta name=\"robots\" content=\"index, follow, max-snippet:-1, max-image-preview:large, max-video-preview:-1\" \/>\n<link rel=\"canonical\" href=\"https:\/\/sintramem-sv.org.br\/sintramem\/diretoria-do-sintramem-se-reune-com-o-deputado-estadual-antonio-donato\/\" \/>\n<meta property=\"og:locale\" content=\"pt_BR\" \/>\n<meta property=\"og:type\" content=\"article\" \/>\n<meta property=\"og:title\" content=\"Diretoria do SINTRAMEM se re\u00fane com o deputado estadual Ant\u00f4nio Donato para tratar dos ataques constantes da gest\u00e3o Kayo Amado - SINTRAMEM\" \/>\n<meta property=\"og:description\" content=\"O SINTRAMEM recebeu nesta segunda, dia 1\u00ba de setembro, a visita do deputado estadual Ant\u00f4nio Donato. Os constantes desmandos da Administra\u00e7\u00e3o Kayo Amado (Podemos) na \u00e1rea da Educa\u00e7\u00e3o chamaram a aten\u00e7\u00e3o do parlamentar. Seus assessores j\u00e1 haviam estado em nossa sede anteriormente, mas, diante da gravidade da situa\u00e7\u00e3o, o pr\u00f3prio deputado fez quest\u00e3o de comparecer&hellip;\" \/>\n<meta property=\"og:url\" content=\"https:\/\/sintramem-sv.org.br\/sintramem\/diretoria-do-sintramem-se-reune-com-o-deputado-estadual-antonio-donato\/\" \/>\n<meta property=\"og:site_name\" content=\"SINTRAMEM\" \/>\n<meta property=\"article:published_time\" content=\"2025-09-01T22:16:06+00:00\" \/>\n<meta property=\"article:modified_time\" content=\"2025-09-01T22:54:12+00:00\" \/>\n<meta property=\"og:image\" content=\"https:\/\/sintramem-sv.org.br\/sintramem\/wp-content\/uploads\/2025\/09\/WhatsApp-Image-2025-09-01-at-18.59.36.jpeg\" \/>\n\t<meta property=\"og:image:width\" content=\"1294\" \/>\n\t<meta property=\"og:image:height\" content=\"720\" \/>\n\t<meta property=\"og:image:type\" content=\"image\/jpeg\" \/>\n<meta name=\"author\" content=\"sintramem\" \/>\n<meta name=\"twitter:card\" content=\"summary_large_image\" \/>\n<meta name=\"twitter:label1\" content=\"Escrito por\" \/>\n\t<meta name=\"twitter:data1\" content=\"sintramem\" \/>\n\t<meta name=\"twitter:label2\" content=\"Est. tempo de leitura\" \/>\n\t<meta name=\"twitter:data2\" content=\"2 minutos\" \/>\n<script type=\"application\/ld+json\" class=\"yoast-schema-graph\">{\"@context\":\"https:\/\/schema.org\",\"@graph\":[{\"@type\":\"Article\",\"@id\":\"https:\/\/sintramem-sv.org.br\/sintramem\/diretoria-do-sintramem-se-reune-com-o-deputado-estadual-antonio-donato\/#article\",\"isPartOf\":{\"@id\":\"https:\/\/sintramem-sv.org.br\/sintramem\/diretoria-do-sintramem-se-reune-com-o-deputado-estadual-antonio-donato\/\"},\"author\":{\"name\":\"sintramem\",\"@id\":\"https:\/\/sintramem-sv.org.br\/sintramem\/#\/schema\/person\/a8decb8ea63607d1e01e046c95ddcf2b\"},\"headline\":\"Diretoria do SINTRAMEM se re\u00fane com o deputado estadual Ant\u00f4nio Donato para tratar dos ataques constantes da gest\u00e3o Kayo Amado\",\"datePublished\":\"2025-09-01T22:16:06+00:00\",\"dateModified\":\"2025-09-01T22:54:12+00:00\",\"mainEntityOfPage\":{\"@id\":\"https:\/\/sintramem-sv.org.br\/sintramem\/diretoria-do-sintramem-se-reune-com-o-deputado-estadual-antonio-donato\/\"},\"wordCount\":230,\"commentCount\":0,\"publisher\":{\"@id\":\"https:\/\/sintramem-sv.org.br\/sintramem\/#organization\"},\"image\":{\"@id\":\"https:\/\/sintramem-sv.org.br\/sintramem\/diretoria-do-sintramem-se-reune-com-o-deputado-estadual-antonio-donato\/#primaryimage\"},\"thumbnailUrl\":\"https:\/\/sintramem-sv.org.br\/sintramem\/wp-content\/uploads\/2025\/09\/WhatsApp-Image-2025-09-01-at-18.59.36.jpeg\",\"articleSection\":[\"Sintramem\"],\"inLanguage\":\"pt-BR\",\"potentialAction\":[{\"@type\":\"CommentAction\",\"name\":\"Comment\",\"target\":[\"https:\/\/sintramem-sv.org.br\/sintramem\/diretoria-do-sintramem-se-reune-com-o-deputado-estadual-antonio-donato\/#respond\"]}]},{\"@type\":\"WebPage\",\"@id\":\"https:\/\/sintramem-sv.org.br\/sintramem\/diretoria-do-sintramem-se-reune-com-o-deputado-estadual-antonio-donato\/\",\"url\":\"https:\/\/sintramem-sv.org.br\/sintramem\/diretoria-do-sintramem-se-reune-com-o-deputado-estadual-antonio-donato\/\",\"name\":\"Diretoria do SINTRAMEM se re\u00fane com o deputado estadual Ant\u00f4nio Donato para tratar dos ataques constantes da gest\u00e3o Kayo Amado - SINTRAMEM\",\"isPartOf\":{\"@id\":\"https:\/\/sintramem-sv.org.br\/sintramem\/#website\"},\"primaryImageOfPage\":{\"@id\":\"https:\/\/sintramem-sv.org.br\/sintramem\/diretoria-do-sintramem-se-reune-com-o-deputado-estadual-antonio-donato\/#primaryimage\"},\"image\":{\"@id\":\"https:\/\/sintramem-sv.org.br\/sintramem\/diretoria-do-sintramem-se-reune-com-o-deputado-estadual-antonio-donato\/#primaryimage\"},\"thumbnailUrl\":\"https:\/\/sintramem-sv.org.br\/sintramem\/wp-content\/uploads\/2025\/09\/WhatsApp-Image-2025-09-01-at-18.59.36.jpeg\",\"datePublished\":\"2025-09-01T22:16:06+00:00\",\"dateModified\":\"2025-09-01T22:54:12+00:00\",\"breadcrumb\":{\"@id\":\"https:\/\/sintramem-sv.org.br\/sintramem\/diretoria-do-sintramem-se-reune-com-o-deputado-estadual-antonio-donato\/#breadcrumb\"},\"inLanguage\":\"pt-BR\",\"potentialAction\":[{\"@type\":\"ReadAction\",\"target\":[\"https:\/\/sintramem-sv.org.br\/sintramem\/diretoria-do-sintramem-se-reune-com-o-deputado-estadual-antonio-donato\/\"]}]},{\"@type\":\"ImageObject\",\"inLanguage\":\"pt-BR\",\"@id\":\"https:\/\/sintramem-sv.org.br\/sintramem\/diretoria-do-sintramem-se-reune-com-o-deputado-estadual-antonio-donato\/#primaryimage\",\"url\":\"https:\/\/sintramem-sv.org.br\/sintramem\/wp-content\/uploads\/2025\/09\/WhatsApp-Image-2025-09-01-at-18.59.36.jpeg\",\"contentUrl\":\"https:\/\/sintramem-sv.org.br\/sintramem\/wp-content\/uploads\/2025\/09\/WhatsApp-Image-2025-09-01-at-18.59.36.jpeg\",\"width\":1294,\"height\":720},{\"@type\":\"BreadcrumbList\",\"@id\":\"https:\/\/sintramem-sv.org.br\/sintramem\/diretoria-do-sintramem-se-reune-com-o-deputado-estadual-antonio-donato\/#breadcrumb\",\"itemListElement\":[{\"@type\":\"ListItem\",\"position\":1,\"name\":\"In\u00edcio\",\"item\":\"https:\/\/sintramem-sv.org.br\/sintramem\/\"},{\"@type\":\"ListItem\",\"position\":2,\"name\":\"Diretoria do SINTRAMEM se re\u00fane com o deputado estadual Ant\u00f4nio Donato para tratar dos ataques constantes da gest\u00e3o Kayo Amado\"}]},{\"@type\":\"WebSite\",\"@id\":\"https:\/\/sintramem-sv.org.br\/sintramem\/#website\",\"url\":\"https:\/\/sintramem-sv.org.br\/sintramem\/\",\"name\":\"SINTRAMEM\",\"description\":\"Sindicato dos Trabalhadores no Magist\u00e9rio e na Educa\u00e7\u00e3o de S\u00e3o Vicente\",\"publisher\":{\"@id\":\"https:\/\/sintramem-sv.org.br\/sintramem\/#organization\"},\"potentialAction\":[{\"@type\":\"SearchAction\",\"target\":{\"@type\":\"EntryPoint\",\"urlTemplate\":\"https:\/\/sintramem-sv.org.br\/sintramem\/?s={search_term_string}\"},\"query-input\":{\"@type\":\"PropertyValueSpecification\",\"valueRequired\":true,\"valueName\":\"search_term_string\"}}],\"inLanguage\":\"pt-BR\"},{\"@type\":\"Organization\",\"@id\":\"https:\/\/sintramem-sv.org.br\/sintramem\/#organization\",\"name\":\"SINTRAMEM\",\"url\":\"https:\/\/sintramem-sv.org.br\/sintramem\/\",\"logo\":{\"@type\":\"ImageObject\",\"inLanguage\":\"pt-BR\",\"@id\":\"https:\/\/sintramem-sv.org.br\/sintramem\/#\/schema\/logo\/image\/\",\"url\":\"https:\/\/sintramem-sv.org.br\/sintramem\/wp-content\/uploads\/2017\/02\/SINTRAMEM-LOGO-OFICIAL-300x100-jpg.jpg\",\"contentUrl\":\"https:\/\/sintramem-sv.org.br\/sintramem\/wp-content\/uploads\/2017\/02\/SINTRAMEM-LOGO-OFICIAL-300x100-jpg.jpg\",\"width\":150,\"height\":150,\"caption\":\"SINTRAMEM\"},\"image\":{\"@id\":\"https:\/\/sintramem-sv.org.br\/sintramem\/#\/schema\/logo\/image\/\"}},{\"@type\":\"Person\",\"@id\":\"https:\/\/sintramem-sv.org.br\/sintramem\/#\/schema\/person\/a8decb8ea63607d1e01e046c95ddcf2b\",\"name\":\"sintramem\",\"image\":{\"@type\":\"ImageObject\",\"inLanguage\":\"pt-BR\",\"@id\":\"https:\/\/sintramem-sv.org.br\/sintramem\/#\/schema\/person\/image\/\",\"url\":\"https:\/\/secure.gravatar.com\/avatar\/8e06da3b0d4f051010117c848b52b9280a4228043717057ccccccc8b20ff8f48?s=96&d=mm&r=g\",\"contentUrl\":\"https:\/\/secure.gravatar.com\/avatar\/8e06da3b0d4f051010117c848b52b9280a4228043717057ccccccc8b20ff8f48?s=96&d=mm&r=g\",\"caption\":\"sintramem\"},\"description\":\"Sindicato dos Trabalhadores no Magist\u00e9rio e na Educa\u00e7\u00e3o Municipal de S\u00e3o Vicente\",\"url\":\"https:\/\/sintramem-sv.org.br\/sintramem\/author\/sindsv\/\"}]}<\/script>\n<!-- \/ Yoast SEO plugin. -->","yoast_head_json":{"title":"Diretoria do SINTRAMEM se re\u00fane com o deputado estadual Ant\u00f4nio Donato para tratar dos ataques constantes da gest\u00e3o Kayo Amado - SINTRAMEM","robots":{"index":"index","follow":"follow","max-snippet":"max-snippet:-1","max-image-preview":"max-image-preview:large","max-video-preview":"max-video-preview:-1"},"canonical":"https:\/\/sintramem-sv.org.br\/sintramem\/diretoria-do-sintramem-se-reune-com-o-deputado-estadual-antonio-donato\/","og_locale":"pt_BR","og_type":"article","og_title":"Diretoria do SINTRAMEM se re\u00fane com o deputado estadual Ant\u00f4nio Donato para tratar dos ataques constantes da gest\u00e3o Kayo Amado - SINTRAMEM","og_description":"O SINTRAMEM recebeu nesta segunda, dia 1\u00ba de setembro, a visita do deputado estadual Ant\u00f4nio Donato. Os constantes desmandos da Administra\u00e7\u00e3o Kayo Amado (Podemos) na \u00e1rea da Educa\u00e7\u00e3o chamaram a aten\u00e7\u00e3o do parlamentar. Seus assessores j\u00e1 haviam estado em nossa sede anteriormente, mas, diante da gravidade da situa\u00e7\u00e3o, o pr\u00f3prio deputado fez quest\u00e3o de comparecer&hellip;","og_url":"https:\/\/sintramem-sv.org.br\/sintramem\/diretoria-do-sintramem-se-reune-com-o-deputado-estadual-antonio-donato\/","og_site_name":"SINTRAMEM","article_published_time":"2025-09-01T22:16:06+00:00","article_modified_time":"2025-09-01T22:54:12+00:00","og_image":[{"width":1294,"height":720,"url":"https:\/\/sintramem-sv.org.br\/sintramem\/wp-content\/uploads\/2025\/09\/WhatsApp-Image-2025-09-01-at-18.59.36.jpeg","type":"image\/jpeg"}],"author":"sintramem","twitter_card":"summary_large_image","twitter_misc":{"Escrito por":"sintramem","Est. tempo de leitura":"2 minutos"},"schema":{"@context":"https:\/\/schema.org","@graph":[{"@type":"Article","@id":"https:\/\/sintramem-sv.org.br\/sintramem\/diretoria-do-sintramem-se-reune-com-o-deputado-estadual-antonio-donato\/#article","isPartOf":{"@id":"https:\/\/sintramem-sv.org.br\/sintramem\/diretoria-do-sintramem-se-reune-com-o-deputado-estadual-antonio-donato\/"},"author":{"name":"sintramem","@id":"https:\/\/sintramem-sv.org.br\/sintramem\/#\/schema\/person\/a8decb8ea63607d1e01e046c95ddcf2b"},"headline":"Diretoria do SINTRAMEM se re\u00fane com o deputado estadual Ant\u00f4nio Donato para tratar dos ataques constantes da gest\u00e3o Kayo Amado","datePublished":"2025-09-01T22:16:06+00:00","dateModified":"2025-09-01T22:54:12+00:00","mainEntityOfPage":{"@id":"https:\/\/sintramem-sv.org.br\/sintramem\/diretoria-do-sintramem-se-reune-com-o-deputado-estadual-antonio-donato\/"},"wordCount":230,"commentCount":0,"publisher":{"@id":"https:\/\/sintramem-sv.org.br\/sintramem\/#organization"},"image":{"@id":"https:\/\/sintramem-sv.org.br\/sintramem\/diretoria-do-sintramem-se-reune-com-o-deputado-estadual-antonio-donato\/#primaryimage"},"thumbnailUrl":"https:\/\/sintramem-sv.org.br\/sintramem\/wp-content\/uploads\/2025\/09\/WhatsApp-Image-2025-09-01-at-18.59.36.jpeg","articleSection":["Sintramem"],"inLanguage":"pt-BR","potentialAction":[{"@type":"CommentAction","name":"Comment","target":["https:\/\/sintramem-sv.org.br\/sintramem\/diretoria-do-sintramem-se-reune-com-o-deputado-estadual-antonio-donato\/#respond"]}]},{"@type":"WebPage","@id":"https:\/\/sintramem-sv.org.br\/sintramem\/diretoria-do-sintramem-se-reune-com-o-deputado-estadual-antonio-donato\/","url":"https:\/\/sintramem-sv.org.br\/sintramem\/diretoria-do-sintramem-se-reune-com-o-deputado-estadual-antonio-donato\/","name":"Diretoria do SINTRAMEM se re\u00fane com o deputado estadual Ant\u00f4nio Donato para tratar dos ataques constantes da gest\u00e3o Kayo Amado - SINTRAMEM","isPartOf":{"@id":"https:\/\/sintramem-sv.org.br\/sintramem\/#website"},"primaryImageOfPage":{"@id":"https:\/\/sintramem-sv.org.br\/sintramem\/diretoria-do-sintramem-se-reune-com-o-deputado-estadual-antonio-donato\/#primaryimage"},"image":{"@id":"https:\/\/sintramem-sv.org.br\/sintramem\/diretoria-do-sintramem-se-reune-com-o-deputado-estadual-antonio-donato\/#primaryimage"},"thumbnailUrl":"https:\/\/sintramem-sv.org.br\/sintramem\/wp-content\/uploads\/2025\/09\/WhatsApp-Image-2025-09-01-at-18.59.36.jpeg","datePublished":"2025-09-01T22:16:06+00:00","dateModified":"2025-09-01T22:54:12+00:00","breadcrumb":{"@id":"https:\/\/sintramem-sv.org.br\/sintramem\/diretoria-do-sintramem-se-reune-com-o-deputado-estadual-antonio-donato\/#breadcrumb"},"inLanguage":"pt-BR","potentialAction":[{"@type":"ReadAction","target":["https:\/\/sintramem-sv.org.br\/sintramem\/diretoria-do-sintramem-se-reune-com-o-deputado-estadual-antonio-donato\/"]}]},{"@type":"ImageObject","inLanguage":"pt-BR","@id":"https:\/\/sintramem-sv.org.br\/sintramem\/diretoria-do-sintramem-se-reune-com-o-deputado-estadual-antonio-donato\/#primaryimage","url":"https:\/\/sintramem-sv.org.br\/sintramem\/wp-content\/uploads\/2025\/09\/WhatsApp-Image-2025-09-01-at-18.59.36.jpeg","contentUrl":"https:\/\/sintramem-sv.org.br\/sintramem\/wp-content\/uploads\/2025\/09\/WhatsApp-Image-2025-09-01-at-18.59.36.jpeg","width":1294,"height":720},{"@type":"BreadcrumbList","@id":"https:\/\/sintramem-sv.org.br\/sintramem\/diretoria-do-sintramem-se-reune-com-o-deputado-estadual-antonio-donato\/#breadcrumb","itemListElement":[{"@type":"ListItem","position":1,"name":"In\u00edcio","item":"https:\/\/sintramem-sv.org.br\/sintramem\/"},{"@type":"ListItem","position":2,"name":"Diretoria do SINTRAMEM se re\u00fane com o deputado estadual Ant\u00f4nio Donato para tratar dos ataques constantes da gest\u00e3o Kayo Amado"}]},{"@type":"WebSite","@id":"https:\/\/sintramem-sv.org.br\/sintramem\/#website","url":"https:\/\/sintramem-sv.org.br\/sintramem\/","name":"SINTRAMEM","description":"Sindicato dos Trabalhadores no Magist\u00e9rio e na Educa\u00e7\u00e3o de S\u00e3o Vicente","publisher":{"@id":"https:\/\/sintramem-sv.org.br\/sintramem\/#organization"},"potentialAction":[{"@type":"SearchAction","target":{"@type":"EntryPoint","urlTemplate":"https:\/\/sintramem-sv.org.br\/sintramem\/?s={search_term_string}"},"query-input":{"@type":"PropertyValueSpecification","valueRequired":true,"valueName":"search_term_string"}}],"inLanguage":"pt-BR"},{"@type":"Organization","@id":"https:\/\/sintramem-sv.org.br\/sintramem\/#organization","name":"SINTRAMEM","url":"https:\/\/sintramem-sv.org.br\/sintramem\/","logo":{"@type":"ImageObject","inLanguage":"pt-BR","@id":"https:\/\/sintramem-sv.org.br\/sintramem\/#\/schema\/logo\/image\/","url":"https:\/\/sintramem-sv.org.br\/sintramem\/wp-content\/uploads\/2017\/02\/SINTRAMEM-LOGO-OFICIAL-300x100-jpg.jpg","contentUrl":"https:\/\/sintramem-sv.org.br\/sintramem\/wp-content\/uploads\/2017\/02\/SINTRAMEM-LOGO-OFICIAL-300x100-jpg.jpg","width":150,"height":150,"caption":"SINTRAMEM"},"image":{"@id":"https:\/\/sintramem-sv.org.br\/sintramem\/#\/schema\/logo\/image\/"}},{"@type":"Person","@id":"https:\/\/sintramem-sv.org.br\/sintramem\/#\/schema\/person\/a8decb8ea63607d1e01e046c95ddcf2b","name":"sintramem","image":{"@type":"ImageObject","inLanguage":"pt-BR","@id":"https:\/\/sintramem-sv.org.br\/sintramem\/#\/schema\/person\/image\/","url":"https:\/\/secure.gravatar.com\/avatar\/8e06da3b0d4f051010117c848b52b9280a4228043717057ccccccc8b20ff8f48?s=96&d=mm&r=g","contentUrl":"https:\/\/secure.gravatar.com\/avatar\/8e06da3b0d4f051010117c848b52b9280a4228043717057ccccccc8b20ff8f48?s=96&d=mm&r=g","caption":"sintramem"},"description":"Sindicato dos Trabalhadores no Magist\u00e9rio e na Educa\u00e7\u00e3o Municipal de S\u00e3o Vicente","url":"https:\/\/sintramem-sv.org.br\/sintramem\/author\/sindsv\/"}]}},"_links":{"self":[{"href":"https:\/\/sintramem-sv.org.br\/sintramem\/wp-json\/wp\/v2\/posts\/8716","targetHints":{"allow":["GET"]}}],"collection":[{"href":"https:\/\/sintramem-sv.org.br\/sintramem\/wp-json\/wp\/v2\/posts"}],"about":[{"href":"https:\/\/sintramem-sv.org.br\/sintramem\/wp-json\/wp\/v2\/types\/post"}],"author":[{"embeddable":true,"href":"https:\/\/sintramem-sv.org.br\/sintramem\/wp-json\/wp\/v2\/users\/1"}],"replies":[{"embeddable":true,"href":"https:\/\/sintramem-sv.org.br\/sintramem\/wp-json\/wp\/v2\/comments?post=8716"}],"version-history":[{"count":5,"href":"https:\/\/sintramem-sv.org.br\/sintramem\/wp-json\/wp\/v2\/posts\/8716\/revisions"}],"predecessor-version":[{"id":8722,"href":"https:\/\/sintramem-sv.org.br\/sintramem\/wp-json\/wp\/v2\/posts\/8716\/revisions\/8722"}],"wp:featuredmedia":[{"embeddable":true,"href":"https:\/\/sintramem-sv.org.br\/sintramem\/wp-json\/wp\/v2\/media\/8717"}],"wp:attachment":[{"href":"https:\/\/sintramem-sv.org.br\/sintramem\/wp-json\/wp\/v2\/media?parent=8716"}],"wp:term":[{"taxonomy":"category","embeddable":true,"href":"https:\/\/sintramem-sv.org.br\/sintramem\/wp-json\/wp\/v2\/categories?post=8716"},{"taxonomy":"post_tag","embeddable":true,"href":"https:\/\/sintramem-sv.org.br\/sintramem\/wp-json\/wp\/v2\/tags?post=8716"}],"curies":[{"name":"wp","href":"https:\/\/api.w.org\/{rel}","templated":true}]}}