{"id":8705,"date":"2025-09-01T13:10:19","date_gmt":"2025-09-01T13:10:19","guid":{"rendered":"https:\/\/sintramem-sv.org.br\/sintramem\/?p=8705"},"modified":"2025-09-01T16:40:56","modified_gmt":"2025-09-01T16:40:56","slug":"lei-no-806-presidente-roberto-ciccarelli-esclarece-acoes-do-sindicato-em-resposta-a-retirada-da-titulacao-dos-professores","status":"publish","type":"post","link":"https:\/\/sintramem-sv.org.br\/sintramem\/lei-no-806-presidente-roberto-ciccarelli-esclarece-acoes-do-sindicato-em-resposta-a-retirada-da-titulacao-dos-professores\/","title":{"rendered":"Lei n\u00ba 806 | Presidente Roberto Ciccarelli esclarece a\u00e7\u00f5es do Sindicato em resposta \u00e0 retirada da Titula\u00e7\u00e3o dos Professores"},"content":{"rendered":"<p><!--StartFragment --><\/p>\n<p class=\"pf0\"><span style=\"font-size: 14pt;\"><span class=\"cf0\">Nosso <strong>presidente Roberto <\/strong><\/span><strong><span class=\"cf0\">Ciccarelli<\/span><\/strong><span class=\"cf0\"> gravou um v\u00eddeo sobre a <span style=\"color: #ff0000;\"><strong>altera\u00e7\u00e3o na Lei n\u00ba 806<\/strong><\/span>, da titula\u00e7\u00e3o dos Professores. A mudan\u00e7a na lei RETIRA um incentivo importante para os Professores continuarem estudando, o que certamente vai impactar a qualidade do ensino em S\u00e3o Vicente. O presidente Roberto refor\u00e7a a <strong>falta de compromisso da Administra\u00e7\u00e3o e a desintelig\u00eancia do gesto<\/strong>r ao retirar o direito e N\u00c3O PAGAR quem estava recebendo.<\/span><\/span><\/p>\n<p><span style=\"font-size: 18pt;\"><strong>RECORREMOS \u00c0 JUSTI\u00c7A<\/strong><\/span><\/p>\n<p class=\"pf0\"><span style=\"font-size: 14pt;\"><span class=\"cf0\">Outro ponto de destaque<\/span><span class=\"cf0\">\u00a0\u00e9 a resposta do SINTRAMEM na Justi\u00e7a, pois o Sindicato ir\u00e1 <span style=\"background-color: #ffff00;\"><strong>pedir o cumprimento das ordens judiciais para os processos que est\u00e3o em tr\u00e2mite e oferecer\u00e1 mandados de seguran\u00e7a para os Servidores que estavam recebendo o direito e perderam<\/strong><\/span>, a fim de garantir a volta dos pagamentos, al\u00e9m de mover uma <span style=\"color: #ff0000;\"><strong>a\u00e7\u00e3o civil p\u00fablica contra a a\u00e7\u00e3o irrespons\u00e1vel da Administra\u00e7\u00e3o<\/strong><\/span>.<\/span><\/span><\/p>\n<p class=\"pf0\"><span style=\"font-size: 14pt;\"><span class=\"cf0\">O Sindicato est\u00e1 atento e segue fortemente atuante contra os ataques desordenados da gest\u00e3o <\/span><span class=\"cf0\">Kayo<\/span><span class=\"cf0\"> Amado. Jamais aceitaremos tamanha desintelig\u00eancia e desrespeito aos trabalhadores e \u00e0 Educa\u00e7\u00e3o municipal. O SINTRAMEM est\u00e1 de portas abertas aos companheiros a fim de represent\u00e1-los, esclarecer d\u00favidas e acolh\u00ea-los.<\/span><\/span><\/p>\n<p class=\"pf0\"><span style=\"color: #ff0000; font-size: 18pt;\"><strong><span class=\"cf0\">Estamos juntos nesta luta!<\/span><\/strong><\/span><\/p>\n<p><iframe loading=\"lazy\" title=\"Presidente Roberto Ciccarelli esclarece a\u00e7\u00f5es do Sindicato em resposta \u00e0 retirada da Titula\u00e7\u00e3o\" width=\"1170\" height=\"658\" src=\"https:\/\/www.youtube.com\/embed\/5q3k2akZhXE?feature=oembed\" frameborder=\"0\" allow=\"accelerometer; autoplay; clipboard-write; encrypted-media; gyroscope; picture-in-picture; web-share\" referrerpolicy=\"strict-origin-when-cross-origin\" allowfullscreen><\/iframe><\/p>\n<p><!--EndFragment --><\/p>\n","protected":false},"excerpt":{"rendered":"<p>Nosso presidente Roberto Ciccarelli gravou um v\u00eddeo sobre a altera\u00e7\u00e3o na Lei n\u00ba 806, da titula\u00e7\u00e3o dos Professores. A mudan\u00e7a na lei RETIRA um incentivo importante para os Professores continuarem estudando, o que certamente vai impactar a qualidade do ensino em S\u00e3o Vicente. O presidente Roberto refor\u00e7a a falta de compromisso da Administra\u00e7\u00e3o e a&hellip;<\/p>\n","protected":false},"author":1,"featured_media":8712,"comment_status":"open","ping_status":"closed","sticky":false,"template":"","format":"standard","meta":{"_monsterinsights_skip_tracking":false,"_monsterinsights_sitenote_active":false,"_monsterinsights_sitenote_note":"","_monsterinsights_sitenote_category":0,"footnotes":""},"categories":[1],"tags":[],"class_list":["post-8705","post","type-post","status-publish","format-standard","has-post-thumbnail","hentry","category-sintramem-sintramem"],"yoast_head":"<!-- This site is optimized with the Yoast SEO plugin v27.0 - https:\/\/yoast.com\/product\/yoast-seo-wordpress\/ -->\n<title>Lei n\u00ba 806 | Presidente Roberto Ciccarelli esclarece a\u00e7\u00f5es do Sindicato em resposta \u00e0 retirada da Titula\u00e7\u00e3o dos Professores - SINTRAMEM<\/title>\n<meta name=\"robots\" content=\"index, follow, max-snippet:-1, max-image-preview:large, max-video-preview:-1\" \/>\n<link rel=\"canonical\" href=\"https:\/\/sintramem-sv.org.br\/sintramem\/lei-no-806-presidente-roberto-ciccarelli-esclarece-acoes-do-sindicato-em-resposta-a-retirada-da-titulacao-dos-professores\/\" \/>\n<meta property=\"og:locale\" content=\"pt_BR\" \/>\n<meta property=\"og:type\" content=\"article\" \/>\n<meta property=\"og:title\" content=\"Lei n\u00ba 806 | Presidente Roberto Ciccarelli esclarece a\u00e7\u00f5es do Sindicato em resposta \u00e0 retirada da Titula\u00e7\u00e3o dos Professores - SINTRAMEM\" \/>\n<meta property=\"og:description\" content=\"Nosso presidente Roberto Ciccarelli gravou um v\u00eddeo sobre a altera\u00e7\u00e3o na Lei n\u00ba 806, da titula\u00e7\u00e3o dos Professores. A mudan\u00e7a na lei RETIRA um incentivo importante para os Professores continuarem estudando, o que certamente vai impactar a qualidade do ensino em S\u00e3o Vicente. O presidente Roberto refor\u00e7a a falta de compromisso da Administra\u00e7\u00e3o e a&hellip;\" \/>\n<meta property=\"og:url\" content=\"https:\/\/sintramem-sv.org.br\/sintramem\/lei-no-806-presidente-roberto-ciccarelli-esclarece-acoes-do-sindicato-em-resposta-a-retirada-da-titulacao-dos-professores\/\" \/>\n<meta property=\"og:site_name\" content=\"SINTRAMEM\" \/>\n<meta property=\"article:published_time\" content=\"2025-09-01T13:10:19+00:00\" \/>\n<meta property=\"article:modified_time\" content=\"2025-09-01T16:40:56+00:00\" \/>\n<meta property=\"og:image\" content=\"https:\/\/sintramem-sv.org.br\/sintramem\/wp-content\/uploads\/2025\/09\/menor.png\" \/>\n\t<meta property=\"og:image:width\" content=\"600\" \/>\n\t<meta property=\"og:image:height\" content=\"334\" \/>\n\t<meta property=\"og:image:type\" content=\"image\/png\" \/>\n<meta name=\"author\" content=\"sintramem\" \/>\n<meta name=\"twitter:card\" content=\"summary_large_image\" \/>\n<meta name=\"twitter:label1\" content=\"Escrito por\" \/>\n\t<meta name=\"twitter:data1\" content=\"sintramem\" \/>\n\t<meta name=\"twitter:label2\" content=\"Est. tempo de leitura\" \/>\n\t<meta name=\"twitter:data2\" content=\"2 minutos\" \/>\n<script type=\"application\/ld+json\" class=\"yoast-schema-graph\">{\"@context\":\"https:\/\/schema.org\",\"@graph\":[{\"@type\":\"Article\",\"@id\":\"https:\/\/sintramem-sv.org.br\/sintramem\/lei-no-806-presidente-roberto-ciccarelli-esclarece-acoes-do-sindicato-em-resposta-a-retirada-da-titulacao-dos-professores\/#article\",\"isPartOf\":{\"@id\":\"https:\/\/sintramem-sv.org.br\/sintramem\/lei-no-806-presidente-roberto-ciccarelli-esclarece-acoes-do-sindicato-em-resposta-a-retirada-da-titulacao-dos-professores\/\"},\"author\":{\"name\":\"sintramem\",\"@id\":\"https:\/\/sintramem-sv.org.br\/sintramem\/#\/schema\/person\/a8decb8ea63607d1e01e046c95ddcf2b\"},\"headline\":\"Lei n\u00ba 806 | Presidente Roberto Ciccarelli esclarece a\u00e7\u00f5es do Sindicato em resposta \u00e0 retirada da Titula\u00e7\u00e3o dos Professores\",\"datePublished\":\"2025-09-01T13:10:19+00:00\",\"dateModified\":\"2025-09-01T16:40:56+00:00\",\"mainEntityOfPage\":{\"@id\":\"https:\/\/sintramem-sv.org.br\/sintramem\/lei-no-806-presidente-roberto-ciccarelli-esclarece-acoes-do-sindicato-em-resposta-a-retirada-da-titulacao-dos-professores\/\"},\"wordCount\":235,\"commentCount\":0,\"publisher\":{\"@id\":\"https:\/\/sintramem-sv.org.br\/sintramem\/#organization\"},\"image\":{\"@id\":\"https:\/\/sintramem-sv.org.br\/sintramem\/lei-no-806-presidente-roberto-ciccarelli-esclarece-acoes-do-sindicato-em-resposta-a-retirada-da-titulacao-dos-professores\/#primaryimage\"},\"thumbnailUrl\":\"https:\/\/sintramem-sv.org.br\/sintramem\/wp-content\/uploads\/2025\/09\/Destacada-Retirada-da-titulacao-Sintramem.png\",\"articleSection\":[\"sintramem\"],\"inLanguage\":\"pt-BR\",\"potentialAction\":[{\"@type\":\"CommentAction\",\"name\":\"Comment\",\"target\":[\"https:\/\/sintramem-sv.org.br\/sintramem\/lei-no-806-presidente-roberto-ciccarelli-esclarece-acoes-do-sindicato-em-resposta-a-retirada-da-titulacao-dos-professores\/#respond\"]}]},{\"@type\":\"WebPage\",\"@id\":\"https:\/\/sintramem-sv.org.br\/sintramem\/lei-no-806-presidente-roberto-ciccarelli-esclarece-acoes-do-sindicato-em-resposta-a-retirada-da-titulacao-dos-professores\/\",\"url\":\"https:\/\/sintramem-sv.org.br\/sintramem\/lei-no-806-presidente-roberto-ciccarelli-esclarece-acoes-do-sindicato-em-resposta-a-retirada-da-titulacao-dos-professores\/\",\"name\":\"Lei n\u00ba 806 | Presidente Roberto Ciccarelli esclarece a\u00e7\u00f5es do Sindicato em resposta \u00e0 retirada da Titula\u00e7\u00e3o dos Professores - SINTRAMEM\",\"isPartOf\":{\"@id\":\"https:\/\/sintramem-sv.org.br\/sintramem\/#website\"},\"primaryImageOfPage\":{\"@id\":\"https:\/\/sintramem-sv.org.br\/sintramem\/lei-no-806-presidente-roberto-ciccarelli-esclarece-acoes-do-sindicato-em-resposta-a-retirada-da-titulacao-dos-professores\/#primaryimage\"},\"image\":{\"@id\":\"https:\/\/sintramem-sv.org.br\/sintramem\/lei-no-806-presidente-roberto-ciccarelli-esclarece-acoes-do-sindicato-em-resposta-a-retirada-da-titulacao-dos-professores\/#primaryimage\"},\"thumbnailUrl\":\"https:\/\/sintramem-sv.org.br\/sintramem\/wp-content\/uploads\/2025\/09\/Destacada-Retirada-da-titulacao-Sintramem.png\",\"datePublished\":\"2025-09-01T13:10:19+00:00\",\"dateModified\":\"2025-09-01T16:40:56+00:00\",\"breadcrumb\":{\"@id\":\"https:\/\/sintramem-sv.org.br\/sintramem\/lei-no-806-presidente-roberto-ciccarelli-esclarece-acoes-do-sindicato-em-resposta-a-retirada-da-titulacao-dos-professores\/#breadcrumb\"},\"inLanguage\":\"pt-BR\",\"potentialAction\":[{\"@type\":\"ReadAction\",\"target\":[\"https:\/\/sintramem-sv.org.br\/sintramem\/lei-no-806-presidente-roberto-ciccarelli-esclarece-acoes-do-sindicato-em-resposta-a-retirada-da-titulacao-dos-professores\/\"]}]},{\"@type\":\"ImageObject\",\"inLanguage\":\"pt-BR\",\"@id\":\"https:\/\/sintramem-sv.org.br\/sintramem\/lei-no-806-presidente-roberto-ciccarelli-esclarece-acoes-do-sindicato-em-resposta-a-retirada-da-titulacao-dos-professores\/#primaryimage\",\"url\":\"https:\/\/sintramem-sv.org.br\/sintramem\/wp-content\/uploads\/2025\/09\/Destacada-Retirada-da-titulacao-Sintramem.png\",\"contentUrl\":\"https:\/\/sintramem-sv.org.br\/sintramem\/wp-content\/uploads\/2025\/09\/Destacada-Retirada-da-titulacao-Sintramem.png\",\"width\":1294,\"height\":720},{\"@type\":\"BreadcrumbList\",\"@id\":\"https:\/\/sintramem-sv.org.br\/sintramem\/lei-no-806-presidente-roberto-ciccarelli-esclarece-acoes-do-sindicato-em-resposta-a-retirada-da-titulacao-dos-professores\/#breadcrumb\",\"itemListElement\":[{\"@type\":\"ListItem\",\"position\":1,\"name\":\"In\u00edcio\",\"item\":\"https:\/\/sintramem-sv.org.br\/sintramem\/\"},{\"@type\":\"ListItem\",\"position\":2,\"name\":\"Lei n\u00ba 806 | Presidente Roberto Ciccarelli esclarece a\u00e7\u00f5es do Sindicato em resposta \u00e0 retirada da Titula\u00e7\u00e3o dos Professores\"}]},{\"@type\":\"WebSite\",\"@id\":\"https:\/\/sintramem-sv.org.br\/sintramem\/#website\",\"url\":\"https:\/\/sintramem-sv.org.br\/sintramem\/\",\"name\":\"SINTRAMEM\",\"description\":\"Sindicato dos Trabalhadores no Magist\u00e9rio e na Educa\u00e7\u00e3o de S\u00e3o Vicente\",\"publisher\":{\"@id\":\"https:\/\/sintramem-sv.org.br\/sintramem\/#organization\"},\"potentialAction\":[{\"@type\":\"SearchAction\",\"target\":{\"@type\":\"EntryPoint\",\"urlTemplate\":\"https:\/\/sintramem-sv.org.br\/sintramem\/?s={search_term_string}\"},\"query-input\":{\"@type\":\"PropertyValueSpecification\",\"valueRequired\":true,\"valueName\":\"search_term_string\"}}],\"inLanguage\":\"pt-BR\"},{\"@type\":\"Organization\",\"@id\":\"https:\/\/sintramem-sv.org.br\/sintramem\/#organization\",\"name\":\"SINTRAMEM\",\"url\":\"https:\/\/sintramem-sv.org.br\/sintramem\/\",\"logo\":{\"@type\":\"ImageObject\",\"inLanguage\":\"pt-BR\",\"@id\":\"https:\/\/sintramem-sv.org.br\/sintramem\/#\/schema\/logo\/image\/\",\"url\":\"https:\/\/sintramem-sv.org.br\/sintramem\/wp-content\/uploads\/2017\/02\/SINTRAMEM-LOGO-OFICIAL-300x100-jpg.jpg\",\"contentUrl\":\"https:\/\/sintramem-sv.org.br\/sintramem\/wp-content\/uploads\/2017\/02\/SINTRAMEM-LOGO-OFICIAL-300x100-jpg.jpg\",\"width\":150,\"height\":150,\"caption\":\"SINTRAMEM\"},\"image\":{\"@id\":\"https:\/\/sintramem-sv.org.br\/sintramem\/#\/schema\/logo\/image\/\"}},{\"@type\":\"Person\",\"@id\":\"https:\/\/sintramem-sv.org.br\/sintramem\/#\/schema\/person\/a8decb8ea63607d1e01e046c95ddcf2b\",\"name\":\"sintramem\",\"image\":{\"@type\":\"ImageObject\",\"inLanguage\":\"pt-BR\",\"@id\":\"https:\/\/sintramem-sv.org.br\/sintramem\/#\/schema\/person\/image\/\",\"url\":\"https:\/\/secure.gravatar.com\/avatar\/8e06da3b0d4f051010117c848b52b9280a4228043717057ccccccc8b20ff8f48?s=96&d=mm&r=g\",\"contentUrl\":\"https:\/\/secure.gravatar.com\/avatar\/8e06da3b0d4f051010117c848b52b9280a4228043717057ccccccc8b20ff8f48?s=96&d=mm&r=g\",\"caption\":\"sintramem\"},\"description\":\"Sindicato dos Trabalhadores no Magist\u00e9rio e na Educa\u00e7\u00e3o Municipal de S\u00e3o Vicente\",\"url\":\"https:\/\/sintramem-sv.org.br\/sintramem\/author\/sindsv\/\"}]}<\/script>\n<!-- \/ Yoast SEO plugin. -->","yoast_head_json":{"title":"Lei n\u00ba 806 | Presidente Roberto Ciccarelli esclarece a\u00e7\u00f5es do Sindicato em resposta \u00e0 retirada da Titula\u00e7\u00e3o dos Professores - SINTRAMEM","robots":{"index":"index","follow":"follow","max-snippet":"max-snippet:-1","max-image-preview":"max-image-preview:large","max-video-preview":"max-video-preview:-1"},"canonical":"https:\/\/sintramem-sv.org.br\/sintramem\/lei-no-806-presidente-roberto-ciccarelli-esclarece-acoes-do-sindicato-em-resposta-a-retirada-da-titulacao-dos-professores\/","og_locale":"pt_BR","og_type":"article","og_title":"Lei n\u00ba 806 | Presidente Roberto Ciccarelli esclarece a\u00e7\u00f5es do Sindicato em resposta \u00e0 retirada da Titula\u00e7\u00e3o dos Professores - SINTRAMEM","og_description":"Nosso presidente Roberto Ciccarelli gravou um v\u00eddeo sobre a altera\u00e7\u00e3o na Lei n\u00ba 806, da titula\u00e7\u00e3o dos Professores. A mudan\u00e7a na lei RETIRA um incentivo importante para os Professores continuarem estudando, o que certamente vai impactar a qualidade do ensino em S\u00e3o Vicente. O presidente Roberto refor\u00e7a a falta de compromisso da Administra\u00e7\u00e3o e a&hellip;","og_url":"https:\/\/sintramem-sv.org.br\/sintramem\/lei-no-806-presidente-roberto-ciccarelli-esclarece-acoes-do-sindicato-em-resposta-a-retirada-da-titulacao-dos-professores\/","og_site_name":"SINTRAMEM","article_published_time":"2025-09-01T13:10:19+00:00","article_modified_time":"2025-09-01T16:40:56+00:00","og_image":[{"width":600,"height":334,"url":"https:\/\/sintramem-sv.org.br\/sintramem\/wp-content\/uploads\/2025\/09\/menor.png","type":"image\/png"}],"author":"sintramem","twitter_card":"summary_large_image","twitter_misc":{"Escrito por":"sintramem","Est. tempo de leitura":"2 minutos"},"schema":{"@context":"https:\/\/schema.org","@graph":[{"@type":"Article","@id":"https:\/\/sintramem-sv.org.br\/sintramem\/lei-no-806-presidente-roberto-ciccarelli-esclarece-acoes-do-sindicato-em-resposta-a-retirada-da-titulacao-dos-professores\/#article","isPartOf":{"@id":"https:\/\/sintramem-sv.org.br\/sintramem\/lei-no-806-presidente-roberto-ciccarelli-esclarece-acoes-do-sindicato-em-resposta-a-retirada-da-titulacao-dos-professores\/"},"author":{"name":"sintramem","@id":"https:\/\/sintramem-sv.org.br\/sintramem\/#\/schema\/person\/a8decb8ea63607d1e01e046c95ddcf2b"},"headline":"Lei n\u00ba 806 | Presidente Roberto Ciccarelli esclarece a\u00e7\u00f5es do Sindicato em resposta \u00e0 retirada da Titula\u00e7\u00e3o dos Professores","datePublished":"2025-09-01T13:10:19+00:00","dateModified":"2025-09-01T16:40:56+00:00","mainEntityOfPage":{"@id":"https:\/\/sintramem-sv.org.br\/sintramem\/lei-no-806-presidente-roberto-ciccarelli-esclarece-acoes-do-sindicato-em-resposta-a-retirada-da-titulacao-dos-professores\/"},"wordCount":235,"commentCount":0,"publisher":{"@id":"https:\/\/sintramem-sv.org.br\/sintramem\/#organization"},"image":{"@id":"https:\/\/sintramem-sv.org.br\/sintramem\/lei-no-806-presidente-roberto-ciccarelli-esclarece-acoes-do-sindicato-em-resposta-a-retirada-da-titulacao-dos-professores\/#primaryimage"},"thumbnailUrl":"https:\/\/sintramem-sv.org.br\/sintramem\/wp-content\/uploads\/2025\/09\/Destacada-Retirada-da-titulacao-Sintramem.png","articleSection":["sintramem"],"inLanguage":"pt-BR","potentialAction":[{"@type":"CommentAction","name":"Comment","target":["https:\/\/sintramem-sv.org.br\/sintramem\/lei-no-806-presidente-roberto-ciccarelli-esclarece-acoes-do-sindicato-em-resposta-a-retirada-da-titulacao-dos-professores\/#respond"]}]},{"@type":"WebPage","@id":"https:\/\/sintramem-sv.org.br\/sintramem\/lei-no-806-presidente-roberto-ciccarelli-esclarece-acoes-do-sindicato-em-resposta-a-retirada-da-titulacao-dos-professores\/","url":"https:\/\/sintramem-sv.org.br\/sintramem\/lei-no-806-presidente-roberto-ciccarelli-esclarece-acoes-do-sindicato-em-resposta-a-retirada-da-titulacao-dos-professores\/","name":"Lei n\u00ba 806 | Presidente Roberto Ciccarelli esclarece a\u00e7\u00f5es do Sindicato em resposta \u00e0 retirada da Titula\u00e7\u00e3o dos Professores - SINTRAMEM","isPartOf":{"@id":"https:\/\/sintramem-sv.org.br\/sintramem\/#website"},"primaryImageOfPage":{"@id":"https:\/\/sintramem-sv.org.br\/sintramem\/lei-no-806-presidente-roberto-ciccarelli-esclarece-acoes-do-sindicato-em-resposta-a-retirada-da-titulacao-dos-professores\/#primaryimage"},"image":{"@id":"https:\/\/sintramem-sv.org.br\/sintramem\/lei-no-806-presidente-roberto-ciccarelli-esclarece-acoes-do-sindicato-em-resposta-a-retirada-da-titulacao-dos-professores\/#primaryimage"},"thumbnailUrl":"https:\/\/sintramem-sv.org.br\/sintramem\/wp-content\/uploads\/2025\/09\/Destacada-Retirada-da-titulacao-Sintramem.png","datePublished":"2025-09-01T13:10:19+00:00","dateModified":"2025-09-01T16:40:56+00:00","breadcrumb":{"@id":"https:\/\/sintramem-sv.org.br\/sintramem\/lei-no-806-presidente-roberto-ciccarelli-esclarece-acoes-do-sindicato-em-resposta-a-retirada-da-titulacao-dos-professores\/#breadcrumb"},"inLanguage":"pt-BR","potentialAction":[{"@type":"ReadAction","target":["https:\/\/sintramem-sv.org.br\/sintramem\/lei-no-806-presidente-roberto-ciccarelli-esclarece-acoes-do-sindicato-em-resposta-a-retirada-da-titulacao-dos-professores\/"]}]},{"@type":"ImageObject","inLanguage":"pt-BR","@id":"https:\/\/sintramem-sv.org.br\/sintramem\/lei-no-806-presidente-roberto-ciccarelli-esclarece-acoes-do-sindicato-em-resposta-a-retirada-da-titulacao-dos-professores\/#primaryimage","url":"https:\/\/sintramem-sv.org.br\/sintramem\/wp-content\/uploads\/2025\/09\/Destacada-Retirada-da-titulacao-Sintramem.png","contentUrl":"https:\/\/sintramem-sv.org.br\/sintramem\/wp-content\/uploads\/2025\/09\/Destacada-Retirada-da-titulacao-Sintramem.png","width":1294,"height":720},{"@type":"BreadcrumbList","@id":"https:\/\/sintramem-sv.org.br\/sintramem\/lei-no-806-presidente-roberto-ciccarelli-esclarece-acoes-do-sindicato-em-resposta-a-retirada-da-titulacao-dos-professores\/#breadcrumb","itemListElement":[{"@type":"ListItem","position":1,"name":"In\u00edcio","item":"https:\/\/sintramem-sv.org.br\/sintramem\/"},{"@type":"ListItem","position":2,"name":"Lei n\u00ba 806 | Presidente Roberto Ciccarelli esclarece a\u00e7\u00f5es do Sindicato em resposta \u00e0 retirada da Titula\u00e7\u00e3o dos Professores"}]},{"@type":"WebSite","@id":"https:\/\/sintramem-sv.org.br\/sintramem\/#website","url":"https:\/\/sintramem-sv.org.br\/sintramem\/","name":"SINTRAMEM","description":"Sindicato dos Trabalhadores no Magist\u00e9rio e na Educa\u00e7\u00e3o de S\u00e3o Vicente","publisher":{"@id":"https:\/\/sintramem-sv.org.br\/sintramem\/#organization"},"potentialAction":[{"@type":"SearchAction","target":{"@type":"EntryPoint","urlTemplate":"https:\/\/sintramem-sv.org.br\/sintramem\/?s={search_term_string}"},"query-input":{"@type":"PropertyValueSpecification","valueRequired":true,"valueName":"search_term_string"}}],"inLanguage":"pt-BR"},{"@type":"Organization","@id":"https:\/\/sintramem-sv.org.br\/sintramem\/#organization","name":"SINTRAMEM","url":"https:\/\/sintramem-sv.org.br\/sintramem\/","logo":{"@type":"ImageObject","inLanguage":"pt-BR","@id":"https:\/\/sintramem-sv.org.br\/sintramem\/#\/schema\/logo\/image\/","url":"https:\/\/sintramem-sv.org.br\/sintramem\/wp-content\/uploads\/2017\/02\/SINTRAMEM-LOGO-OFICIAL-300x100-jpg.jpg","contentUrl":"https:\/\/sintramem-sv.org.br\/sintramem\/wp-content\/uploads\/2017\/02\/SINTRAMEM-LOGO-OFICIAL-300x100-jpg.jpg","width":150,"height":150,"caption":"SINTRAMEM"},"image":{"@id":"https:\/\/sintramem-sv.org.br\/sintramem\/#\/schema\/logo\/image\/"}},{"@type":"Person","@id":"https:\/\/sintramem-sv.org.br\/sintramem\/#\/schema\/person\/a8decb8ea63607d1e01e046c95ddcf2b","name":"sintramem","image":{"@type":"ImageObject","inLanguage":"pt-BR","@id":"https:\/\/sintramem-sv.org.br\/sintramem\/#\/schema\/person\/image\/","url":"https:\/\/secure.gravatar.com\/avatar\/8e06da3b0d4f051010117c848b52b9280a4228043717057ccccccc8b20ff8f48?s=96&d=mm&r=g","contentUrl":"https:\/\/secure.gravatar.com\/avatar\/8e06da3b0d4f051010117c848b52b9280a4228043717057ccccccc8b20ff8f48?s=96&d=mm&r=g","caption":"sintramem"},"description":"Sindicato dos Trabalhadores no Magist\u00e9rio e na Educa\u00e7\u00e3o Municipal de S\u00e3o Vicente","url":"https:\/\/sintramem-sv.org.br\/sintramem\/author\/sindsv\/"}]}},"_links":{"self":[{"href":"https:\/\/sintramem-sv.org.br\/sintramem\/wp-json\/wp\/v2\/posts\/8705","targetHints":{"allow":["GET"]}}],"collection":[{"href":"https:\/\/sintramem-sv.org.br\/sintramem\/wp-json\/wp\/v2\/posts"}],"about":[{"href":"https:\/\/sintramem-sv.org.br\/sintramem\/wp-json\/wp\/v2\/types\/post"}],"author":[{"embeddable":true,"href":"https:\/\/sintramem-sv.org.br\/sintramem\/wp-json\/wp\/v2\/users\/1"}],"replies":[{"embeddable":true,"href":"https:\/\/sintramem-sv.org.br\/sintramem\/wp-json\/wp\/v2\/comments?post=8705"}],"version-history":[{"count":7,"href":"https:\/\/sintramem-sv.org.br\/sintramem\/wp-json\/wp\/v2\/posts\/8705\/revisions"}],"predecessor-version":[{"id":8708,"href":"https:\/\/sintramem-sv.org.br\/sintramem\/wp-json\/wp\/v2\/posts\/8705\/revisions\/8708"}],"wp:featuredmedia":[{"embeddable":true,"href":"https:\/\/sintramem-sv.org.br\/sintramem\/wp-json\/wp\/v2\/media\/8712"}],"wp:attachment":[{"href":"https:\/\/sintramem-sv.org.br\/sintramem\/wp-json\/wp\/v2\/media?parent=8705"}],"wp:term":[{"taxonomy":"category","embeddable":true,"href":"https:\/\/sintramem-sv.org.br\/sintramem\/wp-json\/wp\/v2\/categories?post=8705"},{"taxonomy":"post_tag","embeddable":true,"href":"https:\/\/sintramem-sv.org.br\/sintramem\/wp-json\/wp\/v2\/tags?post=8705"}],"curies":[{"name":"wp","href":"https:\/\/api.w.org\/{rel}","templated":true}]}}