{"id":8697,"date":"2025-08-28T18:22:08","date_gmt":"2025-08-28T18:22:08","guid":{"rendered":"https:\/\/sintramem-sv.org.br\/sintramem\/?p=8697"},"modified":"2025-08-28T20:27:27","modified_gmt":"2025-08-28T20:27:27","slug":"camara-aprova-projeto-que-devolve-direitos-congelados-de-servidores-na-pandemia-proposta-segue-para-o-senado","status":"publish","type":"post","link":"https:\/\/sintramem-sv.org.br\/sintramem\/camara-aprova-projeto-que-devolve-direitos-congelados-de-servidores-na-pandemia-proposta-segue-para-o-senado\/","title":{"rendered":"C\u00e2mara aprova projeto que devolve direitos congelados de Servidores na pandemia. Proposta segue para o Senado"},"content":{"rendered":"<p><span style=\"font-size: 14pt; background-color: #ffff00;\"><strong>\u201cO tempo de servi\u00e7o \u00e9 direito, e direito n\u00e3o se congela\u201d, destaca diretoria do Sindicato<\/strong><\/span><\/p>\n<p><span style=\"font-size: 14pt;\">A C\u00e2mara dos Deputados aprovou, nesta ter\u00e7a (26), o <strong><a href=\"https:\/\/www.camara.leg.br\/proposicoesWeb\/fichadetramitacao?idProposicao=2253943\" target=\"_blank\" rel=\"noopener\">Projeto de Lei Complementar (PLP) n\u00ba 143\/20<\/a><\/strong>, que autoriza estados, munic\u00edpios e o Distrito Federal a pagarem retroativamente os direitos remunerat\u00f3rios suspensos dos Servidores durante a pandemia de Covid-19. O texto segue agora para o Senado.<\/span><\/p>\n<p><span style=\"font-size: 14pt;\">De autoria da hoje senadora Professora Dorinha Seabra Rezende (Uni\u00e3o-TO), a proposta altera a <strong><a href=\"https:\/\/www.planalto.gov.br\/ccivil_03\/leis\/lcp\/lcp173.htm\" target=\"_blank\" rel=\"noopener\">Lei Complementar n\u00ba 173\/20<\/a><\/strong>, que condicionava o repasse de recursos federais ao congelamento de sal\u00e1rios, progress\u00f5es e benef\u00edcios entre 28 de maio de 2020 e 31 de dezembro de 2021.<\/span><\/p>\n<p><span style=\"font-size: 18pt;\"><strong>O QUE EST\u00c1 EM JOGO PARA OS SERVIDORES<\/strong><\/span><\/p>\n<p><span style=\"font-size: 14pt;\"><strong>Com a mudan\u00e7a, cada ente federativo poder\u00e1:<\/strong><\/span><\/p>\n<ul>\n<li><span style=\"font-size: 14pt;\">Voltar a contabilizar o tempo de servi\u00e7o do per\u00edodo congelado;<\/span><\/li>\n<li><span style=\"font-size: 14pt;\">Efetivar pagamentos retroativos, respeitando a disponibilidade or\u00e7ament\u00e1ria;<\/span><\/li>\n<li><span style=\"font-size: 14pt;\">Restituir direitos como anu\u00eanios, tri\u00eanios, quinqu\u00eanios, sexta-parte, licen\u00e7a-pr\u00eamio e benef\u00edcios equivalentes;<\/span><\/li>\n<li><span style=\"font-size: 14pt;\">Garantir que n\u00e3o haja transfer\u00eancia de encargos entre entes em caso de Servidores cedidos.<\/span><\/li>\n<\/ul>\n<p><span style=\"font-size: 14pt;\">Segundo a relatora, deputada Socorro Neri (PP-AC), <strong><span style=\"color: #ff0000;\">o projeto \u201ccorrige uma grande injusti\u00e7a\u201d cometida contra milh\u00f5es de Servidores<\/span><\/strong> que tiveram suspensa a contagem de tempo para progress\u00f5es e adicionais.<\/span><\/p>\n<p><span style=\"font-size: 18pt;\"><strong>O PAPEL DO SINDICATO<\/strong><\/span><\/p>\n<p><span style=\"font-size: 14pt;\">Para o SINTRAMEM, a aprova\u00e7\u00e3o representa um passo importante na luta por reconhecimento, valoriza\u00e7\u00e3o e JUSTI\u00c7A. Trata-se de uma vit\u00f3ria parcial &#8211; j\u00e1 que a decis\u00e3o final cabe ao Senado, mas que refor\u00e7a a press\u00e3o coletiva para que nenhum direito seja perdido e para que o per\u00edodo de pandemia n\u00e3o seja traduzido em preju\u00edzo \u00e0 carreira do funcionalismo.<\/span><\/p>\n<p><span style=\"font-size: 18pt;\"><strong>PR\u00d3XIMOS PASSOS<\/strong><\/span><\/p>\n<p><span style=\"font-size: 14pt;\">O PLP n\u00ba 143\/20 ser\u00e1 agora analisado pelo <a href=\"https:\/\/www12.senado.leg.br\/hpsenado\" target=\"_blank\" rel=\"noopener\"><strong>Senado Federal<\/strong><\/a>. Caso aprovado, caber\u00e1 a cada estado e munic\u00edpio deliberar sobre a aplica\u00e7\u00e3o dos pagamentos, dentro de sua capacidade or\u00e7ament\u00e1ria.<\/span><\/p>\n<p><span style=\"font-size: 14pt;\">O Sindicato segue acompanhando de perto a tramita\u00e7\u00e3o do projeto e refor\u00e7a a unidade da categoria: <\/span><\/p>\n<blockquote><p><span style=\"font-size: 14pt;\">\u201c<em>O tempo de servi\u00e7o \u00e9 direito, e direito n\u00e3o se congela!<\/em>\u201d,<strong> afirma nossa diretoria<\/strong>.<\/span><\/p><\/blockquote>\n","protected":false},"excerpt":{"rendered":"<p>\u201cO tempo de servi\u00e7o \u00e9 direito, e direito n\u00e3o se congela\u201d, destaca diretoria do Sindicato A C\u00e2mara dos Deputados aprovou, nesta ter\u00e7a (26), o Projeto de Lei Complementar (PLP) n\u00ba 143\/20, que autoriza estados, munic\u00edpios e o Distrito Federal a pagarem retroativamente os direitos remunerat\u00f3rios suspensos dos Servidores durante a pandemia de Covid-19. O texto&hellip;<\/p>\n","protected":false},"author":1,"featured_media":8702,"comment_status":"open","ping_status":"closed","sticky":false,"template":"","format":"standard","meta":{"_monsterinsights_skip_tracking":false,"_monsterinsights_sitenote_active":false,"_monsterinsights_sitenote_note":"","_monsterinsights_sitenote_category":0,"footnotes":""},"categories":[1],"tags":[],"class_list":["post-8697","post","type-post","status-publish","format-standard","has-post-thumbnail","hentry","category-sintramem-sintramem"],"yoast_head":"<!-- This site is optimized with the Yoast SEO plugin v27.0 - https:\/\/yoast.com\/product\/yoast-seo-wordpress\/ -->\n<title>C\u00e2mara aprova projeto que devolve direitos congelados de Servidores na pandemia. Proposta segue para o Senado - SINTRAMEM<\/title>\n<meta name=\"robots\" content=\"index, follow, max-snippet:-1, max-image-preview:large, max-video-preview:-1\" \/>\n<link rel=\"canonical\" href=\"https:\/\/sintramem-sv.org.br\/sintramem\/camara-aprova-projeto-que-devolve-direitos-congelados-de-servidores-na-pandemia-proposta-segue-para-o-senado\/\" \/>\n<meta property=\"og:locale\" content=\"pt_BR\" \/>\n<meta property=\"og:type\" content=\"article\" \/>\n<meta property=\"og:title\" content=\"C\u00e2mara aprova projeto que devolve direitos congelados de Servidores na pandemia. Proposta segue para o Senado - SINTRAMEM\" \/>\n<meta property=\"og:description\" content=\"\u201cO tempo de servi\u00e7o \u00e9 direito, e direito n\u00e3o se congela\u201d, destaca diretoria do Sindicato A C\u00e2mara dos Deputados aprovou, nesta ter\u00e7a (26), o Projeto de Lei Complementar (PLP) n\u00ba 143\/20, que autoriza estados, munic\u00edpios e o Distrito Federal a pagarem retroativamente os direitos remunerat\u00f3rios suspensos dos Servidores durante a pandemia de Covid-19. O texto&hellip;\" \/>\n<meta property=\"og:url\" content=\"https:\/\/sintramem-sv.org.br\/sintramem\/camara-aprova-projeto-que-devolve-direitos-congelados-de-servidores-na-pandemia-proposta-segue-para-o-senado\/\" \/>\n<meta property=\"og:site_name\" content=\"SINTRAMEM\" \/>\n<meta property=\"article:published_time\" content=\"2025-08-28T18:22:08+00:00\" \/>\n<meta property=\"article:modified_time\" content=\"2025-08-28T20:27:27+00:00\" \/>\n<meta property=\"og:image\" content=\"https:\/\/sintramem-sv.org.br\/sintramem\/wp-content\/uploads\/2000\/08\/descongela-ja-destacada-menor.jpg\" \/>\n\t<meta property=\"og:image:width\" content=\"600\" \/>\n\t<meta property=\"og:image:height\" content=\"334\" \/>\n\t<meta property=\"og:image:type\" content=\"image\/jpeg\" \/>\n<meta name=\"author\" content=\"sintramem\" \/>\n<meta name=\"twitter:card\" content=\"summary_large_image\" \/>\n<meta name=\"twitter:label1\" content=\"Escrito por\" \/>\n\t<meta name=\"twitter:data1\" content=\"sintramem\" \/>\n\t<meta name=\"twitter:label2\" content=\"Est. tempo de leitura\" \/>\n\t<meta name=\"twitter:data2\" content=\"2 minutos\" \/>\n<script type=\"application\/ld+json\" class=\"yoast-schema-graph\">{\"@context\":\"https:\/\/schema.org\",\"@graph\":[{\"@type\":\"Article\",\"@id\":\"https:\/\/sintramem-sv.org.br\/sintramem\/camara-aprova-projeto-que-devolve-direitos-congelados-de-servidores-na-pandemia-proposta-segue-para-o-senado\/#article\",\"isPartOf\":{\"@id\":\"https:\/\/sintramem-sv.org.br\/sintramem\/camara-aprova-projeto-que-devolve-direitos-congelados-de-servidores-na-pandemia-proposta-segue-para-o-senado\/\"},\"author\":{\"name\":\"sintramem\",\"@id\":\"https:\/\/sintramem-sv.org.br\/sintramem\/#\/schema\/person\/a8decb8ea63607d1e01e046c95ddcf2b\"},\"headline\":\"C\u00e2mara aprova projeto que devolve direitos congelados de Servidores na pandemia. Proposta segue para o Senado\",\"datePublished\":\"2025-08-28T18:22:08+00:00\",\"dateModified\":\"2025-08-28T20:27:27+00:00\",\"mainEntityOfPage\":{\"@id\":\"https:\/\/sintramem-sv.org.br\/sintramem\/camara-aprova-projeto-que-devolve-direitos-congelados-de-servidores-na-pandemia-proposta-segue-para-o-senado\/\"},\"wordCount\":364,\"commentCount\":0,\"publisher\":{\"@id\":\"https:\/\/sintramem-sv.org.br\/sintramem\/#organization\"},\"image\":{\"@id\":\"https:\/\/sintramem-sv.org.br\/sintramem\/camara-aprova-projeto-que-devolve-direitos-congelados-de-servidores-na-pandemia-proposta-segue-para-o-senado\/#primaryimage\"},\"thumbnailUrl\":\"https:\/\/sintramem-sv.org.br\/sintramem\/wp-content\/uploads\/2000\/08\/descongela-ja-destacada.jpg\",\"articleSection\":[\"sintramem\"],\"inLanguage\":\"pt-BR\",\"potentialAction\":[{\"@type\":\"CommentAction\",\"name\":\"Comment\",\"target\":[\"https:\/\/sintramem-sv.org.br\/sintramem\/camara-aprova-projeto-que-devolve-direitos-congelados-de-servidores-na-pandemia-proposta-segue-para-o-senado\/#respond\"]}]},{\"@type\":\"WebPage\",\"@id\":\"https:\/\/sintramem-sv.org.br\/sintramem\/camara-aprova-projeto-que-devolve-direitos-congelados-de-servidores-na-pandemia-proposta-segue-para-o-senado\/\",\"url\":\"https:\/\/sintramem-sv.org.br\/sintramem\/camara-aprova-projeto-que-devolve-direitos-congelados-de-servidores-na-pandemia-proposta-segue-para-o-senado\/\",\"name\":\"C\u00e2mara aprova projeto que devolve direitos congelados de Servidores na pandemia. Proposta segue para o Senado - SINTRAMEM\",\"isPartOf\":{\"@id\":\"https:\/\/sintramem-sv.org.br\/sintramem\/#website\"},\"primaryImageOfPage\":{\"@id\":\"https:\/\/sintramem-sv.org.br\/sintramem\/camara-aprova-projeto-que-devolve-direitos-congelados-de-servidores-na-pandemia-proposta-segue-para-o-senado\/#primaryimage\"},\"image\":{\"@id\":\"https:\/\/sintramem-sv.org.br\/sintramem\/camara-aprova-projeto-que-devolve-direitos-congelados-de-servidores-na-pandemia-proposta-segue-para-o-senado\/#primaryimage\"},\"thumbnailUrl\":\"https:\/\/sintramem-sv.org.br\/sintramem\/wp-content\/uploads\/2000\/08\/descongela-ja-destacada.jpg\",\"datePublished\":\"2025-08-28T18:22:08+00:00\",\"dateModified\":\"2025-08-28T20:27:27+00:00\",\"breadcrumb\":{\"@id\":\"https:\/\/sintramem-sv.org.br\/sintramem\/camara-aprova-projeto-que-devolve-direitos-congelados-de-servidores-na-pandemia-proposta-segue-para-o-senado\/#breadcrumb\"},\"inLanguage\":\"pt-BR\",\"potentialAction\":[{\"@type\":\"ReadAction\",\"target\":[\"https:\/\/sintramem-sv.org.br\/sintramem\/camara-aprova-projeto-que-devolve-direitos-congelados-de-servidores-na-pandemia-proposta-segue-para-o-senado\/\"]}]},{\"@type\":\"ImageObject\",\"inLanguage\":\"pt-BR\",\"@id\":\"https:\/\/sintramem-sv.org.br\/sintramem\/camara-aprova-projeto-que-devolve-direitos-congelados-de-servidores-na-pandemia-proposta-segue-para-o-senado\/#primaryimage\",\"url\":\"https:\/\/sintramem-sv.org.br\/sintramem\/wp-content\/uploads\/2000\/08\/descongela-ja-destacada.jpg\",\"contentUrl\":\"https:\/\/sintramem-sv.org.br\/sintramem\/wp-content\/uploads\/2000\/08\/descongela-ja-destacada.jpg\",\"width\":1920,\"height\":1069},{\"@type\":\"BreadcrumbList\",\"@id\":\"https:\/\/sintramem-sv.org.br\/sintramem\/camara-aprova-projeto-que-devolve-direitos-congelados-de-servidores-na-pandemia-proposta-segue-para-o-senado\/#breadcrumb\",\"itemListElement\":[{\"@type\":\"ListItem\",\"position\":1,\"name\":\"In\u00edcio\",\"item\":\"https:\/\/sintramem-sv.org.br\/sintramem\/\"},{\"@type\":\"ListItem\",\"position\":2,\"name\":\"C\u00e2mara aprova projeto que devolve direitos congelados de Servidores na pandemia. Proposta segue para o Senado\"}]},{\"@type\":\"WebSite\",\"@id\":\"https:\/\/sintramem-sv.org.br\/sintramem\/#website\",\"url\":\"https:\/\/sintramem-sv.org.br\/sintramem\/\",\"name\":\"SINTRAMEM\",\"description\":\"Sindicato dos Trabalhadores no Magist\u00e9rio e na Educa\u00e7\u00e3o de S\u00e3o Vicente\",\"publisher\":{\"@id\":\"https:\/\/sintramem-sv.org.br\/sintramem\/#organization\"},\"potentialAction\":[{\"@type\":\"SearchAction\",\"target\":{\"@type\":\"EntryPoint\",\"urlTemplate\":\"https:\/\/sintramem-sv.org.br\/sintramem\/?s={search_term_string}\"},\"query-input\":{\"@type\":\"PropertyValueSpecification\",\"valueRequired\":true,\"valueName\":\"search_term_string\"}}],\"inLanguage\":\"pt-BR\"},{\"@type\":\"Organization\",\"@id\":\"https:\/\/sintramem-sv.org.br\/sintramem\/#organization\",\"name\":\"SINTRAMEM\",\"url\":\"https:\/\/sintramem-sv.org.br\/sintramem\/\",\"logo\":{\"@type\":\"ImageObject\",\"inLanguage\":\"pt-BR\",\"@id\":\"https:\/\/sintramem-sv.org.br\/sintramem\/#\/schema\/logo\/image\/\",\"url\":\"https:\/\/sintramem-sv.org.br\/sintramem\/wp-content\/uploads\/2017\/02\/SINTRAMEM-LOGO-OFICIAL-300x100-jpg.jpg\",\"contentUrl\":\"https:\/\/sintramem-sv.org.br\/sintramem\/wp-content\/uploads\/2017\/02\/SINTRAMEM-LOGO-OFICIAL-300x100-jpg.jpg\",\"width\":150,\"height\":150,\"caption\":\"SINTRAMEM\"},\"image\":{\"@id\":\"https:\/\/sintramem-sv.org.br\/sintramem\/#\/schema\/logo\/image\/\"}},{\"@type\":\"Person\",\"@id\":\"https:\/\/sintramem-sv.org.br\/sintramem\/#\/schema\/person\/a8decb8ea63607d1e01e046c95ddcf2b\",\"name\":\"sintramem\",\"image\":{\"@type\":\"ImageObject\",\"inLanguage\":\"pt-BR\",\"@id\":\"https:\/\/sintramem-sv.org.br\/sintramem\/#\/schema\/person\/image\/\",\"url\":\"https:\/\/secure.gravatar.com\/avatar\/8e06da3b0d4f051010117c848b52b9280a4228043717057ccccccc8b20ff8f48?s=96&d=mm&r=g\",\"contentUrl\":\"https:\/\/secure.gravatar.com\/avatar\/8e06da3b0d4f051010117c848b52b9280a4228043717057ccccccc8b20ff8f48?s=96&d=mm&r=g\",\"caption\":\"sintramem\"},\"description\":\"Sindicato dos Trabalhadores no Magist\u00e9rio e na Educa\u00e7\u00e3o Municipal de S\u00e3o Vicente\",\"url\":\"https:\/\/sintramem-sv.org.br\/sintramem\/author\/sindsv\/\"}]}<\/script>\n<!-- \/ Yoast SEO plugin. -->","yoast_head_json":{"title":"C\u00e2mara aprova projeto que devolve direitos congelados de Servidores na pandemia. Proposta segue para o Senado - SINTRAMEM","robots":{"index":"index","follow":"follow","max-snippet":"max-snippet:-1","max-image-preview":"max-image-preview:large","max-video-preview":"max-video-preview:-1"},"canonical":"https:\/\/sintramem-sv.org.br\/sintramem\/camara-aprova-projeto-que-devolve-direitos-congelados-de-servidores-na-pandemia-proposta-segue-para-o-senado\/","og_locale":"pt_BR","og_type":"article","og_title":"C\u00e2mara aprova projeto que devolve direitos congelados de Servidores na pandemia. Proposta segue para o Senado - SINTRAMEM","og_description":"\u201cO tempo de servi\u00e7o \u00e9 direito, e direito n\u00e3o se congela\u201d, destaca diretoria do Sindicato A C\u00e2mara dos Deputados aprovou, nesta ter\u00e7a (26), o Projeto de Lei Complementar (PLP) n\u00ba 143\/20, que autoriza estados, munic\u00edpios e o Distrito Federal a pagarem retroativamente os direitos remunerat\u00f3rios suspensos dos Servidores durante a pandemia de Covid-19. O texto&hellip;","og_url":"https:\/\/sintramem-sv.org.br\/sintramem\/camara-aprova-projeto-que-devolve-direitos-congelados-de-servidores-na-pandemia-proposta-segue-para-o-senado\/","og_site_name":"SINTRAMEM","article_published_time":"2025-08-28T18:22:08+00:00","article_modified_time":"2025-08-28T20:27:27+00:00","og_image":[{"width":600,"height":334,"url":"https:\/\/sintramem-sv.org.br\/sintramem\/wp-content\/uploads\/2000\/08\/descongela-ja-destacada-menor.jpg","type":"image\/jpeg"}],"author":"sintramem","twitter_card":"summary_large_image","twitter_misc":{"Escrito por":"sintramem","Est. tempo de leitura":"2 minutos"},"schema":{"@context":"https:\/\/schema.org","@graph":[{"@type":"Article","@id":"https:\/\/sintramem-sv.org.br\/sintramem\/camara-aprova-projeto-que-devolve-direitos-congelados-de-servidores-na-pandemia-proposta-segue-para-o-senado\/#article","isPartOf":{"@id":"https:\/\/sintramem-sv.org.br\/sintramem\/camara-aprova-projeto-que-devolve-direitos-congelados-de-servidores-na-pandemia-proposta-segue-para-o-senado\/"},"author":{"name":"sintramem","@id":"https:\/\/sintramem-sv.org.br\/sintramem\/#\/schema\/person\/a8decb8ea63607d1e01e046c95ddcf2b"},"headline":"C\u00e2mara aprova projeto que devolve direitos congelados de Servidores na pandemia. Proposta segue para o Senado","datePublished":"2025-08-28T18:22:08+00:00","dateModified":"2025-08-28T20:27:27+00:00","mainEntityOfPage":{"@id":"https:\/\/sintramem-sv.org.br\/sintramem\/camara-aprova-projeto-que-devolve-direitos-congelados-de-servidores-na-pandemia-proposta-segue-para-o-senado\/"},"wordCount":364,"commentCount":0,"publisher":{"@id":"https:\/\/sintramem-sv.org.br\/sintramem\/#organization"},"image":{"@id":"https:\/\/sintramem-sv.org.br\/sintramem\/camara-aprova-projeto-que-devolve-direitos-congelados-de-servidores-na-pandemia-proposta-segue-para-o-senado\/#primaryimage"},"thumbnailUrl":"https:\/\/sintramem-sv.org.br\/sintramem\/wp-content\/uploads\/2000\/08\/descongela-ja-destacada.jpg","articleSection":["sintramem"],"inLanguage":"pt-BR","potentialAction":[{"@type":"CommentAction","name":"Comment","target":["https:\/\/sintramem-sv.org.br\/sintramem\/camara-aprova-projeto-que-devolve-direitos-congelados-de-servidores-na-pandemia-proposta-segue-para-o-senado\/#respond"]}]},{"@type":"WebPage","@id":"https:\/\/sintramem-sv.org.br\/sintramem\/camara-aprova-projeto-que-devolve-direitos-congelados-de-servidores-na-pandemia-proposta-segue-para-o-senado\/","url":"https:\/\/sintramem-sv.org.br\/sintramem\/camara-aprova-projeto-que-devolve-direitos-congelados-de-servidores-na-pandemia-proposta-segue-para-o-senado\/","name":"C\u00e2mara aprova projeto que devolve direitos congelados de Servidores na pandemia. Proposta segue para o Senado - SINTRAMEM","isPartOf":{"@id":"https:\/\/sintramem-sv.org.br\/sintramem\/#website"},"primaryImageOfPage":{"@id":"https:\/\/sintramem-sv.org.br\/sintramem\/camara-aprova-projeto-que-devolve-direitos-congelados-de-servidores-na-pandemia-proposta-segue-para-o-senado\/#primaryimage"},"image":{"@id":"https:\/\/sintramem-sv.org.br\/sintramem\/camara-aprova-projeto-que-devolve-direitos-congelados-de-servidores-na-pandemia-proposta-segue-para-o-senado\/#primaryimage"},"thumbnailUrl":"https:\/\/sintramem-sv.org.br\/sintramem\/wp-content\/uploads\/2000\/08\/descongela-ja-destacada.jpg","datePublished":"2025-08-28T18:22:08+00:00","dateModified":"2025-08-28T20:27:27+00:00","breadcrumb":{"@id":"https:\/\/sintramem-sv.org.br\/sintramem\/camara-aprova-projeto-que-devolve-direitos-congelados-de-servidores-na-pandemia-proposta-segue-para-o-senado\/#breadcrumb"},"inLanguage":"pt-BR","potentialAction":[{"@type":"ReadAction","target":["https:\/\/sintramem-sv.org.br\/sintramem\/camara-aprova-projeto-que-devolve-direitos-congelados-de-servidores-na-pandemia-proposta-segue-para-o-senado\/"]}]},{"@type":"ImageObject","inLanguage":"pt-BR","@id":"https:\/\/sintramem-sv.org.br\/sintramem\/camara-aprova-projeto-que-devolve-direitos-congelados-de-servidores-na-pandemia-proposta-segue-para-o-senado\/#primaryimage","url":"https:\/\/sintramem-sv.org.br\/sintramem\/wp-content\/uploads\/2000\/08\/descongela-ja-destacada.jpg","contentUrl":"https:\/\/sintramem-sv.org.br\/sintramem\/wp-content\/uploads\/2000\/08\/descongela-ja-destacada.jpg","width":1920,"height":1069},{"@type":"BreadcrumbList","@id":"https:\/\/sintramem-sv.org.br\/sintramem\/camara-aprova-projeto-que-devolve-direitos-congelados-de-servidores-na-pandemia-proposta-segue-para-o-senado\/#breadcrumb","itemListElement":[{"@type":"ListItem","position":1,"name":"In\u00edcio","item":"https:\/\/sintramem-sv.org.br\/sintramem\/"},{"@type":"ListItem","position":2,"name":"C\u00e2mara aprova projeto que devolve direitos congelados de Servidores na pandemia. Proposta segue para o Senado"}]},{"@type":"WebSite","@id":"https:\/\/sintramem-sv.org.br\/sintramem\/#website","url":"https:\/\/sintramem-sv.org.br\/sintramem\/","name":"SINTRAMEM","description":"Sindicato dos Trabalhadores no Magist\u00e9rio e na Educa\u00e7\u00e3o de S\u00e3o Vicente","publisher":{"@id":"https:\/\/sintramem-sv.org.br\/sintramem\/#organization"},"potentialAction":[{"@type":"SearchAction","target":{"@type":"EntryPoint","urlTemplate":"https:\/\/sintramem-sv.org.br\/sintramem\/?s={search_term_string}"},"query-input":{"@type":"PropertyValueSpecification","valueRequired":true,"valueName":"search_term_string"}}],"inLanguage":"pt-BR"},{"@type":"Organization","@id":"https:\/\/sintramem-sv.org.br\/sintramem\/#organization","name":"SINTRAMEM","url":"https:\/\/sintramem-sv.org.br\/sintramem\/","logo":{"@type":"ImageObject","inLanguage":"pt-BR","@id":"https:\/\/sintramem-sv.org.br\/sintramem\/#\/schema\/logo\/image\/","url":"https:\/\/sintramem-sv.org.br\/sintramem\/wp-content\/uploads\/2017\/02\/SINTRAMEM-LOGO-OFICIAL-300x100-jpg.jpg","contentUrl":"https:\/\/sintramem-sv.org.br\/sintramem\/wp-content\/uploads\/2017\/02\/SINTRAMEM-LOGO-OFICIAL-300x100-jpg.jpg","width":150,"height":150,"caption":"SINTRAMEM"},"image":{"@id":"https:\/\/sintramem-sv.org.br\/sintramem\/#\/schema\/logo\/image\/"}},{"@type":"Person","@id":"https:\/\/sintramem-sv.org.br\/sintramem\/#\/schema\/person\/a8decb8ea63607d1e01e046c95ddcf2b","name":"sintramem","image":{"@type":"ImageObject","inLanguage":"pt-BR","@id":"https:\/\/sintramem-sv.org.br\/sintramem\/#\/schema\/person\/image\/","url":"https:\/\/secure.gravatar.com\/avatar\/8e06da3b0d4f051010117c848b52b9280a4228043717057ccccccc8b20ff8f48?s=96&d=mm&r=g","contentUrl":"https:\/\/secure.gravatar.com\/avatar\/8e06da3b0d4f051010117c848b52b9280a4228043717057ccccccc8b20ff8f48?s=96&d=mm&r=g","caption":"sintramem"},"description":"Sindicato dos Trabalhadores no Magist\u00e9rio e na Educa\u00e7\u00e3o Municipal de S\u00e3o Vicente","url":"https:\/\/sintramem-sv.org.br\/sintramem\/author\/sindsv\/"}]}},"_links":{"self":[{"href":"https:\/\/sintramem-sv.org.br\/sintramem\/wp-json\/wp\/v2\/posts\/8697","targetHints":{"allow":["GET"]}}],"collection":[{"href":"https:\/\/sintramem-sv.org.br\/sintramem\/wp-json\/wp\/v2\/posts"}],"about":[{"href":"https:\/\/sintramem-sv.org.br\/sintramem\/wp-json\/wp\/v2\/types\/post"}],"author":[{"embeddable":true,"href":"https:\/\/sintramem-sv.org.br\/sintramem\/wp-json\/wp\/v2\/users\/1"}],"replies":[{"embeddable":true,"href":"https:\/\/sintramem-sv.org.br\/sintramem\/wp-json\/wp\/v2\/comments?post=8697"}],"version-history":[{"count":3,"href":"https:\/\/sintramem-sv.org.br\/sintramem\/wp-json\/wp\/v2\/posts\/8697\/revisions"}],"predecessor-version":[{"id":8700,"href":"https:\/\/sintramem-sv.org.br\/sintramem\/wp-json\/wp\/v2\/posts\/8697\/revisions\/8700"}],"wp:featuredmedia":[{"embeddable":true,"href":"https:\/\/sintramem-sv.org.br\/sintramem\/wp-json\/wp\/v2\/media\/8702"}],"wp:attachment":[{"href":"https:\/\/sintramem-sv.org.br\/sintramem\/wp-json\/wp\/v2\/media?parent=8697"}],"wp:term":[{"taxonomy":"category","embeddable":true,"href":"https:\/\/sintramem-sv.org.br\/sintramem\/wp-json\/wp\/v2\/categories?post=8697"},{"taxonomy":"post_tag","embeddable":true,"href":"https:\/\/sintramem-sv.org.br\/sintramem\/wp-json\/wp\/v2\/tags?post=8697"}],"curies":[{"name":"wp","href":"https:\/\/api.w.org\/{rel}","templated":true}]}}