{"id":8680,"date":"2025-08-27T17:28:44","date_gmt":"2025-08-27T17:28:44","guid":{"rendered":"https:\/\/sintramem-sv.org.br\/sintramem\/?p=8680"},"modified":"2025-08-27T19:18:31","modified_gmt":"2025-08-27T19:18:31","slug":"mesmo-sob-chuva-professores-aprovam-novos-passos-da-luta-contra-o-corte-do-adicional-de-gratificacao","status":"publish","type":"post","link":"https:\/\/sintramem-sv.org.br\/sintramem\/mesmo-sob-chuva-professores-aprovam-novos-passos-da-luta-contra-o-corte-do-adicional-de-gratificacao\/","title":{"rendered":"Mesmo sob chuva, Professores aprovam novos passos da luta contra o corte do Adicional de Gratifica\u00e7\u00e3o"},"content":{"rendered":"<p><span style=\"font-size: 14pt;\">A noite chuvosa da \u00faltima ter\u00e7a, 26 de agosto, n\u00e3o foi capaz de apagar a chama da resist\u00eancia. O <strong>SINTRAMEM<\/strong> realizou assembleia com a participa\u00e7\u00e3o dos trabalhadores, que demonstraram indigna\u00e7\u00e3o diante do corte arbitr\u00e1rio do Adicional de Gratifica\u00e7\u00e3o (prefeito <strong>Kayo Amado,<\/strong> partido PODEMOS) e reafirmaram a disposi\u00e7\u00e3o de seguir lutando at\u00e9 a vit\u00f3ria.<\/span><\/p>\n<p><span style=\"font-size: 18pt; color: #ffffff; background-color: #333333;\"><strong>PROPOSTAS APROVADAS PELA ASSEMBLEIA<\/strong><\/span><\/p>\n<p><span style=\"font-size: 14pt;\">Ap\u00f3s amplo debate e apresenta\u00e7\u00e3o das \u00faltimas movimenta\u00e7\u00f5es da diretoria, a categoria aprovou tr\u00eas medidas de enfrentamento imediato:<\/span><\/p>\n<p><span style=\"font-size: 14pt;\"><span style=\"color: #ffffff; background-color: #ff0000;\"><strong>Manifesta\u00e7\u00e3o no Desfile da Independ\u00eancia &#8211;<\/strong><\/span> Todos vestidos de preto e com panfletagem para denunciar os ataques do Governo.<\/span><\/p>\n<p><span style=\"font-size: 14pt;\"><span style=\"color: #ffffff; background-color: #ff0000;\"><strong>A\u00e7\u00e3o Civil P\u00fablica &#8211;<\/strong><\/span> Judicializar o caso para defender o direito dos Servidores.<\/span><\/p>\n<p><span style=\"font-size: 14pt;\"><span style=\"background-color: #ff0000; color: #ffffff;\"><strong>Manifesta\u00e7\u00e3o fora do hor\u00e1rio de servi\u00e7o &#8211;<\/strong><\/span> Intensificar a mobiliza\u00e7\u00e3o sem permitir retalia\u00e7\u00f5es. A data da manifesta\u00e7\u00e3o ser\u00e1 definida em reuni\u00e3o com o Conselho de Representantes e divulgada posteriormente nos canais oficiais do <strong>SINTRAMEM.<\/strong><\/span><\/p>\n<p><span style=\"font-size: 14pt;\">Essas a\u00e7\u00f5es mostram que a categoria n\u00e3o vai aceitar calada os retrocessos e seguir\u00e1 pressionando nas ruas, na Justi\u00e7a e em todos os espa\u00e7os necess\u00e1rios.<\/span><\/p>\n<p><span style=\"font-size: 18pt; color: #ffffff; background-color: #333333;\"><strong>PASSO A PASSO DA LUTA<\/strong><\/span><\/p>\n<p><span style=\"font-size: 14pt;\">Durante a assembleia, a diretoria relembrou os epis\u00f3dios que demonstram a postura desrespeitosa da Administra\u00e7\u00e3o e da base governista na C\u00e2mara:<\/span><\/p>\n<p><span style=\"font-size: 14pt;\"><strong><span style=\"color: #ffffff; background-color: #ff0000;\">26\/6 &#8211;<\/span><\/strong> Press\u00e3o do <strong>SINTRAMEM<\/strong> retira o projeto da pauta e garante compromisso dos vereadores de n\u00e3o votar nada sem acordo com a categoria.<\/span><\/p>\n<p><span style=\"font-size: 14pt;\"><span style=\"color: #ffffff; background-color: #ff0000;\"><strong>24\/7 &#8211;<\/strong><\/span> Reuni\u00e3o com a Secretaria de Gest\u00e3o e Educa\u00e7\u00e3o: promessa de n\u00e3o retomar a proposta que cortava a Titula\u00e7\u00e3o.<\/span><\/p>\n<p><span style=\"font-size: 14pt;\"><span style=\"color: #ffffff; background-color: #ff0000;\"><strong>7\/8 &#8211;<\/strong><\/span> Sindicato vai \u00e0 C\u00e2mara e consegue c\u00f3pia do projeto, que tratava apenas de inform\u00e1tica.<\/span><\/p>\n<p><span style=\"font-size: 14pt;\"><span style=\"color: #ffffff; background-color: #ff0000;\"><strong>13\/8 &#8211;<\/strong><\/span> Boatos sobre corte da Titula\u00e7\u00e3o. Vereadores e administra\u00e7\u00e3o negam.<\/span><\/p>\n<p><span style=\"font-size: 14pt;\"><span style=\"color: #ffffff; background-color: #ff0000;\"><strong>14\/8 &#8211;<\/strong><\/span> No apagar das luzes, o Governo retira o projeto de inform\u00e1tica e coloca em vota\u00e7\u00e3o, de forma sorrateira, o texto que ataca a Titula\u00e7\u00e3o.<\/span><\/p>\n<p><span style=\"font-size: 18pt; color: #ffffff; background-color: #333333;\"><strong>NOSSA RESPOSTA \u00c9 UNI\u00c3O E LUTA<\/strong><\/span><\/p>\n<p><span style=\"font-size: 14pt;\">O que se v\u00ea \u00e9 um jogo de trai\u00e7\u00f5es e manobras que afrontam o Servidor e a democracia. Mas a categoria j\u00e1 mostrou que n\u00e3o se dobra: seja sob chuva, seja diante da trucul\u00eancia do Governo, os trabalhadores do servi\u00e7o p\u00fablico est\u00e3o firmes.<\/span><\/p>\n<p><span style=\"font-size: 14pt;\">O <strong>SINTRAMEM<\/strong> seguir\u00e1 orientando, mobilizando e denunciando cada golpe contra os direitos da classe trabalhadora. S\u00f3 a luta organizada pode barrar os ataques e garantir respeito a quem sustenta o servi\u00e7o p\u00fablico da nossa cidade.<\/span><\/p>\n<p><span style=\"background-color: #ffff00;\"><strong><span style=\"font-size: 14pt; background-color: #ffff00;\">A hist\u00f3ria tem mostrado: quando a categoria se une, nenhum Governo \u00e9 capaz de nos calar!<\/span><\/strong><\/span><\/p>\n<p><img loading=\"lazy\" decoding=\"async\" class=\"aligncenter size-large wp-image-8687\" src=\"https:\/\/sintramem-sv.org.br\/sintramem\/wp-content\/uploads\/2025\/08\/Carrossel-Contra-o-Corte-Sintramem-1-819x1024.png\" alt=\"\" width=\"819\" height=\"1024\" srcset=\"https:\/\/sintramem-sv.org.br\/sintramem\/wp-content\/uploads\/2025\/08\/Carrossel-Contra-o-Corte-Sintramem-1-819x1024.png 819w, https:\/\/sintramem-sv.org.br\/sintramem\/wp-content\/uploads\/2025\/08\/Carrossel-Contra-o-Corte-Sintramem-1-240x300.png 240w, https:\/\/sintramem-sv.org.br\/sintramem\/wp-content\/uploads\/2025\/08\/Carrossel-Contra-o-Corte-Sintramem-1-768x960.png 768w, https:\/\/sintramem-sv.org.br\/sintramem\/wp-content\/uploads\/2025\/08\/Carrossel-Contra-o-Corte-Sintramem-1.png 1080w\" sizes=\"auto, (max-width: 819px) 100vw, 819px\" \/><\/p>\n<p><img loading=\"lazy\" decoding=\"async\" class=\"aligncenter size-large wp-image-8686\" src=\"https:\/\/sintramem-sv.org.br\/sintramem\/wp-content\/uploads\/2025\/08\/Carrossel-Contra-o-Corte-Sintrame-2-819x1024.png\" alt=\"\" width=\"819\" height=\"1024\" srcset=\"https:\/\/sintramem-sv.org.br\/sintramem\/wp-content\/uploads\/2025\/08\/Carrossel-Contra-o-Corte-Sintrame-2-819x1024.png 819w, https:\/\/sintramem-sv.org.br\/sintramem\/wp-content\/uploads\/2025\/08\/Carrossel-Contra-o-Corte-Sintrame-2-240x300.png 240w, https:\/\/sintramem-sv.org.br\/sintramem\/wp-content\/uploads\/2025\/08\/Carrossel-Contra-o-Corte-Sintrame-2-768x960.png 768w, https:\/\/sintramem-sv.org.br\/sintramem\/wp-content\/uploads\/2025\/08\/Carrossel-Contra-o-Corte-Sintrame-2.png 1080w\" sizes=\"auto, (max-width: 819px) 100vw, 819px\" \/><\/p>\n<p><img loading=\"lazy\" decoding=\"async\" class=\"aligncenter size-large wp-image-8688\" src=\"https:\/\/sintramem-sv.org.br\/sintramem\/wp-content\/uploads\/2025\/08\/Carrossel-Contra-o-Corte-Sintramem-3-819x1024.png\" alt=\"\" width=\"819\" height=\"1024\" srcset=\"https:\/\/sintramem-sv.org.br\/sintramem\/wp-content\/uploads\/2025\/08\/Carrossel-Contra-o-Corte-Sintramem-3-819x1024.png 819w, https:\/\/sintramem-sv.org.br\/sintramem\/wp-content\/uploads\/2025\/08\/Carrossel-Contra-o-Corte-Sintramem-3-240x300.png 240w, https:\/\/sintramem-sv.org.br\/sintramem\/wp-content\/uploads\/2025\/08\/Carrossel-Contra-o-Corte-Sintramem-3-768x960.png 768w, https:\/\/sintramem-sv.org.br\/sintramem\/wp-content\/uploads\/2025\/08\/Carrossel-Contra-o-Corte-Sintramem-3.png 1080w\" sizes=\"auto, (max-width: 819px) 100vw, 819px\" \/><\/p>\n","protected":false},"excerpt":{"rendered":"<p>A noite chuvosa da \u00faltima ter\u00e7a, 26 de agosto, n\u00e3o foi capaz de apagar a chama da resist\u00eancia. O SINTRAMEM realizou assembleia com a participa\u00e7\u00e3o dos trabalhadores, que demonstraram indigna\u00e7\u00e3o diante do corte arbitr\u00e1rio do Adicional de Gratifica\u00e7\u00e3o (prefeito Kayo Amado, partido PODEMOS) e reafirmaram a disposi\u00e7\u00e3o de seguir lutando at\u00e9 a vit\u00f3ria. PROPOSTAS APROVADAS&hellip;<\/p>\n","protected":false},"author":1,"featured_media":8689,"comment_status":"open","ping_status":"closed","sticky":false,"template":"","format":"standard","meta":{"_monsterinsights_skip_tracking":false,"_monsterinsights_sitenote_active":false,"_monsterinsights_sitenote_note":"","_monsterinsights_sitenote_category":0,"footnotes":""},"categories":[19],"tags":[],"class_list":["post-8680","post","type-post","status-publish","format-standard","has-post-thumbnail","hentry","category-sintramem"],"yoast_head":"<!-- This site is optimized with the Yoast SEO plugin v27.0 - https:\/\/yoast.com\/product\/yoast-seo-wordpress\/ -->\n<title>Mesmo sob chuva, Professores aprovam novos passos da luta contra o corte do Adicional de Gratifica\u00e7\u00e3o - SINTRAMEM<\/title>\n<meta name=\"robots\" content=\"index, follow, max-snippet:-1, max-image-preview:large, max-video-preview:-1\" \/>\n<link rel=\"canonical\" href=\"https:\/\/sintramem-sv.org.br\/sintramem\/mesmo-sob-chuva-professores-aprovam-novos-passos-da-luta-contra-o-corte-do-adicional-de-gratificacao\/\" \/>\n<meta property=\"og:locale\" content=\"pt_BR\" \/>\n<meta property=\"og:type\" content=\"article\" \/>\n<meta property=\"og:title\" content=\"Mesmo sob chuva, Professores aprovam novos passos da luta contra o corte do Adicional de Gratifica\u00e7\u00e3o - SINTRAMEM\" \/>\n<meta property=\"og:description\" content=\"A noite chuvosa da \u00faltima ter\u00e7a, 26 de agosto, n\u00e3o foi capaz de apagar a chama da resist\u00eancia. O SINTRAMEM realizou assembleia com a participa\u00e7\u00e3o dos trabalhadores, que demonstraram indigna\u00e7\u00e3o diante do corte arbitr\u00e1rio do Adicional de Gratifica\u00e7\u00e3o (prefeito Kayo Amado, partido PODEMOS) e reafirmaram a disposi\u00e7\u00e3o de seguir lutando at\u00e9 a vit\u00f3ria. PROPOSTAS APROVADAS&hellip;\" \/>\n<meta property=\"og:url\" content=\"https:\/\/sintramem-sv.org.br\/sintramem\/mesmo-sob-chuva-professores-aprovam-novos-passos-da-luta-contra-o-corte-do-adicional-de-gratificacao\/\" \/>\n<meta property=\"og:site_name\" content=\"SINTRAMEM\" \/>\n<meta property=\"article:published_time\" content=\"2025-08-27T17:28:44+00:00\" \/>\n<meta property=\"article:modified_time\" content=\"2025-08-27T19:18:31+00:00\" \/>\n<meta property=\"og:image\" content=\"https:\/\/sintramem-sv.org.br\/sintramem\/wp-content\/uploads\/2025\/08\/menor-2.png\" \/>\n\t<meta property=\"og:image:width\" content=\"500\" \/>\n\t<meta property=\"og:image:height\" content=\"278\" \/>\n\t<meta property=\"og:image:type\" content=\"image\/png\" \/>\n<meta name=\"author\" content=\"sintramem\" \/>\n<meta name=\"twitter:card\" content=\"summary_large_image\" \/>\n<meta name=\"twitter:label1\" content=\"Escrito por\" \/>\n\t<meta name=\"twitter:data1\" content=\"sintramem\" \/>\n\t<meta name=\"twitter:label2\" content=\"Est. tempo de leitura\" \/>\n\t<meta name=\"twitter:data2\" content=\"3 minutos\" \/>\n<script type=\"application\/ld+json\" class=\"yoast-schema-graph\">{\"@context\":\"https:\/\/schema.org\",\"@graph\":[{\"@type\":\"Article\",\"@id\":\"https:\/\/sintramem-sv.org.br\/sintramem\/mesmo-sob-chuva-professores-aprovam-novos-passos-da-luta-contra-o-corte-do-adicional-de-gratificacao\/#article\",\"isPartOf\":{\"@id\":\"https:\/\/sintramem-sv.org.br\/sintramem\/mesmo-sob-chuva-professores-aprovam-novos-passos-da-luta-contra-o-corte-do-adicional-de-gratificacao\/\"},\"author\":{\"name\":\"sintramem\",\"@id\":\"https:\/\/sintramem-sv.org.br\/sintramem\/#\/schema\/person\/a8decb8ea63607d1e01e046c95ddcf2b\"},\"headline\":\"Mesmo sob chuva, Professores aprovam novos passos da luta contra o corte do Adicional de Gratifica\u00e7\u00e3o\",\"datePublished\":\"2025-08-27T17:28:44+00:00\",\"dateModified\":\"2025-08-27T19:18:31+00:00\",\"mainEntityOfPage\":{\"@id\":\"https:\/\/sintramem-sv.org.br\/sintramem\/mesmo-sob-chuva-professores-aprovam-novos-passos-da-luta-contra-o-corte-do-adicional-de-gratificacao\/\"},\"wordCount\":453,\"commentCount\":0,\"publisher\":{\"@id\":\"https:\/\/sintramem-sv.org.br\/sintramem\/#organization\"},\"image\":{\"@id\":\"https:\/\/sintramem-sv.org.br\/sintramem\/mesmo-sob-chuva-professores-aprovam-novos-passos-da-luta-contra-o-corte-do-adicional-de-gratificacao\/#primaryimage\"},\"thumbnailUrl\":\"https:\/\/sintramem-sv.org.br\/sintramem\/wp-content\/uploads\/2025\/08\/Destacada-Contra-o-Corte-Sintramem.png\",\"articleSection\":[\"Sintramem\"],\"inLanguage\":\"pt-BR\",\"potentialAction\":[{\"@type\":\"CommentAction\",\"name\":\"Comment\",\"target\":[\"https:\/\/sintramem-sv.org.br\/sintramem\/mesmo-sob-chuva-professores-aprovam-novos-passos-da-luta-contra-o-corte-do-adicional-de-gratificacao\/#respond\"]}]},{\"@type\":\"WebPage\",\"@id\":\"https:\/\/sintramem-sv.org.br\/sintramem\/mesmo-sob-chuva-professores-aprovam-novos-passos-da-luta-contra-o-corte-do-adicional-de-gratificacao\/\",\"url\":\"https:\/\/sintramem-sv.org.br\/sintramem\/mesmo-sob-chuva-professores-aprovam-novos-passos-da-luta-contra-o-corte-do-adicional-de-gratificacao\/\",\"name\":\"Mesmo sob chuva, Professores aprovam novos passos da luta contra o corte do Adicional de Gratifica\u00e7\u00e3o - SINTRAMEM\",\"isPartOf\":{\"@id\":\"https:\/\/sintramem-sv.org.br\/sintramem\/#website\"},\"primaryImageOfPage\":{\"@id\":\"https:\/\/sintramem-sv.org.br\/sintramem\/mesmo-sob-chuva-professores-aprovam-novos-passos-da-luta-contra-o-corte-do-adicional-de-gratificacao\/#primaryimage\"},\"image\":{\"@id\":\"https:\/\/sintramem-sv.org.br\/sintramem\/mesmo-sob-chuva-professores-aprovam-novos-passos-da-luta-contra-o-corte-do-adicional-de-gratificacao\/#primaryimage\"},\"thumbnailUrl\":\"https:\/\/sintramem-sv.org.br\/sintramem\/wp-content\/uploads\/2025\/08\/Destacada-Contra-o-Corte-Sintramem.png\",\"datePublished\":\"2025-08-27T17:28:44+00:00\",\"dateModified\":\"2025-08-27T19:18:31+00:00\",\"breadcrumb\":{\"@id\":\"https:\/\/sintramem-sv.org.br\/sintramem\/mesmo-sob-chuva-professores-aprovam-novos-passos-da-luta-contra-o-corte-do-adicional-de-gratificacao\/#breadcrumb\"},\"inLanguage\":\"pt-BR\",\"potentialAction\":[{\"@type\":\"ReadAction\",\"target\":[\"https:\/\/sintramem-sv.org.br\/sintramem\/mesmo-sob-chuva-professores-aprovam-novos-passos-da-luta-contra-o-corte-do-adicional-de-gratificacao\/\"]}]},{\"@type\":\"ImageObject\",\"inLanguage\":\"pt-BR\",\"@id\":\"https:\/\/sintramem-sv.org.br\/sintramem\/mesmo-sob-chuva-professores-aprovam-novos-passos-da-luta-contra-o-corte-do-adicional-de-gratificacao\/#primaryimage\",\"url\":\"https:\/\/sintramem-sv.org.br\/sintramem\/wp-content\/uploads\/2025\/08\/Destacada-Contra-o-Corte-Sintramem.png\",\"contentUrl\":\"https:\/\/sintramem-sv.org.br\/sintramem\/wp-content\/uploads\/2025\/08\/Destacada-Contra-o-Corte-Sintramem.png\",\"width\":1294,\"height\":720},{\"@type\":\"BreadcrumbList\",\"@id\":\"https:\/\/sintramem-sv.org.br\/sintramem\/mesmo-sob-chuva-professores-aprovam-novos-passos-da-luta-contra-o-corte-do-adicional-de-gratificacao\/#breadcrumb\",\"itemListElement\":[{\"@type\":\"ListItem\",\"position\":1,\"name\":\"In\u00edcio\",\"item\":\"https:\/\/sintramem-sv.org.br\/sintramem\/\"},{\"@type\":\"ListItem\",\"position\":2,\"name\":\"Mesmo sob chuva, Professores aprovam novos passos da luta contra o corte do Adicional de Gratifica\u00e7\u00e3o\"}]},{\"@type\":\"WebSite\",\"@id\":\"https:\/\/sintramem-sv.org.br\/sintramem\/#website\",\"url\":\"https:\/\/sintramem-sv.org.br\/sintramem\/\",\"name\":\"SINTRAMEM\",\"description\":\"Sindicato dos Trabalhadores no Magist\u00e9rio e na Educa\u00e7\u00e3o de S\u00e3o Vicente\",\"publisher\":{\"@id\":\"https:\/\/sintramem-sv.org.br\/sintramem\/#organization\"},\"potentialAction\":[{\"@type\":\"SearchAction\",\"target\":{\"@type\":\"EntryPoint\",\"urlTemplate\":\"https:\/\/sintramem-sv.org.br\/sintramem\/?s={search_term_string}\"},\"query-input\":{\"@type\":\"PropertyValueSpecification\",\"valueRequired\":true,\"valueName\":\"search_term_string\"}}],\"inLanguage\":\"pt-BR\"},{\"@type\":\"Organization\",\"@id\":\"https:\/\/sintramem-sv.org.br\/sintramem\/#organization\",\"name\":\"SINTRAMEM\",\"url\":\"https:\/\/sintramem-sv.org.br\/sintramem\/\",\"logo\":{\"@type\":\"ImageObject\",\"inLanguage\":\"pt-BR\",\"@id\":\"https:\/\/sintramem-sv.org.br\/sintramem\/#\/schema\/logo\/image\/\",\"url\":\"https:\/\/sintramem-sv.org.br\/sintramem\/wp-content\/uploads\/2017\/02\/SINTRAMEM-LOGO-OFICIAL-300x100-jpg.jpg\",\"contentUrl\":\"https:\/\/sintramem-sv.org.br\/sintramem\/wp-content\/uploads\/2017\/02\/SINTRAMEM-LOGO-OFICIAL-300x100-jpg.jpg\",\"width\":150,\"height\":150,\"caption\":\"SINTRAMEM\"},\"image\":{\"@id\":\"https:\/\/sintramem-sv.org.br\/sintramem\/#\/schema\/logo\/image\/\"}},{\"@type\":\"Person\",\"@id\":\"https:\/\/sintramem-sv.org.br\/sintramem\/#\/schema\/person\/a8decb8ea63607d1e01e046c95ddcf2b\",\"name\":\"sintramem\",\"image\":{\"@type\":\"ImageObject\",\"inLanguage\":\"pt-BR\",\"@id\":\"https:\/\/sintramem-sv.org.br\/sintramem\/#\/schema\/person\/image\/\",\"url\":\"https:\/\/secure.gravatar.com\/avatar\/8e06da3b0d4f051010117c848b52b9280a4228043717057ccccccc8b20ff8f48?s=96&d=mm&r=g\",\"contentUrl\":\"https:\/\/secure.gravatar.com\/avatar\/8e06da3b0d4f051010117c848b52b9280a4228043717057ccccccc8b20ff8f48?s=96&d=mm&r=g\",\"caption\":\"sintramem\"},\"description\":\"Sindicato dos Trabalhadores no Magist\u00e9rio e na Educa\u00e7\u00e3o Municipal de S\u00e3o Vicente\",\"url\":\"https:\/\/sintramem-sv.org.br\/sintramem\/author\/sindsv\/\"}]}<\/script>\n<!-- \/ Yoast SEO plugin. -->","yoast_head_json":{"title":"Mesmo sob chuva, Professores aprovam novos passos da luta contra o corte do Adicional de Gratifica\u00e7\u00e3o - SINTRAMEM","robots":{"index":"index","follow":"follow","max-snippet":"max-snippet:-1","max-image-preview":"max-image-preview:large","max-video-preview":"max-video-preview:-1"},"canonical":"https:\/\/sintramem-sv.org.br\/sintramem\/mesmo-sob-chuva-professores-aprovam-novos-passos-da-luta-contra-o-corte-do-adicional-de-gratificacao\/","og_locale":"pt_BR","og_type":"article","og_title":"Mesmo sob chuva, Professores aprovam novos passos da luta contra o corte do Adicional de Gratifica\u00e7\u00e3o - SINTRAMEM","og_description":"A noite chuvosa da \u00faltima ter\u00e7a, 26 de agosto, n\u00e3o foi capaz de apagar a chama da resist\u00eancia. O SINTRAMEM realizou assembleia com a participa\u00e7\u00e3o dos trabalhadores, que demonstraram indigna\u00e7\u00e3o diante do corte arbitr\u00e1rio do Adicional de Gratifica\u00e7\u00e3o (prefeito Kayo Amado, partido PODEMOS) e reafirmaram a disposi\u00e7\u00e3o de seguir lutando at\u00e9 a vit\u00f3ria. PROPOSTAS APROVADAS&hellip;","og_url":"https:\/\/sintramem-sv.org.br\/sintramem\/mesmo-sob-chuva-professores-aprovam-novos-passos-da-luta-contra-o-corte-do-adicional-de-gratificacao\/","og_site_name":"SINTRAMEM","article_published_time":"2025-08-27T17:28:44+00:00","article_modified_time":"2025-08-27T19:18:31+00:00","og_image":[{"width":500,"height":278,"url":"https:\/\/sintramem-sv.org.br\/sintramem\/wp-content\/uploads\/2025\/08\/menor-2.png","type":"image\/png"}],"author":"sintramem","twitter_card":"summary_large_image","twitter_misc":{"Escrito por":"sintramem","Est. tempo de leitura":"3 minutos"},"schema":{"@context":"https:\/\/schema.org","@graph":[{"@type":"Article","@id":"https:\/\/sintramem-sv.org.br\/sintramem\/mesmo-sob-chuva-professores-aprovam-novos-passos-da-luta-contra-o-corte-do-adicional-de-gratificacao\/#article","isPartOf":{"@id":"https:\/\/sintramem-sv.org.br\/sintramem\/mesmo-sob-chuva-professores-aprovam-novos-passos-da-luta-contra-o-corte-do-adicional-de-gratificacao\/"},"author":{"name":"sintramem","@id":"https:\/\/sintramem-sv.org.br\/sintramem\/#\/schema\/person\/a8decb8ea63607d1e01e046c95ddcf2b"},"headline":"Mesmo sob chuva, Professores aprovam novos passos da luta contra o corte do Adicional de Gratifica\u00e7\u00e3o","datePublished":"2025-08-27T17:28:44+00:00","dateModified":"2025-08-27T19:18:31+00:00","mainEntityOfPage":{"@id":"https:\/\/sintramem-sv.org.br\/sintramem\/mesmo-sob-chuva-professores-aprovam-novos-passos-da-luta-contra-o-corte-do-adicional-de-gratificacao\/"},"wordCount":453,"commentCount":0,"publisher":{"@id":"https:\/\/sintramem-sv.org.br\/sintramem\/#organization"},"image":{"@id":"https:\/\/sintramem-sv.org.br\/sintramem\/mesmo-sob-chuva-professores-aprovam-novos-passos-da-luta-contra-o-corte-do-adicional-de-gratificacao\/#primaryimage"},"thumbnailUrl":"https:\/\/sintramem-sv.org.br\/sintramem\/wp-content\/uploads\/2025\/08\/Destacada-Contra-o-Corte-Sintramem.png","articleSection":["Sintramem"],"inLanguage":"pt-BR","potentialAction":[{"@type":"CommentAction","name":"Comment","target":["https:\/\/sintramem-sv.org.br\/sintramem\/mesmo-sob-chuva-professores-aprovam-novos-passos-da-luta-contra-o-corte-do-adicional-de-gratificacao\/#respond"]}]},{"@type":"WebPage","@id":"https:\/\/sintramem-sv.org.br\/sintramem\/mesmo-sob-chuva-professores-aprovam-novos-passos-da-luta-contra-o-corte-do-adicional-de-gratificacao\/","url":"https:\/\/sintramem-sv.org.br\/sintramem\/mesmo-sob-chuva-professores-aprovam-novos-passos-da-luta-contra-o-corte-do-adicional-de-gratificacao\/","name":"Mesmo sob chuva, Professores aprovam novos passos da luta contra o corte do Adicional de Gratifica\u00e7\u00e3o - SINTRAMEM","isPartOf":{"@id":"https:\/\/sintramem-sv.org.br\/sintramem\/#website"},"primaryImageOfPage":{"@id":"https:\/\/sintramem-sv.org.br\/sintramem\/mesmo-sob-chuva-professores-aprovam-novos-passos-da-luta-contra-o-corte-do-adicional-de-gratificacao\/#primaryimage"},"image":{"@id":"https:\/\/sintramem-sv.org.br\/sintramem\/mesmo-sob-chuva-professores-aprovam-novos-passos-da-luta-contra-o-corte-do-adicional-de-gratificacao\/#primaryimage"},"thumbnailUrl":"https:\/\/sintramem-sv.org.br\/sintramem\/wp-content\/uploads\/2025\/08\/Destacada-Contra-o-Corte-Sintramem.png","datePublished":"2025-08-27T17:28:44+00:00","dateModified":"2025-08-27T19:18:31+00:00","breadcrumb":{"@id":"https:\/\/sintramem-sv.org.br\/sintramem\/mesmo-sob-chuva-professores-aprovam-novos-passos-da-luta-contra-o-corte-do-adicional-de-gratificacao\/#breadcrumb"},"inLanguage":"pt-BR","potentialAction":[{"@type":"ReadAction","target":["https:\/\/sintramem-sv.org.br\/sintramem\/mesmo-sob-chuva-professores-aprovam-novos-passos-da-luta-contra-o-corte-do-adicional-de-gratificacao\/"]}]},{"@type":"ImageObject","inLanguage":"pt-BR","@id":"https:\/\/sintramem-sv.org.br\/sintramem\/mesmo-sob-chuva-professores-aprovam-novos-passos-da-luta-contra-o-corte-do-adicional-de-gratificacao\/#primaryimage","url":"https:\/\/sintramem-sv.org.br\/sintramem\/wp-content\/uploads\/2025\/08\/Destacada-Contra-o-Corte-Sintramem.png","contentUrl":"https:\/\/sintramem-sv.org.br\/sintramem\/wp-content\/uploads\/2025\/08\/Destacada-Contra-o-Corte-Sintramem.png","width":1294,"height":720},{"@type":"BreadcrumbList","@id":"https:\/\/sintramem-sv.org.br\/sintramem\/mesmo-sob-chuva-professores-aprovam-novos-passos-da-luta-contra-o-corte-do-adicional-de-gratificacao\/#breadcrumb","itemListElement":[{"@type":"ListItem","position":1,"name":"In\u00edcio","item":"https:\/\/sintramem-sv.org.br\/sintramem\/"},{"@type":"ListItem","position":2,"name":"Mesmo sob chuva, Professores aprovam novos passos da luta contra o corte do Adicional de Gratifica\u00e7\u00e3o"}]},{"@type":"WebSite","@id":"https:\/\/sintramem-sv.org.br\/sintramem\/#website","url":"https:\/\/sintramem-sv.org.br\/sintramem\/","name":"SINTRAMEM","description":"Sindicato dos Trabalhadores no Magist\u00e9rio e na Educa\u00e7\u00e3o de S\u00e3o Vicente","publisher":{"@id":"https:\/\/sintramem-sv.org.br\/sintramem\/#organization"},"potentialAction":[{"@type":"SearchAction","target":{"@type":"EntryPoint","urlTemplate":"https:\/\/sintramem-sv.org.br\/sintramem\/?s={search_term_string}"},"query-input":{"@type":"PropertyValueSpecification","valueRequired":true,"valueName":"search_term_string"}}],"inLanguage":"pt-BR"},{"@type":"Organization","@id":"https:\/\/sintramem-sv.org.br\/sintramem\/#organization","name":"SINTRAMEM","url":"https:\/\/sintramem-sv.org.br\/sintramem\/","logo":{"@type":"ImageObject","inLanguage":"pt-BR","@id":"https:\/\/sintramem-sv.org.br\/sintramem\/#\/schema\/logo\/image\/","url":"https:\/\/sintramem-sv.org.br\/sintramem\/wp-content\/uploads\/2017\/02\/SINTRAMEM-LOGO-OFICIAL-300x100-jpg.jpg","contentUrl":"https:\/\/sintramem-sv.org.br\/sintramem\/wp-content\/uploads\/2017\/02\/SINTRAMEM-LOGO-OFICIAL-300x100-jpg.jpg","width":150,"height":150,"caption":"SINTRAMEM"},"image":{"@id":"https:\/\/sintramem-sv.org.br\/sintramem\/#\/schema\/logo\/image\/"}},{"@type":"Person","@id":"https:\/\/sintramem-sv.org.br\/sintramem\/#\/schema\/person\/a8decb8ea63607d1e01e046c95ddcf2b","name":"sintramem","image":{"@type":"ImageObject","inLanguage":"pt-BR","@id":"https:\/\/sintramem-sv.org.br\/sintramem\/#\/schema\/person\/image\/","url":"https:\/\/secure.gravatar.com\/avatar\/8e06da3b0d4f051010117c848b52b9280a4228043717057ccccccc8b20ff8f48?s=96&d=mm&r=g","contentUrl":"https:\/\/secure.gravatar.com\/avatar\/8e06da3b0d4f051010117c848b52b9280a4228043717057ccccccc8b20ff8f48?s=96&d=mm&r=g","caption":"sintramem"},"description":"Sindicato dos Trabalhadores no Magist\u00e9rio e na Educa\u00e7\u00e3o Municipal de S\u00e3o Vicente","url":"https:\/\/sintramem-sv.org.br\/sintramem\/author\/sindsv\/"}]}},"_links":{"self":[{"href":"https:\/\/sintramem-sv.org.br\/sintramem\/wp-json\/wp\/v2\/posts\/8680","targetHints":{"allow":["GET"]}}],"collection":[{"href":"https:\/\/sintramem-sv.org.br\/sintramem\/wp-json\/wp\/v2\/posts"}],"about":[{"href":"https:\/\/sintramem-sv.org.br\/sintramem\/wp-json\/wp\/v2\/types\/post"}],"author":[{"embeddable":true,"href":"https:\/\/sintramem-sv.org.br\/sintramem\/wp-json\/wp\/v2\/users\/1"}],"replies":[{"embeddable":true,"href":"https:\/\/sintramem-sv.org.br\/sintramem\/wp-json\/wp\/v2\/comments?post=8680"}],"version-history":[{"count":6,"href":"https:\/\/sintramem-sv.org.br\/sintramem\/wp-json\/wp\/v2\/posts\/8680\/revisions"}],"predecessor-version":[{"id":8691,"href":"https:\/\/sintramem-sv.org.br\/sintramem\/wp-json\/wp\/v2\/posts\/8680\/revisions\/8691"}],"wp:featuredmedia":[{"embeddable":true,"href":"https:\/\/sintramem-sv.org.br\/sintramem\/wp-json\/wp\/v2\/media\/8689"}],"wp:attachment":[{"href":"https:\/\/sintramem-sv.org.br\/sintramem\/wp-json\/wp\/v2\/media?parent=8680"}],"wp:term":[{"taxonomy":"category","embeddable":true,"href":"https:\/\/sintramem-sv.org.br\/sintramem\/wp-json\/wp\/v2\/categories?post=8680"},{"taxonomy":"post_tag","embeddable":true,"href":"https:\/\/sintramem-sv.org.br\/sintramem\/wp-json\/wp\/v2\/tags?post=8680"}],"curies":[{"name":"wp","href":"https:\/\/api.w.org\/{rel}","templated":true}]}}