{"id":8659,"date":"2025-08-26T17:36:12","date_gmt":"2025-08-26T17:36:12","guid":{"rendered":"https:\/\/sintramem-sv.org.br\/sintramem\/?p=8659"},"modified":"2025-08-28T13:58:17","modified_gmt":"2025-08-28T13:58:17","slug":"festa-da-tainha","status":"publish","type":"post","link":"https:\/\/sintramem-sv.org.br\/sintramem\/festa-da-tainha\/","title":{"rendered":"&#x1f374; 6\u00aa FESTA DA TAINHA | Venha saborear uma noite especial com m\u00fasica, confraterniza\u00e7\u00e3o e um delicioso card\u00e1pio!"},"content":{"rendered":"<p><span style=\"font-size: 14pt;\">Convidamos todos os Servidores (associados ou n\u00e3o) para uma noite especial de confraterniza\u00e7\u00e3o e boa comida! No dia 12 de setembro, a partir das 19 horas, acontece a 6\u00aa edi\u00e7\u00e3o da nossa tradicional &#8220;Festa da Tainha&#8221;, com um card\u00e1pio completo e saboroso preparado para servir at\u00e9 tr\u00eas pessoas. O evento ser\u00e1 realizado na sede do SindServSV e os convites j\u00e1 est\u00e3o dispon\u00edveis exclusivamente na sede do <strong>SINTRAMEM<\/strong>. Aproveite para garantir o seu prato e viver esse momento de alegria e uni\u00e3o com a categoria!<\/span><\/p>\n<p><span style=\"font-size: 14pt;\">&#x1f4c5; Data: 12 de setembro (sexta)<\/span><br \/>\n<span style=\"font-size: 14pt;\">&#x1f556; Hor\u00e1rio: 19 horas<\/span><br \/>\n<span style=\"font-size: 14pt;\">&#x1f4cd; Local do evento: sede do SindServSV (<a href=\"https:\/\/www.google.com\/maps\/place\/Rua+Visconde+de+Tamandar%C3%A9,+234+-+Centro,+S%C3%A3o+Vicente+-+SP,+11310-441\/data=!4m2!3m1!1s0x94ce1c90730efcd9:0xda0af29843677be7?sa=X&amp;ved=1t:242&amp;ictx=111\" target=\"_blank\" rel=\"noopener\"><strong>rua Visconde de Tamandar\u00e9, 234, Centro<\/strong><\/a>)<br \/>\n&#x26a0;&#xfe0f; Convites somente de forma antecipada no <strong>SINTRAMEM<\/strong> (<a href=\"https:\/\/www.google.com\/maps\/place\/SINTRAMEM\/@-23.9673638,-46.3896991,910m\/data=!3m2!1e3!4b1!4m6!3m5!1s0x94ce1d4968498c59:0x4eea0d14499ad738!8m2!3d-23.9673638!4d-46.3896991!16s%2Fg%2F11hdx2pf4_?entry=ttu&amp;g_ep=EgoyMDI1MDgxOS4wIKXMDSoASAFQAw%3D%3D\" target=\"_blank\" rel=\"noopener\"><strong>Pra\u00e7a Bernardino de Campos, 180, Centro<\/strong><\/a>)<br \/>\n<\/span><\/p>\n<p><span style=\"font-size: 18pt; color: #ffffff; background-color: #ff0000;\"><strong>&#x1f37d;&#xfe0f; Card\u00e1pio (serve at\u00e9 3 pessoas):<\/strong><\/span><\/p>\n<ul>\n<li><span style=\"font-size: 14pt;\">Tainha assada;<\/span><\/li>\n<li><span style=\"font-size: 14pt;\">Pir\u00e3o;<\/span><\/li>\n<li><span style=\"font-size: 14pt;\">Arroz;<\/span><\/li>\n<li><span style=\"font-size: 14pt;\">Batata sot\u00ea;<\/span><\/li>\n<li><span style=\"font-size: 14pt;\">Vinagrete;<\/span><\/li>\n<li><span style=\"font-size: 14pt;\">Farofa de banana com camar\u00e3o.<\/span><\/li>\n<\/ul>\n<p><span style=\"font-size: 14pt;\">&#x1f370; Bebidas e doces ser\u00e3o vendidos \u00e0 parte.<\/span><\/p>\n<p><strong><span style=\"font-size: 14pt; background-color: #ffff00;\">&#x1f4b2; Valor: R$ 90,00 o prato<\/span><\/strong><\/p>\n<p><span style=\"font-size: 14pt;\">Na compra do convite, voc\u00ea tem direito a duas latas de cerveja e a duas de refrigerante.<\/span><\/p>\n<p><span style=\"font-size: 18pt;\"><strong>Garanta o seu com anteced\u00eancia!<\/strong><\/span><\/p>\n<p><img loading=\"lazy\" decoding=\"async\" class=\"aligncenter size-large wp-image-8673\" src=\"https:\/\/sintramem-sv.org.br\/sintramem\/wp-content\/uploads\/2000\/08\/Arte-Festa-da-Tainha-SINTRAMEM-2-819x1024.png\" alt=\"\" width=\"819\" height=\"1024\" srcset=\"https:\/\/sintramem-sv.org.br\/sintramem\/wp-content\/uploads\/2000\/08\/Arte-Festa-da-Tainha-SINTRAMEM-2-819x1024.png 819w, https:\/\/sintramem-sv.org.br\/sintramem\/wp-content\/uploads\/2000\/08\/Arte-Festa-da-Tainha-SINTRAMEM-2-240x300.png 240w, https:\/\/sintramem-sv.org.br\/sintramem\/wp-content\/uploads\/2000\/08\/Arte-Festa-da-Tainha-SINTRAMEM-2-768x960.png 768w, https:\/\/sintramem-sv.org.br\/sintramem\/wp-content\/uploads\/2000\/08\/Arte-Festa-da-Tainha-SINTRAMEM-2.png 1080w\" sizes=\"auto, (max-width: 819px) 100vw, 819px\" \/><\/p>\n","protected":false},"excerpt":{"rendered":"<p>Convidamos todos os Servidores (associados ou n\u00e3o) para uma noite especial de confraterniza\u00e7\u00e3o e boa comida! No dia 12 de setembro, a partir das 19 horas, acontece a 6\u00aa edi\u00e7\u00e3o da nossa tradicional &#8220;Festa da Tainha&#8221;, com um card\u00e1pio completo e saboroso preparado para servir at\u00e9 tr\u00eas pessoas. O evento ser\u00e1 realizado na sede do&hellip;<\/p>\n","protected":false},"author":1,"featured_media":8674,"comment_status":"open","ping_status":"closed","sticky":false,"template":"","format":"standard","meta":{"_monsterinsights_skip_tracking":false,"_monsterinsights_sitenote_active":false,"_monsterinsights_sitenote_note":"","_monsterinsights_sitenote_category":0,"footnotes":""},"categories":[19],"tags":[],"class_list":["post-8659","post","type-post","status-publish","format-standard","has-post-thumbnail","hentry","category-sintramem"],"yoast_head":"<!-- This site is optimized with the Yoast SEO plugin v27.0 - https:\/\/yoast.com\/product\/yoast-seo-wordpress\/ -->\n<title>&#x1f374; 6\u00aa FESTA DA TAINHA | Venha saborear uma noite especial com m\u00fasica, confraterniza\u00e7\u00e3o e um delicioso card\u00e1pio! - SINTRAMEM<\/title>\n<meta name=\"robots\" content=\"index, follow, max-snippet:-1, max-image-preview:large, max-video-preview:-1\" \/>\n<link rel=\"canonical\" href=\"https:\/\/sintramem-sv.org.br\/sintramem\/festa-da-tainha\/\" \/>\n<meta property=\"og:locale\" content=\"pt_BR\" \/>\n<meta property=\"og:type\" content=\"article\" \/>\n<meta property=\"og:title\" content=\"&#x1f374; 6\u00aa FESTA DA TAINHA | Venha saborear uma noite especial com m\u00fasica, confraterniza\u00e7\u00e3o e um delicioso card\u00e1pio! - SINTRAMEM\" \/>\n<meta property=\"og:description\" content=\"Convidamos todos os Servidores (associados ou n\u00e3o) para uma noite especial de confraterniza\u00e7\u00e3o e boa comida! No dia 12 de setembro, a partir das 19 horas, acontece a 6\u00aa edi\u00e7\u00e3o da nossa tradicional &#8220;Festa da Tainha&#8221;, com um card\u00e1pio completo e saboroso preparado para servir at\u00e9 tr\u00eas pessoas. O evento ser\u00e1 realizado na sede do&hellip;\" \/>\n<meta property=\"og:url\" content=\"https:\/\/sintramem-sv.org.br\/sintramem\/festa-da-tainha\/\" \/>\n<meta property=\"og:site_name\" content=\"SINTRAMEM\" \/>\n<meta property=\"article:published_time\" content=\"2025-08-26T17:36:12+00:00\" \/>\n<meta property=\"article:modified_time\" content=\"2025-08-28T13:58:17+00:00\" \/>\n<meta property=\"og:image\" content=\"https:\/\/sintramem-sv.org.br\/sintramem\/wp-content\/uploads\/2000\/08\/menor-6.png\" \/>\n\t<meta property=\"og:image:width\" content=\"500\" \/>\n\t<meta property=\"og:image:height\" content=\"278\" \/>\n\t<meta property=\"og:image:type\" content=\"image\/png\" \/>\n<meta name=\"author\" content=\"sintramem\" \/>\n<meta name=\"twitter:card\" content=\"summary_large_image\" \/>\n<meta name=\"twitter:label1\" content=\"Escrito por\" \/>\n\t<meta name=\"twitter:data1\" content=\"sintramem\" \/>\n\t<meta name=\"twitter:label2\" content=\"Est. tempo de leitura\" \/>\n\t<meta name=\"twitter:data2\" content=\"2 minutos\" \/>\n<script type=\"application\/ld+json\" class=\"yoast-schema-graph\">{\"@context\":\"https:\/\/schema.org\",\"@graph\":[{\"@type\":\"Article\",\"@id\":\"https:\/\/sintramem-sv.org.br\/sintramem\/festa-da-tainha\/#article\",\"isPartOf\":{\"@id\":\"https:\/\/sintramem-sv.org.br\/sintramem\/festa-da-tainha\/\"},\"author\":{\"name\":\"sintramem\",\"@id\":\"https:\/\/sintramem-sv.org.br\/sintramem\/#\/schema\/person\/a8decb8ea63607d1e01e046c95ddcf2b\"},\"headline\":\"&#x1f374; 6\u00aa FESTA DA TAINHA | Venha saborear uma noite especial com m\u00fasica, confraterniza\u00e7\u00e3o e um delicioso card\u00e1pio!\",\"datePublished\":\"2025-08-26T17:36:12+00:00\",\"dateModified\":\"2025-08-28T13:58:17+00:00\",\"mainEntityOfPage\":{\"@id\":\"https:\/\/sintramem-sv.org.br\/sintramem\/festa-da-tainha\/\"},\"wordCount\":215,\"commentCount\":0,\"publisher\":{\"@id\":\"https:\/\/sintramem-sv.org.br\/sintramem\/#organization\"},\"image\":{\"@id\":\"https:\/\/sintramem-sv.org.br\/sintramem\/festa-da-tainha\/#primaryimage\"},\"thumbnailUrl\":\"https:\/\/sintramem-sv.org.br\/sintramem\/wp-content\/uploads\/2000\/08\/Destacada-Festa-da-Tainha-SINTRAMEM-1.png\",\"articleSection\":[\"Sintramem\"],\"inLanguage\":\"pt-BR\",\"potentialAction\":[{\"@type\":\"CommentAction\",\"name\":\"Comment\",\"target\":[\"https:\/\/sintramem-sv.org.br\/sintramem\/festa-da-tainha\/#respond\"]}]},{\"@type\":\"WebPage\",\"@id\":\"https:\/\/sintramem-sv.org.br\/sintramem\/festa-da-tainha\/\",\"url\":\"https:\/\/sintramem-sv.org.br\/sintramem\/festa-da-tainha\/\",\"name\":\"&#x1f374; 6\u00aa FESTA DA TAINHA | Venha saborear uma noite especial com m\u00fasica, confraterniza\u00e7\u00e3o e um delicioso card\u00e1pio! - SINTRAMEM\",\"isPartOf\":{\"@id\":\"https:\/\/sintramem-sv.org.br\/sintramem\/#website\"},\"primaryImageOfPage\":{\"@id\":\"https:\/\/sintramem-sv.org.br\/sintramem\/festa-da-tainha\/#primaryimage\"},\"image\":{\"@id\":\"https:\/\/sintramem-sv.org.br\/sintramem\/festa-da-tainha\/#primaryimage\"},\"thumbnailUrl\":\"https:\/\/sintramem-sv.org.br\/sintramem\/wp-content\/uploads\/2000\/08\/Destacada-Festa-da-Tainha-SINTRAMEM-1.png\",\"datePublished\":\"2025-08-26T17:36:12+00:00\",\"dateModified\":\"2025-08-28T13:58:17+00:00\",\"breadcrumb\":{\"@id\":\"https:\/\/sintramem-sv.org.br\/sintramem\/festa-da-tainha\/#breadcrumb\"},\"inLanguage\":\"pt-BR\",\"potentialAction\":[{\"@type\":\"ReadAction\",\"target\":[\"https:\/\/sintramem-sv.org.br\/sintramem\/festa-da-tainha\/\"]}]},{\"@type\":\"ImageObject\",\"inLanguage\":\"pt-BR\",\"@id\":\"https:\/\/sintramem-sv.org.br\/sintramem\/festa-da-tainha\/#primaryimage\",\"url\":\"https:\/\/sintramem-sv.org.br\/sintramem\/wp-content\/uploads\/2000\/08\/Destacada-Festa-da-Tainha-SINTRAMEM-1.png\",\"contentUrl\":\"https:\/\/sintramem-sv.org.br\/sintramem\/wp-content\/uploads\/2000\/08\/Destacada-Festa-da-Tainha-SINTRAMEM-1.png\",\"width\":1294,\"height\":720},{\"@type\":\"BreadcrumbList\",\"@id\":\"https:\/\/sintramem-sv.org.br\/sintramem\/festa-da-tainha\/#breadcrumb\",\"itemListElement\":[{\"@type\":\"ListItem\",\"position\":1,\"name\":\"In\u00edcio\",\"item\":\"https:\/\/sintramem-sv.org.br\/sintramem\/\"},{\"@type\":\"ListItem\",\"position\":2,\"name\":\"&#x1f374; 6\u00aa FESTA DA TAINHA | Venha saborear uma noite especial com m\u00fasica, confraterniza\u00e7\u00e3o e um delicioso card\u00e1pio!\"}]},{\"@type\":\"WebSite\",\"@id\":\"https:\/\/sintramem-sv.org.br\/sintramem\/#website\",\"url\":\"https:\/\/sintramem-sv.org.br\/sintramem\/\",\"name\":\"SINTRAMEM\",\"description\":\"Sindicato dos Trabalhadores no Magist\u00e9rio e na Educa\u00e7\u00e3o de S\u00e3o Vicente\",\"publisher\":{\"@id\":\"https:\/\/sintramem-sv.org.br\/sintramem\/#organization\"},\"potentialAction\":[{\"@type\":\"SearchAction\",\"target\":{\"@type\":\"EntryPoint\",\"urlTemplate\":\"https:\/\/sintramem-sv.org.br\/sintramem\/?s={search_term_string}\"},\"query-input\":{\"@type\":\"PropertyValueSpecification\",\"valueRequired\":true,\"valueName\":\"search_term_string\"}}],\"inLanguage\":\"pt-BR\"},{\"@type\":\"Organization\",\"@id\":\"https:\/\/sintramem-sv.org.br\/sintramem\/#organization\",\"name\":\"SINTRAMEM\",\"url\":\"https:\/\/sintramem-sv.org.br\/sintramem\/\",\"logo\":{\"@type\":\"ImageObject\",\"inLanguage\":\"pt-BR\",\"@id\":\"https:\/\/sintramem-sv.org.br\/sintramem\/#\/schema\/logo\/image\/\",\"url\":\"https:\/\/sintramem-sv.org.br\/sintramem\/wp-content\/uploads\/2017\/02\/SINTRAMEM-LOGO-OFICIAL-300x100-jpg.jpg\",\"contentUrl\":\"https:\/\/sintramem-sv.org.br\/sintramem\/wp-content\/uploads\/2017\/02\/SINTRAMEM-LOGO-OFICIAL-300x100-jpg.jpg\",\"width\":150,\"height\":150,\"caption\":\"SINTRAMEM\"},\"image\":{\"@id\":\"https:\/\/sintramem-sv.org.br\/sintramem\/#\/schema\/logo\/image\/\"}},{\"@type\":\"Person\",\"@id\":\"https:\/\/sintramem-sv.org.br\/sintramem\/#\/schema\/person\/a8decb8ea63607d1e01e046c95ddcf2b\",\"name\":\"sintramem\",\"image\":{\"@type\":\"ImageObject\",\"inLanguage\":\"pt-BR\",\"@id\":\"https:\/\/sintramem-sv.org.br\/sintramem\/#\/schema\/person\/image\/\",\"url\":\"https:\/\/secure.gravatar.com\/avatar\/8e06da3b0d4f051010117c848b52b9280a4228043717057ccccccc8b20ff8f48?s=96&d=mm&r=g\",\"contentUrl\":\"https:\/\/secure.gravatar.com\/avatar\/8e06da3b0d4f051010117c848b52b9280a4228043717057ccccccc8b20ff8f48?s=96&d=mm&r=g\",\"caption\":\"sintramem\"},\"description\":\"Sindicato dos Trabalhadores no Magist\u00e9rio e na Educa\u00e7\u00e3o Municipal de S\u00e3o Vicente\",\"url\":\"https:\/\/sintramem-sv.org.br\/sintramem\/author\/sindsv\/\"}]}<\/script>\n<!-- \/ Yoast SEO plugin. -->","yoast_head_json":{"title":"&#x1f374; 6\u00aa FESTA DA TAINHA | Venha saborear uma noite especial com m\u00fasica, confraterniza\u00e7\u00e3o e um delicioso card\u00e1pio! - SINTRAMEM","robots":{"index":"index","follow":"follow","max-snippet":"max-snippet:-1","max-image-preview":"max-image-preview:large","max-video-preview":"max-video-preview:-1"},"canonical":"https:\/\/sintramem-sv.org.br\/sintramem\/festa-da-tainha\/","og_locale":"pt_BR","og_type":"article","og_title":"&#x1f374; 6\u00aa FESTA DA TAINHA | Venha saborear uma noite especial com m\u00fasica, confraterniza\u00e7\u00e3o e um delicioso card\u00e1pio! - SINTRAMEM","og_description":"Convidamos todos os Servidores (associados ou n\u00e3o) para uma noite especial de confraterniza\u00e7\u00e3o e boa comida! No dia 12 de setembro, a partir das 19 horas, acontece a 6\u00aa edi\u00e7\u00e3o da nossa tradicional &#8220;Festa da Tainha&#8221;, com um card\u00e1pio completo e saboroso preparado para servir at\u00e9 tr\u00eas pessoas. O evento ser\u00e1 realizado na sede do&hellip;","og_url":"https:\/\/sintramem-sv.org.br\/sintramem\/festa-da-tainha\/","og_site_name":"SINTRAMEM","article_published_time":"2025-08-26T17:36:12+00:00","article_modified_time":"2025-08-28T13:58:17+00:00","og_image":[{"width":500,"height":278,"url":"https:\/\/sintramem-sv.org.br\/sintramem\/wp-content\/uploads\/2000\/08\/menor-6.png","type":"image\/png"}],"author":"sintramem","twitter_card":"summary_large_image","twitter_misc":{"Escrito por":"sintramem","Est. tempo de leitura":"2 minutos"},"schema":{"@context":"https:\/\/schema.org","@graph":[{"@type":"Article","@id":"https:\/\/sintramem-sv.org.br\/sintramem\/festa-da-tainha\/#article","isPartOf":{"@id":"https:\/\/sintramem-sv.org.br\/sintramem\/festa-da-tainha\/"},"author":{"name":"sintramem","@id":"https:\/\/sintramem-sv.org.br\/sintramem\/#\/schema\/person\/a8decb8ea63607d1e01e046c95ddcf2b"},"headline":"&#x1f374; 6\u00aa FESTA DA TAINHA | Venha saborear uma noite especial com m\u00fasica, confraterniza\u00e7\u00e3o e um delicioso card\u00e1pio!","datePublished":"2025-08-26T17:36:12+00:00","dateModified":"2025-08-28T13:58:17+00:00","mainEntityOfPage":{"@id":"https:\/\/sintramem-sv.org.br\/sintramem\/festa-da-tainha\/"},"wordCount":215,"commentCount":0,"publisher":{"@id":"https:\/\/sintramem-sv.org.br\/sintramem\/#organization"},"image":{"@id":"https:\/\/sintramem-sv.org.br\/sintramem\/festa-da-tainha\/#primaryimage"},"thumbnailUrl":"https:\/\/sintramem-sv.org.br\/sintramem\/wp-content\/uploads\/2000\/08\/Destacada-Festa-da-Tainha-SINTRAMEM-1.png","articleSection":["Sintramem"],"inLanguage":"pt-BR","potentialAction":[{"@type":"CommentAction","name":"Comment","target":["https:\/\/sintramem-sv.org.br\/sintramem\/festa-da-tainha\/#respond"]}]},{"@type":"WebPage","@id":"https:\/\/sintramem-sv.org.br\/sintramem\/festa-da-tainha\/","url":"https:\/\/sintramem-sv.org.br\/sintramem\/festa-da-tainha\/","name":"&#x1f374; 6\u00aa FESTA DA TAINHA | Venha saborear uma noite especial com m\u00fasica, confraterniza\u00e7\u00e3o e um delicioso card\u00e1pio! - SINTRAMEM","isPartOf":{"@id":"https:\/\/sintramem-sv.org.br\/sintramem\/#website"},"primaryImageOfPage":{"@id":"https:\/\/sintramem-sv.org.br\/sintramem\/festa-da-tainha\/#primaryimage"},"image":{"@id":"https:\/\/sintramem-sv.org.br\/sintramem\/festa-da-tainha\/#primaryimage"},"thumbnailUrl":"https:\/\/sintramem-sv.org.br\/sintramem\/wp-content\/uploads\/2000\/08\/Destacada-Festa-da-Tainha-SINTRAMEM-1.png","datePublished":"2025-08-26T17:36:12+00:00","dateModified":"2025-08-28T13:58:17+00:00","breadcrumb":{"@id":"https:\/\/sintramem-sv.org.br\/sintramem\/festa-da-tainha\/#breadcrumb"},"inLanguage":"pt-BR","potentialAction":[{"@type":"ReadAction","target":["https:\/\/sintramem-sv.org.br\/sintramem\/festa-da-tainha\/"]}]},{"@type":"ImageObject","inLanguage":"pt-BR","@id":"https:\/\/sintramem-sv.org.br\/sintramem\/festa-da-tainha\/#primaryimage","url":"https:\/\/sintramem-sv.org.br\/sintramem\/wp-content\/uploads\/2000\/08\/Destacada-Festa-da-Tainha-SINTRAMEM-1.png","contentUrl":"https:\/\/sintramem-sv.org.br\/sintramem\/wp-content\/uploads\/2000\/08\/Destacada-Festa-da-Tainha-SINTRAMEM-1.png","width":1294,"height":720},{"@type":"BreadcrumbList","@id":"https:\/\/sintramem-sv.org.br\/sintramem\/festa-da-tainha\/#breadcrumb","itemListElement":[{"@type":"ListItem","position":1,"name":"In\u00edcio","item":"https:\/\/sintramem-sv.org.br\/sintramem\/"},{"@type":"ListItem","position":2,"name":"&#x1f374; 6\u00aa FESTA DA TAINHA | Venha saborear uma noite especial com m\u00fasica, confraterniza\u00e7\u00e3o e um delicioso card\u00e1pio!"}]},{"@type":"WebSite","@id":"https:\/\/sintramem-sv.org.br\/sintramem\/#website","url":"https:\/\/sintramem-sv.org.br\/sintramem\/","name":"SINTRAMEM","description":"Sindicato dos Trabalhadores no Magist\u00e9rio e na Educa\u00e7\u00e3o de S\u00e3o Vicente","publisher":{"@id":"https:\/\/sintramem-sv.org.br\/sintramem\/#organization"},"potentialAction":[{"@type":"SearchAction","target":{"@type":"EntryPoint","urlTemplate":"https:\/\/sintramem-sv.org.br\/sintramem\/?s={search_term_string}"},"query-input":{"@type":"PropertyValueSpecification","valueRequired":true,"valueName":"search_term_string"}}],"inLanguage":"pt-BR"},{"@type":"Organization","@id":"https:\/\/sintramem-sv.org.br\/sintramem\/#organization","name":"SINTRAMEM","url":"https:\/\/sintramem-sv.org.br\/sintramem\/","logo":{"@type":"ImageObject","inLanguage":"pt-BR","@id":"https:\/\/sintramem-sv.org.br\/sintramem\/#\/schema\/logo\/image\/","url":"https:\/\/sintramem-sv.org.br\/sintramem\/wp-content\/uploads\/2017\/02\/SINTRAMEM-LOGO-OFICIAL-300x100-jpg.jpg","contentUrl":"https:\/\/sintramem-sv.org.br\/sintramem\/wp-content\/uploads\/2017\/02\/SINTRAMEM-LOGO-OFICIAL-300x100-jpg.jpg","width":150,"height":150,"caption":"SINTRAMEM"},"image":{"@id":"https:\/\/sintramem-sv.org.br\/sintramem\/#\/schema\/logo\/image\/"}},{"@type":"Person","@id":"https:\/\/sintramem-sv.org.br\/sintramem\/#\/schema\/person\/a8decb8ea63607d1e01e046c95ddcf2b","name":"sintramem","image":{"@type":"ImageObject","inLanguage":"pt-BR","@id":"https:\/\/sintramem-sv.org.br\/sintramem\/#\/schema\/person\/image\/","url":"https:\/\/secure.gravatar.com\/avatar\/8e06da3b0d4f051010117c848b52b9280a4228043717057ccccccc8b20ff8f48?s=96&d=mm&r=g","contentUrl":"https:\/\/secure.gravatar.com\/avatar\/8e06da3b0d4f051010117c848b52b9280a4228043717057ccccccc8b20ff8f48?s=96&d=mm&r=g","caption":"sintramem"},"description":"Sindicato dos Trabalhadores no Magist\u00e9rio e na Educa\u00e7\u00e3o Municipal de S\u00e3o Vicente","url":"https:\/\/sintramem-sv.org.br\/sintramem\/author\/sindsv\/"}]}},"_links":{"self":[{"href":"https:\/\/sintramem-sv.org.br\/sintramem\/wp-json\/wp\/v2\/posts\/8659","targetHints":{"allow":["GET"]}}],"collection":[{"href":"https:\/\/sintramem-sv.org.br\/sintramem\/wp-json\/wp\/v2\/posts"}],"about":[{"href":"https:\/\/sintramem-sv.org.br\/sintramem\/wp-json\/wp\/v2\/types\/post"}],"author":[{"embeddable":true,"href":"https:\/\/sintramem-sv.org.br\/sintramem\/wp-json\/wp\/v2\/users\/1"}],"replies":[{"embeddable":true,"href":"https:\/\/sintramem-sv.org.br\/sintramem\/wp-json\/wp\/v2\/comments?post=8659"}],"version-history":[{"count":10,"href":"https:\/\/sintramem-sv.org.br\/sintramem\/wp-json\/wp\/v2\/posts\/8659\/revisions"}],"predecessor-version":[{"id":8676,"href":"https:\/\/sintramem-sv.org.br\/sintramem\/wp-json\/wp\/v2\/posts\/8659\/revisions\/8676"}],"wp:featuredmedia":[{"embeddable":true,"href":"https:\/\/sintramem-sv.org.br\/sintramem\/wp-json\/wp\/v2\/media\/8674"}],"wp:attachment":[{"href":"https:\/\/sintramem-sv.org.br\/sintramem\/wp-json\/wp\/v2\/media?parent=8659"}],"wp:term":[{"taxonomy":"category","embeddable":true,"href":"https:\/\/sintramem-sv.org.br\/sintramem\/wp-json\/wp\/v2\/categories?post=8659"},{"taxonomy":"post_tag","embeddable":true,"href":"https:\/\/sintramem-sv.org.br\/sintramem\/wp-json\/wp\/v2\/tags?post=8659"}],"curies":[{"name":"wp","href":"https:\/\/api.w.org\/{rel}","templated":true}]}}