{"id":8644,"date":"2025-08-25T20:13:26","date_gmt":"2025-08-25T20:13:26","guid":{"rendered":"https:\/\/sintramem-sv.org.br\/sintramem\/?p=8644"},"modified":"2025-08-26T19:59:21","modified_gmt":"2025-08-26T19:59:21","slug":"cha-da-tarde-da-melhor-idade","status":"publish","type":"post","link":"https:\/\/sintramem-sv.org.br\/sintramem\/cha-da-tarde-da-melhor-idade\/","title":{"rendered":"&#8220;Ch\u00e1 da Tarde da Melhor Idade&#8221; | Aposentados do Magist\u00e9rio est\u00e3o convidados para a\u00e7\u00e3o do SINTRAMEM no dia 5 de setembro, \u00e0s 16h30"},"content":{"rendered":"<p><span style=\"font-size: 14pt;\">Temos um convite especial para os Aposentados do Magist\u00e9rio!\u00a0<\/span><span style=\"font-size: 14pt;\">Na pr\u00f3xima sexta, 5 de setembro, a partir das 16h30, daremos in\u00edcio a uma nova e carinhosa iniciativa: ser\u00e1 o 1\u00ba &#8220;Ch\u00e1 da Tarde da Melhor Idade&#8221; do <strong>SINTRAMEM.<\/strong> <\/span><span style=\"font-size: 14pt;\">Ser\u00e1 um momento de acolhimento na sede do SindServSV, localizada na <a href=\"https:\/\/www.google.com\/maps\/place\/Rua+Visconde+de+Tamandar%C3%A9,+234+-+Centro,+S%C3%A3o+Vicente+-+SP,+11310-441\/data=!4m2!3m1!1s0x94ce1c90730efcd9:0xda0af29843677be7?sa=X&amp;ved=1t:242&amp;ictx=111\" target=\"_blank\" rel=\"noopener\"><strong>rua Visconde de Itamandar\u00e9, 234, Centro, S\u00e3o Vicente<\/strong><\/a>, com deliciosos comes e bebes &#x2615;&#x1f370; e, claro, todo apoio da diretoria do Sindicato.\u00a0<\/span><\/p>\n<p><span style=\"font-size: 14pt;\">Al\u00e9m disso, ser\u00e1 uma \u00f3tima oportunidade para tirar d\u00favidas e conversar com nossa equipe, sempre prontos para atender \u00e0s suas demandas.<\/span><\/p>\n<p><span style=\"font-size: 14pt;\"><strong>Mas, aten\u00e7\u00e3o:<\/strong> a\u00e7\u00e3o exclusiva para <span style=\"text-decoration: underline;\"><strong>s\u00f3cios aposentados do Magist\u00e9rio<\/strong><\/span>.<\/span><\/p>\n<p><span style=\"font-size: 14pt;\">Marque na agenda! Esperamos por voc\u00ea! <span class=\"x19la9d6 x1fc57z9 x6ikm8r x10wlt62 x19co3pv x1g5zs5t xfibh0p xiy17q3 x1xsqp64 x1lkfr7t xexx8yu xyri2b x18d9i69 x1c1uobl\"><span class=\"xrtxmta x1bhl96m\">&#x1f90e;<\/span><\/span><\/span><\/p>\n<p><img loading=\"lazy\" decoding=\"async\" class=\"aligncenter size-large wp-image-8655\" src=\"https:\/\/sintramem-sv.org.br\/sintramem\/wp-content\/uploads\/2000\/08\/Arte-Cha-da-Tarde-Sintramem-1-819x1024.png\" alt=\"\" width=\"819\" height=\"1024\" srcset=\"https:\/\/sintramem-sv.org.br\/sintramem\/wp-content\/uploads\/2000\/08\/Arte-Cha-da-Tarde-Sintramem-1-819x1024.png 819w, https:\/\/sintramem-sv.org.br\/sintramem\/wp-content\/uploads\/2000\/08\/Arte-Cha-da-Tarde-Sintramem-1-240x300.png 240w, https:\/\/sintramem-sv.org.br\/sintramem\/wp-content\/uploads\/2000\/08\/Arte-Cha-da-Tarde-Sintramem-1-768x960.png 768w, https:\/\/sintramem-sv.org.br\/sintramem\/wp-content\/uploads\/2000\/08\/Arte-Cha-da-Tarde-Sintramem-1.png 1080w\" sizes=\"auto, (max-width: 819px) 100vw, 819px\" \/><\/p>\n","protected":false},"excerpt":{"rendered":"<p>Temos um convite especial para os Aposentados do Magist\u00e9rio!\u00a0Na pr\u00f3xima sexta, 5 de setembro, a partir das 16h30, daremos in\u00edcio a uma nova e carinhosa iniciativa: ser\u00e1 o 1\u00ba &#8220;Ch\u00e1 da Tarde da Melhor Idade&#8221; do SINTRAMEM. Ser\u00e1 um momento de acolhimento na sede do SindServSV, localizada na rua Visconde de Itamandar\u00e9, 234, Centro, S\u00e3o&hellip;<\/p>\n","protected":false},"author":1,"featured_media":8656,"comment_status":"open","ping_status":"closed","sticky":false,"template":"","format":"standard","meta":{"_monsterinsights_skip_tracking":false,"_monsterinsights_sitenote_active":false,"_monsterinsights_sitenote_note":"","_monsterinsights_sitenote_category":0,"footnotes":""},"categories":[1],"tags":[],"class_list":["post-8644","post","type-post","status-publish","format-standard","has-post-thumbnail","hentry","category-sintramem-sintramem"],"yoast_head":"<!-- This site is optimized with the Yoast SEO plugin v27.0 - https:\/\/yoast.com\/product\/yoast-seo-wordpress\/ -->\n<title>&quot;Ch\u00e1 da Tarde da Melhor Idade&quot; | Aposentados do Magist\u00e9rio est\u00e3o convidados para a\u00e7\u00e3o do SINTRAMEM no dia 5 de setembro, \u00e0s 16h30 - SINTRAMEM<\/title>\n<meta name=\"robots\" content=\"index, follow, max-snippet:-1, max-image-preview:large, max-video-preview:-1\" \/>\n<link rel=\"canonical\" href=\"https:\/\/sintramem-sv.org.br\/sintramem\/cha-da-tarde-da-melhor-idade\/\" \/>\n<meta property=\"og:locale\" content=\"pt_BR\" \/>\n<meta property=\"og:type\" content=\"article\" \/>\n<meta property=\"og:title\" content=\"&quot;Ch\u00e1 da Tarde da Melhor Idade&quot; | Aposentados do Magist\u00e9rio est\u00e3o convidados para a\u00e7\u00e3o do SINTRAMEM no dia 5 de setembro, \u00e0s 16h30 - SINTRAMEM\" \/>\n<meta property=\"og:description\" content=\"Temos um convite especial para os Aposentados do Magist\u00e9rio!\u00a0Na pr\u00f3xima sexta, 5 de setembro, a partir das 16h30, daremos in\u00edcio a uma nova e carinhosa iniciativa: ser\u00e1 o 1\u00ba &#8220;Ch\u00e1 da Tarde da Melhor Idade&#8221; do SINTRAMEM. Ser\u00e1 um momento de acolhimento na sede do SindServSV, localizada na rua Visconde de Itamandar\u00e9, 234, Centro, S\u00e3o&hellip;\" \/>\n<meta property=\"og:url\" content=\"https:\/\/sintramem-sv.org.br\/sintramem\/cha-da-tarde-da-melhor-idade\/\" \/>\n<meta property=\"og:site_name\" content=\"SINTRAMEM\" \/>\n<meta property=\"article:published_time\" content=\"2025-08-25T20:13:26+00:00\" \/>\n<meta property=\"article:modified_time\" content=\"2025-08-26T19:59:21+00:00\" \/>\n<meta property=\"og:image\" content=\"https:\/\/sintramem-sv.org.br\/sintramem\/wp-content\/uploads\/2000\/08\/menor-4.png\" \/>\n\t<meta property=\"og:image:width\" content=\"500\" \/>\n\t<meta property=\"og:image:height\" content=\"278\" \/>\n\t<meta property=\"og:image:type\" content=\"image\/png\" \/>\n<meta name=\"author\" content=\"sintramem\" \/>\n<meta name=\"twitter:card\" content=\"summary_large_image\" \/>\n<meta name=\"twitter:label1\" content=\"Escrito por\" \/>\n\t<meta name=\"twitter:data1\" content=\"sintramem\" \/>\n\t<meta name=\"twitter:label2\" content=\"Est. tempo de leitura\" \/>\n\t<meta name=\"twitter:data2\" content=\"1 minuto\" \/>\n<script type=\"application\/ld+json\" class=\"yoast-schema-graph\">{\"@context\":\"https:\/\/schema.org\",\"@graph\":[{\"@type\":\"Article\",\"@id\":\"https:\/\/sintramem-sv.org.br\/sintramem\/cha-da-tarde-da-melhor-idade\/#article\",\"isPartOf\":{\"@id\":\"https:\/\/sintramem-sv.org.br\/sintramem\/cha-da-tarde-da-melhor-idade\/\"},\"author\":{\"name\":\"sintramem\",\"@id\":\"https:\/\/sintramem-sv.org.br\/sintramem\/#\/schema\/person\/a8decb8ea63607d1e01e046c95ddcf2b\"},\"headline\":\"&#8220;Ch\u00e1 da Tarde da Melhor Idade&#8221; | Aposentados do Magist\u00e9rio est\u00e3o convidados para a\u00e7\u00e3o do SINTRAMEM no dia 5 de setembro, \u00e0s 16h30\",\"datePublished\":\"2025-08-25T20:13:26+00:00\",\"dateModified\":\"2025-08-26T19:59:21+00:00\",\"mainEntityOfPage\":{\"@id\":\"https:\/\/sintramem-sv.org.br\/sintramem\/cha-da-tarde-da-melhor-idade\/\"},\"wordCount\":143,\"commentCount\":0,\"publisher\":{\"@id\":\"https:\/\/sintramem-sv.org.br\/sintramem\/#organization\"},\"image\":{\"@id\":\"https:\/\/sintramem-sv.org.br\/sintramem\/cha-da-tarde-da-melhor-idade\/#primaryimage\"},\"thumbnailUrl\":\"https:\/\/sintramem-sv.org.br\/sintramem\/wp-content\/uploads\/2000\/08\/Destacada-Cha-da-Tarde-Sintramem-1.png\",\"articleSection\":[\"sintramem\"],\"inLanguage\":\"pt-BR\",\"potentialAction\":[{\"@type\":\"CommentAction\",\"name\":\"Comment\",\"target\":[\"https:\/\/sintramem-sv.org.br\/sintramem\/cha-da-tarde-da-melhor-idade\/#respond\"]}]},{\"@type\":\"WebPage\",\"@id\":\"https:\/\/sintramem-sv.org.br\/sintramem\/cha-da-tarde-da-melhor-idade\/\",\"url\":\"https:\/\/sintramem-sv.org.br\/sintramem\/cha-da-tarde-da-melhor-idade\/\",\"name\":\"\\\"Ch\u00e1 da Tarde da Melhor Idade\\\" | Aposentados do Magist\u00e9rio est\u00e3o convidados para a\u00e7\u00e3o do SINTRAMEM no dia 5 de setembro, \u00e0s 16h30 - SINTRAMEM\",\"isPartOf\":{\"@id\":\"https:\/\/sintramem-sv.org.br\/sintramem\/#website\"},\"primaryImageOfPage\":{\"@id\":\"https:\/\/sintramem-sv.org.br\/sintramem\/cha-da-tarde-da-melhor-idade\/#primaryimage\"},\"image\":{\"@id\":\"https:\/\/sintramem-sv.org.br\/sintramem\/cha-da-tarde-da-melhor-idade\/#primaryimage\"},\"thumbnailUrl\":\"https:\/\/sintramem-sv.org.br\/sintramem\/wp-content\/uploads\/2000\/08\/Destacada-Cha-da-Tarde-Sintramem-1.png\",\"datePublished\":\"2025-08-25T20:13:26+00:00\",\"dateModified\":\"2025-08-26T19:59:21+00:00\",\"breadcrumb\":{\"@id\":\"https:\/\/sintramem-sv.org.br\/sintramem\/cha-da-tarde-da-melhor-idade\/#breadcrumb\"},\"inLanguage\":\"pt-BR\",\"potentialAction\":[{\"@type\":\"ReadAction\",\"target\":[\"https:\/\/sintramem-sv.org.br\/sintramem\/cha-da-tarde-da-melhor-idade\/\"]}]},{\"@type\":\"ImageObject\",\"inLanguage\":\"pt-BR\",\"@id\":\"https:\/\/sintramem-sv.org.br\/sintramem\/cha-da-tarde-da-melhor-idade\/#primaryimage\",\"url\":\"https:\/\/sintramem-sv.org.br\/sintramem\/wp-content\/uploads\/2000\/08\/Destacada-Cha-da-Tarde-Sintramem-1.png\",\"contentUrl\":\"https:\/\/sintramem-sv.org.br\/sintramem\/wp-content\/uploads\/2000\/08\/Destacada-Cha-da-Tarde-Sintramem-1.png\",\"width\":1294,\"height\":720},{\"@type\":\"BreadcrumbList\",\"@id\":\"https:\/\/sintramem-sv.org.br\/sintramem\/cha-da-tarde-da-melhor-idade\/#breadcrumb\",\"itemListElement\":[{\"@type\":\"ListItem\",\"position\":1,\"name\":\"In\u00edcio\",\"item\":\"https:\/\/sintramem-sv.org.br\/sintramem\/\"},{\"@type\":\"ListItem\",\"position\":2,\"name\":\"&#8220;Ch\u00e1 da Tarde da Melhor Idade&#8221; | Aposentados do Magist\u00e9rio est\u00e3o convidados para a\u00e7\u00e3o do SINTRAMEM no dia 5 de setembro, \u00e0s 16h30\"}]},{\"@type\":\"WebSite\",\"@id\":\"https:\/\/sintramem-sv.org.br\/sintramem\/#website\",\"url\":\"https:\/\/sintramem-sv.org.br\/sintramem\/\",\"name\":\"SINTRAMEM\",\"description\":\"Sindicato dos Trabalhadores no Magist\u00e9rio e na Educa\u00e7\u00e3o de S\u00e3o Vicente\",\"publisher\":{\"@id\":\"https:\/\/sintramem-sv.org.br\/sintramem\/#organization\"},\"potentialAction\":[{\"@type\":\"SearchAction\",\"target\":{\"@type\":\"EntryPoint\",\"urlTemplate\":\"https:\/\/sintramem-sv.org.br\/sintramem\/?s={search_term_string}\"},\"query-input\":{\"@type\":\"PropertyValueSpecification\",\"valueRequired\":true,\"valueName\":\"search_term_string\"}}],\"inLanguage\":\"pt-BR\"},{\"@type\":\"Organization\",\"@id\":\"https:\/\/sintramem-sv.org.br\/sintramem\/#organization\",\"name\":\"SINTRAMEM\",\"url\":\"https:\/\/sintramem-sv.org.br\/sintramem\/\",\"logo\":{\"@type\":\"ImageObject\",\"inLanguage\":\"pt-BR\",\"@id\":\"https:\/\/sintramem-sv.org.br\/sintramem\/#\/schema\/logo\/image\/\",\"url\":\"https:\/\/sintramem-sv.org.br\/sintramem\/wp-content\/uploads\/2017\/02\/SINTRAMEM-LOGO-OFICIAL-300x100-jpg.jpg\",\"contentUrl\":\"https:\/\/sintramem-sv.org.br\/sintramem\/wp-content\/uploads\/2017\/02\/SINTRAMEM-LOGO-OFICIAL-300x100-jpg.jpg\",\"width\":150,\"height\":150,\"caption\":\"SINTRAMEM\"},\"image\":{\"@id\":\"https:\/\/sintramem-sv.org.br\/sintramem\/#\/schema\/logo\/image\/\"}},{\"@type\":\"Person\",\"@id\":\"https:\/\/sintramem-sv.org.br\/sintramem\/#\/schema\/person\/a8decb8ea63607d1e01e046c95ddcf2b\",\"name\":\"sintramem\",\"image\":{\"@type\":\"ImageObject\",\"inLanguage\":\"pt-BR\",\"@id\":\"https:\/\/sintramem-sv.org.br\/sintramem\/#\/schema\/person\/image\/\",\"url\":\"https:\/\/secure.gravatar.com\/avatar\/8e06da3b0d4f051010117c848b52b9280a4228043717057ccccccc8b20ff8f48?s=96&d=mm&r=g\",\"contentUrl\":\"https:\/\/secure.gravatar.com\/avatar\/8e06da3b0d4f051010117c848b52b9280a4228043717057ccccccc8b20ff8f48?s=96&d=mm&r=g\",\"caption\":\"sintramem\"},\"description\":\"Sindicato dos Trabalhadores no Magist\u00e9rio e na Educa\u00e7\u00e3o Municipal de S\u00e3o Vicente\",\"url\":\"https:\/\/sintramem-sv.org.br\/sintramem\/author\/sindsv\/\"}]}<\/script>\n<!-- \/ Yoast SEO plugin. -->","yoast_head_json":{"title":"\"Ch\u00e1 da Tarde da Melhor Idade\" | Aposentados do Magist\u00e9rio est\u00e3o convidados para a\u00e7\u00e3o do SINTRAMEM no dia 5 de setembro, \u00e0s 16h30 - SINTRAMEM","robots":{"index":"index","follow":"follow","max-snippet":"max-snippet:-1","max-image-preview":"max-image-preview:large","max-video-preview":"max-video-preview:-1"},"canonical":"https:\/\/sintramem-sv.org.br\/sintramem\/cha-da-tarde-da-melhor-idade\/","og_locale":"pt_BR","og_type":"article","og_title":"\"Ch\u00e1 da Tarde da Melhor Idade\" | Aposentados do Magist\u00e9rio est\u00e3o convidados para a\u00e7\u00e3o do SINTRAMEM no dia 5 de setembro, \u00e0s 16h30 - SINTRAMEM","og_description":"Temos um convite especial para os Aposentados do Magist\u00e9rio!\u00a0Na pr\u00f3xima sexta, 5 de setembro, a partir das 16h30, daremos in\u00edcio a uma nova e carinhosa iniciativa: ser\u00e1 o 1\u00ba &#8220;Ch\u00e1 da Tarde da Melhor Idade&#8221; do SINTRAMEM. Ser\u00e1 um momento de acolhimento na sede do SindServSV, localizada na rua Visconde de Itamandar\u00e9, 234, Centro, S\u00e3o&hellip;","og_url":"https:\/\/sintramem-sv.org.br\/sintramem\/cha-da-tarde-da-melhor-idade\/","og_site_name":"SINTRAMEM","article_published_time":"2025-08-25T20:13:26+00:00","article_modified_time":"2025-08-26T19:59:21+00:00","og_image":[{"width":500,"height":278,"url":"https:\/\/sintramem-sv.org.br\/sintramem\/wp-content\/uploads\/2000\/08\/menor-4.png","type":"image\/png"}],"author":"sintramem","twitter_card":"summary_large_image","twitter_misc":{"Escrito por":"sintramem","Est. tempo de leitura":"1 minuto"},"schema":{"@context":"https:\/\/schema.org","@graph":[{"@type":"Article","@id":"https:\/\/sintramem-sv.org.br\/sintramem\/cha-da-tarde-da-melhor-idade\/#article","isPartOf":{"@id":"https:\/\/sintramem-sv.org.br\/sintramem\/cha-da-tarde-da-melhor-idade\/"},"author":{"name":"sintramem","@id":"https:\/\/sintramem-sv.org.br\/sintramem\/#\/schema\/person\/a8decb8ea63607d1e01e046c95ddcf2b"},"headline":"&#8220;Ch\u00e1 da Tarde da Melhor Idade&#8221; | Aposentados do Magist\u00e9rio est\u00e3o convidados para a\u00e7\u00e3o do SINTRAMEM no dia 5 de setembro, \u00e0s 16h30","datePublished":"2025-08-25T20:13:26+00:00","dateModified":"2025-08-26T19:59:21+00:00","mainEntityOfPage":{"@id":"https:\/\/sintramem-sv.org.br\/sintramem\/cha-da-tarde-da-melhor-idade\/"},"wordCount":143,"commentCount":0,"publisher":{"@id":"https:\/\/sintramem-sv.org.br\/sintramem\/#organization"},"image":{"@id":"https:\/\/sintramem-sv.org.br\/sintramem\/cha-da-tarde-da-melhor-idade\/#primaryimage"},"thumbnailUrl":"https:\/\/sintramem-sv.org.br\/sintramem\/wp-content\/uploads\/2000\/08\/Destacada-Cha-da-Tarde-Sintramem-1.png","articleSection":["sintramem"],"inLanguage":"pt-BR","potentialAction":[{"@type":"CommentAction","name":"Comment","target":["https:\/\/sintramem-sv.org.br\/sintramem\/cha-da-tarde-da-melhor-idade\/#respond"]}]},{"@type":"WebPage","@id":"https:\/\/sintramem-sv.org.br\/sintramem\/cha-da-tarde-da-melhor-idade\/","url":"https:\/\/sintramem-sv.org.br\/sintramem\/cha-da-tarde-da-melhor-idade\/","name":"\"Ch\u00e1 da Tarde da Melhor Idade\" | Aposentados do Magist\u00e9rio est\u00e3o convidados para a\u00e7\u00e3o do SINTRAMEM no dia 5 de setembro, \u00e0s 16h30 - SINTRAMEM","isPartOf":{"@id":"https:\/\/sintramem-sv.org.br\/sintramem\/#website"},"primaryImageOfPage":{"@id":"https:\/\/sintramem-sv.org.br\/sintramem\/cha-da-tarde-da-melhor-idade\/#primaryimage"},"image":{"@id":"https:\/\/sintramem-sv.org.br\/sintramem\/cha-da-tarde-da-melhor-idade\/#primaryimage"},"thumbnailUrl":"https:\/\/sintramem-sv.org.br\/sintramem\/wp-content\/uploads\/2000\/08\/Destacada-Cha-da-Tarde-Sintramem-1.png","datePublished":"2025-08-25T20:13:26+00:00","dateModified":"2025-08-26T19:59:21+00:00","breadcrumb":{"@id":"https:\/\/sintramem-sv.org.br\/sintramem\/cha-da-tarde-da-melhor-idade\/#breadcrumb"},"inLanguage":"pt-BR","potentialAction":[{"@type":"ReadAction","target":["https:\/\/sintramem-sv.org.br\/sintramem\/cha-da-tarde-da-melhor-idade\/"]}]},{"@type":"ImageObject","inLanguage":"pt-BR","@id":"https:\/\/sintramem-sv.org.br\/sintramem\/cha-da-tarde-da-melhor-idade\/#primaryimage","url":"https:\/\/sintramem-sv.org.br\/sintramem\/wp-content\/uploads\/2000\/08\/Destacada-Cha-da-Tarde-Sintramem-1.png","contentUrl":"https:\/\/sintramem-sv.org.br\/sintramem\/wp-content\/uploads\/2000\/08\/Destacada-Cha-da-Tarde-Sintramem-1.png","width":1294,"height":720},{"@type":"BreadcrumbList","@id":"https:\/\/sintramem-sv.org.br\/sintramem\/cha-da-tarde-da-melhor-idade\/#breadcrumb","itemListElement":[{"@type":"ListItem","position":1,"name":"In\u00edcio","item":"https:\/\/sintramem-sv.org.br\/sintramem\/"},{"@type":"ListItem","position":2,"name":"&#8220;Ch\u00e1 da Tarde da Melhor Idade&#8221; | Aposentados do Magist\u00e9rio est\u00e3o convidados para a\u00e7\u00e3o do SINTRAMEM no dia 5 de setembro, \u00e0s 16h30"}]},{"@type":"WebSite","@id":"https:\/\/sintramem-sv.org.br\/sintramem\/#website","url":"https:\/\/sintramem-sv.org.br\/sintramem\/","name":"SINTRAMEM","description":"Sindicato dos Trabalhadores no Magist\u00e9rio e na Educa\u00e7\u00e3o de S\u00e3o Vicente","publisher":{"@id":"https:\/\/sintramem-sv.org.br\/sintramem\/#organization"},"potentialAction":[{"@type":"SearchAction","target":{"@type":"EntryPoint","urlTemplate":"https:\/\/sintramem-sv.org.br\/sintramem\/?s={search_term_string}"},"query-input":{"@type":"PropertyValueSpecification","valueRequired":true,"valueName":"search_term_string"}}],"inLanguage":"pt-BR"},{"@type":"Organization","@id":"https:\/\/sintramem-sv.org.br\/sintramem\/#organization","name":"SINTRAMEM","url":"https:\/\/sintramem-sv.org.br\/sintramem\/","logo":{"@type":"ImageObject","inLanguage":"pt-BR","@id":"https:\/\/sintramem-sv.org.br\/sintramem\/#\/schema\/logo\/image\/","url":"https:\/\/sintramem-sv.org.br\/sintramem\/wp-content\/uploads\/2017\/02\/SINTRAMEM-LOGO-OFICIAL-300x100-jpg.jpg","contentUrl":"https:\/\/sintramem-sv.org.br\/sintramem\/wp-content\/uploads\/2017\/02\/SINTRAMEM-LOGO-OFICIAL-300x100-jpg.jpg","width":150,"height":150,"caption":"SINTRAMEM"},"image":{"@id":"https:\/\/sintramem-sv.org.br\/sintramem\/#\/schema\/logo\/image\/"}},{"@type":"Person","@id":"https:\/\/sintramem-sv.org.br\/sintramem\/#\/schema\/person\/a8decb8ea63607d1e01e046c95ddcf2b","name":"sintramem","image":{"@type":"ImageObject","inLanguage":"pt-BR","@id":"https:\/\/sintramem-sv.org.br\/sintramem\/#\/schema\/person\/image\/","url":"https:\/\/secure.gravatar.com\/avatar\/8e06da3b0d4f051010117c848b52b9280a4228043717057ccccccc8b20ff8f48?s=96&d=mm&r=g","contentUrl":"https:\/\/secure.gravatar.com\/avatar\/8e06da3b0d4f051010117c848b52b9280a4228043717057ccccccc8b20ff8f48?s=96&d=mm&r=g","caption":"sintramem"},"description":"Sindicato dos Trabalhadores no Magist\u00e9rio e na Educa\u00e7\u00e3o Municipal de S\u00e3o Vicente","url":"https:\/\/sintramem-sv.org.br\/sintramem\/author\/sindsv\/"}]}},"_links":{"self":[{"href":"https:\/\/sintramem-sv.org.br\/sintramem\/wp-json\/wp\/v2\/posts\/8644","targetHints":{"allow":["GET"]}}],"collection":[{"href":"https:\/\/sintramem-sv.org.br\/sintramem\/wp-json\/wp\/v2\/posts"}],"about":[{"href":"https:\/\/sintramem-sv.org.br\/sintramem\/wp-json\/wp\/v2\/types\/post"}],"author":[{"embeddable":true,"href":"https:\/\/sintramem-sv.org.br\/sintramem\/wp-json\/wp\/v2\/users\/1"}],"replies":[{"embeddable":true,"href":"https:\/\/sintramem-sv.org.br\/sintramem\/wp-json\/wp\/v2\/comments?post=8644"}],"version-history":[{"count":8,"href":"https:\/\/sintramem-sv.org.br\/sintramem\/wp-json\/wp\/v2\/posts\/8644\/revisions"}],"predecessor-version":[{"id":8658,"href":"https:\/\/sintramem-sv.org.br\/sintramem\/wp-json\/wp\/v2\/posts\/8644\/revisions\/8658"}],"wp:featuredmedia":[{"embeddable":true,"href":"https:\/\/sintramem-sv.org.br\/sintramem\/wp-json\/wp\/v2\/media\/8656"}],"wp:attachment":[{"href":"https:\/\/sintramem-sv.org.br\/sintramem\/wp-json\/wp\/v2\/media?parent=8644"}],"wp:term":[{"taxonomy":"category","embeddable":true,"href":"https:\/\/sintramem-sv.org.br\/sintramem\/wp-json\/wp\/v2\/categories?post=8644"},{"taxonomy":"post_tag","embeddable":true,"href":"https:\/\/sintramem-sv.org.br\/sintramem\/wp-json\/wp\/v2\/tags?post=8644"}],"curies":[{"name":"wp","href":"https:\/\/api.w.org\/{rel}","templated":true}]}}