{"id":8589,"date":"2025-08-20T14:52:58","date_gmt":"2025-08-20T14:52:58","guid":{"rendered":"https:\/\/sintramem-sv.org.br\/sintramem\/?p=8589"},"modified":"2025-08-20T16:18:46","modified_gmt":"2025-08-20T16:18:46","slug":"sintramem-convoca-todos-os-professores-para-assembleia-dia-26-de-agosto","status":"publish","type":"post","link":"https:\/\/sintramem-sv.org.br\/sintramem\/sintramem-convoca-todos-os-professores-para-assembleia-dia-26-de-agosto\/","title":{"rendered":"SINTRAMEM convoca todos os Professores e Profissionais do Magist\u00e9rio para assembleia, dia 26 de agosto, \u00e0s 18h30. Vamos deliberar sobre o corte do Adicional de P\u00f3s-Gradua\u00e7\u00e3o. A participa\u00e7\u00e3o de todos \u00e9 fundamental!"},"content":{"rendered":"<p><span style=\"font-size: 14pt;\">O <strong>SINTRAMEM<\/strong> convoca <span style=\"color: #ffffff; background-color: #333333;\"><strong>todos os <span style=\"color: #ffffff; background-color: #333333;\">P<\/span><\/strong><strong>rofessores e Profissionais do Magist\u00e9rio<\/strong><\/span> para uma importante assembleia no dia 26 de agosto, \u00e0s 18 horas (1\u00aa chamada) e 18h30 (2\u00aa chamada). Vamos nos reunir na sede do Sindicato dos Servidores P\u00fablicos Municipais de S\u00e3o Vicente (<span class=\"x19la9d6 x1fc57z9 x6ikm8r x10wlt62 x19co3pv x1g5zs5t xfibh0p xiy17q3 x1xsqp64 x1lkfr7t xexx8yu xyri2b x18d9i69 x1c1uobl\"><span class=\"xrtxmta x1bhl96m\">SindservSV)<\/span><\/span>\u00a0&#8211; <a href=\"https:\/\/www.google.com\/maps\/place\/Rua+Visconde+de+Tamandar%C3%A9,+234+-+Centro,+S%C3%A3o+Vicente+-+SP,+11310-441\/data=!4m2!3m1!1s0x94ce1c90730efcd9:0xda0af29843677be7?sa=X&amp;ved=1t:242&amp;ictx=111\" target=\"_blank\" rel=\"noopener\"><strong>rua Visconde de Tamandar\u00e9, 234, Centro<\/strong><\/a>. Juntos iremos deliberar sobre os pr\u00f3ximos passos da luta contra mais um desmando do Governo com o corte do Adicional de P\u00f3s-Gradua\u00e7\u00e3o.<\/span><\/p>\n<p><span style=\"font-size: 14pt;\">O PLC n\u00ba 26\/2025, de autoria do prefeito <strong>Kayo Amado<\/strong> (Podemos), foi <a href=\"https:\/\/sintramem-sv.org.br\/sintramem\/repudio-total-administracao-corta-adicional-de-pos-graduacao-e-dificulta-a-efetivacao-de-profissionais-nas-ameis\/\" target=\"_blank\" rel=\"noopener\"><strong>aprovado pela C\u00e2mara Municipal de S\u00e3o Vicente no dia 17 de agosto<\/strong><\/a>. A medida extingue o adicional de 5% para docentes p\u00f3s-graduados, violando transpar\u00eancia e direitos conquistados. Em contrapartida, cargos pol\u00edticos receberam aumentos obscenos de at\u00e9 53% &#8211; um ataque frontal ao ensino p\u00fablico e aos seus profissionais. <\/span><\/p>\n<p><span style=\"font-size: 14pt;\">Vamos prestar os esclarecimentos jur\u00eddicos do que est\u00e1 em andamento e todos ter\u00e3o voz e oportunidade para juntos planejarmos nossas pr\u00f3ximas a\u00e7\u00f5es.<\/span><\/p>\n<p><span style=\"font-size: 18pt; color: #ffffff; background-color: #ff0000;\"><strong>PARTICIPE!<\/strong><\/span><\/p>\n<p><span style=\"font-size: 14pt;\">&#x1f4e2; Pauta &#8211; delibera\u00e7\u00e3o sobre o corte do Adicional de P\u00f3s-Gradua\u00e7\u00e3o.<\/span><br \/>\n<span style=\"font-size: 14pt;\">&#x1f4c5; Data &#8211; 26 de agosto.<\/span><br \/>\n<span style=\"font-size: 14pt;\">&#x1f561; Hor\u00e1rio &#8211; \u00e0s 18 horas (1\u00aa chamada) e 18h30 (2\u00aa chamada).<br \/>\n<span class=\"x19la9d6 x1fc57z9 x6ikm8r x10wlt62 x19co3pv x1g5zs5t xfibh0p xiy17q3 x1xsqp64 x1lkfr7t xexx8yu xyri2b x18d9i69 x1c1uobl\"><span class=\"xrtxmta x1bhl96m\">&#x1f4cc; Sede do SindservSV &#8211;\u00a0<a href=\"https:\/\/www.google.com\/maps\/place\/Rua+Visconde+de+Tamandar%C3%A9,+234+-+Centro,+S%C3%A3o+Vicente+-+SP,+11310-441\/data=!4m2!3m1!1s0x94ce1c90730efcd9:0xda0af29843677be7?sa=X&amp;ved=1t:242&amp;ictx=111\" target=\"_blank\" rel=\"noopener\"><strong>rua Visconde de Tamandar\u00e9, 234, Centro<\/strong><\/a>.<\/span><\/span><\/span><\/p>\n<p><span style=\"font-size: 18pt;\"><strong>&#x270a; A participa\u00e7\u00e3o de todos \u00e9 fundamental! Unidos somos mais fortes!<\/strong><\/span><\/p>\n<p><img loading=\"lazy\" decoding=\"async\" class=\"aligncenter size-full wp-image-8602\" src=\"https:\/\/sintramem-sv.org.br\/sintramem\/wp-content\/uploads\/2000\/08\/Arte-Assembleia-Corte-Adicional-Sintramem-1.png\" alt=\"\" width=\"1080\" height=\"1350\" srcset=\"https:\/\/sintramem-sv.org.br\/sintramem\/wp-content\/uploads\/2000\/08\/Arte-Assembleia-Corte-Adicional-Sintramem-1.png 1080w, https:\/\/sintramem-sv.org.br\/sintramem\/wp-content\/uploads\/2000\/08\/Arte-Assembleia-Corte-Adicional-Sintramem-1-240x300.png 240w, https:\/\/sintramem-sv.org.br\/sintramem\/wp-content\/uploads\/2000\/08\/Arte-Assembleia-Corte-Adicional-Sintramem-1-819x1024.png 819w, https:\/\/sintramem-sv.org.br\/sintramem\/wp-content\/uploads\/2000\/08\/Arte-Assembleia-Corte-Adicional-Sintramem-1-768x960.png 768w\" sizes=\"auto, (max-width: 1080px) 100vw, 1080px\" \/><\/p>\n","protected":false},"excerpt":{"rendered":"<p>O SINTRAMEM convoca todos os Professores e Profissionais do Magist\u00e9rio para uma importante assembleia no dia 26 de agosto, \u00e0s 18 horas (1\u00aa chamada) e 18h30 (2\u00aa chamada). Vamos nos reunir na sede do Sindicato dos Servidores P\u00fablicos Municipais de S\u00e3o Vicente (SindservSV)\u00a0&#8211; rua Visconde de Tamandar\u00e9, 234, Centro. Juntos iremos deliberar sobre os pr\u00f3ximos&hellip;<\/p>\n","protected":false},"author":1,"featured_media":8608,"comment_status":"open","ping_status":"closed","sticky":false,"template":"","format":"standard","meta":{"_monsterinsights_skip_tracking":false,"_monsterinsights_sitenote_active":false,"_monsterinsights_sitenote_note":"","_monsterinsights_sitenote_category":0,"footnotes":""},"categories":[19],"tags":[],"class_list":["post-8589","post","type-post","status-publish","format-standard","has-post-thumbnail","hentry","category-sintramem"],"yoast_head":"<!-- This site is optimized with the Yoast SEO plugin v27.0 - https:\/\/yoast.com\/product\/yoast-seo-wordpress\/ -->\n<title>SINTRAMEM convoca todos os Professores e Profissionais do Magist\u00e9rio para assembleia, dia 26 de agosto, \u00e0s 18h30. Vamos deliberar sobre o corte do Adicional de P\u00f3s-Gradua\u00e7\u00e3o. A participa\u00e7\u00e3o de todos \u00e9 fundamental! - SINTRAMEM<\/title>\n<meta name=\"robots\" content=\"index, follow, max-snippet:-1, max-image-preview:large, max-video-preview:-1\" \/>\n<link rel=\"canonical\" href=\"https:\/\/sintramem-sv.org.br\/sintramem\/sintramem-convoca-todos-os-professores-para-assembleia-dia-26-de-agosto\/\" \/>\n<meta property=\"og:locale\" content=\"pt_BR\" \/>\n<meta property=\"og:type\" content=\"article\" \/>\n<meta property=\"og:title\" content=\"SINTRAMEM convoca todos os Professores e Profissionais do Magist\u00e9rio para assembleia, dia 26 de agosto, \u00e0s 18h30. Vamos deliberar sobre o corte do Adicional de P\u00f3s-Gradua\u00e7\u00e3o. A participa\u00e7\u00e3o de todos \u00e9 fundamental! - SINTRAMEM\" \/>\n<meta property=\"og:description\" content=\"O SINTRAMEM convoca todos os Professores e Profissionais do Magist\u00e9rio para uma importante assembleia no dia 26 de agosto, \u00e0s 18 horas (1\u00aa chamada) e 18h30 (2\u00aa chamada). Vamos nos reunir na sede do Sindicato dos Servidores P\u00fablicos Municipais de S\u00e3o Vicente (SindservSV)\u00a0&#8211; rua Visconde de Tamandar\u00e9, 234, Centro. Juntos iremos deliberar sobre os pr\u00f3ximos&hellip;\" \/>\n<meta property=\"og:url\" content=\"https:\/\/sintramem-sv.org.br\/sintramem\/sintramem-convoca-todos-os-professores-para-assembleia-dia-26-de-agosto\/\" \/>\n<meta property=\"og:site_name\" content=\"SINTRAMEM\" \/>\n<meta property=\"article:published_time\" content=\"2025-08-20T14:52:58+00:00\" \/>\n<meta property=\"article:modified_time\" content=\"2025-08-20T16:18:46+00:00\" \/>\n<meta property=\"og:image\" content=\"https:\/\/sintramem-sv.org.br\/sintramem\/wp-content\/uploads\/2025\/08\/menor2.png\" \/>\n\t<meta property=\"og:image:width\" content=\"500\" \/>\n\t<meta property=\"og:image:height\" content=\"278\" \/>\n\t<meta property=\"og:image:type\" content=\"image\/png\" \/>\n<meta name=\"author\" content=\"sintramem\" \/>\n<meta name=\"twitter:card\" content=\"summary_large_image\" \/>\n<meta name=\"twitter:label1\" content=\"Escrito por\" \/>\n\t<meta name=\"twitter:data1\" content=\"sintramem\" \/>\n\t<meta name=\"twitter:label2\" content=\"Est. tempo de leitura\" \/>\n\t<meta name=\"twitter:data2\" content=\"2 minutos\" \/>\n<script type=\"application\/ld+json\" class=\"yoast-schema-graph\">{\"@context\":\"https:\/\/schema.org\",\"@graph\":[{\"@type\":\"Article\",\"@id\":\"https:\/\/sintramem-sv.org.br\/sintramem\/sintramem-convoca-todos-os-professores-para-assembleia-dia-26-de-agosto\/#article\",\"isPartOf\":{\"@id\":\"https:\/\/sintramem-sv.org.br\/sintramem\/sintramem-convoca-todos-os-professores-para-assembleia-dia-26-de-agosto\/\"},\"author\":{\"name\":\"sintramem\",\"@id\":\"https:\/\/sintramem-sv.org.br\/sintramem\/#\/schema\/person\/a8decb8ea63607d1e01e046c95ddcf2b\"},\"headline\":\"SINTRAMEM convoca todos os Professores e Profissionais do Magist\u00e9rio para assembleia, dia 26 de agosto, \u00e0s 18h30. Vamos deliberar sobre o corte do Adicional de P\u00f3s-Gradua\u00e7\u00e3o. A participa\u00e7\u00e3o de todos \u00e9 fundamental!\",\"datePublished\":\"2025-08-20T14:52:58+00:00\",\"dateModified\":\"2025-08-20T16:18:46+00:00\",\"mainEntityOfPage\":{\"@id\":\"https:\/\/sintramem-sv.org.br\/sintramem\/sintramem-convoca-todos-os-professores-para-assembleia-dia-26-de-agosto\/\"},\"wordCount\":255,\"commentCount\":0,\"publisher\":{\"@id\":\"https:\/\/sintramem-sv.org.br\/sintramem\/#organization\"},\"image\":{\"@id\":\"https:\/\/sintramem-sv.org.br\/sintramem\/sintramem-convoca-todos-os-professores-para-assembleia-dia-26-de-agosto\/#primaryimage\"},\"thumbnailUrl\":\"https:\/\/sintramem-sv.org.br\/sintramem\/wp-content\/uploads\/2025\/08\/Destacada-Assembleia1.png\",\"articleSection\":[\"Sintramem\"],\"inLanguage\":\"pt-BR\",\"potentialAction\":[{\"@type\":\"CommentAction\",\"name\":\"Comment\",\"target\":[\"https:\/\/sintramem-sv.org.br\/sintramem\/sintramem-convoca-todos-os-professores-para-assembleia-dia-26-de-agosto\/#respond\"]}]},{\"@type\":\"WebPage\",\"@id\":\"https:\/\/sintramem-sv.org.br\/sintramem\/sintramem-convoca-todos-os-professores-para-assembleia-dia-26-de-agosto\/\",\"url\":\"https:\/\/sintramem-sv.org.br\/sintramem\/sintramem-convoca-todos-os-professores-para-assembleia-dia-26-de-agosto\/\",\"name\":\"SINTRAMEM convoca todos os Professores e Profissionais do Magist\u00e9rio para assembleia, dia 26 de agosto, \u00e0s 18h30. Vamos deliberar sobre o corte do Adicional de P\u00f3s-Gradua\u00e7\u00e3o. A participa\u00e7\u00e3o de todos \u00e9 fundamental! - SINTRAMEM\",\"isPartOf\":{\"@id\":\"https:\/\/sintramem-sv.org.br\/sintramem\/#website\"},\"primaryImageOfPage\":{\"@id\":\"https:\/\/sintramem-sv.org.br\/sintramem\/sintramem-convoca-todos-os-professores-para-assembleia-dia-26-de-agosto\/#primaryimage\"},\"image\":{\"@id\":\"https:\/\/sintramem-sv.org.br\/sintramem\/sintramem-convoca-todos-os-professores-para-assembleia-dia-26-de-agosto\/#primaryimage\"},\"thumbnailUrl\":\"https:\/\/sintramem-sv.org.br\/sintramem\/wp-content\/uploads\/2025\/08\/Destacada-Assembleia1.png\",\"datePublished\":\"2025-08-20T14:52:58+00:00\",\"dateModified\":\"2025-08-20T16:18:46+00:00\",\"breadcrumb\":{\"@id\":\"https:\/\/sintramem-sv.org.br\/sintramem\/sintramem-convoca-todos-os-professores-para-assembleia-dia-26-de-agosto\/#breadcrumb\"},\"inLanguage\":\"pt-BR\",\"potentialAction\":[{\"@type\":\"ReadAction\",\"target\":[\"https:\/\/sintramem-sv.org.br\/sintramem\/sintramem-convoca-todos-os-professores-para-assembleia-dia-26-de-agosto\/\"]}]},{\"@type\":\"ImageObject\",\"inLanguage\":\"pt-BR\",\"@id\":\"https:\/\/sintramem-sv.org.br\/sintramem\/sintramem-convoca-todos-os-professores-para-assembleia-dia-26-de-agosto\/#primaryimage\",\"url\":\"https:\/\/sintramem-sv.org.br\/sintramem\/wp-content\/uploads\/2025\/08\/Destacada-Assembleia1.png\",\"contentUrl\":\"https:\/\/sintramem-sv.org.br\/sintramem\/wp-content\/uploads\/2025\/08\/Destacada-Assembleia1.png\",\"width\":1294,\"height\":720},{\"@type\":\"BreadcrumbList\",\"@id\":\"https:\/\/sintramem-sv.org.br\/sintramem\/sintramem-convoca-todos-os-professores-para-assembleia-dia-26-de-agosto\/#breadcrumb\",\"itemListElement\":[{\"@type\":\"ListItem\",\"position\":1,\"name\":\"In\u00edcio\",\"item\":\"https:\/\/sintramem-sv.org.br\/sintramem\/\"},{\"@type\":\"ListItem\",\"position\":2,\"name\":\"SINTRAMEM convoca todos os Professores e Profissionais do Magist\u00e9rio para assembleia, dia 26 de agosto, \u00e0s 18h30. Vamos deliberar sobre o corte do Adicional de P\u00f3s-Gradua\u00e7\u00e3o. A participa\u00e7\u00e3o de todos \u00e9 fundamental!\"}]},{\"@type\":\"WebSite\",\"@id\":\"https:\/\/sintramem-sv.org.br\/sintramem\/#website\",\"url\":\"https:\/\/sintramem-sv.org.br\/sintramem\/\",\"name\":\"SINTRAMEM\",\"description\":\"Sindicato dos Trabalhadores no Magist\u00e9rio e na Educa\u00e7\u00e3o de S\u00e3o Vicente\",\"publisher\":{\"@id\":\"https:\/\/sintramem-sv.org.br\/sintramem\/#organization\"},\"potentialAction\":[{\"@type\":\"SearchAction\",\"target\":{\"@type\":\"EntryPoint\",\"urlTemplate\":\"https:\/\/sintramem-sv.org.br\/sintramem\/?s={search_term_string}\"},\"query-input\":{\"@type\":\"PropertyValueSpecification\",\"valueRequired\":true,\"valueName\":\"search_term_string\"}}],\"inLanguage\":\"pt-BR\"},{\"@type\":\"Organization\",\"@id\":\"https:\/\/sintramem-sv.org.br\/sintramem\/#organization\",\"name\":\"SINTRAMEM\",\"url\":\"https:\/\/sintramem-sv.org.br\/sintramem\/\",\"logo\":{\"@type\":\"ImageObject\",\"inLanguage\":\"pt-BR\",\"@id\":\"https:\/\/sintramem-sv.org.br\/sintramem\/#\/schema\/logo\/image\/\",\"url\":\"https:\/\/sintramem-sv.org.br\/sintramem\/wp-content\/uploads\/2017\/02\/SINTRAMEM-LOGO-OFICIAL-300x100-jpg.jpg\",\"contentUrl\":\"https:\/\/sintramem-sv.org.br\/sintramem\/wp-content\/uploads\/2017\/02\/SINTRAMEM-LOGO-OFICIAL-300x100-jpg.jpg\",\"width\":150,\"height\":150,\"caption\":\"SINTRAMEM\"},\"image\":{\"@id\":\"https:\/\/sintramem-sv.org.br\/sintramem\/#\/schema\/logo\/image\/\"}},{\"@type\":\"Person\",\"@id\":\"https:\/\/sintramem-sv.org.br\/sintramem\/#\/schema\/person\/a8decb8ea63607d1e01e046c95ddcf2b\",\"name\":\"sintramem\",\"image\":{\"@type\":\"ImageObject\",\"inLanguage\":\"pt-BR\",\"@id\":\"https:\/\/sintramem-sv.org.br\/sintramem\/#\/schema\/person\/image\/\",\"url\":\"https:\/\/secure.gravatar.com\/avatar\/8e06da3b0d4f051010117c848b52b9280a4228043717057ccccccc8b20ff8f48?s=96&d=mm&r=g\",\"contentUrl\":\"https:\/\/secure.gravatar.com\/avatar\/8e06da3b0d4f051010117c848b52b9280a4228043717057ccccccc8b20ff8f48?s=96&d=mm&r=g\",\"caption\":\"sintramem\"},\"description\":\"Sindicato dos Trabalhadores no Magist\u00e9rio e na Educa\u00e7\u00e3o Municipal de S\u00e3o Vicente\",\"url\":\"https:\/\/sintramem-sv.org.br\/sintramem\/author\/sindsv\/\"}]}<\/script>\n<!-- \/ Yoast SEO plugin. -->","yoast_head_json":{"title":"SINTRAMEM convoca todos os Professores e Profissionais do Magist\u00e9rio para assembleia, dia 26 de agosto, \u00e0s 18h30. Vamos deliberar sobre o corte do Adicional de P\u00f3s-Gradua\u00e7\u00e3o. A participa\u00e7\u00e3o de todos \u00e9 fundamental! - SINTRAMEM","robots":{"index":"index","follow":"follow","max-snippet":"max-snippet:-1","max-image-preview":"max-image-preview:large","max-video-preview":"max-video-preview:-1"},"canonical":"https:\/\/sintramem-sv.org.br\/sintramem\/sintramem-convoca-todos-os-professores-para-assembleia-dia-26-de-agosto\/","og_locale":"pt_BR","og_type":"article","og_title":"SINTRAMEM convoca todos os Professores e Profissionais do Magist\u00e9rio para assembleia, dia 26 de agosto, \u00e0s 18h30. Vamos deliberar sobre o corte do Adicional de P\u00f3s-Gradua\u00e7\u00e3o. A participa\u00e7\u00e3o de todos \u00e9 fundamental! - SINTRAMEM","og_description":"O SINTRAMEM convoca todos os Professores e Profissionais do Magist\u00e9rio para uma importante assembleia no dia 26 de agosto, \u00e0s 18 horas (1\u00aa chamada) e 18h30 (2\u00aa chamada). Vamos nos reunir na sede do Sindicato dos Servidores P\u00fablicos Municipais de S\u00e3o Vicente (SindservSV)\u00a0&#8211; rua Visconde de Tamandar\u00e9, 234, Centro. Juntos iremos deliberar sobre os pr\u00f3ximos&hellip;","og_url":"https:\/\/sintramem-sv.org.br\/sintramem\/sintramem-convoca-todos-os-professores-para-assembleia-dia-26-de-agosto\/","og_site_name":"SINTRAMEM","article_published_time":"2025-08-20T14:52:58+00:00","article_modified_time":"2025-08-20T16:18:46+00:00","og_image":[{"width":500,"height":278,"url":"https:\/\/sintramem-sv.org.br\/sintramem\/wp-content\/uploads\/2025\/08\/menor2.png","type":"image\/png"}],"author":"sintramem","twitter_card":"summary_large_image","twitter_misc":{"Escrito por":"sintramem","Est. tempo de leitura":"2 minutos"},"schema":{"@context":"https:\/\/schema.org","@graph":[{"@type":"Article","@id":"https:\/\/sintramem-sv.org.br\/sintramem\/sintramem-convoca-todos-os-professores-para-assembleia-dia-26-de-agosto\/#article","isPartOf":{"@id":"https:\/\/sintramem-sv.org.br\/sintramem\/sintramem-convoca-todos-os-professores-para-assembleia-dia-26-de-agosto\/"},"author":{"name":"sintramem","@id":"https:\/\/sintramem-sv.org.br\/sintramem\/#\/schema\/person\/a8decb8ea63607d1e01e046c95ddcf2b"},"headline":"SINTRAMEM convoca todos os Professores e Profissionais do Magist\u00e9rio para assembleia, dia 26 de agosto, \u00e0s 18h30. Vamos deliberar sobre o corte do Adicional de P\u00f3s-Gradua\u00e7\u00e3o. A participa\u00e7\u00e3o de todos \u00e9 fundamental!","datePublished":"2025-08-20T14:52:58+00:00","dateModified":"2025-08-20T16:18:46+00:00","mainEntityOfPage":{"@id":"https:\/\/sintramem-sv.org.br\/sintramem\/sintramem-convoca-todos-os-professores-para-assembleia-dia-26-de-agosto\/"},"wordCount":255,"commentCount":0,"publisher":{"@id":"https:\/\/sintramem-sv.org.br\/sintramem\/#organization"},"image":{"@id":"https:\/\/sintramem-sv.org.br\/sintramem\/sintramem-convoca-todos-os-professores-para-assembleia-dia-26-de-agosto\/#primaryimage"},"thumbnailUrl":"https:\/\/sintramem-sv.org.br\/sintramem\/wp-content\/uploads\/2025\/08\/Destacada-Assembleia1.png","articleSection":["Sintramem"],"inLanguage":"pt-BR","potentialAction":[{"@type":"CommentAction","name":"Comment","target":["https:\/\/sintramem-sv.org.br\/sintramem\/sintramem-convoca-todos-os-professores-para-assembleia-dia-26-de-agosto\/#respond"]}]},{"@type":"WebPage","@id":"https:\/\/sintramem-sv.org.br\/sintramem\/sintramem-convoca-todos-os-professores-para-assembleia-dia-26-de-agosto\/","url":"https:\/\/sintramem-sv.org.br\/sintramem\/sintramem-convoca-todos-os-professores-para-assembleia-dia-26-de-agosto\/","name":"SINTRAMEM convoca todos os Professores e Profissionais do Magist\u00e9rio para assembleia, dia 26 de agosto, \u00e0s 18h30. Vamos deliberar sobre o corte do Adicional de P\u00f3s-Gradua\u00e7\u00e3o. A participa\u00e7\u00e3o de todos \u00e9 fundamental! - SINTRAMEM","isPartOf":{"@id":"https:\/\/sintramem-sv.org.br\/sintramem\/#website"},"primaryImageOfPage":{"@id":"https:\/\/sintramem-sv.org.br\/sintramem\/sintramem-convoca-todos-os-professores-para-assembleia-dia-26-de-agosto\/#primaryimage"},"image":{"@id":"https:\/\/sintramem-sv.org.br\/sintramem\/sintramem-convoca-todos-os-professores-para-assembleia-dia-26-de-agosto\/#primaryimage"},"thumbnailUrl":"https:\/\/sintramem-sv.org.br\/sintramem\/wp-content\/uploads\/2025\/08\/Destacada-Assembleia1.png","datePublished":"2025-08-20T14:52:58+00:00","dateModified":"2025-08-20T16:18:46+00:00","breadcrumb":{"@id":"https:\/\/sintramem-sv.org.br\/sintramem\/sintramem-convoca-todos-os-professores-para-assembleia-dia-26-de-agosto\/#breadcrumb"},"inLanguage":"pt-BR","potentialAction":[{"@type":"ReadAction","target":["https:\/\/sintramem-sv.org.br\/sintramem\/sintramem-convoca-todos-os-professores-para-assembleia-dia-26-de-agosto\/"]}]},{"@type":"ImageObject","inLanguage":"pt-BR","@id":"https:\/\/sintramem-sv.org.br\/sintramem\/sintramem-convoca-todos-os-professores-para-assembleia-dia-26-de-agosto\/#primaryimage","url":"https:\/\/sintramem-sv.org.br\/sintramem\/wp-content\/uploads\/2025\/08\/Destacada-Assembleia1.png","contentUrl":"https:\/\/sintramem-sv.org.br\/sintramem\/wp-content\/uploads\/2025\/08\/Destacada-Assembleia1.png","width":1294,"height":720},{"@type":"BreadcrumbList","@id":"https:\/\/sintramem-sv.org.br\/sintramem\/sintramem-convoca-todos-os-professores-para-assembleia-dia-26-de-agosto\/#breadcrumb","itemListElement":[{"@type":"ListItem","position":1,"name":"In\u00edcio","item":"https:\/\/sintramem-sv.org.br\/sintramem\/"},{"@type":"ListItem","position":2,"name":"SINTRAMEM convoca todos os Professores e Profissionais do Magist\u00e9rio para assembleia, dia 26 de agosto, \u00e0s 18h30. Vamos deliberar sobre o corte do Adicional de P\u00f3s-Gradua\u00e7\u00e3o. A participa\u00e7\u00e3o de todos \u00e9 fundamental!"}]},{"@type":"WebSite","@id":"https:\/\/sintramem-sv.org.br\/sintramem\/#website","url":"https:\/\/sintramem-sv.org.br\/sintramem\/","name":"SINTRAMEM","description":"Sindicato dos Trabalhadores no Magist\u00e9rio e na Educa\u00e7\u00e3o de S\u00e3o Vicente","publisher":{"@id":"https:\/\/sintramem-sv.org.br\/sintramem\/#organization"},"potentialAction":[{"@type":"SearchAction","target":{"@type":"EntryPoint","urlTemplate":"https:\/\/sintramem-sv.org.br\/sintramem\/?s={search_term_string}"},"query-input":{"@type":"PropertyValueSpecification","valueRequired":true,"valueName":"search_term_string"}}],"inLanguage":"pt-BR"},{"@type":"Organization","@id":"https:\/\/sintramem-sv.org.br\/sintramem\/#organization","name":"SINTRAMEM","url":"https:\/\/sintramem-sv.org.br\/sintramem\/","logo":{"@type":"ImageObject","inLanguage":"pt-BR","@id":"https:\/\/sintramem-sv.org.br\/sintramem\/#\/schema\/logo\/image\/","url":"https:\/\/sintramem-sv.org.br\/sintramem\/wp-content\/uploads\/2017\/02\/SINTRAMEM-LOGO-OFICIAL-300x100-jpg.jpg","contentUrl":"https:\/\/sintramem-sv.org.br\/sintramem\/wp-content\/uploads\/2017\/02\/SINTRAMEM-LOGO-OFICIAL-300x100-jpg.jpg","width":150,"height":150,"caption":"SINTRAMEM"},"image":{"@id":"https:\/\/sintramem-sv.org.br\/sintramem\/#\/schema\/logo\/image\/"}},{"@type":"Person","@id":"https:\/\/sintramem-sv.org.br\/sintramem\/#\/schema\/person\/a8decb8ea63607d1e01e046c95ddcf2b","name":"sintramem","image":{"@type":"ImageObject","inLanguage":"pt-BR","@id":"https:\/\/sintramem-sv.org.br\/sintramem\/#\/schema\/person\/image\/","url":"https:\/\/secure.gravatar.com\/avatar\/8e06da3b0d4f051010117c848b52b9280a4228043717057ccccccc8b20ff8f48?s=96&d=mm&r=g","contentUrl":"https:\/\/secure.gravatar.com\/avatar\/8e06da3b0d4f051010117c848b52b9280a4228043717057ccccccc8b20ff8f48?s=96&d=mm&r=g","caption":"sintramem"},"description":"Sindicato dos Trabalhadores no Magist\u00e9rio e na Educa\u00e7\u00e3o Municipal de S\u00e3o Vicente","url":"https:\/\/sintramem-sv.org.br\/sintramem\/author\/sindsv\/"}]}},"_links":{"self":[{"href":"https:\/\/sintramem-sv.org.br\/sintramem\/wp-json\/wp\/v2\/posts\/8589","targetHints":{"allow":["GET"]}}],"collection":[{"href":"https:\/\/sintramem-sv.org.br\/sintramem\/wp-json\/wp\/v2\/posts"}],"about":[{"href":"https:\/\/sintramem-sv.org.br\/sintramem\/wp-json\/wp\/v2\/types\/post"}],"author":[{"embeddable":true,"href":"https:\/\/sintramem-sv.org.br\/sintramem\/wp-json\/wp\/v2\/users\/1"}],"replies":[{"embeddable":true,"href":"https:\/\/sintramem-sv.org.br\/sintramem\/wp-json\/wp\/v2\/comments?post=8589"}],"version-history":[{"count":9,"href":"https:\/\/sintramem-sv.org.br\/sintramem\/wp-json\/wp\/v2\/posts\/8589\/revisions"}],"predecessor-version":[{"id":8600,"href":"https:\/\/sintramem-sv.org.br\/sintramem\/wp-json\/wp\/v2\/posts\/8589\/revisions\/8600"}],"wp:featuredmedia":[{"embeddable":true,"href":"https:\/\/sintramem-sv.org.br\/sintramem\/wp-json\/wp\/v2\/media\/8608"}],"wp:attachment":[{"href":"https:\/\/sintramem-sv.org.br\/sintramem\/wp-json\/wp\/v2\/media?parent=8589"}],"wp:term":[{"taxonomy":"category","embeddable":true,"href":"https:\/\/sintramem-sv.org.br\/sintramem\/wp-json\/wp\/v2\/categories?post=8589"},{"taxonomy":"post_tag","embeddable":true,"href":"https:\/\/sintramem-sv.org.br\/sintramem\/wp-json\/wp\/v2\/tags?post=8589"}],"curies":[{"name":"wp","href":"https:\/\/api.w.org\/{rel}","templated":true}]}}