{"id":8578,"date":"2025-08-18T21:05:09","date_gmt":"2025-08-18T21:05:09","guid":{"rendered":"https:\/\/sintramem-sv.org.br\/sintramem\/?p=8578"},"modified":"2025-08-18T21:46:54","modified_gmt":"2025-08-18T21:46:54","slug":"nota-a-imprensa-e-a-populacao-de-sao-vicente-nao-vamos-tolerar-mais-ataques-aos-servidores-da-educacao","status":"publish","type":"post","link":"https:\/\/sintramem-sv.org.br\/sintramem\/nota-a-imprensa-e-a-populacao-de-sao-vicente-nao-vamos-tolerar-mais-ataques-aos-servidores-da-educacao\/","title":{"rendered":"NOTA \u00c0 IMPRENSA E \u00c0 POPULA\u00c7\u00c3O DE S\u00c3O VICENTE | N\u00e3o vamos tolerar mais ataques aos Servidores da Educa\u00e7\u00e3o!"},"content":{"rendered":"<p><span style=\"font-size: 14pt;\">O SINTRAMEM repudia veementemente a aprova\u00e7\u00e3o do PLC 26\/2025 pela C\u00e2mara Municipal de S\u00e3o Vicente, ocorrida em 17 de agosto. A medida, articulada \u00e0s escuras pelo prefeito <strong>Kayo Amado<\/strong> (Podemos), extingue o adicional de 5% para docentes p\u00f3s-graduados, violando transpar\u00eancia e direitos conquistados. Enquanto Professores t\u00eam sua qualifica\u00e7\u00e3o desvalorizada, cargos pol\u00edticos receberam aumentos obscenos de at\u00e9 53% &#8211; um ataque frontal ao ensino p\u00fablico. A <a href=\"https:\/\/sintramem-sv.org.br\/sintramem\/wp-content\/uploads\/2025\/08\/Nota-a-imprensa-e-a-povo-de-Sao-Vicente.pdf\" target=\"_blank\" rel=\"noopener\"><strong>nota oficial do Sindicato<\/strong><\/a>, j\u00e1 enviada \u00e0 imprensa e \u00e0 popula\u00e7\u00e3o, exp\u00f5e essa trama imoral que concentra R$ 11 milh\u00f5es\/ano dos cofres p\u00fablicos para &#8220;privilegiados&#8221;.<\/span><\/p>\n<p><span style=\"font-size: 18pt; color: #ffffff; background-color: #ff0000;\"><strong>HIPOCRISIA<\/strong><\/span><\/p>\n<p><span style=\"font-size: 14pt;\">A extin\u00e7\u00e3o do adicional, que afeta 100% dos Professores especializados da rede, foi votada em regime de urg\u00eancia e sem di\u00e1logo com a categoria &#8211; pr\u00e1tica recorrente da gest\u00e3o Amado. Enquanto o prefeito elevou seu pr\u00f3prio sal\u00e1rio para R$ 24 mil e o de secret\u00e1rios para R$ 20 mil, cada educador perder\u00e1 R$ 264 mensais. Para piorar, o PLC bloqueia a efetiva\u00e7\u00e3o de profissionais nas AMEIs (Ambientes Municipais de Educa\u00e7\u00e3o Integral), comprometendo o ensino em tempo integral. Como alerta Roberto Ciccarelli, presidente do SINTRAMEM: <\/span><\/p>\n<blockquote><p><strong><span style=\"font-size: 14pt;\">&#8220;\u00c9 o maior ataque ao Magist\u00e9rio vicentino. Retirar direitos docentes para bancar aumentos obscenos \u00e9 imoral&#8221;.<\/span><\/strong><\/p><\/blockquote>\n<p><span style=\"font-size: 14pt;\">Diante deste retrocesso, o Sindicato j\u00e1 acionou a Justi\u00e7a contra a inconstitucionalidade do PLC e inicia uma campanha para denunciar o desmonte. Amanh\u00e3, dia 19 de agosto, o Conselho de Representantes se re\u00fane para definir estrat\u00e9gias de enfrentamento. Nos pr\u00f3ximos dias, toda a categoria ser\u00e1 convocada para uma assembleia geral, que articular\u00e1 a base em defesa dos nossos direitos.<\/span><\/p>\n<p><span style=\"font-size: 18pt;\"><strong>Junte-se a n\u00f3s nessa luta! &#x1f4aa;&#x1f4e2;<\/strong><\/span><\/p>\n<p><a href=\"https:\/\/sintramem-sv.org.br\/sintramem\/wp-content\/uploads\/2025\/08\/Nota-a-imprensa-e-a-povo-de-Sao-Vicente.pdf\" target=\"_blank\" rel=\"noopener\"><img loading=\"lazy\" decoding=\"async\" class=\"aligncenter wp-image-8580 size-full\" src=\"https:\/\/sintramem-sv.org.br\/sintramem\/wp-content\/uploads\/2025\/08\/retrocesso.png\" alt=\"\" width=\"1080\" height=\"1350\" srcset=\"https:\/\/sintramem-sv.org.br\/sintramem\/wp-content\/uploads\/2025\/08\/retrocesso.png 1080w, https:\/\/sintramem-sv.org.br\/sintramem\/wp-content\/uploads\/2025\/08\/retrocesso-240x300.png 240w, https:\/\/sintramem-sv.org.br\/sintramem\/wp-content\/uploads\/2025\/08\/retrocesso-819x1024.png 819w\" sizes=\"auto, (max-width: 1080px) 100vw, 1080px\" \/><\/a><\/p>\n","protected":false},"excerpt":{"rendered":"<p>O SINTRAMEM repudia veementemente a aprova\u00e7\u00e3o do PLC 26\/2025 pela C\u00e2mara Municipal de S\u00e3o Vicente, ocorrida em 17 de agosto. A medida, articulada \u00e0s escuras pelo prefeito Kayo Amado (Podemos), extingue o adicional de 5% para docentes p\u00f3s-graduados, violando transpar\u00eancia e direitos conquistados. Enquanto Professores t\u00eam sua qualifica\u00e7\u00e3o desvalorizada, cargos pol\u00edticos receberam aumentos obscenos de&hellip;<\/p>\n","protected":false},"author":1,"featured_media":8583,"comment_status":"open","ping_status":"closed","sticky":false,"template":"","format":"standard","meta":{"_monsterinsights_skip_tracking":false,"_monsterinsights_sitenote_active":false,"_monsterinsights_sitenote_note":"","_monsterinsights_sitenote_category":0,"footnotes":""},"categories":[19],"tags":[],"class_list":["post-8578","post","type-post","status-publish","format-standard","has-post-thumbnail","hentry","category-sintramem"],"yoast_head":"<!-- This site is optimized with the Yoast SEO plugin v27.0 - https:\/\/yoast.com\/product\/yoast-seo-wordpress\/ -->\n<title>NOTA \u00c0 IMPRENSA E \u00c0 POPULA\u00c7\u00c3O DE S\u00c3O VICENTE | N\u00e3o vamos tolerar mais ataques aos Servidores da Educa\u00e7\u00e3o! - SINTRAMEM<\/title>\n<meta name=\"robots\" content=\"index, follow, max-snippet:-1, max-image-preview:large, max-video-preview:-1\" \/>\n<link rel=\"canonical\" href=\"https:\/\/sintramem-sv.org.br\/sintramem\/nota-a-imprensa-e-a-populacao-de-sao-vicente-nao-vamos-tolerar-mais-ataques-aos-servidores-da-educacao\/\" \/>\n<meta property=\"og:locale\" content=\"pt_BR\" \/>\n<meta property=\"og:type\" content=\"article\" \/>\n<meta property=\"og:title\" content=\"NOTA \u00c0 IMPRENSA E \u00c0 POPULA\u00c7\u00c3O DE S\u00c3O VICENTE | N\u00e3o vamos tolerar mais ataques aos Servidores da Educa\u00e7\u00e3o! - SINTRAMEM\" \/>\n<meta property=\"og:description\" content=\"O SINTRAMEM repudia veementemente a aprova\u00e7\u00e3o do PLC 26\/2025 pela C\u00e2mara Municipal de S\u00e3o Vicente, ocorrida em 17 de agosto. A medida, articulada \u00e0s escuras pelo prefeito Kayo Amado (Podemos), extingue o adicional de 5% para docentes p\u00f3s-graduados, violando transpar\u00eancia e direitos conquistados. Enquanto Professores t\u00eam sua qualifica\u00e7\u00e3o desvalorizada, cargos pol\u00edticos receberam aumentos obscenos de&hellip;\" \/>\n<meta property=\"og:url\" content=\"https:\/\/sintramem-sv.org.br\/sintramem\/nota-a-imprensa-e-a-populacao-de-sao-vicente-nao-vamos-tolerar-mais-ataques-aos-servidores-da-educacao\/\" \/>\n<meta property=\"og:site_name\" content=\"SINTRAMEM\" \/>\n<meta property=\"article:published_time\" content=\"2025-08-18T21:05:09+00:00\" \/>\n<meta property=\"article:modified_time\" content=\"2025-08-18T21:46:54+00:00\" \/>\n<meta property=\"og:image\" content=\"https:\/\/sintramem-sv.org.br\/sintramem\/wp-content\/uploads\/2025\/08\/menor-1.png\" \/>\n\t<meta property=\"og:image:width\" content=\"600\" \/>\n\t<meta property=\"og:image:height\" content=\"334\" \/>\n\t<meta property=\"og:image:type\" content=\"image\/png\" \/>\n<meta name=\"author\" content=\"sintramem\" \/>\n<meta name=\"twitter:card\" content=\"summary_large_image\" \/>\n<meta name=\"twitter:label1\" content=\"Escrito por\" \/>\n\t<meta name=\"twitter:data1\" content=\"sintramem\" \/>\n\t<meta name=\"twitter:label2\" content=\"Est. tempo de leitura\" \/>\n\t<meta name=\"twitter:data2\" content=\"2 minutos\" \/>\n<script type=\"application\/ld+json\" class=\"yoast-schema-graph\">{\"@context\":\"https:\/\/schema.org\",\"@graph\":[{\"@type\":\"Article\",\"@id\":\"https:\/\/sintramem-sv.org.br\/sintramem\/nota-a-imprensa-e-a-populacao-de-sao-vicente-nao-vamos-tolerar-mais-ataques-aos-servidores-da-educacao\/#article\",\"isPartOf\":{\"@id\":\"https:\/\/sintramem-sv.org.br\/sintramem\/nota-a-imprensa-e-a-populacao-de-sao-vicente-nao-vamos-tolerar-mais-ataques-aos-servidores-da-educacao\/\"},\"author\":{\"name\":\"sintramem\",\"@id\":\"https:\/\/sintramem-sv.org.br\/sintramem\/#\/schema\/person\/a8decb8ea63607d1e01e046c95ddcf2b\"},\"headline\":\"NOTA \u00c0 IMPRENSA E \u00c0 POPULA\u00c7\u00c3O DE S\u00c3O VICENTE | N\u00e3o vamos tolerar mais ataques aos Servidores da Educa\u00e7\u00e3o!\",\"datePublished\":\"2025-08-18T21:05:09+00:00\",\"dateModified\":\"2025-08-18T21:46:54+00:00\",\"mainEntityOfPage\":{\"@id\":\"https:\/\/sintramem-sv.org.br\/sintramem\/nota-a-imprensa-e-a-populacao-de-sao-vicente-nao-vamos-tolerar-mais-ataques-aos-servidores-da-educacao\/\"},\"wordCount\":297,\"commentCount\":0,\"publisher\":{\"@id\":\"https:\/\/sintramem-sv.org.br\/sintramem\/#organization\"},\"image\":{\"@id\":\"https:\/\/sintramem-sv.org.br\/sintramem\/nota-a-imprensa-e-a-populacao-de-sao-vicente-nao-vamos-tolerar-mais-ataques-aos-servidores-da-educacao\/#primaryimage\"},\"thumbnailUrl\":\"https:\/\/sintramem-sv.org.br\/sintramem\/wp-content\/uploads\/2025\/08\/Destacada-nota-a-imprensa.png\",\"articleSection\":[\"Sintramem\"],\"inLanguage\":\"pt-BR\",\"potentialAction\":[{\"@type\":\"CommentAction\",\"name\":\"Comment\",\"target\":[\"https:\/\/sintramem-sv.org.br\/sintramem\/nota-a-imprensa-e-a-populacao-de-sao-vicente-nao-vamos-tolerar-mais-ataques-aos-servidores-da-educacao\/#respond\"]}]},{\"@type\":\"WebPage\",\"@id\":\"https:\/\/sintramem-sv.org.br\/sintramem\/nota-a-imprensa-e-a-populacao-de-sao-vicente-nao-vamos-tolerar-mais-ataques-aos-servidores-da-educacao\/\",\"url\":\"https:\/\/sintramem-sv.org.br\/sintramem\/nota-a-imprensa-e-a-populacao-de-sao-vicente-nao-vamos-tolerar-mais-ataques-aos-servidores-da-educacao\/\",\"name\":\"NOTA \u00c0 IMPRENSA E \u00c0 POPULA\u00c7\u00c3O DE S\u00c3O VICENTE | N\u00e3o vamos tolerar mais ataques aos Servidores da Educa\u00e7\u00e3o! - SINTRAMEM\",\"isPartOf\":{\"@id\":\"https:\/\/sintramem-sv.org.br\/sintramem\/#website\"},\"primaryImageOfPage\":{\"@id\":\"https:\/\/sintramem-sv.org.br\/sintramem\/nota-a-imprensa-e-a-populacao-de-sao-vicente-nao-vamos-tolerar-mais-ataques-aos-servidores-da-educacao\/#primaryimage\"},\"image\":{\"@id\":\"https:\/\/sintramem-sv.org.br\/sintramem\/nota-a-imprensa-e-a-populacao-de-sao-vicente-nao-vamos-tolerar-mais-ataques-aos-servidores-da-educacao\/#primaryimage\"},\"thumbnailUrl\":\"https:\/\/sintramem-sv.org.br\/sintramem\/wp-content\/uploads\/2025\/08\/Destacada-nota-a-imprensa.png\",\"datePublished\":\"2025-08-18T21:05:09+00:00\",\"dateModified\":\"2025-08-18T21:46:54+00:00\",\"breadcrumb\":{\"@id\":\"https:\/\/sintramem-sv.org.br\/sintramem\/nota-a-imprensa-e-a-populacao-de-sao-vicente-nao-vamos-tolerar-mais-ataques-aos-servidores-da-educacao\/#breadcrumb\"},\"inLanguage\":\"pt-BR\",\"potentialAction\":[{\"@type\":\"ReadAction\",\"target\":[\"https:\/\/sintramem-sv.org.br\/sintramem\/nota-a-imprensa-e-a-populacao-de-sao-vicente-nao-vamos-tolerar-mais-ataques-aos-servidores-da-educacao\/\"]}]},{\"@type\":\"ImageObject\",\"inLanguage\":\"pt-BR\",\"@id\":\"https:\/\/sintramem-sv.org.br\/sintramem\/nota-a-imprensa-e-a-populacao-de-sao-vicente-nao-vamos-tolerar-mais-ataques-aos-servidores-da-educacao\/#primaryimage\",\"url\":\"https:\/\/sintramem-sv.org.br\/sintramem\/wp-content\/uploads\/2025\/08\/Destacada-nota-a-imprensa.png\",\"contentUrl\":\"https:\/\/sintramem-sv.org.br\/sintramem\/wp-content\/uploads\/2025\/08\/Destacada-nota-a-imprensa.png\",\"width\":1294,\"height\":720},{\"@type\":\"BreadcrumbList\",\"@id\":\"https:\/\/sintramem-sv.org.br\/sintramem\/nota-a-imprensa-e-a-populacao-de-sao-vicente-nao-vamos-tolerar-mais-ataques-aos-servidores-da-educacao\/#breadcrumb\",\"itemListElement\":[{\"@type\":\"ListItem\",\"position\":1,\"name\":\"In\u00edcio\",\"item\":\"https:\/\/sintramem-sv.org.br\/sintramem\/\"},{\"@type\":\"ListItem\",\"position\":2,\"name\":\"NOTA \u00c0 IMPRENSA E \u00c0 POPULA\u00c7\u00c3O DE S\u00c3O VICENTE | N\u00e3o vamos tolerar mais ataques aos Servidores da Educa\u00e7\u00e3o!\"}]},{\"@type\":\"WebSite\",\"@id\":\"https:\/\/sintramem-sv.org.br\/sintramem\/#website\",\"url\":\"https:\/\/sintramem-sv.org.br\/sintramem\/\",\"name\":\"SINTRAMEM\",\"description\":\"Sindicato dos Trabalhadores no Magist\u00e9rio e na Educa\u00e7\u00e3o de S\u00e3o Vicente\",\"publisher\":{\"@id\":\"https:\/\/sintramem-sv.org.br\/sintramem\/#organization\"},\"potentialAction\":[{\"@type\":\"SearchAction\",\"target\":{\"@type\":\"EntryPoint\",\"urlTemplate\":\"https:\/\/sintramem-sv.org.br\/sintramem\/?s={search_term_string}\"},\"query-input\":{\"@type\":\"PropertyValueSpecification\",\"valueRequired\":true,\"valueName\":\"search_term_string\"}}],\"inLanguage\":\"pt-BR\"},{\"@type\":\"Organization\",\"@id\":\"https:\/\/sintramem-sv.org.br\/sintramem\/#organization\",\"name\":\"SINTRAMEM\",\"url\":\"https:\/\/sintramem-sv.org.br\/sintramem\/\",\"logo\":{\"@type\":\"ImageObject\",\"inLanguage\":\"pt-BR\",\"@id\":\"https:\/\/sintramem-sv.org.br\/sintramem\/#\/schema\/logo\/image\/\",\"url\":\"https:\/\/sintramem-sv.org.br\/sintramem\/wp-content\/uploads\/2017\/02\/SINTRAMEM-LOGO-OFICIAL-300x100-jpg.jpg\",\"contentUrl\":\"https:\/\/sintramem-sv.org.br\/sintramem\/wp-content\/uploads\/2017\/02\/SINTRAMEM-LOGO-OFICIAL-300x100-jpg.jpg\",\"width\":150,\"height\":150,\"caption\":\"SINTRAMEM\"},\"image\":{\"@id\":\"https:\/\/sintramem-sv.org.br\/sintramem\/#\/schema\/logo\/image\/\"}},{\"@type\":\"Person\",\"@id\":\"https:\/\/sintramem-sv.org.br\/sintramem\/#\/schema\/person\/a8decb8ea63607d1e01e046c95ddcf2b\",\"name\":\"sintramem\",\"image\":{\"@type\":\"ImageObject\",\"inLanguage\":\"pt-BR\",\"@id\":\"https:\/\/sintramem-sv.org.br\/sintramem\/#\/schema\/person\/image\/\",\"url\":\"https:\/\/secure.gravatar.com\/avatar\/8e06da3b0d4f051010117c848b52b9280a4228043717057ccccccc8b20ff8f48?s=96&d=mm&r=g\",\"contentUrl\":\"https:\/\/secure.gravatar.com\/avatar\/8e06da3b0d4f051010117c848b52b9280a4228043717057ccccccc8b20ff8f48?s=96&d=mm&r=g\",\"caption\":\"sintramem\"},\"description\":\"Sindicato dos Trabalhadores no Magist\u00e9rio e na Educa\u00e7\u00e3o Municipal de S\u00e3o Vicente\",\"url\":\"https:\/\/sintramem-sv.org.br\/sintramem\/author\/sindsv\/\"}]}<\/script>\n<!-- \/ Yoast SEO plugin. -->","yoast_head_json":{"title":"NOTA \u00c0 IMPRENSA E \u00c0 POPULA\u00c7\u00c3O DE S\u00c3O VICENTE | N\u00e3o vamos tolerar mais ataques aos Servidores da Educa\u00e7\u00e3o! - SINTRAMEM","robots":{"index":"index","follow":"follow","max-snippet":"max-snippet:-1","max-image-preview":"max-image-preview:large","max-video-preview":"max-video-preview:-1"},"canonical":"https:\/\/sintramem-sv.org.br\/sintramem\/nota-a-imprensa-e-a-populacao-de-sao-vicente-nao-vamos-tolerar-mais-ataques-aos-servidores-da-educacao\/","og_locale":"pt_BR","og_type":"article","og_title":"NOTA \u00c0 IMPRENSA E \u00c0 POPULA\u00c7\u00c3O DE S\u00c3O VICENTE | N\u00e3o vamos tolerar mais ataques aos Servidores da Educa\u00e7\u00e3o! - SINTRAMEM","og_description":"O SINTRAMEM repudia veementemente a aprova\u00e7\u00e3o do PLC 26\/2025 pela C\u00e2mara Municipal de S\u00e3o Vicente, ocorrida em 17 de agosto. A medida, articulada \u00e0s escuras pelo prefeito Kayo Amado (Podemos), extingue o adicional de 5% para docentes p\u00f3s-graduados, violando transpar\u00eancia e direitos conquistados. Enquanto Professores t\u00eam sua qualifica\u00e7\u00e3o desvalorizada, cargos pol\u00edticos receberam aumentos obscenos de&hellip;","og_url":"https:\/\/sintramem-sv.org.br\/sintramem\/nota-a-imprensa-e-a-populacao-de-sao-vicente-nao-vamos-tolerar-mais-ataques-aos-servidores-da-educacao\/","og_site_name":"SINTRAMEM","article_published_time":"2025-08-18T21:05:09+00:00","article_modified_time":"2025-08-18T21:46:54+00:00","og_image":[{"width":600,"height":334,"url":"https:\/\/sintramem-sv.org.br\/sintramem\/wp-content\/uploads\/2025\/08\/menor-1.png","type":"image\/png"}],"author":"sintramem","twitter_card":"summary_large_image","twitter_misc":{"Escrito por":"sintramem","Est. tempo de leitura":"2 minutos"},"schema":{"@context":"https:\/\/schema.org","@graph":[{"@type":"Article","@id":"https:\/\/sintramem-sv.org.br\/sintramem\/nota-a-imprensa-e-a-populacao-de-sao-vicente-nao-vamos-tolerar-mais-ataques-aos-servidores-da-educacao\/#article","isPartOf":{"@id":"https:\/\/sintramem-sv.org.br\/sintramem\/nota-a-imprensa-e-a-populacao-de-sao-vicente-nao-vamos-tolerar-mais-ataques-aos-servidores-da-educacao\/"},"author":{"name":"sintramem","@id":"https:\/\/sintramem-sv.org.br\/sintramem\/#\/schema\/person\/a8decb8ea63607d1e01e046c95ddcf2b"},"headline":"NOTA \u00c0 IMPRENSA E \u00c0 POPULA\u00c7\u00c3O DE S\u00c3O VICENTE | N\u00e3o vamos tolerar mais ataques aos Servidores da Educa\u00e7\u00e3o!","datePublished":"2025-08-18T21:05:09+00:00","dateModified":"2025-08-18T21:46:54+00:00","mainEntityOfPage":{"@id":"https:\/\/sintramem-sv.org.br\/sintramem\/nota-a-imprensa-e-a-populacao-de-sao-vicente-nao-vamos-tolerar-mais-ataques-aos-servidores-da-educacao\/"},"wordCount":297,"commentCount":0,"publisher":{"@id":"https:\/\/sintramem-sv.org.br\/sintramem\/#organization"},"image":{"@id":"https:\/\/sintramem-sv.org.br\/sintramem\/nota-a-imprensa-e-a-populacao-de-sao-vicente-nao-vamos-tolerar-mais-ataques-aos-servidores-da-educacao\/#primaryimage"},"thumbnailUrl":"https:\/\/sintramem-sv.org.br\/sintramem\/wp-content\/uploads\/2025\/08\/Destacada-nota-a-imprensa.png","articleSection":["Sintramem"],"inLanguage":"pt-BR","potentialAction":[{"@type":"CommentAction","name":"Comment","target":["https:\/\/sintramem-sv.org.br\/sintramem\/nota-a-imprensa-e-a-populacao-de-sao-vicente-nao-vamos-tolerar-mais-ataques-aos-servidores-da-educacao\/#respond"]}]},{"@type":"WebPage","@id":"https:\/\/sintramem-sv.org.br\/sintramem\/nota-a-imprensa-e-a-populacao-de-sao-vicente-nao-vamos-tolerar-mais-ataques-aos-servidores-da-educacao\/","url":"https:\/\/sintramem-sv.org.br\/sintramem\/nota-a-imprensa-e-a-populacao-de-sao-vicente-nao-vamos-tolerar-mais-ataques-aos-servidores-da-educacao\/","name":"NOTA \u00c0 IMPRENSA E \u00c0 POPULA\u00c7\u00c3O DE S\u00c3O VICENTE | N\u00e3o vamos tolerar mais ataques aos Servidores da Educa\u00e7\u00e3o! - SINTRAMEM","isPartOf":{"@id":"https:\/\/sintramem-sv.org.br\/sintramem\/#website"},"primaryImageOfPage":{"@id":"https:\/\/sintramem-sv.org.br\/sintramem\/nota-a-imprensa-e-a-populacao-de-sao-vicente-nao-vamos-tolerar-mais-ataques-aos-servidores-da-educacao\/#primaryimage"},"image":{"@id":"https:\/\/sintramem-sv.org.br\/sintramem\/nota-a-imprensa-e-a-populacao-de-sao-vicente-nao-vamos-tolerar-mais-ataques-aos-servidores-da-educacao\/#primaryimage"},"thumbnailUrl":"https:\/\/sintramem-sv.org.br\/sintramem\/wp-content\/uploads\/2025\/08\/Destacada-nota-a-imprensa.png","datePublished":"2025-08-18T21:05:09+00:00","dateModified":"2025-08-18T21:46:54+00:00","breadcrumb":{"@id":"https:\/\/sintramem-sv.org.br\/sintramem\/nota-a-imprensa-e-a-populacao-de-sao-vicente-nao-vamos-tolerar-mais-ataques-aos-servidores-da-educacao\/#breadcrumb"},"inLanguage":"pt-BR","potentialAction":[{"@type":"ReadAction","target":["https:\/\/sintramem-sv.org.br\/sintramem\/nota-a-imprensa-e-a-populacao-de-sao-vicente-nao-vamos-tolerar-mais-ataques-aos-servidores-da-educacao\/"]}]},{"@type":"ImageObject","inLanguage":"pt-BR","@id":"https:\/\/sintramem-sv.org.br\/sintramem\/nota-a-imprensa-e-a-populacao-de-sao-vicente-nao-vamos-tolerar-mais-ataques-aos-servidores-da-educacao\/#primaryimage","url":"https:\/\/sintramem-sv.org.br\/sintramem\/wp-content\/uploads\/2025\/08\/Destacada-nota-a-imprensa.png","contentUrl":"https:\/\/sintramem-sv.org.br\/sintramem\/wp-content\/uploads\/2025\/08\/Destacada-nota-a-imprensa.png","width":1294,"height":720},{"@type":"BreadcrumbList","@id":"https:\/\/sintramem-sv.org.br\/sintramem\/nota-a-imprensa-e-a-populacao-de-sao-vicente-nao-vamos-tolerar-mais-ataques-aos-servidores-da-educacao\/#breadcrumb","itemListElement":[{"@type":"ListItem","position":1,"name":"In\u00edcio","item":"https:\/\/sintramem-sv.org.br\/sintramem\/"},{"@type":"ListItem","position":2,"name":"NOTA \u00c0 IMPRENSA E \u00c0 POPULA\u00c7\u00c3O DE S\u00c3O VICENTE | N\u00e3o vamos tolerar mais ataques aos Servidores da Educa\u00e7\u00e3o!"}]},{"@type":"WebSite","@id":"https:\/\/sintramem-sv.org.br\/sintramem\/#website","url":"https:\/\/sintramem-sv.org.br\/sintramem\/","name":"SINTRAMEM","description":"Sindicato dos Trabalhadores no Magist\u00e9rio e na Educa\u00e7\u00e3o de S\u00e3o Vicente","publisher":{"@id":"https:\/\/sintramem-sv.org.br\/sintramem\/#organization"},"potentialAction":[{"@type":"SearchAction","target":{"@type":"EntryPoint","urlTemplate":"https:\/\/sintramem-sv.org.br\/sintramem\/?s={search_term_string}"},"query-input":{"@type":"PropertyValueSpecification","valueRequired":true,"valueName":"search_term_string"}}],"inLanguage":"pt-BR"},{"@type":"Organization","@id":"https:\/\/sintramem-sv.org.br\/sintramem\/#organization","name":"SINTRAMEM","url":"https:\/\/sintramem-sv.org.br\/sintramem\/","logo":{"@type":"ImageObject","inLanguage":"pt-BR","@id":"https:\/\/sintramem-sv.org.br\/sintramem\/#\/schema\/logo\/image\/","url":"https:\/\/sintramem-sv.org.br\/sintramem\/wp-content\/uploads\/2017\/02\/SINTRAMEM-LOGO-OFICIAL-300x100-jpg.jpg","contentUrl":"https:\/\/sintramem-sv.org.br\/sintramem\/wp-content\/uploads\/2017\/02\/SINTRAMEM-LOGO-OFICIAL-300x100-jpg.jpg","width":150,"height":150,"caption":"SINTRAMEM"},"image":{"@id":"https:\/\/sintramem-sv.org.br\/sintramem\/#\/schema\/logo\/image\/"}},{"@type":"Person","@id":"https:\/\/sintramem-sv.org.br\/sintramem\/#\/schema\/person\/a8decb8ea63607d1e01e046c95ddcf2b","name":"sintramem","image":{"@type":"ImageObject","inLanguage":"pt-BR","@id":"https:\/\/sintramem-sv.org.br\/sintramem\/#\/schema\/person\/image\/","url":"https:\/\/secure.gravatar.com\/avatar\/8e06da3b0d4f051010117c848b52b9280a4228043717057ccccccc8b20ff8f48?s=96&d=mm&r=g","contentUrl":"https:\/\/secure.gravatar.com\/avatar\/8e06da3b0d4f051010117c848b52b9280a4228043717057ccccccc8b20ff8f48?s=96&d=mm&r=g","caption":"sintramem"},"description":"Sindicato dos Trabalhadores no Magist\u00e9rio e na Educa\u00e7\u00e3o Municipal de S\u00e3o Vicente","url":"https:\/\/sintramem-sv.org.br\/sintramem\/author\/sindsv\/"}]}},"_links":{"self":[{"href":"https:\/\/sintramem-sv.org.br\/sintramem\/wp-json\/wp\/v2\/posts\/8578","targetHints":{"allow":["GET"]}}],"collection":[{"href":"https:\/\/sintramem-sv.org.br\/sintramem\/wp-json\/wp\/v2\/posts"}],"about":[{"href":"https:\/\/sintramem-sv.org.br\/sintramem\/wp-json\/wp\/v2\/types\/post"}],"author":[{"embeddable":true,"href":"https:\/\/sintramem-sv.org.br\/sintramem\/wp-json\/wp\/v2\/users\/1"}],"replies":[{"embeddable":true,"href":"https:\/\/sintramem-sv.org.br\/sintramem\/wp-json\/wp\/v2\/comments?post=8578"}],"version-history":[{"count":6,"href":"https:\/\/sintramem-sv.org.br\/sintramem\/wp-json\/wp\/v2\/posts\/8578\/revisions"}],"predecessor-version":[{"id":8588,"href":"https:\/\/sintramem-sv.org.br\/sintramem\/wp-json\/wp\/v2\/posts\/8578\/revisions\/8588"}],"wp:featuredmedia":[{"embeddable":true,"href":"https:\/\/sintramem-sv.org.br\/sintramem\/wp-json\/wp\/v2\/media\/8583"}],"wp:attachment":[{"href":"https:\/\/sintramem-sv.org.br\/sintramem\/wp-json\/wp\/v2\/media?parent=8578"}],"wp:term":[{"taxonomy":"category","embeddable":true,"href":"https:\/\/sintramem-sv.org.br\/sintramem\/wp-json\/wp\/v2\/categories?post=8578"},{"taxonomy":"post_tag","embeddable":true,"href":"https:\/\/sintramem-sv.org.br\/sintramem\/wp-json\/wp\/v2\/tags?post=8578"}],"curies":[{"name":"wp","href":"https:\/\/api.w.org\/{rel}","templated":true}]}}