{"id":8059,"date":"2025-04-14T21:29:12","date_gmt":"2025-04-14T21:29:12","guid":{"rendered":"https:\/\/sintramem-sv.org.br\/sintramem\/?p=8059"},"modified":"2025-04-14T21:47:35","modified_gmt":"2025-04-14T21:47:35","slug":"9o-dia-de-greve-professores-e-trabalhadores-da-educacao","status":"publish","type":"post","link":"https:\/\/sintramem-sv.org.br\/sintramem\/9o-dia-de-greve-professores-e-trabalhadores-da-educacao\/","title":{"rendered":"9\u00ba DIA DE GREVE ser\u00e1 marcado com protestos em frente \u00e0 Prefeitura, audi\u00eancia de concilia\u00e7\u00e3o e assembleia na sede do Sindicato"},"content":{"rendered":"<p><span style=\"font-size: 14pt;\">A mobiliza\u00e7\u00e3o dos Professores e Trabalhadores da Educa\u00e7\u00e3o entra em seu 9\u00ba dia de greve nesta ter\u00e7a-feira, 15 de abril, com uma programa\u00e7\u00e3o intensa de atividades. O movimento segue firme e organizado, com a\u00e7\u00f5es estrat\u00e9gicas ao longo do dia para pressionar o governo municipal e conquistar avan\u00e7os nas negocia\u00e7\u00f5es.<\/span><\/p>\n<p><span style=\"color: #ffffff; background-color: #333333;\"><strong><span style=\"font-size: 14pt; background-color: #333333;\">MANH\u00c3 &#8211; PROTESTO EM FRENTE \u00c0 PREFEITURA<\/span><\/strong><\/span><br \/>\n<span style=\"font-size: 14pt;\">Logo \u00e0s 8 horas, a categoria se concentra em frente \u00e0 Prefeitura para mais um ato p\u00fablico. O objetivo \u00e9 dar visibilidade \u00e0 luta e cobrar respostas concretas da Administra\u00e7\u00e3o diante das reivindica\u00e7\u00f5es dos profissionais da Educa\u00e7\u00e3o.<\/span><\/p>\n<p><span style=\"color: #ffffff; background-color: #333333;\"><strong><span style=\"font-size: 14pt; background-color: #333333;\">TARDE \u2013 PROTESTO E AUDI\u00caNCIA DE CONCILIA\u00c7\u00c3O<\/span><\/strong><\/span><br \/>\n<span style=\"font-size: 14pt;\">A partir das 14 horas, dois momentos importantes acontecem simultaneamente:<\/span><\/p>\n<p><span style=\"font-size: 14pt;\">Novo protesto em frente \u00e0 Prefeitura;<\/span><br \/>\n<span style=\"font-size: 14pt;\">Audi\u00eancia de concilia\u00e7\u00e3o na Justi\u00e7a com representantes do SINTRAMEM e Prefeitura.<\/span><\/p>\n<p><span style=\"color: #ffffff; background-color: #333333;\"><strong><span style=\"font-size: 14pt; background-color: #333333;\">NOITE \u2013 ASSEMBLEIA GERAL NA SEDE DO SINDICATO<\/span><\/strong><\/span><br \/>\n<span style=\"font-size: 14pt;\">Encerrando o dia, haver\u00e1 Assembleia Geral da categoria, \u00e0s 17h30, na <a href=\"https:\/\/www.google.com\/maps\/place\/Rua+Visconde+de+Tamandar%C3%A9,+234+-+Centro,+S%C3%A3o+Vicente+-+SP,+11310-441\/data=!4m2!3m1!1s0x94ce1c90730efcd9:0xda0af29843677be7?sa=X&amp;ved=1t:242&amp;ictx=111\" target=\"_blank\" rel=\"noopener\"><strong>rua Visconde de Tamandar\u00e9, 234, Centro<\/strong><\/a>. O ato ser\u00e1 fundamental para avalia\u00e7\u00e3o das a\u00e7\u00f5es do dia, trazer os informes da audi\u00eancia e definir os pr\u00f3ximos passos do movimento.<\/span><\/p>\n<p><span style=\"font-size: 18pt; color: #ffffff; background-color: #ff0000;\"><strong>A\u00c7\u00d5ES DESTA SEGUNDA, 14 DE ABRIL<\/strong><\/span><\/p>\n<p><span style=\"font-size: 14pt;\">Come\u00e7amos cedo, \u00e0s 8 da manh\u00e3, em frente \u00e0 subprefeitura da \u00c1rea Continental. Realizamos passeata pelas ruas de S\u00e3o Vicente, conscientizando a popula\u00e7\u00e3o sobre a legitimidade deste movimento e angariamos muito mais apoio \u00e0 essa luta leg\u00edtima da categoria.<\/span><\/p>\n<p><span style=\"font-size: 14pt;\">\u00c0 tarde, realizamos manifesta\u00e7\u00e3o em frente \u00e0 Prefeitura. Foi mais um dia repleto de apoio dos mun\u00edcipes, frente \u00e0 intransig\u00eancia demonstrada pela Administra\u00e7\u00e3o municipal.<\/span><\/p>\n<p><strong><span style=\"font-size: 18pt; color: #ffffff; background-color: #ff0000;\">A LUTA CONTINUA!<\/span><\/strong><\/p>\n<p><span style=\"font-size: 14pt;\"><img loading=\"lazy\" decoding=\"async\" class=\"aligncenter size-large wp-image-8060\" src=\"https:\/\/sintramem-sv.org.br\/sintramem\/wp-content\/uploads\/2025\/04\/Arte-Agenda-9\u00b0-Dia-de-Greve-Sintramem-819x1024.png\" alt=\"\" width=\"819\" height=\"1024\" srcset=\"https:\/\/sintramem-sv.org.br\/sintramem\/wp-content\/uploads\/2025\/04\/Arte-Agenda-9\u00b0-Dia-de-Greve-Sintramem-819x1024.png 819w, https:\/\/sintramem-sv.org.br\/sintramem\/wp-content\/uploads\/2025\/04\/Arte-Agenda-9\u00b0-Dia-de-Greve-Sintramem-240x300.png 240w, https:\/\/sintramem-sv.org.br\/sintramem\/wp-content\/uploads\/2025\/04\/Arte-Agenda-9\u00b0-Dia-de-Greve-Sintramem-768x960.png 768w, https:\/\/sintramem-sv.org.br\/sintramem\/wp-content\/uploads\/2025\/04\/Arte-Agenda-9\u00b0-Dia-de-Greve-Sintramem.png 1080w\" sizes=\"auto, (max-width: 819px) 100vw, 819px\" \/><\/span><\/p>\n","protected":false},"excerpt":{"rendered":"<p>A mobiliza\u00e7\u00e3o dos Professores e Trabalhadores da Educa\u00e7\u00e3o entra em seu 9\u00ba dia de greve nesta ter\u00e7a-feira, 15 de abril, com uma programa\u00e7\u00e3o intensa de atividades. O movimento segue firme e organizado, com a\u00e7\u00f5es estrat\u00e9gicas ao longo do dia para pressionar o governo municipal e conquistar avan\u00e7os nas negocia\u00e7\u00f5es. MANH\u00c3 &#8211; PROTESTO EM FRENTE \u00c0&hellip;<\/p>\n","protected":false},"author":1,"featured_media":8062,"comment_status":"open","ping_status":"closed","sticky":false,"template":"","format":"standard","meta":{"_monsterinsights_skip_tracking":false,"_monsterinsights_sitenote_active":false,"_monsterinsights_sitenote_note":"","_monsterinsights_sitenote_category":0,"footnotes":""},"categories":[1],"tags":[],"class_list":["post-8059","post","type-post","status-publish","format-standard","has-post-thumbnail","hentry","category-sintramem-sintramem"],"yoast_head":"<!-- This site is optimized with the Yoast SEO plugin v27.0 - https:\/\/yoast.com\/product\/yoast-seo-wordpress\/ -->\n<title>9\u00ba DIA DE GREVE ser\u00e1 marcado com protestos em frente \u00e0 Prefeitura, audi\u00eancia de concilia\u00e7\u00e3o e assembleia na sede do Sindicato - SINTRAMEM<\/title>\n<meta name=\"robots\" content=\"index, follow, max-snippet:-1, max-image-preview:large, max-video-preview:-1\" \/>\n<link rel=\"canonical\" href=\"https:\/\/sintramem-sv.org.br\/sintramem\/9o-dia-de-greve-professores-e-trabalhadores-da-educacao\/\" \/>\n<meta property=\"og:locale\" content=\"pt_BR\" \/>\n<meta property=\"og:type\" content=\"article\" \/>\n<meta property=\"og:title\" content=\"9\u00ba DIA DE GREVE ser\u00e1 marcado com protestos em frente \u00e0 Prefeitura, audi\u00eancia de concilia\u00e7\u00e3o e assembleia na sede do Sindicato - SINTRAMEM\" \/>\n<meta property=\"og:description\" content=\"A mobiliza\u00e7\u00e3o dos Professores e Trabalhadores da Educa\u00e7\u00e3o entra em seu 9\u00ba dia de greve nesta ter\u00e7a-feira, 15 de abril, com uma programa\u00e7\u00e3o intensa de atividades. O movimento segue firme e organizado, com a\u00e7\u00f5es estrat\u00e9gicas ao longo do dia para pressionar o governo municipal e conquistar avan\u00e7os nas negocia\u00e7\u00f5es. MANH\u00c3 &#8211; PROTESTO EM FRENTE \u00c0&hellip;\" \/>\n<meta property=\"og:url\" content=\"https:\/\/sintramem-sv.org.br\/sintramem\/9o-dia-de-greve-professores-e-trabalhadores-da-educacao\/\" \/>\n<meta property=\"og:site_name\" content=\"SINTRAMEM\" \/>\n<meta property=\"article:published_time\" content=\"2025-04-14T21:29:12+00:00\" \/>\n<meta property=\"article:modified_time\" content=\"2025-04-14T21:47:35+00:00\" \/>\n<meta property=\"og:image\" content=\"https:\/\/sintramem-sv.org.br\/sintramem\/wp-content\/uploads\/2025\/04\/IMG-20250414-WA0050-1.jpg\" \/>\n\t<meta property=\"og:image:width\" content=\"500\" \/>\n\t<meta property=\"og:image:height\" content=\"278\" \/>\n\t<meta property=\"og:image:type\" content=\"image\/jpeg\" \/>\n<meta name=\"author\" content=\"sintramem\" \/>\n<meta name=\"twitter:card\" content=\"summary_large_image\" \/>\n<meta name=\"twitter:label1\" content=\"Escrito por\" \/>\n\t<meta name=\"twitter:data1\" content=\"sintramem\" \/>\n\t<meta name=\"twitter:label2\" content=\"Est. tempo de leitura\" \/>\n\t<meta name=\"twitter:data2\" content=\"2 minutos\" \/>\n<script type=\"application\/ld+json\" class=\"yoast-schema-graph\">{\"@context\":\"https:\/\/schema.org\",\"@graph\":[{\"@type\":\"Article\",\"@id\":\"https:\/\/sintramem-sv.org.br\/sintramem\/9o-dia-de-greve-professores-e-trabalhadores-da-educacao\/#article\",\"isPartOf\":{\"@id\":\"https:\/\/sintramem-sv.org.br\/sintramem\/9o-dia-de-greve-professores-e-trabalhadores-da-educacao\/\"},\"author\":{\"name\":\"sintramem\",\"@id\":\"https:\/\/sintramem-sv.org.br\/sintramem\/#\/schema\/person\/a8decb8ea63607d1e01e046c95ddcf2b\"},\"headline\":\"9\u00ba DIA DE GREVE ser\u00e1 marcado com protestos em frente \u00e0 Prefeitura, audi\u00eancia de concilia\u00e7\u00e3o e assembleia na sede do Sindicato\",\"datePublished\":\"2025-04-14T21:29:12+00:00\",\"dateModified\":\"2025-04-14T21:47:35+00:00\",\"mainEntityOfPage\":{\"@id\":\"https:\/\/sintramem-sv.org.br\/sintramem\/9o-dia-de-greve-professores-e-trabalhadores-da-educacao\/\"},\"wordCount\":278,\"commentCount\":0,\"publisher\":{\"@id\":\"https:\/\/sintramem-sv.org.br\/sintramem\/#organization\"},\"image\":{\"@id\":\"https:\/\/sintramem-sv.org.br\/sintramem\/9o-dia-de-greve-professores-e-trabalhadores-da-educacao\/#primaryimage\"},\"thumbnailUrl\":\"https:\/\/sintramem-sv.org.br\/sintramem\/wp-content\/uploads\/2025\/04\/IMG-20250414-WA0050.jpg\",\"articleSection\":[\"sintramem\"],\"inLanguage\":\"pt-BR\",\"potentialAction\":[{\"@type\":\"CommentAction\",\"name\":\"Comment\",\"target\":[\"https:\/\/sintramem-sv.org.br\/sintramem\/9o-dia-de-greve-professores-e-trabalhadores-da-educacao\/#respond\"]}]},{\"@type\":\"WebPage\",\"@id\":\"https:\/\/sintramem-sv.org.br\/sintramem\/9o-dia-de-greve-professores-e-trabalhadores-da-educacao\/\",\"url\":\"https:\/\/sintramem-sv.org.br\/sintramem\/9o-dia-de-greve-professores-e-trabalhadores-da-educacao\/\",\"name\":\"9\u00ba DIA DE GREVE ser\u00e1 marcado com protestos em frente \u00e0 Prefeitura, audi\u00eancia de concilia\u00e7\u00e3o e assembleia na sede do Sindicato - SINTRAMEM\",\"isPartOf\":{\"@id\":\"https:\/\/sintramem-sv.org.br\/sintramem\/#website\"},\"primaryImageOfPage\":{\"@id\":\"https:\/\/sintramem-sv.org.br\/sintramem\/9o-dia-de-greve-professores-e-trabalhadores-da-educacao\/#primaryimage\"},\"image\":{\"@id\":\"https:\/\/sintramem-sv.org.br\/sintramem\/9o-dia-de-greve-professores-e-trabalhadores-da-educacao\/#primaryimage\"},\"thumbnailUrl\":\"https:\/\/sintramem-sv.org.br\/sintramem\/wp-content\/uploads\/2025\/04\/IMG-20250414-WA0050.jpg\",\"datePublished\":\"2025-04-14T21:29:12+00:00\",\"dateModified\":\"2025-04-14T21:47:35+00:00\",\"breadcrumb\":{\"@id\":\"https:\/\/sintramem-sv.org.br\/sintramem\/9o-dia-de-greve-professores-e-trabalhadores-da-educacao\/#breadcrumb\"},\"inLanguage\":\"pt-BR\",\"potentialAction\":[{\"@type\":\"ReadAction\",\"target\":[\"https:\/\/sintramem-sv.org.br\/sintramem\/9o-dia-de-greve-professores-e-trabalhadores-da-educacao\/\"]}]},{\"@type\":\"ImageObject\",\"inLanguage\":\"pt-BR\",\"@id\":\"https:\/\/sintramem-sv.org.br\/sintramem\/9o-dia-de-greve-professores-e-trabalhadores-da-educacao\/#primaryimage\",\"url\":\"https:\/\/sintramem-sv.org.br\/sintramem\/wp-content\/uploads\/2025\/04\/IMG-20250414-WA0050.jpg\",\"contentUrl\":\"https:\/\/sintramem-sv.org.br\/sintramem\/wp-content\/uploads\/2025\/04\/IMG-20250414-WA0050.jpg\",\"width\":1213,\"height\":675},{\"@type\":\"BreadcrumbList\",\"@id\":\"https:\/\/sintramem-sv.org.br\/sintramem\/9o-dia-de-greve-professores-e-trabalhadores-da-educacao\/#breadcrumb\",\"itemListElement\":[{\"@type\":\"ListItem\",\"position\":1,\"name\":\"In\u00edcio\",\"item\":\"https:\/\/sintramem-sv.org.br\/sintramem\/\"},{\"@type\":\"ListItem\",\"position\":2,\"name\":\"9\u00ba DIA DE GREVE ser\u00e1 marcado com protestos em frente \u00e0 Prefeitura, audi\u00eancia de concilia\u00e7\u00e3o e assembleia na sede do Sindicato\"}]},{\"@type\":\"WebSite\",\"@id\":\"https:\/\/sintramem-sv.org.br\/sintramem\/#website\",\"url\":\"https:\/\/sintramem-sv.org.br\/sintramem\/\",\"name\":\"SINTRAMEM\",\"description\":\"Sindicato dos Trabalhadores no Magist\u00e9rio e na Educa\u00e7\u00e3o de S\u00e3o Vicente\",\"publisher\":{\"@id\":\"https:\/\/sintramem-sv.org.br\/sintramem\/#organization\"},\"potentialAction\":[{\"@type\":\"SearchAction\",\"target\":{\"@type\":\"EntryPoint\",\"urlTemplate\":\"https:\/\/sintramem-sv.org.br\/sintramem\/?s={search_term_string}\"},\"query-input\":{\"@type\":\"PropertyValueSpecification\",\"valueRequired\":true,\"valueName\":\"search_term_string\"}}],\"inLanguage\":\"pt-BR\"},{\"@type\":\"Organization\",\"@id\":\"https:\/\/sintramem-sv.org.br\/sintramem\/#organization\",\"name\":\"SINTRAMEM\",\"url\":\"https:\/\/sintramem-sv.org.br\/sintramem\/\",\"logo\":{\"@type\":\"ImageObject\",\"inLanguage\":\"pt-BR\",\"@id\":\"https:\/\/sintramem-sv.org.br\/sintramem\/#\/schema\/logo\/image\/\",\"url\":\"https:\/\/sintramem-sv.org.br\/sintramem\/wp-content\/uploads\/2017\/02\/SINTRAMEM-LOGO-OFICIAL-300x100-jpg.jpg\",\"contentUrl\":\"https:\/\/sintramem-sv.org.br\/sintramem\/wp-content\/uploads\/2017\/02\/SINTRAMEM-LOGO-OFICIAL-300x100-jpg.jpg\",\"width\":150,\"height\":150,\"caption\":\"SINTRAMEM\"},\"image\":{\"@id\":\"https:\/\/sintramem-sv.org.br\/sintramem\/#\/schema\/logo\/image\/\"}},{\"@type\":\"Person\",\"@id\":\"https:\/\/sintramem-sv.org.br\/sintramem\/#\/schema\/person\/a8decb8ea63607d1e01e046c95ddcf2b\",\"name\":\"sintramem\",\"image\":{\"@type\":\"ImageObject\",\"inLanguage\":\"pt-BR\",\"@id\":\"https:\/\/sintramem-sv.org.br\/sintramem\/#\/schema\/person\/image\/\",\"url\":\"https:\/\/secure.gravatar.com\/avatar\/8e06da3b0d4f051010117c848b52b9280a4228043717057ccccccc8b20ff8f48?s=96&d=mm&r=g\",\"contentUrl\":\"https:\/\/secure.gravatar.com\/avatar\/8e06da3b0d4f051010117c848b52b9280a4228043717057ccccccc8b20ff8f48?s=96&d=mm&r=g\",\"caption\":\"sintramem\"},\"description\":\"Sindicato dos Trabalhadores no Magist\u00e9rio e na Educa\u00e7\u00e3o Municipal de S\u00e3o Vicente\",\"url\":\"https:\/\/sintramem-sv.org.br\/sintramem\/author\/sindsv\/\"}]}<\/script>\n<!-- \/ Yoast SEO plugin. -->","yoast_head_json":{"title":"9\u00ba DIA DE GREVE ser\u00e1 marcado com protestos em frente \u00e0 Prefeitura, audi\u00eancia de concilia\u00e7\u00e3o e assembleia na sede do Sindicato - SINTRAMEM","robots":{"index":"index","follow":"follow","max-snippet":"max-snippet:-1","max-image-preview":"max-image-preview:large","max-video-preview":"max-video-preview:-1"},"canonical":"https:\/\/sintramem-sv.org.br\/sintramem\/9o-dia-de-greve-professores-e-trabalhadores-da-educacao\/","og_locale":"pt_BR","og_type":"article","og_title":"9\u00ba DIA DE GREVE ser\u00e1 marcado com protestos em frente \u00e0 Prefeitura, audi\u00eancia de concilia\u00e7\u00e3o e assembleia na sede do Sindicato - SINTRAMEM","og_description":"A mobiliza\u00e7\u00e3o dos Professores e Trabalhadores da Educa\u00e7\u00e3o entra em seu 9\u00ba dia de greve nesta ter\u00e7a-feira, 15 de abril, com uma programa\u00e7\u00e3o intensa de atividades. O movimento segue firme e organizado, com a\u00e7\u00f5es estrat\u00e9gicas ao longo do dia para pressionar o governo municipal e conquistar avan\u00e7os nas negocia\u00e7\u00f5es. MANH\u00c3 &#8211; PROTESTO EM FRENTE \u00c0&hellip;","og_url":"https:\/\/sintramem-sv.org.br\/sintramem\/9o-dia-de-greve-professores-e-trabalhadores-da-educacao\/","og_site_name":"SINTRAMEM","article_published_time":"2025-04-14T21:29:12+00:00","article_modified_time":"2025-04-14T21:47:35+00:00","og_image":[{"width":500,"height":278,"url":"https:\/\/sintramem-sv.org.br\/sintramem\/wp-content\/uploads\/2025\/04\/IMG-20250414-WA0050-1.jpg","type":"image\/jpeg"}],"author":"sintramem","twitter_card":"summary_large_image","twitter_misc":{"Escrito por":"sintramem","Est. tempo de leitura":"2 minutos"},"schema":{"@context":"https:\/\/schema.org","@graph":[{"@type":"Article","@id":"https:\/\/sintramem-sv.org.br\/sintramem\/9o-dia-de-greve-professores-e-trabalhadores-da-educacao\/#article","isPartOf":{"@id":"https:\/\/sintramem-sv.org.br\/sintramem\/9o-dia-de-greve-professores-e-trabalhadores-da-educacao\/"},"author":{"name":"sintramem","@id":"https:\/\/sintramem-sv.org.br\/sintramem\/#\/schema\/person\/a8decb8ea63607d1e01e046c95ddcf2b"},"headline":"9\u00ba DIA DE GREVE ser\u00e1 marcado com protestos em frente \u00e0 Prefeitura, audi\u00eancia de concilia\u00e7\u00e3o e assembleia na sede do Sindicato","datePublished":"2025-04-14T21:29:12+00:00","dateModified":"2025-04-14T21:47:35+00:00","mainEntityOfPage":{"@id":"https:\/\/sintramem-sv.org.br\/sintramem\/9o-dia-de-greve-professores-e-trabalhadores-da-educacao\/"},"wordCount":278,"commentCount":0,"publisher":{"@id":"https:\/\/sintramem-sv.org.br\/sintramem\/#organization"},"image":{"@id":"https:\/\/sintramem-sv.org.br\/sintramem\/9o-dia-de-greve-professores-e-trabalhadores-da-educacao\/#primaryimage"},"thumbnailUrl":"https:\/\/sintramem-sv.org.br\/sintramem\/wp-content\/uploads\/2025\/04\/IMG-20250414-WA0050.jpg","articleSection":["sintramem"],"inLanguage":"pt-BR","potentialAction":[{"@type":"CommentAction","name":"Comment","target":["https:\/\/sintramem-sv.org.br\/sintramem\/9o-dia-de-greve-professores-e-trabalhadores-da-educacao\/#respond"]}]},{"@type":"WebPage","@id":"https:\/\/sintramem-sv.org.br\/sintramem\/9o-dia-de-greve-professores-e-trabalhadores-da-educacao\/","url":"https:\/\/sintramem-sv.org.br\/sintramem\/9o-dia-de-greve-professores-e-trabalhadores-da-educacao\/","name":"9\u00ba DIA DE GREVE ser\u00e1 marcado com protestos em frente \u00e0 Prefeitura, audi\u00eancia de concilia\u00e7\u00e3o e assembleia na sede do Sindicato - SINTRAMEM","isPartOf":{"@id":"https:\/\/sintramem-sv.org.br\/sintramem\/#website"},"primaryImageOfPage":{"@id":"https:\/\/sintramem-sv.org.br\/sintramem\/9o-dia-de-greve-professores-e-trabalhadores-da-educacao\/#primaryimage"},"image":{"@id":"https:\/\/sintramem-sv.org.br\/sintramem\/9o-dia-de-greve-professores-e-trabalhadores-da-educacao\/#primaryimage"},"thumbnailUrl":"https:\/\/sintramem-sv.org.br\/sintramem\/wp-content\/uploads\/2025\/04\/IMG-20250414-WA0050.jpg","datePublished":"2025-04-14T21:29:12+00:00","dateModified":"2025-04-14T21:47:35+00:00","breadcrumb":{"@id":"https:\/\/sintramem-sv.org.br\/sintramem\/9o-dia-de-greve-professores-e-trabalhadores-da-educacao\/#breadcrumb"},"inLanguage":"pt-BR","potentialAction":[{"@type":"ReadAction","target":["https:\/\/sintramem-sv.org.br\/sintramem\/9o-dia-de-greve-professores-e-trabalhadores-da-educacao\/"]}]},{"@type":"ImageObject","inLanguage":"pt-BR","@id":"https:\/\/sintramem-sv.org.br\/sintramem\/9o-dia-de-greve-professores-e-trabalhadores-da-educacao\/#primaryimage","url":"https:\/\/sintramem-sv.org.br\/sintramem\/wp-content\/uploads\/2025\/04\/IMG-20250414-WA0050.jpg","contentUrl":"https:\/\/sintramem-sv.org.br\/sintramem\/wp-content\/uploads\/2025\/04\/IMG-20250414-WA0050.jpg","width":1213,"height":675},{"@type":"BreadcrumbList","@id":"https:\/\/sintramem-sv.org.br\/sintramem\/9o-dia-de-greve-professores-e-trabalhadores-da-educacao\/#breadcrumb","itemListElement":[{"@type":"ListItem","position":1,"name":"In\u00edcio","item":"https:\/\/sintramem-sv.org.br\/sintramem\/"},{"@type":"ListItem","position":2,"name":"9\u00ba DIA DE GREVE ser\u00e1 marcado com protestos em frente \u00e0 Prefeitura, audi\u00eancia de concilia\u00e7\u00e3o e assembleia na sede do Sindicato"}]},{"@type":"WebSite","@id":"https:\/\/sintramem-sv.org.br\/sintramem\/#website","url":"https:\/\/sintramem-sv.org.br\/sintramem\/","name":"SINTRAMEM","description":"Sindicato dos Trabalhadores no Magist\u00e9rio e na Educa\u00e7\u00e3o de S\u00e3o Vicente","publisher":{"@id":"https:\/\/sintramem-sv.org.br\/sintramem\/#organization"},"potentialAction":[{"@type":"SearchAction","target":{"@type":"EntryPoint","urlTemplate":"https:\/\/sintramem-sv.org.br\/sintramem\/?s={search_term_string}"},"query-input":{"@type":"PropertyValueSpecification","valueRequired":true,"valueName":"search_term_string"}}],"inLanguage":"pt-BR"},{"@type":"Organization","@id":"https:\/\/sintramem-sv.org.br\/sintramem\/#organization","name":"SINTRAMEM","url":"https:\/\/sintramem-sv.org.br\/sintramem\/","logo":{"@type":"ImageObject","inLanguage":"pt-BR","@id":"https:\/\/sintramem-sv.org.br\/sintramem\/#\/schema\/logo\/image\/","url":"https:\/\/sintramem-sv.org.br\/sintramem\/wp-content\/uploads\/2017\/02\/SINTRAMEM-LOGO-OFICIAL-300x100-jpg.jpg","contentUrl":"https:\/\/sintramem-sv.org.br\/sintramem\/wp-content\/uploads\/2017\/02\/SINTRAMEM-LOGO-OFICIAL-300x100-jpg.jpg","width":150,"height":150,"caption":"SINTRAMEM"},"image":{"@id":"https:\/\/sintramem-sv.org.br\/sintramem\/#\/schema\/logo\/image\/"}},{"@type":"Person","@id":"https:\/\/sintramem-sv.org.br\/sintramem\/#\/schema\/person\/a8decb8ea63607d1e01e046c95ddcf2b","name":"sintramem","image":{"@type":"ImageObject","inLanguage":"pt-BR","@id":"https:\/\/sintramem-sv.org.br\/sintramem\/#\/schema\/person\/image\/","url":"https:\/\/secure.gravatar.com\/avatar\/8e06da3b0d4f051010117c848b52b9280a4228043717057ccccccc8b20ff8f48?s=96&d=mm&r=g","contentUrl":"https:\/\/secure.gravatar.com\/avatar\/8e06da3b0d4f051010117c848b52b9280a4228043717057ccccccc8b20ff8f48?s=96&d=mm&r=g","caption":"sintramem"},"description":"Sindicato dos Trabalhadores no Magist\u00e9rio e na Educa\u00e7\u00e3o Municipal de S\u00e3o Vicente","url":"https:\/\/sintramem-sv.org.br\/sintramem\/author\/sindsv\/"}]}},"_links":{"self":[{"href":"https:\/\/sintramem-sv.org.br\/sintramem\/wp-json\/wp\/v2\/posts\/8059","targetHints":{"allow":["GET"]}}],"collection":[{"href":"https:\/\/sintramem-sv.org.br\/sintramem\/wp-json\/wp\/v2\/posts"}],"about":[{"href":"https:\/\/sintramem-sv.org.br\/sintramem\/wp-json\/wp\/v2\/types\/post"}],"author":[{"embeddable":true,"href":"https:\/\/sintramem-sv.org.br\/sintramem\/wp-json\/wp\/v2\/users\/1"}],"replies":[{"embeddable":true,"href":"https:\/\/sintramem-sv.org.br\/sintramem\/wp-json\/wp\/v2\/comments?post=8059"}],"version-history":[{"count":6,"href":"https:\/\/sintramem-sv.org.br\/sintramem\/wp-json\/wp\/v2\/posts\/8059\/revisions"}],"predecessor-version":[{"id":8068,"href":"https:\/\/sintramem-sv.org.br\/sintramem\/wp-json\/wp\/v2\/posts\/8059\/revisions\/8068"}],"wp:featuredmedia":[{"embeddable":true,"href":"https:\/\/sintramem-sv.org.br\/sintramem\/wp-json\/wp\/v2\/media\/8062"}],"wp:attachment":[{"href":"https:\/\/sintramem-sv.org.br\/sintramem\/wp-json\/wp\/v2\/media?parent=8059"}],"wp:term":[{"taxonomy":"category","embeddable":true,"href":"https:\/\/sintramem-sv.org.br\/sintramem\/wp-json\/wp\/v2\/categories?post=8059"},{"taxonomy":"post_tag","embeddable":true,"href":"https:\/\/sintramem-sv.org.br\/sintramem\/wp-json\/wp\/v2\/tags?post=8059"}],"curies":[{"name":"wp","href":"https:\/\/api.w.org\/{rel}","templated":true}]}}