{"id":6922,"date":"2023-05-26T15:59:58","date_gmt":"2023-05-26T15:59:58","guid":{"rendered":"http:\/\/sintramem-sv.org.br\/sintramem\/?p=6922"},"modified":"2023-05-26T15:59:59","modified_gmt":"2023-05-26T15:59:59","slug":"de-29-05-a-02-06-2023-estarao-abertas-as-inscricoes-para-a-eleicao-do-conselho-de-representantes-sintramem-2023","status":"publish","type":"post","link":"https:\/\/sintramem-sv.org.br\/sintramem\/de-29-05-a-02-06-2023-estarao-abertas-as-inscricoes-para-a-eleicao-do-conselho-de-representantes-sintramem-2023\/","title":{"rendered":"De 29\/05 \u00e0 02\/06\/2023 estar\u00e3o abertas as Inscri\u00e7\u00f5es para a Elei\u00e7\u00e3o do Conselho de Representantes SINTRAMEM 2023"},"content":{"rendered":"\n<div class=\"xdj266r x11i5rnm xat24cr x1mh8g0r x1vvkbs x126k92a\">\n<div dir=\"auto\"><span class=\"x3nfvp2 x1j61x8r x1fcty0u xdj266r xhhsvwb xat24cr xgzva0m xxymvpz xlup9mm x1kky2od\"><img loading=\"lazy\" decoding=\"async\" src=\"https:\/\/static.xx.fbcdn.net\/images\/emoji.php\/v9\/t92\/1.5\/16\/1f4e2.png\" alt=\"&#x1f4e2;\" width=\"16\" height=\"16\" \/><\/span> Aten\u00e7\u00e3o Trabalhadores no Magist\u00e9rio e na Educa\u00e7\u00e3o Municipal de S\u00e3o Vicente <span class=\"x3nfvp2 x1j61x8r x1fcty0u xdj266r xhhsvwb xat24cr xgzva0m xxymvpz xlup9mm x1kky2od\"><img loading=\"lazy\" decoding=\"async\" src=\"https:\/\/static.xx.fbcdn.net\/images\/emoji.php\/v9\/t92\/1.5\/16\/1f4e2.png\" alt=\"&#x1f4e2;\" width=\"16\" height=\"16\" \/><br \/><br \/><\/span><\/div>\n<\/div>\n<div class=\"x11i5rnm xat24cr x1mh8g0r x1vvkbs xtlvy1s x126k92a\">\n<div dir=\"auto\">De 29\/05 \u00e0 02\/06\/2023 estar\u00e3o abertas as Inscri\u00e7\u00f5es para a Elei\u00e7\u00e3o do Conselho de Representantes SINTRAMEM 2023.<br \/><br \/><\/div>\n<\/div>\n<div class=\"x11i5rnm xat24cr x1mh8g0r x1vvkbs xtlvy1s x126k92a\">\n<div dir=\"auto\">Os interessados em participar devem preencher a ficha de inscri\u00e7\u00e3o que ser\u00e1 disponibilizada via formul\u00e1rio Google.<br \/><br \/><\/div>\n<\/div>\n<div class=\"x11i5rnm xat24cr x1mh8g0r x1vvkbs xtlvy1s x126k92a\">\n<div dir=\"auto\"><strong>#Participe<\/strong>\u00a0<strong>#VemParaOSintramem #Elei\u00e7\u00f5esConselhodeRepresentantes<\/strong><\/div>\n<div dir=\"auto\">\u00a0<\/div>\n<div dir=\"auto\"><img loading=\"lazy\" decoding=\"async\" class=\"aligncenter size-full wp-image-6923\" src=\"https:\/\/sintramem-sv.org.br\/sintramem\/wp-content\/uploads\/2023\/05\/348864472_616164350226942_4044421625760752475_n.jpg\" alt=\"\" width=\"843\" height=\"843\" srcset=\"https:\/\/sintramem-sv.org.br\/sintramem\/wp-content\/uploads\/2023\/05\/348864472_616164350226942_4044421625760752475_n.jpg 843w, https:\/\/sintramem-sv.org.br\/sintramem\/wp-content\/uploads\/2023\/05\/348864472_616164350226942_4044421625760752475_n-300x300.jpg 300w, https:\/\/sintramem-sv.org.br\/sintramem\/wp-content\/uploads\/2023\/05\/348864472_616164350226942_4044421625760752475_n-150x150.jpg 150w, https:\/\/sintramem-sv.org.br\/sintramem\/wp-content\/uploads\/2023\/05\/348864472_616164350226942_4044421625760752475_n-768x768.jpg 768w\" sizes=\"auto, (max-width: 843px) 100vw, 843px\" \/><\/div>\n<\/div>\n","protected":false},"excerpt":{"rendered":"<p>Aten\u00e7\u00e3o Trabalhadores no Magist\u00e9rio e na Educa\u00e7\u00e3o Municipal de S\u00e3o Vicente De 29\/05 \u00e0 02\/06\/2023 estar\u00e3o abertas as Inscri\u00e7\u00f5es para a Elei\u00e7\u00e3o do Conselho de Representantes SINTRAMEM 2023. Os interessados em participar devem preencher a ficha de inscri\u00e7\u00e3o que ser\u00e1 disponibilizada via formul\u00e1rio Google. #Participe\u00a0#VemParaOSintramem #Elei\u00e7\u00f5esConselhodeRepresentantes \u00a0<\/p>\n","protected":false},"author":1,"featured_media":0,"comment_status":"open","ping_status":"closed","sticky":false,"template":"","format":"standard","meta":{"_monsterinsights_skip_tracking":false,"_monsterinsights_sitenote_active":false,"_monsterinsights_sitenote_note":"","_monsterinsights_sitenote_category":0,"footnotes":""},"categories":[1],"tags":[],"class_list":["post-6922","post","type-post","status-publish","format-standard","hentry","category-sintramem-sintramem"],"yoast_head":"<!-- This site is optimized with the Yoast SEO plugin v27.0 - https:\/\/yoast.com\/product\/yoast-seo-wordpress\/ -->\n<title>De 29\/05 \u00e0 02\/06\/2023 estar\u00e3o abertas as Inscri\u00e7\u00f5es para a Elei\u00e7\u00e3o do Conselho de Representantes SINTRAMEM 2023 - SINTRAMEM<\/title>\n<meta name=\"robots\" content=\"index, follow, max-snippet:-1, max-image-preview:large, max-video-preview:-1\" \/>\n<link rel=\"canonical\" href=\"https:\/\/sintramem-sv.org.br\/sintramem\/de-29-05-a-02-06-2023-estarao-abertas-as-inscricoes-para-a-eleicao-do-conselho-de-representantes-sintramem-2023\/\" \/>\n<meta property=\"og:locale\" content=\"pt_BR\" \/>\n<meta property=\"og:type\" content=\"article\" \/>\n<meta property=\"og:title\" content=\"De 29\/05 \u00e0 02\/06\/2023 estar\u00e3o abertas as Inscri\u00e7\u00f5es para a Elei\u00e7\u00e3o do Conselho de Representantes SINTRAMEM 2023 - SINTRAMEM\" \/>\n<meta property=\"og:description\" content=\"Aten\u00e7\u00e3o Trabalhadores no Magist\u00e9rio e na Educa\u00e7\u00e3o Municipal de S\u00e3o Vicente De 29\/05 \u00e0 02\/06\/2023 estar\u00e3o abertas as Inscri\u00e7\u00f5es para a Elei\u00e7\u00e3o do Conselho de Representantes SINTRAMEM 2023. Os interessados em participar devem preencher a ficha de inscri\u00e7\u00e3o que ser\u00e1 disponibilizada via formul\u00e1rio Google. #Participe\u00a0#VemParaOSintramem #Elei\u00e7\u00f5esConselhodeRepresentantes \u00a0\" \/>\n<meta property=\"og:url\" content=\"https:\/\/sintramem-sv.org.br\/sintramem\/de-29-05-a-02-06-2023-estarao-abertas-as-inscricoes-para-a-eleicao-do-conselho-de-representantes-sintramem-2023\/\" \/>\n<meta property=\"og:site_name\" content=\"SINTRAMEM\" \/>\n<meta property=\"article:published_time\" content=\"2023-05-26T15:59:58+00:00\" \/>\n<meta property=\"article:modified_time\" content=\"2023-05-26T15:59:59+00:00\" \/>\n<meta property=\"og:image\" content=\"https:\/\/static.xx.fbcdn.net\/images\/emoji.php\/v9\/t92\/1.5\/16\/1f4e2.png\" \/>\n<meta name=\"author\" content=\"sintramem\" \/>\n<meta name=\"twitter:card\" content=\"summary_large_image\" \/>\n<meta name=\"twitter:label1\" content=\"Escrito por\" \/>\n\t<meta name=\"twitter:data1\" content=\"sintramem\" \/>\n<script type=\"application\/ld+json\" class=\"yoast-schema-graph\">{\"@context\":\"https:\/\/schema.org\",\"@graph\":[{\"@type\":\"Article\",\"@id\":\"https:\/\/sintramem-sv.org.br\/sintramem\/de-29-05-a-02-06-2023-estarao-abertas-as-inscricoes-para-a-eleicao-do-conselho-de-representantes-sintramem-2023\/#article\",\"isPartOf\":{\"@id\":\"https:\/\/sintramem-sv.org.br\/sintramem\/de-29-05-a-02-06-2023-estarao-abertas-as-inscricoes-para-a-eleicao-do-conselho-de-representantes-sintramem-2023\/\"},\"author\":{\"name\":\"sintramem\",\"@id\":\"https:\/\/sintramem-sv.org.br\/sintramem\/#\/schema\/person\/a8decb8ea63607d1e01e046c95ddcf2b\"},\"headline\":\"De 29\/05 \u00e0 02\/06\/2023 estar\u00e3o abertas as Inscri\u00e7\u00f5es para a Elei\u00e7\u00e3o do Conselho de Representantes SINTRAMEM 2023\",\"datePublished\":\"2023-05-26T15:59:58+00:00\",\"dateModified\":\"2023-05-26T15:59:59+00:00\",\"mainEntityOfPage\":{\"@id\":\"https:\/\/sintramem-sv.org.br\/sintramem\/de-29-05-a-02-06-2023-estarao-abertas-as-inscricoes-para-a-eleicao-do-conselho-de-representantes-sintramem-2023\/\"},\"wordCount\":69,\"commentCount\":0,\"publisher\":{\"@id\":\"https:\/\/sintramem-sv.org.br\/sintramem\/#organization\"},\"image\":{\"@id\":\"https:\/\/sintramem-sv.org.br\/sintramem\/de-29-05-a-02-06-2023-estarao-abertas-as-inscricoes-para-a-eleicao-do-conselho-de-representantes-sintramem-2023\/#primaryimage\"},\"thumbnailUrl\":\"https:\/\/static.xx.fbcdn.net\/images\/emoji.php\/v9\/t92\/1.5\/16\/1f4e2.png\",\"articleSection\":[\"sintramem\"],\"inLanguage\":\"pt-BR\",\"potentialAction\":[{\"@type\":\"CommentAction\",\"name\":\"Comment\",\"target\":[\"https:\/\/sintramem-sv.org.br\/sintramem\/de-29-05-a-02-06-2023-estarao-abertas-as-inscricoes-para-a-eleicao-do-conselho-de-representantes-sintramem-2023\/#respond\"]}]},{\"@type\":\"WebPage\",\"@id\":\"https:\/\/sintramem-sv.org.br\/sintramem\/de-29-05-a-02-06-2023-estarao-abertas-as-inscricoes-para-a-eleicao-do-conselho-de-representantes-sintramem-2023\/\",\"url\":\"https:\/\/sintramem-sv.org.br\/sintramem\/de-29-05-a-02-06-2023-estarao-abertas-as-inscricoes-para-a-eleicao-do-conselho-de-representantes-sintramem-2023\/\",\"name\":\"De 29\/05 \u00e0 02\/06\/2023 estar\u00e3o abertas as Inscri\u00e7\u00f5es para a Elei\u00e7\u00e3o do Conselho de Representantes SINTRAMEM 2023 - SINTRAMEM\",\"isPartOf\":{\"@id\":\"https:\/\/sintramem-sv.org.br\/sintramem\/#website\"},\"primaryImageOfPage\":{\"@id\":\"https:\/\/sintramem-sv.org.br\/sintramem\/de-29-05-a-02-06-2023-estarao-abertas-as-inscricoes-para-a-eleicao-do-conselho-de-representantes-sintramem-2023\/#primaryimage\"},\"image\":{\"@id\":\"https:\/\/sintramem-sv.org.br\/sintramem\/de-29-05-a-02-06-2023-estarao-abertas-as-inscricoes-para-a-eleicao-do-conselho-de-representantes-sintramem-2023\/#primaryimage\"},\"thumbnailUrl\":\"https:\/\/static.xx.fbcdn.net\/images\/emoji.php\/v9\/t92\/1.5\/16\/1f4e2.png\",\"datePublished\":\"2023-05-26T15:59:58+00:00\",\"dateModified\":\"2023-05-26T15:59:59+00:00\",\"breadcrumb\":{\"@id\":\"https:\/\/sintramem-sv.org.br\/sintramem\/de-29-05-a-02-06-2023-estarao-abertas-as-inscricoes-para-a-eleicao-do-conselho-de-representantes-sintramem-2023\/#breadcrumb\"},\"inLanguage\":\"pt-BR\",\"potentialAction\":[{\"@type\":\"ReadAction\",\"target\":[\"https:\/\/sintramem-sv.org.br\/sintramem\/de-29-05-a-02-06-2023-estarao-abertas-as-inscricoes-para-a-eleicao-do-conselho-de-representantes-sintramem-2023\/\"]}]},{\"@type\":\"ImageObject\",\"inLanguage\":\"pt-BR\",\"@id\":\"https:\/\/sintramem-sv.org.br\/sintramem\/de-29-05-a-02-06-2023-estarao-abertas-as-inscricoes-para-a-eleicao-do-conselho-de-representantes-sintramem-2023\/#primaryimage\",\"url\":\"https:\/\/static.xx.fbcdn.net\/images\/emoji.php\/v9\/t92\/1.5\/16\/1f4e2.png\",\"contentUrl\":\"https:\/\/static.xx.fbcdn.net\/images\/emoji.php\/v9\/t92\/1.5\/16\/1f4e2.png\"},{\"@type\":\"BreadcrumbList\",\"@id\":\"https:\/\/sintramem-sv.org.br\/sintramem\/de-29-05-a-02-06-2023-estarao-abertas-as-inscricoes-para-a-eleicao-do-conselho-de-representantes-sintramem-2023\/#breadcrumb\",\"itemListElement\":[{\"@type\":\"ListItem\",\"position\":1,\"name\":\"In\u00edcio\",\"item\":\"https:\/\/sintramem-sv.org.br\/sintramem\/\"},{\"@type\":\"ListItem\",\"position\":2,\"name\":\"De 29\/05 \u00e0 02\/06\/2023 estar\u00e3o abertas as Inscri\u00e7\u00f5es para a Elei\u00e7\u00e3o do Conselho de Representantes SINTRAMEM 2023\"}]},{\"@type\":\"WebSite\",\"@id\":\"https:\/\/sintramem-sv.org.br\/sintramem\/#website\",\"url\":\"https:\/\/sintramem-sv.org.br\/sintramem\/\",\"name\":\"SINTRAMEM\",\"description\":\"Sindicato dos Trabalhadores no Magist\u00e9rio e na Educa\u00e7\u00e3o de S\u00e3o Vicente\",\"publisher\":{\"@id\":\"https:\/\/sintramem-sv.org.br\/sintramem\/#organization\"},\"potentialAction\":[{\"@type\":\"SearchAction\",\"target\":{\"@type\":\"EntryPoint\",\"urlTemplate\":\"https:\/\/sintramem-sv.org.br\/sintramem\/?s={search_term_string}\"},\"query-input\":{\"@type\":\"PropertyValueSpecification\",\"valueRequired\":true,\"valueName\":\"search_term_string\"}}],\"inLanguage\":\"pt-BR\"},{\"@type\":\"Organization\",\"@id\":\"https:\/\/sintramem-sv.org.br\/sintramem\/#organization\",\"name\":\"SINTRAMEM\",\"url\":\"https:\/\/sintramem-sv.org.br\/sintramem\/\",\"logo\":{\"@type\":\"ImageObject\",\"inLanguage\":\"pt-BR\",\"@id\":\"https:\/\/sintramem-sv.org.br\/sintramem\/#\/schema\/logo\/image\/\",\"url\":\"https:\/\/sintramem-sv.org.br\/sintramem\/wp-content\/uploads\/2017\/02\/SINTRAMEM-LOGO-OFICIAL-300x100-jpg.jpg\",\"contentUrl\":\"https:\/\/sintramem-sv.org.br\/sintramem\/wp-content\/uploads\/2017\/02\/SINTRAMEM-LOGO-OFICIAL-300x100-jpg.jpg\",\"width\":150,\"height\":150,\"caption\":\"SINTRAMEM\"},\"image\":{\"@id\":\"https:\/\/sintramem-sv.org.br\/sintramem\/#\/schema\/logo\/image\/\"}},{\"@type\":\"Person\",\"@id\":\"https:\/\/sintramem-sv.org.br\/sintramem\/#\/schema\/person\/a8decb8ea63607d1e01e046c95ddcf2b\",\"name\":\"sintramem\",\"image\":{\"@type\":\"ImageObject\",\"inLanguage\":\"pt-BR\",\"@id\":\"https:\/\/sintramem-sv.org.br\/sintramem\/#\/schema\/person\/image\/\",\"url\":\"https:\/\/secure.gravatar.com\/avatar\/8e06da3b0d4f051010117c848b52b9280a4228043717057ccccccc8b20ff8f48?s=96&d=mm&r=g\",\"contentUrl\":\"https:\/\/secure.gravatar.com\/avatar\/8e06da3b0d4f051010117c848b52b9280a4228043717057ccccccc8b20ff8f48?s=96&d=mm&r=g\",\"caption\":\"sintramem\"},\"description\":\"Sindicato dos Trabalhadores no Magist\u00e9rio e na Educa\u00e7\u00e3o Municipal de S\u00e3o Vicente\",\"url\":\"https:\/\/sintramem-sv.org.br\/sintramem\/author\/sindsv\/\"}]}<\/script>\n<!-- \/ Yoast SEO plugin. -->","yoast_head_json":{"title":"De 29\/05 \u00e0 02\/06\/2023 estar\u00e3o abertas as Inscri\u00e7\u00f5es para a Elei\u00e7\u00e3o do Conselho de Representantes SINTRAMEM 2023 - SINTRAMEM","robots":{"index":"index","follow":"follow","max-snippet":"max-snippet:-1","max-image-preview":"max-image-preview:large","max-video-preview":"max-video-preview:-1"},"canonical":"https:\/\/sintramem-sv.org.br\/sintramem\/de-29-05-a-02-06-2023-estarao-abertas-as-inscricoes-para-a-eleicao-do-conselho-de-representantes-sintramem-2023\/","og_locale":"pt_BR","og_type":"article","og_title":"De 29\/05 \u00e0 02\/06\/2023 estar\u00e3o abertas as Inscri\u00e7\u00f5es para a Elei\u00e7\u00e3o do Conselho de Representantes SINTRAMEM 2023 - SINTRAMEM","og_description":"Aten\u00e7\u00e3o Trabalhadores no Magist\u00e9rio e na Educa\u00e7\u00e3o Municipal de S\u00e3o Vicente De 29\/05 \u00e0 02\/06\/2023 estar\u00e3o abertas as Inscri\u00e7\u00f5es para a Elei\u00e7\u00e3o do Conselho de Representantes SINTRAMEM 2023. Os interessados em participar devem preencher a ficha de inscri\u00e7\u00e3o que ser\u00e1 disponibilizada via formul\u00e1rio Google. #Participe\u00a0#VemParaOSintramem #Elei\u00e7\u00f5esConselhodeRepresentantes \u00a0","og_url":"https:\/\/sintramem-sv.org.br\/sintramem\/de-29-05-a-02-06-2023-estarao-abertas-as-inscricoes-para-a-eleicao-do-conselho-de-representantes-sintramem-2023\/","og_site_name":"SINTRAMEM","article_published_time":"2023-05-26T15:59:58+00:00","article_modified_time":"2023-05-26T15:59:59+00:00","og_image":[{"url":"https:\/\/static.xx.fbcdn.net\/images\/emoji.php\/v9\/t92\/1.5\/16\/1f4e2.png","type":"","width":"","height":""}],"author":"sintramem","twitter_card":"summary_large_image","twitter_misc":{"Escrito por":"sintramem"},"schema":{"@context":"https:\/\/schema.org","@graph":[{"@type":"Article","@id":"https:\/\/sintramem-sv.org.br\/sintramem\/de-29-05-a-02-06-2023-estarao-abertas-as-inscricoes-para-a-eleicao-do-conselho-de-representantes-sintramem-2023\/#article","isPartOf":{"@id":"https:\/\/sintramem-sv.org.br\/sintramem\/de-29-05-a-02-06-2023-estarao-abertas-as-inscricoes-para-a-eleicao-do-conselho-de-representantes-sintramem-2023\/"},"author":{"name":"sintramem","@id":"https:\/\/sintramem-sv.org.br\/sintramem\/#\/schema\/person\/a8decb8ea63607d1e01e046c95ddcf2b"},"headline":"De 29\/05 \u00e0 02\/06\/2023 estar\u00e3o abertas as Inscri\u00e7\u00f5es para a Elei\u00e7\u00e3o do Conselho de Representantes SINTRAMEM 2023","datePublished":"2023-05-26T15:59:58+00:00","dateModified":"2023-05-26T15:59:59+00:00","mainEntityOfPage":{"@id":"https:\/\/sintramem-sv.org.br\/sintramem\/de-29-05-a-02-06-2023-estarao-abertas-as-inscricoes-para-a-eleicao-do-conselho-de-representantes-sintramem-2023\/"},"wordCount":69,"commentCount":0,"publisher":{"@id":"https:\/\/sintramem-sv.org.br\/sintramem\/#organization"},"image":{"@id":"https:\/\/sintramem-sv.org.br\/sintramem\/de-29-05-a-02-06-2023-estarao-abertas-as-inscricoes-para-a-eleicao-do-conselho-de-representantes-sintramem-2023\/#primaryimage"},"thumbnailUrl":"https:\/\/static.xx.fbcdn.net\/images\/emoji.php\/v9\/t92\/1.5\/16\/1f4e2.png","articleSection":["sintramem"],"inLanguage":"pt-BR","potentialAction":[{"@type":"CommentAction","name":"Comment","target":["https:\/\/sintramem-sv.org.br\/sintramem\/de-29-05-a-02-06-2023-estarao-abertas-as-inscricoes-para-a-eleicao-do-conselho-de-representantes-sintramem-2023\/#respond"]}]},{"@type":"WebPage","@id":"https:\/\/sintramem-sv.org.br\/sintramem\/de-29-05-a-02-06-2023-estarao-abertas-as-inscricoes-para-a-eleicao-do-conselho-de-representantes-sintramem-2023\/","url":"https:\/\/sintramem-sv.org.br\/sintramem\/de-29-05-a-02-06-2023-estarao-abertas-as-inscricoes-para-a-eleicao-do-conselho-de-representantes-sintramem-2023\/","name":"De 29\/05 \u00e0 02\/06\/2023 estar\u00e3o abertas as Inscri\u00e7\u00f5es para a Elei\u00e7\u00e3o do Conselho de Representantes SINTRAMEM 2023 - SINTRAMEM","isPartOf":{"@id":"https:\/\/sintramem-sv.org.br\/sintramem\/#website"},"primaryImageOfPage":{"@id":"https:\/\/sintramem-sv.org.br\/sintramem\/de-29-05-a-02-06-2023-estarao-abertas-as-inscricoes-para-a-eleicao-do-conselho-de-representantes-sintramem-2023\/#primaryimage"},"image":{"@id":"https:\/\/sintramem-sv.org.br\/sintramem\/de-29-05-a-02-06-2023-estarao-abertas-as-inscricoes-para-a-eleicao-do-conselho-de-representantes-sintramem-2023\/#primaryimage"},"thumbnailUrl":"https:\/\/static.xx.fbcdn.net\/images\/emoji.php\/v9\/t92\/1.5\/16\/1f4e2.png","datePublished":"2023-05-26T15:59:58+00:00","dateModified":"2023-05-26T15:59:59+00:00","breadcrumb":{"@id":"https:\/\/sintramem-sv.org.br\/sintramem\/de-29-05-a-02-06-2023-estarao-abertas-as-inscricoes-para-a-eleicao-do-conselho-de-representantes-sintramem-2023\/#breadcrumb"},"inLanguage":"pt-BR","potentialAction":[{"@type":"ReadAction","target":["https:\/\/sintramem-sv.org.br\/sintramem\/de-29-05-a-02-06-2023-estarao-abertas-as-inscricoes-para-a-eleicao-do-conselho-de-representantes-sintramem-2023\/"]}]},{"@type":"ImageObject","inLanguage":"pt-BR","@id":"https:\/\/sintramem-sv.org.br\/sintramem\/de-29-05-a-02-06-2023-estarao-abertas-as-inscricoes-para-a-eleicao-do-conselho-de-representantes-sintramem-2023\/#primaryimage","url":"https:\/\/static.xx.fbcdn.net\/images\/emoji.php\/v9\/t92\/1.5\/16\/1f4e2.png","contentUrl":"https:\/\/static.xx.fbcdn.net\/images\/emoji.php\/v9\/t92\/1.5\/16\/1f4e2.png"},{"@type":"BreadcrumbList","@id":"https:\/\/sintramem-sv.org.br\/sintramem\/de-29-05-a-02-06-2023-estarao-abertas-as-inscricoes-para-a-eleicao-do-conselho-de-representantes-sintramem-2023\/#breadcrumb","itemListElement":[{"@type":"ListItem","position":1,"name":"In\u00edcio","item":"https:\/\/sintramem-sv.org.br\/sintramem\/"},{"@type":"ListItem","position":2,"name":"De 29\/05 \u00e0 02\/06\/2023 estar\u00e3o abertas as Inscri\u00e7\u00f5es para a Elei\u00e7\u00e3o do Conselho de Representantes SINTRAMEM 2023"}]},{"@type":"WebSite","@id":"https:\/\/sintramem-sv.org.br\/sintramem\/#website","url":"https:\/\/sintramem-sv.org.br\/sintramem\/","name":"SINTRAMEM","description":"Sindicato dos Trabalhadores no Magist\u00e9rio e na Educa\u00e7\u00e3o de S\u00e3o Vicente","publisher":{"@id":"https:\/\/sintramem-sv.org.br\/sintramem\/#organization"},"potentialAction":[{"@type":"SearchAction","target":{"@type":"EntryPoint","urlTemplate":"https:\/\/sintramem-sv.org.br\/sintramem\/?s={search_term_string}"},"query-input":{"@type":"PropertyValueSpecification","valueRequired":true,"valueName":"search_term_string"}}],"inLanguage":"pt-BR"},{"@type":"Organization","@id":"https:\/\/sintramem-sv.org.br\/sintramem\/#organization","name":"SINTRAMEM","url":"https:\/\/sintramem-sv.org.br\/sintramem\/","logo":{"@type":"ImageObject","inLanguage":"pt-BR","@id":"https:\/\/sintramem-sv.org.br\/sintramem\/#\/schema\/logo\/image\/","url":"https:\/\/sintramem-sv.org.br\/sintramem\/wp-content\/uploads\/2017\/02\/SINTRAMEM-LOGO-OFICIAL-300x100-jpg.jpg","contentUrl":"https:\/\/sintramem-sv.org.br\/sintramem\/wp-content\/uploads\/2017\/02\/SINTRAMEM-LOGO-OFICIAL-300x100-jpg.jpg","width":150,"height":150,"caption":"SINTRAMEM"},"image":{"@id":"https:\/\/sintramem-sv.org.br\/sintramem\/#\/schema\/logo\/image\/"}},{"@type":"Person","@id":"https:\/\/sintramem-sv.org.br\/sintramem\/#\/schema\/person\/a8decb8ea63607d1e01e046c95ddcf2b","name":"sintramem","image":{"@type":"ImageObject","inLanguage":"pt-BR","@id":"https:\/\/sintramem-sv.org.br\/sintramem\/#\/schema\/person\/image\/","url":"https:\/\/secure.gravatar.com\/avatar\/8e06da3b0d4f051010117c848b52b9280a4228043717057ccccccc8b20ff8f48?s=96&d=mm&r=g","contentUrl":"https:\/\/secure.gravatar.com\/avatar\/8e06da3b0d4f051010117c848b52b9280a4228043717057ccccccc8b20ff8f48?s=96&d=mm&r=g","caption":"sintramem"},"description":"Sindicato dos Trabalhadores no Magist\u00e9rio e na Educa\u00e7\u00e3o Municipal de S\u00e3o Vicente","url":"https:\/\/sintramem-sv.org.br\/sintramem\/author\/sindsv\/"}]}},"_links":{"self":[{"href":"https:\/\/sintramem-sv.org.br\/sintramem\/wp-json\/wp\/v2\/posts\/6922","targetHints":{"allow":["GET"]}}],"collection":[{"href":"https:\/\/sintramem-sv.org.br\/sintramem\/wp-json\/wp\/v2\/posts"}],"about":[{"href":"https:\/\/sintramem-sv.org.br\/sintramem\/wp-json\/wp\/v2\/types\/post"}],"author":[{"embeddable":true,"href":"https:\/\/sintramem-sv.org.br\/sintramem\/wp-json\/wp\/v2\/users\/1"}],"replies":[{"embeddable":true,"href":"https:\/\/sintramem-sv.org.br\/sintramem\/wp-json\/wp\/v2\/comments?post=6922"}],"version-history":[{"count":1,"href":"https:\/\/sintramem-sv.org.br\/sintramem\/wp-json\/wp\/v2\/posts\/6922\/revisions"}],"predecessor-version":[{"id":6924,"href":"https:\/\/sintramem-sv.org.br\/sintramem\/wp-json\/wp\/v2\/posts\/6922\/revisions\/6924"}],"wp:attachment":[{"href":"https:\/\/sintramem-sv.org.br\/sintramem\/wp-json\/wp\/v2\/media?parent=6922"}],"wp:term":[{"taxonomy":"category","embeddable":true,"href":"https:\/\/sintramem-sv.org.br\/sintramem\/wp-json\/wp\/v2\/categories?post=6922"},{"taxonomy":"post_tag","embeddable":true,"href":"https:\/\/sintramem-sv.org.br\/sintramem\/wp-json\/wp\/v2\/tags?post=6922"}],"curies":[{"name":"wp","href":"https:\/\/api.w.org\/{rel}","templated":true}]}}