{"id":6869,"date":"2023-04-14T20:23:15","date_gmt":"2023-04-14T20:23:15","guid":{"rendered":"http:\/\/sintramem-sv.org.br\/sintramem\/?p=6869"},"modified":"2023-08-22T13:18:20","modified_gmt":"2023-08-22T13:18:20","slug":"pspi-2023","status":"publish","type":"post","link":"https:\/\/sintramem-sv.org.br\/sintramem\/pspi-2023\/","title":{"rendered":"PSPI 2023"},"content":{"rendered":"\n<div class=\"doc\"><em><span style=\"color: #ff0000;\"><a style=\"color: #ff0000;\" href=\"https:\/\/s3.amazonaws.com\/docs.static.ibamsp-concursos.org.br\/724\/02-%20Edital%20de%20Retifica%C3%A7%C3%A3o%2006-04-2023.pdf\"><img decoding=\"async\" src=\"https:\/\/www.ibamsp-concursos.org.br\/site\/img\/doc.gif\" \/><\/a><a style=\"color: #ff0000;\" href=\"https:\/\/s3.amazonaws.com\/docs.static.ibamsp-concursos.org.br\/724\/01-%20Edital%20de%20Abertura.pdf\"> 01- Edital de Abertura<\/a><\/span><\/em><\/div>\n<div class=\"doc\"><em><span style=\"color: #ff0000;\"><a style=\"color: #ff0000;\" href=\"https:\/\/s3.amazonaws.com\/docs.static.ibamsp-concursos.org.br\/724\/02-%20Edital%20de%20Retifica%C3%A7%C3%A3o%2006-04-2023.pdf\"><img decoding=\"async\" src=\"https:\/\/www.ibamsp-concursos.org.br\/site\/img\/doc.gif\" \/>\u00a002- Edital de Retifica\u00e7\u00e3o 06-04-2023<\/a><\/span><\/em><\/div>\n<div class=\"doc\"><em><span style=\"color: #ff0000;\"><a style=\"color: #ff0000;\" href=\"https:\/\/s3.amazonaws.com\/docs.static.ibamsp-concursos.org.br\/724\/03-%20Edital%20de%20Retifica%C3%A7%C3%A3o%2025-04-2023.pdf\"><img decoding=\"async\" src=\"https:\/\/www.ibamsp-concursos.org.br\/site\/img\/doc.gif\" \/>\u00a003- Edital de Retifica\u00e7\u00e3o 25-04-2023<\/a><\/span><\/em><\/div>\n<div class=\"doc\"><em><span style=\"color: #ff0000;\"><a style=\"color: #ff0000;\" href=\"https:\/\/s3.amazonaws.com\/docs.static.ibamsp-concursos.org.br\/724\/04-%20Edital%20de%20Divulga%C3%A7%C3%A3o%20das%20Incri%C3%A7%C3%B5es%20Indeferidas.pdf\"><img decoding=\"async\" src=\"https:\/\/www.ibamsp-concursos.org.br\/site\/img\/doc.gif\" \/>\u00a004- Edital de Divulga\u00e7\u00e3o das Incri\u00e7\u00f5es Indeferidas<\/a><\/span><\/em><\/div>\n<div class=\"doc\"><em><span style=\"color: #ff0000;\"><a style=\"color: #ff0000;\" href=\"https:\/\/s3.amazonaws.com\/docs.static.ibamsp-concursos.org.br\/724\/05-%20Edital%20de%20Divulga%C3%A7%C3%A3o%20das%20Inscri%C3%A7%C3%B5es%20Indeferidas%20-%20Retifica%C3%A7%C3%A3o.pdf\"><img decoding=\"async\" src=\"https:\/\/www.ibamsp-concursos.org.br\/site\/img\/doc.gif\" \/>\u00a005- Edital de Divulga\u00e7\u00e3o das Inscri\u00e7\u00f5es Indeferidas &#8211; Retifica\u00e7\u00e3o<\/a><\/span><\/em><\/div>\n<div class=\"doc\"><em><span style=\"color: #ff0000;\"><a style=\"color: #ff0000;\" href=\"https:\/\/s3.amazonaws.com\/docs.static.ibamsp-concursos.org.br\/724\/06-%20Edital%20de%20Decis%C3%A3o%20de%20Recursos%20de%20Inscri%C3%A7%C3%B5es%20Indeferidas.pdf\"><img decoding=\"async\" src=\"https:\/\/www.ibamsp-concursos.org.br\/site\/img\/doc.gif\" \/>\u00a006- Edital de Decis\u00e3o de Recursos de Inscri\u00e7\u00f5es Indeferidas<\/a><\/span><\/em><\/div>\n<div class=\"doc\"><em><span style=\"color: #ff0000;\"><a style=\"color: #ff0000;\" href=\"https:\/\/s3.amazonaws.com\/docs.static.ibamsp-concursos.org.br\/724\/07-%20Edital%20de%20Divulga%C3%A7%C3%A3o%20de%20Candidatos%20com%20Defici%C3%AAncia.pdf\"><img decoding=\"async\" src=\"https:\/\/www.ibamsp-concursos.org.br\/site\/img\/doc.gif\" \/>\u00a007- Edital de Divulga\u00e7\u00e3o de Candidatos com Defici\u00eancia<\/a><\/span><\/em><\/div>\n<div class=\"doc\"><em><span style=\"color: #ff0000;\"><a style=\"color: #ff0000;\" href=\"https:\/\/s3.amazonaws.com\/docs.static.ibamsp-concursos.org.br\/724\/08-%20Edital%20de%20Convoca%C3%A7%C3%A3o%20para%20Realiza%C3%A7%C3%A3o%20das%20Provas%20Objetivas%20e%20Dissertativas.pdf\"><img decoding=\"async\" src=\"https:\/\/www.ibamsp-concursos.org.br\/site\/img\/doc.gif\" \/>\u00a008- Edital de Convoca\u00e7\u00e3o para Realiza\u00e7\u00e3o das Provas Objetivas e Dissertativas<\/a><\/span><\/em><\/div>\n<div class=\"doc\"><span style=\"color: #ff0000;\"><a style=\"color: #ff0000;\" href=\"https:\/\/s3.amazonaws.com\/docs.static.ibamsp-concursos.org.br\/724\/09-%20Edital%20de%20Divulga%C3%A7%C3%A3o%20de%20Gabaritos.pdf\"><em><img decoding=\"async\" src=\"https:\/\/www.ibamsp-concursos.org.br\/site\/img\/doc.gif\" \/>\u00a009- Edital de Divulga\u00e7\u00e3o de Gabaritos<\/em><\/a><\/span><\/div>\n<div><span style=\"color: #ff0000;\"><a style=\"color: #ff0000;\" href=\"https:\/\/s3.amazonaws.com\/docs.static.ibamsp-concursos.org.br\/724\/10-%20Edital%20de%20Decis%C3%A3o%20de%20Recursos%20e%20Retifica%C3%A7%C3%A3o%20de%20Gabarito.pdf\"><img decoding=\"async\" src=\"https:\/\/www.ibamsp-concursos.org.br\/site\/img\/doc.gif\" \/>\u00a010- Edital de Decis\u00e3o de Recursos e Retifica\u00e7\u00e3o de Gabarito<\/a><\/span><\/div>\n<div>\n<div class=\"doc\"><span style=\"color: #ff0000;\"><a style=\"color: #ff0000;\" href=\"https:\/\/s3.amazonaws.com\/docs.static.ibamsp-concursos.org.br\/724\/11-%20Edital%20de%20Divulga%C3%A7%C3%A3o%20das%20Notas%20das%20Provas%20Objetivas.pdf\"><img decoding=\"async\" src=\"https:\/\/www.ibamsp-concursos.org.br\/site\/img\/doc.gif\" \/>\u00a011- Edital de Divulga\u00e7\u00e3o das Notas das Provas Objetivas<\/a><\/span><\/div>\n<div class=\"doc\"><span style=\"color: #ff0000;\"><a style=\"color: #ff0000;\" href=\"https:\/\/s3.amazonaws.com\/docs.static.ibamsp-concursos.org.br\/724\/12-%20Edital%20de%20Decis%C3%A3o%20de%20Recursos%20de%20Notas%20das%20Provas%20Objetivas.pdf\"><img decoding=\"async\" src=\"https:\/\/www.ibamsp-concursos.org.br\/site\/img\/doc.gif\" \/>\u00a012- Edital de Decis\u00e3o de Recursos de Notas das Provas Objetivas<\/a><\/span><\/div>\n<div class=\"doc\"><span style=\"color: #ff0000;\"><a style=\"color: #ff0000;\" href=\"https:\/\/s3.amazonaws.com\/docs.static.ibamsp-concursos.org.br\/724\/13-%20Edital%20de%20Convoca%C3%A7%C3%A3o%20para%20Entrega%20de%20T%C3%ADtulos.pdf\"><img decoding=\"async\" src=\"https:\/\/www.ibamsp-concursos.org.br\/site\/img\/doc.gif\" \/>\u00a013- Edital de Convoca\u00e7\u00e3o para Entrega de T\u00edtulos<\/a><\/span><\/div>\n<div class=\"doc\"><span style=\"color: #ff0000;\"><a style=\"color: #ff0000;\" href=\"https:\/\/s3.amazonaws.com\/docs.static.ibamsp-concursos.org.br\/724\/14-%20Edital%20de%20Divulga%C3%A7%C3%A3o%20de%20Notas%20-%20Dissertativas%20e%20T%C3%ADtulos.pdf\"><img decoding=\"async\" src=\"https:\/\/www.ibamsp-concursos.org.br\/site\/img\/doc.gif\" \/>\u00a014- Edital de Divulga\u00e7\u00e3o de Notas &#8211; Dissertativas e T\u00edtulos<\/a><\/span><\/div>\n<div class=\"doc\"><span style=\"color: #ff0000;\"><a style=\"color: #ff0000;\" href=\"https:\/\/s3.amazonaws.com\/docs.static.ibamsp-concursos.org.br\/724\/15-%20Edital%20de%20Decis%C3%A3o%20de%20Recursos%20e%20Retifica%C3%A7%C3%A3o%20de%20Notas%20da%20Prova%20de%20T%C3%ADtulos.pdf\"><img decoding=\"async\" src=\"https:\/\/www.ibamsp-concursos.org.br\/site\/img\/doc.gif\" \/>\u00a015- Edital de Decis\u00e3o de Recursos e Retifica\u00e7\u00e3o de Notas da Prova de T\u00edtulos<\/a><\/span><\/div>\n<div class=\"doc\"><span style=\"color: #ff0000;\"><a style=\"color: #ff0000;\" href=\"https:\/\/s3.amazonaws.com\/docs.static.ibamsp-concursos.org.br\/724\/16-%20Edital%20de%20Decis%C3%A3o%20de%20Recursos%20de%20Notas%20das%20Provas%20Dissertativas.pdf\"><img decoding=\"async\" src=\"https:\/\/www.ibamsp-concursos.org.br\/site\/img\/doc.gif\" \/>\u00a016- Edital de Decis\u00e3o de Recursos de Notas das Provas Dissertativas<\/a><\/span><\/div>\n<div class=\"doc\"><span style=\"color: #ff0000;\"><a style=\"color: #ff0000;\" href=\"https:\/\/s3.amazonaws.com\/docs.static.ibamsp-concursos.org.br\/724\/17-%20Edital%20de%20Divulga%C3%A7%C3%A3o%20da%20Classifica%C3%A7%C3%A3o.pdf\"><img decoding=\"async\" src=\"https:\/\/www.ibamsp-concursos.org.br\/site\/img\/doc.gif\" \/>\u00a017- Edital de Divulga\u00e7\u00e3o da Classifica\u00e7\u00e3o<\/a><\/span><\/div>\n<div><span style=\"color: #ff0000;\"><a style=\"color: #ff0000;\" href=\"https:\/\/s3.amazonaws.com\/docs.static.ibamsp-concursos.org.br\/724\/18-%20Edital%20de%20Decis%C3%A3o%20de%20Recursos%20de%20Classifica%C3%A7%C3%A3o.pdf\"><img decoding=\"async\" src=\"https:\/\/www.ibamsp-concursos.org.br\/site\/img\/doc.gif\" \/>\u00a018- Edital de Decis\u00e3o de Recursos de Classifica\u00e7\u00e3o<\/a><\/span><\/div>\n<div><a href=\"https:\/\/s3.amazonaws.com\/docs.static.ibamsp-concursos.org.br\/724\/19-%20Edital%20de%20Divulga%C3%A7%C3%A3o%20da%20Classifica%C3%A7%C3%A3o%20Final.pdf\"><span style=\"color: #ff0000;\"><img decoding=\"async\" src=\"https:\/\/www.ibamsp-concursos.org.br\/site\/img\/doc.gif\" \/>\u00a019- Edital de Divulga\u00e7\u00e3o da Classifica\u00e7\u00e3o Final<\/span><\/a><\/div>\n<\/div>\n\n\n","protected":false},"excerpt":{"rendered":"<p>01- Edital de Abertura \u00a002- Edital de Retifica\u00e7\u00e3o 06-04-2023 \u00a003- Edital de Retifica\u00e7\u00e3o 25-04-2023 \u00a004- Edital de Divulga\u00e7\u00e3o das Incri\u00e7\u00f5es Indeferidas \u00a005- Edital de Divulga\u00e7\u00e3o das Inscri\u00e7\u00f5es Indeferidas &#8211; Retifica\u00e7\u00e3o \u00a006- Edital de Decis\u00e3o de Recursos de Inscri\u00e7\u00f5es Indeferidas \u00a007- Edital de Divulga\u00e7\u00e3o de Candidatos com Defici\u00eancia \u00a008- Edital de Convoca\u00e7\u00e3o para Realiza\u00e7\u00e3o das Provas&hellip;<\/p>\n","protected":false},"author":1,"featured_media":0,"comment_status":"open","ping_status":"closed","sticky":false,"template":"","format":"standard","meta":{"_monsterinsights_skip_tracking":false,"_monsterinsights_sitenote_active":false,"_monsterinsights_sitenote_note":"","_monsterinsights_sitenote_category":0,"footnotes":""},"categories":[1],"tags":[],"class_list":["post-6869","post","type-post","status-publish","format-standard","hentry","category-sintramem-sintramem"],"yoast_head":"<!-- This site is optimized with the Yoast SEO plugin v27.0 - https:\/\/yoast.com\/product\/yoast-seo-wordpress\/ -->\n<title>PSPI 2023 - SINTRAMEM<\/title>\n<meta name=\"robots\" content=\"index, follow, max-snippet:-1, max-image-preview:large, max-video-preview:-1\" \/>\n<link rel=\"canonical\" href=\"https:\/\/sintramem-sv.org.br\/sintramem\/pspi-2023\/\" \/>\n<meta property=\"og:locale\" content=\"pt_BR\" \/>\n<meta property=\"og:type\" content=\"article\" \/>\n<meta property=\"og:title\" content=\"PSPI 2023 - SINTRAMEM\" \/>\n<meta property=\"og:description\" content=\"01- Edital de Abertura \u00a002- Edital de Retifica\u00e7\u00e3o 06-04-2023 \u00a003- Edital de Retifica\u00e7\u00e3o 25-04-2023 \u00a004- Edital de Divulga\u00e7\u00e3o das Incri\u00e7\u00f5es Indeferidas \u00a005- Edital de Divulga\u00e7\u00e3o das Inscri\u00e7\u00f5es Indeferidas &#8211; Retifica\u00e7\u00e3o \u00a006- Edital de Decis\u00e3o de Recursos de Inscri\u00e7\u00f5es Indeferidas \u00a007- Edital de Divulga\u00e7\u00e3o de Candidatos com Defici\u00eancia \u00a008- Edital de Convoca\u00e7\u00e3o para Realiza\u00e7\u00e3o das Provas&hellip;\" \/>\n<meta property=\"og:url\" content=\"https:\/\/sintramem-sv.org.br\/sintramem\/pspi-2023\/\" \/>\n<meta property=\"og:site_name\" content=\"SINTRAMEM\" \/>\n<meta property=\"article:published_time\" content=\"2023-04-14T20:23:15+00:00\" \/>\n<meta property=\"article:modified_time\" content=\"2023-08-22T13:18:20+00:00\" \/>\n<meta property=\"og:image\" content=\"https:\/\/www.ibamsp-concursos.org.br\/site\/img\/doc.gif\" \/>\n<meta name=\"author\" content=\"sintramem\" \/>\n<meta name=\"twitter:card\" content=\"summary_large_image\" \/>\n<meta name=\"twitter:label1\" content=\"Escrito por\" \/>\n\t<meta name=\"twitter:data1\" content=\"sintramem\" \/>\n\t<meta name=\"twitter:label2\" content=\"Est. tempo de leitura\" \/>\n\t<meta name=\"twitter:data2\" content=\"1 minuto\" \/>\n<script type=\"application\/ld+json\" class=\"yoast-schema-graph\">{\"@context\":\"https:\/\/schema.org\",\"@graph\":[{\"@type\":\"Article\",\"@id\":\"https:\/\/sintramem-sv.org.br\/sintramem\/pspi-2023\/#article\",\"isPartOf\":{\"@id\":\"https:\/\/sintramem-sv.org.br\/sintramem\/pspi-2023\/\"},\"author\":{\"name\":\"sintramem\",\"@id\":\"https:\/\/sintramem-sv.org.br\/sintramem\/#\/schema\/person\/a8decb8ea63607d1e01e046c95ddcf2b\"},\"headline\":\"PSPI 2023\",\"datePublished\":\"2023-04-14T20:23:15+00:00\",\"dateModified\":\"2023-08-22T13:18:20+00:00\",\"mainEntityOfPage\":{\"@id\":\"https:\/\/sintramem-sv.org.br\/sintramem\/pspi-2023\/\"},\"wordCount\":193,\"commentCount\":0,\"publisher\":{\"@id\":\"https:\/\/sintramem-sv.org.br\/sintramem\/#organization\"},\"image\":{\"@id\":\"https:\/\/sintramem-sv.org.br\/sintramem\/pspi-2023\/#primaryimage\"},\"thumbnailUrl\":\"https:\/\/www.ibamsp-concursos.org.br\/site\/img\/doc.gif\",\"articleSection\":[\"sintramem\"],\"inLanguage\":\"pt-BR\",\"potentialAction\":[{\"@type\":\"CommentAction\",\"name\":\"Comment\",\"target\":[\"https:\/\/sintramem-sv.org.br\/sintramem\/pspi-2023\/#respond\"]}]},{\"@type\":\"WebPage\",\"@id\":\"https:\/\/sintramem-sv.org.br\/sintramem\/pspi-2023\/\",\"url\":\"https:\/\/sintramem-sv.org.br\/sintramem\/pspi-2023\/\",\"name\":\"PSPI 2023 - SINTRAMEM\",\"isPartOf\":{\"@id\":\"https:\/\/sintramem-sv.org.br\/sintramem\/#website\"},\"primaryImageOfPage\":{\"@id\":\"https:\/\/sintramem-sv.org.br\/sintramem\/pspi-2023\/#primaryimage\"},\"image\":{\"@id\":\"https:\/\/sintramem-sv.org.br\/sintramem\/pspi-2023\/#primaryimage\"},\"thumbnailUrl\":\"https:\/\/www.ibamsp-concursos.org.br\/site\/img\/doc.gif\",\"datePublished\":\"2023-04-14T20:23:15+00:00\",\"dateModified\":\"2023-08-22T13:18:20+00:00\",\"breadcrumb\":{\"@id\":\"https:\/\/sintramem-sv.org.br\/sintramem\/pspi-2023\/#breadcrumb\"},\"inLanguage\":\"pt-BR\",\"potentialAction\":[{\"@type\":\"ReadAction\",\"target\":[\"https:\/\/sintramem-sv.org.br\/sintramem\/pspi-2023\/\"]}]},{\"@type\":\"ImageObject\",\"inLanguage\":\"pt-BR\",\"@id\":\"https:\/\/sintramem-sv.org.br\/sintramem\/pspi-2023\/#primaryimage\",\"url\":\"https:\/\/www.ibamsp-concursos.org.br\/site\/img\/doc.gif\",\"contentUrl\":\"https:\/\/www.ibamsp-concursos.org.br\/site\/img\/doc.gif\"},{\"@type\":\"BreadcrumbList\",\"@id\":\"https:\/\/sintramem-sv.org.br\/sintramem\/pspi-2023\/#breadcrumb\",\"itemListElement\":[{\"@type\":\"ListItem\",\"position\":1,\"name\":\"In\u00edcio\",\"item\":\"https:\/\/sintramem-sv.org.br\/sintramem\/\"},{\"@type\":\"ListItem\",\"position\":2,\"name\":\"PSPI 2023\"}]},{\"@type\":\"WebSite\",\"@id\":\"https:\/\/sintramem-sv.org.br\/sintramem\/#website\",\"url\":\"https:\/\/sintramem-sv.org.br\/sintramem\/\",\"name\":\"SINTRAMEM\",\"description\":\"Sindicato dos Trabalhadores no Magist\u00e9rio e na Educa\u00e7\u00e3o de S\u00e3o Vicente\",\"publisher\":{\"@id\":\"https:\/\/sintramem-sv.org.br\/sintramem\/#organization\"},\"potentialAction\":[{\"@type\":\"SearchAction\",\"target\":{\"@type\":\"EntryPoint\",\"urlTemplate\":\"https:\/\/sintramem-sv.org.br\/sintramem\/?s={search_term_string}\"},\"query-input\":{\"@type\":\"PropertyValueSpecification\",\"valueRequired\":true,\"valueName\":\"search_term_string\"}}],\"inLanguage\":\"pt-BR\"},{\"@type\":\"Organization\",\"@id\":\"https:\/\/sintramem-sv.org.br\/sintramem\/#organization\",\"name\":\"SINTRAMEM\",\"url\":\"https:\/\/sintramem-sv.org.br\/sintramem\/\",\"logo\":{\"@type\":\"ImageObject\",\"inLanguage\":\"pt-BR\",\"@id\":\"https:\/\/sintramem-sv.org.br\/sintramem\/#\/schema\/logo\/image\/\",\"url\":\"https:\/\/sintramem-sv.org.br\/sintramem\/wp-content\/uploads\/2017\/02\/SINTRAMEM-LOGO-OFICIAL-300x100-jpg.jpg\",\"contentUrl\":\"https:\/\/sintramem-sv.org.br\/sintramem\/wp-content\/uploads\/2017\/02\/SINTRAMEM-LOGO-OFICIAL-300x100-jpg.jpg\",\"width\":150,\"height\":150,\"caption\":\"SINTRAMEM\"},\"image\":{\"@id\":\"https:\/\/sintramem-sv.org.br\/sintramem\/#\/schema\/logo\/image\/\"}},{\"@type\":\"Person\",\"@id\":\"https:\/\/sintramem-sv.org.br\/sintramem\/#\/schema\/person\/a8decb8ea63607d1e01e046c95ddcf2b\",\"name\":\"sintramem\",\"image\":{\"@type\":\"ImageObject\",\"inLanguage\":\"pt-BR\",\"@id\":\"https:\/\/sintramem-sv.org.br\/sintramem\/#\/schema\/person\/image\/\",\"url\":\"https:\/\/secure.gravatar.com\/avatar\/8e06da3b0d4f051010117c848b52b9280a4228043717057ccccccc8b20ff8f48?s=96&d=mm&r=g\",\"contentUrl\":\"https:\/\/secure.gravatar.com\/avatar\/8e06da3b0d4f051010117c848b52b9280a4228043717057ccccccc8b20ff8f48?s=96&d=mm&r=g\",\"caption\":\"sintramem\"},\"description\":\"Sindicato dos Trabalhadores no Magist\u00e9rio e na Educa\u00e7\u00e3o Municipal de S\u00e3o Vicente\",\"url\":\"https:\/\/sintramem-sv.org.br\/sintramem\/author\/sindsv\/\"}]}<\/script>\n<!-- \/ Yoast SEO plugin. -->","yoast_head_json":{"title":"PSPI 2023 - SINTRAMEM","robots":{"index":"index","follow":"follow","max-snippet":"max-snippet:-1","max-image-preview":"max-image-preview:large","max-video-preview":"max-video-preview:-1"},"canonical":"https:\/\/sintramem-sv.org.br\/sintramem\/pspi-2023\/","og_locale":"pt_BR","og_type":"article","og_title":"PSPI 2023 - SINTRAMEM","og_description":"01- Edital de Abertura \u00a002- Edital de Retifica\u00e7\u00e3o 06-04-2023 \u00a003- Edital de Retifica\u00e7\u00e3o 25-04-2023 \u00a004- Edital de Divulga\u00e7\u00e3o das Incri\u00e7\u00f5es Indeferidas \u00a005- Edital de Divulga\u00e7\u00e3o das Inscri\u00e7\u00f5es Indeferidas &#8211; Retifica\u00e7\u00e3o \u00a006- Edital de Decis\u00e3o de Recursos de Inscri\u00e7\u00f5es Indeferidas \u00a007- Edital de Divulga\u00e7\u00e3o de Candidatos com Defici\u00eancia \u00a008- Edital de Convoca\u00e7\u00e3o para Realiza\u00e7\u00e3o das Provas&hellip;","og_url":"https:\/\/sintramem-sv.org.br\/sintramem\/pspi-2023\/","og_site_name":"SINTRAMEM","article_published_time":"2023-04-14T20:23:15+00:00","article_modified_time":"2023-08-22T13:18:20+00:00","og_image":[{"url":"https:\/\/www.ibamsp-concursos.org.br\/site\/img\/doc.gif","type":"","width":"","height":""}],"author":"sintramem","twitter_card":"summary_large_image","twitter_misc":{"Escrito por":"sintramem","Est. tempo de leitura":"1 minuto"},"schema":{"@context":"https:\/\/schema.org","@graph":[{"@type":"Article","@id":"https:\/\/sintramem-sv.org.br\/sintramem\/pspi-2023\/#article","isPartOf":{"@id":"https:\/\/sintramem-sv.org.br\/sintramem\/pspi-2023\/"},"author":{"name":"sintramem","@id":"https:\/\/sintramem-sv.org.br\/sintramem\/#\/schema\/person\/a8decb8ea63607d1e01e046c95ddcf2b"},"headline":"PSPI 2023","datePublished":"2023-04-14T20:23:15+00:00","dateModified":"2023-08-22T13:18:20+00:00","mainEntityOfPage":{"@id":"https:\/\/sintramem-sv.org.br\/sintramem\/pspi-2023\/"},"wordCount":193,"commentCount":0,"publisher":{"@id":"https:\/\/sintramem-sv.org.br\/sintramem\/#organization"},"image":{"@id":"https:\/\/sintramem-sv.org.br\/sintramem\/pspi-2023\/#primaryimage"},"thumbnailUrl":"https:\/\/www.ibamsp-concursos.org.br\/site\/img\/doc.gif","articleSection":["sintramem"],"inLanguage":"pt-BR","potentialAction":[{"@type":"CommentAction","name":"Comment","target":["https:\/\/sintramem-sv.org.br\/sintramem\/pspi-2023\/#respond"]}]},{"@type":"WebPage","@id":"https:\/\/sintramem-sv.org.br\/sintramem\/pspi-2023\/","url":"https:\/\/sintramem-sv.org.br\/sintramem\/pspi-2023\/","name":"PSPI 2023 - SINTRAMEM","isPartOf":{"@id":"https:\/\/sintramem-sv.org.br\/sintramem\/#website"},"primaryImageOfPage":{"@id":"https:\/\/sintramem-sv.org.br\/sintramem\/pspi-2023\/#primaryimage"},"image":{"@id":"https:\/\/sintramem-sv.org.br\/sintramem\/pspi-2023\/#primaryimage"},"thumbnailUrl":"https:\/\/www.ibamsp-concursos.org.br\/site\/img\/doc.gif","datePublished":"2023-04-14T20:23:15+00:00","dateModified":"2023-08-22T13:18:20+00:00","breadcrumb":{"@id":"https:\/\/sintramem-sv.org.br\/sintramem\/pspi-2023\/#breadcrumb"},"inLanguage":"pt-BR","potentialAction":[{"@type":"ReadAction","target":["https:\/\/sintramem-sv.org.br\/sintramem\/pspi-2023\/"]}]},{"@type":"ImageObject","inLanguage":"pt-BR","@id":"https:\/\/sintramem-sv.org.br\/sintramem\/pspi-2023\/#primaryimage","url":"https:\/\/www.ibamsp-concursos.org.br\/site\/img\/doc.gif","contentUrl":"https:\/\/www.ibamsp-concursos.org.br\/site\/img\/doc.gif"},{"@type":"BreadcrumbList","@id":"https:\/\/sintramem-sv.org.br\/sintramem\/pspi-2023\/#breadcrumb","itemListElement":[{"@type":"ListItem","position":1,"name":"In\u00edcio","item":"https:\/\/sintramem-sv.org.br\/sintramem\/"},{"@type":"ListItem","position":2,"name":"PSPI 2023"}]},{"@type":"WebSite","@id":"https:\/\/sintramem-sv.org.br\/sintramem\/#website","url":"https:\/\/sintramem-sv.org.br\/sintramem\/","name":"SINTRAMEM","description":"Sindicato dos Trabalhadores no Magist\u00e9rio e na Educa\u00e7\u00e3o de S\u00e3o Vicente","publisher":{"@id":"https:\/\/sintramem-sv.org.br\/sintramem\/#organization"},"potentialAction":[{"@type":"SearchAction","target":{"@type":"EntryPoint","urlTemplate":"https:\/\/sintramem-sv.org.br\/sintramem\/?s={search_term_string}"},"query-input":{"@type":"PropertyValueSpecification","valueRequired":true,"valueName":"search_term_string"}}],"inLanguage":"pt-BR"},{"@type":"Organization","@id":"https:\/\/sintramem-sv.org.br\/sintramem\/#organization","name":"SINTRAMEM","url":"https:\/\/sintramem-sv.org.br\/sintramem\/","logo":{"@type":"ImageObject","inLanguage":"pt-BR","@id":"https:\/\/sintramem-sv.org.br\/sintramem\/#\/schema\/logo\/image\/","url":"https:\/\/sintramem-sv.org.br\/sintramem\/wp-content\/uploads\/2017\/02\/SINTRAMEM-LOGO-OFICIAL-300x100-jpg.jpg","contentUrl":"https:\/\/sintramem-sv.org.br\/sintramem\/wp-content\/uploads\/2017\/02\/SINTRAMEM-LOGO-OFICIAL-300x100-jpg.jpg","width":150,"height":150,"caption":"SINTRAMEM"},"image":{"@id":"https:\/\/sintramem-sv.org.br\/sintramem\/#\/schema\/logo\/image\/"}},{"@type":"Person","@id":"https:\/\/sintramem-sv.org.br\/sintramem\/#\/schema\/person\/a8decb8ea63607d1e01e046c95ddcf2b","name":"sintramem","image":{"@type":"ImageObject","inLanguage":"pt-BR","@id":"https:\/\/sintramem-sv.org.br\/sintramem\/#\/schema\/person\/image\/","url":"https:\/\/secure.gravatar.com\/avatar\/8e06da3b0d4f051010117c848b52b9280a4228043717057ccccccc8b20ff8f48?s=96&d=mm&r=g","contentUrl":"https:\/\/secure.gravatar.com\/avatar\/8e06da3b0d4f051010117c848b52b9280a4228043717057ccccccc8b20ff8f48?s=96&d=mm&r=g","caption":"sintramem"},"description":"Sindicato dos Trabalhadores no Magist\u00e9rio e na Educa\u00e7\u00e3o Municipal de S\u00e3o Vicente","url":"https:\/\/sintramem-sv.org.br\/sintramem\/author\/sindsv\/"}]}},"_links":{"self":[{"href":"https:\/\/sintramem-sv.org.br\/sintramem\/wp-json\/wp\/v2\/posts\/6869","targetHints":{"allow":["GET"]}}],"collection":[{"href":"https:\/\/sintramem-sv.org.br\/sintramem\/wp-json\/wp\/v2\/posts"}],"about":[{"href":"https:\/\/sintramem-sv.org.br\/sintramem\/wp-json\/wp\/v2\/types\/post"}],"author":[{"embeddable":true,"href":"https:\/\/sintramem-sv.org.br\/sintramem\/wp-json\/wp\/v2\/users\/1"}],"replies":[{"embeddable":true,"href":"https:\/\/sintramem-sv.org.br\/sintramem\/wp-json\/wp\/v2\/comments?post=6869"}],"version-history":[{"count":7,"href":"https:\/\/sintramem-sv.org.br\/sintramem\/wp-json\/wp\/v2\/posts\/6869\/revisions"}],"predecessor-version":[{"id":7286,"href":"https:\/\/sintramem-sv.org.br\/sintramem\/wp-json\/wp\/v2\/posts\/6869\/revisions\/7286"}],"wp:attachment":[{"href":"https:\/\/sintramem-sv.org.br\/sintramem\/wp-json\/wp\/v2\/media?parent=6869"}],"wp:term":[{"taxonomy":"category","embeddable":true,"href":"https:\/\/sintramem-sv.org.br\/sintramem\/wp-json\/wp\/v2\/categories?post=6869"},{"taxonomy":"post_tag","embeddable":true,"href":"https:\/\/sintramem-sv.org.br\/sintramem\/wp-json\/wp\/v2\/tags?post=6869"}],"curies":[{"name":"wp","href":"https:\/\/api.w.org\/{rel}","templated":true}]}}