{"id":10727,"date":"2026-09-02T16:08:29","date_gmt":"2026-09-02T16:08:29","guid":{"rendered":"https:\/\/sintramem-sv.org.br\/sintramem\/?p=10727"},"modified":"2026-09-02T20:12:28","modified_gmt":"2026-09-02T20:12:28","slug":"diretores-do-sintramem-participam-de-encontro-da-fesspmesp-que-reuniu-160-dirigentes-de-90-cidades-fizemos-a-diferenca","status":"publish","type":"post","link":"https:\/\/sintramem-sv.org.br\/sintramem\/diretores-do-sintramem-participam-de-encontro-da-fesspmesp-que-reuniu-160-dirigentes-de-90-cidades-fizemos-a-diferenca\/","title":{"rendered":"Diretores do SINTRAMEM participam de encontro da FESSPMESP que reuniu 160 dirigentes de 90 cidades. Fizemos a diferen\u00e7a!"},"content":{"rendered":"<p><span style=\"font-size: 14pt;\">Nossos diretores Thobias paraguai, Joana D&#8217;Arc, M\u00e1rcio Roberto, Ocimeire Garcia e Milton C\u00e9sar participaram, dia 1\u00ba de setembro, em Americana, de um importante encontro promovido pela <a href=\"https:\/\/fesspsp.com.br\/\" target=\"_blank\" rel=\"noopener\"><strong>FESSPMESP<\/strong><\/a> (Federa\u00e7\u00e3o dos Sindicatos dos Servidores P\u00fablicos Municipais do Estado de S\u00e3o Paulo), entidade da qual nosso Sindicato faz parte. A atividade reuniu cerca de <span style=\"background-color: #ffff00;\"><strong>160 dirigentes sindicais e lideran\u00e7as, com representa\u00e7\u00e3o de 90 cidades paulistas<\/strong><\/span>, em uma grande demonstra\u00e7\u00e3o de uni\u00e3o e for\u00e7a do movimento sindical.<\/span><\/p>\n<p><img loading=\"lazy\" decoding=\"async\" class=\"aligncenter size-full wp-image-10733\" src=\"https:\/\/sintramem-sv.org.br\/sintramem\/wp-content\/uploads\/2026\/09\/22-IMG_0267-scaled.jpg\" alt=\"\" width=\"2560\" height=\"1440\" srcset=\"https:\/\/sintramem-sv.org.br\/sintramem\/wp-content\/uploads\/2026\/09\/22-IMG_0267-scaled.jpg 2560w, https:\/\/sintramem-sv.org.br\/sintramem\/wp-content\/uploads\/2026\/09\/22-IMG_0267-300x169.jpg 300w, https:\/\/sintramem-sv.org.br\/sintramem\/wp-content\/uploads\/2026\/09\/22-IMG_0267-1024x576.jpg 1024w, https:\/\/sintramem-sv.org.br\/sintramem\/wp-content\/uploads\/2026\/09\/22-IMG_0267-768x432.jpg 768w, https:\/\/sintramem-sv.org.br\/sintramem\/wp-content\/uploads\/2026\/09\/22-IMG_0267-1536x864.jpg 1536w, https:\/\/sintramem-sv.org.br\/sintramem\/wp-content\/uploads\/2026\/09\/22-IMG_0267-2048x1152.jpg 2048w, https:\/\/sintramem-sv.org.br\/sintramem\/wp-content\/uploads\/2026\/09\/22-IMG_0267-1140x641.jpg 1140w\" sizes=\"auto, (max-width: 2560px) 100vw, 2560px\" \/><\/p>\n<p><span style=\"font-size: 14pt;\">A programa\u00e7\u00e3o contou com debates estrat\u00e9gicos voltados ao <span style=\"color: #ff0000;\"><strong>fortalecimento da organiza\u00e7\u00e3o sindical no Estado de S\u00e3o Paulo<\/strong><\/span>. Durante o encontro, tamb\u00e9m foi realizada uma Assembleia Geral Extraordin\u00e1ria, que deliberou sobre <span style=\"color: #ff0000;\"><strong>altera\u00e7\u00f5es no Estatuto da Federa\u00e7\u00e3o<\/strong><\/span>. Outro importante encaminhamento foi a <span style=\"color: #ff0000;\"><strong>cria\u00e7\u00e3o de uma Comiss\u00e3o respons\u00e1vel por articular os estudos e as a\u00e7\u00f5es<\/strong><\/span> necess\u00e1rias para a implanta\u00e7\u00e3o de uma cooperativa habitacional.<\/span><\/p>\n<p><img loading=\"lazy\" decoding=\"async\" class=\"aligncenter size-full wp-image-10730\" src=\"https:\/\/sintramem-sv.org.br\/sintramem\/wp-content\/uploads\/2026\/09\/33-IMG_0324-scaled.jpg\" alt=\"\" width=\"2560\" height=\"1707\" srcset=\"https:\/\/sintramem-sv.org.br\/sintramem\/wp-content\/uploads\/2026\/09\/33-IMG_0324-scaled.jpg 2560w, https:\/\/sintramem-sv.org.br\/sintramem\/wp-content\/uploads\/2026\/09\/33-IMG_0324-300x200.jpg 300w, https:\/\/sintramem-sv.org.br\/sintramem\/wp-content\/uploads\/2026\/09\/33-IMG_0324-1024x683.jpg 1024w, https:\/\/sintramem-sv.org.br\/sintramem\/wp-content\/uploads\/2026\/09\/33-IMG_0324-768x512.jpg 768w, https:\/\/sintramem-sv.org.br\/sintramem\/wp-content\/uploads\/2026\/09\/33-IMG_0324-1536x1024.jpg 1536w, https:\/\/sintramem-sv.org.br\/sintramem\/wp-content\/uploads\/2026\/09\/33-IMG_0324-2048x1365.jpg 2048w\" sizes=\"auto, (max-width: 2560px) 100vw, 2560px\" \/><\/p>\n<p><span style=\"font-size: 14pt;\">O encontro tamb\u00e9m abriu espa\u00e7o para o debate sobre a import\u00e2ncia da representa\u00e7\u00e3o pol\u00edtica dos trabalhadores e a necessidade de <span style=\"background-color: #ffff00;\"><strong>ampliar a presen\u00e7a de lideran\u00e7as comprometidas com as pautas do funcionalismo nos espa\u00e7os de decis\u00e3o<\/strong><\/span>. A defesa de um servi\u00e7o p\u00fablico forte, valorizado e capaz de atender com qualidade \u00e0s necessidades da popula\u00e7\u00e3o tamb\u00e9m esteve entre os temas destacados.<\/span><\/p>\n<p><img loading=\"lazy\" decoding=\"async\" class=\"aligncenter size-full wp-image-10735\" src=\"https:\/\/sintramem-sv.org.br\/sintramem\/wp-content\/uploads\/2026\/09\/27-IMG_0303-scaled.jpg\" alt=\"\" width=\"2560\" height=\"1707\" srcset=\"https:\/\/sintramem-sv.org.br\/sintramem\/wp-content\/uploads\/2026\/09\/27-IMG_0303-scaled.jpg 2560w, https:\/\/sintramem-sv.org.br\/sintramem\/wp-content\/uploads\/2026\/09\/27-IMG_0303-300x200.jpg 300w, https:\/\/sintramem-sv.org.br\/sintramem\/wp-content\/uploads\/2026\/09\/27-IMG_0303-1024x683.jpg 1024w, https:\/\/sintramem-sv.org.br\/sintramem\/wp-content\/uploads\/2026\/09\/27-IMG_0303-768x512.jpg 768w, https:\/\/sintramem-sv.org.br\/sintramem\/wp-content\/uploads\/2026\/09\/27-IMG_0303-1536x1024.jpg 1536w, https:\/\/sintramem-sv.org.br\/sintramem\/wp-content\/uploads\/2026\/09\/27-IMG_0303-2048x1365.jpg 2048w\" sizes=\"auto, (max-width: 2560px) 100vw, 2560px\" \/><\/p>\n<p><span style=\"font-size: 14pt;\">Nossa participa\u00e7\u00e3o reafirma o compromisso de manter o Sindicato integrado \u00e0s principais discuss\u00f5es do movimento sindical paulista, fortalecer a uni\u00e3o entre as entidades e buscar caminhos que contribuam para ampliar direitos, conquistas e a valoriza\u00e7\u00e3o dos Servidores municipais. Temos muito orgulho em fazer parte desta Federa\u00e7\u00e3o!<\/span><\/p>\n<p><a href=\"https:\/\/fesspsp.com.br\/fesspmesp-reune-160-liderancas-de-90-cidades-e-consolida-uniao-e-engajamento-dos-sindicatos-filiados-em-assembleia\/\" target=\"_blank\" rel=\"noopener\"><span style=\"font-size: 14pt;\"><strong>Confira a mat\u00e9ria completa no site da <span style=\"color: #ff0000;\">FESSPMESP<\/span>.<\/strong><\/span><\/a><\/p>\n<p><img loading=\"lazy\" decoding=\"async\" class=\"aligncenter size-full wp-image-10731\" src=\"https:\/\/sintramem-sv.org.br\/sintramem\/wp-content\/uploads\/2026\/09\/39-IMG_0345-scaled.jpg\" alt=\"\" width=\"2560\" height=\"1707\" srcset=\"https:\/\/sintramem-sv.org.br\/sintramem\/wp-content\/uploads\/2026\/09\/39-IMG_0345-scaled.jpg 2560w, https:\/\/sintramem-sv.org.br\/sintramem\/wp-content\/uploads\/2026\/09\/39-IMG_0345-300x200.jpg 300w, https:\/\/sintramem-sv.org.br\/sintramem\/wp-content\/uploads\/2026\/09\/39-IMG_0345-1024x683.jpg 1024w, https:\/\/sintramem-sv.org.br\/sintramem\/wp-content\/uploads\/2026\/09\/39-IMG_0345-768x512.jpg 768w, https:\/\/sintramem-sv.org.br\/sintramem\/wp-content\/uploads\/2026\/09\/39-IMG_0345-1536x1024.jpg 1536w, https:\/\/sintramem-sv.org.br\/sintramem\/wp-content\/uploads\/2026\/09\/39-IMG_0345-2048x1365.jpg 2048w\" sizes=\"auto, (max-width: 2560px) 100vw, 2560px\" \/><\/p>\n<p><img loading=\"lazy\" decoding=\"async\" class=\"aligncenter size-full wp-image-10734\" src=\"https:\/\/sintramem-sv.org.br\/sintramem\/wp-content\/uploads\/2026\/09\/25-IMG_0294-scaled.jpg\" alt=\"\" width=\"2560\" height=\"1707\" srcset=\"https:\/\/sintramem-sv.org.br\/sintramem\/wp-content\/uploads\/2026\/09\/25-IMG_0294-scaled.jpg 2560w, https:\/\/sintramem-sv.org.br\/sintramem\/wp-content\/uploads\/2026\/09\/25-IMG_0294-300x200.jpg 300w, https:\/\/sintramem-sv.org.br\/sintramem\/wp-content\/uploads\/2026\/09\/25-IMG_0294-1024x683.jpg 1024w, https:\/\/sintramem-sv.org.br\/sintramem\/wp-content\/uploads\/2026\/09\/25-IMG_0294-768x512.jpg 768w, https:\/\/sintramem-sv.org.br\/sintramem\/wp-content\/uploads\/2026\/09\/25-IMG_0294-1536x1024.jpg 1536w, https:\/\/sintramem-sv.org.br\/sintramem\/wp-content\/uploads\/2026\/09\/25-IMG_0294-2048x1365.jpg 2048w\" sizes=\"auto, (max-width: 2560px) 100vw, 2560px\" \/><\/p>\n","protected":false},"excerpt":{"rendered":"<p>Nossos diretores Thobias paraguai, Joana D&#8217;Arc, M\u00e1rcio Roberto, Ocimeire Garcia e Milton C\u00e9sar participaram, dia 1\u00ba de setembro, em Americana, de um importante encontro promovido pela FESSPMESP (Federa\u00e7\u00e3o dos Sindicatos dos Servidores P\u00fablicos Municipais do Estado de S\u00e3o Paulo), entidade da qual nosso Sindicato faz parte. A atividade reuniu cerca de 160 dirigentes sindicais e&hellip;<\/p>\n","protected":false},"author":1,"featured_media":10729,"comment_status":"open","ping_status":"closed","sticky":false,"template":"","format":"standard","meta":{"_monsterinsights_skip_tracking":false,"footnotes":""},"categories":[1],"tags":[],"class_list":["post-10727","post","type-post","status-publish","format-standard","has-post-thumbnail","hentry","category-sintramem-sintramem"],"yoast_head":"<!-- This site is optimized with the Yoast SEO plugin v27.7 - https:\/\/yoast.com\/product\/yoast-seo-wordpress\/ -->\n<title>Diretores do SINTRAMEM participam de encontro da FESSPMESP que reuniu 160 dirigentes de 90 cidades. Fizemos a diferen\u00e7a! - SINTRAMEM<\/title>\n<meta name=\"robots\" content=\"index, follow, max-snippet:-1, max-image-preview:large, max-video-preview:-1\" \/>\n<link rel=\"canonical\" href=\"https:\/\/sintramem-sv.org.br\/sintramem\/diretores-do-sintramem-participam-de-encontro-da-fesspmesp-que-reuniu-160-dirigentes-de-90-cidades-fizemos-a-diferenca\/\" \/>\n<meta property=\"og:locale\" content=\"pt_BR\" \/>\n<meta property=\"og:type\" content=\"article\" \/>\n<meta property=\"og:title\" content=\"Diretores do SINTRAMEM participam de encontro da FESSPMESP que reuniu 160 dirigentes de 90 cidades. Fizemos a diferen\u00e7a! - SINTRAMEM\" \/>\n<meta property=\"og:description\" content=\"Nossos diretores Thobias paraguai, Joana D&#8217;Arc, M\u00e1rcio Roberto, Ocimeire Garcia e Milton C\u00e9sar participaram, dia 1\u00ba de setembro, em Americana, de um importante encontro promovido pela FESSPMESP (Federa\u00e7\u00e3o dos Sindicatos dos Servidores P\u00fablicos Municipais do Estado de S\u00e3o Paulo), entidade da qual nosso Sindicato faz parte. A atividade reuniu cerca de 160 dirigentes sindicais e&hellip;\" \/>\n<meta property=\"og:url\" content=\"https:\/\/sintramem-sv.org.br\/sintramem\/diretores-do-sintramem-participam-de-encontro-da-fesspmesp-que-reuniu-160-dirigentes-de-90-cidades-fizemos-a-diferenca\/\" \/>\n<meta property=\"og:site_name\" content=\"SINTRAMEM\" \/>\n<meta property=\"article:published_time\" content=\"2026-09-02T16:08:29+00:00\" \/>\n<meta property=\"article:modified_time\" content=\"2026-09-02T20:12:28+00:00\" \/>\n<meta property=\"og:image\" content=\"https:\/\/sintramem-sv.org.br\/sintramem\/wp-content\/uploads\/2026\/09\/destacada-encontro-fessp-menor-.webp\" \/>\n\t<meta property=\"og:image:width\" content=\"700\" \/>\n\t<meta property=\"og:image:height\" content=\"390\" \/>\n\t<meta property=\"og:image:type\" content=\"image\/webp\" \/>\n<meta name=\"author\" content=\"sintramem\" \/>\n<meta name=\"twitter:card\" content=\"summary_large_image\" \/>\n<meta name=\"twitter:label1\" content=\"Escrito por\" \/>\n\t<meta name=\"twitter:data1\" content=\"sintramem\" \/>\n\t<meta name=\"twitter:label2\" content=\"Est. tempo de leitura\" \/>\n\t<meta name=\"twitter:data2\" content=\"3 minutos\" \/>\n<script type=\"application\/ld+json\" class=\"yoast-schema-graph\">{\"@context\":\"https:\\\/\\\/schema.org\",\"@graph\":[{\"@type\":\"Article\",\"@id\":\"https:\\\/\\\/sintramem-sv.org.br\\\/sintramem\\\/diretores-do-sintramem-participam-de-encontro-da-fesspmesp-que-reuniu-160-dirigentes-de-90-cidades-fizemos-a-diferenca\\\/#article\",\"isPartOf\":{\"@id\":\"https:\\\/\\\/sintramem-sv.org.br\\\/sintramem\\\/diretores-do-sintramem-participam-de-encontro-da-fesspmesp-que-reuniu-160-dirigentes-de-90-cidades-fizemos-a-diferenca\\\/\"},\"author\":{\"name\":\"sintramem\",\"@id\":\"https:\\\/\\\/sintramem-sv.org.br\\\/sintramem\\\/#\\\/schema\\\/person\\\/a8decb8ea63607d1e01e046c95ddcf2b\"},\"headline\":\"Diretores do SINTRAMEM participam de encontro da FESSPMESP que reuniu 160 dirigentes de 90 cidades. Fizemos a diferen\u00e7a!\",\"datePublished\":\"2026-09-02T16:08:29+00:00\",\"dateModified\":\"2026-09-02T20:12:28+00:00\",\"mainEntityOfPage\":{\"@id\":\"https:\\\/\\\/sintramem-sv.org.br\\\/sintramem\\\/diretores-do-sintramem-participam-de-encontro-da-fesspmesp-que-reuniu-160-dirigentes-de-90-cidades-fizemos-a-diferenca\\\/\"},\"wordCount\":304,\"commentCount\":0,\"publisher\":{\"@id\":\"https:\\\/\\\/sintramem-sv.org.br\\\/sintramem\\\/#organization\"},\"image\":{\"@id\":\"https:\\\/\\\/sintramem-sv.org.br\\\/sintramem\\\/diretores-do-sintramem-participam-de-encontro-da-fesspmesp-que-reuniu-160-dirigentes-de-90-cidades-fizemos-a-diferenca\\\/#primaryimage\"},\"thumbnailUrl\":\"https:\\\/\\\/sintramem-sv.org.br\\\/sintramem\\\/wp-content\\\/uploads\\\/2026\\\/09\\\/destacada-encontro-fessp.jpg\",\"articleSection\":[\"sintramem\"],\"inLanguage\":\"pt-BR\",\"potentialAction\":[{\"@type\":\"CommentAction\",\"name\":\"Comment\",\"target\":[\"https:\\\/\\\/sintramem-sv.org.br\\\/sintramem\\\/diretores-do-sintramem-participam-de-encontro-da-fesspmesp-que-reuniu-160-dirigentes-de-90-cidades-fizemos-a-diferenca\\\/#respond\"]}]},{\"@type\":\"WebPage\",\"@id\":\"https:\\\/\\\/sintramem-sv.org.br\\\/sintramem\\\/diretores-do-sintramem-participam-de-encontro-da-fesspmesp-que-reuniu-160-dirigentes-de-90-cidades-fizemos-a-diferenca\\\/\",\"url\":\"https:\\\/\\\/sintramem-sv.org.br\\\/sintramem\\\/diretores-do-sintramem-participam-de-encontro-da-fesspmesp-que-reuniu-160-dirigentes-de-90-cidades-fizemos-a-diferenca\\\/\",\"name\":\"Diretores do SINTRAMEM participam de encontro da FESSPMESP que reuniu 160 dirigentes de 90 cidades. Fizemos a diferen\u00e7a! - SINTRAMEM\",\"isPartOf\":{\"@id\":\"https:\\\/\\\/sintramem-sv.org.br\\\/sintramem\\\/#website\"},\"primaryImageOfPage\":{\"@id\":\"https:\\\/\\\/sintramem-sv.org.br\\\/sintramem\\\/diretores-do-sintramem-participam-de-encontro-da-fesspmesp-que-reuniu-160-dirigentes-de-90-cidades-fizemos-a-diferenca\\\/#primaryimage\"},\"image\":{\"@id\":\"https:\\\/\\\/sintramem-sv.org.br\\\/sintramem\\\/diretores-do-sintramem-participam-de-encontro-da-fesspmesp-que-reuniu-160-dirigentes-de-90-cidades-fizemos-a-diferenca\\\/#primaryimage\"},\"thumbnailUrl\":\"https:\\\/\\\/sintramem-sv.org.br\\\/sintramem\\\/wp-content\\\/uploads\\\/2026\\\/09\\\/destacada-encontro-fessp.jpg\",\"datePublished\":\"2026-09-02T16:08:29+00:00\",\"dateModified\":\"2026-09-02T20:12:28+00:00\",\"breadcrumb\":{\"@id\":\"https:\\\/\\\/sintramem-sv.org.br\\\/sintramem\\\/diretores-do-sintramem-participam-de-encontro-da-fesspmesp-que-reuniu-160-dirigentes-de-90-cidades-fizemos-a-diferenca\\\/#breadcrumb\"},\"inLanguage\":\"pt-BR\",\"potentialAction\":[{\"@type\":\"ReadAction\",\"target\":[\"https:\\\/\\\/sintramem-sv.org.br\\\/sintramem\\\/diretores-do-sintramem-participam-de-encontro-da-fesspmesp-que-reuniu-160-dirigentes-de-90-cidades-fizemos-a-diferenca\\\/\"]}]},{\"@type\":\"ImageObject\",\"inLanguage\":\"pt-BR\",\"@id\":\"https:\\\/\\\/sintramem-sv.org.br\\\/sintramem\\\/diretores-do-sintramem-participam-de-encontro-da-fesspmesp-que-reuniu-160-dirigentes-de-90-cidades-fizemos-a-diferenca\\\/#primaryimage\",\"url\":\"https:\\\/\\\/sintramem-sv.org.br\\\/sintramem\\\/wp-content\\\/uploads\\\/2026\\\/09\\\/destacada-encontro-fessp.jpg\",\"contentUrl\":\"https:\\\/\\\/sintramem-sv.org.br\\\/sintramem\\\/wp-content\\\/uploads\\\/2026\\\/09\\\/destacada-encontro-fessp.jpg\",\"width\":2000,\"height\":1113},{\"@type\":\"BreadcrumbList\",\"@id\":\"https:\\\/\\\/sintramem-sv.org.br\\\/sintramem\\\/diretores-do-sintramem-participam-de-encontro-da-fesspmesp-que-reuniu-160-dirigentes-de-90-cidades-fizemos-a-diferenca\\\/#breadcrumb\",\"itemListElement\":[{\"@type\":\"ListItem\",\"position\":1,\"name\":\"In\u00edcio\",\"item\":\"https:\\\/\\\/sintramem-sv.org.br\\\/sintramem\\\/\"},{\"@type\":\"ListItem\",\"position\":2,\"name\":\"Diretores do SINTRAMEM participam de encontro da FESSPMESP que reuniu 160 dirigentes de 90 cidades. Fizemos a diferen\u00e7a!\"}]},{\"@type\":\"WebSite\",\"@id\":\"https:\\\/\\\/sintramem-sv.org.br\\\/sintramem\\\/#website\",\"url\":\"https:\\\/\\\/sintramem-sv.org.br\\\/sintramem\\\/\",\"name\":\"SINTRAMEM\",\"description\":\"Sindicato dos Trabalhadores no Magist\u00e9rio e na Educa\u00e7\u00e3o de S\u00e3o Vicente\",\"publisher\":{\"@id\":\"https:\\\/\\\/sintramem-sv.org.br\\\/sintramem\\\/#organization\"},\"potentialAction\":[{\"@type\":\"SearchAction\",\"target\":{\"@type\":\"EntryPoint\",\"urlTemplate\":\"https:\\\/\\\/sintramem-sv.org.br\\\/sintramem\\\/?s={search_term_string}\"},\"query-input\":{\"@type\":\"PropertyValueSpecification\",\"valueRequired\":true,\"valueName\":\"search_term_string\"}}],\"inLanguage\":\"pt-BR\"},{\"@type\":\"Organization\",\"@id\":\"https:\\\/\\\/sintramem-sv.org.br\\\/sintramem\\\/#organization\",\"name\":\"SINTRAMEM\",\"url\":\"https:\\\/\\\/sintramem-sv.org.br\\\/sintramem\\\/\",\"logo\":{\"@type\":\"ImageObject\",\"inLanguage\":\"pt-BR\",\"@id\":\"https:\\\/\\\/sintramem-sv.org.br\\\/sintramem\\\/#\\\/schema\\\/logo\\\/image\\\/\",\"url\":\"https:\\\/\\\/sintramem-sv.org.br\\\/sintramem\\\/wp-content\\\/uploads\\\/2017\\\/02\\\/SINTRAMEM-LOGO-OFICIAL-300x100-jpg.jpg\",\"contentUrl\":\"https:\\\/\\\/sintramem-sv.org.br\\\/sintramem\\\/wp-content\\\/uploads\\\/2017\\\/02\\\/SINTRAMEM-LOGO-OFICIAL-300x100-jpg.jpg\",\"width\":150,\"height\":150,\"caption\":\"SINTRAMEM\"},\"image\":{\"@id\":\"https:\\\/\\\/sintramem-sv.org.br\\\/sintramem\\\/#\\\/schema\\\/logo\\\/image\\\/\"}},{\"@type\":\"Person\",\"@id\":\"https:\\\/\\\/sintramem-sv.org.br\\\/sintramem\\\/#\\\/schema\\\/person\\\/a8decb8ea63607d1e01e046c95ddcf2b\",\"name\":\"sintramem\",\"image\":{\"@type\":\"ImageObject\",\"inLanguage\":\"pt-BR\",\"@id\":\"https:\\\/\\\/secure.gravatar.com\\\/avatar\\\/8e06da3b0d4f051010117c848b52b9280a4228043717057ccccccc8b20ff8f48?s=96&d=mm&r=g\",\"url\":\"https:\\\/\\\/secure.gravatar.com\\\/avatar\\\/8e06da3b0d4f051010117c848b52b9280a4228043717057ccccccc8b20ff8f48?s=96&d=mm&r=g\",\"contentUrl\":\"https:\\\/\\\/secure.gravatar.com\\\/avatar\\\/8e06da3b0d4f051010117c848b52b9280a4228043717057ccccccc8b20ff8f48?s=96&d=mm&r=g\",\"caption\":\"sintramem\"},\"description\":\"Sindicato dos Trabalhadores no Magist\u00e9rio e na Educa\u00e7\u00e3o Municipal de S\u00e3o Vicente\",\"url\":\"https:\\\/\\\/sintramem-sv.org.br\\\/sintramem\\\/author\\\/sindsv\\\/\"}]}<\/script>\n<!-- \/ Yoast SEO plugin. -->","yoast_head_json":{"title":"Diretores do SINTRAMEM participam de encontro da FESSPMESP que reuniu 160 dirigentes de 90 cidades. Fizemos a diferen\u00e7a! - SINTRAMEM","robots":{"index":"index","follow":"follow","max-snippet":"max-snippet:-1","max-image-preview":"max-image-preview:large","max-video-preview":"max-video-preview:-1"},"canonical":"https:\/\/sintramem-sv.org.br\/sintramem\/diretores-do-sintramem-participam-de-encontro-da-fesspmesp-que-reuniu-160-dirigentes-de-90-cidades-fizemos-a-diferenca\/","og_locale":"pt_BR","og_type":"article","og_title":"Diretores do SINTRAMEM participam de encontro da FESSPMESP que reuniu 160 dirigentes de 90 cidades. Fizemos a diferen\u00e7a! - SINTRAMEM","og_description":"Nossos diretores Thobias paraguai, Joana D&#8217;Arc, M\u00e1rcio Roberto, Ocimeire Garcia e Milton C\u00e9sar participaram, dia 1\u00ba de setembro, em Americana, de um importante encontro promovido pela FESSPMESP (Federa\u00e7\u00e3o dos Sindicatos dos Servidores P\u00fablicos Municipais do Estado de S\u00e3o Paulo), entidade da qual nosso Sindicato faz parte. A atividade reuniu cerca de 160 dirigentes sindicais e&hellip;","og_url":"https:\/\/sintramem-sv.org.br\/sintramem\/diretores-do-sintramem-participam-de-encontro-da-fesspmesp-que-reuniu-160-dirigentes-de-90-cidades-fizemos-a-diferenca\/","og_site_name":"SINTRAMEM","article_published_time":"2026-09-02T16:08:29+00:00","article_modified_time":"2026-09-02T20:12:28+00:00","og_image":[{"width":700,"height":390,"url":"https:\/\/sintramem-sv.org.br\/sintramem\/wp-content\/uploads\/2026\/09\/destacada-encontro-fessp-menor-.webp","type":"image\/webp"}],"author":"sintramem","twitter_card":"summary_large_image","twitter_misc":{"Escrito por":"sintramem","Est. tempo de leitura":"3 minutos"},"schema":{"@context":"https:\/\/schema.org","@graph":[{"@type":"Article","@id":"https:\/\/sintramem-sv.org.br\/sintramem\/diretores-do-sintramem-participam-de-encontro-da-fesspmesp-que-reuniu-160-dirigentes-de-90-cidades-fizemos-a-diferenca\/#article","isPartOf":{"@id":"https:\/\/sintramem-sv.org.br\/sintramem\/diretores-do-sintramem-participam-de-encontro-da-fesspmesp-que-reuniu-160-dirigentes-de-90-cidades-fizemos-a-diferenca\/"},"author":{"name":"sintramem","@id":"https:\/\/sintramem-sv.org.br\/sintramem\/#\/schema\/person\/a8decb8ea63607d1e01e046c95ddcf2b"},"headline":"Diretores do SINTRAMEM participam de encontro da FESSPMESP que reuniu 160 dirigentes de 90 cidades. Fizemos a diferen\u00e7a!","datePublished":"2026-09-02T16:08:29+00:00","dateModified":"2026-09-02T20:12:28+00:00","mainEntityOfPage":{"@id":"https:\/\/sintramem-sv.org.br\/sintramem\/diretores-do-sintramem-participam-de-encontro-da-fesspmesp-que-reuniu-160-dirigentes-de-90-cidades-fizemos-a-diferenca\/"},"wordCount":304,"commentCount":0,"publisher":{"@id":"https:\/\/sintramem-sv.org.br\/sintramem\/#organization"},"image":{"@id":"https:\/\/sintramem-sv.org.br\/sintramem\/diretores-do-sintramem-participam-de-encontro-da-fesspmesp-que-reuniu-160-dirigentes-de-90-cidades-fizemos-a-diferenca\/#primaryimage"},"thumbnailUrl":"https:\/\/sintramem-sv.org.br\/sintramem\/wp-content\/uploads\/2026\/09\/destacada-encontro-fessp.jpg","articleSection":["sintramem"],"inLanguage":"pt-BR","potentialAction":[{"@type":"CommentAction","name":"Comment","target":["https:\/\/sintramem-sv.org.br\/sintramem\/diretores-do-sintramem-participam-de-encontro-da-fesspmesp-que-reuniu-160-dirigentes-de-90-cidades-fizemos-a-diferenca\/#respond"]}]},{"@type":"WebPage","@id":"https:\/\/sintramem-sv.org.br\/sintramem\/diretores-do-sintramem-participam-de-encontro-da-fesspmesp-que-reuniu-160-dirigentes-de-90-cidades-fizemos-a-diferenca\/","url":"https:\/\/sintramem-sv.org.br\/sintramem\/diretores-do-sintramem-participam-de-encontro-da-fesspmesp-que-reuniu-160-dirigentes-de-90-cidades-fizemos-a-diferenca\/","name":"Diretores do SINTRAMEM participam de encontro da FESSPMESP que reuniu 160 dirigentes de 90 cidades. Fizemos a diferen\u00e7a! - SINTRAMEM","isPartOf":{"@id":"https:\/\/sintramem-sv.org.br\/sintramem\/#website"},"primaryImageOfPage":{"@id":"https:\/\/sintramem-sv.org.br\/sintramem\/diretores-do-sintramem-participam-de-encontro-da-fesspmesp-que-reuniu-160-dirigentes-de-90-cidades-fizemos-a-diferenca\/#primaryimage"},"image":{"@id":"https:\/\/sintramem-sv.org.br\/sintramem\/diretores-do-sintramem-participam-de-encontro-da-fesspmesp-que-reuniu-160-dirigentes-de-90-cidades-fizemos-a-diferenca\/#primaryimage"},"thumbnailUrl":"https:\/\/sintramem-sv.org.br\/sintramem\/wp-content\/uploads\/2026\/09\/destacada-encontro-fessp.jpg","datePublished":"2026-09-02T16:08:29+00:00","dateModified":"2026-09-02T20:12:28+00:00","breadcrumb":{"@id":"https:\/\/sintramem-sv.org.br\/sintramem\/diretores-do-sintramem-participam-de-encontro-da-fesspmesp-que-reuniu-160-dirigentes-de-90-cidades-fizemos-a-diferenca\/#breadcrumb"},"inLanguage":"pt-BR","potentialAction":[{"@type":"ReadAction","target":["https:\/\/sintramem-sv.org.br\/sintramem\/diretores-do-sintramem-participam-de-encontro-da-fesspmesp-que-reuniu-160-dirigentes-de-90-cidades-fizemos-a-diferenca\/"]}]},{"@type":"ImageObject","inLanguage":"pt-BR","@id":"https:\/\/sintramem-sv.org.br\/sintramem\/diretores-do-sintramem-participam-de-encontro-da-fesspmesp-que-reuniu-160-dirigentes-de-90-cidades-fizemos-a-diferenca\/#primaryimage","url":"https:\/\/sintramem-sv.org.br\/sintramem\/wp-content\/uploads\/2026\/09\/destacada-encontro-fessp.jpg","contentUrl":"https:\/\/sintramem-sv.org.br\/sintramem\/wp-content\/uploads\/2026\/09\/destacada-encontro-fessp.jpg","width":2000,"height":1113},{"@type":"BreadcrumbList","@id":"https:\/\/sintramem-sv.org.br\/sintramem\/diretores-do-sintramem-participam-de-encontro-da-fesspmesp-que-reuniu-160-dirigentes-de-90-cidades-fizemos-a-diferenca\/#breadcrumb","itemListElement":[{"@type":"ListItem","position":1,"name":"In\u00edcio","item":"https:\/\/sintramem-sv.org.br\/sintramem\/"},{"@type":"ListItem","position":2,"name":"Diretores do SINTRAMEM participam de encontro da FESSPMESP que reuniu 160 dirigentes de 90 cidades. Fizemos a diferen\u00e7a!"}]},{"@type":"WebSite","@id":"https:\/\/sintramem-sv.org.br\/sintramem\/#website","url":"https:\/\/sintramem-sv.org.br\/sintramem\/","name":"SINTRAMEM","description":"Sindicato dos Trabalhadores no Magist\u00e9rio e na Educa\u00e7\u00e3o de S\u00e3o Vicente","publisher":{"@id":"https:\/\/sintramem-sv.org.br\/sintramem\/#organization"},"potentialAction":[{"@type":"SearchAction","target":{"@type":"EntryPoint","urlTemplate":"https:\/\/sintramem-sv.org.br\/sintramem\/?s={search_term_string}"},"query-input":{"@type":"PropertyValueSpecification","valueRequired":true,"valueName":"search_term_string"}}],"inLanguage":"pt-BR"},{"@type":"Organization","@id":"https:\/\/sintramem-sv.org.br\/sintramem\/#organization","name":"SINTRAMEM","url":"https:\/\/sintramem-sv.org.br\/sintramem\/","logo":{"@type":"ImageObject","inLanguage":"pt-BR","@id":"https:\/\/sintramem-sv.org.br\/sintramem\/#\/schema\/logo\/image\/","url":"https:\/\/sintramem-sv.org.br\/sintramem\/wp-content\/uploads\/2017\/02\/SINTRAMEM-LOGO-OFICIAL-300x100-jpg.jpg","contentUrl":"https:\/\/sintramem-sv.org.br\/sintramem\/wp-content\/uploads\/2017\/02\/SINTRAMEM-LOGO-OFICIAL-300x100-jpg.jpg","width":150,"height":150,"caption":"SINTRAMEM"},"image":{"@id":"https:\/\/sintramem-sv.org.br\/sintramem\/#\/schema\/logo\/image\/"}},{"@type":"Person","@id":"https:\/\/sintramem-sv.org.br\/sintramem\/#\/schema\/person\/a8decb8ea63607d1e01e046c95ddcf2b","name":"sintramem","image":{"@type":"ImageObject","inLanguage":"pt-BR","@id":"https:\/\/secure.gravatar.com\/avatar\/8e06da3b0d4f051010117c848b52b9280a4228043717057ccccccc8b20ff8f48?s=96&d=mm&r=g","url":"https:\/\/secure.gravatar.com\/avatar\/8e06da3b0d4f051010117c848b52b9280a4228043717057ccccccc8b20ff8f48?s=96&d=mm&r=g","contentUrl":"https:\/\/secure.gravatar.com\/avatar\/8e06da3b0d4f051010117c848b52b9280a4228043717057ccccccc8b20ff8f48?s=96&d=mm&r=g","caption":"sintramem"},"description":"Sindicato dos Trabalhadores no Magist\u00e9rio e na Educa\u00e7\u00e3o Municipal de S\u00e3o Vicente","url":"https:\/\/sintramem-sv.org.br\/sintramem\/author\/sindsv\/"}]}},"_links":{"self":[{"href":"https:\/\/sintramem-sv.org.br\/sintramem\/wp-json\/wp\/v2\/posts\/10727","targetHints":{"allow":["GET"]}}],"collection":[{"href":"https:\/\/sintramem-sv.org.br\/sintramem\/wp-json\/wp\/v2\/posts"}],"about":[{"href":"https:\/\/sintramem-sv.org.br\/sintramem\/wp-json\/wp\/v2\/types\/post"}],"author":[{"embeddable":true,"href":"https:\/\/sintramem-sv.org.br\/sintramem\/wp-json\/wp\/v2\/users\/1"}],"replies":[{"embeddable":true,"href":"https:\/\/sintramem-sv.org.br\/sintramem\/wp-json\/wp\/v2\/comments?post=10727"}],"version-history":[{"count":7,"href":"https:\/\/sintramem-sv.org.br\/sintramem\/wp-json\/wp\/v2\/posts\/10727\/revisions"}],"predecessor-version":[{"id":10744,"href":"https:\/\/sintramem-sv.org.br\/sintramem\/wp-json\/wp\/v2\/posts\/10727\/revisions\/10744"}],"wp:featuredmedia":[{"embeddable":true,"href":"https:\/\/sintramem-sv.org.br\/sintramem\/wp-json\/wp\/v2\/media\/10729"}],"wp:attachment":[{"href":"https:\/\/sintramem-sv.org.br\/sintramem\/wp-json\/wp\/v2\/media?parent=10727"}],"wp:term":[{"taxonomy":"category","embeddable":true,"href":"https:\/\/sintramem-sv.org.br\/sintramem\/wp-json\/wp\/v2\/categories?post=10727"},{"taxonomy":"post_tag","embeddable":true,"href":"https:\/\/sintramem-sv.org.br\/sintramem\/wp-json\/wp\/v2\/tags?post=10727"}],"curies":[{"name":"wp","href":"https:\/\/api.w.org\/{rel}","templated":true}]}}