{"id":10683,"date":"2026-08-31T15:30:05","date_gmt":"2026-08-31T15:30:05","guid":{"rendered":"https:\/\/sintramem-sv.org.br\/sintramem\/?p=10683"},"modified":"2026-08-31T18:04:03","modified_gmt":"2026-08-31T18:04:03","slug":"7a-festa-da-tainha-lota-o-sintramem-e-proporciona-noite-inesquecivel-aos-servidores","status":"publish","type":"post","link":"https:\/\/sintramem-sv.org.br\/sintramem\/7a-festa-da-tainha-lota-o-sintramem-e-proporciona-noite-inesquecivel-aos-servidores\/","title":{"rendered":"7\u00aa Festa da Tainha lota o SINTRAMEM e proporciona noite inesquec\u00edvel aos Servidores"},"content":{"rendered":"<p><span style=\"font-size: 14pt;\">Mais de <span style=\"color: #ff0000;\"><strong>300 pessoas prestigiaram o tradicional evento<\/strong><\/span>, marcado por confraterniza\u00e7\u00e3o, reencontros, alegria e fortalecimento dos la\u00e7os entre os Servidores de S\u00e3o Vicente e sua entidade representativa.<\/span><\/p>\n<p><img loading=\"lazy\" decoding=\"async\" class=\"aligncenter size-full wp-image-10699\" src=\"https:\/\/sintramem-sv.org.br\/sintramem\/wp-content\/uploads\/2026\/08\/IMG_9918-scaled.jpg\" alt=\"\" width=\"2560\" height=\"1707\" srcset=\"https:\/\/sintramem-sv.org.br\/sintramem\/wp-content\/uploads\/2026\/08\/IMG_9918-scaled.jpg 2560w, https:\/\/sintramem-sv.org.br\/sintramem\/wp-content\/uploads\/2026\/08\/IMG_9918-300x200.jpg 300w, https:\/\/sintramem-sv.org.br\/sintramem\/wp-content\/uploads\/2026\/08\/IMG_9918-1024x683.jpg 1024w, https:\/\/sintramem-sv.org.br\/sintramem\/wp-content\/uploads\/2026\/08\/IMG_9918-768x512.jpg 768w, https:\/\/sintramem-sv.org.br\/sintramem\/wp-content\/uploads\/2026\/08\/IMG_9918-1536x1024.jpg 1536w, https:\/\/sintramem-sv.org.br\/sintramem\/wp-content\/uploads\/2026\/08\/IMG_9918-2048x1365.jpg 2048w\" sizes=\"auto, (max-width: 2560px) 100vw, 2560px\" \/><\/p>\n<p><span style=\"font-size: 14pt;\">Foi uma noite para ficar na mem\u00f3ria! O <span style=\"color: #ff0000;\"><strong>SINTRAMEM<\/strong> <\/span>realizou, dia 28 de agosto, a <span style=\"background-color: #ffff00;\"><strong>7\u00aa Festa da Tainha<\/strong><\/span>, e o resultado n\u00e3o poderia ter sido melhor: Sindicato completamente lotado, mais de 300 pessoas presentes e um ambiente tomado pela alegria, amizade e confraterniza\u00e7\u00e3o.<\/span><\/p>\n<p><img loading=\"lazy\" decoding=\"async\" class=\"aligncenter size-full wp-image-10693\" src=\"https:\/\/sintramem-sv.org.br\/sintramem\/wp-content\/uploads\/2026\/08\/IMG_0187-scaled.jpg\" alt=\"\" width=\"2560\" height=\"1707\" srcset=\"https:\/\/sintramem-sv.org.br\/sintramem\/wp-content\/uploads\/2026\/08\/IMG_0187-scaled.jpg 2560w, https:\/\/sintramem-sv.org.br\/sintramem\/wp-content\/uploads\/2026\/08\/IMG_0187-300x200.jpg 300w, https:\/\/sintramem-sv.org.br\/sintramem\/wp-content\/uploads\/2026\/08\/IMG_0187-1024x683.jpg 1024w, https:\/\/sintramem-sv.org.br\/sintramem\/wp-content\/uploads\/2026\/08\/IMG_0187-768x512.jpg 768w, https:\/\/sintramem-sv.org.br\/sintramem\/wp-content\/uploads\/2026\/08\/IMG_0187-1536x1024.jpg 1536w, https:\/\/sintramem-sv.org.br\/sintramem\/wp-content\/uploads\/2026\/08\/IMG_0187-2048x1365.jpg 2048w\" sizes=\"auto, (max-width: 2560px) 100vw, 2560px\" \/><\/p>\n<p><span style=\"font-size: 14pt;\">J\u00e1 tradicional no calend\u00e1rio da entidade, a <strong>Festa da Tainha reuniu Servidores, familiares e amigos em momentos especiais<\/strong>. Al\u00e9m da deliciosa tainha e das bebidas \u00e0 escolha, os associados presentes participaram de sorteios de pr\u00eamios, tornando a programa\u00e7\u00e3o ainda mais animada.<\/span><\/p>\n<p><img loading=\"lazy\" decoding=\"async\" class=\"aligncenter size-full wp-image-10688\" src=\"https:\/\/sintramem-sv.org.br\/sintramem\/wp-content\/uploads\/2026\/08\/IMG_0011-scaled.jpg\" alt=\"\" width=\"2560\" height=\"1707\" srcset=\"https:\/\/sintramem-sv.org.br\/sintramem\/wp-content\/uploads\/2026\/08\/IMG_0011-scaled.jpg 2560w, https:\/\/sintramem-sv.org.br\/sintramem\/wp-content\/uploads\/2026\/08\/IMG_0011-300x200.jpg 300w, https:\/\/sintramem-sv.org.br\/sintramem\/wp-content\/uploads\/2026\/08\/IMG_0011-1024x683.jpg 1024w, https:\/\/sintramem-sv.org.br\/sintramem\/wp-content\/uploads\/2026\/08\/IMG_0011-768x512.jpg 768w, https:\/\/sintramem-sv.org.br\/sintramem\/wp-content\/uploads\/2026\/08\/IMG_0011-1536x1024.jpg 1536w, https:\/\/sintramem-sv.org.br\/sintramem\/wp-content\/uploads\/2026\/08\/IMG_0011-2048x1365.jpg 2048w\" sizes=\"auto, (max-width: 2560px) 100vw, 2560px\" \/><\/p>\n<p><img loading=\"lazy\" decoding=\"async\" class=\"aligncenter size-full wp-image-10691\" src=\"https:\/\/sintramem-sv.org.br\/sintramem\/wp-content\/uploads\/2026\/08\/IMG_0173-scaled.jpg\" alt=\"\" width=\"2560\" height=\"1707\" srcset=\"https:\/\/sintramem-sv.org.br\/sintramem\/wp-content\/uploads\/2026\/08\/IMG_0173-scaled.jpg 2560w, https:\/\/sintramem-sv.org.br\/sintramem\/wp-content\/uploads\/2026\/08\/IMG_0173-300x200.jpg 300w, https:\/\/sintramem-sv.org.br\/sintramem\/wp-content\/uploads\/2026\/08\/IMG_0173-1024x683.jpg 1024w, https:\/\/sintramem-sv.org.br\/sintramem\/wp-content\/uploads\/2026\/08\/IMG_0173-768x512.jpg 768w, https:\/\/sintramem-sv.org.br\/sintramem\/wp-content\/uploads\/2026\/08\/IMG_0173-1536x1024.jpg 1536w, https:\/\/sintramem-sv.org.br\/sintramem\/wp-content\/uploads\/2026\/08\/IMG_0173-2048x1365.jpg 2048w\" sizes=\"auto, (max-width: 2560px) 100vw, 2560px\" \/><\/p>\n<p><span style=\"font-size: 14pt;\">Tivemos m\u00fasica ao vivo com as <span style=\"color: #ff0000;\"><strong>artistas Amanda e Vivi<\/strong><\/span>, proporcionando entretenimento e anima\u00e7\u00e3o \u00e0 noite. Tamb\u00e9m contamos com brindes exclusivos, doados pela <a href=\"https:\/\/sintramem-sv.org.br\/sintramem\/saude-bluemed-oferece-servicos-de-qualidade-aos-servidores-associados-e-seus-dependentes\/\" target=\"_blank\" rel=\"noopener\"><strong>BlueMed<\/strong><\/a>, al\u00e9m da venda de doces realizada por outra parceira do <span style=\"color: #ff0000;\"><strong>SINTRAMEM<\/strong><\/span>. E o destaque da noite ficou por conta da gastronomia: foram <span style=\"background-color: #ffff00;\"><strong>mais de 100 tainhas servidas<\/strong><\/span> ao longo do evento!<\/span><\/p>\n<p><img loading=\"lazy\" decoding=\"async\" class=\"aligncenter size-full wp-image-10689\" src=\"https:\/\/sintramem-sv.org.br\/sintramem\/wp-content\/uploads\/2026\/08\/IMG_0146-scaled.jpg\" alt=\"\" width=\"2560\" height=\"1707\" srcset=\"https:\/\/sintramem-sv.org.br\/sintramem\/wp-content\/uploads\/2026\/08\/IMG_0146-scaled.jpg 2560w, https:\/\/sintramem-sv.org.br\/sintramem\/wp-content\/uploads\/2026\/08\/IMG_0146-300x200.jpg 300w, https:\/\/sintramem-sv.org.br\/sintramem\/wp-content\/uploads\/2026\/08\/IMG_0146-1024x683.jpg 1024w, https:\/\/sintramem-sv.org.br\/sintramem\/wp-content\/uploads\/2026\/08\/IMG_0146-768x512.jpg 768w, https:\/\/sintramem-sv.org.br\/sintramem\/wp-content\/uploads\/2026\/08\/IMG_0146-1536x1024.jpg 1536w, https:\/\/sintramem-sv.org.br\/sintramem\/wp-content\/uploads\/2026\/08\/IMG_0146-2048x1365.jpg 2048w\" sizes=\"auto, (max-width: 2560px) 100vw, 2560px\" \/><\/p>\n<p><img loading=\"lazy\" decoding=\"async\" class=\"aligncenter size-full wp-image-10702\" src=\"https:\/\/sintramem-sv.org.br\/sintramem\/wp-content\/uploads\/2026\/08\/IMG_9968-scaled.jpg\" alt=\"\" width=\"2560\" height=\"1707\" srcset=\"https:\/\/sintramem-sv.org.br\/sintramem\/wp-content\/uploads\/2026\/08\/IMG_9968-scaled.jpg 2560w, https:\/\/sintramem-sv.org.br\/sintramem\/wp-content\/uploads\/2026\/08\/IMG_9968-300x200.jpg 300w, https:\/\/sintramem-sv.org.br\/sintramem\/wp-content\/uploads\/2026\/08\/IMG_9968-1024x683.jpg 1024w, https:\/\/sintramem-sv.org.br\/sintramem\/wp-content\/uploads\/2026\/08\/IMG_9968-768x512.jpg 768w, https:\/\/sintramem-sv.org.br\/sintramem\/wp-content\/uploads\/2026\/08\/IMG_9968-1536x1024.jpg 1536w, https:\/\/sintramem-sv.org.br\/sintramem\/wp-content\/uploads\/2026\/08\/IMG_9968-2048x1366.jpg 2048w\" sizes=\"auto, (max-width: 2560px) 100vw, 2560px\" \/><\/p>\n<p><span style=\"font-size: 14pt;\"><span style=\"color: #ff0000;\"><strong>Mais do que uma festa, o encontro proporcionou algo que n\u00e3o tem pre\u00e7o:<\/strong><\/span> a oportunidade de rever amigos de trabalho, reunir fam\u00edlias, colocar a conversa em dia e fortalecer v\u00ednculos constru\u00eddos ao longo de tantos anos de servi\u00e7o p\u00fablico. Foram abra\u00e7os, sorrisos, reencontros e muitos momentos de descontra\u00e7\u00e3o.<\/span><\/p>\n<p><img loading=\"lazy\" decoding=\"async\" class=\"aligncenter size-full wp-image-10698\" src=\"https:\/\/sintramem-sv.org.br\/sintramem\/wp-content\/uploads\/2026\/08\/IMG_9898-scaled.jpg\" alt=\"\" width=\"2560\" height=\"1707\" srcset=\"https:\/\/sintramem-sv.org.br\/sintramem\/wp-content\/uploads\/2026\/08\/IMG_9898-scaled.jpg 2560w, https:\/\/sintramem-sv.org.br\/sintramem\/wp-content\/uploads\/2026\/08\/IMG_9898-300x200.jpg 300w, https:\/\/sintramem-sv.org.br\/sintramem\/wp-content\/uploads\/2026\/08\/IMG_9898-1024x683.jpg 1024w, https:\/\/sintramem-sv.org.br\/sintramem\/wp-content\/uploads\/2026\/08\/IMG_9898-768x512.jpg 768w, https:\/\/sintramem-sv.org.br\/sintramem\/wp-content\/uploads\/2026\/08\/IMG_9898-1536x1024.jpg 1536w, https:\/\/sintramem-sv.org.br\/sintramem\/wp-content\/uploads\/2026\/08\/IMG_9898-2048x1365.jpg 2048w\" sizes=\"auto, (max-width: 2560px) 100vw, 2560px\" \/><\/p>\n<p><img loading=\"lazy\" decoding=\"async\" class=\"aligncenter size-full wp-image-10701\" src=\"https:\/\/sintramem-sv.org.br\/sintramem\/wp-content\/uploads\/2026\/08\/IMG_9964-scaled.jpg\" alt=\"\" width=\"2560\" height=\"1706\" srcset=\"https:\/\/sintramem-sv.org.br\/sintramem\/wp-content\/uploads\/2026\/08\/IMG_9964-scaled.jpg 2560w, https:\/\/sintramem-sv.org.br\/sintramem\/wp-content\/uploads\/2026\/08\/IMG_9964-300x200.jpg 300w, https:\/\/sintramem-sv.org.br\/sintramem\/wp-content\/uploads\/2026\/08\/IMG_9964-1024x683.jpg 1024w, https:\/\/sintramem-sv.org.br\/sintramem\/wp-content\/uploads\/2026\/08\/IMG_9964-768x512.jpg 768w, https:\/\/sintramem-sv.org.br\/sintramem\/wp-content\/uploads\/2026\/08\/IMG_9964-1536x1024.jpg 1536w, https:\/\/sintramem-sv.org.br\/sintramem\/wp-content\/uploads\/2026\/08\/IMG_9964-2048x1365.jpg 2048w\" sizes=\"auto, (max-width: 2560px) 100vw, 2560px\" \/><\/p>\n<p><span style=\"font-size: 14pt;\">Para o presidente do <strong><span style=\"color: #ff0000;\">SINTRAMEM<\/span><\/strong>, Thobias Paraguai, o sucesso da <span style=\"background-color: #ffff00;\"><strong>7\u00aa Festa da Tainha \u00e9 resultado de um trabalho coletivo e do carinho com que a entidade prepara suas atividades<\/strong><\/span>.<\/span><\/p>\n<blockquote><p><em><span style=\"font-size: 14pt;\">\u201cQuero agradecer imensamente a toda nossa Diretoria pelo empenho e dedica\u00e7\u00e3o para que pud\u00e9ssemos proporcionar mais esse grande momento. E, principalmente, parabenizar e agradecer a cada Servidor, associado e familiar que esteve conosco e fez desta festa um verdadeiro sucesso. Ver o Sindicato lotado e as pessoas felizes \u00e9 uma satisfa\u00e7\u00e3o enorme. S\u00e3o momentos como este que ficam para sempre em nossa hist\u00f3ria\u201d, <span style=\"color: #ff0000;\"><strong>destacou Thobias<\/strong><\/span>.<\/span><\/em><\/p><\/blockquote>\n<p><img loading=\"lazy\" decoding=\"async\" class=\"aligncenter size-full wp-image-10696\" src=\"https:\/\/sintramem-sv.org.br\/sintramem\/wp-content\/uploads\/2026\/08\/IMG_0199-scaled.jpg\" alt=\"\" width=\"2560\" height=\"1706\" srcset=\"https:\/\/sintramem-sv.org.br\/sintramem\/wp-content\/uploads\/2026\/08\/IMG_0199-scaled.jpg 2560w, https:\/\/sintramem-sv.org.br\/sintramem\/wp-content\/uploads\/2026\/08\/IMG_0199-300x200.jpg 300w, https:\/\/sintramem-sv.org.br\/sintramem\/wp-content\/uploads\/2026\/08\/IMG_0199-1024x683.jpg 1024w, https:\/\/sintramem-sv.org.br\/sintramem\/wp-content\/uploads\/2026\/08\/IMG_0199-768x512.jpg 768w, https:\/\/sintramem-sv.org.br\/sintramem\/wp-content\/uploads\/2026\/08\/IMG_0199-1536x1024.jpg 1536w, https:\/\/sintramem-sv.org.br\/sintramem\/wp-content\/uploads\/2026\/08\/IMG_0199-2048x1365.jpg 2048w\" sizes=\"auto, (max-width: 2560px) 100vw, 2560px\" \/><\/p>\n<p><span style=\"font-size: 18pt; color: #ff0000;\"><strong>LUTAR, REPRESENTAR E TAMB\u00c9M CONFRATERNIZAR<\/strong><\/span><\/p>\n<p><span style=\"font-size: 14pt;\">O Servidor de S\u00e3o Vicente conhece muito bem o significado da palavra luta. Todos os dias enfrenta desafios, presta servi\u00e7os essenciais \u00e0 popula\u00e7\u00e3o e busca reconhecimento, respeito e valoriza\u00e7\u00e3o.<\/span><\/p>\n<p><span style=\"font-size: 14pt;\">E o <strong><span style=\"color: #ff0000;\">SINTRAMEM<\/span><\/strong> est\u00e1 presente nessa caminhada, firme na defesa dos direitos e interesses da categoria. Mas uma entidade verdadeiramente representativa tamb\u00e9m \u00e9 feita de acolhimento, conviv\u00eancia, amizade e pertencimento.<\/span><\/p>\n<p><img loading=\"lazy\" decoding=\"async\" class=\"aligncenter size-full wp-image-10695\" src=\"https:\/\/sintramem-sv.org.br\/sintramem\/wp-content\/uploads\/2026\/08\/IMG_9882-scaled.jpg\" alt=\"\" width=\"2560\" height=\"1707\" srcset=\"https:\/\/sintramem-sv.org.br\/sintramem\/wp-content\/uploads\/2026\/08\/IMG_9882-scaled.jpg 2560w, https:\/\/sintramem-sv.org.br\/sintramem\/wp-content\/uploads\/2026\/08\/IMG_9882-300x200.jpg 300w, https:\/\/sintramem-sv.org.br\/sintramem\/wp-content\/uploads\/2026\/08\/IMG_9882-1024x683.jpg 1024w, https:\/\/sintramem-sv.org.br\/sintramem\/wp-content\/uploads\/2026\/08\/IMG_9882-768x512.jpg 768w, https:\/\/sintramem-sv.org.br\/sintramem\/wp-content\/uploads\/2026\/08\/IMG_9882-1536x1024.jpg 1536w, https:\/\/sintramem-sv.org.br\/sintramem\/wp-content\/uploads\/2026\/08\/IMG_9882-2048x1365.jpg 2048w\" sizes=\"auto, (max-width: 2560px) 100vw, 2560px\" \/><\/p>\n<p><span style=\"font-size: 14pt;\">A <span style=\"background-color: #ffff00;\"><strong>7\u00aa Festa da Tainha<\/strong><\/span> mostrou exatamente isso. O Servidor luta muito, mas tamb\u00e9m <span style=\"color: #ff0000;\"><strong>merece celebrar a vida, cultivar amizades, reunir a fam\u00edlia e confraternizar<\/strong><\/span> dentro da entidade que o representa.<\/span><\/p>\n<p><span style=\"font-size: 14pt;\">Foram momentos incr\u00edveis. Mais de 300 pessoas, muitas hist\u00f3rias, reencontros e uma certeza: a 7\u00aa Festa da Tainha j\u00e1 entrou para a hist\u00f3ria do<span style=\"color: #ff0000;\"><strong> SINTRAMEM<\/strong><\/span>!<\/span><\/p>\n<p><span style=\"font-size: 18pt; color: #000000;\"><strong>VEJA O \u00c1LBUM COM TODAS AS FOTOS!<\/strong><\/span><\/p>\n<p><iframe loading=\"lazy\" style=\"border: none; overflow: hidden;\" src=\"https:\/\/www.facebook.com\/plugins\/post.php?href=https%3A%2F%2Fwww.facebook.com%2Fsintramem.sv%2Fposts%2Fpfbid02tm2kVDas7UyLADrkYZjaM9DBXWHPGX5djzxaiWaGrzVrZjnGiJM7pL3JDqYcxs5Bl&amp;show_text=true&amp;width=500\" width=\"500\" height=\"652\" frameborder=\"0\" scrolling=\"no\" allowfullscreen=\"allowfullscreen\"><\/iframe><\/p>\n<p><img loading=\"lazy\" decoding=\"async\" class=\"aligncenter size-full wp-image-10687\" src=\"https:\/\/sintramem-sv.org.br\/sintramem\/wp-content\/uploads\/2026\/08\/IMG_0095-scaled.jpg\" alt=\"\" width=\"2560\" height=\"1706\" srcset=\"https:\/\/sintramem-sv.org.br\/sintramem\/wp-content\/uploads\/2026\/08\/IMG_0095-scaled.jpg 2560w, https:\/\/sintramem-sv.org.br\/sintramem\/wp-content\/uploads\/2026\/08\/IMG_0095-300x200.jpg 300w, https:\/\/sintramem-sv.org.br\/sintramem\/wp-content\/uploads\/2026\/08\/IMG_0095-1024x683.jpg 1024w, https:\/\/sintramem-sv.org.br\/sintramem\/wp-content\/uploads\/2026\/08\/IMG_0095-768x512.jpg 768w, https:\/\/sintramem-sv.org.br\/sintramem\/wp-content\/uploads\/2026\/08\/IMG_0095-1536x1024.jpg 1536w, https:\/\/sintramem-sv.org.br\/sintramem\/wp-content\/uploads\/2026\/08\/IMG_0095-2048x1365.jpg 2048w\" sizes=\"auto, (max-width: 2560px) 100vw, 2560px\" \/><\/p>\n<p><img loading=\"lazy\" decoding=\"async\" class=\"aligncenter size-full wp-image-10694\" src=\"https:\/\/sintramem-sv.org.br\/sintramem\/wp-content\/uploads\/2026\/08\/IMG_0174-scaled.jpg\" alt=\"\" width=\"2560\" height=\"1707\" srcset=\"https:\/\/sintramem-sv.org.br\/sintramem\/wp-content\/uploads\/2026\/08\/IMG_0174-scaled.jpg 2560w, https:\/\/sintramem-sv.org.br\/sintramem\/wp-content\/uploads\/2026\/08\/IMG_0174-300x200.jpg 300w, https:\/\/sintramem-sv.org.br\/sintramem\/wp-content\/uploads\/2026\/08\/IMG_0174-1024x683.jpg 1024w, https:\/\/sintramem-sv.org.br\/sintramem\/wp-content\/uploads\/2026\/08\/IMG_0174-768x512.jpg 768w, https:\/\/sintramem-sv.org.br\/sintramem\/wp-content\/uploads\/2026\/08\/IMG_0174-1536x1024.jpg 1536w, https:\/\/sintramem-sv.org.br\/sintramem\/wp-content\/uploads\/2026\/08\/IMG_0174-2048x1365.jpg 2048w\" sizes=\"auto, (max-width: 2560px) 100vw, 2560px\" \/><\/p>\n<p><img loading=\"lazy\" decoding=\"async\" class=\"aligncenter size-full wp-image-10690\" src=\"https:\/\/sintramem-sv.org.br\/sintramem\/wp-content\/uploads\/2026\/08\/IMG_0121-scaled.jpg\" alt=\"\" width=\"2560\" height=\"1707\" srcset=\"https:\/\/sintramem-sv.org.br\/sintramem\/wp-content\/uploads\/2026\/08\/IMG_0121-scaled.jpg 2560w, https:\/\/sintramem-sv.org.br\/sintramem\/wp-content\/uploads\/2026\/08\/IMG_0121-300x200.jpg 300w, https:\/\/sintramem-sv.org.br\/sintramem\/wp-content\/uploads\/2026\/08\/IMG_0121-1024x683.jpg 1024w, https:\/\/sintramem-sv.org.br\/sintramem\/wp-content\/uploads\/2026\/08\/IMG_0121-768x512.jpg 768w, https:\/\/sintramem-sv.org.br\/sintramem\/wp-content\/uploads\/2026\/08\/IMG_0121-1536x1024.jpg 1536w, https:\/\/sintramem-sv.org.br\/sintramem\/wp-content\/uploads\/2026\/08\/IMG_0121-2048x1365.jpg 2048w\" sizes=\"auto, (max-width: 2560px) 100vw, 2560px\" \/><\/p>\n<p><img loading=\"lazy\" decoding=\"async\" class=\"aligncenter size-full wp-image-10686\" src=\"https:\/\/sintramem-sv.org.br\/sintramem\/wp-content\/uploads\/2026\/08\/IMG_0001-scaled.jpg\" alt=\"\" width=\"2560\" height=\"1707\" srcset=\"https:\/\/sintramem-sv.org.br\/sintramem\/wp-content\/uploads\/2026\/08\/IMG_0001-scaled.jpg 2560w, https:\/\/sintramem-sv.org.br\/sintramem\/wp-content\/uploads\/2026\/08\/IMG_0001-300x200.jpg 300w, https:\/\/sintramem-sv.org.br\/sintramem\/wp-content\/uploads\/2026\/08\/IMG_0001-1024x683.jpg 1024w, https:\/\/sintramem-sv.org.br\/sintramem\/wp-content\/uploads\/2026\/08\/IMG_0001-768x512.jpg 768w, https:\/\/sintramem-sv.org.br\/sintramem\/wp-content\/uploads\/2026\/08\/IMG_0001-1536x1024.jpg 1536w, https:\/\/sintramem-sv.org.br\/sintramem\/wp-content\/uploads\/2026\/08\/IMG_0001-2048x1365.jpg 2048w\" sizes=\"auto, (max-width: 2560px) 100vw, 2560px\" \/><\/p>\n<p><img loading=\"lazy\" decoding=\"async\" class=\"aligncenter size-full wp-image-10703\" src=\"https:\/\/sintramem-sv.org.br\/sintramem\/wp-content\/uploads\/2026\/08\/IMG_9935-scaled.jpg\" alt=\"\" width=\"2560\" height=\"1707\" srcset=\"https:\/\/sintramem-sv.org.br\/sintramem\/wp-content\/uploads\/2026\/08\/IMG_9935-scaled.jpg 2560w, https:\/\/sintramem-sv.org.br\/sintramem\/wp-content\/uploads\/2026\/08\/IMG_9935-300x200.jpg 300w, https:\/\/sintramem-sv.org.br\/sintramem\/wp-content\/uploads\/2026\/08\/IMG_9935-1024x683.jpg 1024w, https:\/\/sintramem-sv.org.br\/sintramem\/wp-content\/uploads\/2026\/08\/IMG_9935-768x512.jpg 768w, https:\/\/sintramem-sv.org.br\/sintramem\/wp-content\/uploads\/2026\/08\/IMG_9935-1536x1024.jpg 1536w, https:\/\/sintramem-sv.org.br\/sintramem\/wp-content\/uploads\/2026\/08\/IMG_9935-2048x1365.jpg 2048w\" sizes=\"auto, (max-width: 2560px) 100vw, 2560px\" \/><\/p>\n","protected":false},"excerpt":{"rendered":"<p>Mais de 300 pessoas prestigiaram o tradicional evento, marcado por confraterniza\u00e7\u00e3o, reencontros, alegria e fortalecimento dos la\u00e7os entre os Servidores de S\u00e3o Vicente e sua entidade representativa. Foi uma noite para ficar na mem\u00f3ria! O SINTRAMEM realizou, dia 28 de agosto, a 7\u00aa Festa da Tainha, e o resultado n\u00e3o poderia ter sido melhor: Sindicato&hellip;<\/p>\n","protected":false},"author":1,"featured_media":10685,"comment_status":"open","ping_status":"closed","sticky":false,"template":"","format":"standard","meta":{"_monsterinsights_skip_tracking":false,"footnotes":""},"categories":[19],"tags":[],"class_list":["post-10683","post","type-post","status-publish","format-standard","has-post-thumbnail","hentry","category-sintramem"],"yoast_head":"<!-- This site is optimized with the Yoast SEO plugin v27.7 - https:\/\/yoast.com\/product\/yoast-seo-wordpress\/ -->\n<title>7\u00aa Festa da Tainha lota o SINTRAMEM e proporciona noite inesquec\u00edvel aos Servidores - SINTRAMEM<\/title>\n<meta name=\"robots\" content=\"index, follow, max-snippet:-1, max-image-preview:large, max-video-preview:-1\" \/>\n<link rel=\"canonical\" href=\"https:\/\/sintramem-sv.org.br\/sintramem\/7a-festa-da-tainha-lota-o-sintramem-e-proporciona-noite-inesquecivel-aos-servidores\/\" \/>\n<meta property=\"og:locale\" content=\"pt_BR\" \/>\n<meta property=\"og:type\" content=\"article\" \/>\n<meta property=\"og:title\" content=\"7\u00aa Festa da Tainha lota o SINTRAMEM e proporciona noite inesquec\u00edvel aos Servidores - SINTRAMEM\" \/>\n<meta property=\"og:description\" content=\"Mais de 300 pessoas prestigiaram o tradicional evento, marcado por confraterniza\u00e7\u00e3o, reencontros, alegria e fortalecimento dos la\u00e7os entre os Servidores de S\u00e3o Vicente e sua entidade representativa. Foi uma noite para ficar na mem\u00f3ria! O SINTRAMEM realizou, dia 28 de agosto, a 7\u00aa Festa da Tainha, e o resultado n\u00e3o poderia ter sido melhor: Sindicato&hellip;\" \/>\n<meta property=\"og:url\" content=\"https:\/\/sintramem-sv.org.br\/sintramem\/7a-festa-da-tainha-lota-o-sintramem-e-proporciona-noite-inesquecivel-aos-servidores\/\" \/>\n<meta property=\"og:site_name\" content=\"SINTRAMEM\" \/>\n<meta property=\"article:published_time\" content=\"2026-08-31T15:30:05+00:00\" \/>\n<meta property=\"article:modified_time\" content=\"2026-08-31T18:04:03+00:00\" \/>\n<meta property=\"og:image\" content=\"https:\/\/sintramem-sv.org.br\/sintramem\/wp-content\/uploads\/2026\/08\/destacada-tainha-menor.webp\" \/>\n\t<meta property=\"og:image:width\" content=\"700\" \/>\n\t<meta property=\"og:image:height\" content=\"390\" \/>\n\t<meta property=\"og:image:type\" content=\"image\/webp\" \/>\n<meta name=\"author\" content=\"sintramem\" \/>\n<meta name=\"twitter:card\" content=\"summary_large_image\" \/>\n<meta name=\"twitter:label1\" content=\"Escrito por\" \/>\n\t<meta name=\"twitter:data1\" content=\"sintramem\" \/>\n\t<meta name=\"twitter:label2\" content=\"Est. tempo de leitura\" \/>\n\t<meta name=\"twitter:data2\" content=\"6 minutos\" \/>\n<script type=\"application\/ld+json\" class=\"yoast-schema-graph\">{\"@context\":\"https:\\\/\\\/schema.org\",\"@graph\":[{\"@type\":\"Article\",\"@id\":\"https:\\\/\\\/sintramem-sv.org.br\\\/sintramem\\\/7a-festa-da-tainha-lota-o-sintramem-e-proporciona-noite-inesquecivel-aos-servidores\\\/#article\",\"isPartOf\":{\"@id\":\"https:\\\/\\\/sintramem-sv.org.br\\\/sintramem\\\/7a-festa-da-tainha-lota-o-sintramem-e-proporciona-noite-inesquecivel-aos-servidores\\\/\"},\"author\":{\"name\":\"sintramem\",\"@id\":\"https:\\\/\\\/sintramem-sv.org.br\\\/sintramem\\\/#\\\/schema\\\/person\\\/a8decb8ea63607d1e01e046c95ddcf2b\"},\"headline\":\"7\u00aa Festa da Tainha lota o SINTRAMEM e proporciona noite inesquec\u00edvel aos Servidores\",\"datePublished\":\"2026-08-31T15:30:05+00:00\",\"dateModified\":\"2026-08-31T18:04:03+00:00\",\"mainEntityOfPage\":{\"@id\":\"https:\\\/\\\/sintramem-sv.org.br\\\/sintramem\\\/7a-festa-da-tainha-lota-o-sintramem-e-proporciona-noite-inesquecivel-aos-servidores\\\/\"},\"wordCount\":475,\"commentCount\":0,\"publisher\":{\"@id\":\"https:\\\/\\\/sintramem-sv.org.br\\\/sintramem\\\/#organization\"},\"image\":{\"@id\":\"https:\\\/\\\/sintramem-sv.org.br\\\/sintramem\\\/7a-festa-da-tainha-lota-o-sintramem-e-proporciona-noite-inesquecivel-aos-servidores\\\/#primaryimage\"},\"thumbnailUrl\":\"https:\\\/\\\/sintramem-sv.org.br\\\/sintramem\\\/wp-content\\\/uploads\\\/2026\\\/08\\\/destacada-tainha.jpg\",\"articleSection\":[\"Sintramem\"],\"inLanguage\":\"pt-BR\",\"potentialAction\":[{\"@type\":\"CommentAction\",\"name\":\"Comment\",\"target\":[\"https:\\\/\\\/sintramem-sv.org.br\\\/sintramem\\\/7a-festa-da-tainha-lota-o-sintramem-e-proporciona-noite-inesquecivel-aos-servidores\\\/#respond\"]}]},{\"@type\":\"WebPage\",\"@id\":\"https:\\\/\\\/sintramem-sv.org.br\\\/sintramem\\\/7a-festa-da-tainha-lota-o-sintramem-e-proporciona-noite-inesquecivel-aos-servidores\\\/\",\"url\":\"https:\\\/\\\/sintramem-sv.org.br\\\/sintramem\\\/7a-festa-da-tainha-lota-o-sintramem-e-proporciona-noite-inesquecivel-aos-servidores\\\/\",\"name\":\"7\u00aa Festa da Tainha lota o SINTRAMEM e proporciona noite inesquec\u00edvel aos Servidores - SINTRAMEM\",\"isPartOf\":{\"@id\":\"https:\\\/\\\/sintramem-sv.org.br\\\/sintramem\\\/#website\"},\"primaryImageOfPage\":{\"@id\":\"https:\\\/\\\/sintramem-sv.org.br\\\/sintramem\\\/7a-festa-da-tainha-lota-o-sintramem-e-proporciona-noite-inesquecivel-aos-servidores\\\/#primaryimage\"},\"image\":{\"@id\":\"https:\\\/\\\/sintramem-sv.org.br\\\/sintramem\\\/7a-festa-da-tainha-lota-o-sintramem-e-proporciona-noite-inesquecivel-aos-servidores\\\/#primaryimage\"},\"thumbnailUrl\":\"https:\\\/\\\/sintramem-sv.org.br\\\/sintramem\\\/wp-content\\\/uploads\\\/2026\\\/08\\\/destacada-tainha.jpg\",\"datePublished\":\"2026-08-31T15:30:05+00:00\",\"dateModified\":\"2026-08-31T18:04:03+00:00\",\"breadcrumb\":{\"@id\":\"https:\\\/\\\/sintramem-sv.org.br\\\/sintramem\\\/7a-festa-da-tainha-lota-o-sintramem-e-proporciona-noite-inesquecivel-aos-servidores\\\/#breadcrumb\"},\"inLanguage\":\"pt-BR\",\"potentialAction\":[{\"@type\":\"ReadAction\",\"target\":[\"https:\\\/\\\/sintramem-sv.org.br\\\/sintramem\\\/7a-festa-da-tainha-lota-o-sintramem-e-proporciona-noite-inesquecivel-aos-servidores\\\/\"]}]},{\"@type\":\"ImageObject\",\"inLanguage\":\"pt-BR\",\"@id\":\"https:\\\/\\\/sintramem-sv.org.br\\\/sintramem\\\/7a-festa-da-tainha-lota-o-sintramem-e-proporciona-noite-inesquecivel-aos-servidores\\\/#primaryimage\",\"url\":\"https:\\\/\\\/sintramem-sv.org.br\\\/sintramem\\\/wp-content\\\/uploads\\\/2026\\\/08\\\/destacada-tainha.jpg\",\"contentUrl\":\"https:\\\/\\\/sintramem-sv.org.br\\\/sintramem\\\/wp-content\\\/uploads\\\/2026\\\/08\\\/destacada-tainha.jpg\",\"width\":2000,\"height\":1113},{\"@type\":\"BreadcrumbList\",\"@id\":\"https:\\\/\\\/sintramem-sv.org.br\\\/sintramem\\\/7a-festa-da-tainha-lota-o-sintramem-e-proporciona-noite-inesquecivel-aos-servidores\\\/#breadcrumb\",\"itemListElement\":[{\"@type\":\"ListItem\",\"position\":1,\"name\":\"In\u00edcio\",\"item\":\"https:\\\/\\\/sintramem-sv.org.br\\\/sintramem\\\/\"},{\"@type\":\"ListItem\",\"position\":2,\"name\":\"7\u00aa Festa da Tainha lota o SINTRAMEM e proporciona noite inesquec\u00edvel aos Servidores\"}]},{\"@type\":\"WebSite\",\"@id\":\"https:\\\/\\\/sintramem-sv.org.br\\\/sintramem\\\/#website\",\"url\":\"https:\\\/\\\/sintramem-sv.org.br\\\/sintramem\\\/\",\"name\":\"SINTRAMEM\",\"description\":\"Sindicato dos Trabalhadores no Magist\u00e9rio e na Educa\u00e7\u00e3o de S\u00e3o Vicente\",\"publisher\":{\"@id\":\"https:\\\/\\\/sintramem-sv.org.br\\\/sintramem\\\/#organization\"},\"potentialAction\":[{\"@type\":\"SearchAction\",\"target\":{\"@type\":\"EntryPoint\",\"urlTemplate\":\"https:\\\/\\\/sintramem-sv.org.br\\\/sintramem\\\/?s={search_term_string}\"},\"query-input\":{\"@type\":\"PropertyValueSpecification\",\"valueRequired\":true,\"valueName\":\"search_term_string\"}}],\"inLanguage\":\"pt-BR\"},{\"@type\":\"Organization\",\"@id\":\"https:\\\/\\\/sintramem-sv.org.br\\\/sintramem\\\/#organization\",\"name\":\"SINTRAMEM\",\"url\":\"https:\\\/\\\/sintramem-sv.org.br\\\/sintramem\\\/\",\"logo\":{\"@type\":\"ImageObject\",\"inLanguage\":\"pt-BR\",\"@id\":\"https:\\\/\\\/sintramem-sv.org.br\\\/sintramem\\\/#\\\/schema\\\/logo\\\/image\\\/\",\"url\":\"https:\\\/\\\/sintramem-sv.org.br\\\/sintramem\\\/wp-content\\\/uploads\\\/2017\\\/02\\\/SINTRAMEM-LOGO-OFICIAL-300x100-jpg.jpg\",\"contentUrl\":\"https:\\\/\\\/sintramem-sv.org.br\\\/sintramem\\\/wp-content\\\/uploads\\\/2017\\\/02\\\/SINTRAMEM-LOGO-OFICIAL-300x100-jpg.jpg\",\"width\":150,\"height\":150,\"caption\":\"SINTRAMEM\"},\"image\":{\"@id\":\"https:\\\/\\\/sintramem-sv.org.br\\\/sintramem\\\/#\\\/schema\\\/logo\\\/image\\\/\"}},{\"@type\":\"Person\",\"@id\":\"https:\\\/\\\/sintramem-sv.org.br\\\/sintramem\\\/#\\\/schema\\\/person\\\/a8decb8ea63607d1e01e046c95ddcf2b\",\"name\":\"sintramem\",\"image\":{\"@type\":\"ImageObject\",\"inLanguage\":\"pt-BR\",\"@id\":\"https:\\\/\\\/secure.gravatar.com\\\/avatar\\\/8e06da3b0d4f051010117c848b52b9280a4228043717057ccccccc8b20ff8f48?s=96&d=mm&r=g\",\"url\":\"https:\\\/\\\/secure.gravatar.com\\\/avatar\\\/8e06da3b0d4f051010117c848b52b9280a4228043717057ccccccc8b20ff8f48?s=96&d=mm&r=g\",\"contentUrl\":\"https:\\\/\\\/secure.gravatar.com\\\/avatar\\\/8e06da3b0d4f051010117c848b52b9280a4228043717057ccccccc8b20ff8f48?s=96&d=mm&r=g\",\"caption\":\"sintramem\"},\"description\":\"Sindicato dos Trabalhadores no Magist\u00e9rio e na Educa\u00e7\u00e3o Municipal de S\u00e3o Vicente\",\"url\":\"https:\\\/\\\/sintramem-sv.org.br\\\/sintramem\\\/author\\\/sindsv\\\/\"}]}<\/script>\n<!-- \/ Yoast SEO plugin. -->","yoast_head_json":{"title":"7\u00aa Festa da Tainha lota o SINTRAMEM e proporciona noite inesquec\u00edvel aos Servidores - SINTRAMEM","robots":{"index":"index","follow":"follow","max-snippet":"max-snippet:-1","max-image-preview":"max-image-preview:large","max-video-preview":"max-video-preview:-1"},"canonical":"https:\/\/sintramem-sv.org.br\/sintramem\/7a-festa-da-tainha-lota-o-sintramem-e-proporciona-noite-inesquecivel-aos-servidores\/","og_locale":"pt_BR","og_type":"article","og_title":"7\u00aa Festa da Tainha lota o SINTRAMEM e proporciona noite inesquec\u00edvel aos Servidores - SINTRAMEM","og_description":"Mais de 300 pessoas prestigiaram o tradicional evento, marcado por confraterniza\u00e7\u00e3o, reencontros, alegria e fortalecimento dos la\u00e7os entre os Servidores de S\u00e3o Vicente e sua entidade representativa. Foi uma noite para ficar na mem\u00f3ria! O SINTRAMEM realizou, dia 28 de agosto, a 7\u00aa Festa da Tainha, e o resultado n\u00e3o poderia ter sido melhor: Sindicato&hellip;","og_url":"https:\/\/sintramem-sv.org.br\/sintramem\/7a-festa-da-tainha-lota-o-sintramem-e-proporciona-noite-inesquecivel-aos-servidores\/","og_site_name":"SINTRAMEM","article_published_time":"2026-08-31T15:30:05+00:00","article_modified_time":"2026-08-31T18:04:03+00:00","og_image":[{"width":700,"height":390,"url":"https:\/\/sintramem-sv.org.br\/sintramem\/wp-content\/uploads\/2026\/08\/destacada-tainha-menor.webp","type":"image\/webp"}],"author":"sintramem","twitter_card":"summary_large_image","twitter_misc":{"Escrito por":"sintramem","Est. tempo de leitura":"6 minutos"},"schema":{"@context":"https:\/\/schema.org","@graph":[{"@type":"Article","@id":"https:\/\/sintramem-sv.org.br\/sintramem\/7a-festa-da-tainha-lota-o-sintramem-e-proporciona-noite-inesquecivel-aos-servidores\/#article","isPartOf":{"@id":"https:\/\/sintramem-sv.org.br\/sintramem\/7a-festa-da-tainha-lota-o-sintramem-e-proporciona-noite-inesquecivel-aos-servidores\/"},"author":{"name":"sintramem","@id":"https:\/\/sintramem-sv.org.br\/sintramem\/#\/schema\/person\/a8decb8ea63607d1e01e046c95ddcf2b"},"headline":"7\u00aa Festa da Tainha lota o SINTRAMEM e proporciona noite inesquec\u00edvel aos Servidores","datePublished":"2026-08-31T15:30:05+00:00","dateModified":"2026-08-31T18:04:03+00:00","mainEntityOfPage":{"@id":"https:\/\/sintramem-sv.org.br\/sintramem\/7a-festa-da-tainha-lota-o-sintramem-e-proporciona-noite-inesquecivel-aos-servidores\/"},"wordCount":475,"commentCount":0,"publisher":{"@id":"https:\/\/sintramem-sv.org.br\/sintramem\/#organization"},"image":{"@id":"https:\/\/sintramem-sv.org.br\/sintramem\/7a-festa-da-tainha-lota-o-sintramem-e-proporciona-noite-inesquecivel-aos-servidores\/#primaryimage"},"thumbnailUrl":"https:\/\/sintramem-sv.org.br\/sintramem\/wp-content\/uploads\/2026\/08\/destacada-tainha.jpg","articleSection":["Sintramem"],"inLanguage":"pt-BR","potentialAction":[{"@type":"CommentAction","name":"Comment","target":["https:\/\/sintramem-sv.org.br\/sintramem\/7a-festa-da-tainha-lota-o-sintramem-e-proporciona-noite-inesquecivel-aos-servidores\/#respond"]}]},{"@type":"WebPage","@id":"https:\/\/sintramem-sv.org.br\/sintramem\/7a-festa-da-tainha-lota-o-sintramem-e-proporciona-noite-inesquecivel-aos-servidores\/","url":"https:\/\/sintramem-sv.org.br\/sintramem\/7a-festa-da-tainha-lota-o-sintramem-e-proporciona-noite-inesquecivel-aos-servidores\/","name":"7\u00aa Festa da Tainha lota o SINTRAMEM e proporciona noite inesquec\u00edvel aos Servidores - SINTRAMEM","isPartOf":{"@id":"https:\/\/sintramem-sv.org.br\/sintramem\/#website"},"primaryImageOfPage":{"@id":"https:\/\/sintramem-sv.org.br\/sintramem\/7a-festa-da-tainha-lota-o-sintramem-e-proporciona-noite-inesquecivel-aos-servidores\/#primaryimage"},"image":{"@id":"https:\/\/sintramem-sv.org.br\/sintramem\/7a-festa-da-tainha-lota-o-sintramem-e-proporciona-noite-inesquecivel-aos-servidores\/#primaryimage"},"thumbnailUrl":"https:\/\/sintramem-sv.org.br\/sintramem\/wp-content\/uploads\/2026\/08\/destacada-tainha.jpg","datePublished":"2026-08-31T15:30:05+00:00","dateModified":"2026-08-31T18:04:03+00:00","breadcrumb":{"@id":"https:\/\/sintramem-sv.org.br\/sintramem\/7a-festa-da-tainha-lota-o-sintramem-e-proporciona-noite-inesquecivel-aos-servidores\/#breadcrumb"},"inLanguage":"pt-BR","potentialAction":[{"@type":"ReadAction","target":["https:\/\/sintramem-sv.org.br\/sintramem\/7a-festa-da-tainha-lota-o-sintramem-e-proporciona-noite-inesquecivel-aos-servidores\/"]}]},{"@type":"ImageObject","inLanguage":"pt-BR","@id":"https:\/\/sintramem-sv.org.br\/sintramem\/7a-festa-da-tainha-lota-o-sintramem-e-proporciona-noite-inesquecivel-aos-servidores\/#primaryimage","url":"https:\/\/sintramem-sv.org.br\/sintramem\/wp-content\/uploads\/2026\/08\/destacada-tainha.jpg","contentUrl":"https:\/\/sintramem-sv.org.br\/sintramem\/wp-content\/uploads\/2026\/08\/destacada-tainha.jpg","width":2000,"height":1113},{"@type":"BreadcrumbList","@id":"https:\/\/sintramem-sv.org.br\/sintramem\/7a-festa-da-tainha-lota-o-sintramem-e-proporciona-noite-inesquecivel-aos-servidores\/#breadcrumb","itemListElement":[{"@type":"ListItem","position":1,"name":"In\u00edcio","item":"https:\/\/sintramem-sv.org.br\/sintramem\/"},{"@type":"ListItem","position":2,"name":"7\u00aa Festa da Tainha lota o SINTRAMEM e proporciona noite inesquec\u00edvel aos Servidores"}]},{"@type":"WebSite","@id":"https:\/\/sintramem-sv.org.br\/sintramem\/#website","url":"https:\/\/sintramem-sv.org.br\/sintramem\/","name":"SINTRAMEM","description":"Sindicato dos Trabalhadores no Magist\u00e9rio e na Educa\u00e7\u00e3o de S\u00e3o Vicente","publisher":{"@id":"https:\/\/sintramem-sv.org.br\/sintramem\/#organization"},"potentialAction":[{"@type":"SearchAction","target":{"@type":"EntryPoint","urlTemplate":"https:\/\/sintramem-sv.org.br\/sintramem\/?s={search_term_string}"},"query-input":{"@type":"PropertyValueSpecification","valueRequired":true,"valueName":"search_term_string"}}],"inLanguage":"pt-BR"},{"@type":"Organization","@id":"https:\/\/sintramem-sv.org.br\/sintramem\/#organization","name":"SINTRAMEM","url":"https:\/\/sintramem-sv.org.br\/sintramem\/","logo":{"@type":"ImageObject","inLanguage":"pt-BR","@id":"https:\/\/sintramem-sv.org.br\/sintramem\/#\/schema\/logo\/image\/","url":"https:\/\/sintramem-sv.org.br\/sintramem\/wp-content\/uploads\/2017\/02\/SINTRAMEM-LOGO-OFICIAL-300x100-jpg.jpg","contentUrl":"https:\/\/sintramem-sv.org.br\/sintramem\/wp-content\/uploads\/2017\/02\/SINTRAMEM-LOGO-OFICIAL-300x100-jpg.jpg","width":150,"height":150,"caption":"SINTRAMEM"},"image":{"@id":"https:\/\/sintramem-sv.org.br\/sintramem\/#\/schema\/logo\/image\/"}},{"@type":"Person","@id":"https:\/\/sintramem-sv.org.br\/sintramem\/#\/schema\/person\/a8decb8ea63607d1e01e046c95ddcf2b","name":"sintramem","image":{"@type":"ImageObject","inLanguage":"pt-BR","@id":"https:\/\/secure.gravatar.com\/avatar\/8e06da3b0d4f051010117c848b52b9280a4228043717057ccccccc8b20ff8f48?s=96&d=mm&r=g","url":"https:\/\/secure.gravatar.com\/avatar\/8e06da3b0d4f051010117c848b52b9280a4228043717057ccccccc8b20ff8f48?s=96&d=mm&r=g","contentUrl":"https:\/\/secure.gravatar.com\/avatar\/8e06da3b0d4f051010117c848b52b9280a4228043717057ccccccc8b20ff8f48?s=96&d=mm&r=g","caption":"sintramem"},"description":"Sindicato dos Trabalhadores no Magist\u00e9rio e na Educa\u00e7\u00e3o Municipal de S\u00e3o Vicente","url":"https:\/\/sintramem-sv.org.br\/sintramem\/author\/sindsv\/"}]}},"_links":{"self":[{"href":"https:\/\/sintramem-sv.org.br\/sintramem\/wp-json\/wp\/v2\/posts\/10683","targetHints":{"allow":["GET"]}}],"collection":[{"href":"https:\/\/sintramem-sv.org.br\/sintramem\/wp-json\/wp\/v2\/posts"}],"about":[{"href":"https:\/\/sintramem-sv.org.br\/sintramem\/wp-json\/wp\/v2\/types\/post"}],"author":[{"embeddable":true,"href":"https:\/\/sintramem-sv.org.br\/sintramem\/wp-json\/wp\/v2\/users\/1"}],"replies":[{"embeddable":true,"href":"https:\/\/sintramem-sv.org.br\/sintramem\/wp-json\/wp\/v2\/comments?post=10683"}],"version-history":[{"count":5,"href":"https:\/\/sintramem-sv.org.br\/sintramem\/wp-json\/wp\/v2\/posts\/10683\/revisions"}],"predecessor-version":[{"id":10712,"href":"https:\/\/sintramem-sv.org.br\/sintramem\/wp-json\/wp\/v2\/posts\/10683\/revisions\/10712"}],"wp:featuredmedia":[{"embeddable":true,"href":"https:\/\/sintramem-sv.org.br\/sintramem\/wp-json\/wp\/v2\/media\/10685"}],"wp:attachment":[{"href":"https:\/\/sintramem-sv.org.br\/sintramem\/wp-json\/wp\/v2\/media?parent=10683"}],"wp:term":[{"taxonomy":"category","embeddable":true,"href":"https:\/\/sintramem-sv.org.br\/sintramem\/wp-json\/wp\/v2\/categories?post=10683"},{"taxonomy":"post_tag","embeddable":true,"href":"https:\/\/sintramem-sv.org.br\/sintramem\/wp-json\/wp\/v2\/tags?post=10683"}],"curies":[{"name":"wp","href":"https:\/\/api.w.org\/{rel}","templated":true}]}}